{"id":2085575,"date":"2026-08-05T11:17:00","date_gmt":"2026-08-05T08:17:00","guid":{"rendered":"https:\/\/analyse.optim.biz\/?p=2085575"},"modified":"2026-08-05T11:17:00","modified_gmt":"2026-08-05T08:17:00","slug":"rasturnare-de-situatie-dupa-o-tamponare-in-suceava-un-sofer-a-ajuns-la-urgente-la-24-de-ore-dupa-ce-a-fost-tamponat-de-o-tanara-neatenta","status":"publish","type":"post","link":"https:\/\/analyse.optim.biz\/?p=2085575","title":{"rendered":"R\u0103sturnare de situa\u021bie dup\u0103 o tamponare \u00een Suceava! Un \u0219ofer a ajuns la Urgen\u021be la 24 de ore dup\u0103 ce a fost tamponat de o t\u00e2n\u0103r\u0103 neatent\u0103"},"content":{"rendered":"<p>[analyse_image type=&#8221;featured&#8221; src=&#8221;https:\/\/blogger.googleusercontent.com\/img\/b\/R29vZ2xl\/AVvXsEjtVgETql7CY-lj0Jz-h0wJK_zoQhuPu_jNIVrXw-im8-XDjJ5nXbo51U3cmo9LqTR-45rkE6OKAH772_Iqscht6l-TmMYGyB_2TEfu6ApH4XBQm0LnPSriVQ8Ix8qnfSquJKMNqbnqCCP60meNfjfazPLk_e5iSZDS7YsXOAIsQ-bG6RkBmVZZbfKN\/w1600\/smurd.jpg&#8221;]<\/p>\n<div class=\"post-body entry-content\" id=\"post-body\">\n<div class=\"separator\"><a href=\"https:\/\/blogger.googleusercontent.com\/img\/b\/R29vZ2xl\/AVvXsEjtVgETql7CY-lj0Jz-h0wJK_zoQhuPu_jNIVrXw-im8-XDjJ5nXbo51U3cmo9LqTR-45rkE6OKAH772_Iqscht6l-TmMYGyB_2TEfu6ApH4XBQm0LnPSriVQ8Ix8qnfSquJKMNqbnqCCP60meNfjfazPLk_e5iSZDS7YsXOAIsQ-bG6RkBmVZZbfKN\/w1200-h675-p-k-no-nu\/smurd.jpg\"><img decoding=\"async\" alt=\"R\u0103sturnare de situa\u021bie dup\u0103 o tamponare \u00een Suceava! Un \u0219ofer a ajuns la Urgen\u021be la 24 de ore dup\u0103 ce a fost tamponat de o t\u00e2n\u0103r\u0103 neatent\u0103\" border=\"0\" height=\"335\" loading=\"lazy\" src=\"https:\/\/blogger.googleusercontent.com\/img\/b\/R29vZ2xl\/AVvXsEjtVgETql7CY-lj0Jz-h0wJK_zoQhuPu_jNIVrXw-im8-XDjJ5nXbo51U3cmo9LqTR-45rkE6OKAH772_Iqscht6l-TmMYGyB_2TEfu6ApH4XBQm0LnPSriVQ8Ix8qnfSquJKMNqbnqCCP60meNfjfazPLk_e5iSZDS7YsXOAIsQ-bG6RkBmVZZbfKN\/w640-h335-rw\/smurd.jpg\" title=\"R\u0103sturnare de situa\u021bie dup\u0103 o tamponare \u00een Suceava! Un \u0219ofer a ajuns la Urgen\u021be la 24 de ore dup\u0103 ce a fost tamponat de o t\u00e2n\u0103r\u0103 neatent\u0103\" width=\"640\"><\/a><\/div>\n<p><strong>Un eveniment rutier considerat ini\u021bial o simpl\u0103 tamponare cu pagube materiale s-a transformat a doua zi \u00eentr-un dosar penal. Un b\u0103rbat implicat \u00een coliziune s-a prezentat la spital la 24 de ore de la impact, acuz\u00e2nd leziuni fizice, ceea ce a schimbat radical \u00eencadrarea juridic\u0103 a faptei.<\/strong><\/p>\n<p>Conform cercet\u0103rilor efectuate de Poli\u021bia Municipiului Suceava, accidentul s-a produs luni, 3 august 2026, \u00een jurul orei 16:00. Larisa D., \u00een v\u00e2rst\u0103 de 24 de ani, din comuna Ili\u0219e\u0219ti, conducea un autoturism marca Peugeot pe strada Ion Irimescu din municipiu, av\u00e2nd direc\u021bia de deplasare dinspre VO2P c\u0103tre Bulevardul 1 Decembrie 1918.<\/p>\n<p>Pe fondul neaten\u021biei \u0219i al nep\u0103str\u0103rii unei distan\u021be suficiente fa\u021b\u0103 de vehiculul care circula \u00een fa\u021ba sa, t\u00e2n\u0103ra a intrat \u00een coliziune fa\u021b\u0103-spate cu un autoturism marca Hyundai. Acesta era condus regulamentar de Vasile U., \u00een v\u00e2rst\u0103 de 62 de ani. Imediat dup\u0103 impact, incidentul a fost tratat ca o simpl\u0103 tamponare soldat\u0103 exclusiv cu daune materiale.<\/p>\n<h2>Prezentare la unitatea medical\u0103 la o zi distan\u021b\u0103 de la coliziune<\/h2>\n<p>Situa\u021bia s-a complicat mar\u021bi, 4 august 2026. \u00cen jurul orei 12:00, autorit\u0103\u021bile au fost sesizate de reprezentan\u021bii Spitalului Jude\u021bean de Urgen\u021b\u0103 Suceava cu privire la faptul c\u0103 la unitatea medical\u0103 s-a prezentat Vasile U. B\u0103rbatul de 62 de ani le-a declarat cadrelor medicale \u0219i poli\u021bi\u0219tilor c\u0103 acuz\u0103 dureri \u0219i leziuni u\u0219oare, consecin\u021b\u0103 a evenimentului rutier din ziua precedent\u0103.<\/p>\n<p>Ca urmare a prezent\u0103rii la spital \u0219i a acuza\u021biilor medicale, procedurile legale s-au modificat. Lucr\u0103torii de poli\u021bie au deschis un dosar de cercetare penal\u0103 pentru a stabili cu exactitate circumstan\u021bele \u00een care s-a produs coliziunea, ancheta desf\u0103\u0219ur\u00e2ndu-se acum sub aspectul s\u0103v\u00e2r\u0219irii infrac\u021biunii de <strong>\u201ev\u0103t\u0103mare corporal\u0103 din culp\u0103\u201d<\/strong>.<\/p>\n<\/div>\n<div class=\"post-body entry-content\" id=\"post-body\">\n<div class=\"separator\"><a href=\"https:\/\/blogger.googleusercontent.com\/img\/b\/R29vZ2xl\/AVvXsEjtVgETql7CY-lj0Jz-h0wJK_zoQhuPu_jNIVrXw-im8-XDjJ5nXbo51U3cmo9LqTR-45rkE6OKAH772_Iqscht6l-TmMYGyB_2TEfu6ApH4XBQm0LnPSriVQ8Ix8qnfSquJKMNqbnqCCP60meNfjfazPLk_e5iSZDS7YsXOAIsQ-bG6RkBmVZZbfKN\/w1200-h675-p-k-no-nu\/smurd.jpg\"><img decoding=\"async\" alt=\"R\u0103sturnare de situa\u021bie dup\u0103 o tamponare \u00een Suceava! Un \u0219ofer a ajuns la Urgen\u021be la 24 de ore dup\u0103 ce a fost tamponat de o t\u00e2n\u0103r\u0103 neatent\u0103\" border=\"0\" height=\"335\" loading=\"lazy\" src=\"https:\/\/blogger.googleusercontent.com\/img\/b\/R29vZ2xl\/AVvXsEjtVgETql7CY-lj0Jz-h0wJK_zoQhuPu_jNIVrXw-im8-XDjJ5nXbo51U3cmo9LqTR-45rkE6OKAH772_Iqscht6l-TmMYGyB_2TEfu6ApH4XBQm0LnPSriVQ8Ix8qnfSquJKMNqbnqCCP60meNfjfazPLk_e5iSZDS7YsXOAIsQ-bG6RkBmVZZbfKN\/w640-h335-rw\/smurd.jpg\" title=\"R\u0103sturnare de situa\u021bie dup\u0103 o tamponare \u00een Suceava! Un \u0219ofer a ajuns la Urgen\u021be la 24 de ore dup\u0103 ce a fost tamponat de o t\u00e2n\u0103r\u0103 neatent\u0103\" width=\"640\"><\/a><\/div>\n<p><strong>Un eveniment rutier considerat ini\u021bial o simpl\u0103 tamponare cu pagube materiale s-a transformat a doua zi \u00eentr-un dosar penal. Un b\u0103rbat implicat \u00een coliziune s-a prezentat la spital la 24 de ore de la impact, acuz\u00e2nd leziuni fizice, ceea ce a schimbat radical \u00eencadrarea juridic\u0103 a faptei.<\/strong><\/p>\n<p>Conform cercet\u0103rilor efectuate de Poli\u021bia Municipiului Suceava, accidentul s-a produs luni, 3 august 2026, \u00een jurul orei 16:00. Larisa D., \u00een v\u00e2rst\u0103 de 24 de ani, din comuna Ili\u0219e\u0219ti, conducea un autoturism marca Peugeot pe strada Ion Irimescu din municipiu, av\u00e2nd direc\u021bia de deplasare dinspre VO2P c\u0103tre Bulevardul 1 Decembrie 1918.<\/p>\n<p>Pe fondul neaten\u021biei \u0219i al nep\u0103str\u0103rii unei distan\u021be suficiente fa\u021b\u0103 de vehiculul care circula \u00een fa\u021ba sa, t\u00e2n\u0103ra a intrat \u00een coliziune fa\u021b\u0103-spate cu un autoturism marca Hyundai. Acesta era condus regulamentar de Vasile U., \u00een v\u00e2rst\u0103 de 62 de ani. Imediat dup\u0103 impact, incidentul a fost tratat ca o simpl\u0103 tamponare soldat\u0103 exclusiv cu daune materiale.<\/p>\n<h2>Prezentare la unitatea medical\u0103 la o zi distan\u021b\u0103 de la coliziune<\/h2>\n<p>Situa\u021bia s-a complicat mar\u021bi, 4 august 2026. \u00cen jurul orei 12:00, autorit\u0103\u021bile au fost sesizate de reprezentan\u021bii Spitalului Jude\u021bean de Urgen\u021b\u0103 Suceava cu privire la faptul c\u0103 la unitatea medical\u0103 s-a prezentat Vasile U. B\u0103rbatul de 62 de ani le-a declarat cadrelor medicale \u0219i poli\u021bi\u0219tilor c\u0103 acuz\u0103 dureri \u0219i leziuni u\u0219oare, consecin\u021b\u0103 a evenimentului rutier din ziua precedent\u0103.<\/p>\n<p>Ca urmare a prezent\u0103rii la spital \u0219i a acuza\u021biilor medicale, procedurile legale s-au modificat. Lucr\u0103torii de poli\u021bie au deschis un dosar de cercetare penal\u0103 pentru a stabili cu exactitate circumstan\u021bele \u00een care s-a produs coliziunea, ancheta desf\u0103\u0219ur\u00e2ndu-se acum sub aspectul s\u0103v\u00e2r\u0219irii infrac\u021biunii de <strong>\u201ev\u0103t\u0103mare corporal\u0103 din culp\u0103\u201d<\/strong>.<\/p>\n<\/div>\n<p>[analyse_source url=&#8221;https:\/\/www.stirisuceava.net\/2026\/08\/rasturnare-de-situatie-dupa-o-tamponare.html&#8221;]<\/p>\n","protected":false},"excerpt":{"rendered":"<p>[analyse_image type=&#8221;featured&#8221; src=&#8221;https:\/\/blogger.googleusercontent.com\/img\/b\/R29vZ2xl\/AVvXsEjtVgETql7CY-lj0Jz-h0wJK_zoQhuPu_jNIVrXw-im8-XDjJ5nXbo51U3cmo9LqTR-45rkE6OKAH772_Iqscht6l-TmMYGyB_2TEfu6ApH4XBQm0LnPSriVQ8Ix8qnfSquJKMNqbnqCCP60meNfjfazPLk_e5iSZDS7YsXOAIsQ-bG6RkBmVZZbfKN\/w1600\/smurd.jpg&#8221;] Un eveniment rutier considerat ini\u021bial o simpl\u0103 tamponare cu pagube materiale s-a transformat a doua zi \u00eentr-un dosar penal. Un b\u0103rbat implicat \u00een coliziune s-a prezentat la spital la 24 de ore de la impact, acuz\u00e2nd leziuni fizice, ceea ce a schimbat radical \u00eencadrarea juridic\u0103 a faptei. Conform cercet\u0103rilor efectuate de Poli\u021bia [&hellip;]<\/p>\n","protected":false},"author":1,"featured_media":0,"comment_status":"open","ping_status":"","sticky":false,"template":"","format":"standard","meta":{"footnotes":""},"categories":[89],"tags":[226,172],"class_list":["post-2085575","post","type-post","status-publish","format-standard","hentry","category-romania","tag-crawlmanager","tag-stirisuceava-net"],"_links":{"self":[{"href":"https:\/\/analyse.optim.biz\/index.php?rest_route=\/wp\/v2\/posts\/2085575","targetHints":{"allow":["GET"]}}],"collection":[{"href":"https:\/\/analyse.optim.biz\/index.php?rest_route=\/wp\/v2\/posts"}],"about":[{"href":"https:\/\/analyse.optim.biz\/index.php?rest_route=\/wp\/v2\/types\/post"}],"author":[{"embeddable":true,"href":"https:\/\/analyse.optim.biz\/index.php?rest_route=\/wp\/v2\/users\/1"}],"replies":[{"embeddable":true,"href":"https:\/\/analyse.optim.biz\/index.php?rest_route=%2Fwp%2Fv2%2Fcomments&post=2085575"}],"version-history":[{"count":0,"href":"https:\/\/analyse.optim.biz\/index.php?rest_route=\/wp\/v2\/posts\/2085575\/revisions"}],"wp:attachment":[{"href":"https:\/\/analyse.optim.biz\/index.php?rest_route=%2Fwp%2Fv2%2Fmedia&parent=2085575"}],"wp:term":[{"taxonomy":"category","embeddable":true,"href":"https:\/\/analyse.optim.biz\/index.php?rest_route=%2Fwp%2Fv2%2Fcategories&post=2085575"},{"taxonomy":"post_tag","embeddable":true,"href":"https:\/\/analyse.optim.biz\/index.php?rest_route=%2Fwp%2Fv2%2Ftags&post=2085575"}],"curies":[{"name":"wp","href":"https:\/\/api.w.org\/{rel}","templated":true}]}}