{"id":2085566,"date":"2026-08-04T07:39:00","date_gmt":"2026-08-04T04:39:00","guid":{"rendered":"https:\/\/analyse.optim.biz\/?p=2085566"},"modified":"2026-08-04T07:39:00","modified_gmt":"2026-08-04T04:39:00","slug":"camion-confiscat-la-vicovu-de-sus-pentru-abandon-de-deseuri-in-albia-raului-suceava","status":"publish","type":"post","link":"https:\/\/analyse.optim.biz\/?p=2085566","title":{"rendered":"Camion confiscat la Vicovu de Sus pentru abandon de de\u0219euri \u00een albia r\u00e2ului Suceava"},"content":{"rendered":"<p>[analyse_image type=&#8221;featured&#8221; src=&#8221;https:\/\/blogger.googleusercontent.com\/img\/b\/R29vZ2xl\/AVvXsEhsVJ46B-OSHLtwwQzOz7FsqqHH_f9rC1NAEW8LRNEt4Lc6FdiLpb4Q7jE0Uz9SpFinqHOycqGDYRncqNCxiVuxl_hAR_0MLVkJqkthFKkjcaWRgaS_JHLfpPLSufXOCvit-hxAIjxcigodbggvffMH_HCSaHPZTtcwsTrc0JRYUjhAIzdaxBBznr3uNrA\/w1600\/camion-confiscat.jpg&#8221;]<\/p>\n<div class=\"post-body entry-content\" id=\"post-body\">\n<div class=\"separator\"><a href=\"https:\/\/blogger.googleusercontent.com\/img\/b\/R29vZ2xl\/AVvXsEhsVJ46B-OSHLtwwQzOz7FsqqHH_f9rC1NAEW8LRNEt4Lc6FdiLpb4Q7jE0Uz9SpFinqHOycqGDYRncqNCxiVuxl_hAR_0MLVkJqkthFKkjcaWRgaS_JHLfpPLSufXOCvit-hxAIjxcigodbggvffMH_HCSaHPZTtcwsTrc0JRYUjhAIzdaxBBznr3uNrA\/s1200\/camion-confiscat.jpg\"><img decoding=\"async\" alt=\"Camion confiscat la Vicovu de Sus pentru abandon de de\u0219euri \u00een albia r\u00e2ului Suceava\" border=\"0\" height=\"335\" loading=\"lazy\" src=\"https:\/\/blogger.googleusercontent.com\/img\/b\/R29vZ2xl\/AVvXsEhsVJ46B-OSHLtwwQzOz7FsqqHH_f9rC1NAEW8LRNEt4Lc6FdiLpb4Q7jE0Uz9SpFinqHOycqGDYRncqNCxiVuxl_hAR_0MLVkJqkthFKkjcaWRgaS_JHLfpPLSufXOCvit-hxAIjxcigodbggvffMH_HCSaHPZTtcwsTrc0JRYUjhAIzdaxBBznr3uNrA\/w640-h335-rw\/camion-confiscat.jpg\" title=\"Camion confiscat la Vicovu de Sus pentru abandon de de\u0219euri \u00een albia r\u00e2ului Suceava\" width=\"640\"><\/a><\/div>\n<p><strong>Un b\u0103rbat din Vicovu de Sus a primit o lec\u021bie ustur\u0103toare din partea autorit\u0103\u021bilor, dup\u0103 ce a crezut c\u0103 poate transforma domeniul public \u00een propria groap\u0103 de gunoi. Acesta a abandonat de\u0219euri provenite din construc\u021bii \u00een apropierea pie\u021bei agroalimentare din localitate, fapt\u0103 care, pe l\u00e2ng\u0103 amend\u0103, l-a l\u0103sat f\u0103r\u0103 autoutilitara \u00een valoare de zeci de mii de euro.<\/strong><\/p>\n<p>Cazul a intrat \u00een aten\u021bia lucr\u0103torilor din cadrul Poli\u021biei ora\u0219ului Vicovu de Sus miercuri, 29 iulie 2026. Oamenii legii au ob\u021binut date \u0219i informa\u021bii clare referitoare la faptul c\u0103, \u00een ziua precedent\u0103, o persoan\u0103 necunoscut\u0103 a desc\u0103rcat ilegal dintr-o autoutilitar\u0103 o cantitate semnificativ\u0103 de resturi provenite din materiale de construc\u021bii.<\/p>\n<p>\u00cen urma verific\u0103rilor specifice efectuate pe teren, poli\u021bi\u0219tii au reu\u0219it s\u0103 refac\u0103 rapid traseul contravenientului. S-a constatat c\u0103 la data de 28 iulie 2026, \u00een jurul orei 16:00, Dumitru Mandici, un localnic \u00een v\u00e2rst\u0103 de 36 de ani, s-a deplasat \u00een zona pie\u021bei agroalimentare cu o autoutilitar\u0103 Scania. Acesta a abandonat pe un teren din zon\u0103 buc\u0103\u021bile de beton \u0219i alte resturi de construc\u021bii pe care le transporta.<\/p>\n<h3>Camion de 20.000 de euro, confiscat conform legii<\/h3>\n<p>Av\u00e2nd \u00een vedere gravitatea faptei \u0219i impactul asupra mediului \u00eenconjur\u0103tor, autorit\u0103\u021bile au aplicat m\u0103suri drastice. B\u0103rbatul a fost sanc\u021bionat contraven\u021bional conform prevederilor art. 62 alin. 1 lit. b din O.U.G. 92\/2021 privind regimul de\u0219eurilor.<\/p>\n<p>Mai mult, \u00een temeiul art. 64 alin. 1 din acela\u0219i act normativ, poli\u021bi\u0219tii au dispus confiscarea autoutilitarei marca Scania folosite la s\u0103v\u00e2r\u0219irea faptei, vehicul a c\u0103rui valoare de pia\u021b\u0103 este estimat\u0103 la aproximativ <strong>20.000 de euro<\/strong>. Camionul a fost imediat indisponibilizat \u0219i transportat \u00een siguran\u021b\u0103 la centrul special amenajat al IPJ Suceava din comuna Stroie\u0219ti.<\/p>\n<p>Pe l\u00e2ng\u0103 pierderea vehiculului, b\u0103rbatul s-a ales \u0219i cu o sanc\u021biune complementar\u0103 ferm\u0103, prev\u0103zut\u0103 de art. 63 din O.U.G. 92\/2021. Acesta a fost obligat s\u0103 ridice pe cheltuiala sa toate de\u0219eurile depozitate ilegal \u0219i s\u0103 cure\u021be terenul, aduc\u00e2ndu-l la starea ini\u021bial\u0103, conform legisla\u021biei \u00een vigoare.<\/p>\n<\/div>\n<div class=\"post-body entry-content\" id=\"post-body\">\n<div class=\"separator\"><a href=\"https:\/\/blogger.googleusercontent.com\/img\/b\/R29vZ2xl\/AVvXsEhsVJ46B-OSHLtwwQzOz7FsqqHH_f9rC1NAEW8LRNEt4Lc6FdiLpb4Q7jE0Uz9SpFinqHOycqGDYRncqNCxiVuxl_hAR_0MLVkJqkthFKkjcaWRgaS_JHLfpPLSufXOCvit-hxAIjxcigodbggvffMH_HCSaHPZTtcwsTrc0JRYUjhAIzdaxBBznr3uNrA\/s1200\/camion-confiscat.jpg\"><img decoding=\"async\" alt=\"Camion confiscat la Vicovu de Sus pentru abandon de de\u0219euri \u00een albia r\u00e2ului Suceava\" border=\"0\" height=\"335\" loading=\"lazy\" src=\"https:\/\/blogger.googleusercontent.com\/img\/b\/R29vZ2xl\/AVvXsEhsVJ46B-OSHLtwwQzOz7FsqqHH_f9rC1NAEW8LRNEt4Lc6FdiLpb4Q7jE0Uz9SpFinqHOycqGDYRncqNCxiVuxl_hAR_0MLVkJqkthFKkjcaWRgaS_JHLfpPLSufXOCvit-hxAIjxcigodbggvffMH_HCSaHPZTtcwsTrc0JRYUjhAIzdaxBBznr3uNrA\/w640-h335-rw\/camion-confiscat.jpg\" title=\"Camion confiscat la Vicovu de Sus pentru abandon de de\u0219euri \u00een albia r\u00e2ului Suceava\" width=\"640\"><\/a><\/div>\n<p><strong>Un b\u0103rbat din Vicovu de Sus a primit o lec\u021bie ustur\u0103toare din partea autorit\u0103\u021bilor, dup\u0103 ce a crezut c\u0103 poate transforma domeniul public \u00een propria groap\u0103 de gunoi. Acesta a abandonat de\u0219euri provenite din construc\u021bii \u00een apropierea pie\u021bei agroalimentare din localitate, fapt\u0103 care, pe l\u00e2ng\u0103 amend\u0103, l-a l\u0103sat f\u0103r\u0103 autoutilitara \u00een valoare de zeci de mii de euro.<\/strong><\/p>\n<p>Cazul a intrat \u00een aten\u021bia lucr\u0103torilor din cadrul Poli\u021biei ora\u0219ului Vicovu de Sus miercuri, 29 iulie 2026. Oamenii legii au ob\u021binut date \u0219i informa\u021bii clare referitoare la faptul c\u0103, \u00een ziua precedent\u0103, o persoan\u0103 necunoscut\u0103 a desc\u0103rcat ilegal dintr-o autoutilitar\u0103 o cantitate semnificativ\u0103 de resturi provenite din materiale de construc\u021bii.<\/p>\n<p>\u00cen urma verific\u0103rilor specifice efectuate pe teren, poli\u021bi\u0219tii au reu\u0219it s\u0103 refac\u0103 rapid traseul contravenientului. S-a constatat c\u0103 la data de 28 iulie 2026, \u00een jurul orei 16:00, Dumitru Mandici, un localnic \u00een v\u00e2rst\u0103 de 36 de ani, s-a deplasat \u00een zona pie\u021bei agroalimentare cu o autoutilitar\u0103 Scania. Acesta a abandonat pe un teren din zon\u0103 buc\u0103\u021bile de beton \u0219i alte resturi de construc\u021bii pe care le transporta.<\/p>\n<h3>Camion de 20.000 de euro, confiscat conform legii<\/h3>\n<p>Av\u00e2nd \u00een vedere gravitatea faptei \u0219i impactul asupra mediului \u00eenconjur\u0103tor, autorit\u0103\u021bile au aplicat m\u0103suri drastice. B\u0103rbatul a fost sanc\u021bionat contraven\u021bional conform prevederilor art. 62 alin. 1 lit. b din O.U.G. 92\/2021 privind regimul de\u0219eurilor.<\/p>\n<p>Mai mult, \u00een temeiul art. 64 alin. 1 din acela\u0219i act normativ, poli\u021bi\u0219tii au dispus confiscarea autoutilitarei marca Scania folosite la s\u0103v\u00e2r\u0219irea faptei, vehicul a c\u0103rui valoare de pia\u021b\u0103 este estimat\u0103 la aproximativ <strong>20.000 de euro<\/strong>. Camionul a fost imediat indisponibilizat \u0219i transportat \u00een siguran\u021b\u0103 la centrul special amenajat al IPJ Suceava din comuna Stroie\u0219ti.<\/p>\n<p>Pe l\u00e2ng\u0103 pierderea vehiculului, b\u0103rbatul s-a ales \u0219i cu o sanc\u021biune complementar\u0103 ferm\u0103, prev\u0103zut\u0103 de art. 63 din O.U.G. 92\/2021. Acesta a fost obligat s\u0103 ridice pe cheltuiala sa toate de\u0219eurile depozitate ilegal \u0219i s\u0103 cure\u021be terenul, aduc\u00e2ndu-l la starea ini\u021bial\u0103, conform legisla\u021biei \u00een vigoare.<\/p>\n<\/div>\n<p>[analyse_source url=&#8221;https:\/\/www.stirisuceava.net\/2026\/08\/camion-confiscat-la-vicovu-de-sus.html&#8221;]<\/p>\n","protected":false},"excerpt":{"rendered":"<p>[analyse_image type=&#8221;featured&#8221; src=&#8221;https:\/\/blogger.googleusercontent.com\/img\/b\/R29vZ2xl\/AVvXsEhsVJ46B-OSHLtwwQzOz7FsqqHH_f9rC1NAEW8LRNEt4Lc6FdiLpb4Q7jE0Uz9SpFinqHOycqGDYRncqNCxiVuxl_hAR_0MLVkJqkthFKkjcaWRgaS_JHLfpPLSufXOCvit-hxAIjxcigodbggvffMH_HCSaHPZTtcwsTrc0JRYUjhAIzdaxBBznr3uNrA\/w1600\/camion-confiscat.jpg&#8221;] Un b\u0103rbat din Vicovu de Sus a primit o lec\u021bie ustur\u0103toare din partea autorit\u0103\u021bilor, dup\u0103 ce a crezut c\u0103 poate transforma domeniul public \u00een propria groap\u0103 de gunoi. Acesta a abandonat de\u0219euri provenite din construc\u021bii \u00een apropierea pie\u021bei agroalimentare din localitate, fapt\u0103 care, pe l\u00e2ng\u0103 amend\u0103, l-a l\u0103sat f\u0103r\u0103 autoutilitara \u00een valoare [&hellip;]<\/p>\n","protected":false},"author":1,"featured_media":0,"comment_status":"open","ping_status":"","sticky":false,"template":"","format":"standard","meta":{"footnotes":""},"categories":[89],"tags":[226,172],"class_list":["post-2085566","post","type-post","status-publish","format-standard","hentry","category-romania","tag-crawlmanager","tag-stirisuceava-net"],"_links":{"self":[{"href":"https:\/\/analyse.optim.biz\/index.php?rest_route=\/wp\/v2\/posts\/2085566","targetHints":{"allow":["GET"]}}],"collection":[{"href":"https:\/\/analyse.optim.biz\/index.php?rest_route=\/wp\/v2\/posts"}],"about":[{"href":"https:\/\/analyse.optim.biz\/index.php?rest_route=\/wp\/v2\/types\/post"}],"author":[{"embeddable":true,"href":"https:\/\/analyse.optim.biz\/index.php?rest_route=\/wp\/v2\/users\/1"}],"replies":[{"embeddable":true,"href":"https:\/\/analyse.optim.biz\/index.php?rest_route=%2Fwp%2Fv2%2Fcomments&post=2085566"}],"version-history":[{"count":0,"href":"https:\/\/analyse.optim.biz\/index.php?rest_route=\/wp\/v2\/posts\/2085566\/revisions"}],"wp:attachment":[{"href":"https:\/\/analyse.optim.biz\/index.php?rest_route=%2Fwp%2Fv2%2Fmedia&parent=2085566"}],"wp:term":[{"taxonomy":"category","embeddable":true,"href":"https:\/\/analyse.optim.biz\/index.php?rest_route=%2Fwp%2Fv2%2Fcategories&post=2085566"},{"taxonomy":"post_tag","embeddable":true,"href":"https:\/\/analyse.optim.biz\/index.php?rest_route=%2Fwp%2Fv2%2Ftags&post=2085566"}],"curies":[{"name":"wp","href":"https:\/\/api.w.org\/{rel}","templated":true}]}}