{"id":2085563,"date":"2026-08-06T12:17:00","date_gmt":"2026-08-06T09:17:00","guid":{"rendered":"https:\/\/analyse.optim.biz\/?p=2085563"},"modified":"2026-08-06T12:17:00","modified_gmt":"2026-08-06T09:17:00","slug":"video-cum-s-a-produs-accidentul-bmw-duba-de-la-cafeneaua-brown-concluzia-politistilor","status":"publish","type":"post","link":"https:\/\/analyse.optim.biz\/?p=2085563","title":{"rendered":"VIDEO Cum s-a produs accidentul BMW-dub\u0103 de la cafeneaua Brown. Concluzia poli\u021bi\u0219tilor"},"content":{"rendered":"<p>[analyse_image type=&#8221;featured&#8221; src=&#8221;https:\/\/blogger.googleusercontent.com\/img\/b\/R29vZ2xl\/AVvXsEjvwgAh6y_7GS0Q6wDK-9ly7heSqscT6fvEgAxwhJPlzffsDoYHUtsiwD9cd9EjBW86Y5ewNLVnjbfMvc682I2oSjQAmvW3pJ1c0PFBBUoiCh7C3K6IXmYhqOwQ-pr7uQpqsimTgAVGmx7C_lH6aCw-yaHL5NkCug0-8TGpWwodScVpgdqs0JxmKV43Emw\/w1600\/accident-brown.jpg&#8221;]<\/p>\n<div class=\"post-body entry-content\" id=\"post-body\">\n<div class=\"separator\"><a href=\"https:\/\/blogger.googleusercontent.com\/img\/b\/R29vZ2xl\/AVvXsEjvwgAh6y_7GS0Q6wDK-9ly7heSqscT6fvEgAxwhJPlzffsDoYHUtsiwD9cd9EjBW86Y5ewNLVnjbfMvc682I2oSjQAmvW3pJ1c0PFBBUoiCh7C3K6IXmYhqOwQ-pr7uQpqsimTgAVGmx7C_lH6aCw-yaHL5NkCug0-8TGpWwodScVpgdqs0JxmKV43Emw\/s1200\/accident-brown.jpg\"><img decoding=\"async\" alt=\"VIDEO Cum s-a produs accidentul BMW-dub\u0103 de la cafeneaua Brown. Concluzia poli\u021bi\u0219tilor\" border=\"0\" height=\"335\" loading=\"lazy\" src=\"https:\/\/blogger.googleusercontent.com\/img\/b\/R29vZ2xl\/AVvXsEjvwgAh6y_7GS0Q6wDK-9ly7heSqscT6fvEgAxwhJPlzffsDoYHUtsiwD9cd9EjBW86Y5ewNLVnjbfMvc682I2oSjQAmvW3pJ1c0PFBBUoiCh7C3K6IXmYhqOwQ-pr7uQpqsimTgAVGmx7C_lH6aCw-yaHL5NkCug0-8TGpWwodScVpgdqs0JxmKV43Emw\/w640-h335-rw\/accident-brown.jpg\" title=\"VIDEO Cum s-a produs accidentul BMW-dub\u0103 de la cafeneaua Brown. Concluzia poli\u021bi\u0219tilor\" width=\"640\"><\/a><\/div>\n<p><strong>Un accident rutier spectaculos, soldat cu o victim\u0103 \u0219i pagube materiale \u00eensemnate, a avut loc mar\u021bi la pr\u00e2nz pe bulevardul Sofia Vicoveanca de la intrarea \u00een municipiul Suceava. O autoutilitar\u0103 aflat\u0103 \u00een dep\u0103\u0219ire a fost proiectat\u0103 \u00een afara carosabilului, distrug\u00e2nd mai multe elemente de infrastructur\u0103 \u0219i un gard.<\/strong><\/p>\n<p>Conform cercet\u0103rilor efectuate de poli\u021bi\u0219tii rutieri, evenimentul a fost \u00eenregistrat la data de 4 august 2026, la ora 12:48. Florin P., \u00een v\u00e2rst\u0103 de 35 de ani, din comuna Bosanci, se deplasa la volanul unui autoturism BMW pe bulevardul Sofia Vicoveanca, circul\u00e2nd din direc\u021bia F\u0103lticeni c\u0103tre Suceava.<\/p>\n<p>\u00cen momentul \u00een care a ajuns \u00een dreptul cafenelei, conduc\u0103torul auto a ini\u021biat o manevr\u0103 de viraj la st\u00e2nga f\u0103r\u0103 a se asigura corespunz\u0103tor. Aceast\u0103 gre\u0219eal\u0103 a dus la coliziunea direct\u0103 cu o autoutilitar\u0103 Ford Transit, condus\u0103 de Emilian P., \u00een v\u00e2rst\u0103 de 21 de ani, din ora\u0219ul Salcea. Autoutilitara avea aceea\u0219i direc\u021bie de deplasare \u0219i se afla deja angajat\u0103 regulamentar \u00eentr-o manevr\u0103 de dep\u0103\u0219ire.<\/p>\n<h2>Indicatoare, borduri \u0219i garduri distruse<\/h2>\n<p>Impactul dintre cele dou\u0103 vehicule a fost unul puternic \u0219i a deviat complet traiectoria dubei. Autoutilitara Ford a fost proiectat\u0103 \u00een afara p\u0103r\u021bii carosabile, unde a pus la p\u0103m\u00e2nt un indicator rutier de limitare a vitezei (5 km\/h) \u0219i a distrus mai multe borduri apar\u021bin\u00e2nd cafenelei Brown Coffee din zon\u0103.<\/p>\n<p>Cursa necontrolat\u0103 a autoutilitarei s-a oprit abia dup\u0103 ce a pus la p\u0103m\u00e2nt un gard din plas\u0103 metalic\u0103 \u0219i a lovit un alt autoturism, care se afla parcat \u00een curtea societ\u0103\u021bii Global Sales Consulting.<\/p>\n<h2>Pasager ajuns la Urgen\u021be<\/h2>\n<p>\u00cen urma evenimentului rutier, pasagerul aflat pe scaunul din dreapta fa\u021b\u0103 al autoutilitarei Ford Transit a suferit leziuni. Acesta a fost preluat de un echipaj de ambulan\u021b\u0103 \u0219i transportat de urgen\u021b\u0103 la Spitalul Jude\u021bean Suceava. \u00cen urma evalu\u0103rii medicale, medicii i-au stabilit diagnosticul de traumatism cranio-cerebral (TCC), hematom parietal st\u00e2ng \u0219i cefalee occipital\u0103.<\/p>\n<p>Poli\u021bi\u0219tii ajun\u0219i la fa\u021ba locului au procedat la testarea ambilor conduc\u0103tori auto cu aparatul etilometru, rezultatele indicate fiind negative (0,00 mg\/l alcool pur \u00een aerul expirat). <\/p>\n<p>\u00cen acest caz, a fost \u00eentocmit un dosar de cercetare penal\u0103 pentru a stabili cu exactitate toate circumstan\u021bele producerii accidentului, ancheta desf\u0103\u0219ur\u00e2ndu-se sub aspectul s\u0103v\u00e2r\u0219irii infrac\u021biunii de <strong>\u201ev\u0103t\u0103mare corporal\u0103 din culp\u0103\u201d<\/strong>.<\/p>\n<p><b><span><\/p>\n<p>VIDEO:<\/span><\/b><\/p>\n<div><\/div>\n<div><iframe loading=\"lazy\" allow=\"accelerometer; autoplay; clipboard-write; encrypted-media; gyroscope; picture-in-picture; web-share\" allowfullscreen frameborder height=\"560\" src=\"https:\/\/www.youtube.com\/embed\/0kcE2En16ZM\" title=\"YouTube video player\" width=\"315\"><\/iframe><\/div>\n<\/div>\n<div class=\"post-body entry-content\" id=\"post-body\">\n<div class=\"separator\"><a href=\"https:\/\/blogger.googleusercontent.com\/img\/b\/R29vZ2xl\/AVvXsEjvwgAh6y_7GS0Q6wDK-9ly7heSqscT6fvEgAxwhJPlzffsDoYHUtsiwD9cd9EjBW86Y5ewNLVnjbfMvc682I2oSjQAmvW3pJ1c0PFBBUoiCh7C3K6IXmYhqOwQ-pr7uQpqsimTgAVGmx7C_lH6aCw-yaHL5NkCug0-8TGpWwodScVpgdqs0JxmKV43Emw\/s1200\/accident-brown.jpg\"><img decoding=\"async\" alt=\"VIDEO Cum s-a produs accidentul BMW-dub\u0103 de la cafeneaua Brown. Concluzia poli\u021bi\u0219tilor\" border=\"0\" height=\"335\" loading=\"lazy\" src=\"https:\/\/blogger.googleusercontent.com\/img\/b\/R29vZ2xl\/AVvXsEjvwgAh6y_7GS0Q6wDK-9ly7heSqscT6fvEgAxwhJPlzffsDoYHUtsiwD9cd9EjBW86Y5ewNLVnjbfMvc682I2oSjQAmvW3pJ1c0PFBBUoiCh7C3K6IXmYhqOwQ-pr7uQpqsimTgAVGmx7C_lH6aCw-yaHL5NkCug0-8TGpWwodScVpgdqs0JxmKV43Emw\/w640-h335-rw\/accident-brown.jpg\" title=\"VIDEO Cum s-a produs accidentul BMW-dub\u0103 de la cafeneaua Brown. Concluzia poli\u021bi\u0219tilor\" width=\"640\"><\/a><\/div>\n<p><strong>Un accident rutier spectaculos, soldat cu o victim\u0103 \u0219i pagube materiale \u00eensemnate, a avut loc mar\u021bi la pr\u00e2nz pe bulevardul Sofia Vicoveanca de la intrarea \u00een municipiul Suceava. O autoutilitar\u0103 aflat\u0103 \u00een dep\u0103\u0219ire a fost proiectat\u0103 \u00een afara carosabilului, distrug\u00e2nd mai multe elemente de infrastructur\u0103 \u0219i un gard.<\/strong><\/p>\n<p>Conform cercet\u0103rilor efectuate de poli\u021bi\u0219tii rutieri, evenimentul a fost \u00eenregistrat la data de 4 august 2026, la ora 12:48. Florin P., \u00een v\u00e2rst\u0103 de 35 de ani, din comuna Bosanci, se deplasa la volanul unui autoturism BMW pe bulevardul Sofia Vicoveanca, circul\u00e2nd din direc\u021bia F\u0103lticeni c\u0103tre Suceava.<\/p>\n<p>\u00cen momentul \u00een care a ajuns \u00een dreptul cafenelei, conduc\u0103torul auto a ini\u021biat o manevr\u0103 de viraj la st\u00e2nga f\u0103r\u0103 a se asigura corespunz\u0103tor. Aceast\u0103 gre\u0219eal\u0103 a dus la coliziunea direct\u0103 cu o autoutilitar\u0103 Ford Transit, condus\u0103 de Emilian P., \u00een v\u00e2rst\u0103 de 21 de ani, din ora\u0219ul Salcea. Autoutilitara avea aceea\u0219i direc\u021bie de deplasare \u0219i se afla deja angajat\u0103 regulamentar \u00eentr-o manevr\u0103 de dep\u0103\u0219ire.<\/p>\n<h2>Indicatoare, borduri \u0219i garduri distruse<\/h2>\n<p>Impactul dintre cele dou\u0103 vehicule a fost unul puternic \u0219i a deviat complet traiectoria dubei. Autoutilitara Ford a fost proiectat\u0103 \u00een afara p\u0103r\u021bii carosabile, unde a pus la p\u0103m\u00e2nt un indicator rutier de limitare a vitezei (5 km\/h) \u0219i a distrus mai multe borduri apar\u021bin\u00e2nd cafenelei Brown Coffee din zon\u0103.<\/p>\n<p>Cursa necontrolat\u0103 a autoutilitarei s-a oprit abia dup\u0103 ce a pus la p\u0103m\u00e2nt un gard din plas\u0103 metalic\u0103 \u0219i a lovit un alt autoturism, care se afla parcat \u00een curtea societ\u0103\u021bii Global Sales Consulting.<\/p>\n<h2>Pasager ajuns la Urgen\u021be<\/h2>\n<p>\u00cen urma evenimentului rutier, pasagerul aflat pe scaunul din dreapta fa\u021b\u0103 al autoutilitarei Ford Transit a suferit leziuni. Acesta a fost preluat de un echipaj de ambulan\u021b\u0103 \u0219i transportat de urgen\u021b\u0103 la Spitalul Jude\u021bean Suceava. \u00cen urma evalu\u0103rii medicale, medicii i-au stabilit diagnosticul de traumatism cranio-cerebral (TCC), hematom parietal st\u00e2ng \u0219i cefalee occipital\u0103.<\/p>\n<p>Poli\u021bi\u0219tii ajun\u0219i la fa\u021ba locului au procedat la testarea ambilor conduc\u0103tori auto cu aparatul etilometru, rezultatele indicate fiind negative (0,00 mg\/l alcool pur \u00een aerul expirat). <\/p>\n<p>\u00cen acest caz, a fost \u00eentocmit un dosar de cercetare penal\u0103 pentru a stabili cu exactitate toate circumstan\u021bele producerii accidentului, ancheta desf\u0103\u0219ur\u00e2ndu-se sub aspectul s\u0103v\u00e2r\u0219irii infrac\u021biunii de <strong>\u201ev\u0103t\u0103mare corporal\u0103 din culp\u0103\u201d<\/strong>.<\/p>\n<p><b><span><\/p>\n<p>VIDEO:<\/span><\/b><\/p>\n<div><\/div>\n<div><iframe loading=\"lazy\" allow=\"accelerometer; autoplay; clipboard-write; encrypted-media; gyroscope; picture-in-picture; web-share\" allowfullscreen frameborder height=\"560\" src=\"https:\/\/www.youtube.com\/embed\/0kcE2En16ZM\" title=\"YouTube video player\" width=\"315\"><\/iframe><\/div>\n<\/div>\n<p>[analyse_source url=&#8221;https:\/\/www.stirisuceava.net\/2026\/08\/video-cum-s-produs-accidentul-bmw-duba.html&#8221;]<\/p>\n","protected":false},"excerpt":{"rendered":"<p>[analyse_image type=&#8221;featured&#8221; src=&#8221;https:\/\/blogger.googleusercontent.com\/img\/b\/R29vZ2xl\/AVvXsEjvwgAh6y_7GS0Q6wDK-9ly7heSqscT6fvEgAxwhJPlzffsDoYHUtsiwD9cd9EjBW86Y5ewNLVnjbfMvc682I2oSjQAmvW3pJ1c0PFBBUoiCh7C3K6IXmYhqOwQ-pr7uQpqsimTgAVGmx7C_lH6aCw-yaHL5NkCug0-8TGpWwodScVpgdqs0JxmKV43Emw\/w1600\/accident-brown.jpg&#8221;] Un accident rutier spectaculos, soldat cu o victim\u0103 \u0219i pagube materiale \u00eensemnate, a avut loc mar\u021bi la pr\u00e2nz pe bulevardul Sofia Vicoveanca de la intrarea \u00een municipiul Suceava. O autoutilitar\u0103 aflat\u0103 \u00een dep\u0103\u0219ire a fost proiectat\u0103 \u00een afara carosabilului, distrug\u00e2nd mai multe elemente de infrastructur\u0103 \u0219i un gard. Conform cercet\u0103rilor efectuate de [&hellip;]<\/p>\n","protected":false},"author":1,"featured_media":0,"comment_status":"open","ping_status":"","sticky":false,"template":"","format":"standard","meta":{"footnotes":""},"categories":[89],"tags":[226,172],"class_list":["post-2085563","post","type-post","status-publish","format-standard","hentry","category-romania","tag-crawlmanager","tag-stirisuceava-net"],"_links":{"self":[{"href":"https:\/\/analyse.optim.biz\/index.php?rest_route=\/wp\/v2\/posts\/2085563","targetHints":{"allow":["GET"]}}],"collection":[{"href":"https:\/\/analyse.optim.biz\/index.php?rest_route=\/wp\/v2\/posts"}],"about":[{"href":"https:\/\/analyse.optim.biz\/index.php?rest_route=\/wp\/v2\/types\/post"}],"author":[{"embeddable":true,"href":"https:\/\/analyse.optim.biz\/index.php?rest_route=\/wp\/v2\/users\/1"}],"replies":[{"embeddable":true,"href":"https:\/\/analyse.optim.biz\/index.php?rest_route=%2Fwp%2Fv2%2Fcomments&post=2085563"}],"version-history":[{"count":0,"href":"https:\/\/analyse.optim.biz\/index.php?rest_route=\/wp\/v2\/posts\/2085563\/revisions"}],"wp:attachment":[{"href":"https:\/\/analyse.optim.biz\/index.php?rest_route=%2Fwp%2Fv2%2Fmedia&parent=2085563"}],"wp:term":[{"taxonomy":"category","embeddable":true,"href":"https:\/\/analyse.optim.biz\/index.php?rest_route=%2Fwp%2Fv2%2Fcategories&post=2085563"},{"taxonomy":"post_tag","embeddable":true,"href":"https:\/\/analyse.optim.biz\/index.php?rest_route=%2Fwp%2Fv2%2Ftags&post=2085563"}],"curies":[{"name":"wp","href":"https:\/\/api.w.org\/{rel}","templated":true}]}}