{"id":2085370,"date":"2026-08-04T00:00:00","date_gmt":"2026-08-03T21:00:00","guid":{"rendered":"https:\/\/analyse.optim.biz\/?p=2085370"},"modified":"2026-08-04T00:00:00","modified_gmt":"2026-08-03T21:00:00","slug":"mozaic-stiri-nationale-medic-sick-building-syndrome-este-sindromul-legat-de-aerul-conditionat","status":"publish","type":"post","link":"https:\/\/analyse.optim.biz\/?p=2085370","title":{"rendered":"MOZAIC \u0218TIRI NA\u021aIONALE: Medic: Sick Building Syndrome este sindromul legat de aerul condi\u0163ionat"},"content":{"rendered":"<p>[analyse_image type=&#8221;featured&#8221; src=&#8221;https:\/\/zdvi.cname.ro\/_\/mozaic-stiri-nationale-medic-sick-building-syndrome-este-sindromul-legat-de-aerul-conditionat\/mediaPool\/u6n8qt2.jpg&#8221;]<\/p>\n<div class=\"main-content detaliu-articol\"><a class=\"titlu-cat-list\" href=\"https:\/\/ziaruldevrancea.ro\/actualitatea\/national\">Na\u021bional<\/a><\/p>\n<h1>MOZAIC \u0218TIRI NA\u021aIONALE: Medic: Sick Building Syndrome este sindromul legat de aerul condi\u0163ionat<\/h1>\n<div class=\"date-articol clearfix\">\n<div class=\"distribuie-articol dropdown\">\n    Distribuie: \u00a0<br \/>\n    <em>|<\/em><\/div>\n<div class=\"autor-articol\"><a href=\"https:\/\/ziaruldevrancea.ro\/autor\/rodica-condurache\/\"><img decoding=\"async\" class=\"img-circle\" src=\"https:\/\/zdvi.cname.ro\/50_50\/articleAuthor\/rodica-condurache\/articleAuthor\/uy6Kz5r.jpg\" alt><\/a><\/p>\n<h5><a href=\"https:\/\/ziaruldevrancea.ro\/autor\/rodica-condurache\/\">Rodica Condurache<\/a><\/h5>\n<div class=\"grup-spatiere\"><span class=\"cu-spatiere\"> 4 aug 2026<\/span><span class=\"cu-spatiere\">424 vizualiz\u0103ri<\/span><\/div>\n<\/div>\n<\/div>\n<div class=\"poza-mare\"><a href class=\"openGallery\"><img decoding=\"async\" class=\"img-responsive\" src=\"https:\/\/zdvi.cname.ro\/850_530\/mozaic-stiri-nationale-medic-sick-building-syndrome-este-sindromul-legat-de-aerul-conditionat\/article\/mediaPool\/u6n8qt2.jpg\" alt><\/a><\/div>\n<p>Care sunt simptomele<\/p>\n<p>Ochi irita\u0163i, tuse seac\u0103, senza\u0163ie de g\u00e2t uscat, dureri de cap, oboseal\u0103 sau dificult\u0103\u0163i de concentrare, sunt c\u00e2teva dintre simptomele pe care le acuz\u0103 multe persoane dup\u0103 ce petrec mai multe ore \u00een spa\u0163ii puternic climatizate. Adesea, acestea sunt puse pe seama aerului condi\u0163ionat, atrage aten\u0163ia prof. dr. Cristian Oancea, medic primar pneumolog, vicepre\u015fedinte Societatea Rom\u00e2n\u0103 de Pneumologie \u2013 prorector Universitatea de Medicin\u0103 \u015fi Farmacie \u201eVictor Babe\u015f\u201d Timi\u015foara. Medicul Cristian Oancea a precizat c\u0103 \u201eSick Building Syndrome\u201d (Sindromul Cl\u0103dirii Bolnave) este un fenomen asociat calit\u0103\u0163ii necorespunz\u0103toare a aerului din spa\u0163iile \u00eenchise \u015fi utiliz\u0103rii incorecte a sistemelor de climatizare.<\/p>\n<p><strong>Canicula favorizeaz\u0103 apari\u0163ia \u015fi accentuarea acestui sindrom<\/strong><\/p>\n<p>\u201eTemperaturile ridicate determin\u0103 oamenii s\u0103 petreac\u0103 perioade tot mai lungi \u00een \u00eenc\u0103peri climatizate, iar atunci c\u00e2nd instala\u0163iile de aer condi\u0163ionat nu sunt \u00eentre\u0163inute corespunz\u0103tor, aerul este prea uscat sau ventila\u0163ia este insuficient\u0103, pot ap\u0103rea numeroase manifest\u0103ri, de la irita\u0163ii ale c\u0103ilor respiratorii p\u00e2n\u0103 la cefalee \u015fi stare de oboseal\u0103. Sick Building Syndrome nu este o boal\u0103 \u00een sine, ci un ansamblu de simptome. De cele mai multe ori, acestea se amelioreaz\u0103 dup\u0103 p\u0103r\u0103sirea cl\u0103dirii, \u00eens\u0103 expunerea repetat\u0103 poate afecta calitatea vie\u0163ii \u015fi poate agrava afec\u0163iunile respiratorii preexistente\u201d,\u00a0 a declarat Cristian Oancea.<\/p>\n<p>Un alt risc, spune medicul, \u00eel reprezint\u0103 filtrele necur\u0103\u0163ate ale instala\u0163iilor de climatizare. Acestea pot acumula bacterii, precum Legionella pneumophila, Pseudomonas aeruginosa sau Acinetobacter, dar \u015fi fungi, acarieni \u015fi polen, care pot agrava alergiile \u015fi afec\u0163iunile respiratorii.<\/p>\n<p>\u201eNu doar temperatura conteaz\u0103, ci \u015fi calitatea aerului pe care \u00eel respir\u0103m. Filtrele instala\u0163iilor de aer condi\u0163ionat trebuie cur\u0103\u0163ate sau \u00eenlocuite periodic pentru a preveni acumularea bacteriilor, fungilor, acarienilor \u015fi a altor particule care pot ajunge \u00een c\u0103ile respiratorii. La fel de important este s\u0103 evit\u0103m diferen\u0163ele foarte mari de temperatur\u0103. Trecerea repetat\u0103 de la 18-20 de grade Celsius \u00een interior la peste 35 de grade \u00een exterior oblig\u0103 organismul s\u0103 \u00ee\u015fi activeze permanent mecanismele de termoreglare. Acest stres termic repetitiv favorizeaz\u0103 deshidratarea, accentueaz\u0103 oboseala, durerile de cap \u015fi poate irita c\u0103ile respiratorii, chiar \u015fi la persoanele care nu au afec\u0163iuni pulmonare. De aceea, este important ca temperatura aparatului de aer condi\u0163ionat s\u0103 fie setat\u0103 cu cel mult 6-8 grade Celsius sub temperatura exterioar\u0103\u201d, a explicat Cristian Oancea.<\/p>\n<p>Expunerea repetat\u0103 la aer condi\u0163ionat \u015fi la diferen\u0163e mari de temperatur\u0103 poate afecta temporar mecanismele naturale de ap\u0103rare ale c\u0103ilor respiratorii.<\/p>\n<p>Medicul precizeaz\u0103 c\u0103 uscarea mucoasei bron\u015fice \u015fi \u00eencetinirea clearance-ului mucociliar reduc capacitatea organismului de a elimina particulele inhalate, iar asta poate favoriza multiplicarea virusurilor respiratorii, precum rinovirusurile, virusurile gripale sau virusul sinci\u0163ial respirator. La persoanele v\u00e2rstnice, la pacien\u0163ii cu boli pulmonare cronice \u015fi la cei cu imunitatea sc\u0103zut\u0103, aceste infec\u0163ii pot evolua c\u0103tre pneumonii care necesit\u0103 spitalizare.<\/p>\n<p><strong>USR: PSD pune \u00een pericol un miliard de euro din PNRR prin amendamentele la Strategia privind biodiversitatea<\/strong><\/p>\n<p>USR sus\u021bine c\u0103 PSD &#8216;pune \u00een pericol&#8217; un miliard de euro din PNRR prin amendamentele depuse la Strategia na\u021bional\u0103 pentru conservarea biodiversit\u0103\u021bii.<\/p>\n<p>&#8216;PSD a depus ast\u0103zi sute de amendamente la Strategia na\u021bional\u0103 pentru conservarea biodiversit\u0103\u021bii 2026-2030 \u00een forma adoptat\u0103 cu doar o zi \u00eenainte de Senat \u0219i risc\u0103 s\u0103 arunce \u00een aer angajamentele asumate de Rom\u00e2nia la nivel european&#8217;, se arat\u0103 \u00eentr-un comunicat al USR transmis miercuri Agerpres.<\/p>\n<p>Ministrul interimar al Mediului, Diana Buzoianu, a acuzat PSD c\u0103 a cerut aducerea proiectului \u00een Parlament tocmai pentru a putea modifica &#8216;din temelii&#8217; strategia \u0219i a avertizat c\u0103 o asemenea interven\u021bie poate costa Rom\u00e2nia aproape un miliard de euro din fondurile europene. &#8216;Nu credeam c\u0103 PSD ar putea ajunge mai jos dec\u00e2t a f\u0103cut-o zilele trecute. Ast\u0103zi \u00eens\u0103 a reu\u0219it s\u0103 ating\u0103 un nivel istoric al absurdului \u0219i al ilegalit\u0103\u021bii, pe care nu l-am \u00eent\u00e2lnit la niciun alt partid. Acum \u0219tim de ce au cerut ca proiectul s\u0103 fie pus \u00een Parlament: pentru c\u0103 voiau s\u0103 \u00eel \u00eenlocuiasc\u0103 \u00een \u00eentregime \u0219i s\u0103 pun\u0103 \u00een pericol \u00eenc\u0103 aproape un miliard de euro din PNRR. S\u0103 fie foarte clar: Rom\u00e2nia nu poate avea, printr-o strategie na\u021bional\u0103, alte obiective dec\u00e2t cele pe care \u0219i le-a asumat la nivel european. Nu po\u021bi schimba regulile peste noapte \u0219i apoi s\u0103 te a\u0219tep\u021bi ca Rom\u00e2nia s\u0103 primeasc\u0103 banii europeni ca \u0219i cum nimic nu s-ar fi \u00eent\u00e2mplat. Vorbim despre 972 de milioane de euro&#8217;, a afirmat Buzoianu, conform comunicatului citat.<\/p>\n<p>Ea a sus\u021binut c\u0103 Rom\u00e2nia risc\u0103 s\u0103 piard\u0103 aproape un miliard de euro din cauza unui amendament depus de PSD cu jum\u0103tate de or\u0103 \u00eenainte de \u0219edin\u021ba comisiei parlamentare de specialitate. &#8216;Este complet iresponsabil s\u0103 te joci \u00een acest fel cu banii europeni ai Rom\u00e2niei&#8217;, a spus Buzoianu.<\/p>\n<p>Conform USR, Strategia na\u021bional\u0103 pentru conservarea biodiversit\u0103\u021bii 2026-2030 este legat\u0103 de angajamentele asumate de Rom\u00e2nia prin PNRR, iar modificarea obiectivelor asumate poate pune sub semnul \u00eentreb\u0103rii \u00eendeplinirea acestora \u0219i, implicit, accesarea fondurilor europene aferente. &#8216;Un document strategic de o asemenea importan\u021b\u0103 nu poate fi rescris printr-un amendament depus pe ultima sut\u0103 de metri, f\u0103r\u0103 o analiz\u0103 serioas\u0103 a consecin\u021belor \u0219i f\u0103r\u0103 o dezbatere real\u0103. Miza nu este o disput\u0103 \u00eentre partide. Miza sunt 972 de milioane de euro din banii europeni ai Rom\u00e2niei&#8217;, a mai transmis USR.<\/p>\n<p>Senatul a adoptat, mar\u021bi, cu 82 de voturi &#8216;pentru&#8217;, 33 &#8216;\u00eempotriv\u0103&#8217; \u0219i nou\u0103 ab\u021bineri, \u00een calitate de prim for legislativ sesizat, Strategia na\u021bional\u0103 \u0219i Planul de ac\u021biune pentru conservarea biodiversit\u0103\u021bii 2026-2030, jalon din PNRR, cu adoptarea unor amendamente ale PSD.<\/p>\n<p>Ministrul interimar al Mediului, Diana Buzoianu, a criticat, mar\u021bi, amendamentele adoptate, sus\u021bin\u00e2nd c\u0103 unele dintre acestea sunt &#8216;absolut aberante&#8217; \u0219i modific\u0103 angajamente asumate de Rom\u00e2nia la nivel european. Proiectul intr\u0103 \u00een dezbaterea Camerei Deputa\u021bilor, care este for decizional.<\/p>\n<p><strong>Gala\u0163i &#8211; B\u0103tr\u00e2n\u0103 \u00eengropat\u0103 \u00een curtea unei casei pentru a-i fi \u00eencasat\u0103 pensia \u00een continuare<\/strong><\/p>\n<p>Un caz \u015focant este anchetat de autorit\u0103\u0163ile din jude\u0163ul Gala\u0163i, dup\u0103 ce o femeie \u00een v\u00e2rst\u0103 ar fi fost \u00eengropat\u0103 \u00een spatele locuin\u0163ei, f\u0103r\u0103 ca decesul s\u0103 fie declarat oficial mai bine de un an, timp \u00een care pensia acesteia ar fi fost \u00eencasat\u0103 \u00een continuare de c\u0103tre nepoata sa.<\/p>\n<p>Potrivit Pro Lider FM, cazul ar fi ajuns \u00een aten\u0163ia anchetatorilor din T\u00e2rgu\u00a0 Bujor, iar Parchetul de pe l\u00e2ng\u0103 Judec\u0103toria T\u00e2rgu Bujor a deschis un dosar penal pentru profanare de morminte (cadavre) \u015fi \u00een\u015fel\u0103ciune.<\/p>\n<p>Osemintele femeii au fost exhumate \u015fi urmeaz\u0103 s\u0103 fie analizate \u00een cadrul unei expertize. Anchetatorii \u00eencearc\u0103 s\u0103 stabileasc\u0103 at\u00e2t \u00eemprejur\u0103rile \u00een care a survenit decesul, c\u00e2t \u015fi dac\u0103 femeia a fost victima vreunei infrac\u0163iuni sau a murit din cauze naturale.<\/p>\n<p>Principala persoan\u0103 vizat\u0103 \u00een anchet\u0103 ar fi nepoata b\u0103tr\u00e2nei, despre care exist\u0103 suspiciunea c\u0103 \u015fi-ar fi \u00eensu\u015fit pensia acesteia timp de mai multe luni dup\u0103 moarte. Procurorii urmeaz\u0103 s\u0103 stabileasc\u0103 dac\u0103 femeia a ac\u0163ionat singur\u0103 sau dac\u0103 a avut sprijinul altor persoane pentru a ascunde decesul \u015fi pentru a realiza \u00eenhumarea f\u0103r\u0103 documentele obligatorii.<\/p>\n<p>Ancheta este \u00een desf\u0103\u015furare, procurorii urm\u00e2nd s\u0103 stabileasc\u0103 exact responsabilit\u0103\u0163ile persoanelor implicate \u015fi s\u0103 revin\u0103 cu o comunicare oficial\u0103.<\/p>\n<p><strong>Gala\u0163i: Un adolescent de 15 ani, f\u0103r\u0103 permis auto, a intrat cu ma\u015fina \u00eentr-un st\u00e2lp de iluminat public<\/strong><\/p>\n<p>Un minor de 15 ani \u015fi un t\u00e2n\u0103r de 18 ani au fost r\u0103ni\u0163i, miercuri diminea\u0163\u0103, \u00eentr-un accident produs dup\u0103 ce adolescentul, care nu avea permis de conducere, a intrat cu ma\u015fina \u00eentr-un st\u00e2lp de iluminat public de pe o strad\u0103 din municipiul Gala\u0163i. T\u00e2n\u0103rul de 18 ani sustr\u0103sese autoturismul de la adresa sa de domiciliu.<\/p>\n<p>IPJ Gala\u0163i informeaz\u0103 c\u0103 mar\u0163i, 4 august, poli\u0163i\u015ftii Biroului Rutier Gala\u0163i au intervenit la un eveniment rutier produs pe strada Nicolae B\u0103lcescu, din municipiul Gala\u0163i, soldat cu r\u0103nirea a dou\u0103 persoane. Potrivit sursei citate, dn cercet\u0103rile efectuate la fa\u0163a locului s-a stabilit c\u0103 un minor, \u00een v\u00e2rst\u0103 de 15 ani, din Gala\u0163i, \u00een timp ce conducea un autoturism din direc\u0163ia str\u0103zii Universit\u0103\u0163ii c\u0103tre strada Br\u0103ilei, ar fi pierdut controlul asupra direc\u0163iei de deplasare \u015fi a intrat \u00eentr-un st\u00e2lp de iluminat public. \u201e\u00cen urma impactului, at\u00e2t conduc\u0103torul auto, c\u00e2t \u015fi pasagerul acestuia, un t\u00e2n\u0103r \u00een v\u00e2rst\u0103 de 18 ani, au fost r\u0103ni\u0163i. Ace\u015ftia au fost prelua\u0163i de echipajul medical sosit la fa\u0163a locului \u015fi transporta\u0163i la spital pentru acordarea de \u00eengrijiri medicale de specialitate. De asemenea, \u00een urma verific\u0103rilor efectuate, s-a stabilit c\u0103 minorul nu de\u0163ine permis de conducere pentru nicio categorie de vehicule. Totodat\u0103, autoturismul ar fi fost sustras de t\u00e2n\u0103rul de 18 ani de la adresa de domiciliu, dup\u0103 care acesta i-ar fi \u00eencredin\u0163at vehiculul minorului de 15 ani pentru a-l conduce pe drumurile publice\u201d, precizeaz\u0103 poli\u0163i\u015ftii.<\/p>\n<p>\u00cen cauz\u0103 a fost \u00eentocmit un dosar penal pentru furt \u00een scop de folosin\u0163\u0103, conducerea unui vehicul f\u0103r\u0103 permis de conducere \u015fi v\u0103t\u0103mare corporal\u0103 din culp\u0103. Cercet\u0103rile sunt continuate pentru stabilirea cu exactitate a tuturor \u00eemprejur\u0103rilor \u00een care s-a produs accidentul.<\/p>\n<p><strong><strong>CNPP: 11.970 de beneficiari de pensii de serviciu, \u00een iunie 2026<\/strong><\/strong><\/p>\n<p>Num\u0103rul beneficiarilor de pensii de serviciu a fost, \u00een iunie 2026, de 11.970 de persoane, la fel ca \u00een luna precedent\u0103, din care 7.921 de beneficiari cu pensie din Bugetul Asigur\u0103rilor Sociale de Stat &#8211; BASS (contributivitate), conform datelor centralizate de Casa Na\u021bional\u0103 de Pensii Publice (CNPP). Cei mai mul\u021bi pensionari care primeau pensie de serviciu erau beneficiari ai Legii 303\/2022 privind statutul procurorilor \u0219i judec\u0103torilor, respectiv 5.849, din care 2.538 cu pensie din BASS. \u00cen cazul acestora s-a \u00eenregistrat \u0219i cea mai mare pensie medie de serviciu, de 25.613 lei, din care 7.585 din BASS \u0219i 22.483 de la bugetul de stat.<\/p>\n<p>Potrivit CNPP, de Legea nr. 216\/2015 privind acordarea pensiei de serviciu membrilor Corpului diplomatic \u0219i consular al Rom\u00e2niei au beneficiat 777 de persoane (684 cu pensie din BASS). Pensia medie era de 7.015 de lei, din care 3.084 lei pensie din bugetul de stat.<\/p>\n<p>\u00cen ceea ce prive\u0219te beneficiarii Legii 215\/2015 pentru modificarea \u0219i completarea Legii 7\/2006 privind statutul func\u021bionarului public parlamentar, num\u0103rul acestora era de 863 de persoane (651 cu pensie BASS), pensia medie ridic\u00e2ndu-se la 6.282 de lei (3.546 de lei de la bugetul de stat). Conform CNPP, de Legea 83\/2015 pentru completarea Legii 223\/2007 privind statutul personalului aeronautic civil navigant profesionist din avia\u021bia civil\u0103 din Rom\u00e2nia beneficiau 1.320 de pensionari (to\u021bi cu pensie din BASS), iar pensia medie se ridica la 13.119 de lei, din care 8.070 lei suporta\u021bi din bugetul de stat.<\/p>\n<p>Pensii de serviciu pentru beneficiari de la Curtea de Conturi s-au acordat unui num\u0103r de 700 de persoane (to\u021bi cu pensie din BASS), media fiind de 10.748 de lei, din care 2.698 de lei cota suportat\u0103 din bugetul de stat.<\/p>\n<p>De asemenea, de Legea 130\/2015 pentru completarea Legii 567\/2004 privind statutul personalului auxiliar de specialitate al instan\u021belor judec\u0103tore\u0219ti \u0219i al Parchetelor beneficiau 2.461 de pensionari (2.028 cu pensie din BASS), pensia medie fiind de 7.341 de lei, din care 4.491 de lei suporta\u021bi din bugetul de stat.<\/p>\n<p><strong>T\u00e2n\u0103r de 17 ani din Timi\u015f, re\u0163inut de poli\u0163i\u015fti dup\u0103 ce a furat dou\u0103 ma\u015fini, pe care le-a condus f\u0103r\u0103 a de\u0163ine permis<\/strong><\/p>\n<p>Poli\u0163i\u015ftii au re\u0163inut un t\u00e2n\u0103r de 17 ani care a furat dou\u0103 ma\u015fini pe care le-a \u015fi condus, f\u0103r\u0103 a de\u0163ine permis de conducere. El este cercetat pentru furt \u00een scop de folosin\u0163\u0103 \u015fi conducerea unui vehicul f\u0103r\u0103 permis de conducere. \u201dLa data de 26 iulie 2026, poli\u0163i\u015ftii au fost sesiza\u0163i cu privire la faptul c\u0103 persoane necunoscute ar fi p\u0103truns f\u0103r\u0103 drept \u00eentr-un imobil din localitatea Corne\u015fti, jude\u0163ul Timi\u015f, de unde ar fi sustras un telefon mobil \u015fi cheile a dou\u0103 autoturisme, vehicule care ar fi fost ulterior conduse pe drumurile publice. \u00cen urma activit\u0103\u0163ilor investigativ-operative desf\u0103\u015furate, poli\u0163i\u015ftii au identificat un t\u00e2n\u0103r, \u00een v\u00e2rst\u0103 de 17 ani, b\u0103nuit de comiterea faptelor\u201d, a transmis IPJ Timi\u015f. \u00cen 3 august 2026, fa\u0163\u0103 de acesta a fost dispus\u0103 m\u0103sura re\u0163inerii pentru 24 de ore, iar la data de 4 august 2026, instan\u0163a a dispus m\u0103sura arestului la domiciliu pentru o perioad\u0103 de 30 de zile.<\/p>\n<p><strong>Un poli\u0163ist din Cara\u015f-Severin, obligat s\u0103 poarte un dispozitiv de monitorizare<\/strong><\/p>\n<p>Un poli\u0163ist din cadrul IPJ Cara\u015f-Severin este obligat s\u0103 poarte un dispozitiv de monitorizare electronic\u0103. B\u0103rbatul, \u00een v\u00e2rst\u0103 de 42 de ani, este cercetat penal pentru h\u0103r\u0163uire, abuz \u00een serviciu \u015fi omisiunea sesiz\u0103rii, scrie news.ro.<\/p>\n<p>\u201d\u00cen cursul zilei de ieri, 04.08.2026, Tribunalul Cara\u015f-Severin a dispus emiterea unui ordin de protec\u0163ie, pentru o perioad\u0103 de 3 luni, fa\u0163\u0103 de un b\u0103rbat din municipiul Caransebe\u015f, \u00een v\u00e2rst\u0103 de 42 de ani, poli\u0163ist \u00een cadrul Inspectoratului de Poli\u0163ie Jude\u0163ean Cara\u015f-Severin, prin care a dispus obligativitatea purt\u0103rii unui dispozitiv de monitorizare electronic\u0103\u201d, a transmis IPJ Cara\u015f-Severin.<\/p>\n<p>\u00a0Potrivit sursei citate, la nivelul Inspectoratului de Poli\u0163ie Jude\u0163ean Cara\u015f-Severin se efectueaz\u0103 cercet\u0103ri \u00eentr-un dosar penal sub aspectul s\u0103v\u00e2r\u015firii infrac\u0163iunilor de h\u0103r\u0163uire, abuz \u00een serviciu \u015fi omisiunea sesiz\u0103rii. De asemenea, poli\u0163istul este cercetat disciplinar.<\/p>\n<p>\u201dLa nivelul Inspectoratului de Poli\u0163ie Jude\u0163ean Cara\u015f-Severin a fost declan\u015fat\u0103 cercetarea prealabil\u0103, urm\u00e2nd a fi dispuse m\u0103surile legale \u015fi administrative care se impun, \u00een func\u0163ie de rezultatul verific\u0103rilor \u015fi al procedurilor judiciare.<\/p>\n<p>Inspectoratul de Poli\u0163ie Jude\u0163ean Cara\u015f-Severin se delimiteaz\u0103 ferm de orice comportament care contravine legii, normelor de conduit\u0103 \u015fi principiilor care guverneaz\u0103 exercitarea profesiei de poli\u0163ist, nu tolereaz\u0103 astfel de fapte \u015fi va dispune toate m\u0103surile legale \u015fi administrative care se impun\u201d, a mai precizat IPJ Cara\u015f-Severin.<\/p>\n<p>\u00a0<\/p>\n<hr>\n<div class=\"bloc-widget widget-rosu\">\n<p>\u00cen lipsa unui acord scris din partea Ziarului de Vrancea, pute\u0163i prelua maxim 500 de caractere din acest articol dac\u0103 preciza\u0163i sursa \u015fi insera\u0163i vizibil link-ul articolului:\u00a0<span>#insertcurrentlinkhere<\/span><\/p>\n<\/div>\n<div class=\"extra-articol listing-anunturi\">\n<h6>Anun\u021buri <span class=\"text-primary\">ZdV<\/span> Premium<\/h6>\n<div class=\"row\">\n<div class=\"col-lg-4 col-md-6 bloc-egal\"><a class=\"card-anunt\" href=\"https:\/\/ziaruldevrancea.ro\/anunturi\/inchirieri\/locuinte-oferte\/primesc-in-gazda-elevi-anunt-72832\"><strong class=\"titlu\">Locuin\u021be oferte<\/strong><span class=\"text-anunt\">Primesc \u00een gazd\u0103 elevi la cas\u0103-vil\u0103,&#8230;<\/span><span class=\"data-anunt\">07.08.2026  <\/span><\/a><\/div>\n<div class=\"col-lg-4 col-md-6 bloc-egal\"><a class=\"card-anunt\" href=\"https:\/\/ziaruldevrancea.ro\/anunturi\/altele\/matrimoniale\/Imi-caut-sufletul-pereche-anunt-72833\"><strong class=\"titlu\">Matrimoniale<\/strong><span class=\"text-anunt\">Domn serios caut doamn\u0103 serioas\u0103, v\u00e2rsta&#8230;<\/span><span class=\"data-anunt\">07.08.2026  <\/span><\/a><\/div>\n<div class=\"col-lg-4 col-md-6 bloc-egal\"><a class=\"card-anunt\" href=\"https:\/\/ziaruldevrancea.ro\/anunturi\/angajari\/oferte-angajari\/angajare-anunt-72830\"><strong class=\"titlu\">Oferte<\/strong><span class=\"text-anunt\">ECOSISTEM SRL cu sediul in localitatea Jorasti,&#8230;<\/span><span class=\"data-anunt\">05.08.2026  <\/span><\/a><\/div>\n<\/div>\n<\/div>\n<div class=\"extra-articol alte-articole\">\n<div class=\"row\">\n<div class=\"col-lg-6 bloc-egal\">\n<div class=\"card articol-listing\">\n<h6>\u00cen categoria <a href=\"https:\/\/ziaruldevrancea.ro\/actualitatea\/national\">Na\u021bional<\/a><\/h6>\n<div class=\"grup-articol-listing\">\n<div class=\"cont-pils\"><a href=\"https:\/\/ziaruldevrancea.ro\/actualitatea\/national\/mozaic-Stiri-naTionale-salvamontistii-germani-recuperati-din-bucegi-le-au-spus-colegilor-lor-prahoveni-ca-nu-au-crezut-ca-e-posibila-o-astfel-de-salvare-in-romania-ci-doar-in-elvetia\"><img decoding=\"async\" src=\"https:\/\/zdvi.cname.ro\/180_135\/actualitatea\/national\/mozaic-Stiri-naTionale-salvamontistii-germani-recuperati-din-bucegi-le-au-spus-colegilor-lor-prahoveni-ca-nu-au-crezut-ca-e-posibila-o-astfel-de-salvare-in-romania-ci-doar-in-elvetia\/mediaPool\/ucSc7z0.jpg\" class=\"img-responsive img-180\" alt><\/a><\/div>\n<h2><a class=\"link-titlu\" href=\"https:\/\/ziaruldevrancea.ro\/actualitatea\/national\/mozaic-Stiri-naTionale-salvamontistii-germani-recuperati-din-bucegi-le-au-spus-colegilor-lor-prahoveni-ca-nu-au-crezut-ca-e-posibila-o-astfel-de-salvare-in-romania-ci-doar-in-elvetia\">MOZAIC \u0218TIRI NA\u021aIONALE: Salvamonti\u015ftii germani recupera\u0163i din Bucegi le-au spus colegilor lor prahoveni c\u0103 nu au crezut c\u0103 e posibil\u0103 o astfel de salvare \u00een Rom\u00e2nia, ci doar \u00een Elve\u0163ia<\/a><\/h2>\n<div class=\"date-post\"><a href=\"https:\/\/ziaruldevrancea.ro\/autor\/rodica-condurache\">Rodica Condurache<\/a>,  8 aug 2026  <\/div>\n<\/div>\n<div class=\"grup-articol-listing\">\n<div class=\"cont-pils\"><a href=\"https:\/\/ziaruldevrancea.ro\/actualitatea\/national\/mozaic-Stiri-naTionale-nu-exista-solutii-magice-avertizeaza-maia-sandu-vorbind-despre-criza-energetica\"><img decoding=\"async\" src=\"https:\/\/zdvi.cname.ro\/180_135\/actualitatea\/national\/mozaic-Stiri-naTionale-nu-exista-solutii-magice-avertizeaza-maia-sandu-vorbind-despre-criza-energetica\/mediaPool\/uy8Z8Qu.jpg\" class=\"img-responsive img-180\" alt><\/a><\/div>\n<h2><a class=\"link-titlu\" href=\"https:\/\/ziaruldevrancea.ro\/actualitatea\/national\/mozaic-Stiri-naTionale-nu-exista-solutii-magice-avertizeaza-maia-sandu-vorbind-despre-criza-energetica\">MOZAIC \u0218TIRI NA\u021aIONALE:  \u201eNu exist\u0103 solu\u0163ii magice\u201d, avertizeaz\u0103 Maia Sandu vorbind despre criza energetic\u0103<\/a><\/h2>\n<div class=\"date-post\"><a href=\"https:\/\/ziaruldevrancea.ro\/autor\/rodica-condurache\">Rodica Condurache<\/a>,  5 aug 2026  <\/div>\n<\/div>\n<div class=\"grup-articol-listing\">\n<div class=\"cont-pils\"><a href=\"https:\/\/ziaruldevrancea.ro\/actualitatea\/national\/mozaic-stiri-nationale-o-noua-golanie-psd-aur\"><img decoding=\"async\" src=\"https:\/\/zdvi.cname.ro\/180_135\/actualitatea\/national\/mozaic-stiri-nationale-o-noua-golanie-psd-aur\/mediaPool\/u1Wi32W.jpeg\" class=\"img-responsive img-180\" alt><\/a><\/div>\n<h2><a class=\"link-titlu\" href=\"https:\/\/ziaruldevrancea.ro\/actualitatea\/national\/mozaic-stiri-nationale-o-noua-golanie-psd-aur\">MOZAIC \u0218TIRI NA\u021aIONALE: \u201eO nou\u0103 gol\u0103nie PSD-AUR\u201d<\/a><\/h2>\n<div class=\"date-post\"><a href=\"https:\/\/ziaruldevrancea.ro\/autor\/rodica-condurache\">Rodica Condurache<\/a>,  3 aug 2026  <\/div>\n<\/div>\n<\/div>\n<\/div>\n<div class=\"col-lg-6 bloc-egal\">\n<div class=\"card articol-listing\">\n<h6>De acela\u0219i <a href=\"https:\/\/ziaruldevrancea.ro\/autor\/rodica-condurache\/\">autor<\/a><\/h6>\n<div class=\"grup-articol-listing\">\n<div class=\"cont-pils\"><a href=\"https:\/\/ziaruldevrancea.ro\/timp-liber\/horoscop-10-august-2026-articol-1688876483\"><img decoding=\"async\" src=\"https:\/\/zdvi.cname.ro\/180_135\/timp-liber\/horoscop-10-august-2026-articol-1688876483\/mediaPool\/uA8enxT.jpg\" class=\"img-responsive img-180\" alt><\/a><\/div>\n<h2><a class=\"link-titlu\" href=\"https:\/\/ziaruldevrancea.ro\/timp-liber\/horoscop-10-august-2026-articol-1688876483\">Horoscop 10 august 2026 <\/a><\/h2>\n<div class=\"date-post\"><a href=\"https:\/\/ziaruldevrancea.ro\/#comentarii\" class=\"pull-right\"> 4<\/a><a href=\"https:\/\/ziaruldevrancea.ro\/autor\/rodica-condurache\">Rodica Condurache<\/a>, 10 aug 2026  <\/div>\n<\/div>\n<div class=\"grup-articol-listing\">\n<div class=\"cont-pils\"><a href=\"https:\/\/ziaruldevrancea.ro\/timp-liber\/calendarul-zilei-de-10-august\"><img decoding=\"async\" src=\"https:\/\/zdvi.cname.ro\/180_135\/timp-liber\/calendarul-zilei-de-10-august\/mediaPool\/uh5ZUdy.png\" class=\"img-responsive img-180\" alt><\/a><\/div>\n<h2><a class=\"link-titlu\" href=\"https:\/\/ziaruldevrancea.ro\/timp-liber\/calendarul-zilei-de-10-august\">Calendarul zilei de 10 august: de la piatra de temelie a Castelului Pele\u0219 la recordul absolut de temperatur\u0103 din Rom\u00e2nia<\/a><\/h2>\n<div class=\"date-post\"><a href=\"https:\/\/ziaruldevrancea.ro\/autor\/rodica-condurache\">Rodica Condurache<\/a>, 10 aug 2026  <\/div>\n<\/div>\n<div class=\"grup-articol-listing\">\n<div class=\"cont-pils\"><a href=\"https:\/\/ziaruldevrancea.ro\/timp-liber\/horoscop-9-august-2026\"><img decoding=\"async\" src=\"https:\/\/zdvi.cname.ro\/180_135\/timp-liber\/horoscop-9-august-2026\/mediaPool\/uA8enxT.jpg\" class=\"img-responsive img-180\" alt><\/a><\/div>\n<h2><a class=\"link-titlu\" href=\"https:\/\/ziaruldevrancea.ro\/timp-liber\/horoscop-9-august-2026\">Horoscop 9 august 2026 <\/a><\/h2>\n<div class=\"date-post\"><a href=\"https:\/\/ziaruldevrancea.ro\/autor\/rodica-condurache\">Rodica Condurache<\/a>,  9 aug 2026  <\/div>\n<\/div>\n<\/div>\n<\/div>\n<\/div>\n<\/div>\n<div class=\"extra-articol listing-anunturi\">\n<h6>Anun\u021buri <span class=\"text-primary\">ZdV<\/span> Premium<\/h6>\n<div class=\"row\">\n<div class=\"col-lg-4 col-md-6 bloc-egal\"><a class=\"card-anunt\" href=\"https:\/\/ziaruldevrancea.ro\/anunturi\/altele\/servicii\/caut-o-persoana-sau-o-familie-pentru-ingrijirea-unei-batrane\"><strong class=\"titlu\">Servicii<\/strong><span class=\"text-anunt\">Caut o persoan\u0103\u00a0sau o familie serioas\u0103&#8230;<\/span><span class=\"data-anunt\">04.08.2026  <\/span><\/a><\/div>\n<div class=\"col-lg-4 col-md-6 bloc-egal\"><a class=\"card-anunt\" href=\"https:\/\/ziaruldevrancea.ro\/anunturi\/imobiliare\/vanzari-ap-2-camere\/vand-apartament-2-camere-in-focsani-anunt-72825\"><strong class=\"titlu\">V\u00e2nz\u0103ri ap 2 camere<\/strong><span class=\"text-anunt\">V\u00e2nd apartament 2 camere, hol p\u0103trat,&#8230;<\/span><span class=\"data-anunt\">04.08.2026  <\/span><\/a><\/div>\n<div class=\"col-lg-4 col-md-6 bloc-egal\"><a class=\"card-anunt\" href=\"https:\/\/ziaruldevrancea.ro\/anunturi\/angajari\/oferte-angajari\/caut-femeie-pt-supraveghere-batrana-paralizata-focsani-fara-menaj-program-de-la-9la-17-de-luni-pana-vineri-salariu-2600\"><strong class=\"titlu\">Oferte<\/strong><span class=\"text-anunt\">Caut femeie pentru\u00a0supraveghere&#8230;<\/span><span class=\"data-anunt\">05.08.2026 , Vrancea , Foc\u0219ani<\/span><\/a><\/div>\n<\/div>\n<\/div>\n<div class=\"bloc-widget widget-albastru\">\n    Ziarul de Vrancea \u00a0nu este responsabil juridic pentru con\u0163inutul textelor din comentariile de mai jos. Responsabilitatea pentru mesajele dumneavoastra v\u0103 revine \u00een exclusivitate.\n<\/div>\n<div class=\"comentarii-articol\" id=\"comentarii\">\n<h3>Comentarii: <span class=\"text-primary\">0<\/span><\/h3>\n<p><a href=\"https:\/\/ziaruldevrancea.ro\/actualitatea\/national\/mozaic-stiri-nationale-medic-sick-building-syndrome-este-sindromul-legat-de-aerul-conditionat\" class=\"btn btn-success btn-adauga-com\" data-toggle=\"modal\" data-parent=\"0\" data-target=\"#commentModal\">Adaug\u0103 comentariu<\/a><\/p>\n<div class=\"loadMask comments-mask\"><img decoding=\"async\" src=\"https:\/\/zdvs.cname.ro\/images\/loader_40.gif\"><\/div>\n<div class=\"comenteaza-jos\">Trebuie s\u0103 fii <a href=\"https:\/\/ziaruldevrancea.ro\/account\">autentificat<\/a> pentru a putea <a href=\"https:\/\/ziaruldevrancea.ro\/actualitatea\/national\/mozaic-stiri-nationale-medic-sick-building-syndrome-este-sindromul-legat-de-aerul-conditionat\" class data-toggle=\"modal\" data-parent=\"0\" data-target=\"#commentModal\">posta un comentariu<\/a>.<\/div>\n<\/div>\n<div class=\"modal fade\" id=\"commentModal\" role=\"dialog\" aria-labelledby=\"commentModalLabel\">\n<div class=\"modal-dialog modal-lg\" role=\"document\">\n<div class=\"modal-content\">\n<div class=\"modal-header\">\n<h3 class=\"modal-title\" id=\"commentModalLabel\">Comenteaz\u0103<\/h3>\n<\/div>\n<div class=\"modal-body\">\n<div class=\"tabel tabel-full\">\n<div class=\"celula\">\n              Trebuie s\u0103 fii <a href=\"https:\/\/ziaruldevrancea.ro\/account\">autentificat<\/a> pentru a putea posta un comentariu.\n            <\/div>\n<\/div>\n<\/div>\n<div class=\"modal-footer\">\n<div id=\"commentPending\" class=\"formPending pull-left\"><img decoding=\"async\" src=\"https:\/\/zdvs.cname.ro\/images\/loader_40.gif\"> In curs de procesare&#8230;<\/div>\n<p><a href=\"https:\/\/ziaruldevrancea.ro\/actualitatea\/national\/mozaic-stiri-nationale-medic-sick-building-syndrome-este-sindromul-legat-de-aerul-conditionat\" class=\"btn btn-default\" data-dismiss=\"modal\">Anuleaz\u0103<\/a><\/div>\n<\/div>\n<\/div>\n<\/div>\n<div class=\"modal fade\" id=\"commentReportModal\" role=\"dialog\" aria-labelledby=\"commentReportModalLabel\">\n<div class=\"modal-dialog modal-lg\" role=\"document\">\n<div class=\"modal-content\">\n<div class=\"modal-header\">\n<h3 class=\"modal-title\" id=\"commentReportModalLabel\">Raporteaza comentariu<\/h3>\n<\/div>\n<div class=\"modal-body\">\n<div class=\"tabel tabel-full\">\n<div class=\"celula\">\n              Trebuie s\u0103 fii <a href=\"https:\/\/ziaruldevrancea.ro\/account\">autentificat<\/a> pentru a putea raporta un comentariu.\n            <\/div>\n<\/div>\n<\/div>\n<div class=\"modal-footer\">\n<div id=\"commentReportPending\" class=\"formPending pull-left\"><img decoding=\"async\" src=\"https:\/\/zdvs.cname.ro\/images\/loader_40.gif\"> In curs de procesare&#8230;<\/div>\n<p><a href=\"https:\/\/ziaruldevrancea.ro\/actualitatea\/national\/mozaic-stiri-nationale-medic-sick-building-syndrome-este-sindromul-legat-de-aerul-conditionat\" class=\"btn btn-default\" data-dismiss=\"modal\">Anuleaz\u0103<\/a><\/div>\n<\/div>\n<\/div>\n<\/div>\n<div class=\"modal fade\" id=\"commentLikeModal\" role=\"dialog\" aria-labelledby=\"commentLikeModalLabel\">\n<div class=\"modal-dialog modal-lg\" role=\"document\">\n<div class=\"modal-content\">\n<div class=\"modal-header\">\n<h3 class=\"modal-title\" id=\"commentReportModalLabel\">Apreciaza comentariu<\/h3>\n<\/div>\n<div class=\"modal-body\">\n<div class=\"tabel tabel-full\">\n<div class=\"celula\">\n            Trebuie s\u0103 fii <a href=\"https:\/\/ziaruldevrancea.ro\/account\">autentificat<\/a> pentru a putea aprecia un comentariu.\n          <\/div>\n<\/div>\n<\/div>\n<div class=\"modal-footer\"><a href=\"https:\/\/ziaruldevrancea.ro\/actualitatea\/national\/mozaic-stiri-nationale-medic-sick-building-syndrome-este-sindromul-legat-de-aerul-conditionat\" class=\"btn btn-default\" data-dismiss=\"modal\">Anuleaz\u0103<\/a><\/div>\n<\/div>\n<\/div>\n<\/div>\n<div class=\"bloc-widget widget-rosu\"><span><small>Ziarul de Vrancea doreste ca acest site sa fie un spatiu al discutiilor civilizate, al comentariilor de bun simt. Din acest motiv, cei care posteaza comentarii la articole trebuie sa respecte urmatoarele reguli:<br \/>\n1. Sa se refere doar la articolul la care posteaza comentarii.<br \/>\n2. Sa foloseasca un limbaj civilizat, fara injurii, calomnii, comentarii antisemite, xenofobe sau rasiste.<br \/>\n3. Sunt interzise atacurile la adresa autorilor, daca acestea nu au legatura cu textul.<br \/>\n4. Username-ul sa nu fie nume de personalitati ale vietii publice sau parodieri ale acestora.<br \/>\nAutorul unui articol poate fi criticat pentru eventuale greseli, incoerenta, lipsa de documentare etc.<br \/>\nNerespectarea regulilor mentionate mai sus va duce la stergerea comentariilor, fara avertisment si fara explicatii.<br \/>\nAbaterile repetate vor avea drept consecinta interdictia accesului la aceasta facilitate a site-ului.<\/small><\/span><\/div>\n<\/div>\n<p>[analyse_source url=&#8221;https:\/\/ziaruldevrancea.ro\/actualitatea\/national\/mozaic-stiri-nationale-medic-sick-building-syndrome-este-sindromul-legat-de-aerul-conditionat&#8221;]<\/p>\n","protected":false},"excerpt":{"rendered":"<p>[analyse_image type=&#8221;featured&#8221; src=&#8221;https:\/\/zdvi.cname.ro\/_\/mozaic-stiri-nationale-medic-sick-building-syndrome-este-sindromul-legat-de-aerul-conditionat\/mediaPool\/u6n8qt2.jpg&#8221;] Na\u021bional MOZAIC \u0218TIRI NA\u021aIONALE: Medic: Sick Building Syndrome este sindromul legat de aerul condi\u0163ionat Distribuie: \u00a0 | Rodica Condurache 4 aug 2026424 vizualiz\u0103ri Care sunt simptomele Ochi irita\u0163i, tuse seac\u0103, senza\u0163ie de g\u00e2t uscat, dureri de cap, oboseal\u0103 sau dificult\u0103\u0163i de concentrare, sunt c\u00e2teva dintre simptomele pe care le acuz\u0103 multe persoane [&hellip;]<\/p>\n","protected":false},"author":1,"featured_media":0,"comment_status":"open","ping_status":"","sticky":false,"template":"","format":"standard","meta":{"footnotes":""},"categories":[89],"tags":[226,208],"class_list":["post-2085370","post","type-post","status-publish","format-standard","hentry","category-romania","tag-crawlmanager","tag-ziaruldevrancea-ro"],"_links":{"self":[{"href":"https:\/\/analyse.optim.biz\/index.php?rest_route=\/wp\/v2\/posts\/2085370","targetHints":{"allow":["GET"]}}],"collection":[{"href":"https:\/\/analyse.optim.biz\/index.php?rest_route=\/wp\/v2\/posts"}],"about":[{"href":"https:\/\/analyse.optim.biz\/index.php?rest_route=\/wp\/v2\/types\/post"}],"author":[{"embeddable":true,"href":"https:\/\/analyse.optim.biz\/index.php?rest_route=\/wp\/v2\/users\/1"}],"replies":[{"embeddable":true,"href":"https:\/\/analyse.optim.biz\/index.php?rest_route=%2Fwp%2Fv2%2Fcomments&post=2085370"}],"version-history":[{"count":0,"href":"https:\/\/analyse.optim.biz\/index.php?rest_route=\/wp\/v2\/posts\/2085370\/revisions"}],"wp:attachment":[{"href":"https:\/\/analyse.optim.biz\/index.php?rest_route=%2Fwp%2Fv2%2Fmedia&parent=2085370"}],"wp:term":[{"taxonomy":"category","embeddable":true,"href":"https:\/\/analyse.optim.biz\/index.php?rest_route=%2Fwp%2Fv2%2Fcategories&post=2085370"},{"taxonomy":"post_tag","embeddable":true,"href":"https:\/\/analyse.optim.biz\/index.php?rest_route=%2Fwp%2Fv2%2Ftags&post=2085370"}],"curies":[{"name":"wp","href":"https:\/\/api.w.org\/{rel}","templated":true}]}}