{"id":2085369,"date":"2026-08-03T00:00:00","date_gmt":"2026-08-02T21:00:00","guid":{"rendered":"https:\/\/analyse.optim.biz\/?p=2085369"},"modified":"2026-08-03T00:00:00","modified_gmt":"2026-08-02T21:00:00","slug":"mozaic-stiri-nationale-o-noua-golanie-psd-aur","status":"publish","type":"post","link":"https:\/\/analyse.optim.biz\/?p=2085369","title":{"rendered":"MOZAIC \u0218TIRI NA\u021aIONALE: \u201eO nou\u0103 gol\u0103nie PSD-AUR\u201d"},"content":{"rendered":"<p>[analyse_image type=&#8221;featured&#8221; src=&#8221;https:\/\/zdvi.cname.ro\/_\/mozaic-stiri-nationale-o-noua-golanie-psd-aur\/mediaPool\/u1Wi32W.jpeg&#8221;]<\/p>\n<div class=\"main-content detaliu-articol\"><a class=\"titlu-cat-list\" href=\"https:\/\/ziaruldevrancea.ro\/actualitatea\/national\">Na\u021bional<\/a><\/p>\n<h1>MOZAIC \u0218TIRI NA\u021aIONALE: \u201eO nou\u0103 gol\u0103nie PSD-AUR\u201d<\/h1>\n<div class=\"date-articol clearfix\">\n<div class=\"distribuie-articol dropdown\">\n    Distribuie: \u00a0<br \/>\n    <em>|<\/em><\/div>\n<div class=\"autor-articol\"><a href=\"https:\/\/ziaruldevrancea.ro\/autor\/rodica-condurache\/\"><img decoding=\"async\" class=\"img-circle\" src=\"https:\/\/zdvi.cname.ro\/50_50\/articleAuthor\/rodica-condurache\/articleAuthor\/uy6Kz5r.jpg\" alt><\/a><\/p>\n<h5><a href=\"https:\/\/ziaruldevrancea.ro\/autor\/rodica-condurache\/\">Rodica Condurache<\/a><\/h5>\n<div class=\"grup-spatiere\"><span class=\"cu-spatiere\"> 3 aug 2026<\/span><span class=\"cu-spatiere\">457 vizualiz\u0103ri<\/span><\/div>\n<\/div>\n<\/div>\n<div class=\"poza-mare\"><a href class=\"openGallery\"><img decoding=\"async\" class=\"img-responsive\" src=\"https:\/\/zdvi.cname.ro\/850_530\/mozaic-stiri-nationale-o-noua-golanie-psd-aur\/article\/mediaPool\/u1Wi32W.jpeg\" alt><\/a><\/div>\n<p>Un parlamentar liberal acuz\u0103 cele dou\u0103 partide c\u0103, prin modificarea legii ANI, preg\u0103tesc suspendare \u0219i demiterea pre\u0219edintelui<\/p>\n<p>Deputatul PNL Alexandru Muraru afirm\u0103, despre legea ANI discutat\u0103 \u00een Parlament, c\u0103 s-a produs \u201eo nou\u0103 gol\u0103nie PSD-AUR care arat\u0103 ce preg\u0103tesc ace\u0219tia pentru Nicu\u0219or Dan\u201d \u0219i c\u0103 \u201eurmeaz\u0103 proiectul pentru suspendare \u0219i demitere\u201d.<\/p>\n<p>\u201eAst\u0103zi nu s-a votat doar o lege. PSD \u0219i AUR \u0219i-au \u00eemp\u0103r\u021bit \u021bintele. PSD a vrut capul lui Dominic Fritz, iar AUR a vrut s\u0103 o transforme \u00een \u021bint\u0103 pe Mirabela Gr\u0103dinaru, partenera de via\u021b\u0103 a pre\u0219edintelui Rom\u00e2niei. \u0218i-au votat reciproc amendamentele. Un troc politic primitiv: mandatul lui Fritz contra vie\u021bii private a familiei pre\u0219edintelui. Este o nou\u0103 gol\u0103nie PSD\u2013AUR, dar \u0219i un vot pedagogic, din care trebuie s\u0103 \u00een\u021belegem dou\u0103 lucruri\u201d, afirm\u0103 Alexandru Muraru \u00eentr-o postare pe Facebook.<\/p>\n<p>Acesta sus\u021bine c\u0103 prima lec\u021bie este c\u0103 \u201ePSD ur\u0103\u0219te oamenii liberi\u201d: \u201eUr\u0103\u0219te oamenii care tr\u0103iesc cum aleg ei, care nu se conformeaz\u0103 tiparelor sale \u0219i care nu pot fi controla\u021bi. \u00cen viziunea acestui partid, cet\u0103\u021benii trebuie disciplina\u021bi, supu\u0219i \u0219i \u00eencadra\u021bi obligatoriu \u00eentr-un model impus de stat. Ce vin\u0103 are Mirabela Gr\u0103dinaru? Nu exercit\u0103 nicio func\u021bie public\u0103 \u0219i nu ia decizii \u00een numele statului. Este atacat\u0103 pentru simplul fapt c\u0103 este partenera de via\u021b\u0103 a pre\u0219edintelui. Nu transparen\u021ba este problema \u2014 transparen\u021ba demnitarilor trebuie ap\u0103rat\u0103. Problema este folosirea legii pentru a transforma via\u021ba personal\u0103 a unei femei \u00eentr-o arm\u0103 politic\u0103. Este populism extremist, cu reflexe misogine \u0219i cu intoleran\u021b\u0103 fa\u021b\u0103 de orice form\u0103 de alteritate.\u201d<\/p>\n<p>\u201ePSD-i\u0219tilor, a\u021bi r\u0103mas \u00een anii \u201990: primitivi, agresivi \u0219i convin\u0219i c\u0103 statul are dreptul s\u0103 intre cu bocancii \u00een via\u021ba oamenilor\u201d, adaug\u0103 deputatul PNL.<\/p>\n<p>Acesta spune c\u0103 acela\u0219i mecanism este folosit \u00eempotriva lui Dominic Fritz: \u201ePentru c\u0103 a tr\u0103it \u00een Germania \u0219i pentru c\u0103 nu provine din sistemul lor, PSD \u0219i AUR au construit \u00eempotriva sa o campanie de ur\u0103 public\u0103: \u00abE str\u0103in!\u00bb, minciuni, insulte \u0219i o xenofobie pe care doar aceste dou\u0103 partide o mai pot alimenta cu asemenea cinism. Cet\u0103\u021benii Timi\u0219oarei l-au ales prin vot, dar PSD \u00eencearc\u0103 s\u0103-l elimine retroactiv printr-o lege cu dedica\u021bie.\u201d<\/p>\n<p>A doua lec\u021bie, spune Muraru, este c\u0103 \u201ealian\u021ba PSD\u2013AUR func\u021bioneaz\u0103 foarte bine\u201d. \u201eSe construiesc pun\u021bi, se negociaz\u0103 \u021binte, se schimb\u0103 voturi \u0219i se testeaz\u0103 o nou\u0103 majoritate. Uneori \u00een subteran, alteori la vedere. Ast\u0103zi, PSD \u0219i AUR au demonstrat c\u0103 pot opera coordonat \u00een Parlament: fiecare voteaz\u0103 r\u0103zbunarea politic\u0103 dorit\u0103 de cel\u0103lalt. \u00cemi pare r\u0103u pentru pre\u0219edintele Nicu\u0219or Dan, dar acesta este avertismentul pe care trebuie s\u0103-l \u00een\u021beleag\u0103. Ast\u0103zi \u00eei transform\u0103 partenera de via\u021b\u0103 \u00eentr-o \u021bint\u0103 legislativ\u0103. M\u00e2ine, dac\u0103 \u00ee\u0219i consolideaz\u0103 majoritatea \u0219i nu vor mai avea nevoie de el, vor redacta proiectul pentru suspendarea sa. Iar, pe m\u0103sur\u0103 ce ne apropiem de 2028, vor \u00eencerca \u0219i demiterea. Pre\u0219edintele risc\u0103 s\u0103 culeag\u0103 ceea ce a sem\u0103nat prin concesiile f\u0103cute PSD \u0219i prin tolerarea jocului s\u0103u dublu. PSD \u0219i AUR nu au alia\u021bi, au doar interese \u0219i \u021binte temporare. PNL nu a votat aceast\u0103 alian\u021b\u0103 a r\u0103zbun\u0103rii, xenofobiei \u0219i intoleran\u021bei. Legile trebuie f\u0103cute pentru Rom\u00e2nia, nu \u00eempotriva unor persoane\u201d, mai afirm\u0103 Alexandru Muraru.<\/p>\n<p><strong>Radu Miru\u021b\u0103: \u00cen zona centralei nucleare de la Cernavod\u0103, nivelul Dun\u0103rii a crescut cu 2 cm fa\u021b\u0103 de ziua trecut\u0103<\/strong><\/p>\n<p>Ministrul interimar al Ap\u0103r\u0103rii, Radu Miru\u021b\u0103, a anun\u021bat c\u0103 nivelul Dun\u0103rii a crescut cu 2 cm fa\u021b\u0103 de ziua trecut\u0103 \u00een zona centralei nucleare de la Cernavod\u0103, ceea ce asigur\u0103 func\u021bionarea \u00een continuare a acesteia, urmare a opera\u021biunii derulate de speciali\u0219tii Armatei.<\/p>\n<p>&#8216;Ve\u0219ti bune: la centrala nuclear\u0103 de la Cernavod\u0103, nivelul apei a crescut cu 2 cm fa\u021b\u0103 de ziua trecut\u0103. \u021ain\u00e2nd cont de faptul c\u0103 prognoza indica o sc\u0103dere cu 2 cm, putem spune c\u0103 opera\u021biunea de ieri a adus un c\u00e2\u0219tig net de cel pu\u021bin 4 cm, adic\u0103 alte 2 zile de func\u021bionare \u00een plus doar din etapele de p\u00e2n\u0103 acum. Felicit\u0103ri, ANAR, pentru solu\u021bie!&#8217;, a scris Miru\u021b\u0103, mar\u021bi, \u00eentr-o postare pe facebook.<\/p>\n<p>Ministrul interimar al Ap\u0103r\u0103rii Na\u021bionale a anun\u021bat luni c\u0103 st\u00e2nca aflat\u0103 \u00een apropierea bra\u021bului Bala al Dun\u0103rii a fost dislocat\u0103 cu ajutorul a 180 de kilograme de explozibil, preciz\u00e2nd c\u0103 care prin aceast\u0103 m\u0103sur\u0103 s-a urm\u0103rit s\u0103 se reechilibreze debitul Dun\u0103rii.<\/p>\n<p>&#8216;St\u00e2nca a fost dislocat\u0103. S-au scufundat scafandrii, doar din ce au observat scafandrii \u00een apa \u00eenc\u0103 tulbure patru metri din st\u00e2nc\u0103 au disp\u0103rut, nici nu era calculul pentru chiar at\u00e2t de mult. S-au introdus 180 de kilograme de explozibil. (&#8230;) Indiferent de consecin\u021bele finale pentru centrala de la Cernavod\u0103 din aceste zile, ce s-a reu\u0219it prin dislocarea acestei st\u00e2nci este un lucru necesar at\u00e2t naviga\u021biei, c\u00e2t \u0219i drag\u0103rii pe viitor, u\u0219urarea drag\u0103rii Dun\u0103rii vechi&#8217;, a precizat Miru\u021b\u0103, \u00eentr-o conferin\u021b\u0103 de pres\u0103.<\/p>\n<p><strong>Patru angaja\u0163i ai Penitenciarului Giurgiu, re\u0163inu\u0163i dup\u0103 ce un de\u0163inut b\u0103tut a intrat \u00een stop cardiac<\/strong><\/p>\n<p>Patru angaja\u0163i ai Penitenciarului Giurgiu au fost re\u0163inu\u0163i \u00een dosarul de purtare abuziv\u0103 deschis de procurorii \u015fi poli\u0163i\u015ftii din jude\u0163 dup\u0103 ce un de\u0163inut b\u0103tut \u015fi dus la spital a intrat \u00een stop cardi-respirator, fiind resuscitat de c\u0103tre cardele medicale. Mar\u0163i, Parchetul ba decide dac\u0103 propune emiterea de mandate de arestare pe numele lor sau dac\u0103 dispune o alt\u0103 m\u0103sur\u0103 preventiv\u0103.<\/p>\n<p>\u00cen dosarul instrumentat sub coordonarea rul Parchetului de pe l\u00e2ng\u0103 Judec\u0103toria Giurgiu, poli\u0163i\u015ftii au re\u0163inut, penyru 24 de ore, patru b\u0103rba\u0163i, cu v\u00e2rste cuprinse \u00eentre 27 \u015fi 42 de ani. Este vorba despre angaja\u0163i ai Penitenciarului Giurgiu, inculpa\u0163i pentru purtare abuziv\u0103.<\/p>\n<p>Mar\u0163i, 4 august, ace\u015ftia vor fi prezenta\u0163i unit\u0103\u0163ii de parchet competente, cu propuneri procedurale.<\/p>\n<p>Cei patru, al\u0103turi de alte persoane, au fost ridica\u0163i \u015fi du\u015fi la audieri \u00een urma unor perchezi\u0163ii domiciliare f\u0103cite luni la 11 adrese din jude\u0163ul Giurgiu. \u00cen urma descinderilor au fost descoperite \u015fi ridicate mai multe bunuri cu valoare probatorie \u015fi \u00eenscrisuri de interes pentru cauz\u0103, transmit oficialii Poli\u0163iei Giurgiu.<\/p>\n<p>Dosarul a fost deschis dup\u0103 ce, luna trecut\u0103, mai mul\u0163i angaja\u0163i ai Penitenciarului Giurgiu, au fost filma\u0163i \u00een timp ce bat cu s\u0103lb\u0103ticie un de\u0163inut.<\/p>\n<p>B\u0103rbatul, condamnat la aproape doi ani de deten\u0163ie pentru conducerea sub influen\u0163a alcoolului \u015fi furt, a ajuns la Spitalul Jude\u0163ean Giurgiu de dou\u0103 ori \u00eentr-o singur\u0103 zi. A doua oar\u0103 avea semne de violen\u0163\u0103 pe bra\u0163e, picioare \u015fi la cap. El a intrat \u00een stop cardio-respirator, fiind resuscitat.<\/p>\n<p>Dup\u0103 incident, Administra\u0163ia Na\u0163ional\u0103 a Penitenciarelor (ANP) a anun\u0163at c\u0103 a trimis o echip\u0103 de control la Penitenciarul Giurgiu, \u00een urma unor suspiciuni de folosire dispropor\u0163ional\u0103 a for\u0163ei de c\u0103tre angaja\u0163i, \u00een timpul unui incident.<\/p>\n<p>&#8220;Analiza preliminar\u0103 a materialului video a eviden\u0163iat existen\u0163a unor indicii privind utilizarea for\u0163ei \u00eentr-o manier\u0103 care impune verific\u0103ri aprofundate, exist\u00e2nd, totodat\u0103, suspiciunea \u00eentrunirii elementelor constitutive ale unor infrac\u0163iuni&#8221;, a ar\u0103tat ANP.<\/p>\n<p><strong>Cum va fi vremea \u00een luna august<\/strong><\/p>\n<p>Administra\u0163ia Na\u0163ional\u0103 de Meteorologie a publicat, pe baza estim\u0103rilor Centrului European pentru Prognoze pe Medie Durat\u0103 (ECMWF), actualizarea prognozei meteorologice pentru intervalul 3\u201331 august, care indic\u0103 temperaturi peste medie \u00een cea mai mare parte a teritoriului \u0163\u0103rii, \u00een special \u00een regiunile vestice, precum \u015fi un deficit de precipita\u0163ii, mai accentuat \u00een prima s\u0103pt\u0103m\u00e2n\u0103 a lunii.<\/p>\n<p>\u00cen s\u0103pt\u0103m\u00e2na 3\u201310 august 2026, valorile termice medii se vor situa peste cele specifice acestei perioade pe \u00eentreg teritoriul Rom\u00e2niei, cu o abatere pozitiv\u0103 mai accentuat\u0103 \u00een regiunile vestice. Regimul pluviometric va fi deficitar la nivelul \u00eentregii \u0163\u0103ri, \u00een special \u00een regiunile intracarpatice.<\/p>\n<p>\u00cen s\u0103pt\u0103m\u00e2na 10\u201317 august 2026, temperaturile medii vor dep\u0103\u015fi normele climatologice \u00een regiunile sud-vestice, vestice, nord-vestice \u015fi centrale, urm\u00e2nd s\u0103 fie apropiate de normal \u00een rest. Cantit\u0103\u0163ile de precipita\u0163ii vor fi deficitare \u00een vestul \u015fi nord-vestul \u0163\u0103rii, iar \u00een celelalte regiuni se vor situa \u00een jurul valorilor normale.<\/p>\n<p>\u00cen s\u0103pt\u0103m\u00e2na 17\u201324 august 2026, temperatura medie va fi mai ridicat\u0103 dec\u00e2t normalul climatologic \u00een vestul, sud-vestul, nordul \u015fi centrul teritoriului, cu valori apropiate de normal \u00een restul \u0163\u0103rii. Regimul pluviometric va fi apropiat de normal la nivelul \u00eentregii \u0163\u0103ri.<\/p>\n<p>\u00cen s\u0103pt\u0103m\u00e2na 24\u201331 august 2026, mediile termice vor fi u\u015for peste normal \u00een regiunile vestice \u015fi centrale, iar \u00een rest apropiate de normal. Cantit\u0103\u0163ile de precipita\u0163ii se vor men\u0163ine \u00een limite normale pe \u00eentreg teritoriul.<\/p>\n<p>Estim\u0103rile reprezint\u0103 mediile s\u0103pt\u0103m\u00e2nale ale abaterilor de temperatur\u0103 \u015fi precipita\u0163ii fa\u0163\u0103 de perioada de referin\u0163\u0103 2006\u20132025, actualizarea fiind realizat\u0103 la data de 3 august 2026. Meteorologii precizeaz\u0103 c\u0103 acest tip de produs nu poate surprinde fenomenele extreme de scurt\u0103 durat\u0103.<\/p>\n<p><strong>Diana \u0218o\u0219oac\u0103 a pierdut, la Tribunalul UE, procesul prin care cerea suspendarea deciziei Parlamentului European de ridicare a imunit\u0103\u021bii sale<\/strong><\/p>\n<p>Tribunalul Uniunii Europene, o instan\u021b\u0103 din sistemul Cur\u021bii de Justi\u021bie a UE, a respins cererea prin care eurodeputata Diana Iovanovici \u0218o\u0219oac\u0103 a solicitat suspendarea de la aplicare a hot\u0103r\u00e2rii Parlamentului European de ridicare a imunit\u0103\u021bii sale. Diana \u0218o\u0219oac\u0103 a invocat cinci motive pentru care care cere suspendarea hot\u0103r\u00e2rii PE, dar toate au fost respinse de vicepre\u0219edintele Tribunalului UE, Savvas Papasavvas, ca ne\u00eentemeiate.<\/p>\n<p>Parlamentul European a hot\u0103r\u00e2t, pe 28 aprilie 2026, ridicarea imunit\u0103\u021bii parlamentare a Dianei \u0218o\u0219ooac\u0103, la cererea autorit\u0103\u021bilor rom\u00e2ne, pentru o serie de fapte presupus penale, comise \u00een perioada 2021-2025. Faptele de care este acuzat\u0103 includ agresarea unor jurnali\u0219ti italieni, \u00een decembrie 2021, \u0219i p\u00een\u0103 la o serie de declara\u021bii f\u0103cute at\u00e2t \u00een perioada \u00een care era senator al Rom\u00e2niei, c\u00e2t \u0219i europarlmentar.<\/p>\n<p>Parlamentul European a exclus de la ridicarea imunit\u0103\u021bii o singur\u0103 declara\u021bie f\u0103cut\u0103 de Diana \u0218o\u0219oac\u0103, pe 11 februarie 2025, \u00een plenul PE, consider\u00e2nd c\u0103 a fost f\u0103cut\u0103 \u00een exercitarea mandatului s\u0103u. Pentru toate celelalte declara\u021bii, Parlamentul European a considerat c\u0103 nu au fost f\u0103cute \u00een exercitarea mandatului de europarlamentar, a\u0219a c\u0103 a dispus ridicarea imunit\u0103\u021bii. Tribunalul a respins cererea Dianei \u0218o\u0219oac\u0103, ar\u0103t\u00e2nd c\u0103 at\u00e2ta vreme c\u00e2t imunitatea \u00eempiedic\u0103 definitiv autorit\u0103\u021bile s\u0103 exercite ac\u021biunea penal\u0103 \u0219i, \u00een plus, priveaz\u0103 p\u0103r\u021bile civile afectate de la repararea prejudiciului suferit, leg\u0103tura dintre declara\u021biile parlamentarului \u0219i mandatul s\u0103u trebuie s\u0103 fie \u201edirect\u0103 \u0219i evident\u0103\u201d. \u00cen caz contrar, imunitatea trebuie s\u0103 fie ridicat\u0103.<\/p>\n<p>Tribunalul Uniunii Europene, instan\u021b\u0103 inferioar\u0103 Cur\u021bii de Justi\u021bie a UE, judec\u0103 \u00een principal\u00a0 cauzele introduse de particulari, \u00eentreprinderi \u0219i organiza\u021bii care atac\u0103 acte sau decizii adoptate de institu\u021biile \u0219i de celelalte organisme ale Uniunii.<\/p>\n<p><strong>Cunoscut baron PSD, fotografiat cu un ceas Cartier de 44.000 euro<\/strong><\/p>\n<p>Pre\u0219edintele Consiliului Jude\u021bean Olt, Marius Oprescu (PSD), a ap\u0103rut la un eveniment public cu un ceas care are toate aparen\u021bele unui model Cartier Santos Dumont Watch, arat\u0103 pe Facebook Mihai V\u0103duva, din Olt. Modelul cost\u0103 circa 44.000 de euro, scrie defapt.ro. \u0218i al\u021bi lideri PSD, inclusiv Sorin Grindeanu, au fost fotografia\u021bi cu ceasuri de lux, dar s-au ap\u0103rat spun\u00e2nd c\u0103 sunt falsuri ieftine sau presa nu a identificat corect modelul.<\/p>\n<p>\u201eMarius Oprescu, pre\u0219edintele CJ Olt la zilele comunei Spineni, Olt. Ceas, Cartier Santos Dumont Watch &#8211; 38.000\u00a3, adic\u0103 233.061,60 Ron. Peste dou\u0103 miliarde de lei vechi. Nu UE v\u0103 s\u0103r\u0103ce\u0219te m\u0103, \u0103\u0219tia v\u0103 s\u0103r\u0103cesc\u201d, a scris V\u0103duva.<\/p>\n<p>Potrivit ultimei declara\u021bii de avere, din 2024, care acoper\u0103 anul fiscal 2024, veniturile lui Oprescu \u0219i ale so\u021biei au fost: el, salariu net anual de 214.810 lei (mai pu\u021bin dec\u00e2t valoarea ceasului), ea &#8211; 61.600 lei, net, anual. Cei doi declarau doar un apartament de 60 mp, in Slatina, un BMW \u0219i un Range Rover.<\/p>\n<p>\u00cen 2013, presa a scris c\u0103 Marius Oprescu a vrut s\u0103 mu\u0219amalizeze un accident de ma\u0219in\u0103. El ar fi lovit cu ma\u0219ina de serviciu de la CJ Olt \u2013 o Toyota Hilux \u2013 o c\u0103ru\u021b\u0103 nesemnalizat\u0103 \u00eenc\u0103rcat\u0103 cu lemne, r\u0103nind patru persoane, printre care \u0219i un adult care a murit dup\u0103 trei s\u0103pt\u0103m\u00e2ni.<\/p>\n<p>\u00a0<\/p>\n<hr>\n<div class=\"bloc-widget widget-rosu\">\n<p>\u00cen lipsa unui acord scris din partea Ziarului de Vrancea, pute\u0163i prelua maxim 500 de caractere din acest articol dac\u0103 preciza\u0163i sursa \u015fi insera\u0163i vizibil link-ul articolului:\u00a0<span>#insertcurrentlinkhere<\/span><\/p>\n<\/div>\n<div class=\"extra-articol listing-anunturi\">\n<h6>Anun\u021buri <span class=\"text-primary\">ZdV<\/span> Premium<\/h6>\n<div class=\"row\">\n<div class=\"col-lg-4 col-md-6 bloc-egal\"><a class=\"card-anunt\" href=\"https:\/\/ziaruldevrancea.ro\/anunturi\/inchirieri\/locuinte-oferte\/primesc-in-gazda-elevi-anunt-72832\"><strong class=\"titlu\">Locuin\u021be oferte<\/strong><span class=\"text-anunt\">Primesc \u00een gazd\u0103 elevi la cas\u0103-vil\u0103,&#8230;<\/span><span class=\"data-anunt\">07.08.2026  <\/span><\/a><\/div>\n<div class=\"col-lg-4 col-md-6 bloc-egal\"><a class=\"card-anunt\" href=\"https:\/\/ziaruldevrancea.ro\/anunturi\/altele\/matrimoniale\/Imi-caut-sufletul-pereche-anunt-72833\"><strong class=\"titlu\">Matrimoniale<\/strong><span class=\"text-anunt\">Domn serios caut doamn\u0103 serioas\u0103, v\u00e2rsta&#8230;<\/span><span class=\"data-anunt\">07.08.2026  <\/span><\/a><\/div>\n<div class=\"col-lg-4 col-md-6 bloc-egal\"><a class=\"card-anunt\" href=\"https:\/\/ziaruldevrancea.ro\/anunturi\/angajari\/oferte-angajari\/angajare-anunt-72830\"><strong class=\"titlu\">Oferte<\/strong><span class=\"text-anunt\">ECOSISTEM SRL cu sediul in localitatea Jorasti,&#8230;<\/span><span class=\"data-anunt\">05.08.2026  <\/span><\/a><\/div>\n<\/div>\n<\/div>\n<div class=\"extra-articol alte-articole\">\n<div class=\"row\">\n<div class=\"col-lg-6 bloc-egal\">\n<div class=\"card articol-listing\">\n<h6>\u00cen categoria <a href=\"https:\/\/ziaruldevrancea.ro\/actualitatea\/national\">Na\u021bional<\/a><\/h6>\n<div class=\"grup-articol-listing\">\n<div class=\"cont-pils\"><a href=\"https:\/\/ziaruldevrancea.ro\/actualitatea\/national\/mozaic-Stiri-naTionale-salvamontistii-germani-recuperati-din-bucegi-le-au-spus-colegilor-lor-prahoveni-ca-nu-au-crezut-ca-e-posibila-o-astfel-de-salvare-in-romania-ci-doar-in-elvetia\"><img decoding=\"async\" src=\"https:\/\/zdvi.cname.ro\/180_135\/actualitatea\/national\/mozaic-Stiri-naTionale-salvamontistii-germani-recuperati-din-bucegi-le-au-spus-colegilor-lor-prahoveni-ca-nu-au-crezut-ca-e-posibila-o-astfel-de-salvare-in-romania-ci-doar-in-elvetia\/mediaPool\/ucSc7z0.jpg\" class=\"img-responsive img-180\" alt><\/a><\/div>\n<h2><a class=\"link-titlu\" href=\"https:\/\/ziaruldevrancea.ro\/actualitatea\/national\/mozaic-Stiri-naTionale-salvamontistii-germani-recuperati-din-bucegi-le-au-spus-colegilor-lor-prahoveni-ca-nu-au-crezut-ca-e-posibila-o-astfel-de-salvare-in-romania-ci-doar-in-elvetia\">MOZAIC \u0218TIRI NA\u021aIONALE: Salvamonti\u015ftii germani recupera\u0163i din Bucegi le-au spus colegilor lor prahoveni c\u0103 nu au crezut c\u0103 e posibil\u0103 o astfel de salvare \u00een Rom\u00e2nia, ci doar \u00een Elve\u0163ia<\/a><\/h2>\n<div class=\"date-post\"><a href=\"https:\/\/ziaruldevrancea.ro\/autor\/rodica-condurache\">Rodica Condurache<\/a>,  8 aug 2026  <\/div>\n<\/div>\n<div class=\"grup-articol-listing\">\n<div class=\"cont-pils\"><a href=\"https:\/\/ziaruldevrancea.ro\/actualitatea\/national\/mozaic-Stiri-naTionale-nu-exista-solutii-magice-avertizeaza-maia-sandu-vorbind-despre-criza-energetica\"><img decoding=\"async\" src=\"https:\/\/zdvi.cname.ro\/180_135\/actualitatea\/national\/mozaic-Stiri-naTionale-nu-exista-solutii-magice-avertizeaza-maia-sandu-vorbind-despre-criza-energetica\/mediaPool\/uy8Z8Qu.jpg\" class=\"img-responsive img-180\" alt><\/a><\/div>\n<h2><a class=\"link-titlu\" href=\"https:\/\/ziaruldevrancea.ro\/actualitatea\/national\/mozaic-Stiri-naTionale-nu-exista-solutii-magice-avertizeaza-maia-sandu-vorbind-despre-criza-energetica\">MOZAIC \u0218TIRI NA\u021aIONALE:  \u201eNu exist\u0103 solu\u0163ii magice\u201d, avertizeaz\u0103 Maia Sandu vorbind despre criza energetic\u0103<\/a><\/h2>\n<div class=\"date-post\"><a href=\"https:\/\/ziaruldevrancea.ro\/autor\/rodica-condurache\">Rodica Condurache<\/a>,  5 aug 2026  <\/div>\n<\/div>\n<div class=\"grup-articol-listing\">\n<div class=\"cont-pils\"><a href=\"https:\/\/ziaruldevrancea.ro\/actualitatea\/national\/mozaic-stiri-nationale-medic-sick-building-syndrome-este-sindromul-legat-de-aerul-conditionat\"><img decoding=\"async\" src=\"https:\/\/zdvi.cname.ro\/180_135\/actualitatea\/national\/mozaic-stiri-nationale-medic-sick-building-syndrome-este-sindromul-legat-de-aerul-conditionat\/mediaPool\/u6n8qt2.jpg\" class=\"img-responsive img-180\" alt><\/a><\/div>\n<h2><a class=\"link-titlu\" href=\"https:\/\/ziaruldevrancea.ro\/actualitatea\/national\/mozaic-stiri-nationale-medic-sick-building-syndrome-este-sindromul-legat-de-aerul-conditionat\">MOZAIC \u0218TIRI NA\u021aIONALE: Medic: Sick Building Syndrome este sindromul legat de aerul condi\u0163ionat<\/a><\/h2>\n<div class=\"date-post\"><a href=\"https:\/\/ziaruldevrancea.ro\/autor\/rodica-condurache\">Rodica Condurache<\/a>,  4 aug 2026  <\/div>\n<\/div>\n<\/div>\n<\/div>\n<div class=\"col-lg-6 bloc-egal\">\n<div class=\"card articol-listing\">\n<h6>De acela\u0219i <a href=\"https:\/\/ziaruldevrancea.ro\/autor\/rodica-condurache\/\">autor<\/a><\/h6>\n<div class=\"grup-articol-listing\">\n<div class=\"cont-pils\"><a href=\"https:\/\/ziaruldevrancea.ro\/timp-liber\/horoscop-10-august-2026-articol-1688876483\"><img decoding=\"async\" src=\"https:\/\/zdvi.cname.ro\/180_135\/timp-liber\/horoscop-10-august-2026-articol-1688876483\/mediaPool\/uA8enxT.jpg\" class=\"img-responsive img-180\" alt><\/a><\/div>\n<h2><a class=\"link-titlu\" href=\"https:\/\/ziaruldevrancea.ro\/timp-liber\/horoscop-10-august-2026-articol-1688876483\">Horoscop 10 august 2026 <\/a><\/h2>\n<div class=\"date-post\"><a href=\"https:\/\/ziaruldevrancea.ro\/#comentarii\" class=\"pull-right\"> 4<\/a><a href=\"https:\/\/ziaruldevrancea.ro\/autor\/rodica-condurache\">Rodica Condurache<\/a>, 10 aug 2026  <\/div>\n<\/div>\n<div class=\"grup-articol-listing\">\n<div class=\"cont-pils\"><a href=\"https:\/\/ziaruldevrancea.ro\/timp-liber\/calendarul-zilei-de-10-august\"><img decoding=\"async\" src=\"https:\/\/zdvi.cname.ro\/180_135\/timp-liber\/calendarul-zilei-de-10-august\/mediaPool\/uh5ZUdy.png\" class=\"img-responsive img-180\" alt><\/a><\/div>\n<h2><a class=\"link-titlu\" href=\"https:\/\/ziaruldevrancea.ro\/timp-liber\/calendarul-zilei-de-10-august\">Calendarul zilei de 10 august: de la piatra de temelie a Castelului Pele\u0219 la recordul absolut de temperatur\u0103 din Rom\u00e2nia<\/a><\/h2>\n<div class=\"date-post\"><a href=\"https:\/\/ziaruldevrancea.ro\/autor\/rodica-condurache\">Rodica Condurache<\/a>, 10 aug 2026  <\/div>\n<\/div>\n<div class=\"grup-articol-listing\">\n<div class=\"cont-pils\"><a href=\"https:\/\/ziaruldevrancea.ro\/timp-liber\/horoscop-9-august-2026\"><img decoding=\"async\" src=\"https:\/\/zdvi.cname.ro\/180_135\/timp-liber\/horoscop-9-august-2026\/mediaPool\/uA8enxT.jpg\" class=\"img-responsive img-180\" alt><\/a><\/div>\n<h2><a class=\"link-titlu\" href=\"https:\/\/ziaruldevrancea.ro\/timp-liber\/horoscop-9-august-2026\">Horoscop 9 august 2026 <\/a><\/h2>\n<div class=\"date-post\"><a href=\"https:\/\/ziaruldevrancea.ro\/autor\/rodica-condurache\">Rodica Condurache<\/a>,  9 aug 2026  <\/div>\n<\/div>\n<\/div>\n<\/div>\n<\/div>\n<\/div>\n<div class=\"extra-articol listing-anunturi\">\n<h6>Anun\u021buri <span class=\"text-primary\">ZdV<\/span> Premium<\/h6>\n<div class=\"row\">\n<div class=\"col-lg-4 col-md-6 bloc-egal\"><a class=\"card-anunt\" href=\"https:\/\/ziaruldevrancea.ro\/anunturi\/altele\/servicii\/caut-o-persoana-sau-o-familie-pentru-ingrijirea-unei-batrane\"><strong class=\"titlu\">Servicii<\/strong><span class=\"text-anunt\">Caut o persoan\u0103\u00a0sau o familie serioas\u0103&#8230;<\/span><span class=\"data-anunt\">04.08.2026  <\/span><\/a><\/div>\n<div class=\"col-lg-4 col-md-6 bloc-egal\"><a class=\"card-anunt\" href=\"https:\/\/ziaruldevrancea.ro\/anunturi\/imobiliare\/vanzari-ap-2-camere\/vand-apartament-2-camere-in-focsani-anunt-72825\"><strong class=\"titlu\">V\u00e2nz\u0103ri ap 2 camere<\/strong><span class=\"text-anunt\">V\u00e2nd apartament 2 camere, hol p\u0103trat,&#8230;<\/span><span class=\"data-anunt\">04.08.2026  <\/span><\/a><\/div>\n<div class=\"col-lg-4 col-md-6 bloc-egal\"><a class=\"card-anunt\" href=\"https:\/\/ziaruldevrancea.ro\/anunturi\/angajari\/oferte-angajari\/caut-femeie-pt-supraveghere-batrana-paralizata-focsani-fara-menaj-program-de-la-9la-17-de-luni-pana-vineri-salariu-2600\"><strong class=\"titlu\">Oferte<\/strong><span class=\"text-anunt\">Caut femeie pentru\u00a0supraveghere&#8230;<\/span><span class=\"data-anunt\">05.08.2026 , Vrancea , Foc\u0219ani<\/span><\/a><\/div>\n<\/div>\n<\/div>\n<div class=\"bloc-widget widget-albastru\">\n    Ziarul de Vrancea \u00a0nu este responsabil juridic pentru con\u0163inutul textelor din comentariile de mai jos. Responsabilitatea pentru mesajele dumneavoastra v\u0103 revine \u00een exclusivitate.\n<\/div>\n<div class=\"comentarii-articol\" id=\"comentarii\">\n<h3>Comentarii: <span class=\"text-primary\">0<\/span><\/h3>\n<p><a href=\"https:\/\/ziaruldevrancea.ro\/actualitatea\/national\/mozaic-stiri-nationale-o-noua-golanie-psd-aur\" class=\"btn btn-success btn-adauga-com\" data-toggle=\"modal\" data-parent=\"0\" data-target=\"#commentModal\">Adaug\u0103 comentariu<\/a><\/p>\n<div class=\"loadMask comments-mask\"><img decoding=\"async\" src=\"https:\/\/zdvs.cname.ro\/images\/loader_40.gif\"><\/div>\n<div class=\"comenteaza-jos\">Trebuie s\u0103 fii <a href=\"https:\/\/ziaruldevrancea.ro\/account\">autentificat<\/a> pentru a putea <a href=\"https:\/\/ziaruldevrancea.ro\/actualitatea\/national\/mozaic-stiri-nationale-o-noua-golanie-psd-aur\" class data-toggle=\"modal\" data-parent=\"0\" data-target=\"#commentModal\">posta un comentariu<\/a>.<\/div>\n<\/div>\n<div class=\"modal fade\" id=\"commentModal\" role=\"dialog\" aria-labelledby=\"commentModalLabel\">\n<div class=\"modal-dialog modal-lg\" role=\"document\">\n<div class=\"modal-content\">\n<div class=\"modal-header\">\n<h3 class=\"modal-title\" id=\"commentModalLabel\">Comenteaz\u0103<\/h3>\n<\/div>\n<div class=\"modal-body\">\n<div class=\"tabel tabel-full\">\n<div class=\"celula\">\n              Trebuie s\u0103 fii <a href=\"https:\/\/ziaruldevrancea.ro\/account\">autentificat<\/a> pentru a putea posta un comentariu.\n            <\/div>\n<\/div>\n<\/div>\n<div class=\"modal-footer\">\n<div id=\"commentPending\" class=\"formPending pull-left\"><img decoding=\"async\" src=\"https:\/\/zdvs.cname.ro\/images\/loader_40.gif\"> In curs de procesare&#8230;<\/div>\n<p><a href=\"https:\/\/ziaruldevrancea.ro\/actualitatea\/national\/mozaic-stiri-nationale-o-noua-golanie-psd-aur\" class=\"btn btn-default\" data-dismiss=\"modal\">Anuleaz\u0103<\/a><\/div>\n<\/div>\n<\/div>\n<\/div>\n<div class=\"modal fade\" id=\"commentReportModal\" role=\"dialog\" aria-labelledby=\"commentReportModalLabel\">\n<div class=\"modal-dialog modal-lg\" role=\"document\">\n<div class=\"modal-content\">\n<div class=\"modal-header\">\n<h3 class=\"modal-title\" id=\"commentReportModalLabel\">Raporteaza comentariu<\/h3>\n<\/div>\n<div class=\"modal-body\">\n<div class=\"tabel tabel-full\">\n<div class=\"celula\">\n              Trebuie s\u0103 fii <a href=\"https:\/\/ziaruldevrancea.ro\/account\">autentificat<\/a> pentru a putea raporta un comentariu.\n            <\/div>\n<\/div>\n<\/div>\n<div class=\"modal-footer\">\n<div id=\"commentReportPending\" class=\"formPending pull-left\"><img decoding=\"async\" src=\"https:\/\/zdvs.cname.ro\/images\/loader_40.gif\"> In curs de procesare&#8230;<\/div>\n<p><a href=\"https:\/\/ziaruldevrancea.ro\/actualitatea\/national\/mozaic-stiri-nationale-o-noua-golanie-psd-aur\" class=\"btn btn-default\" data-dismiss=\"modal\">Anuleaz\u0103<\/a><\/div>\n<\/div>\n<\/div>\n<\/div>\n<div class=\"modal fade\" id=\"commentLikeModal\" role=\"dialog\" aria-labelledby=\"commentLikeModalLabel\">\n<div class=\"modal-dialog modal-lg\" role=\"document\">\n<div class=\"modal-content\">\n<div class=\"modal-header\">\n<h3 class=\"modal-title\" id=\"commentReportModalLabel\">Apreciaza comentariu<\/h3>\n<\/div>\n<div class=\"modal-body\">\n<div class=\"tabel tabel-full\">\n<div class=\"celula\">\n            Trebuie s\u0103 fii <a href=\"https:\/\/ziaruldevrancea.ro\/account\">autentificat<\/a> pentru a putea aprecia un comentariu.\n          <\/div>\n<\/div>\n<\/div>\n<div class=\"modal-footer\"><a href=\"https:\/\/ziaruldevrancea.ro\/actualitatea\/national\/mozaic-stiri-nationale-o-noua-golanie-psd-aur\" class=\"btn btn-default\" data-dismiss=\"modal\">Anuleaz\u0103<\/a><\/div>\n<\/div>\n<\/div>\n<\/div>\n<div class=\"bloc-widget widget-rosu\"><span><small>Ziarul de Vrancea doreste ca acest site sa fie un spatiu al discutiilor civilizate, al comentariilor de bun simt. Din acest motiv, cei care posteaza comentarii la articole trebuie sa respecte urmatoarele reguli:<br \/>\n1. Sa se refere doar la articolul la care posteaza comentarii.<br \/>\n2. Sa foloseasca un limbaj civilizat, fara injurii, calomnii, comentarii antisemite, xenofobe sau rasiste.<br \/>\n3. Sunt interzise atacurile la adresa autorilor, daca acestea nu au legatura cu textul.<br \/>\n4. Username-ul sa nu fie nume de personalitati ale vietii publice sau parodieri ale acestora.<br \/>\nAutorul unui articol poate fi criticat pentru eventuale greseli, incoerenta, lipsa de documentare etc.<br \/>\nNerespectarea regulilor mentionate mai sus va duce la stergerea comentariilor, fara avertisment si fara explicatii.<br \/>\nAbaterile repetate vor avea drept consecinta interdictia accesului la aceasta facilitate a site-ului.<\/small><\/span><\/div>\n<\/div>\n<p>[analyse_source url=&#8221;https:\/\/ziaruldevrancea.ro\/actualitatea\/national\/mozaic-stiri-nationale-o-noua-golanie-psd-aur&#8221;]<\/p>\n","protected":false},"excerpt":{"rendered":"<p>[analyse_image type=&#8221;featured&#8221; src=&#8221;https:\/\/zdvi.cname.ro\/_\/mozaic-stiri-nationale-o-noua-golanie-psd-aur\/mediaPool\/u1Wi32W.jpeg&#8221;] Na\u021bional MOZAIC \u0218TIRI NA\u021aIONALE: \u201eO nou\u0103 gol\u0103nie PSD-AUR\u201d Distribuie: \u00a0 | Rodica Condurache 3 aug 2026457 vizualiz\u0103ri Un parlamentar liberal acuz\u0103 cele dou\u0103 partide c\u0103, prin modificarea legii ANI, preg\u0103tesc suspendare \u0219i demiterea pre\u0219edintelui Deputatul PNL Alexandru Muraru afirm\u0103, despre legea ANI discutat\u0103 \u00een Parlament, c\u0103 s-a produs \u201eo nou\u0103 gol\u0103nie PSD-AUR [&hellip;]<\/p>\n","protected":false},"author":1,"featured_media":0,"comment_status":"open","ping_status":"","sticky":false,"template":"","format":"standard","meta":{"footnotes":""},"categories":[89],"tags":[226,208],"class_list":["post-2085369","post","type-post","status-publish","format-standard","hentry","category-romania","tag-crawlmanager","tag-ziaruldevrancea-ro"],"_links":{"self":[{"href":"https:\/\/analyse.optim.biz\/index.php?rest_route=\/wp\/v2\/posts\/2085369","targetHints":{"allow":["GET"]}}],"collection":[{"href":"https:\/\/analyse.optim.biz\/index.php?rest_route=\/wp\/v2\/posts"}],"about":[{"href":"https:\/\/analyse.optim.biz\/index.php?rest_route=\/wp\/v2\/types\/post"}],"author":[{"embeddable":true,"href":"https:\/\/analyse.optim.biz\/index.php?rest_route=\/wp\/v2\/users\/1"}],"replies":[{"embeddable":true,"href":"https:\/\/analyse.optim.biz\/index.php?rest_route=%2Fwp%2Fv2%2Fcomments&post=2085369"}],"version-history":[{"count":0,"href":"https:\/\/analyse.optim.biz\/index.php?rest_route=\/wp\/v2\/posts\/2085369\/revisions"}],"wp:attachment":[{"href":"https:\/\/analyse.optim.biz\/index.php?rest_route=%2Fwp%2Fv2%2Fmedia&parent=2085369"}],"wp:term":[{"taxonomy":"category","embeddable":true,"href":"https:\/\/analyse.optim.biz\/index.php?rest_route=%2Fwp%2Fv2%2Fcategories&post=2085369"},{"taxonomy":"post_tag","embeddable":true,"href":"https:\/\/analyse.optim.biz\/index.php?rest_route=%2Fwp%2Fv2%2Ftags&post=2085369"}],"curies":[{"name":"wp","href":"https:\/\/api.w.org\/{rel}","templated":true}]}}