{"id":2085366,"date":"2026-08-03T00:00:00","date_gmt":"2026-08-02T21:00:00","guid":{"rendered":"https:\/\/analyse.optim.biz\/?p=2085366"},"modified":"2026-08-03T00:00:00","modified_gmt":"2026-08-02T21:00:00","slug":"video-foto-ministrul-economiei-in-dialog-cu-antreprenorii-din-vrancea","status":"publish","type":"post","link":"https:\/\/analyse.optim.biz\/?p=2085366","title":{"rendered":"VIDEO + Foto | Ministrul Economiei, \u00een dialog cu antreprenorii din Vrancea"},"content":{"rendered":"<p>[analyse_image type=&#8221;featured&#8221; src=&#8221;https:\/\/zdvi.cname.ro\/_\/video&#8211;foto-ministrul-economiei-in-dialog-cu-antreprenorii-din-vrancea\/mediaPool\/uWPqfXz.jpg&#8221;]<\/p>\n<div class=\"main-content detaliu-articol\"><a class=\"titlu-cat-list\" href=\"https:\/\/ziaruldevrancea.ro\/special\/politica\">Politic\u0103<\/a><\/p>\n<h1>VIDEO + Foto | Ministrul Economiei, \u00een dialog cu antreprenorii din Vrancea<\/h1>\n<div class=\"date-articol clearfix\">\n<div class=\"distribuie-articol dropdown\">\n    Distribuie: \u00a0<br \/>\n    <em>|<\/em><\/div>\n<div class=\"autor-articol\"><a href=\"https:\/\/ziaruldevrancea.ro\/autor\/radu-tomescu\/\"><img decoding=\"async\" class=\"img-circle\" src=\"https:\/\/zdvi.cname.ro\/50_50\/articleAuthor\/radu-tomescu\/articleAuthor\/ucx2Ggg.PNG\" alt><\/a><\/p>\n<h5><a href=\"https:\/\/ziaruldevrancea.ro\/autor\/radu-tomescu\/\">Radu Tomescu<\/a><\/h5>\n<div class=\"grup-spatiere\"><span class=\"cu-spatiere\"> 3 aug 2026<\/span><span class=\"cu-spatiere\">1705 vizualiz\u0103ri<\/span><\/div>\n<\/div>\n<\/div>\n<div class=\"poza-mare\">\n<div class=\"poza-mare galerie-detaliu\">\n<div id=\"carousel-poza-mare\" class=\"carousel slide carusel-poza\" data-ride=\"carousel\" data-interval=\"0\">\n<div class=\"carousel-inner\" role=\"listbox\">\n<div class=\"item imagine-carusel active\"><a href class=\"openGallery\"><img decoding=\"async\" class=\"img-responsive\" src=\"https:\/\/zdvi.cname.ro\/850_530\/video--foto-ministrul-economiei-in-dialog-cu-antreprenorii-din-vrancea\/article\/mediaPool\/uWPqfXz.jpg\" alt><\/a><\/div>\n<div class=\"item imagine-carusel \"><a href class=\"openGallery\"><img decoding=\"async\" class=\"img-responsive\" src=\"https:\/\/zdvi.cname.ro\/850_530\/video--foto-ministrul-economiei-in-dialog-cu-antreprenorii-din-vrancea\/article\/mediaPool\/uAtNMLk.jpg\" alt><\/a><\/div>\n<div class=\"item imagine-carusel \"><a href class=\"openGallery\"><img decoding=\"async\" class=\"img-responsive\" src=\"https:\/\/zdvi.cname.ro\/850_530\/video--foto-ministrul-economiei-in-dialog-cu-antreprenorii-din-vrancea\/article\/mediaPool\/uASKMcA.jpg\" alt><\/a><\/div>\n<div class=\"item imagine-carusel \"><a href class=\"openGallery\"><img decoding=\"async\" class=\"img-responsive\" src=\"https:\/\/zdvi.cname.ro\/850_530\/video--foto-ministrul-economiei-in-dialog-cu-antreprenorii-din-vrancea\/article\/mediaPool\/uagGPDP.jpg\" alt><\/a><\/div>\n<div class=\"item imagine-carusel \"><a href class=\"openGallery\"><img decoding=\"async\" class=\"img-responsive\" src=\"https:\/\/zdvi.cname.ro\/850_530\/video--foto-ministrul-economiei-in-dialog-cu-antreprenorii-din-vrancea\/article\/mediaPool\/u2SyV44.jpg\" alt><\/a><\/div>\n<div class=\"item imagine-carusel \"><a href class=\"openGallery\"><img decoding=\"async\" class=\"img-responsive\" src=\"https:\/\/zdvi.cname.ro\/850_530\/video--foto-ministrul-economiei-in-dialog-cu-antreprenorii-din-vrancea\/article\/mediaPool\/uCdn4vk.jpg\" alt><\/a><\/div>\n<div class=\"item imagine-carusel \"><a href class=\"openGallery\"><img decoding=\"async\" class=\"img-responsive\" src=\"https:\/\/zdvi.cname.ro\/850_530\/video--foto-ministrul-economiei-in-dialog-cu-antreprenorii-din-vrancea\/article\/mediaPool\/u6UFhXz.jpg\" alt><\/a><\/div>\n<div class=\"item imagine-carusel \"><a href class=\"openGallery\"><img decoding=\"async\" class=\"img-responsive\" src=\"https:\/\/zdvi.cname.ro\/850_530\/video--foto-ministrul-economiei-in-dialog-cu-antreprenorii-din-vrancea\/article\/mediaPool\/u0FDxoP.jpg\" alt><\/a><\/div>\n<div class=\"item imagine-carusel \"><a href class=\"openGallery\"><img decoding=\"async\" class=\"img-responsive\" src=\"https:\/\/zdvi.cname.ro\/850_530\/video--foto-ministrul-economiei-in-dialog-cu-antreprenorii-din-vrancea\/article\/mediaPool\/uO4OQP4.jpg\" alt><\/a><\/div>\n<\/div>\n<\/div>\n<div id=\"carousel-poze-mici\" class=\"carousel slide carusel-mici\" data-ride=\"carousel\" data-interval=\"0\">\n<div class=\"carousel-inner\" role=\"listbox\">\n<div class=\"item active\">\n<ul class=\"navigare-carusel-imagini\">\n<li data-target=\"#carousel-poza-mare\" data-slide-to=\"0\"><img decoding=\"async\" class=\"img-responsive\" src=\"https:\/\/zdvi.cname.ro\/_90\/video--foto-ministrul-economiei-in-dialog-cu-antreprenorii-din-vrancea\/article\/mediaPool\/uWPqfXz.jpg\" alt><\/li>\n<li data-target=\"#carousel-poza-mare\" data-slide-to=\"1\"><img decoding=\"async\" class=\"img-responsive\" src=\"https:\/\/zdvi.cname.ro\/_90\/video--foto-ministrul-economiei-in-dialog-cu-antreprenorii-din-vrancea\/article\/mediaPool\/uAtNMLk.jpg\" alt><\/li>\n<li data-target=\"#carousel-poza-mare\" data-slide-to=\"2\"><img decoding=\"async\" class=\"img-responsive\" src=\"https:\/\/zdvi.cname.ro\/_90\/video--foto-ministrul-economiei-in-dialog-cu-antreprenorii-din-vrancea\/article\/mediaPool\/uASKMcA.jpg\" alt><\/li>\n<li data-target=\"#carousel-poza-mare\" data-slide-to=\"3\"><img decoding=\"async\" class=\"img-responsive\" src=\"https:\/\/zdvi.cname.ro\/_90\/video--foto-ministrul-economiei-in-dialog-cu-antreprenorii-din-vrancea\/article\/mediaPool\/uagGPDP.jpg\" alt><\/li>\n<li data-target=\"#carousel-poza-mare\" data-slide-to=\"4\"><img decoding=\"async\" class=\"img-responsive\" src=\"https:\/\/zdvi.cname.ro\/_90\/video--foto-ministrul-economiei-in-dialog-cu-antreprenorii-din-vrancea\/article\/mediaPool\/u2SyV44.jpg\" alt><\/li>\n<\/ul>\n<\/div>\n<div class=\"item \">\n<ul class=\"navigare-carusel-imagini\">\n<li data-target=\"#carousel-poza-mare\" data-slide-to=\"5\"><img decoding=\"async\" class=\"img-responsive\" src=\"https:\/\/zdvi.cname.ro\/_90\/video--foto-ministrul-economiei-in-dialog-cu-antreprenorii-din-vrancea\/article\/mediaPool\/uCdn4vk.jpg\" alt><\/li>\n<li data-target=\"#carousel-poza-mare\" data-slide-to=\"6\"><img decoding=\"async\" class=\"img-responsive\" src=\"https:\/\/zdvi.cname.ro\/_90\/video--foto-ministrul-economiei-in-dialog-cu-antreprenorii-din-vrancea\/article\/mediaPool\/u6UFhXz.jpg\" alt><\/li>\n<li data-target=\"#carousel-poza-mare\" data-slide-to=\"7\"><img decoding=\"async\" class=\"img-responsive\" src=\"https:\/\/zdvi.cname.ro\/_90\/video--foto-ministrul-economiei-in-dialog-cu-antreprenorii-din-vrancea\/article\/mediaPool\/u0FDxoP.jpg\" alt><\/li>\n<li data-target=\"#carousel-poza-mare\" data-slide-to=\"8\"><img decoding=\"async\" class=\"img-responsive\" src=\"https:\/\/zdvi.cname.ro\/_90\/video--foto-ministrul-economiei-in-dialog-cu-antreprenorii-din-vrancea\/article\/mediaPool\/uO4OQP4.jpg\" alt><\/li>\n<\/ul>\n<\/div>\n<\/div>\n<p><a class=\"control left\" href=\"https:\/\/ziaruldevrancea.ro\/special\/politica\/video--foto-ministrul-economiei-in-dialog-cu-antreprenorii-din-vrancea#carousel-poze-mici\" role=\"button\" data-slide=\"prev\"><span class=\"sr-only\">Previous<\/span><\/a><a class=\"control right\" href=\"https:\/\/ziaruldevrancea.ro\/special\/politica\/video--foto-ministrul-economiei-in-dialog-cu-antreprenorii-din-vrancea#carousel-poze-mici\" role=\"button\" data-slide=\"next\"><span class=\"sr-only\">Next<\/span><\/a><\/div>\n<\/div>\n<\/div>\n<p><strong>Predictibilitatea fiscal\u0103 \u0219i reducerea birocra\u021biei, principalele teme discutate la Electric SRL \u0219i Metale Interna\u021bional SRL.<\/strong><\/p>\n<p>\u00a0<\/p>\n<p><strong>Dup\u0103 vizita de lucru desf\u0103\u0219urat\u0103 la Foc\u0219ani, antreprenorii au vorbit despre dificult\u0103\u021bile cu care se confrunt\u0103 mediul privat, iar ministrul Irineu Dar\u0103u a anun\u021bat inten\u021bia de a crea un mecanism permanent de dialog \u00eentre Guvern \u0219i mediul de afaceri.<\/strong><\/p>\n<hr>\n<p><strong>Ministrul Economiei, \u00een dialog cu antreprenorii din Vrancea: predictibilitatea fiscal\u0103 \u0219i reducerea birocra\u021biei, principalele teme discutate la Electric SRL \u0219i Metale Interna\u021bional SRL<\/strong><\/p>\n<p>Vizita de lucru efectuat\u0103 s\u00e2mb\u0103t\u0103, 1 august 2026, \u00een jude\u021bul Vrancea de ministrul Economiei, Digitaliz\u0103rii, Antreprenoriatului \u0219i Turismului, <strong>Irineu Dar\u0103u<\/strong>, s-a concentrat pe \u00eent\u00e2lniri directe cu reprezentan\u021bii mediului privat \u0219i pe identificarea principalelor dificult\u0103\u021bi cu care se confrunt\u0103 companiile din jude\u021b.<\/p>\n<p>A\u0219a cum <strong>Ziarul de Vrancea<\/strong> informa anterior, agenda oficial\u0103 a inclus vizite la dou\u0103 dintre cele mai importante companii locale \u2013 <strong>Electric SRL Foc\u0219ani<\/strong> \u0219i <strong>Metale Interna\u021bional SRL<\/strong> \u2013 urmate de o conferin\u021b\u0103 de pres\u0103 \u0219i de o \u00eent\u00e2lnire extins\u0103 cu antreprenori vr\u00e2nceni.<\/p>\n<p>Potrivit organizatorilor, scopul deplas\u0103rii a fost deschiderea unui dialog direct privind m\u0103surile care pot contribui la un climat economic mai competitiv \u0219i mai predictibil.<\/p>\n<p><strong>Electric SRL: \u201eNu a fost doar despre Electric. A fost despre mediul antreprenorial din Vrancea\u201d<\/strong><\/p>\n<div class=\"video-embed\"><iframe loading=\"lazy\" frameborder height=\"750\" scrolling=\"no\" src=\"https:\/\/www.youtube.com\/embed\/eHY5ZN1TsmA\" width=\"100%\"><\/iframe><\/div>\n<p>Dup\u0103 \u00eencheierea vizitei, <strong>Cosmin Alexandru Buzaianu<\/strong>, unul dintre proprietarii \u0219i administratorii Electric SRL, a publicat pe pagina sa de Facebook o \u00eenregistrare video \u00een care a prezentat propria perspectiv\u0103 asupra \u00eent\u00e2lnirii.<\/p>\n<p>Mesajul s\u0103u s-a concentrat mai pu\u021bin asupra companiei \u0219i mai mult asupra rela\u021biei dintre stat \u0219i mediul privat.<\/p>\n<p>\u201e<strong>Nu a fost doar despre Electric SRL. A fost despre mediul antreprenorial din Vrancea. Un pas spre normalitate<\/strong>\u201d, a transmis omul de afaceri.<\/p>\n<p>\u00cen interven\u021bia video, acesta a apreciat faptul c\u0103 vizita ministrului nu a avut loc \u00een context electoral \u0219i a sus\u021binut c\u0103 astfel de \u00eent\u00e2lniri ar trebui s\u0103 devin\u0103 o practic\u0103 obi\u0219nuit\u0103.<\/p>\n<p>Cosmin Alexandru Buzaianu a afirmat c\u0103 antreprenorii au discutat despre probleme precum:<\/p>\n<ul>\n<li>dificultatea deschiderii unei fabrici \u00een Rom\u00e2nia;<\/li>\n<li>birocra\u021bia \u0219i procedurile administrative;<\/li>\n<li>modul diferit \u00een care este aplicat\u0103 aceea\u0219i legisla\u021bie \u00een diverse jude\u021be;<\/li>\n<li>func\u021bionarea institu\u021biilor de control;<\/li>\n<li>nevoia unui dialog constant \u00eentre autorit\u0103\u021bi \u0219i mediul privat.<\/li>\n<\/ul>\n<p>Antreprenorul a precizat c\u0103 discu\u021biile au continuat \u0219i dup\u0103 vizita din fabric\u0103, \u00eentr-un cadru informal, \u00eempreun\u0103 cu ministrul \u0219i al\u021bi oameni de afaceri din jude\u021b.<\/p>\n<p>Totodat\u0103, el a amintit c\u0103 <strong>Electric SRL<\/strong> are o activitate de <strong>37 de ani<\/strong>, pornind, dup\u0103 cum a relatat, \u201ede la un vis \u0219i un banc de lucru\u201d, iar \u00een prezent compania are aproximativ <strong>250 de angaja\u021bi<\/strong>.<\/p>\n<blockquote>\n<p><strong>\u201eNu m\u0103 implic pentru func\u021bii \u0219i nici pentru poze. M\u0103 implic pentru c\u0103 dac\u0103 noi nu spunem ce ne doare, vor vorbi al\u021bii \u00een numele nostru\u201d<\/strong>, a declarat <strong>Cosmin Alexandru Buzaianu.<\/strong><\/p>\n<\/blockquote>\n<p><strong>USR Vrancea: antreprenorii cer stabilitate fiscal\u0103 \u0219i mai pu\u021bin\u0103 birocra\u021bie<\/strong><\/p>\n<p>La finalul vizitei, organiza\u021bia <strong>USR Vrancea<\/strong> a prezentat principalele concluzii rezultate din \u00eent\u00e2lnirile cu antreprenorii.<\/p>\n<p>Potrivit forma\u021biunii politice, reprezentan\u021bii mediului de afaceri au transmis c\u0103 dezvoltarea economic\u0103 depinde de:<\/p>\n<ul>\n<li>predictibilitate \u0219i stabilitate fiscal\u0103;<\/li>\n<li>reducerea birocra\u021biei;<\/li>\n<li>institu\u021bii de control care s\u0103 func\u021bioneze ca parteneri ai mediului privat;<\/li>\n<li>un dialog permanent \u00eentre autorit\u0103\u021bi \u0219i antreprenori.<\/li>\n<\/ul>\n<p>\u00cen acela\u0219i context, ministrul <strong>Irineu Dar\u0103u<\/strong> a anun\u021bat inten\u021bia de a crea o <strong>platform\u0103 permanent\u0103 de dialog cu mediul de afaceri<\/strong>, precum \u0219i dezvoltarea unui sistem bazat pe inteligen\u021b\u0103 artificial\u0103, destinat centraliz\u0103rii problemelor semnalate de antreprenori \u0219i transform\u0103rii acestora \u00een solu\u021bii administrative sau legislative \u00eentr-un timp mai scurt.<\/p>\n<p>USR Vrancea a f\u0103cut referire \u0219i la un proiect legislativ ini\u021biat de deputata <strong>Corina Atanasiu<\/strong> \u00eempreun\u0103 cu deputatul <strong>Adrian Echert<\/strong>, privind anularea unor obliga\u021bii fiscale stabilite retroactiv dup\u0103 anularea \u00eenregistr\u0103rii \u00een scopuri de TVA, proiect despre care forma\u021biunea afirm\u0103 c\u0103 a fost adoptat de Camera Deputa\u021bilor.<\/p>\n<p>\u00cen aceea\u0219i postare, USR Foc\u0219ani \u0219i-a reiterat solicitarea privind verificarea legalit\u0103\u021bii hot\u0103r\u00e2rii Consiliului Local Foc\u0219ani referitoare la reorganizarea Teatrului Municipal \u201eMaior Gheorghe Pastia\u201d, subiect distinct de agenda economic\u0103 a vizitei.<\/p>\n<p><strong>Corina Atanasiu: \u201eVrancea \u00eenseamn\u0103 mai mult dec\u00e2t lohn \u0219i vin\u201d<\/strong><\/p>\n<p>Duminic\u0103, 2 august, deputata USR de Vrancea <strong>Corina Atanasiu<\/strong> a transmis, la r\u00e2ndul s\u0103u, un mesaj referitor la vizita ministrului.<\/p>\n<p>Aceasta a apreciat c\u0103 dezvoltarea infrastructurii poate crea noi oportunit\u0103\u021bi pentru economia jude\u021bului \u0219i a sus\u021binut necesitatea unei administra\u021bii care s\u0103 faciliteze investi\u021biile.<\/p>\n<p>\u201e<strong>Vrancea \u00eenseamn\u0103 mai mult dec\u00e2t lohn \u0219i vin. Autostrada care leag\u0103 acum Moldova de Bucure\u0219ti aduce oportunit\u0103\u021bi \u0219i diversificare. Antreprenori destoinici are. Ace\u0219tia au nevoie de o administra\u021bie proactiv\u0103, care s\u0103 sprijine afacerile, nu s\u0103 le blocheze \u00een tot felul de hachi\u021be administrative<\/strong>\u201d, a transmis deputata.<\/p>\n<p><strong>Dou\u0103 companii importante pentru economia jude\u021bului<\/strong><\/p>\n<p>Vizita ministrului a inclus dou\u0103 dintre societ\u0103\u021bile reprezentative ale economiei vr\u00e2ncene.<\/p>\n<p><strong>Electric SRL<\/strong><\/p>\n<p>Potrivit datelor financiare analizate anterior de <strong>Ziarul de Vrancea<\/strong>, compania a \u00eencheiat anul 2025 cu:<\/p>\n<ul>\n<li>cifr\u0103 de afaceri de aproape <strong>96 milioane de lei<\/strong>;<\/li>\n<li>aproximativ <strong>225 de angaja\u021bi<\/strong>, potrivit situa\u021biei financiare aferente anului 2025;<\/li>\n<li>men\u021binerea pozi\u021biei printre cei mai importan\u021bi angajatori industriali ai jude\u021bului, \u00een contextul reducerii profitului net comparativ cu anul precedent.<\/li>\n<\/ul>\n<p><strong>Metale Interna\u021bional SRL<\/strong><\/p>\n<p>Conform datelor financiare aferente anului 2025:<\/p>\n<ul>\n<li>cifr\u0103 de afaceri: <strong>80,83 milioane lei<\/strong>;<\/li>\n<li>profit net: <strong>399.365 lei<\/strong>;<\/li>\n<li><strong>130 de angaja\u021bi<\/strong>;<\/li>\n<li>activitate principal\u0103: comer\u021b cu ridicata al materialului lemnos, materialelor de construc\u021bii \u0219i echipamentelor sanitare.<\/li>\n<\/ul>\n<p>Datele publice analizate de <strong>Ziarul de Vrancea<\/strong> indic\u0103 un rating de insolven\u021b\u0103 <strong>Clasa A<\/strong>, risc comercial \u0219i juridic sc\u0103zut \u0219i o probabilitate estimat\u0103 de insolven\u021b\u0103 de <strong>0,04%<\/strong>. Totodat\u0103, compania a \u00eenregistrat \u00een 2025 o sc\u0103dere at\u00e2t a cifrei de afaceri, c\u00e2t \u0219i a profitului net comparativ cu anul anterior, pe fondul \u00eencetinirii investi\u021biilor din sectorul construc\u021biilor.<\/p>\n<p><strong>Dialogul dintre autorit\u0103\u021bi \u0219i mediul privat, \u00een centrul vizitei<\/strong><\/p>\n<p>Din declara\u021biile publice formulate dup\u0103 \u00eent\u00e2lniri reiese c\u0103 principala tem\u0103 a vizitei a fost rela\u021bia dintre administra\u021bie \u0219i mediul de afaceri.<\/p>\n<p>Antreprenorii au insistat asupra nevoii de reguli fiscale stabile, reducerea birocra\u021biei \u0219i o aplicare unitar\u0103 a legisla\u021biei, \u00een timp ce reprezentan\u021bii Ministerului Economiei au prezentat inten\u021bia de a institui mecanisme permanente de consultare.<\/p>\n<p>R\u0103m\u00e2ne de v\u0103zut \u00een ce m\u0103sur\u0103 propunerile discutate \u00een cadrul vizitei de la Foc\u0219ani vor fi transpuse \u00een m\u0103suri administrative sau legislative \u0219i dac\u0103 dialogul \u00eenceput \u00een Vrancea va continua \u0219i \u00een perioada urm\u0103toare.<\/p>\n<p><strong>Radu Tomescu\u00a0<\/strong><\/p>\n<p><strong>Citi\u021bi \u0219i:<\/strong><strong><a href=\"https:\/\/www.ziaruldevrancea.ro\/special\/politica\/ministrul-economiei-vine-la-focsani-irineu-darau-viziteaza-astazi-doua-dintre-cele-mai-importante-companii-din-vrancea\" target=\"_blank\">Ministrul Economiei vine la Foc\u0219ani: Irineu Dar\u0103u viziteaz\u0103 ast\u0103zi dou\u0103 dintre cele mai importante companii din Vrancea<\/a><\/strong><\/p>\n<p>\u00a0<\/p>\n<hr>\n<div class=\"bloc-widget widget-rosu\">\n<p>\u00cen lipsa unui acord scris din partea Ziarului de Vrancea, pute\u0163i prelua maxim 500 de caractere din acest articol dac\u0103 preciza\u0163i sursa \u015fi insera\u0163i vizibil link-ul articolului:\u00a0<span>#insertcurrentlinkhere<\/span><\/p>\n<\/div>\n<div class=\"extra-articol listing-anunturi\">\n<h6>Anun\u021buri <span class=\"text-primary\">ZdV<\/span> Premium<\/h6>\n<div class=\"row\">\n<div class=\"col-lg-4 col-md-6 bloc-egal\"><a class=\"card-anunt\" href=\"https:\/\/ziaruldevrancea.ro\/anunturi\/inchirieri\/locuinte-oferte\/primesc-in-gazda-elevi-anunt-72832\"><strong class=\"titlu\">Locuin\u021be oferte<\/strong><span class=\"text-anunt\">Primesc \u00een gazd\u0103 elevi la cas\u0103-vil\u0103,&#8230;<\/span><span class=\"data-anunt\">07.08.2026  <\/span><\/a><\/div>\n<div class=\"col-lg-4 col-md-6 bloc-egal\"><a class=\"card-anunt\" href=\"https:\/\/ziaruldevrancea.ro\/anunturi\/altele\/matrimoniale\/Imi-caut-sufletul-pereche-anunt-72833\"><strong class=\"titlu\">Matrimoniale<\/strong><span class=\"text-anunt\">Domn serios caut doamn\u0103 serioas\u0103, v\u00e2rsta&#8230;<\/span><span class=\"data-anunt\">07.08.2026  <\/span><\/a><\/div>\n<div class=\"col-lg-4 col-md-6 bloc-egal\"><a class=\"card-anunt\" href=\"https:\/\/ziaruldevrancea.ro\/anunturi\/angajari\/oferte-angajari\/angajare-anunt-72830\"><strong class=\"titlu\">Oferte<\/strong><span class=\"text-anunt\">ECOSISTEM SRL cu sediul in localitatea Jorasti,&#8230;<\/span><span class=\"data-anunt\">05.08.2026  <\/span><\/a><\/div>\n<\/div>\n<\/div>\n<div class=\"extra-articol alte-articole\">\n<div class=\"row\">\n<div class=\"col-lg-6 bloc-egal\">\n<div class=\"card articol-listing\">\n<h6>\u00cen categoria <a href=\"https:\/\/ziaruldevrancea.ro\/special\/politica\">Politic\u0103<\/a><\/h6>\n<div class=\"grup-articol-listing\">\n<div class=\"cont-pils\"><a href=\"https:\/\/ziaruldevrancea.ro\/special\/politica\/primarul-focsaniului-raspunde-criticilor-privind-reorganizarea-teatrului-maior-gheorghe-pastia\"><img decoding=\"async\" src=\"https:\/\/zdvi.cname.ro\/180_135\/special\/politica\/primarul-focsaniului-raspunde-criticilor-privind-reorganizarea-teatrului-maior-gheorghe-pastia\/mediaPool\/uNhtmwy.jpg\" class=\"img-responsive img-180\" alt><\/a><\/div>\n<h2><a class=\"link-titlu\" href=\"https:\/\/ziaruldevrancea.ro\/special\/politica\/primarul-focsaniului-raspunde-criticilor-privind-reorganizarea-teatrului-maior-gheorghe-pastia\">Primarul Foc\u0219aniului r\u0103spunde criticilor privind reorganizarea Teatrului \u201eMaior Gheorghe Pastia\u201d<\/a><\/h2>\n<div class=\"date-post\"><a href=\"https:\/\/ziaruldevrancea.ro\/autor\/paul-petrache\">Paul Petrache<\/a>,  2 aug 2026  <\/div>\n<\/div>\n<div class=\"grup-articol-listing\">\n<div class=\"cont-pils\"><a href=\"https:\/\/ziaruldevrancea.ro\/special\/politica\/vrancea-liderul-pnl-dragos-ciobotaru-cere-reanalizarea-hotararii-privind-reorganizarea-teatrului-maior-gheorghe-pastia-din-focsani\"><img decoding=\"async\" src=\"https:\/\/zdvi.cname.ro\/180_135\/special\/politica\/vrancea-liderul-pnl-dragos-ciobotaru-cere-reanalizarea-hotararii-privind-reorganizarea-teatrului-maior-gheorghe-pastia-din-focsani\/mediaPool\/uFEg88o.jpg\" class=\"img-responsive img-180\" alt><\/a><\/div>\n<h2><a class=\"link-titlu\" href=\"https:\/\/ziaruldevrancea.ro\/special\/politica\/vrancea-liderul-pnl-dragos-ciobotaru-cere-reanalizarea-hotararii-privind-reorganizarea-teatrului-maior-gheorghe-pastia-din-focsani\"> Liderul PNL Vrancea, Drago\u0219 Ciobotaru, cere reanalizarea hot\u0103r\u00e2rii privind reorganizarea Teatrului \u201eMaior Gheorghe Pastia\u201d din Foc\u0219ani<\/a><\/h2>\n<div class=\"date-post\"><a href=\"https:\/\/ziaruldevrancea.ro\/autor\/radu-tomescu\">Radu Tomescu<\/a>,  2 aug 2026  <\/div>\n<\/div>\n<div class=\"grup-articol-listing\">\n<div class=\"cont-pils\"><a href=\"https:\/\/ziaruldevrancea.ro\/special\/politica\/prefectul-vrancei-liviu-macovei-despre-reorganizarea-teatrului-maior-gheorghe-pastia-institutia-prefectului-va-analiza-hotararea-exclusiv-in-limitele-legii\"><img decoding=\"async\" src=\"https:\/\/zdvi.cname.ro\/180_135\/special\/politica\/prefectul-vrancei-liviu-macovei-despre-reorganizarea-teatrului-maior-gheorghe-pastia-institutia-prefectului-va-analiza-hotararea-exclusiv-in-limitele-legii\/mediaPool\/uN8hOaH.jpg\" class=\"img-responsive img-180\" alt><\/a><\/div>\n<h2><a class=\"link-titlu\" href=\"https:\/\/ziaruldevrancea.ro\/special\/politica\/prefectul-vrancei-liviu-macovei-despre-reorganizarea-teatrului-maior-gheorghe-pastia-institutia-prefectului-va-analiza-hotararea-exclusiv-in-limitele-legii\">Prefectul Vrancei, Liviu Macovei, despre reorganizarea Teatrului \u201eMaior Gheorghe Pastia\u201d: \u201eInstitu\u021bia Prefectului va analiza hot\u0103r\u00e2rea exclusiv \u00een limitele legii\u201d<\/a><\/h2>\n<div class=\"date-post\"><a href=\"https:\/\/ziaruldevrancea.ro\/autor\/mircea-pavel\">Mircea Pavel<\/a>,  2 aug 2026  <\/div>\n<\/div>\n<\/div>\n<\/div>\n<div class=\"col-lg-6 bloc-egal\">\n<div class=\"card articol-listing\">\n<h6>De acela\u0219i <a href=\"https:\/\/ziaruldevrancea.ro\/autor\/radu-tomescu\/\">autor<\/a><\/h6>\n<div class=\"grup-articol-listing\">\n<div class=\"cont-pils\"><a href=\"https:\/\/ziaruldevrancea.ro\/actualitatea\/stiri-locale\/drumul-expres-focsani-braila-mai-aproape-de-santier.-umb-a-predat-documentatia-pentru-autorizatia-de-construire\"><img decoding=\"async\" src=\"https:\/\/zdvi.cname.ro\/180_135\/actualitatea\/stiri-locale\/drumul-expres-focsani-braila-mai-aproape-de-santier.-umb-a-predat-documentatia-pentru-autorizatia-de-construire\/mediaPool\/u7JUsfq.jpg\" class=\"img-responsive img-180\" alt><\/a><\/div>\n<h2><a class=\"link-titlu\" href=\"https:\/\/ziaruldevrancea.ro\/actualitatea\/stiri-locale\/drumul-expres-focsani-braila-mai-aproape-de-santier.-umb-a-predat-documentatia-pentru-autorizatia-de-construire\">Drumul Expres Foc\u0219ani\u2013Br\u0103ila, mai aproape de \u0219antier. UMB a predat documenta\u021bia pentru autoriza\u021bia de construire<\/a><\/h2>\n<div class=\"date-post\"><a href=\"https:\/\/ziaruldevrancea.ro\/autor\/radu-tomescu\">Radu Tomescu<\/a>,  8 aug 2026  <\/div>\n<\/div>\n<div class=\"grup-articol-listing\">\n<div class=\"cont-pils\"><a href=\"https:\/\/ziaruldevrancea.ro\/actualitatea\/stiri-locale\/tragedie-la-adjudu-vechi-in-vrancea-barbatul-de-66-de-ani-dat-disparut-a-fost-gasit-fara-viata.-ce-spune-politia\"><img decoding=\"async\" src=\"https:\/\/zdvi.cname.ro\/180_135\/actualitatea\/stiri-locale\/tragedie-la-adjudu-vechi-in-vrancea-barbatul-de-66-de-ani-dat-disparut-a-fost-gasit-fara-viata.-ce-spune-politia\/mediaPool\/uJCj8ep.jpg\" class=\"img-responsive img-180\" alt><\/a><\/div>\n<h2><a class=\"link-titlu\" href=\"https:\/\/ziaruldevrancea.ro\/actualitatea\/stiri-locale\/tragedie-la-adjudu-vechi-in-vrancea-barbatul-de-66-de-ani-dat-disparut-a-fost-gasit-fara-viata.-ce-spune-politia\">Tragedie la Adjudu Vechi, \u00een Vrancea: b\u0103rbatul de 66 de ani dat disp\u0103rut a fost g\u0103sit f\u0103r\u0103 via\u021b\u0103. Ce spune Poli\u021bia<\/a><\/h2>\n<div class=\"date-post\"><a href=\"https:\/\/ziaruldevrancea.ro\/autor\/radu-tomescu\">Radu Tomescu<\/a>,  8 aug 2026  <\/div>\n<\/div>\n<div class=\"grup-articol-listing\">\n<div class=\"cont-pils\"><a href=\"https:\/\/ziaruldevrancea.ro\/actualitatea\/stiri-locale\/schimbare-in-conducerea-medicala-a-saj-vrancea-dr.-iuliana-gabriela-dragomir-a-fost-numita-director-medical\"><img decoding=\"async\" src=\"https:\/\/zdvi.cname.ro\/180_135\/actualitatea\/stiri-locale\/schimbare-in-conducerea-medicala-a-saj-vrancea-dr.-iuliana-gabriela-dragomir-a-fost-numita-director-medical\/mediaPool\/uNAPc8N.jpg\" class=\"img-responsive img-180\" alt><\/a><\/div>\n<h2><a class=\"link-titlu\" href=\"https:\/\/ziaruldevrancea.ro\/actualitatea\/stiri-locale\/schimbare-in-conducerea-medicala-a-saj-vrancea-dr.-iuliana-gabriela-dragomir-a-fost-numita-director-medical\">Schimbare \u00een conducerea medical\u0103 a SAJ Vrancea: dr. Iuliana-Gabriela Dragomir a fost numit\u0103 director medical<\/a><\/h2>\n<div class=\"date-post\"><a href=\"https:\/\/ziaruldevrancea.ro\/autor\/radu-tomescu\">Radu Tomescu<\/a>,  7 aug 2026  <\/div>\n<\/div>\n<\/div>\n<\/div>\n<\/div>\n<\/div>\n<div class=\"extra-articol listing-anunturi\">\n<h6>Anun\u021buri <span class=\"text-primary\">ZdV<\/span> Premium<\/h6>\n<div class=\"row\">\n<div class=\"col-lg-4 col-md-6 bloc-egal\"><a class=\"card-anunt\" href=\"https:\/\/ziaruldevrancea.ro\/anunturi\/altele\/servicii\/caut-o-persoana-sau-o-familie-pentru-ingrijirea-unei-batrane\"><strong class=\"titlu\">Servicii<\/strong><span class=\"text-anunt\">Caut o persoan\u0103\u00a0sau o familie serioas\u0103&#8230;<\/span><span class=\"data-anunt\">04.08.2026  <\/span><\/a><\/div>\n<div class=\"col-lg-4 col-md-6 bloc-egal\"><a class=\"card-anunt\" href=\"https:\/\/ziaruldevrancea.ro\/anunturi\/imobiliare\/vanzari-ap-2-camere\/vand-apartament-2-camere-in-focsani-anunt-72825\"><strong class=\"titlu\">V\u00e2nz\u0103ri ap 2 camere<\/strong><span class=\"text-anunt\">V\u00e2nd apartament 2 camere, hol p\u0103trat,&#8230;<\/span><span class=\"data-anunt\">04.08.2026  <\/span><\/a><\/div>\n<div class=\"col-lg-4 col-md-6 bloc-egal\"><a class=\"card-anunt\" href=\"https:\/\/ziaruldevrancea.ro\/anunturi\/angajari\/oferte-angajari\/caut-femeie-pt-supraveghere-batrana-paralizata-focsani-fara-menaj-program-de-la-9la-17-de-luni-pana-vineri-salariu-2600\"><strong class=\"titlu\">Oferte<\/strong><span class=\"text-anunt\">Caut femeie pentru\u00a0supraveghere&#8230;<\/span><span class=\"data-anunt\">05.08.2026 , Vrancea , Foc\u0219ani<\/span><\/a><\/div>\n<\/div>\n<\/div>\n<div class=\"bloc-widget widget-albastru\">\n    Ziarul de Vrancea \u00a0nu este responsabil juridic pentru con\u0163inutul textelor din comentariile de mai jos. Responsabilitatea pentru mesajele dumneavoastra v\u0103 revine \u00een exclusivitate.\n<\/div>\n<div class=\"comentarii-articol\" id=\"comentarii\">\n<h3>Comentarii: <span class=\"text-primary\">0<\/span><\/h3>\n<p><a href=\"https:\/\/ziaruldevrancea.ro\/special\/politica\/video--foto-ministrul-economiei-in-dialog-cu-antreprenorii-din-vrancea\" class=\"btn btn-success btn-adauga-com\" data-toggle=\"modal\" data-parent=\"0\" data-target=\"#commentModal\">Adaug\u0103 comentariu<\/a><\/p>\n<div class=\"loadMask comments-mask\"><img decoding=\"async\" src=\"https:\/\/zdvs.cname.ro\/images\/loader_40.gif\"><\/div>\n<div class=\"comenteaza-jos\">Trebuie s\u0103 fii <a href=\"https:\/\/ziaruldevrancea.ro\/account\">autentificat<\/a> pentru a putea <a href=\"https:\/\/ziaruldevrancea.ro\/special\/politica\/video--foto-ministrul-economiei-in-dialog-cu-antreprenorii-din-vrancea\" class data-toggle=\"modal\" data-parent=\"0\" data-target=\"#commentModal\">posta un comentariu<\/a>.<\/div>\n<\/div>\n<div class=\"modal fade\" id=\"commentModal\" role=\"dialog\" aria-labelledby=\"commentModalLabel\">\n<div class=\"modal-dialog modal-lg\" role=\"document\">\n<div class=\"modal-content\">\n<div class=\"modal-header\">\n<h3 class=\"modal-title\" id=\"commentModalLabel\">Comenteaz\u0103<\/h3>\n<\/div>\n<div class=\"modal-body\">\n<div class=\"tabel tabel-full\">\n<div class=\"celula\">\n              Trebuie s\u0103 fii <a href=\"https:\/\/ziaruldevrancea.ro\/account\">autentificat<\/a> pentru a putea posta un comentariu.\n            <\/div>\n<\/div>\n<\/div>\n<div class=\"modal-footer\">\n<div id=\"commentPending\" class=\"formPending pull-left\"><img decoding=\"async\" src=\"https:\/\/zdvs.cname.ro\/images\/loader_40.gif\"> In curs de procesare&#8230;<\/div>\n<p><a href=\"https:\/\/ziaruldevrancea.ro\/special\/politica\/video--foto-ministrul-economiei-in-dialog-cu-antreprenorii-din-vrancea\" class=\"btn btn-default\" data-dismiss=\"modal\">Anuleaz\u0103<\/a><\/div>\n<\/div>\n<\/div>\n<\/div>\n<div class=\"modal fade\" id=\"commentReportModal\" role=\"dialog\" aria-labelledby=\"commentReportModalLabel\">\n<div class=\"modal-dialog modal-lg\" role=\"document\">\n<div class=\"modal-content\">\n<div class=\"modal-header\">\n<h3 class=\"modal-title\" id=\"commentReportModalLabel\">Raporteaza comentariu<\/h3>\n<\/div>\n<div class=\"modal-body\">\n<div class=\"tabel tabel-full\">\n<div class=\"celula\">\n              Trebuie s\u0103 fii <a href=\"https:\/\/ziaruldevrancea.ro\/account\">autentificat<\/a> pentru a putea raporta un comentariu.\n            <\/div>\n<\/div>\n<\/div>\n<div class=\"modal-footer\">\n<div id=\"commentReportPending\" class=\"formPending pull-left\"><img decoding=\"async\" src=\"https:\/\/zdvs.cname.ro\/images\/loader_40.gif\"> In curs de procesare&#8230;<\/div>\n<p><a href=\"https:\/\/ziaruldevrancea.ro\/special\/politica\/video--foto-ministrul-economiei-in-dialog-cu-antreprenorii-din-vrancea\" class=\"btn btn-default\" data-dismiss=\"modal\">Anuleaz\u0103<\/a><\/div>\n<\/div>\n<\/div>\n<\/div>\n<div class=\"modal fade\" id=\"commentLikeModal\" role=\"dialog\" aria-labelledby=\"commentLikeModalLabel\">\n<div class=\"modal-dialog modal-lg\" role=\"document\">\n<div class=\"modal-content\">\n<div class=\"modal-header\">\n<h3 class=\"modal-title\" id=\"commentReportModalLabel\">Apreciaza comentariu<\/h3>\n<\/div>\n<div class=\"modal-body\">\n<div class=\"tabel tabel-full\">\n<div class=\"celula\">\n            Trebuie s\u0103 fii <a href=\"https:\/\/ziaruldevrancea.ro\/account\">autentificat<\/a> pentru a putea aprecia un comentariu.\n          <\/div>\n<\/div>\n<\/div>\n<div class=\"modal-footer\"><a href=\"https:\/\/ziaruldevrancea.ro\/special\/politica\/video--foto-ministrul-economiei-in-dialog-cu-antreprenorii-din-vrancea\" class=\"btn btn-default\" data-dismiss=\"modal\">Anuleaz\u0103<\/a><\/div>\n<\/div>\n<\/div>\n<\/div>\n<div class=\"bloc-widget widget-rosu\"><span><small>Ziarul de Vrancea doreste ca acest site sa fie un spatiu al discutiilor civilizate, al comentariilor de bun simt. Din acest motiv, cei care posteaza comentarii la articole trebuie sa respecte urmatoarele reguli:<br \/>\n1. Sa se refere doar la articolul la care posteaza comentarii.<br \/>\n2. Sa foloseasca un limbaj civilizat, fara injurii, calomnii, comentarii antisemite, xenofobe sau rasiste.<br \/>\n3. Sunt interzise atacurile la adresa autorilor, daca acestea nu au legatura cu textul.<br \/>\n4. Username-ul sa nu fie nume de personalitati ale vietii publice sau parodieri ale acestora.<br \/>\nAutorul unui articol poate fi criticat pentru eventuale greseli, incoerenta, lipsa de documentare etc.<br \/>\nNerespectarea regulilor mentionate mai sus va duce la stergerea comentariilor, fara avertisment si fara explicatii.<br \/>\nAbaterile repetate vor avea drept consecinta interdictia accesului la aceasta facilitate a site-ului.<\/small><\/span><\/div>\n<\/div>\n<p>[analyse_source url=&#8221;https:\/\/ziaruldevrancea.ro\/special\/politica\/video&#8211;foto-ministrul-economiei-in-dialog-cu-antreprenorii-din-vrancea&#8221;]<\/p>\n","protected":false},"excerpt":{"rendered":"<p>[analyse_image type=&#8221;featured&#8221; src=&#8221;https:\/\/zdvi.cname.ro\/_\/video&#8211;foto-ministrul-economiei-in-dialog-cu-antreprenorii-din-vrancea\/mediaPool\/uWPqfXz.jpg&#8221;] Politic\u0103 VIDEO + Foto | Ministrul Economiei, \u00een dialog cu antreprenorii din Vrancea Distribuie: \u00a0 | Radu Tomescu 3 aug 20261705 vizualiz\u0103ri PreviousNext Predictibilitatea fiscal\u0103 \u0219i reducerea birocra\u021biei, principalele teme discutate la Electric SRL \u0219i Metale Interna\u021bional SRL. \u00a0 Dup\u0103 vizita de lucru desf\u0103\u0219urat\u0103 la Foc\u0219ani, antreprenorii au vorbit despre dificult\u0103\u021bile cu [&hellip;]<\/p>\n","protected":false},"author":1,"featured_media":0,"comment_status":"open","ping_status":"","sticky":false,"template":"","format":"standard","meta":{"footnotes":""},"categories":[89],"tags":[226,208],"class_list":["post-2085366","post","type-post","status-publish","format-standard","hentry","category-romania","tag-crawlmanager","tag-ziaruldevrancea-ro"],"_links":{"self":[{"href":"https:\/\/analyse.optim.biz\/index.php?rest_route=\/wp\/v2\/posts\/2085366","targetHints":{"allow":["GET"]}}],"collection":[{"href":"https:\/\/analyse.optim.biz\/index.php?rest_route=\/wp\/v2\/posts"}],"about":[{"href":"https:\/\/analyse.optim.biz\/index.php?rest_route=\/wp\/v2\/types\/post"}],"author":[{"embeddable":true,"href":"https:\/\/analyse.optim.biz\/index.php?rest_route=\/wp\/v2\/users\/1"}],"replies":[{"embeddable":true,"href":"https:\/\/analyse.optim.biz\/index.php?rest_route=%2Fwp%2Fv2%2Fcomments&post=2085366"}],"version-history":[{"count":0,"href":"https:\/\/analyse.optim.biz\/index.php?rest_route=\/wp\/v2\/posts\/2085366\/revisions"}],"wp:attachment":[{"href":"https:\/\/analyse.optim.biz\/index.php?rest_route=%2Fwp%2Fv2%2Fmedia&parent=2085366"}],"wp:term":[{"taxonomy":"category","embeddable":true,"href":"https:\/\/analyse.optim.biz\/index.php?rest_route=%2Fwp%2Fv2%2Fcategories&post=2085366"},{"taxonomy":"post_tag","embeddable":true,"href":"https:\/\/analyse.optim.biz\/index.php?rest_route=%2Fwp%2Fv2%2Ftags&post=2085366"}],"curies":[{"name":"wp","href":"https:\/\/api.w.org\/{rel}","templated":true}]}}