{"id":2085365,"date":"2026-08-02T00:00:00","date_gmt":"2026-08-01T21:00:00","guid":{"rendered":"https:\/\/analyse.optim.biz\/?p=2085365"},"modified":"2026-08-02T00:00:00","modified_gmt":"2026-08-01T21:00:00","slug":"primarul-focsaniului-raspunde-criticilor-privind-reorganizarea-teatrului-maior-gheorghe-pastia","status":"publish","type":"post","link":"https:\/\/analyse.optim.biz\/?p=2085365","title":{"rendered":"Primarul Foc\u0219aniului r\u0103spunde criticilor privind reorganizarea Teatrului \u201eMaior Gheorghe Pastia\u201d"},"content":{"rendered":"<p>[analyse_image type=&#8221;featured&#8221; src=&#8221;https:\/\/zdvi.cname.ro\/_\/primarul-focsaniului-raspunde-criticilor-privind-reorganizarea-teatrului-maior-gheorghe-pastia\/mediaPool\/uNhtmwy.jpg&#8221;]<\/p>\n<div class=\"main-content detaliu-articol\"><a class=\"titlu-cat-list\" href=\"https:\/\/ziaruldevrancea.ro\/special\/politica\">Politic\u0103<\/a><\/p>\n<h1>Primarul Foc\u0219aniului r\u0103spunde criticilor privind reorganizarea Teatrului \u201eMaior Gheorghe Pastia\u201d<\/h1>\n<div class=\"date-articol clearfix\">\n<div class=\"distribuie-articol dropdown\">\n    Distribuie: \u00a0<br \/>\n    <em>|<\/em><\/div>\n<div class=\"autor-articol\"><a href=\"https:\/\/ziaruldevrancea.ro\/autor\/paul-petrache\/\"><img decoding=\"async\" class=\"img-circle\" src=\"https:\/\/zdvi.cname.ro\/50_50\/articleAuthor\/paul-petrache\/articleAuthor\/uNItZQs.PNG\" alt><\/a><\/p>\n<h5><a href=\"https:\/\/ziaruldevrancea.ro\/autor\/paul-petrache\/\">Paul Petrache<\/a><\/h5>\n<div class=\"grup-spatiere\"><span class=\"cu-spatiere\"> 2 aug 2026<\/span><span class=\"cu-spatiere\">1562 vizualiz\u0103ri<\/span><\/div>\n<\/div>\n<\/div>\n<div class=\"poza-mare\"><a href class=\"openGallery\"><img decoding=\"async\" class=\"img-responsive\" src=\"https:\/\/zdvi.cname.ro\/850_530\/primarul-focsaniului-raspunde-criticilor-privind-reorganizarea-teatrului-maior-gheorghe-pastia\/article\/mediaPool\/uNhtmwy.jpg\" alt><\/a><\/div>\n<p><strong>Dezbaterea asupra viitorului institu\u021biei continu\u0103 \u00een Vrancea.<\/strong><\/p>\n<p><strong>Dup\u0103 reac\u021biile din spa\u021biul public \u0219i apelurile lansate de lideri politici, arti\u0219ti \u0219i organiza\u021bii culturale, primarul Cristi Valentin Mis\u0103il\u0103 sus\u021bine c\u0103 teatrul nu se desfiin\u021beaz\u0103, ci trece la un nou model de func\u021bionare, bazat pe proiecte. Controversa privind viitorul institu\u021biei r\u0103m\u00e2ne \u00eens\u0103 deschis\u0103.<\/strong><\/p>\n<p>La dou\u0103 zile dup\u0103 ce Consiliul Local Foc\u0219ani a aprobat reorganizarea Direc\u021biei Teatru, Produc\u021bii Teatrale \u0219i Muzicale din cadrul Teatrului Municipal \u201eMaior Gheorghe Pastia\u201d, subiectul continu\u0103 s\u0103 genereze reac\u021bii puternice at\u00e2t \u00een Vrancea, c\u00e2t \u0219i la nivel na\u021bional.<\/p>\n<p>S\u00e2mb\u0103t\u0103, 1 august 2026, la ora 18:40, primarul municipiului Foc\u0219ani, <strong>Cristi Valentin Mis\u0103il\u0103<\/strong>, a publicat pe pagina sa de Facebook o ampl\u0103 pozi\u021bie oficial\u0103 \u00een care explic\u0103 motivele care au stat la baza reorganiz\u0103rii institu\u021biei \u0219i respinge afirma\u021biile potrivit c\u0103rora teatrul ar fi fost desfiin\u021bat.<\/p>\n<p>\u201e<strong>Teatrul Municipal \u00abMaior Gheorghe Pastia\u00bb nu se \u00eenchide \u0219i nu \u00ee\u0219i \u00eenceteaz\u0103 activitatea. Se schimb\u0103 doar modelul de organizare<\/strong>\u201d, afirm\u0103 edilul, sus\u021bin\u00e2nd c\u0103 institu\u021bia va func\u021biona \u00een continuare, \u00eens\u0103 \u00een formula unui <strong>teatru de proiecte<\/strong>, \u0219i nu ca teatru de repertoriu.<\/p>\n<p><strong>Primarul: \u201eAm ales teatrul de proiecte pentru a face mai mult teatru\u201d<\/strong><\/p>\n<p>\u00cen mesajul s\u0103u, Cristi Valentin Mis\u0103il\u0103 explic\u0103 faptul c\u0103 modelul teatrului de repertoriu presupune existen\u021ba unei trupe permanente \u0219i \u00eendeplinirea unor condi\u021bii prev\u0103zute de legisla\u021bia \u00een vigoare, condi\u021bii care, potrivit acestuia, nu mai erau \u00eendeplinite integral \u00een ultimii ani.<\/p>\n<p>Edilul invoc\u0103 inclusiv restric\u021biile privind ocuparea posturilor vacante din institu\u021biile publice, apreciind c\u0103 acestea fac imposibil\u0103 constituirea unei trupe permanente capabile s\u0103 sus\u021bin\u0103 un teatru de repertoriu \u00een forma clasic\u0103.<\/p>\n<p>Potrivit primarului, administra\u021bia local\u0103 a avut de ales \u00eentre p\u0103strarea unei structuri care func\u021biona tot mai dificil \u0219i adoptarea unui model \u201emodern \u0219i flexibil\u201d, op\u021biunea fiind reorganizarea institu\u021biei \u00eentr-un teatru de proiecte.<\/p>\n<p><strong>Argumentele financiare prezentate de administra\u021bia local\u0103<\/strong><\/p>\n<p>\u00cen postare sunt prezentate \u0219i o serie de date privind activitatea institu\u021biei.<\/p>\n<p>Potrivit lui Cristi Valentin Mis\u0103il\u0103:<\/p>\n<ul>\n<li>\u00een anul 2025, actorii teatrului au sus\u021binut <strong>14 spectacole proprii<\/strong>, \u00een timp ce publicul foc\u0219\u0103nean a beneficiat de <strong>35 de spectacole invitate<\/strong>;<\/li>\n<li>spectacolele realizate de trupa proprie au reprezentat <strong>sub 30% din totalul reprezenta\u021biilor<\/strong>;<\/li>\n<li>veniturile din biletele aferente spectacolelor proprii au acoperit <strong>sub 3% din cheltuielile salariale<\/strong> ale personalului artistic \u0219i tehnic.<\/li>\n<\/ul>\n<p>Primarul afirm\u0103 c\u0103 aceste cifre nu reprezint\u0103 un repro\u0219 adresat angaja\u021bilor teatrului, ci o realitate pe care administra\u021bia local\u0103 nu o poate ignora atunci c\u00e2nd gestioneaz\u0103 resursele publice.<\/p>\n<p><strong>Deschiderea c\u0103tre proiecte \u0219i arti\u0219ti din \u00eentreaga \u021bar\u0103<\/strong><\/p>\n<p>Edilul sus\u021bine c\u0103 reorganizarea nu este \u00eendreptat\u0103 \u00eempotriva actorilor teatrului \u0219i c\u0103 noul model urm\u0103re\u0219te deschiderea institu\u021biei c\u0103tre proiecte artistice propuse at\u00e2t de arti\u0219ti locali, c\u00e2t \u0219i de regizori, scenografi, dramaturgi \u0219i actori din \u00eentreaga \u021bar\u0103.<\/p>\n<p>\u00cen acela\u0219i timp, acesta afirm\u0103 c\u0103 \u00ee\u0219i dore\u0219te ca remunera\u021bia s\u0103 fie tot mai mult legat\u0103 de performan\u021ba artistic\u0103 \u0219i de succesul produc\u021biilor \u00een fa\u021ba publicului.<\/p>\n<p>Primarul vorbe\u0219te \u0219i despre transformarea teatrului \u00eentr-un spa\u021biu educa\u021bional destinat elevilor \u0219i tinerilor pasiona\u021bi de arta dramatic\u0103, inclusiv prin reluarea Festivalului STEF \u0219i dezvoltarea unor proiecte dedicate liceenilor.<\/p>\n<p>De asemenea, acesta precizeaz\u0103 c\u0103 spectacolele pentru copii vor continua s\u0103 fie organizate.<\/p>\n<p><strong>Reac\u021biile politice continu\u0103<\/strong><\/p>\n<p>Declara\u021biile primarului vin \u00een contextul \u00een care, \u00een aceea\u0219i zi, deputatul PNL de Vrancea \u0219i pre\u0219edintele organiza\u021biei jude\u021bene a partidului, <strong>Drago\u0219 Ciobotaru<\/strong>, a solicitat reanalizarea hot\u0103r\u00e2rii adoptate de Consiliul Local.<\/p>\n<p>Parlamentarul a apreciat c\u0103 reorganizarea trebuie reconsiderat\u0103, afirm\u00e2nd c\u0103 proiectul a fost introdus suplimentar pe ordinea de zi \u0219i c\u0103 este necesar\u0103 organizarea unei dezbateri publice \u00eenaintea adopt\u0103rii unei decizii cu impact asupra unei institu\u021bii culturale reprezentative pentru municipiu.<\/p>\n<p>La r\u00e2ndul s\u0103u, prefectul jude\u021bului Vrancea \u0219i pre\u0219edintele PNL Foc\u0219ani, <strong>Liviu Macovei<\/strong>, a transmis c\u0103 Institu\u021bia Prefectului va verifica hot\u0103r\u00e2rea exclusiv din perspectiva legalit\u0103\u021bii, subliniind \u00eens\u0103 importan\u021ba dialogului \u0219i a unei dezbateri publice atunci c\u00e2nd este vorba despre viitorul unei institu\u021bii culturale cu valoare identitar\u0103 pentru comunitate.<\/p>\n<p><strong>Peti\u021bie na\u021bional\u0103 pentru protejarea teatrelor publice de repertoriu<\/strong><\/p>\n<p>Tot s\u00e2mb\u0103t\u0103, <strong>Federa\u021bia Teatrelor Metropolitane<\/strong> a lansat o <strong>Peti\u021bie Na\u021bional\u0103 pentru protejarea teatrelor publice de repertoriu din Rom\u00e2nia<\/strong>.<\/p>\n<p>Documentul solicit\u0103 Guvernului \u0219i Ministerului Culturii modificarea legisla\u021biei astfel \u00eenc\u00e2t transformarea sau reorganizarea teatrelor publice de repertoriu s\u0103 nu mai poat\u0103 fi decis\u0103 exclusiv de autorit\u0103\u021bile locale, ci numai dup\u0103 avizul Ministerului Culturii, consultarea organiza\u021biilor profesionale \u0219i realizarea unui studiu de impact cultural.<\/p>\n<p>Ini\u021biatorii sus\u021bin c\u0103 teatrul public reprezint\u0103 o component\u0103 esen\u021bial\u0103 a infrastructurii culturale \u0219i c\u0103 astfel de decizii dep\u0103\u0219esc interesul unei administra\u021bii locale, av\u00e2nd implica\u021bii asupra accesului comunit\u0103\u021bilor la cultur\u0103.<\/p>\n<p><strong>O dezbatere care r\u0103m\u00e2ne deschis\u0103<\/strong><\/p>\n<p>Transformarea Teatrului Municipal \u201eMaior Gheorghe Pastia\u201d din teatru de repertoriu \u00een teatru de proiecte continu\u0103 s\u0103 produc\u0103 reac\u021bii divergente.<\/p>\n<p>Pe de o parte, administra\u021bia local\u0103 argumenteaz\u0103 c\u0103 reorganizarea este necesar\u0103 pentru adaptarea institu\u021biei la constr\u00e2ngerile legislative \u0219i financiare actuale \u0219i pentru diversificarea ofertei culturale.<\/p>\n<p>Pe de alt\u0103 parte, reprezentan\u021bi ai mediului artistic, ai opozi\u021biei politice \u0219i ai unor organiza\u021bii culturale consider\u0103 c\u0103 desfiin\u021barea trupei permanente poate afecta identitatea institu\u021biei \u0219i solicit\u0103 reluarea dezbaterilor publice \u00eenainte de aplicarea m\u0103surilor adoptate.<\/p>\n<p>Subiectul r\u0103m\u00e2ne unul dintre cele mai discutate teme ale \u00eenceputului lunii august \u00een spa\u021biul public vr\u00e2ncean, iar evolu\u021bia sa va depinde at\u00e2t de eventualele demersuri administrative \u0219i juridice, c\u00e2t \u0219i de dialogul dintre autorit\u0103\u021bi, arti\u0219ti \u0219i comunitate.<\/p>\n<p><strong>Paul Petrache\u00a0<\/strong><\/p>\n<p><strong>Citi\u021bi \u0219i:<a href=\"https:\/\/www.ziaruldevrancea.ro\/actualitatea\/stiri-locale\/consiliul-local-focsani-a-aprobat-transformarea-teatrului-maior-gheorghe-pastia-din-teatru-de-repertoriu-in-teatru-de-proiecte\" target=\"_blank\">Consiliul Local Foc\u0219ani a aprobat transformarea Teatrului \u201eMaior Gheorghe Pastia\u201d din teatru de repertoriu \u00een teatru de proiecte<\/a>;<\/strong><\/p>\n<p><strong><a href=\"https:\/\/www.ziaruldevrancea.ro\/special\/politica\/vrancea-liderul-pnl-dragos-ciobotaru-cere-reanalizarea-hotararii-privind-reorganizarea-teatrului-maior-gheorghe-pastia-din-focsani\" target=\"_blank\">Liderul PNL Vrancea Drago\u0219 Ciobotaru cere reanalizarea hot\u0103r\u00e2rii privind reorganizarea Teatrului \u201eMaior Gheorghe Pastia\u201d din Foc\u0219ani<\/a>;<\/strong><\/p>\n<p><strong><a href=\"https:\/\/www.ziaruldevrancea.ro\/special\/politica\/prefectul-vrancei-liviu-macovei-despre-reorganizarea-teatrului-maior-gheorghe-pastia-institutia-prefectului-va-analiza-hotararea-exclusiv-in-limitele-legii\" target=\"_blank\">Prefectul Vrancei, Liviu Macovei, despre reorganizarea Teatrului \u201eMaior Gheorghe Pastia\u201d: \u201eInstitu\u021bia Prefectului va analiza hot\u0103r\u00e2rea exclusiv \u00een limitele legii\u201d<\/a><\/strong><\/p>\n<hr>\n<div class=\"bloc-widget widget-rosu\">\n<p>\u00cen lipsa unui acord scris din partea Ziarului de Vrancea, pute\u0163i prelua maxim 500 de caractere din acest articol dac\u0103 preciza\u0163i sursa \u015fi insera\u0163i vizibil link-ul articolului:\u00a0<span>#insertcurrentlinkhere<\/span><\/p>\n<\/div>\n<div class=\"extra-articol listing-anunturi\">\n<h6>Anun\u021buri <span class=\"text-primary\">ZdV<\/span> Premium<\/h6>\n<div class=\"row\">\n<div class=\"col-lg-4 col-md-6 bloc-egal\"><a class=\"card-anunt\" href=\"https:\/\/ziaruldevrancea.ro\/anunturi\/inchirieri\/locuinte-oferte\/primesc-in-gazda-elevi-anunt-72832\"><strong class=\"titlu\">Locuin\u021be oferte<\/strong><span class=\"text-anunt\">Primesc \u00een gazd\u0103 elevi la cas\u0103-vil\u0103,&#8230;<\/span><span class=\"data-anunt\">07.08.2026  <\/span><\/a><\/div>\n<div class=\"col-lg-4 col-md-6 bloc-egal\"><a class=\"card-anunt\" href=\"https:\/\/ziaruldevrancea.ro\/anunturi\/altele\/matrimoniale\/Imi-caut-sufletul-pereche-anunt-72833\"><strong class=\"titlu\">Matrimoniale<\/strong><span class=\"text-anunt\">Domn serios caut doamn\u0103 serioas\u0103, v\u00e2rsta&#8230;<\/span><span class=\"data-anunt\">07.08.2026  <\/span><\/a><\/div>\n<div class=\"col-lg-4 col-md-6 bloc-egal\"><a class=\"card-anunt\" href=\"https:\/\/ziaruldevrancea.ro\/anunturi\/angajari\/oferte-angajari\/angajare-anunt-72830\"><strong class=\"titlu\">Oferte<\/strong><span class=\"text-anunt\">ECOSISTEM SRL cu sediul in localitatea Jorasti,&#8230;<\/span><span class=\"data-anunt\">05.08.2026  <\/span><\/a><\/div>\n<\/div>\n<\/div>\n<div class=\"extra-articol alte-articole\">\n<div class=\"row\">\n<div class=\"col-lg-6 bloc-egal\">\n<div class=\"card articol-listing\">\n<h6>\u00cen categoria <a href=\"https:\/\/ziaruldevrancea.ro\/special\/politica\">Politic\u0103<\/a><\/h6>\n<div class=\"grup-articol-listing\">\n<div class=\"cont-pils\"><a href=\"https:\/\/ziaruldevrancea.ro\/special\/politica\/video--foto-ministrul-economiei-in-dialog-cu-antreprenorii-din-vrancea\"><img decoding=\"async\" src=\"https:\/\/zdvi.cname.ro\/180_135\/special\/politica\/video--foto-ministrul-economiei-in-dialog-cu-antreprenorii-din-vrancea\/mediaPool\/uWPqfXz.jpg\" class=\"img-responsive img-180\" alt><\/a><\/div>\n<h2><a class=\"link-titlu\" href=\"https:\/\/ziaruldevrancea.ro\/special\/politica\/video--foto-ministrul-economiei-in-dialog-cu-antreprenorii-din-vrancea\">VIDEO + Foto | Ministrul Economiei, \u00een dialog cu antreprenorii din Vrancea<\/a><\/h2>\n<div class=\"date-post\"><a href=\"https:\/\/ziaruldevrancea.ro\/autor\/radu-tomescu\">Radu Tomescu<\/a>,  3 aug 2026  <\/div>\n<\/div>\n<div class=\"grup-articol-listing\">\n<div class=\"cont-pils\"><a href=\"https:\/\/ziaruldevrancea.ro\/special\/politica\/vrancea-liderul-pnl-dragos-ciobotaru-cere-reanalizarea-hotararii-privind-reorganizarea-teatrului-maior-gheorghe-pastia-din-focsani\"><img decoding=\"async\" src=\"https:\/\/zdvi.cname.ro\/180_135\/special\/politica\/vrancea-liderul-pnl-dragos-ciobotaru-cere-reanalizarea-hotararii-privind-reorganizarea-teatrului-maior-gheorghe-pastia-din-focsani\/mediaPool\/uFEg88o.jpg\" class=\"img-responsive img-180\" alt><\/a><\/div>\n<h2><a class=\"link-titlu\" href=\"https:\/\/ziaruldevrancea.ro\/special\/politica\/vrancea-liderul-pnl-dragos-ciobotaru-cere-reanalizarea-hotararii-privind-reorganizarea-teatrului-maior-gheorghe-pastia-din-focsani\"> Liderul PNL Vrancea, Drago\u0219 Ciobotaru, cere reanalizarea hot\u0103r\u00e2rii privind reorganizarea Teatrului \u201eMaior Gheorghe Pastia\u201d din Foc\u0219ani<\/a><\/h2>\n<div class=\"date-post\"><a href=\"https:\/\/ziaruldevrancea.ro\/autor\/radu-tomescu\">Radu Tomescu<\/a>,  2 aug 2026  <\/div>\n<\/div>\n<div class=\"grup-articol-listing\">\n<div class=\"cont-pils\"><a href=\"https:\/\/ziaruldevrancea.ro\/special\/politica\/prefectul-vrancei-liviu-macovei-despre-reorganizarea-teatrului-maior-gheorghe-pastia-institutia-prefectului-va-analiza-hotararea-exclusiv-in-limitele-legii\"><img decoding=\"async\" src=\"https:\/\/zdvi.cname.ro\/180_135\/special\/politica\/prefectul-vrancei-liviu-macovei-despre-reorganizarea-teatrului-maior-gheorghe-pastia-institutia-prefectului-va-analiza-hotararea-exclusiv-in-limitele-legii\/mediaPool\/uN8hOaH.jpg\" class=\"img-responsive img-180\" alt><\/a><\/div>\n<h2><a class=\"link-titlu\" href=\"https:\/\/ziaruldevrancea.ro\/special\/politica\/prefectul-vrancei-liviu-macovei-despre-reorganizarea-teatrului-maior-gheorghe-pastia-institutia-prefectului-va-analiza-hotararea-exclusiv-in-limitele-legii\">Prefectul Vrancei, Liviu Macovei, despre reorganizarea Teatrului \u201eMaior Gheorghe Pastia\u201d: \u201eInstitu\u021bia Prefectului va analiza hot\u0103r\u00e2rea exclusiv \u00een limitele legii\u201d<\/a><\/h2>\n<div class=\"date-post\"><a href=\"https:\/\/ziaruldevrancea.ro\/autor\/mircea-pavel\">Mircea Pavel<\/a>,  2 aug 2026  <\/div>\n<\/div>\n<\/div>\n<\/div>\n<div class=\"col-lg-6 bloc-egal\">\n<div class=\"card articol-listing\">\n<h6>De acela\u0219i <a href=\"https:\/\/ziaruldevrancea.ro\/autor\/paul-petrache\/\">autor<\/a><\/h6>\n<div class=\"grup-articol-listing\">\n<div class=\"cont-pils\"><a href=\"https:\/\/ziaruldevrancea.ro\/actualitatea\/stiri-locale\/dezinsectie-in-focsani-timp-de-cinci-nopti\"><img decoding=\"async\" src=\"https:\/\/zdvi.cname.ro\/180_135\/actualitatea\/stiri-locale\/dezinsectie-in-focsani-timp-de-cinci-nopti\/mediaPool\/ui5YJzR.jpg\" class=\"img-responsive img-180\" alt><\/a><\/div>\n<h2><a class=\"link-titlu\" href=\"https:\/\/ziaruldevrancea.ro\/actualitatea\/stiri-locale\/dezinsectie-in-focsani-timp-de-cinci-nopti\">Dezinsec\u021bie \u00een Foc\u0219ani, timp de cinci nop\u021bi<\/a><\/h2>\n<div class=\"date-post\"><a href=\"https:\/\/ziaruldevrancea.ro\/autor\/paul-petrache\">Paul Petrache<\/a>,  9 aug 2026  <\/div>\n<\/div>\n<div class=\"grup-articol-listing\">\n<div class=\"cont-pils\"><a href=\"https:\/\/ziaruldevrancea.ro\/special\/economic\/locuri-de-munca-pe-alese-pentru-vranceni-138-de-posturi-disponibile-in-judet-si-alte-141-oportunitati-de-angajare-prin-reteaua-eures-in-mai-multe-state-ale-uniunii-europene\"><img decoding=\"async\" src=\"https:\/\/zdvi.cname.ro\/180_135\/special\/economic\/locuri-de-munca-pe-alese-pentru-vranceni-138-de-posturi-disponibile-in-judet-si-alte-141-oportunitati-de-angajare-prin-reteaua-eures-in-mai-multe-state-ale-uniunii-europene\/mediaPool\/uT9MzL0.jpg\" class=\"img-responsive img-180\" alt><\/a><\/div>\n<h2><a class=\"link-titlu\" href=\"https:\/\/ziaruldevrancea.ro\/special\/economic\/locuri-de-munca-pe-alese-pentru-vranceni-138-de-posturi-disponibile-in-judet-si-alte-141-oportunitati-de-angajare-prin-reteaua-eures-in-mai-multe-state-ale-uniunii-europene\">Locuri de munc\u0103 pe alese pentru vr\u00e2nceni: 138 de posturi disponibile \u00een jude\u021b \u0219i alte 141 oportunit\u0103\u021bi de angajare prin re\u021beaua EURES, \u00een mai multe state ale Uniunii Europene<\/a><\/h2>\n<div class=\"date-post\"><a href=\"https:\/\/ziaruldevrancea.ro\/autor\/paul-petrache\">Paul Petrache<\/a>,  9 aug 2026  <\/div>\n<\/div>\n<div class=\"grup-articol-listing\">\n<div class=\"cont-pils\"><a href=\"https:\/\/ziaruldevrancea.ro\/actualitatea\/stiri-locale\/video-capre-negre-surprinse-de-camerele-de-monitorizare-in-parcul-natural-putna-vrancea.-imagini-rare-din-salbaticia-muntilor-vrancei\"><img decoding=\"async\" src=\"https:\/\/zdvi.cname.ro\/180_135\/actualitatea\/stiri-locale\/video-capre-negre-surprinse-de-camerele-de-monitorizare-in-parcul-natural-putna-vrancea.-imagini-rare-din-salbaticia-muntilor-vrancei\/mediaPool\/upm06Hc.jpg\" class=\"img-responsive img-180\" alt><\/a><\/div>\n<h2><a class=\"link-titlu\" href=\"https:\/\/ziaruldevrancea.ro\/actualitatea\/stiri-locale\/video-capre-negre-surprinse-de-camerele-de-monitorizare-in-parcul-natural-putna-vrancea.-imagini-rare-din-salbaticia-muntilor-vrancei\">VIDEO | Capre negre surprinse de camerele de monitorizare \u00een Parcul Natural Putna-Vrancea. Imagini rare din s\u0103lb\u0103ticia mun\u021bilor Vrancei<\/a><\/h2>\n<div class=\"date-post\"><a href=\"https:\/\/ziaruldevrancea.ro\/autor\/paul-petrache\">Paul Petrache<\/a>,  9 aug 2026  <\/div>\n<\/div>\n<\/div>\n<\/div>\n<\/div>\n<\/div>\n<div class=\"extra-articol listing-anunturi\">\n<h6>Anun\u021buri <span class=\"text-primary\">ZdV<\/span> Premium<\/h6>\n<div class=\"row\">\n<div class=\"col-lg-4 col-md-6 bloc-egal\"><a class=\"card-anunt\" href=\"https:\/\/ziaruldevrancea.ro\/anunturi\/altele\/servicii\/caut-o-persoana-sau-o-familie-pentru-ingrijirea-unei-batrane\"><strong class=\"titlu\">Servicii<\/strong><span class=\"text-anunt\">Caut o persoan\u0103\u00a0sau o familie serioas\u0103&#8230;<\/span><span class=\"data-anunt\">04.08.2026  <\/span><\/a><\/div>\n<div class=\"col-lg-4 col-md-6 bloc-egal\"><a class=\"card-anunt\" href=\"https:\/\/ziaruldevrancea.ro\/anunturi\/imobiliare\/vanzari-ap-2-camere\/vand-apartament-2-camere-in-focsani-anunt-72825\"><strong class=\"titlu\">V\u00e2nz\u0103ri ap 2 camere<\/strong><span class=\"text-anunt\">V\u00e2nd apartament 2 camere, hol p\u0103trat,&#8230;<\/span><span class=\"data-anunt\">04.08.2026  <\/span><\/a><\/div>\n<div class=\"col-lg-4 col-md-6 bloc-egal\"><a class=\"card-anunt\" href=\"https:\/\/ziaruldevrancea.ro\/anunturi\/angajari\/oferte-angajari\/caut-femeie-pt-supraveghere-batrana-paralizata-focsani-fara-menaj-program-de-la-9la-17-de-luni-pana-vineri-salariu-2600\"><strong class=\"titlu\">Oferte<\/strong><span class=\"text-anunt\">Caut femeie pentru\u00a0supraveghere&#8230;<\/span><span class=\"data-anunt\">05.08.2026 , Vrancea , Foc\u0219ani<\/span><\/a><\/div>\n<\/div>\n<\/div>\n<div class=\"bloc-widget widget-albastru\">\n    Ziarul de Vrancea \u00a0nu este responsabil juridic pentru con\u0163inutul textelor din comentariile de mai jos. Responsabilitatea pentru mesajele dumneavoastra v\u0103 revine \u00een exclusivitate.\n<\/div>\n<div class=\"comentarii-articol\" id=\"comentarii\">\n<h3>Comentarii: <span class=\"text-primary\">0<\/span><\/h3>\n<p><a href=\"https:\/\/ziaruldevrancea.ro\/special\/politica\/primarul-focsaniului-raspunde-criticilor-privind-reorganizarea-teatrului-maior-gheorghe-pastia\" class=\"btn btn-success btn-adauga-com\" data-toggle=\"modal\" data-parent=\"0\" data-target=\"#commentModal\">Adaug\u0103 comentariu<\/a><\/p>\n<div class=\"loadMask comments-mask\"><img decoding=\"async\" src=\"https:\/\/zdvs.cname.ro\/images\/loader_40.gif\"><\/div>\n<div class=\"comenteaza-jos\">Trebuie s\u0103 fii <a href=\"https:\/\/ziaruldevrancea.ro\/account\">autentificat<\/a> pentru a putea <a href=\"https:\/\/ziaruldevrancea.ro\/special\/politica\/primarul-focsaniului-raspunde-criticilor-privind-reorganizarea-teatrului-maior-gheorghe-pastia\" class data-toggle=\"modal\" data-parent=\"0\" data-target=\"#commentModal\">posta un comentariu<\/a>.<\/div>\n<\/div>\n<div class=\"modal fade\" id=\"commentModal\" role=\"dialog\" aria-labelledby=\"commentModalLabel\">\n<div class=\"modal-dialog modal-lg\" role=\"document\">\n<div class=\"modal-content\">\n<div class=\"modal-header\">\n<h3 class=\"modal-title\" id=\"commentModalLabel\">Comenteaz\u0103<\/h3>\n<\/div>\n<div class=\"modal-body\">\n<div class=\"tabel tabel-full\">\n<div class=\"celula\">\n              Trebuie s\u0103 fii <a href=\"https:\/\/ziaruldevrancea.ro\/account\">autentificat<\/a> pentru a putea posta un comentariu.\n            <\/div>\n<\/div>\n<\/div>\n<div class=\"modal-footer\">\n<div id=\"commentPending\" class=\"formPending pull-left\"><img decoding=\"async\" src=\"https:\/\/zdvs.cname.ro\/images\/loader_40.gif\"> In curs de procesare&#8230;<\/div>\n<p><a href=\"https:\/\/ziaruldevrancea.ro\/special\/politica\/primarul-focsaniului-raspunde-criticilor-privind-reorganizarea-teatrului-maior-gheorghe-pastia\" class=\"btn btn-default\" data-dismiss=\"modal\">Anuleaz\u0103<\/a><\/div>\n<\/div>\n<\/div>\n<\/div>\n<div class=\"modal fade\" id=\"commentReportModal\" role=\"dialog\" aria-labelledby=\"commentReportModalLabel\">\n<div class=\"modal-dialog modal-lg\" role=\"document\">\n<div class=\"modal-content\">\n<div class=\"modal-header\">\n<h3 class=\"modal-title\" id=\"commentReportModalLabel\">Raporteaza comentariu<\/h3>\n<\/div>\n<div class=\"modal-body\">\n<div class=\"tabel tabel-full\">\n<div class=\"celula\">\n              Trebuie s\u0103 fii <a href=\"https:\/\/ziaruldevrancea.ro\/account\">autentificat<\/a> pentru a putea raporta un comentariu.\n            <\/div>\n<\/div>\n<\/div>\n<div class=\"modal-footer\">\n<div id=\"commentReportPending\" class=\"formPending pull-left\"><img decoding=\"async\" src=\"https:\/\/zdvs.cname.ro\/images\/loader_40.gif\"> In curs de procesare&#8230;<\/div>\n<p><a href=\"https:\/\/ziaruldevrancea.ro\/special\/politica\/primarul-focsaniului-raspunde-criticilor-privind-reorganizarea-teatrului-maior-gheorghe-pastia\" class=\"btn btn-default\" data-dismiss=\"modal\">Anuleaz\u0103<\/a><\/div>\n<\/div>\n<\/div>\n<\/div>\n<div class=\"modal fade\" id=\"commentLikeModal\" role=\"dialog\" aria-labelledby=\"commentLikeModalLabel\">\n<div class=\"modal-dialog modal-lg\" role=\"document\">\n<div class=\"modal-content\">\n<div class=\"modal-header\">\n<h3 class=\"modal-title\" id=\"commentReportModalLabel\">Apreciaza comentariu<\/h3>\n<\/div>\n<div class=\"modal-body\">\n<div class=\"tabel tabel-full\">\n<div class=\"celula\">\n            Trebuie s\u0103 fii <a href=\"https:\/\/ziaruldevrancea.ro\/account\">autentificat<\/a> pentru a putea aprecia un comentariu.\n          <\/div>\n<\/div>\n<\/div>\n<div class=\"modal-footer\"><a href=\"https:\/\/ziaruldevrancea.ro\/special\/politica\/primarul-focsaniului-raspunde-criticilor-privind-reorganizarea-teatrului-maior-gheorghe-pastia\" class=\"btn btn-default\" data-dismiss=\"modal\">Anuleaz\u0103<\/a><\/div>\n<\/div>\n<\/div>\n<\/div>\n<div class=\"bloc-widget widget-rosu\"><span><small>Ziarul de Vrancea doreste ca acest site sa fie un spatiu al discutiilor civilizate, al comentariilor de bun simt. Din acest motiv, cei care posteaza comentarii la articole trebuie sa respecte urmatoarele reguli:<br \/>\n1. Sa se refere doar la articolul la care posteaza comentarii.<br \/>\n2. Sa foloseasca un limbaj civilizat, fara injurii, calomnii, comentarii antisemite, xenofobe sau rasiste.<br \/>\n3. Sunt interzise atacurile la adresa autorilor, daca acestea nu au legatura cu textul.<br \/>\n4. Username-ul sa nu fie nume de personalitati ale vietii publice sau parodieri ale acestora.<br \/>\nAutorul unui articol poate fi criticat pentru eventuale greseli, incoerenta, lipsa de documentare etc.<br \/>\nNerespectarea regulilor mentionate mai sus va duce la stergerea comentariilor, fara avertisment si fara explicatii.<br \/>\nAbaterile repetate vor avea drept consecinta interdictia accesului la aceasta facilitate a site-ului.<\/small><\/span><\/div>\n<\/div>\n<p>[analyse_source url=&#8221;https:\/\/ziaruldevrancea.ro\/special\/politica\/primarul-focsaniului-raspunde-criticilor-privind-reorganizarea-teatrului-maior-gheorghe-pastia&#8221;]<\/p>\n","protected":false},"excerpt":{"rendered":"<p>[analyse_image type=&#8221;featured&#8221; src=&#8221;https:\/\/zdvi.cname.ro\/_\/primarul-focsaniului-raspunde-criticilor-privind-reorganizarea-teatrului-maior-gheorghe-pastia\/mediaPool\/uNhtmwy.jpg&#8221;] Politic\u0103 Primarul Foc\u0219aniului r\u0103spunde criticilor privind reorganizarea Teatrului \u201eMaior Gheorghe Pastia\u201d Distribuie: \u00a0 | Paul Petrache 2 aug 20261562 vizualiz\u0103ri Dezbaterea asupra viitorului institu\u021biei continu\u0103 \u00een Vrancea. Dup\u0103 reac\u021biile din spa\u021biul public \u0219i apelurile lansate de lideri politici, arti\u0219ti \u0219i organiza\u021bii culturale, primarul Cristi Valentin Mis\u0103il\u0103 sus\u021bine c\u0103 teatrul nu se desfiin\u021beaz\u0103, [&hellip;]<\/p>\n","protected":false},"author":1,"featured_media":0,"comment_status":"open","ping_status":"","sticky":false,"template":"","format":"standard","meta":{"footnotes":""},"categories":[89],"tags":[226,208],"class_list":["post-2085365","post","type-post","status-publish","format-standard","hentry","category-romania","tag-crawlmanager","tag-ziaruldevrancea-ro"],"_links":{"self":[{"href":"https:\/\/analyse.optim.biz\/index.php?rest_route=\/wp\/v2\/posts\/2085365","targetHints":{"allow":["GET"]}}],"collection":[{"href":"https:\/\/analyse.optim.biz\/index.php?rest_route=\/wp\/v2\/posts"}],"about":[{"href":"https:\/\/analyse.optim.biz\/index.php?rest_route=\/wp\/v2\/types\/post"}],"author":[{"embeddable":true,"href":"https:\/\/analyse.optim.biz\/index.php?rest_route=\/wp\/v2\/users\/1"}],"replies":[{"embeddable":true,"href":"https:\/\/analyse.optim.biz\/index.php?rest_route=%2Fwp%2Fv2%2Fcomments&post=2085365"}],"version-history":[{"count":0,"href":"https:\/\/analyse.optim.biz\/index.php?rest_route=\/wp\/v2\/posts\/2085365\/revisions"}],"wp:attachment":[{"href":"https:\/\/analyse.optim.biz\/index.php?rest_route=%2Fwp%2Fv2%2Fmedia&parent=2085365"}],"wp:term":[{"taxonomy":"category","embeddable":true,"href":"https:\/\/analyse.optim.biz\/index.php?rest_route=%2Fwp%2Fv2%2Fcategories&post=2085365"},{"taxonomy":"post_tag","embeddable":true,"href":"https:\/\/analyse.optim.biz\/index.php?rest_route=%2Fwp%2Fv2%2Ftags&post=2085365"}],"curies":[{"name":"wp","href":"https:\/\/api.w.org\/{rel}","templated":true}]}}