{"id":2085364,"date":"2026-08-02T00:00:00","date_gmt":"2026-08-01T21:00:00","guid":{"rendered":"https:\/\/analyse.optim.biz\/?p=2085364"},"modified":"2026-08-02T00:00:00","modified_gmt":"2026-08-01T21:00:00","slug":"liderul-pnl-vrancea-dragos-ciobotaru-cere-reanalizarea-hotararii-privind-reorganizarea-teatrului-maior-gheorghe-pastia-din-focsani","status":"publish","type":"post","link":"https:\/\/analyse.optim.biz\/?p=2085364","title":{"rendered":"Liderul PNL Vrancea, Drago\u0219 Ciobotaru, cere reanalizarea hot\u0103r\u00e2rii privind reorganizarea Teatrului \u201eMaior Gheorghe Pastia\u201d din Foc\u0219ani"},"content":{"rendered":"<p>[analyse_image type=&#8221;featured&#8221; src=&#8221;https:\/\/zdvi.cname.ro\/_\/vrancea-liderul-pnl-dragos-ciobotaru-cere-reanalizarea-hotararii-privind-reorganizarea-teatrului-maior-gheorghe-pastia-din-focsani\/mediaPool\/uFEg88o.jpg&#8221;]<\/p>\n<div class=\"main-content detaliu-articol\"><a class=\"titlu-cat-list\" href=\"https:\/\/ziaruldevrancea.ro\/special\/politica\">Politic\u0103<\/a><\/p>\n<h1> Liderul PNL Vrancea, Drago\u0219 Ciobotaru, cere reanalizarea hot\u0103r\u00e2rii privind reorganizarea Teatrului \u201eMaior Gheorghe Pastia\u201d din Foc\u0219ani<\/h1>\n<div class=\"date-articol clearfix\">\n<div class=\"distribuie-articol dropdown\">\n    Distribuie: \u00a0<br \/>\n    <em>|<\/em><\/div>\n<div class=\"autor-articol\"><a href=\"https:\/\/ziaruldevrancea.ro\/autor\/radu-tomescu\/\"><img decoding=\"async\" class=\"img-circle\" src=\"https:\/\/zdvi.cname.ro\/50_50\/articleAuthor\/radu-tomescu\/articleAuthor\/ucx2Ggg.PNG\" alt><\/a><\/p>\n<h5><a href=\"https:\/\/ziaruldevrancea.ro\/autor\/radu-tomescu\/\">Radu Tomescu<\/a><\/h5>\n<div class=\"grup-spatiere\"><span class=\"cu-spatiere\"> 2 aug 2026<\/span><span class=\"cu-spatiere\">1052 vizualiz\u0103ri<\/span><\/div>\n<\/div>\n<\/div>\n<div class=\"poza-mare\"><a href class=\"openGallery\"><img decoding=\"async\" class=\"img-responsive\" src=\"https:\/\/zdvi.cname.ro\/850_530\/vrancea-liderul-pnl-dragos-ciobotaru-cere-reanalizarea-hotararii-privind-reorganizarea-teatrului-maior-gheorghe-pastia-din-focsani\/article\/mediaPool\/uFEg88o.jpg\" alt><\/a><\/div>\n<p>\u200b<strong>Dup\u0103 valul de reac\u021bii generate de transformarea teatrului din institu\u021bie de repertoriu \u00een teatru de proiecte, deputatul PNL de Vrancea sus\u021bine c\u0103 decizia Consiliului Local trebuie reconsiderat\u0103, iar \u00een aceea\u0219i zi este lansat\u0103 \u0219i o peti\u021bie na\u021bional\u0103 pentru protejarea teatrelor publice de repertoriu.<\/strong><\/p>\n<p><strong>Drago\u0219 Ciobotaru solicit\u0103 reanalizarea hot\u0103r\u00e2rii privind Teatrul \u201eMaior Gheorghe Pastia\u201d. Controversele continu\u0103 la Foc\u0219ani, iar dezbaterea cap\u0103t\u0103 dimensiune na\u021bional\u0103<\/strong><\/p>\n<p>Hot\u0103r\u00e2rea adoptat\u0103 \u00een \u0219edin\u021ba ordinar\u0103 din 30 iulie 2026 a Consiliului Local al Municipiului Foc\u0219ani privind reorganizarea Direc\u021biei Teatru, Produc\u021bii Teatrale \u0219i Muzicale din cadrul Teatrului Municipal \u201eMaior Gheorghe Pastia\u201d continu\u0103 s\u0103 genereze reac\u021bii at\u00e2t la nivel local, c\u00e2t \u0219i na\u021bional.<\/p>\n<p>Dup\u0103 numeroasele comentarii ap\u0103rute \u00een mediul online \u00een urma votului prin care teatrul a fost reorganizat din teatru de repertoriu \u00een teatru de proiecte, deputatul de Vrancea \u0219i pre\u0219edintele PNL Vrancea, Drago\u0219 Ciobotaru, a publicat s\u00e2mb\u0103t\u0103, 1 august 2026, la ora 15:00, un mesaj pe pagina sa de Facebook \u00een care afirm\u0103 c\u0103 hot\u0103r\u00e2rea adoptat\u0103 de Consiliul Local Foc\u0219ani trebuie reanalizat\u0103.<\/p>\n<p><strong>Liderul PNL Vrancea: \u201eDecizia Consiliului Local a fost una neinspirat\u0103 \u0219i trebuie reanalizat\u0103\u201d<\/strong><\/p>\n<p>\u00cen mesajul f\u0103cut public, parlamentarul subliniaz\u0103 c\u0103 educa\u021bia, cultura \u0219i s\u0103n\u0103tatea ar trebui s\u0103 fie ultimele domenii afectate de eventualele m\u0103suri de reducere a cheltuielilor \u0219i consider\u0103 c\u0103 desfiin\u021barea trupei proprii de teatru reprezint\u0103 o m\u0103sur\u0103 pripit\u0103.<\/p>\n<p>Drago\u0219 Ciobotaru afirm\u0103 c\u0103 proiectul nu s-a reg\u0103sit pe ordinea de zi ini\u021bial\u0103 a \u0219edin\u021bei Consiliului Local \u0219i c\u0103 a fost introdus suplimentar \u00eenaintea dezbaterilor, fiind prezentat drept un proiect de reorganizare \u0219i eficientizare a activit\u0103\u021bii teatrului.<\/p>\n<p>Potrivit acestuia, consilierii locali ai PNL au votat proiectul \u201ecu bun\u0103-credin\u021b\u0103\u201d, apreciind c\u0103 acesta urm\u0103rea dezvoltarea activit\u0103\u021bii teatrului \u0219i eficientizarea administrativ\u0103, nu eliminarea trupei permanente de actori.<\/p>\n<p>Deputatul sus\u021bine c\u0103 lipsa timpului pentru o analiz\u0103 detaliat\u0103 \u0219i reac\u021biile ulterioare din spa\u021biul public justific\u0103 reanalizarea hot\u0103r\u00e2rii.<\/p>\n<p>\u00cen acela\u0219i mesaj, liderul liberal propune ini\u021bierea unui proiect de revocare a hot\u0103r\u00e2rii adoptate \u00een 30 iulie, urmat de organizarea unei dezbateri publice \u0219i elaborarea unui nou proiect care s\u0103 \u021bin\u0103 cont at\u00e2t de nevoile institu\u021biei, c\u00e2t \u0219i de a\u0219tept\u0103rile publicului \u0219i ale comunit\u0103\u021bii artistice.<\/p>\n<p>Totodat\u0103, acesta precizeaz\u0103 c\u0103 a discutat situa\u021bia cu pre\u0219edintele PNL Foc\u0219ani \u0219i prefectul jude\u021bului Vrancea, Liviu Macovei, precum \u0219i cu ale\u0219ii locali liberali \u0219i anun\u021b\u0103 c\u0103 vor fi f\u0103cute demersuri pentru reanalizarea hot\u0103r\u00e2rii.<\/p>\n<p><strong>Reac\u021bii dup\u0103 votul din Consiliul Local<\/strong><\/p>\n<p>Pozi\u021bia liderului PNL Vrancea vine dup\u0103 ce, \u00een urma \u0219edin\u021bei Consiliului Local din 30 iulie, \u00een mediul online au fost formulate numeroase critici privind votul acordat de consilierii locali ai PNL proiectului de reorganizare.<\/p>\n<p>Reamintim c\u0103 hot\u0103r\u00e2rea a fost adoptat\u0103 cu voturile consilierilor PSD, PNL, For\u021ba Dreptei \u0219i Mi\u0219carea Popular\u0103. Consilierul local USR a votat \u00eempotriv\u0103, iar reprezentan\u021bii AUR s-au ab\u021binut.<\/p>\n<p>\u00cen zilele care au urmat au fost exprimate puncte de vedere din partea actorilor teatrului, reprezentan\u021bilor administra\u021biei locale \u0219i unor ale\u0219i locali, dezbaterea concentr\u00e2ndu-se asupra efectelor reorganiz\u0103rii asupra activit\u0103\u021bii artistice \u0219i asupra viitorului teatrului de repertoriu din Foc\u0219ani.<\/p>\n<p><strong>Peti\u021bie na\u021bional\u0103 pentru ap\u0103rarea teatrelor publice de repertoriu<\/strong><\/p>\n<p>Tot s\u00e2mb\u0103t\u0103, 1 august 2026, Federa\u021bia Teatrelor Metropolitane a lansat <strong>\u201ePeti\u021bia Na\u021bional\u0103 pentru Protejarea Teatrelor Publice de Repertoriu din Rom\u00e2nia\u201d<\/strong>.<\/p>\n<p>Documentul invoc\u0103 prevederile articolului 33 din Constitu\u021bia Rom\u00e2niei privind garantarea accesului la cultur\u0103 \u0219i solicit\u0103 Guvernului \u0219i Ministerului Culturii modificarea cadrului legislativ pentru protejarea teatrelor publice de repertoriu.<\/p>\n<p>Printre solicit\u0103rile formulate se num\u0103r\u0103 recunoa\u0219terea teatrelor de repertoriu drept infrastructur\u0103 cultural\u0103 strategic\u0103, introducerea unei sec\u021biuni distincte \u00een registrul institu\u021biilor de spectacole administrat de Ministerul Culturii, definirea trupei permanente ca element esen\u021bial al teatrului de repertoriu \u0219i condi\u021bionarea reorganiz\u0103rii unor astfel de institu\u021bii de avizul Ministerului Culturii, consultarea UNITER, a organiza\u021biilor sindicale \u0219i realizarea unei dezbateri publice.<\/p>\n<p>Ini\u021biatorii peti\u021biei sus\u021bin c\u0103 teatrul public de repertoriu reprezint\u0103 un patrimoniu cultural viu \u0219i c\u0103 beneficiarii direc\u021bi ai existen\u021bei acestuia sunt comunit\u0103\u021bile locale \u0219i publicul.<\/p>\n<p><strong>Context<\/strong><\/p>\n<p>Ziarul de Vrancea a relatat \u00eenc\u0103 din 30 iulie 2026 despre adoptarea hot\u0103r\u00e2rii Consiliului Local Foc\u0219ani privind transformarea Teatrului Municipal \u201eMaior Gheorghe Pastia\u201d din teatru de repertoriu \u00een teatru de proiecte.<\/p>\n<p>Potrivit documentelor care au stat la baza hot\u0103r\u00e2rii, administra\u021bia local\u0103 a argumentat reorganizarea prin necesitatea eficientiz\u0103rii activit\u0103\u021bii \u0219i adapt\u0103rii modelului de func\u021bionare la realitatea institu\u021biei, \u00een timp ce reprezentan\u021bi ai trupei teatrului au sus\u021binut c\u0103 m\u0103sura afecteaz\u0103 existen\u021ba teatrului de repertoriu \u0219i au anun\u021bat demersuri pentru contestarea acesteia.<\/p>\n<p>Dup\u0103 reac\u021bia deputatului Drago\u0219 Ciobotaru \u0219i lansarea peti\u021biei na\u021bionale, dezbaterea privind viitorul Teatrului Municipal \u201eMaior Gheorghe Pastia\u201d dep\u0103\u0219e\u0219te cadrul local \u0219i se \u00eenscrie \u00eentr-o discu\u021bie mai ampl\u0103 privind organizarea \u0219i protejarea teatrelor publice de repertoriu din Rom\u00e2nia.<\/p>\n<p><strong>Radu Tomescu\u00a0<\/strong><\/p>\n<p><strong>Citi\u021bi \u0219i con\u021binutul integral al post\u0103rii activat\u0103 s\u00e2mb\u0103t\u0103 1 august 2026 pe contul de facebook\u00a0\u00a0<a href=\"https:\/\/www.facebook.com\/ciobotaru.dragos.5?__cft__%5B0%5D=AZYvNwOarm8yrIZxNNH6eamdqrCJ9PjOXGKvJjac80D7-F2DZP6YlaP6ngLyy_u6QYOInZ0cnoupzXYzbfFWuMYQKY9bd6pi-YnttoLl8lAHOA6yTsonc0MmR2X_PzPt2z7nmwlBxYeWI3LmWH_OoT-AADAVwnBTrfY0bd2LZbNY4V_HASyMQncgLHJUn589WNc&amp;__tn__=-UC*F\" target=\"_blank\">Ciobotaru Dragos<\/a>\u00a0pe subiectul\u00a0hot\u0103r\u00e2rii privind reorganizarea Teatrului \u201eMaior Gheorghe Pastia\u201d din Foc\u0219ani<\/strong><\/p>\n<p>\u201e<em>Teatrul Municipal &lt;&lt;Maior Gheorghe Pastia&gt;&gt;\u00a0din Foc\u0219ani \u0219i decizia de reorganizare luat\u0103 de Consiliul Local<\/em><\/p>\n<div>\n<div dir=\"auto\"><em>Av\u00e2nd \u00een vedere dezbaterea din spa\u021biul public generat\u0103 de hot\u0103r\u00e2rea Consiliului Local Foc\u0219ani privind reorganizarea activit\u0103\u021bii teatrale, consider c\u0103 sunt necesare c\u00e2teva clarific\u0103ri.<\/em><\/div>\n<\/div>\n<div>\n<div dir=\"auto\"><em>O comunitate are nevoie, \u00eenainte de toate, de educa\u021bie, cultur\u0103 \u0219i s\u0103n\u0103tate. F\u0103r\u0103 acestea, dezvoltarea pe baze solide \u0219i s\u0103n\u0103toase nu este posibil\u0103. Conducerea administra\u021biei locale trebuie s\u0103 \u00een\u021beleag\u0103 acest lucru \u0219i s\u0103 fac\u0103 toate demersurile necesare pentru a men\u021bine aceste domenii vii, pentru a le sus\u021bine \u0219i pentru a atrage oamenii c\u0103tre ele prin toate mijloacele disponibile.<\/em><\/div>\n<div dir=\"auto\"><em>Atunci c\u00e2nd este nevoie de m\u0103suri de reducere a cheltuielilor, ultimele domenii asupra c\u0103rora ar trebui s\u0103 se r\u0103sfr\u00e2ng\u0103 acestea sunt educa\u021bia, cultura \u0219i s\u0103n\u0103tatea.<\/em><\/div>\n<\/div>\n<div>\n<div dir=\"auto\"><em>Num\u0103rul mic al actorilor, greutatea lor de a organiza spectacole sau lipsa diversit\u0103\u021bii sunt motive puerile, conducerea institu\u021biei trebuie s\u0103 ia toate masurile pentru a angaja actori suficien\u021bi, pentru a-i ajuta pe acestia cu tot ce au nevoie si pentru a oferi spectatorilor piese de calitate.<\/em><\/div>\n<\/div>\n<div>\n<div dir=\"auto\"><em>Consider c\u0103 decizia Consiliului Local Foc\u0219ani a fost una neinspirat\u0103 \u0219i trebuie reanalizat\u0103. Chiar dac\u0103 teatrul nu se desfiin\u021beaz\u0103, a\u0219a cum s-a afirmat \u00een mod eronat \u00een mediul online, desfiin\u021barea trupei proprii de teatru reprezint\u0103 o decizie pripit\u0103.<\/em><\/div>\n<\/div>\n<div>\n<div dir=\"auto\"><em>Proiectul nu s-a aflat pe ordinea de zi ini\u021bial\u0103 \u0219i nu a fost prezentat anterior, nici m\u0103car informal, consilierilor locali. Acesta a fost introdus suplimentar chiar \u00eenaintea \u0219edin\u021bei \u0219i prezentat ca un proiect de reorganizare \u0219i \u00eembun\u0103t\u0103\u021bire a activit\u0103\u021bii teatrale, \u00een contextul reorganiz\u0103rilor care au loc \u00een acest an \u00een structurile bugetare.<\/em><\/div>\n<\/div>\n<div>\n<div dir=\"auto\"><em>Consilierii locali ai PNL au votat acest proiect cu bun\u0103-credin\u021b\u0103, av\u00e2nd convingerea c\u0103 sprijin\u0103 dezvoltarea teatrului \u0219i eficientizarea activit\u0103\u021bii sale, \u00een niciun caz desfiin\u021barea trupei proprii. \u00cen lipsa timpului necesar pentru o analiz\u0103 aprofundat\u0103 a proiectului \u0219i av\u00e2nd \u00een vedere efectele pe care le produce, consider c\u0103 aceast\u0103 decizie trebuie reconsiderat\u0103.<\/em><\/div>\n<\/div>\n<div>\n<div dir=\"auto\"><em>\u00cen contextul reac\u021biilor din spa\u021biul public \u0219i al opiniei exprimate de cet\u0103\u021beni, cea mai corect\u0103 solu\u021bie este ca Prim\u0103ria Municipiului Foc\u0219ani \u0219i Consiliul Local s\u0103 ini\u021bieze un proiect de revocare a acestei hot\u0103r\u00e2ri, iar ulterior, \u00een urma unor dezbateri publice reale \u0219i transparente, s\u0103 fie elaborat un nou proiect care s\u0103 r\u0103spund\u0103 at\u00e2t a\u0219tept\u0103rilor iubitorilor de teatru, c\u00e2t \u0219i nevoilor institu\u021biei, asigur\u00e2nd men\u021binerea unei activit\u0103\u021bi artistice proprii, continue \u0219i de calitate.<\/em><\/div>\n<\/div>\n<div>\n<div dir=\"auto\"><em>Am discutat aceste aspecte \u0219i cu colegul meu, Liviu Macovei, pre\u0219edintele PNL Foc\u0219ani \u0219i prefectul jude\u021bului Vrancea, precum \u0219i cu consilierii locali ai PNL. \u00cen perioada urm\u0103toare vom face toate demersurile necesare pentru ca aceast\u0103 hot\u0103r\u00e2re s\u0103 fie reanalizat\u0103.<\/em><\/div>\n<\/div>\n<div>\n<div dir=\"auto\"><em>Municipiul Foc\u0219ani nu poate deveni un ora\u0219 lipsit de activit\u0103\u021bi culturale, sportive \u0219i sociale. Trebuie s\u0103 r\u0103m\u00e2n\u0103 un ora\u0219 frumos, cochet, educat \u0219i viu, a\u0219a cum \u00eel cunosc \u0219i \u00eel iubesc de peste 40 de ani.<\/em>\u201d-<strong><a href=\"https:\/\/www.facebook.com\/ciobotaru.dragos.5?__cft__%5B0%5D=AZapMJ4nCgg1G8bd6EDQg21DG2yiqp3Qooy1zDGI_YYu-23XcwzQSRhA9GZCNGGZbUAiDH7w6hfoX96kQleADC1DVF3SYZU97EiNNm-0JG-svoGEOdeOV3U0zNZ-n0DtbiZwTC3RGFnOECsD8AMUkOwGB31yQ3-Mtdh3v57tcsx9brqc5pA30HIcGtDmMkmQM5w&amp;__tn__=-%5DC%2CP-R\" target=\"_blank\">Ciobotaru Dragos<\/a><\/strong><\/div>\n<div dir=\"auto\"><strong>Citi\u021bi \u0219i con\u021binutul integral al\u00a0<\/strong><strong>PETI\u021aIEI NA\u021aIONALE\u00a0PENTRU PROTEJAREA TEATRELOR PUBLICE DE REPERTORIU DIN ROM\u00c2NIA ini\u021biat\u0103 s\u00e2mb\u0103t\u0103 1 august 2026 de<\/strong>\u00a0<strong><a href=\"https:\/\/www.facebook.com\/profile.php?id=61577707904191&amp;__cft__%5B0%5D=AZZaM4Ekv7GAfHLdPJr5qLeAPzVfSwbA4SlkKOfdPSQLbuVXB738__Kl0HWouL8NIoiuTHWCB8NU5Cgb3K3SxpGzbw0j3UfH92S13oSJVrP4GBTc7xbeVrFhSIUrZe1RxOPSMej_OrfYZxp4j_Iue9mDXmEAEBd-su_Wvgky2EDacFWCyYFFJxnvY3kTfw5qm2o5rsFx0elp1heG78CFoc3k&amp;__tn__=-UC%2CP-R\" target=\"_blank\">Federa\u021bia Teatrelor Metropolitane<\/a><\/strong><\/div>\n<div dir=\"auto\">\n<div>\n<div dir=\"auto\"><strong>PETI\u021aIE NA\u021aIONAL\u0102 PENTRU PROTEJAREA TEATRELOR PUBLICE DE REPERTORIU DIN ROM\u00c2NIA<\/strong><\/div>\n<\/div>\n<div>\n<div dir=\"auto\">Articolul 33 din Constitu\u021bia Rom\u00e2niei stabile\u0219te f\u0103r\u0103 echivoc:<\/div>\n<\/div>\n<div>\n<div dir=\"auto\">\u201eAccesul la cultur\u0103 este garantat, \u00een condi\u021biile legii.\u201d<\/div>\n<\/div>\n<div>\n<div dir=\"auto\">\u0219i<\/div>\n<\/div>\n<div>\n<div dir=\"auto\">\u201eStatul trebuie s\u0103 asigure p\u0103strarea identit\u0103\u021bii spirituale, sprijinirea culturii na\u021bionale, stimularea artelor, protejarea \u0219i conservarea mo\u0219tenirii culturale.\u201d<\/div>\n<\/div>\n<div>\n<div dir=\"auto\">\u00a0Statul rom\u00e2n nu respect\u0103 Constitu\u021bia atunci c\u00e2nd permite desfiin\u021barea teatrelor publice de repertoriu \u0219i destr\u0103marea trupelor permanente.<\/div>\n<\/div>\n<div>\n<div dir=\"auto\">\u00cen ultima perioad\u0103, la Foc\u0219ani, Bra\u0219ov, R\u00e2mnicu V\u00e2lcea, Buz\u0103u \u0219i \u00een alte ora\u0219e din Rom\u00e2nia, asist\u0103m la decizii care sl\u0103besc sau desfiin\u021beaz\u0103 teatre publice de repertoriu \u0219i comunit\u0103\u021bile artistice construite \u00een jurul lor. Privite separat, ele pot p\u0103rea situa\u021bii locale. \u00cempreun\u0103, descriu un fenomen na\u021bional care pune \u00een pericol unul dintre cele mai valoroase modele culturale construite \u00een Rom\u00e2nia.<\/div>\n<\/div>\n<div>\n<div dir=\"auto\">Rom\u00e2nia traverseaz\u0103 o perioad\u0103 de profund\u0103 fragilizare social\u0103. Rezultatele sistemului de educa\u021bie sunt \u00eengrijor\u0103toare, consumul cultural r\u0103m\u00e2ne printre cele mai sc\u0103zute din Europa, iar violen\u021ba, lipsa dialogului \u0219i ne\u00eencrederea se extind \u00een spa\u021biul public.<\/div>\n<\/div>\n<div>\n<div dir=\"auto\">\u00centr-un asemenea moment, statul are obliga\u021bia s\u0103 \u00eent\u0103reasc\u0103 institu\u021biile care formeaz\u0103 oameni, nu s\u0103 accepte destructurarea lor.<\/div>\n<\/div>\n<div>\n<div dir=\"auto\">Se vorbe\u0219te despre actori.<\/div>\n<\/div>\n<div>\n<div dir=\"auto\">Se vorbe\u0219te despre posturi.<\/div>\n<\/div>\n<div>\n<div dir=\"auto\">Se vorbe\u0219te despre cheltuieli.<\/div>\n<\/div>\n<div>\n<div dir=\"auto\">Dar teatrul public de repertoriu nu exist\u0103 doar pentru actori.<\/div>\n<\/div>\n<div>\n<div dir=\"auto\">\u00a0Teatrul produce spectatori.<\/div>\n<\/div>\n<div>\n<div dir=\"auto\">Actorii sunt c\u00e2teva mii.<\/div>\n<\/div>\n<div>\n<div dir=\"auto\">Spectatorii sunt milioane.<\/div>\n<\/div>\n<div>\n<div dir=\"auto\">\u00a0Adev\u0103ratul beneficiar al teatrului public este cet\u0103\u021beanul.<\/div>\n<\/div>\n<div>\n<div dir=\"auto\">Copilul care intr\u0103 pentru prima dat\u0103 \u00eentr-o sal\u0103 de spectacol.<\/div>\n<\/div>\n<div>\n<div dir=\"auto\">Adolescentul care descoper\u0103 prin teatru literatura, istoria \u0219i primele \u00eentreb\u0103ri despre sine \u0219i despre lume.<\/div>\n<\/div>\n<div>\n<div dir=\"auto\">Profesorul care \u00ee\u0219i aduce elevii la reprezenta\u021bii.<\/div>\n<\/div>\n<div>\n<div dir=\"auto\">P\u0103rin\u021bii \u0219i bunicii care \u00eemp\u0103rt\u0103\u0219esc cu copiii \u0219i nepo\u021bii lor experien\u021ba teatrului.<\/div>\n<\/div>\n<div>\n<div dir=\"auto\">Comunitatea \u00eentreag\u0103.<\/div>\n<\/div>\n<div>\n<div dir=\"auto\">C\u00e2nd desfiin\u021ba\u021bi un teatru de repertoriu sau \u00eei destr\u0103ma\u021bi trupa, nu lua\u021bi ceva actorilor.<\/div>\n<\/div>\n<div>\n<div dir=\"auto\">Lua\u021bi ceva cet\u0103\u021benilor acestei \u021b\u0103ri.<\/div>\n<\/div>\n<div>\n<div dir=\"auto\">Le lua\u021bi accesul la cultur\u0103.<\/div>\n<\/div>\n<div>\n<div dir=\"auto\">Le lua\u021bi unul dintre pu\u021binele locuri \u00een care se \u00eenva\u021b\u0103 dialogul, empatia, g\u00e2ndirea critic\u0103 \u0219i libertatea de a pune \u00eentreb\u0103ri.<\/div>\n<\/div>\n<div>\n<div dir=\"auto\">A\u0219a \u00een\u021belege statul rom\u00e2n s\u0103 \u00ee\u0219i trateze cet\u0103\u021benii?<\/div>\n<\/div>\n<div>\n<div dir=\"auto\">Teatrul public de repertoriu nu este doar o institu\u021bie administrativ\u0103.<\/div>\n<\/div>\n<div>\n<div dir=\"auto\">Este patrimoniu cultural viu.<\/div>\n<\/div>\n<div>\n<div dir=\"auto\">Guvernul Rom\u00e2niei \u0219i Ministerul Culturii trebuie s\u0103 \u00ee\u0219i asume protejarea teatrelor publice de repertoriu prin modificarea cadrului legislativ.<\/div>\n<\/div>\n<div>\n<div dir=\"auto\"><strong>Solicit\u0103m:<\/strong><\/div>\n<\/div>\n<div>\n<div dir=\"auto\">\u00a0Recunoa\u0219terea teatrelor publice de repertoriu ca infrastructur\u0103 cultural\u0103 strategic\u0103 a Rom\u00e2niei.<\/div>\n<\/div>\n<div>\n<div dir=\"auto\">\u00a0Completarea Registrului institu\u021biilor \u0219i companiilor de spectacole sau concerte, administrat de Ministerul Culturii, cu o sec\u021biune distinct\u0103 dedicat\u0103 teatrelor publice de repertoriu, care s\u0103 beneficieze de un regim special de protec\u021bie.<\/div>\n<\/div>\n<div>\n<div dir=\"auto\">\u00a0Modificarea OG nr. 21\/2007, prin definirea trupei artistice permanente ca element esen\u021bial al teatrului public de repertoriu.<\/div>\n<\/div>\n<div>\n<div dir=\"auto\">\u00a0Modificarea OG nr. 21\/2007, astfel \u00eenc\u00e2t desfiin\u021barea, transformarea sau reorganizarea unui teatru public de repertoriu s\u0103 nu mai poat\u0103 fi decis\u0103 exclusiv de autoritatea administra\u021biei publice locale, ci numai cu avizul Ministerului Culturii, dup\u0103 consultarea UNITER \u0219i a organiza\u021biilor sindicale reprezentative, \u00een baza unui studiu de impact cultural \u0219i \u00een urma unei dezbateri publice.<\/div>\n<\/div>\n<div>\n<div dir=\"auto\">Facem apel c\u0103tre actori, regizori, scenografi, dramaturgi, coregrafi, critici de teatru, directori \u0219i manageri de institu\u021bii culturale, profesori, studen\u021bi, UNITER, organiza\u021biile profesionale din domeniul artelor spectacolului \u0219i c\u0103tre spectatorii din \u00eentreaga \u021bar\u0103 s\u0103 ni se al\u0103ture.<\/div>\n<\/div>\n<div>\n<div dir=\"auto\">Nu semna\u021bi aceast\u0103 peti\u021bie pentru arti\u0219ti.<\/div>\n<\/div>\n<div>\n<div dir=\"auto\">Semna\u021bi-o pentru comunit\u0103\u021bile din care facem parte.<\/div>\n<\/div>\n<div>\n<div dir=\"auto\">Semna\u021bi-o pentru copiii care vor intra pentru prima dat\u0103 \u00eentr-o sal\u0103 de teatru.<\/div>\n<\/div>\n<div>\n<div dir=\"auto\">Semna\u021bi-o pentru ca Rom\u00e2nia s\u0103 nu piard\u0103 institu\u021bii pe care le-a construit \u00een zeci de ani \u0219i pe care le poate distruge \u00eentr-o \u0219edin\u021b\u0103 de consiliu.<\/div>\n<\/div>\n<div>\n<div dir=\"auto\">\u00a0Un teatru public de repertoriu nu apar\u021bine unei administra\u021bii vremelnice.<\/div>\n<\/div>\n<div>\n<div dir=\"auto\">El apar\u021bine memoriei, identit\u0103\u021bii \u0219i viitorului unei comunit\u0103\u021bi.<\/div>\n<\/div>\n<div>\n<div dir=\"auto\">Ast\u0103zi avem datoria s\u0103 \u00eel protej\u0103m. \u00cempreun\u0103. Semna\u021bi peti\u021bia!<\/div>\n<div dir=\"auto\"><strong><a href=\"https:\/\/www.petitieonline.com\/petiie_naional_pentru_aprarea_teatrelor_publice_de_repertoriu_din_romania?utm_source=copy_link&amp;fbclid=IwcGRvZgVleHRuA2FlbQIxMABicmlkETF5Uk91YkZYV2dJa3lFQzhBc3J0YwZhcHBfaWQQMjIyMDM5MTc4ODIwMDg5MgABHulXJHg9f1vezjqsDPGqMbtkcTTlEQvMlVGkD3wBxz6nBu839jLntw0y85sC_aem_N3cj0b5QSBEVTWixbuJ-1Q\" rel=\"nofollow noreferrer\" target=\"_blank\">https:\/\/www.petitieonline.com\/petiie_naional_pentru&#8230;<\/a><\/strong><\/div>\n<div dir=\"auto\"><strong>Citi\u021bi \u0219i:<a href=\"https:\/\/www.ziaruldevrancea.ro\/actualitatea\/stiri-locale\/consiliul-local-focsani-a-aprobat-transformarea-teatrului-maior-gheorghe-pastia-din-teatru-de-repertoriu-in-teatru-de-proiecte\" target=\"_blank\">Consiliul Local Foc\u0219ani a aprobat transformarea Teatrului \u201eMaior Gheorghe Pastia\u201d din teatru de repertoriu \u00een teatru de proiecte<\/a><\/strong><\/div>\n<\/div>\n<\/div>\n<\/div>\n<hr>\n<div class=\"bloc-widget widget-rosu\">\n<p>\u00cen lipsa unui acord scris din partea Ziarului de Vrancea, pute\u0163i prelua maxim 500 de caractere din acest articol dac\u0103 preciza\u0163i sursa \u015fi insera\u0163i vizibil link-ul articolului:\u00a0<span>#insertcurrentlinkhere<\/span><\/p>\n<\/div>\n<div class=\"extra-articol listing-anunturi\">\n<h6>Anun\u021buri <span class=\"text-primary\">ZdV<\/span> Premium<\/h6>\n<div class=\"row\">\n<div class=\"col-lg-4 col-md-6 bloc-egal\"><a class=\"card-anunt\" href=\"https:\/\/ziaruldevrancea.ro\/anunturi\/inchirieri\/locuinte-oferte\/primesc-in-gazda-elevi-anunt-72832\"><strong class=\"titlu\">Locuin\u021be oferte<\/strong><span class=\"text-anunt\">Primesc \u00een gazd\u0103 elevi la cas\u0103-vil\u0103,&#8230;<\/span><span class=\"data-anunt\">07.08.2026  <\/span><\/a><\/div>\n<div class=\"col-lg-4 col-md-6 bloc-egal\"><a class=\"card-anunt\" href=\"https:\/\/ziaruldevrancea.ro\/anunturi\/altele\/matrimoniale\/Imi-caut-sufletul-pereche-anunt-72833\"><strong class=\"titlu\">Matrimoniale<\/strong><span class=\"text-anunt\">Domn serios caut doamn\u0103 serioas\u0103, v\u00e2rsta&#8230;<\/span><span class=\"data-anunt\">07.08.2026  <\/span><\/a><\/div>\n<div class=\"col-lg-4 col-md-6 bloc-egal\"><a class=\"card-anunt\" href=\"https:\/\/ziaruldevrancea.ro\/anunturi\/angajari\/oferte-angajari\/angajare-anunt-72830\"><strong class=\"titlu\">Oferte<\/strong><span class=\"text-anunt\">ECOSISTEM SRL cu sediul in localitatea Jorasti,&#8230;<\/span><span class=\"data-anunt\">05.08.2026  <\/span><\/a><\/div>\n<\/div>\n<\/div>\n<div class=\"extra-articol alte-articole\">\n<div class=\"row\">\n<div class=\"col-lg-6 bloc-egal\">\n<div class=\"card articol-listing\">\n<h6>\u00cen categoria <a href=\"https:\/\/ziaruldevrancea.ro\/special\/politica\">Politic\u0103<\/a><\/h6>\n<div class=\"grup-articol-listing\">\n<div class=\"cont-pils\"><a href=\"https:\/\/ziaruldevrancea.ro\/special\/politica\/video--foto-ministrul-economiei-in-dialog-cu-antreprenorii-din-vrancea\"><img decoding=\"async\" src=\"https:\/\/zdvi.cname.ro\/180_135\/special\/politica\/video--foto-ministrul-economiei-in-dialog-cu-antreprenorii-din-vrancea\/mediaPool\/uWPqfXz.jpg\" class=\"img-responsive img-180\" alt><\/a><\/div>\n<h2><a class=\"link-titlu\" href=\"https:\/\/ziaruldevrancea.ro\/special\/politica\/video--foto-ministrul-economiei-in-dialog-cu-antreprenorii-din-vrancea\">VIDEO + Foto | Ministrul Economiei, \u00een dialog cu antreprenorii din Vrancea<\/a><\/h2>\n<div class=\"date-post\"><a href=\"https:\/\/ziaruldevrancea.ro\/autor\/radu-tomescu\">Radu Tomescu<\/a>,  3 aug 2026  <\/div>\n<\/div>\n<div class=\"grup-articol-listing\">\n<div class=\"cont-pils\"><a href=\"https:\/\/ziaruldevrancea.ro\/special\/politica\/primarul-focsaniului-raspunde-criticilor-privind-reorganizarea-teatrului-maior-gheorghe-pastia\"><img decoding=\"async\" src=\"https:\/\/zdvi.cname.ro\/180_135\/special\/politica\/primarul-focsaniului-raspunde-criticilor-privind-reorganizarea-teatrului-maior-gheorghe-pastia\/mediaPool\/uNhtmwy.jpg\" class=\"img-responsive img-180\" alt><\/a><\/div>\n<h2><a class=\"link-titlu\" href=\"https:\/\/ziaruldevrancea.ro\/special\/politica\/primarul-focsaniului-raspunde-criticilor-privind-reorganizarea-teatrului-maior-gheorghe-pastia\">Primarul Foc\u0219aniului r\u0103spunde criticilor privind reorganizarea Teatrului \u201eMaior Gheorghe Pastia\u201d<\/a><\/h2>\n<div class=\"date-post\"><a href=\"https:\/\/ziaruldevrancea.ro\/autor\/paul-petrache\">Paul Petrache<\/a>,  2 aug 2026  <\/div>\n<\/div>\n<div class=\"grup-articol-listing\">\n<div class=\"cont-pils\"><a href=\"https:\/\/ziaruldevrancea.ro\/special\/politica\/prefectul-vrancei-liviu-macovei-despre-reorganizarea-teatrului-maior-gheorghe-pastia-institutia-prefectului-va-analiza-hotararea-exclusiv-in-limitele-legii\"><img decoding=\"async\" src=\"https:\/\/zdvi.cname.ro\/180_135\/special\/politica\/prefectul-vrancei-liviu-macovei-despre-reorganizarea-teatrului-maior-gheorghe-pastia-institutia-prefectului-va-analiza-hotararea-exclusiv-in-limitele-legii\/mediaPool\/uN8hOaH.jpg\" class=\"img-responsive img-180\" alt><\/a><\/div>\n<h2><a class=\"link-titlu\" href=\"https:\/\/ziaruldevrancea.ro\/special\/politica\/prefectul-vrancei-liviu-macovei-despre-reorganizarea-teatrului-maior-gheorghe-pastia-institutia-prefectului-va-analiza-hotararea-exclusiv-in-limitele-legii\">Prefectul Vrancei, Liviu Macovei, despre reorganizarea Teatrului \u201eMaior Gheorghe Pastia\u201d: \u201eInstitu\u021bia Prefectului va analiza hot\u0103r\u00e2rea exclusiv \u00een limitele legii\u201d<\/a><\/h2>\n<div class=\"date-post\"><a href=\"https:\/\/ziaruldevrancea.ro\/autor\/mircea-pavel\">Mircea Pavel<\/a>,  2 aug 2026  <\/div>\n<\/div>\n<\/div>\n<\/div>\n<div class=\"col-lg-6 bloc-egal\">\n<div class=\"card articol-listing\">\n<h6>De acela\u0219i <a href=\"https:\/\/ziaruldevrancea.ro\/autor\/radu-tomescu\/\">autor<\/a><\/h6>\n<div class=\"grup-articol-listing\">\n<div class=\"cont-pils\"><a href=\"https:\/\/ziaruldevrancea.ro\/actualitatea\/stiri-locale\/drumul-expres-focsani-braila-mai-aproape-de-santier.-umb-a-predat-documentatia-pentru-autorizatia-de-construire\"><img decoding=\"async\" src=\"https:\/\/zdvi.cname.ro\/180_135\/actualitatea\/stiri-locale\/drumul-expres-focsani-braila-mai-aproape-de-santier.-umb-a-predat-documentatia-pentru-autorizatia-de-construire\/mediaPool\/u7JUsfq.jpg\" class=\"img-responsive img-180\" alt><\/a><\/div>\n<h2><a class=\"link-titlu\" href=\"https:\/\/ziaruldevrancea.ro\/actualitatea\/stiri-locale\/drumul-expres-focsani-braila-mai-aproape-de-santier.-umb-a-predat-documentatia-pentru-autorizatia-de-construire\">Drumul Expres Foc\u0219ani\u2013Br\u0103ila, mai aproape de \u0219antier. UMB a predat documenta\u021bia pentru autoriza\u021bia de construire<\/a><\/h2>\n<div class=\"date-post\"><a href=\"https:\/\/ziaruldevrancea.ro\/autor\/radu-tomescu\">Radu Tomescu<\/a>,  8 aug 2026  <\/div>\n<\/div>\n<div class=\"grup-articol-listing\">\n<div class=\"cont-pils\"><a href=\"https:\/\/ziaruldevrancea.ro\/actualitatea\/stiri-locale\/tragedie-la-adjudu-vechi-in-vrancea-barbatul-de-66-de-ani-dat-disparut-a-fost-gasit-fara-viata.-ce-spune-politia\"><img decoding=\"async\" src=\"https:\/\/zdvi.cname.ro\/180_135\/actualitatea\/stiri-locale\/tragedie-la-adjudu-vechi-in-vrancea-barbatul-de-66-de-ani-dat-disparut-a-fost-gasit-fara-viata.-ce-spune-politia\/mediaPool\/uJCj8ep.jpg\" class=\"img-responsive img-180\" alt><\/a><\/div>\n<h2><a class=\"link-titlu\" href=\"https:\/\/ziaruldevrancea.ro\/actualitatea\/stiri-locale\/tragedie-la-adjudu-vechi-in-vrancea-barbatul-de-66-de-ani-dat-disparut-a-fost-gasit-fara-viata.-ce-spune-politia\">Tragedie la Adjudu Vechi, \u00een Vrancea: b\u0103rbatul de 66 de ani dat disp\u0103rut a fost g\u0103sit f\u0103r\u0103 via\u021b\u0103. Ce spune Poli\u021bia<\/a><\/h2>\n<div class=\"date-post\"><a href=\"https:\/\/ziaruldevrancea.ro\/autor\/radu-tomescu\">Radu Tomescu<\/a>,  8 aug 2026  <\/div>\n<\/div>\n<div class=\"grup-articol-listing\">\n<div class=\"cont-pils\"><a href=\"https:\/\/ziaruldevrancea.ro\/actualitatea\/stiri-locale\/schimbare-in-conducerea-medicala-a-saj-vrancea-dr.-iuliana-gabriela-dragomir-a-fost-numita-director-medical\"><img decoding=\"async\" src=\"https:\/\/zdvi.cname.ro\/180_135\/actualitatea\/stiri-locale\/schimbare-in-conducerea-medicala-a-saj-vrancea-dr.-iuliana-gabriela-dragomir-a-fost-numita-director-medical\/mediaPool\/uNAPc8N.jpg\" class=\"img-responsive img-180\" alt><\/a><\/div>\n<h2><a class=\"link-titlu\" href=\"https:\/\/ziaruldevrancea.ro\/actualitatea\/stiri-locale\/schimbare-in-conducerea-medicala-a-saj-vrancea-dr.-iuliana-gabriela-dragomir-a-fost-numita-director-medical\">Schimbare \u00een conducerea medical\u0103 a SAJ Vrancea: dr. Iuliana-Gabriela Dragomir a fost numit\u0103 director medical<\/a><\/h2>\n<div class=\"date-post\"><a href=\"https:\/\/ziaruldevrancea.ro\/autor\/radu-tomescu\">Radu Tomescu<\/a>,  7 aug 2026  <\/div>\n<\/div>\n<\/div>\n<\/div>\n<\/div>\n<\/div>\n<div class=\"extra-articol listing-anunturi\">\n<h6>Anun\u021buri <span class=\"text-primary\">ZdV<\/span> Premium<\/h6>\n<div class=\"row\">\n<div class=\"col-lg-4 col-md-6 bloc-egal\"><a class=\"card-anunt\" href=\"https:\/\/ziaruldevrancea.ro\/anunturi\/altele\/servicii\/caut-o-persoana-sau-o-familie-pentru-ingrijirea-unei-batrane\"><strong class=\"titlu\">Servicii<\/strong><span class=\"text-anunt\">Caut o persoan\u0103\u00a0sau o familie serioas\u0103&#8230;<\/span><span class=\"data-anunt\">04.08.2026  <\/span><\/a><\/div>\n<div class=\"col-lg-4 col-md-6 bloc-egal\"><a class=\"card-anunt\" href=\"https:\/\/ziaruldevrancea.ro\/anunturi\/imobiliare\/vanzari-ap-2-camere\/vand-apartament-2-camere-in-focsani-anunt-72825\"><strong class=\"titlu\">V\u00e2nz\u0103ri ap 2 camere<\/strong><span class=\"text-anunt\">V\u00e2nd apartament 2 camere, hol p\u0103trat,&#8230;<\/span><span class=\"data-anunt\">04.08.2026  <\/span><\/a><\/div>\n<div class=\"col-lg-4 col-md-6 bloc-egal\"><a class=\"card-anunt\" href=\"https:\/\/ziaruldevrancea.ro\/anunturi\/angajari\/oferte-angajari\/caut-femeie-pt-supraveghere-batrana-paralizata-focsani-fara-menaj-program-de-la-9la-17-de-luni-pana-vineri-salariu-2600\"><strong class=\"titlu\">Oferte<\/strong><span class=\"text-anunt\">Caut femeie pentru\u00a0supraveghere&#8230;<\/span><span class=\"data-anunt\">05.08.2026 , Vrancea , Foc\u0219ani<\/span><\/a><\/div>\n<\/div>\n<\/div>\n<div class=\"bloc-widget widget-albastru\">\n    Ziarul de Vrancea \u00a0nu este responsabil juridic pentru con\u0163inutul textelor din comentariile de mai jos. Responsabilitatea pentru mesajele dumneavoastra v\u0103 revine \u00een exclusivitate.\n<\/div>\n<div class=\"comentarii-articol\" id=\"comentarii\">\n<h3>Comentarii: <span class=\"text-primary\">0<\/span><\/h3>\n<p><a href=\"https:\/\/ziaruldevrancea.ro\/special\/politica\/vrancea-liderul-pnl-dragos-ciobotaru-cere-reanalizarea-hotararii-privind-reorganizarea-teatrului-maior-gheorghe-pastia-din-focsani\" class=\"btn btn-success btn-adauga-com\" data-toggle=\"modal\" data-parent=\"0\" data-target=\"#commentModal\">Adaug\u0103 comentariu<\/a><\/p>\n<div class=\"loadMask comments-mask\"><img decoding=\"async\" src=\"https:\/\/zdvs.cname.ro\/images\/loader_40.gif\"><\/div>\n<div class=\"comenteaza-jos\">Trebuie s\u0103 fii <a href=\"https:\/\/ziaruldevrancea.ro\/account\">autentificat<\/a> pentru a putea <a href=\"https:\/\/ziaruldevrancea.ro\/special\/politica\/vrancea-liderul-pnl-dragos-ciobotaru-cere-reanalizarea-hotararii-privind-reorganizarea-teatrului-maior-gheorghe-pastia-din-focsani\" class data-toggle=\"modal\" data-parent=\"0\" data-target=\"#commentModal\">posta un comentariu<\/a>.<\/div>\n<\/div>\n<div class=\"modal fade\" id=\"commentModal\" role=\"dialog\" aria-labelledby=\"commentModalLabel\">\n<div class=\"modal-dialog modal-lg\" role=\"document\">\n<div class=\"modal-content\">\n<div class=\"modal-header\">\n<h3 class=\"modal-title\" id=\"commentModalLabel\">Comenteaz\u0103<\/h3>\n<\/div>\n<div class=\"modal-body\">\n<div class=\"tabel tabel-full\">\n<div class=\"celula\">\n              Trebuie s\u0103 fii <a href=\"https:\/\/ziaruldevrancea.ro\/account\">autentificat<\/a> pentru a putea posta un comentariu.\n            <\/div>\n<\/div>\n<\/div>\n<div class=\"modal-footer\">\n<div id=\"commentPending\" class=\"formPending pull-left\"><img decoding=\"async\" src=\"https:\/\/zdvs.cname.ro\/images\/loader_40.gif\"> In curs de procesare&#8230;<\/div>\n<p><a href=\"https:\/\/ziaruldevrancea.ro\/special\/politica\/vrancea-liderul-pnl-dragos-ciobotaru-cere-reanalizarea-hotararii-privind-reorganizarea-teatrului-maior-gheorghe-pastia-din-focsani\" class=\"btn btn-default\" data-dismiss=\"modal\">Anuleaz\u0103<\/a><\/div>\n<\/div>\n<\/div>\n<\/div>\n<div class=\"modal fade\" id=\"commentReportModal\" role=\"dialog\" aria-labelledby=\"commentReportModalLabel\">\n<div class=\"modal-dialog modal-lg\" role=\"document\">\n<div class=\"modal-content\">\n<div class=\"modal-header\">\n<h3 class=\"modal-title\" id=\"commentReportModalLabel\">Raporteaza comentariu<\/h3>\n<\/div>\n<div class=\"modal-body\">\n<div class=\"tabel tabel-full\">\n<div class=\"celula\">\n              Trebuie s\u0103 fii <a href=\"https:\/\/ziaruldevrancea.ro\/account\">autentificat<\/a> pentru a putea raporta un comentariu.\n            <\/div>\n<\/div>\n<\/div>\n<div class=\"modal-footer\">\n<div id=\"commentReportPending\" class=\"formPending pull-left\"><img decoding=\"async\" src=\"https:\/\/zdvs.cname.ro\/images\/loader_40.gif\"> In curs de procesare&#8230;<\/div>\n<p><a href=\"https:\/\/ziaruldevrancea.ro\/special\/politica\/vrancea-liderul-pnl-dragos-ciobotaru-cere-reanalizarea-hotararii-privind-reorganizarea-teatrului-maior-gheorghe-pastia-din-focsani\" class=\"btn btn-default\" data-dismiss=\"modal\">Anuleaz\u0103<\/a><\/div>\n<\/div>\n<\/div>\n<\/div>\n<div class=\"modal fade\" id=\"commentLikeModal\" role=\"dialog\" aria-labelledby=\"commentLikeModalLabel\">\n<div class=\"modal-dialog modal-lg\" role=\"document\">\n<div class=\"modal-content\">\n<div class=\"modal-header\">\n<h3 class=\"modal-title\" id=\"commentReportModalLabel\">Apreciaza comentariu<\/h3>\n<\/div>\n<div class=\"modal-body\">\n<div class=\"tabel tabel-full\">\n<div class=\"celula\">\n            Trebuie s\u0103 fii <a href=\"https:\/\/ziaruldevrancea.ro\/account\">autentificat<\/a> pentru a putea aprecia un comentariu.\n          <\/div>\n<\/div>\n<\/div>\n<div class=\"modal-footer\"><a href=\"https:\/\/ziaruldevrancea.ro\/special\/politica\/vrancea-liderul-pnl-dragos-ciobotaru-cere-reanalizarea-hotararii-privind-reorganizarea-teatrului-maior-gheorghe-pastia-din-focsani\" class=\"btn btn-default\" data-dismiss=\"modal\">Anuleaz\u0103<\/a><\/div>\n<\/div>\n<\/div>\n<\/div>\n<div class=\"bloc-widget widget-rosu\"><span><small>Ziarul de Vrancea doreste ca acest site sa fie un spatiu al discutiilor civilizate, al comentariilor de bun simt. Din acest motiv, cei care posteaza comentarii la articole trebuie sa respecte urmatoarele reguli:<br \/>\n1. Sa se refere doar la articolul la care posteaza comentarii.<br \/>\n2. Sa foloseasca un limbaj civilizat, fara injurii, calomnii, comentarii antisemite, xenofobe sau rasiste.<br \/>\n3. Sunt interzise atacurile la adresa autorilor, daca acestea nu au legatura cu textul.<br \/>\n4. Username-ul sa nu fie nume de personalitati ale vietii publice sau parodieri ale acestora.<br \/>\nAutorul unui articol poate fi criticat pentru eventuale greseli, incoerenta, lipsa de documentare etc.<br \/>\nNerespectarea regulilor mentionate mai sus va duce la stergerea comentariilor, fara avertisment si fara explicatii.<br \/>\nAbaterile repetate vor avea drept consecinta interdictia accesului la aceasta facilitate a site-ului.<\/small><\/span><\/div>\n<\/div>\n<p>[analyse_source url=&#8221;https:\/\/ziaruldevrancea.ro\/special\/politica\/vrancea-liderul-pnl-dragos-ciobotaru-cere-reanalizarea-hotararii-privind-reorganizarea-teatrului-maior-gheorghe-pastia-din-focsani&#8221;]<\/p>\n","protected":false},"excerpt":{"rendered":"<p>[analyse_image type=&#8221;featured&#8221; src=&#8221;https:\/\/zdvi.cname.ro\/_\/vrancea-liderul-pnl-dragos-ciobotaru-cere-reanalizarea-hotararii-privind-reorganizarea-teatrului-maior-gheorghe-pastia-din-focsani\/mediaPool\/uFEg88o.jpg&#8221;] Politic\u0103 Liderul PNL Vrancea, Drago\u0219 Ciobotaru, cere reanalizarea hot\u0103r\u00e2rii privind reorganizarea Teatrului \u201eMaior Gheorghe Pastia\u201d din Foc\u0219ani Distribuie: \u00a0 | Radu Tomescu 2 aug 20261052 vizualiz\u0103ri \u200bDup\u0103 valul de reac\u021bii generate de transformarea teatrului din institu\u021bie de repertoriu \u00een teatru de proiecte, deputatul PNL de Vrancea sus\u021bine c\u0103 decizia Consiliului Local trebuie [&hellip;]<\/p>\n","protected":false},"author":1,"featured_media":0,"comment_status":"open","ping_status":"","sticky":false,"template":"","format":"standard","meta":{"footnotes":""},"categories":[89],"tags":[226,208],"class_list":["post-2085364","post","type-post","status-publish","format-standard","hentry","category-romania","tag-crawlmanager","tag-ziaruldevrancea-ro"],"_links":{"self":[{"href":"https:\/\/analyse.optim.biz\/index.php?rest_route=\/wp\/v2\/posts\/2085364","targetHints":{"allow":["GET"]}}],"collection":[{"href":"https:\/\/analyse.optim.biz\/index.php?rest_route=\/wp\/v2\/posts"}],"about":[{"href":"https:\/\/analyse.optim.biz\/index.php?rest_route=\/wp\/v2\/types\/post"}],"author":[{"embeddable":true,"href":"https:\/\/analyse.optim.biz\/index.php?rest_route=\/wp\/v2\/users\/1"}],"replies":[{"embeddable":true,"href":"https:\/\/analyse.optim.biz\/index.php?rest_route=%2Fwp%2Fv2%2Fcomments&post=2085364"}],"version-history":[{"count":0,"href":"https:\/\/analyse.optim.biz\/index.php?rest_route=\/wp\/v2\/posts\/2085364\/revisions"}],"wp:attachment":[{"href":"https:\/\/analyse.optim.biz\/index.php?rest_route=%2Fwp%2Fv2%2Fmedia&parent=2085364"}],"wp:term":[{"taxonomy":"category","embeddable":true,"href":"https:\/\/analyse.optim.biz\/index.php?rest_route=%2Fwp%2Fv2%2Fcategories&post=2085364"},{"taxonomy":"post_tag","embeddable":true,"href":"https:\/\/analyse.optim.biz\/index.php?rest_route=%2Fwp%2Fv2%2Ftags&post=2085364"}],"curies":[{"name":"wp","href":"https:\/\/api.w.org\/{rel}","templated":true}]}}