{"id":2085363,"date":"2026-08-02T00:00:00","date_gmt":"2026-08-01T21:00:00","guid":{"rendered":"https:\/\/analyse.optim.biz\/?p=2085363"},"modified":"2026-08-02T00:00:00","modified_gmt":"2026-08-01T21:00:00","slug":"prefectul-vrancei-liviu-macovei-despre-reorganizarea-teatrului-maior-gheorghe-pastia-institutia-prefectului-va-analiza-hotararea-exclusiv-in-limitele-legii","status":"publish","type":"post","link":"https:\/\/analyse.optim.biz\/?p=2085363","title":{"rendered":"Prefectul Vrancei, Liviu Macovei, despre reorganizarea Teatrului \u201eMaior Gheorghe Pastia\u201d: \u201eInstitu\u021bia Prefectului va analiza hot\u0103r\u00e2rea exclusiv \u00een limitele legii\u201d"},"content":{"rendered":"<p>[analyse_image type=&#8221;featured&#8221; src=&#8221;https:\/\/zdvi.cname.ro\/_\/prefectul-vrancei-liviu-macovei-despre-reorganizarea-teatrului-maior-gheorghe-pastia-institutia-prefectului-va-analiza-hotararea-exclusiv-in-limitele-legii\/mediaPool\/uN8hOaH.jpg&#8221;]<\/p>\n<div class=\"main-content detaliu-articol\"><a class=\"titlu-cat-list\" href=\"https:\/\/ziaruldevrancea.ro\/special\/politica\">Politic\u0103<\/a><\/p>\n<h1>Prefectul Vrancei, Liviu Macovei, despre reorganizarea Teatrului \u201eMaior Gheorghe Pastia\u201d: \u201eInstitu\u021bia Prefectului va analiza hot\u0103r\u00e2rea exclusiv \u00een limitele legii\u201d<\/h1>\n<div class=\"date-articol clearfix\">\n<div class=\"distribuie-articol dropdown\">\n    Distribuie: \u00a0<br \/>\n    <em>|<\/em><\/div>\n<div class=\"autor-articol\"><a href=\"https:\/\/ziaruldevrancea.ro\/autor\/mircea-pavel\/\"><img decoding=\"async\" class=\"img-circle\" src=\"https:\/\/zdvi.cname.ro\/50_50\/articleAuthor\/mircea-pavel\/articleAuthor\/uqcCx6q.jpg\" alt><\/a><\/p>\n<h5><a href=\"https:\/\/ziaruldevrancea.ro\/autor\/mircea-pavel\/\">Mircea Pavel<\/a><\/h5>\n<div class=\"grup-spatiere\"><span class=\"cu-spatiere\"> 2 aug 2026<\/span><span class=\"cu-spatiere\">1161 vizualiz\u0103ri<\/span><\/div>\n<\/div>\n<\/div>\n<div class=\"poza-mare\"><a href class=\"openGallery\"><img decoding=\"async\" class=\"img-responsive\" src=\"https:\/\/zdvi.cname.ro\/850_530\/prefectul-vrancei-liviu-macovei-despre-reorganizarea-teatrului-maior-gheorghe-pastia-institutia-prefectului-va-analiza-hotararea-exclusiv-in-limitele-legii\/article\/mediaPool\/uN8hOaH.jpg\" alt><\/a><\/div>\n<p><strong>Dup\u0103 apelul liderului PNL Vrancea, Drago\u0219 Ciobotaru, pentru reanalizarea hot\u0103r\u00e2rii Consiliului Local Foc\u0219ani privind transformarea teatrului de repertoriu \u00een teatru de proiecte, \u0219i prefectul jude\u021bului, Liviu Macovei, a transmis prima sa pozi\u021bie public\u0103, subliniind c\u0103 nu poate comenta oportunitatea deciziei, dar c\u0103 verificarea legalit\u0103\u021bii va fi realizat\u0103 cu impar\u021bialitate.<\/strong><\/p>\n<p>Controversele generate de hot\u0103r\u00e2rea adoptat\u0103 de Consiliul Local Foc\u0219ani \u00een \u0219edin\u021ba din 30 iulie 2026, prin care Direc\u021bia Teatru, Produc\u021bii Teatrale \u0219i Muzicale din cadrul Teatrului Municipal \u201eMaior Gheorghe Pastia\u201d este reorganizat\u0103, iar institu\u021bia \u00ee\u0219i schimb\u0103 modelul de func\u021bionare din teatru de repertoriu \u00een teatru de proiecte, continu\u0103 s\u0103 provoace reac\u021bii \u00een spa\u021biul public.<\/p>\n<p>Dup\u0103 pozi\u021bia exprimat\u0103 s\u00e2mb\u0103t\u0103 de deputatul \u0219i pre\u0219edintele PNL Vrancea, Drago\u0219 Ciobotaru, care a solicitat reanalizarea hot\u0103r\u00e2rii \u0219i revocarea acesteia \u00een vederea organiz\u0103rii unei dezbateri publice, prefectul jude\u021bului Vrancea \u0219i pre\u0219edintele organiza\u021biei PNL Foc\u0219ani, Liviu Macovei, a publicat, s\u00e2mb\u0103t\u0103, 1 august 2026, la ora 16:00, primul s\u0103u punct de vedere referitor la acest subiect.<\/p>\n<p>\u00cen mesajul f\u0103cut public pe pagina sa de Facebook, Liviu Macovei precizeaz\u0103 c\u0103, \u00een calitatea sa de prefect, nu \u00eei revine atribu\u021bia de a comenta oportunitatea unei hot\u0103r\u00e2ri adoptate de Consiliul Local, ci doar verificarea legalit\u0103\u021bii actului administrativ.<\/p>\n<p>Potrivit acestuia, documentul va urma procedura legal\u0103 de verificare \u00een cadrul Institu\u021biei Prefectului, iar analiza va fi realizat\u0103 \u201ecu obiectivitate, exclusiv \u00een limitele atribu\u021biilor prev\u0103zute de lege\u201d.<\/p>\n<p><strong>Cultura, dincolo de aspectele administrative<\/strong><\/p>\n<p>De\u0219i evit\u0103 s\u0103 se pronun\u021be asupra fondului deciziei administrative, prefectul subliniaz\u0103 importan\u021ba cultural\u0103 a institu\u021biei \u0219i consider\u0103 c\u0103 viitorul Teatrului Municipal \u201eMaior Gheorghe Pastia\u201d trebuie analizat \u00eentr-un cadru de dialog.<\/p>\n<p>\u00cen mesajul s\u0103u, Liviu Macovei afirm\u0103 c\u0103 teatrul reprezint\u0103 una dintre institu\u021biile emblematice ale culturii vr\u00e2ncene \u0219i apreciaz\u0103 c\u0103 preocuparea publicului pentru viitorul acesteia este fireasc\u0103.<\/p>\n<p>El sus\u021bine c\u0103 o institu\u021bie de cultur\u0103 nu poate fi privit\u0103 exclusiv prin prisma organigramelor \u0219i a indicatorilor administrativi, ci trebuie \u00een\u021beleas\u0103 \u0219i prin rolul s\u0103u \u00een p\u0103strarea identit\u0103\u021bii comunit\u0103\u021bii, a memoriei colective \u0219i a leg\u0103turii dintre genera\u021bii.<\/p>\n<p>Totodat\u0103, prefectul consider\u0103 c\u0103 deciziile privind astfel de institu\u021bii c\u00e2\u0219tig\u0103 \u00een credibilitate atunci c\u00e2nd sunt precedate de dialog, consultarea tuturor punctelor de vedere \u0219i dezbateri publice care s\u0103 ofere comunit\u0103\u021bii \u00eencrederea c\u0103 argumentele au fost analizate cu responsabilitate.<\/p>\n<p><strong>Verificarea legalit\u0103\u021bii hot\u0103r\u00e2rii<\/strong><\/p>\n<p>\u00cen finalul mesajului, Liviu Macovei reafirm\u0103 c\u0103 Institu\u021bia Prefectului \u00ee\u0219i va exercita atribu\u021biile cu impar\u021bialitate, iar eventualele concluzii privind hot\u0103r\u00e2rea Consiliului Local vor avea la baz\u0103 exclusiv documentele \u0219i prevederile legale aplicabile.<\/p>\n<p>P\u00e2n\u0103 la finalizarea acestei proceduri, prefectul \u00ee\u0219i exprim\u0103 speran\u021ba ca dezbaterea public\u0103 s\u0103 r\u0103m\u00e2n\u0103 una echilibrat\u0103 \u0219i s\u0103 aib\u0103 \u00een centrul aten\u021biei viitorul unei institu\u021bii culturale pe care o consider\u0103 parte a patrimoniului identitar al municipiului Foc\u0219ani \u0219i al jude\u021bului Vrancea.<\/p>\n<p><strong>Contextul dezbaterii<\/strong><\/p>\n<p>Declara\u021bia prefectului vine la scurt timp dup\u0103 pozi\u021bia exprimat\u0103 de liderul PNL Vrancea, deputatul Drago\u0219 Ciobotaru, care a apreciat c\u0103 hot\u0103r\u00e2rea Consiliului Local Foc\u0219ani trebuie reanalizat\u0103 \u0219i c\u0103 reorganizarea a fost votat\u0103 de consilierii locali ai PNL \u201ecu bun\u0103-credin\u021b\u0103\u201d, \u00een contextul \u00een care proiectul a fost introdus suplimentar pe ordinea de zi \u0219i prezentat drept unul de eficientizare administrativ\u0103.<\/p>\n<p>\u00cen acela\u0219i mesaj, Ciobotaru a anun\u021bat c\u0103 a discutat situa\u021bia inclusiv cu Liviu Macovei \u0219i cu ale\u0219ii locali ai PNL, afirm\u00e2nd c\u0103 vor fi f\u0103cute demersuri pentru reanalizarea hot\u0103r\u00e2rii.<\/p>\n<p>Reamintim c\u0103 Ziarul de Vrancea a relatat anterior despre adoptarea hot\u0103r\u00e2rii Consiliului Local Foc\u0219ani privind transformarea Teatrului Municipal \u201eMaior Gheorghe Pastia\u201d din teatru de repertoriu \u00een teatru de proiecte, precum \u0219i despre apelul lansat ulterior de liderul PNL Vrancea pentru reconsiderarea deciziei \u0219i organizarea unei dezbateri publice.<\/p>\n<p><strong>Mircea Pavel\u00a0<\/strong><\/p>\n<p><strong>Citi\u021bi \u0219i con\u021binutul integral al post\u0103rii activat\u0103 s\u00e2mb\u0103t\u0103 1 august 2026 pe contul de facebook\u00a0<\/strong><a href=\"https:\/\/www.facebook.com\/liviumacovei11?__cft__%5B0%5D=AZap82BxNDV9TwDnj_vI_uqwf7L3Aen42OXa7TYQhUtoVuQre3OYw84S7ske9eq5gUoCBVPpoMwl0AW2nk3TdMl08NPrQGN9YzKCjqTT7kI12SaU3YkyKUsq_XZQRyravEkQbhgYn1q-NfSTmAJ4R3O8-Ahg6kx91N0tFJaHHVLaLcqg-X3j_KSB-xtASxJdxjo&amp;__tn__=-UC%2CP-R\" target=\"_blank\"><strong>Liviu Macovei<\/strong><\/a>\u00a0<strong>pe subiectul\u00a0hot\u0103r\u00e2rii privind reorganizarea Teatrului \u201eMaior Gheorghe Pastia\u201d din Foc\u0219ani<\/strong><\/p>\n<div>\n<div dir=\"auto\">\u201e<em>\u00a0\u00cen ultimele zile am fost \u00eentrebat de mai multe ori care este pozi\u021bia mea cu privire la hot\u0103r\u00e2rea adoptat\u0103 de Consiliul Local Foc\u0219ani privind reorganizarea Direc\u021biei Teatru din cadrul Teatrului &lt;&lt;Maior Gheorghe Pastia&gt;&gt;.<\/em><\/div>\n<\/div>\n<div>\n<div dir=\"auto\"><em>Am ales s\u0103 fac aceste preciz\u0103ri deoarece subiectul a dep\u0103\u0219it cadrul unei simple decizii administrative. Vorbim despre una dintre institu\u021biile emblematice ale culturii vr\u00e2ncene, iar preocuparea oamenilor pentru viitorul ei este fireasc\u0103.<\/em><\/div>\n<\/div>\n<div>\n<div dir=\"auto\"><em>\u00cen calitate de prefect, nu \u00eemi revine rolul de a comenta oportunitatea unei hot\u0103r\u00e2ri adoptate de Consiliul Local. Actul va urma procedura de verificare \u00een cadrul Institu\u021biei Prefectului, iar analiza va fi f\u0103cut\u0103 cu obiectivitate, exclusiv \u00een limitele atribu\u021biilor prev\u0103zute de lege.<\/em><\/div>\n<\/div>\n<div>\n<div dir=\"auto\"><em>Dincolo de aceast\u0103 procedur\u0103, cred \u00eens\u0103 c\u0103 exist\u0103 un lucru asupra c\u0103ruia putem fi cu to\u021bii de acord.<\/em><\/div>\n<\/div>\n<div>\n<div dir=\"auto\"><em>Cultura nu poate fi privit\u0103 doar prin prisma unei organigrame sau a unor indicatori administrativi. Ea \u00eenseamn\u0103 identitatea unei comunit\u0103\u021bi, memoria ei \u0219i leg\u0103tura dintre genera\u021bii.<\/em><\/div>\n<\/div>\n<div>\n<div dir=\"auto\"><em>Teatrul &lt;&lt;Maior Gheorghe Pastia&gt;&gt;\u00a0nu este doar o institu\u021bie public\u0103. Este un loc \u00een care s-au format arti\u0219ti, s-au \u00eent\u00e2lnit genera\u021bii de spectatori \u0219i s-a construit, \u00een timp, o parte important\u0103 din via\u021ba cultural\u0103 a Foc\u0219aniului.<\/em><\/div>\n<\/div>\n<div>\n<div dir=\"auto\"><em>Tocmai de aceea, cred c\u0103 orice decizie care prive\u0219te viitorul unei asemenea institu\u021bii c\u00e2\u0219tig\u0103 atunci c\u00e2nd este \u00eenso\u021bit\u0103 de dialog, de ascultarea tuturor punctelor de vedere \u0219i de o dezbatere care s\u0103 ofere comunit\u0103\u021bii \u00eencrederea c\u0103 toate argumentele au fost analizate cu responsabilitate.<\/em><\/div>\n<\/div>\n<div>\n<div dir=\"auto\"><em>Institu\u021bia Prefectului \u00ee\u0219i va exercita atribu\u021biile cu impar\u021bialitate, iar concluziile vor avea la baz\u0103 exclusiv analiza documentelor \u0219i prevederile legale<\/em>.<\/div>\n<\/div>\n<div>\n<div dir=\"auto\"><em>P\u00e2n\u0103 atunci, \u00eemi doresc ca discu\u021bia public\u0103 s\u0103 r\u0103m\u00e2n\u0103 una echilibrat\u0103 \u0219i s\u0103 nu pierdem din vedere ceea ce este cu adev\u0103rat important: viitorul unei institu\u021bii de cultur\u0103 care face parte din patrimoniul identitar al municipiului Foc\u0219ani \u0219i al jude\u021bului Vrancea.<\/em>\u201d-<a href=\"https:\/\/www.facebook.com\/liviumacovei11?__cft__%5B0%5D=AZap82BxNDV9TwDnj_vI_uqwf7L3Aen42OXa7TYQhUtoVuQre3OYw84S7ske9eq5gUoCBVPpoMwl0AW2nk3TdMl08NPrQGN9YzKCjqTT7kI12SaU3YkyKUsq_XZQRyravEkQbhgYn1q-NfSTmAJ4R3O8-Ahg6kx91N0tFJaHHVLaLcqg-X3j_KSB-xtASxJdxjo&amp;__tn__=-UC%2CP-R\"><strong>Liviu Macovei<\/strong><\/a>\u00a0<\/div>\n<div dir=\"auto\">Citi\u021bi \u0219i:<strong><a href=\"https:\/\/www.ziaruldevrancea.ro\/special\/politica\/vrancea-liderul-pnl-dragos-ciobotaru-cere-reanalizarea-hotararii-privind-reorganizarea-teatrului-maior-gheorghe-pastia-din-focsani\" target=\"_blank\">Liderul PNL Vrancea Drago\u0219 Ciobotaru cere reanalizarea hot\u0103r\u00e2rii privind reorganizarea Teatrului \u201eMaior Gheorghe Pastia\u201d din Foc\u0219ani<\/a>;<\/strong><\/div>\n<div dir=\"auto\"><strong><a href=\"https:\/\/www.ziaruldevrancea.ro\/actualitatea\/stiri-locale\/consiliul-local-focsani-a-aprobat-transformarea-teatrului-maior-gheorghe-pastia-din-teatru-de-repertoriu-in-teatru-de-proiecte\" target=\"_blank\">Consiliul Local Foc\u0219ani a aprobat transformarea Teatrului \u201eMaior Gheorghe Pastia\u201d din teatru de repertoriu \u00een teatru de proiecte<\/a><\/strong><\/div>\n<\/div>\n<hr>\n<div class=\"bloc-widget widget-rosu\">\n<p>\u00cen lipsa unui acord scris din partea Ziarului de Vrancea, pute\u0163i prelua maxim 500 de caractere din acest articol dac\u0103 preciza\u0163i sursa \u015fi insera\u0163i vizibil link-ul articolului:\u00a0<span>#insertcurrentlinkhere<\/span><\/p>\n<\/div>\n<div class=\"extra-articol listing-anunturi\">\n<h6>Anun\u021buri <span class=\"text-primary\">ZdV<\/span> Premium<\/h6>\n<div class=\"row\">\n<div class=\"col-lg-4 col-md-6 bloc-egal\"><a class=\"card-anunt\" href=\"https:\/\/ziaruldevrancea.ro\/anunturi\/inchirieri\/locuinte-oferte\/primesc-in-gazda-elevi-anunt-72832\"><strong class=\"titlu\">Locuin\u021be oferte<\/strong><span class=\"text-anunt\">Primesc \u00een gazd\u0103 elevi la cas\u0103-vil\u0103,&#8230;<\/span><span class=\"data-anunt\">07.08.2026  <\/span><\/a><\/div>\n<div class=\"col-lg-4 col-md-6 bloc-egal\"><a class=\"card-anunt\" href=\"https:\/\/ziaruldevrancea.ro\/anunturi\/altele\/matrimoniale\/Imi-caut-sufletul-pereche-anunt-72833\"><strong class=\"titlu\">Matrimoniale<\/strong><span class=\"text-anunt\">Domn serios caut doamn\u0103 serioas\u0103, v\u00e2rsta&#8230;<\/span><span class=\"data-anunt\">07.08.2026  <\/span><\/a><\/div>\n<div class=\"col-lg-4 col-md-6 bloc-egal\"><a class=\"card-anunt\" href=\"https:\/\/ziaruldevrancea.ro\/anunturi\/angajari\/oferte-angajari\/angajare-anunt-72830\"><strong class=\"titlu\">Oferte<\/strong><span class=\"text-anunt\">ECOSISTEM SRL cu sediul in localitatea Jorasti,&#8230;<\/span><span class=\"data-anunt\">05.08.2026  <\/span><\/a><\/div>\n<\/div>\n<\/div>\n<div class=\"extra-articol alte-articole\">\n<div class=\"row\">\n<div class=\"col-lg-6 bloc-egal\">\n<div class=\"card articol-listing\">\n<h6>\u00cen categoria <a href=\"https:\/\/ziaruldevrancea.ro\/special\/politica\">Politic\u0103<\/a><\/h6>\n<div class=\"grup-articol-listing\">\n<div class=\"cont-pils\"><a href=\"https:\/\/ziaruldevrancea.ro\/special\/politica\/video--foto-ministrul-economiei-in-dialog-cu-antreprenorii-din-vrancea\"><img decoding=\"async\" src=\"https:\/\/zdvi.cname.ro\/180_135\/special\/politica\/video--foto-ministrul-economiei-in-dialog-cu-antreprenorii-din-vrancea\/mediaPool\/uWPqfXz.jpg\" class=\"img-responsive img-180\" alt><\/a><\/div>\n<h2><a class=\"link-titlu\" href=\"https:\/\/ziaruldevrancea.ro\/special\/politica\/video--foto-ministrul-economiei-in-dialog-cu-antreprenorii-din-vrancea\">VIDEO + Foto | Ministrul Economiei, \u00een dialog cu antreprenorii din Vrancea<\/a><\/h2>\n<div class=\"date-post\"><a href=\"https:\/\/ziaruldevrancea.ro\/autor\/radu-tomescu\">Radu Tomescu<\/a>,  3 aug 2026  <\/div>\n<\/div>\n<div class=\"grup-articol-listing\">\n<div class=\"cont-pils\"><a href=\"https:\/\/ziaruldevrancea.ro\/special\/politica\/primarul-focsaniului-raspunde-criticilor-privind-reorganizarea-teatrului-maior-gheorghe-pastia\"><img decoding=\"async\" src=\"https:\/\/zdvi.cname.ro\/180_135\/special\/politica\/primarul-focsaniului-raspunde-criticilor-privind-reorganizarea-teatrului-maior-gheorghe-pastia\/mediaPool\/uNhtmwy.jpg\" class=\"img-responsive img-180\" alt><\/a><\/div>\n<h2><a class=\"link-titlu\" href=\"https:\/\/ziaruldevrancea.ro\/special\/politica\/primarul-focsaniului-raspunde-criticilor-privind-reorganizarea-teatrului-maior-gheorghe-pastia\">Primarul Foc\u0219aniului r\u0103spunde criticilor privind reorganizarea Teatrului \u201eMaior Gheorghe Pastia\u201d<\/a><\/h2>\n<div class=\"date-post\"><a href=\"https:\/\/ziaruldevrancea.ro\/autor\/paul-petrache\">Paul Petrache<\/a>,  2 aug 2026  <\/div>\n<\/div>\n<div class=\"grup-articol-listing\">\n<div class=\"cont-pils\"><a href=\"https:\/\/ziaruldevrancea.ro\/special\/politica\/vrancea-liderul-pnl-dragos-ciobotaru-cere-reanalizarea-hotararii-privind-reorganizarea-teatrului-maior-gheorghe-pastia-din-focsani\"><img decoding=\"async\" src=\"https:\/\/zdvi.cname.ro\/180_135\/special\/politica\/vrancea-liderul-pnl-dragos-ciobotaru-cere-reanalizarea-hotararii-privind-reorganizarea-teatrului-maior-gheorghe-pastia-din-focsani\/mediaPool\/uFEg88o.jpg\" class=\"img-responsive img-180\" alt><\/a><\/div>\n<h2><a class=\"link-titlu\" href=\"https:\/\/ziaruldevrancea.ro\/special\/politica\/vrancea-liderul-pnl-dragos-ciobotaru-cere-reanalizarea-hotararii-privind-reorganizarea-teatrului-maior-gheorghe-pastia-din-focsani\"> Liderul PNL Vrancea, Drago\u0219 Ciobotaru, cere reanalizarea hot\u0103r\u00e2rii privind reorganizarea Teatrului \u201eMaior Gheorghe Pastia\u201d din Foc\u0219ani<\/a><\/h2>\n<div class=\"date-post\"><a href=\"https:\/\/ziaruldevrancea.ro\/autor\/radu-tomescu\">Radu Tomescu<\/a>,  2 aug 2026  <\/div>\n<\/div>\n<\/div>\n<\/div>\n<div class=\"col-lg-6 bloc-egal\">\n<div class=\"card articol-listing\">\n<h6>De acela\u0219i <a href=\"https:\/\/ziaruldevrancea.ro\/autor\/mircea-pavel\/\">autor<\/a><\/h6>\n<div class=\"grup-articol-listing\">\n<div class=\"cont-pils\"><a href=\"https:\/\/ziaruldevrancea.ro\/actualitatea\/stiri-locale\/video-primele-probleme-la-insulele-ecologice-din-focsani.-testele-scot-la-iveala-dificultati-tehnice-si-nemultumiri-ale-locatarilor\"><img decoding=\"async\" src=\"https:\/\/zdvi.cname.ro\/180_135\/actualitatea\/stiri-locale\/video-primele-probleme-la-insulele-ecologice-din-focsani.-testele-scot-la-iveala-dificultati-tehnice-si-nemultumiri-ale-locatarilor\/mediaPool\/u87MZPt.jpg\" class=\"img-responsive img-180\" alt><\/a><\/div>\n<h2><a class=\"link-titlu\" href=\"https:\/\/ziaruldevrancea.ro\/actualitatea\/stiri-locale\/video-primele-probleme-la-insulele-ecologice-din-focsani.-testele-scot-la-iveala-dificultati-tehnice-si-nemultumiri-ale-locatarilor\">VIDEO | Primele probleme la insulele ecologice din Foc\u0219ani. Testele scot la iveal\u0103 dificult\u0103\u021bi tehnice \u0219i nemul\u021bumiri ale locatarilor<\/a><\/h2>\n<div class=\"date-post\"><a href=\"https:\/\/ziaruldevrancea.ro\/autor\/mircea-pavel\">Mircea Pavel<\/a>,  9 aug 2026  <\/div>\n<\/div>\n<div class=\"grup-articol-listing\">\n<div class=\"cont-pils\"><a href=\"https:\/\/ziaruldevrancea.ro\/promo\/evenimente-speciale\/video--foto-ziua-internationala-a-pisicii-sarbatorita-pe-8-august.\"><img decoding=\"async\" src=\"https:\/\/zdvi.cname.ro\/180_135\/promo\/evenimente-speciale\/video--foto-ziua-internationala-a-pisicii-sarbatorita-pe-8-august.\/mediaPool\/uYunqNa.jpg\" class=\"img-responsive img-180\" alt><\/a><\/div>\n<h2><a class=\"link-titlu\" href=\"https:\/\/ziaruldevrancea.ro\/promo\/evenimente-speciale\/video--foto-ziua-internationala-a-pisicii-sarbatorita-pe-8-august.\">VIDEO + Foto | Ziua Interna\u021bional\u0103 a Pisicii, s\u0103rb\u0103torit\u0103 pe 8 august<\/a><\/h2>\n<div class=\"date-post\"><a href=\"https:\/\/ziaruldevrancea.ro\/autor\/mircea-pavel\">Mircea Pavel<\/a>,  8 aug 2026  <\/div>\n<\/div>\n<div class=\"grup-articol-listing\">\n<div class=\"cont-pils\"><a href=\"https:\/\/ziaruldevrancea.ro\/proiecte\/vrinceni-in-lume\/video-valentin-lefter-vrancean-din-calienii-noi-nanesti-va-alerga-peste-600-km-in-italia-pentru-o-cauza-caritabila\"><img decoding=\"async\" src=\"https:\/\/zdvi.cname.ro\/180_135\/proiecte\/vrinceni-in-lume\/video-valentin-lefter-vrancean-din-calienii-noi-nanesti-va-alerga-peste-600-km-in-italia-pentru-o-cauza-caritabila\/mediaPool\/uoOnQGU.jpg\" class=\"img-responsive img-180\" alt><\/a><\/div>\n<h2><a class=\"link-titlu\" href=\"https:\/\/ziaruldevrancea.ro\/proiecte\/vrinceni-in-lume\/video-valentin-lefter-vrancean-din-calienii-noi-nanesti-va-alerga-peste-600-km-in-italia-pentru-o-cauza-caritabila\">VIDEO | Valentin Lefter, vr\u00e2ncean din C\u0103lienii Noi-N\u0103ne\u0219ti, va alerga peste 600 km \u00een Italia pentru o cauz\u0103 caritabil\u0103<\/a><\/h2>\n<div class=\"date-post\"><a href=\"https:\/\/ziaruldevrancea.ro\/autor\/mircea-pavel\">Mircea Pavel<\/a>,  8 aug 2026  <\/div>\n<\/div>\n<\/div>\n<\/div>\n<\/div>\n<\/div>\n<div class=\"extra-articol listing-anunturi\">\n<h6>Anun\u021buri <span class=\"text-primary\">ZdV<\/span> Premium<\/h6>\n<div class=\"row\">\n<div class=\"col-lg-4 col-md-6 bloc-egal\"><a class=\"card-anunt\" href=\"https:\/\/ziaruldevrancea.ro\/anunturi\/altele\/servicii\/caut-o-persoana-sau-o-familie-pentru-ingrijirea-unei-batrane\"><strong class=\"titlu\">Servicii<\/strong><span class=\"text-anunt\">Caut o persoan\u0103\u00a0sau o familie serioas\u0103&#8230;<\/span><span class=\"data-anunt\">04.08.2026  <\/span><\/a><\/div>\n<div class=\"col-lg-4 col-md-6 bloc-egal\"><a class=\"card-anunt\" href=\"https:\/\/ziaruldevrancea.ro\/anunturi\/imobiliare\/vanzari-ap-2-camere\/vand-apartament-2-camere-in-focsani-anunt-72825\"><strong class=\"titlu\">V\u00e2nz\u0103ri ap 2 camere<\/strong><span class=\"text-anunt\">V\u00e2nd apartament 2 camere, hol p\u0103trat,&#8230;<\/span><span class=\"data-anunt\">04.08.2026  <\/span><\/a><\/div>\n<div class=\"col-lg-4 col-md-6 bloc-egal\"><a class=\"card-anunt\" href=\"https:\/\/ziaruldevrancea.ro\/anunturi\/angajari\/oferte-angajari\/caut-femeie-pt-supraveghere-batrana-paralizata-focsani-fara-menaj-program-de-la-9la-17-de-luni-pana-vineri-salariu-2600\"><strong class=\"titlu\">Oferte<\/strong><span class=\"text-anunt\">Caut femeie pentru\u00a0supraveghere&#8230;<\/span><span class=\"data-anunt\">05.08.2026 , Vrancea , Foc\u0219ani<\/span><\/a><\/div>\n<\/div>\n<\/div>\n<div class=\"bloc-widget widget-albastru\">\n    Ziarul de Vrancea \u00a0nu este responsabil juridic pentru con\u0163inutul textelor din comentariile de mai jos. Responsabilitatea pentru mesajele dumneavoastra v\u0103 revine \u00een exclusivitate.\n<\/div>\n<div class=\"comentarii-articol\" id=\"comentarii\">\n<h3>Comentarii: <span class=\"text-primary\">0<\/span><\/h3>\n<p><a href=\"https:\/\/ziaruldevrancea.ro\/special\/politica\/prefectul-vrancei-liviu-macovei-despre-reorganizarea-teatrului-maior-gheorghe-pastia-institutia-prefectului-va-analiza-hotararea-exclusiv-in-limitele-legii\" class=\"btn btn-success btn-adauga-com\" data-toggle=\"modal\" data-parent=\"0\" data-target=\"#commentModal\">Adaug\u0103 comentariu<\/a><\/p>\n<div class=\"loadMask comments-mask\"><img decoding=\"async\" src=\"https:\/\/zdvs.cname.ro\/images\/loader_40.gif\"><\/div>\n<div class=\"comenteaza-jos\">Trebuie s\u0103 fii <a href=\"https:\/\/ziaruldevrancea.ro\/account\">autentificat<\/a> pentru a putea <a href=\"https:\/\/ziaruldevrancea.ro\/special\/politica\/prefectul-vrancei-liviu-macovei-despre-reorganizarea-teatrului-maior-gheorghe-pastia-institutia-prefectului-va-analiza-hotararea-exclusiv-in-limitele-legii\" class data-toggle=\"modal\" data-parent=\"0\" data-target=\"#commentModal\">posta un comentariu<\/a>.<\/div>\n<\/div>\n<div class=\"modal fade\" id=\"commentModal\" role=\"dialog\" aria-labelledby=\"commentModalLabel\">\n<div class=\"modal-dialog modal-lg\" role=\"document\">\n<div class=\"modal-content\">\n<div class=\"modal-header\">\n<h3 class=\"modal-title\" id=\"commentModalLabel\">Comenteaz\u0103<\/h3>\n<\/div>\n<div class=\"modal-body\">\n<div class=\"tabel tabel-full\">\n<div class=\"celula\">\n              Trebuie s\u0103 fii <a href=\"https:\/\/ziaruldevrancea.ro\/account\">autentificat<\/a> pentru a putea posta un comentariu.\n            <\/div>\n<\/div>\n<\/div>\n<div class=\"modal-footer\">\n<div id=\"commentPending\" class=\"formPending pull-left\"><img decoding=\"async\" src=\"https:\/\/zdvs.cname.ro\/images\/loader_40.gif\"> In curs de procesare&#8230;<\/div>\n<p><a href=\"https:\/\/ziaruldevrancea.ro\/special\/politica\/prefectul-vrancei-liviu-macovei-despre-reorganizarea-teatrului-maior-gheorghe-pastia-institutia-prefectului-va-analiza-hotararea-exclusiv-in-limitele-legii\" class=\"btn btn-default\" data-dismiss=\"modal\">Anuleaz\u0103<\/a><\/div>\n<\/div>\n<\/div>\n<\/div>\n<div class=\"modal fade\" id=\"commentReportModal\" role=\"dialog\" aria-labelledby=\"commentReportModalLabel\">\n<div class=\"modal-dialog modal-lg\" role=\"document\">\n<div class=\"modal-content\">\n<div class=\"modal-header\">\n<h3 class=\"modal-title\" id=\"commentReportModalLabel\">Raporteaza comentariu<\/h3>\n<\/div>\n<div class=\"modal-body\">\n<div class=\"tabel tabel-full\">\n<div class=\"celula\">\n              Trebuie s\u0103 fii <a href=\"https:\/\/ziaruldevrancea.ro\/account\">autentificat<\/a> pentru a putea raporta un comentariu.\n            <\/div>\n<\/div>\n<\/div>\n<div class=\"modal-footer\">\n<div id=\"commentReportPending\" class=\"formPending pull-left\"><img decoding=\"async\" src=\"https:\/\/zdvs.cname.ro\/images\/loader_40.gif\"> In curs de procesare&#8230;<\/div>\n<p><a href=\"https:\/\/ziaruldevrancea.ro\/special\/politica\/prefectul-vrancei-liviu-macovei-despre-reorganizarea-teatrului-maior-gheorghe-pastia-institutia-prefectului-va-analiza-hotararea-exclusiv-in-limitele-legii\" class=\"btn btn-default\" data-dismiss=\"modal\">Anuleaz\u0103<\/a><\/div>\n<\/div>\n<\/div>\n<\/div>\n<div class=\"modal fade\" id=\"commentLikeModal\" role=\"dialog\" aria-labelledby=\"commentLikeModalLabel\">\n<div class=\"modal-dialog modal-lg\" role=\"document\">\n<div class=\"modal-content\">\n<div class=\"modal-header\">\n<h3 class=\"modal-title\" id=\"commentReportModalLabel\">Apreciaza comentariu<\/h3>\n<\/div>\n<div class=\"modal-body\">\n<div class=\"tabel tabel-full\">\n<div class=\"celula\">\n            Trebuie s\u0103 fii <a href=\"https:\/\/ziaruldevrancea.ro\/account\">autentificat<\/a> pentru a putea aprecia un comentariu.\n          <\/div>\n<\/div>\n<\/div>\n<div class=\"modal-footer\"><a href=\"https:\/\/ziaruldevrancea.ro\/special\/politica\/prefectul-vrancei-liviu-macovei-despre-reorganizarea-teatrului-maior-gheorghe-pastia-institutia-prefectului-va-analiza-hotararea-exclusiv-in-limitele-legii\" class=\"btn btn-default\" data-dismiss=\"modal\">Anuleaz\u0103<\/a><\/div>\n<\/div>\n<\/div>\n<\/div>\n<div class=\"bloc-widget widget-rosu\"><span><small>Ziarul de Vrancea doreste ca acest site sa fie un spatiu al discutiilor civilizate, al comentariilor de bun simt. Din acest motiv, cei care posteaza comentarii la articole trebuie sa respecte urmatoarele reguli:<br \/>\n1. Sa se refere doar la articolul la care posteaza comentarii.<br \/>\n2. Sa foloseasca un limbaj civilizat, fara injurii, calomnii, comentarii antisemite, xenofobe sau rasiste.<br \/>\n3. Sunt interzise atacurile la adresa autorilor, daca acestea nu au legatura cu textul.<br \/>\n4. Username-ul sa nu fie nume de personalitati ale vietii publice sau parodieri ale acestora.<br \/>\nAutorul unui articol poate fi criticat pentru eventuale greseli, incoerenta, lipsa de documentare etc.<br \/>\nNerespectarea regulilor mentionate mai sus va duce la stergerea comentariilor, fara avertisment si fara explicatii.<br \/>\nAbaterile repetate vor avea drept consecinta interdictia accesului la aceasta facilitate a site-ului.<\/small><\/span><\/div>\n<\/div>\n<p>[analyse_source url=&#8221;https:\/\/ziaruldevrancea.ro\/special\/politica\/prefectul-vrancei-liviu-macovei-despre-reorganizarea-teatrului-maior-gheorghe-pastia-institutia-prefectului-va-analiza-hotararea-exclusiv-in-limitele-legii&#8221;]<\/p>\n","protected":false},"excerpt":{"rendered":"<p>[analyse_image type=&#8221;featured&#8221; src=&#8221;https:\/\/zdvi.cname.ro\/_\/prefectul-vrancei-liviu-macovei-despre-reorganizarea-teatrului-maior-gheorghe-pastia-institutia-prefectului-va-analiza-hotararea-exclusiv-in-limitele-legii\/mediaPool\/uN8hOaH.jpg&#8221;] Politic\u0103 Prefectul Vrancei, Liviu Macovei, despre reorganizarea Teatrului \u201eMaior Gheorghe Pastia\u201d: \u201eInstitu\u021bia Prefectului va analiza hot\u0103r\u00e2rea exclusiv \u00een limitele legii\u201d Distribuie: \u00a0 | Mircea Pavel 2 aug 20261161 vizualiz\u0103ri Dup\u0103 apelul liderului PNL Vrancea, Drago\u0219 Ciobotaru, pentru reanalizarea hot\u0103r\u00e2rii Consiliului Local Foc\u0219ani privind transformarea teatrului de repertoriu \u00een teatru de proiecte, \u0219i [&hellip;]<\/p>\n","protected":false},"author":1,"featured_media":0,"comment_status":"open","ping_status":"","sticky":false,"template":"","format":"standard","meta":{"footnotes":""},"categories":[89],"tags":[226,208],"class_list":["post-2085363","post","type-post","status-publish","format-standard","hentry","category-romania","tag-crawlmanager","tag-ziaruldevrancea-ro"],"_links":{"self":[{"href":"https:\/\/analyse.optim.biz\/index.php?rest_route=\/wp\/v2\/posts\/2085363","targetHints":{"allow":["GET"]}}],"collection":[{"href":"https:\/\/analyse.optim.biz\/index.php?rest_route=\/wp\/v2\/posts"}],"about":[{"href":"https:\/\/analyse.optim.biz\/index.php?rest_route=\/wp\/v2\/types\/post"}],"author":[{"embeddable":true,"href":"https:\/\/analyse.optim.biz\/index.php?rest_route=\/wp\/v2\/users\/1"}],"replies":[{"embeddable":true,"href":"https:\/\/analyse.optim.biz\/index.php?rest_route=%2Fwp%2Fv2%2Fcomments&post=2085363"}],"version-history":[{"count":0,"href":"https:\/\/analyse.optim.biz\/index.php?rest_route=\/wp\/v2\/posts\/2085363\/revisions"}],"wp:attachment":[{"href":"https:\/\/analyse.optim.biz\/index.php?rest_route=%2Fwp%2Fv2%2Fmedia&parent=2085363"}],"wp:term":[{"taxonomy":"category","embeddable":true,"href":"https:\/\/analyse.optim.biz\/index.php?rest_route=%2Fwp%2Fv2%2Fcategories&post=2085363"},{"taxonomy":"post_tag","embeddable":true,"href":"https:\/\/analyse.optim.biz\/index.php?rest_route=%2Fwp%2Fv2%2Ftags&post=2085363"}],"curies":[{"name":"wp","href":"https:\/\/api.w.org\/{rel}","templated":true}]}}