{"id":2085353,"date":"2026-08-01T00:00:00","date_gmt":"2026-07-31T21:00:00","guid":{"rendered":"https:\/\/analyse.optim.biz\/?p=2085353"},"modified":"2026-08-01T00:00:00","modified_gmt":"2026-07-31T21:00:00","slug":"vrancea-53-de-centre-rezidentiale-verificate-in-trimestrul-al-ii-lea-din-2026","status":"publish","type":"post","link":"https:\/\/analyse.optim.biz\/?p=2085353","title":{"rendered":"Vrancea: 53 de centre reziden\u021biale verificate \u00een trimestrul al II-lea din 2026"},"content":{"rendered":"<p>[analyse_image type=&#8221;featured&#8221; src=&#8221;https:\/\/zdvi.cname.ro\/_\/vrancea-53-de-centre-rezidentiale-verificate-in-trimestrul-al-ii-lea-din-2026\/mediaPool\/uoG7mJs.jpg&#8221;]<\/p>\n<div class=\"main-content detaliu-articol\"><a class=\"titlu-cat-list\" href=\"https:\/\/ziaruldevrancea.ro\/special\/social\">Social<\/a><\/p>\n<h1>Vrancea: 53 de centre reziden\u021biale verificate \u00een trimestrul al II-lea din 2026<\/h1>\n<div class=\"date-articol clearfix\">\n<div class=\"distribuie-articol dropdown\">\n    Distribuie: \u00a0<br \/>\n    <em>|<\/em><\/div>\n<div class=\"autor-articol\"><a href=\"https:\/\/ziaruldevrancea.ro\/autor\/mircea-pavel\/\"><img decoding=\"async\" class=\"img-circle\" src=\"https:\/\/zdvi.cname.ro\/50_50\/articleAuthor\/mircea-pavel\/articleAuthor\/uqcCx6q.jpg\" alt><\/a><\/p>\n<h5><a href=\"https:\/\/ziaruldevrancea.ro\/autor\/mircea-pavel\/\">Mircea Pavel<\/a><\/h5>\n<div class=\"grup-spatiere\"><span class=\"cu-spatiere\"> 1 aug 2026<\/span><span class=\"cu-spatiere\">882 vizualiz\u0103ri<\/span><\/div>\n<\/div>\n<\/div>\n<div class=\"poza-mare\"><a href class=\"openGallery\"><img decoding=\"async\" class=\"img-responsive\" src=\"https:\/\/zdvi.cname.ro\/850_530\/vrancea-53-de-centre-rezidentiale-verificate-in-trimestrul-al-ii-lea-din-2026\/article\/mediaPool\/uoG7mJs.jpg\" alt><\/a><\/div>\n<p><strong>Raportul prezentat \u00een Colegiul Prefectural nu indic\u0103 sanc\u021biuni sau m\u0103suri de remediere<\/strong><\/p>\n<p><strong>AJPIS Vrancea arat\u0103 c\u0103, \u00een urma celor 57 de controale efectuate de institu\u021biile cu atribu\u021bii de verificare, nu au fost dispuse amenzi contraven\u021bionale sau m\u0103suri de remediere \u00een centrele reziden\u021biale monitorizate. Autorit\u0103\u021bile propun men\u021binerea monitoriz\u0103rii trimestriale.<\/strong><\/p>\n<p><strong>Vrancea: raport privind monitorizarea centrelor reziden\u021biale pentru v\u00e2rstnici, persoane cu dizabilit\u0103\u021bi \u0219i copii, prezentat \u00een Colegiul Prefectural<\/strong><\/p>\n<p><strong>VIDEO:<\/strong><strong><a href=\"https:\/\/www.youtube.com\/@atlastvvrancea\" target=\"_blank\">vrancea atlastv<\/a><\/strong><\/p>\n<div class=\"video-embed\"><iframe loading=\"lazy\" frameborder height=\"560\" scrolling=\"no\" src=\"https:\/\/www.youtube.com\/embed\/lnSOqqcngZk?si=iaBjeJ-LEtGVnkM-\" width=\"100%\"><\/iframe><\/div>\n<p>Raportul trimestrial privind activit\u0103\u021bile de monitorizare desf\u0103\u0219urate \u00een centrele reziden\u021biale destinate persoanelor v\u00e2rstnice, persoanelor adulte cu dizabilit\u0103\u021bi \u0219i copiilor a fost prezentat \u00een \u0219edin\u021ba Colegiului Prefectural Vrancea din 30 iulie 2026.<\/p>\n<p>Documentul, \u00eentocmit de Agen\u021bia Jude\u021bean\u0103 pentru Pl\u0103\u021bi \u0219i Inspec\u021bie Social\u0103 (AJPIS) Vrancea, sintetizeaz\u0103 rezultatele verific\u0103rilor efectuate \u00een trimestrul al II-lea al anului 2026 de institu\u021biile cu atribu\u021bii de control \u0219i monitorizare a serviciilor sociale reziden\u021biale din jude\u021b.<\/p>\n<p>Potrivit raportului, \u00een perioada analizat\u0103 au fost efectuate <strong>57 de controale<\/strong> \u00een centre reziden\u021biale din jude\u021b, prin colaborarea dintre AJPIS Vrancea, Direc\u021bia de S\u0103n\u0103tate Public\u0103 Vrancea, Direc\u021bia Sanitar\u0103 Veterinar\u0103 \u0219i pentru Siguran\u021ba Alimentelor Vrancea \u0219i Comisariatul Jude\u021bean pentru Protec\u021bia Consumatorilor Vrancea.<\/p>\n<p>Conform datelor prezentate:<\/p>\n<ul>\n<li><strong>AJPIS Vrancea<\/strong> a monitorizat <strong>14 centre reziden\u021biale<\/strong>, f\u0103r\u0103 a dispune m\u0103suri de remediere sau amenzi contraven\u021bionale;<\/li>\n<li><strong>DSP Vrancea<\/strong> a verificat <strong>13 centre<\/strong>, f\u0103r\u0103 sanc\u021biuni sau m\u0103suri de remediere;<\/li>\n<li><strong>DSVSA Vrancea<\/strong> a monitorizat <strong>13 centre<\/strong>, f\u0103r\u0103 aplicarea unor m\u0103suri de remediere ori sanc\u021biuni;<\/li>\n<li><strong>CJPC Vrancea<\/strong> a efectuat controale \u00een <strong>13 centre reziden\u021biale<\/strong>, de asemenea f\u0103r\u0103 amenzi sau m\u0103suri de remediere.<\/li>\n<\/ul>\n<p>Raportul mai arat\u0103 c\u0103, din cele <strong>57 de centre reziden\u021biale existente la nivelul jude\u021bului Vrancea<\/strong>, <strong>53 au fost supuse controalelor<\/strong>, \u00een timp ce celelalte patru nu desf\u0103\u0219urau activitate de furnizare a serviciilor sociale, aceasta fiind suspendat\u0103 temporar sau definitiv.<\/p>\n<p><strong>Grad ridicat de conformare, dar monitorizarea r\u0103m\u00e2ne trimestrial\u0103<\/strong><\/p>\n<p>\u00cen concluziile documentului se precizeaz\u0103 c\u0103 rezultatele verific\u0103rilor efectuate p\u00e2n\u0103 \u00een prezent indic\u0103 <strong>un grad ridicat de conformare a serviciilor sociale reziden\u021biale din jude\u021b<\/strong>.<\/p>\n<p>Totodat\u0103, AJPIS Vrancea consider\u0103 c\u0103, \u00een contextul actual \u2013 inclusiv al m\u0103surilor adoptate la nivel na\u021bional privind supravegherea serviciilor sociale \u0219i al reloc\u0103rii unor beneficiari din jude\u021bul Bihor \u2013, <strong>nu sunt \u00eentrunite condi\u021biile pentru reducerea frecven\u021bei monitoriz\u0103rilor<\/strong>.<\/p>\n<p>Institu\u021bia apreciaz\u0103 c\u0103 men\u021binerea <strong>monitoriz\u0103rii trimestriale<\/strong> reprezint\u0103 o m\u0103sur\u0103 necesar\u0103 pentru supravegherea continu\u0103 a centrelor reziden\u021biale, identificarea din timp a eventualelor disfunc\u021bionalit\u0103\u021bi, prevenirea situa\u021biilor de risc \u0219i men\u021binerea standardelor de calitate \u00een furnizarea serviciilor sociale.<\/p>\n<p><strong>Mircea Pavel\u00a0<\/strong><\/p>\n<hr>\n<div class=\"bloc-widget widget-rosu\">\n<p>\u00cen lipsa unui acord scris din partea Ziarului de Vrancea, pute\u0163i prelua maxim 500 de caractere din acest articol dac\u0103 preciza\u0163i sursa \u015fi insera\u0163i vizibil link-ul articolului:\u00a0<span>#insertcurrentlinkhere<\/span><\/p>\n<\/div>\n<div class=\"extra-articol listing-anunturi\">\n<h6>Anun\u021buri <span class=\"text-primary\">ZdV<\/span> Premium<\/h6>\n<div class=\"row\">\n<div class=\"col-lg-4 col-md-6 bloc-egal\"><a class=\"card-anunt\" href=\"https:\/\/ziaruldevrancea.ro\/anunturi\/inchirieri\/locuinte-oferte\/primesc-in-gazda-elevi-anunt-72832\"><strong class=\"titlu\">Locuin\u021be oferte<\/strong><span class=\"text-anunt\">Primesc \u00een gazd\u0103 elevi la cas\u0103-vil\u0103,&#8230;<\/span><span class=\"data-anunt\">07.08.2026  <\/span><\/a><\/div>\n<div class=\"col-lg-4 col-md-6 bloc-egal\"><a class=\"card-anunt\" href=\"https:\/\/ziaruldevrancea.ro\/anunturi\/altele\/matrimoniale\/Imi-caut-sufletul-pereche-anunt-72833\"><strong class=\"titlu\">Matrimoniale<\/strong><span class=\"text-anunt\">Domn serios caut doamn\u0103 serioas\u0103, v\u00e2rsta&#8230;<\/span><span class=\"data-anunt\">07.08.2026  <\/span><\/a><\/div>\n<div class=\"col-lg-4 col-md-6 bloc-egal\"><a class=\"card-anunt\" href=\"https:\/\/ziaruldevrancea.ro\/anunturi\/angajari\/oferte-angajari\/angajare-anunt-72830\"><strong class=\"titlu\">Oferte<\/strong><span class=\"text-anunt\">ECOSISTEM SRL cu sediul in localitatea Jorasti,&#8230;<\/span><span class=\"data-anunt\">05.08.2026  <\/span><\/a><\/div>\n<\/div>\n<\/div>\n<div class=\"extra-articol alte-articole\">\n<div class=\"row\">\n<div class=\"col-lg-6 bloc-egal\">\n<div class=\"card articol-listing\">\n<h6>\u00cen categoria <a href=\"https:\/\/ziaruldevrancea.ro\/special\/social\">Social<\/a><\/h6>\n<div class=\"grup-articol-listing\">\n<div class=\"cont-pils\"><a href=\"https:\/\/ziaruldevrancea.ro\/special\/social\/apel-umanitar-in-vrancea-pentru-anais-o-fetita-de-9-ani-din-nereju.-familia-cere-sprijin-pentru-investigatii-tratament-si-operatie\"><img decoding=\"async\" src=\"https:\/\/zdvi.cname.ro\/180_135\/special\/social\/apel-umanitar-in-vrancea-pentru-anais-o-fetita-de-9-ani-din-nereju.-familia-cere-sprijin-pentru-investigatii-tratament-si-operatie\/mediaPool\/uUZRs51.jpg\" class=\"img-responsive img-180\" alt><\/a><\/div>\n<h2><a class=\"link-titlu\" href=\"https:\/\/ziaruldevrancea.ro\/special\/social\/apel-umanitar-in-vrancea-pentru-anais-o-fetita-de-9-ani-din-nereju.-familia-cere-sprijin-pentru-investigatii-tratament-si-operatie\">Apel umanitar \u00een Vrancea pentru Anais, o feti\u021b\u0103 de 9 ani din Nereju. Familia cere sprijin pentru investiga\u021bii, tratament \u0219i opera\u021bie<\/a><\/h2>\n<div class=\"date-post\"><a href=\"https:\/\/ziaruldevrancea.ro\/autor\/anca-vasiliu\">Anca Vasiliu<\/a>,  9 aug 2026  <\/div>\n<\/div>\n<div class=\"grup-articol-listing\">\n<div class=\"cont-pils\"><a href=\"https:\/\/ziaruldevrancea.ro\/special\/social\/vrancenii-pot-beneficia-de-servicii-medicale-fara-cardul-de-sanatate-in-august-2026.-anunt-important-al-cas-vrancea\"><img decoding=\"async\" src=\"https:\/\/zdvi.cname.ro\/180_135\/special\/social\/vrancenii-pot-beneficia-de-servicii-medicale-fara-cardul-de-sanatate-in-august-2026.-anunt-important-al-cas-vrancea\/mediaPool\/ugXMKKy.jpg\" class=\"img-responsive img-180\" alt><\/a><\/div>\n<h2><a class=\"link-titlu\" href=\"https:\/\/ziaruldevrancea.ro\/special\/social\/vrancenii-pot-beneficia-de-servicii-medicale-fara-cardul-de-sanatate-in-august-2026.-anunt-important-al-cas-vrancea\">Vr\u00e2ncenii pot beneficia de servicii medicale f\u0103r\u0103 cardul de s\u0103n\u0103tate \u00een august 2026. Anun\u021b important al CAS Vrancea<\/a><\/h2>\n<div class=\"date-post\"><a href=\"https:\/\/ziaruldevrancea.ro\/autor\/anca-vasiliu\">Anca Vasiliu<\/a>,  8 aug 2026  <\/div>\n<\/div>\n<div class=\"grup-articol-listing\">\n<div class=\"cont-pils\"><a href=\"https:\/\/ziaruldevrancea.ro\/special\/social\/din-1-septembrie-schimbare-importanta-si-pentru-pacientii-din-vrancea\"><img decoding=\"async\" src=\"https:\/\/zdvi.cname.ro\/180_135\/special\/social\/din-1-septembrie-schimbare-importanta-si-pentru-pacientii-din-vrancea\/mediaPool\/uhtVEc4.jpg\" class=\"img-responsive img-180\" alt><\/a><\/div>\n<h2><a class=\"link-titlu\" href=\"https:\/\/ziaruldevrancea.ro\/special\/social\/din-1-septembrie-schimbare-importanta-si-pentru-pacientii-din-vrancea\">Din 1 septembrie, schimbare important\u0103 \u0219i pentru pacien\u021bii din Vrancea<\/a><\/h2>\n<div class=\"date-post\"><a href=\"https:\/\/ziaruldevrancea.ro\/autor\/anca-vasiliu\">Anca Vasiliu<\/a>,  8 aug 2026  <\/div>\n<\/div>\n<\/div>\n<\/div>\n<div class=\"col-lg-6 bloc-egal\">\n<div class=\"card articol-listing\">\n<h6>De acela\u0219i <a href=\"https:\/\/ziaruldevrancea.ro\/autor\/mircea-pavel\/\">autor<\/a><\/h6>\n<div class=\"grup-articol-listing\">\n<div class=\"cont-pils\"><a href=\"https:\/\/ziaruldevrancea.ro\/actualitatea\/stiri-locale\/video-primele-probleme-la-insulele-ecologice-din-focsani.-testele-scot-la-iveala-dificultati-tehnice-si-nemultumiri-ale-locatarilor\"><img decoding=\"async\" src=\"https:\/\/zdvi.cname.ro\/180_135\/actualitatea\/stiri-locale\/video-primele-probleme-la-insulele-ecologice-din-focsani.-testele-scot-la-iveala-dificultati-tehnice-si-nemultumiri-ale-locatarilor\/mediaPool\/u87MZPt.jpg\" class=\"img-responsive img-180\" alt><\/a><\/div>\n<h2><a class=\"link-titlu\" href=\"https:\/\/ziaruldevrancea.ro\/actualitatea\/stiri-locale\/video-primele-probleme-la-insulele-ecologice-din-focsani.-testele-scot-la-iveala-dificultati-tehnice-si-nemultumiri-ale-locatarilor\">VIDEO | Primele probleme la insulele ecologice din Foc\u0219ani. Testele scot la iveal\u0103 dificult\u0103\u021bi tehnice \u0219i nemul\u021bumiri ale locatarilor<\/a><\/h2>\n<div class=\"date-post\"><a href=\"https:\/\/ziaruldevrancea.ro\/autor\/mircea-pavel\">Mircea Pavel<\/a>,  9 aug 2026  <\/div>\n<\/div>\n<div class=\"grup-articol-listing\">\n<div class=\"cont-pils\"><a href=\"https:\/\/ziaruldevrancea.ro\/promo\/evenimente-speciale\/video--foto-ziua-internationala-a-pisicii-sarbatorita-pe-8-august.\"><img decoding=\"async\" src=\"https:\/\/zdvi.cname.ro\/180_135\/promo\/evenimente-speciale\/video--foto-ziua-internationala-a-pisicii-sarbatorita-pe-8-august.\/mediaPool\/uYunqNa.jpg\" class=\"img-responsive img-180\" alt><\/a><\/div>\n<h2><a class=\"link-titlu\" href=\"https:\/\/ziaruldevrancea.ro\/promo\/evenimente-speciale\/video--foto-ziua-internationala-a-pisicii-sarbatorita-pe-8-august.\">VIDEO + Foto | Ziua Interna\u021bional\u0103 a Pisicii, s\u0103rb\u0103torit\u0103 pe 8 august<\/a><\/h2>\n<div class=\"date-post\"><a href=\"https:\/\/ziaruldevrancea.ro\/autor\/mircea-pavel\">Mircea Pavel<\/a>,  8 aug 2026  <\/div>\n<\/div>\n<div class=\"grup-articol-listing\">\n<div class=\"cont-pils\"><a href=\"https:\/\/ziaruldevrancea.ro\/proiecte\/vrinceni-in-lume\/video-valentin-lefter-vrancean-din-calienii-noi-nanesti-va-alerga-peste-600-km-in-italia-pentru-o-cauza-caritabila\"><img decoding=\"async\" src=\"https:\/\/zdvi.cname.ro\/180_135\/proiecte\/vrinceni-in-lume\/video-valentin-lefter-vrancean-din-calienii-noi-nanesti-va-alerga-peste-600-km-in-italia-pentru-o-cauza-caritabila\/mediaPool\/uoOnQGU.jpg\" class=\"img-responsive img-180\" alt><\/a><\/div>\n<h2><a class=\"link-titlu\" href=\"https:\/\/ziaruldevrancea.ro\/proiecte\/vrinceni-in-lume\/video-valentin-lefter-vrancean-din-calienii-noi-nanesti-va-alerga-peste-600-km-in-italia-pentru-o-cauza-caritabila\">VIDEO | Valentin Lefter, vr\u00e2ncean din C\u0103lienii Noi-N\u0103ne\u0219ti, va alerga peste 600 km \u00een Italia pentru o cauz\u0103 caritabil\u0103<\/a><\/h2>\n<div class=\"date-post\"><a href=\"https:\/\/ziaruldevrancea.ro\/autor\/mircea-pavel\">Mircea Pavel<\/a>,  8 aug 2026  <\/div>\n<\/div>\n<\/div>\n<\/div>\n<\/div>\n<\/div>\n<div class=\"extra-articol listing-anunturi\">\n<h6>Anun\u021buri <span class=\"text-primary\">ZdV<\/span> Premium<\/h6>\n<div class=\"row\">\n<div class=\"col-lg-4 col-md-6 bloc-egal\"><a class=\"card-anunt\" href=\"https:\/\/ziaruldevrancea.ro\/anunturi\/altele\/servicii\/caut-o-persoana-sau-o-familie-pentru-ingrijirea-unei-batrane\"><strong class=\"titlu\">Servicii<\/strong><span class=\"text-anunt\">Caut o persoan\u0103\u00a0sau o familie serioas\u0103&#8230;<\/span><span class=\"data-anunt\">04.08.2026  <\/span><\/a><\/div>\n<div class=\"col-lg-4 col-md-6 bloc-egal\"><a class=\"card-anunt\" href=\"https:\/\/ziaruldevrancea.ro\/anunturi\/imobiliare\/vanzari-ap-2-camere\/vand-apartament-2-camere-in-focsani-anunt-72825\"><strong class=\"titlu\">V\u00e2nz\u0103ri ap 2 camere<\/strong><span class=\"text-anunt\">V\u00e2nd apartament 2 camere, hol p\u0103trat,&#8230;<\/span><span class=\"data-anunt\">04.08.2026  <\/span><\/a><\/div>\n<div class=\"col-lg-4 col-md-6 bloc-egal\"><a class=\"card-anunt\" href=\"https:\/\/ziaruldevrancea.ro\/anunturi\/angajari\/oferte-angajari\/caut-femeie-pt-supraveghere-batrana-paralizata-focsani-fara-menaj-program-de-la-9la-17-de-luni-pana-vineri-salariu-2600\"><strong class=\"titlu\">Oferte<\/strong><span class=\"text-anunt\">Caut femeie pentru\u00a0supraveghere&#8230;<\/span><span class=\"data-anunt\">05.08.2026 , Vrancea , Foc\u0219ani<\/span><\/a><\/div>\n<\/div>\n<\/div>\n<div class=\"bloc-widget widget-albastru\">\n    Ziarul de Vrancea \u00a0nu este responsabil juridic pentru con\u0163inutul textelor din comentariile de mai jos. Responsabilitatea pentru mesajele dumneavoastra v\u0103 revine \u00een exclusivitate.\n<\/div>\n<div class=\"comentarii-articol\" id=\"comentarii\">\n<h3>Comentarii: <span class=\"text-primary\">0<\/span><\/h3>\n<p><a href=\"https:\/\/ziaruldevrancea.ro\/special\/social\/vrancea-53-de-centre-rezidentiale-verificate-in-trimestrul-al-ii-lea-din-2026\" class=\"btn btn-success btn-adauga-com\" data-toggle=\"modal\" data-parent=\"0\" data-target=\"#commentModal\">Adaug\u0103 comentariu<\/a><\/p>\n<div class=\"loadMask comments-mask\"><img decoding=\"async\" src=\"https:\/\/zdvs.cname.ro\/images\/loader_40.gif\"><\/div>\n<div class=\"comenteaza-jos\">Trebuie s\u0103 fii <a href=\"https:\/\/ziaruldevrancea.ro\/account\">autentificat<\/a> pentru a putea <a href=\"https:\/\/ziaruldevrancea.ro\/special\/social\/vrancea-53-de-centre-rezidentiale-verificate-in-trimestrul-al-ii-lea-din-2026\" class data-toggle=\"modal\" data-parent=\"0\" data-target=\"#commentModal\">posta un comentariu<\/a>.<\/div>\n<\/div>\n<div class=\"modal fade\" id=\"commentModal\" role=\"dialog\" aria-labelledby=\"commentModalLabel\">\n<div class=\"modal-dialog modal-lg\" role=\"document\">\n<div class=\"modal-content\">\n<div class=\"modal-header\">\n<h3 class=\"modal-title\" id=\"commentModalLabel\">Comenteaz\u0103<\/h3>\n<\/div>\n<div class=\"modal-body\">\n<div class=\"tabel tabel-full\">\n<div class=\"celula\">\n              Trebuie s\u0103 fii <a href=\"https:\/\/ziaruldevrancea.ro\/account\">autentificat<\/a> pentru a putea posta un comentariu.\n            <\/div>\n<\/div>\n<\/div>\n<div class=\"modal-footer\">\n<div id=\"commentPending\" class=\"formPending pull-left\"><img decoding=\"async\" src=\"https:\/\/zdvs.cname.ro\/images\/loader_40.gif\"> In curs de procesare&#8230;<\/div>\n<p><a href=\"https:\/\/ziaruldevrancea.ro\/special\/social\/vrancea-53-de-centre-rezidentiale-verificate-in-trimestrul-al-ii-lea-din-2026\" class=\"btn btn-default\" data-dismiss=\"modal\">Anuleaz\u0103<\/a><\/div>\n<\/div>\n<\/div>\n<\/div>\n<div class=\"modal fade\" id=\"commentReportModal\" role=\"dialog\" aria-labelledby=\"commentReportModalLabel\">\n<div class=\"modal-dialog modal-lg\" role=\"document\">\n<div class=\"modal-content\">\n<div class=\"modal-header\">\n<h3 class=\"modal-title\" id=\"commentReportModalLabel\">Raporteaza comentariu<\/h3>\n<\/div>\n<div class=\"modal-body\">\n<div class=\"tabel tabel-full\">\n<div class=\"celula\">\n              Trebuie s\u0103 fii <a href=\"https:\/\/ziaruldevrancea.ro\/account\">autentificat<\/a> pentru a putea raporta un comentariu.\n            <\/div>\n<\/div>\n<\/div>\n<div class=\"modal-footer\">\n<div id=\"commentReportPending\" class=\"formPending pull-left\"><img decoding=\"async\" src=\"https:\/\/zdvs.cname.ro\/images\/loader_40.gif\"> In curs de procesare&#8230;<\/div>\n<p><a href=\"https:\/\/ziaruldevrancea.ro\/special\/social\/vrancea-53-de-centre-rezidentiale-verificate-in-trimestrul-al-ii-lea-din-2026\" class=\"btn btn-default\" data-dismiss=\"modal\">Anuleaz\u0103<\/a><\/div>\n<\/div>\n<\/div>\n<\/div>\n<div class=\"modal fade\" id=\"commentLikeModal\" role=\"dialog\" aria-labelledby=\"commentLikeModalLabel\">\n<div class=\"modal-dialog modal-lg\" role=\"document\">\n<div class=\"modal-content\">\n<div class=\"modal-header\">\n<h3 class=\"modal-title\" id=\"commentReportModalLabel\">Apreciaza comentariu<\/h3>\n<\/div>\n<div class=\"modal-body\">\n<div class=\"tabel tabel-full\">\n<div class=\"celula\">\n            Trebuie s\u0103 fii <a href=\"https:\/\/ziaruldevrancea.ro\/account\">autentificat<\/a> pentru a putea aprecia un comentariu.\n          <\/div>\n<\/div>\n<\/div>\n<div class=\"modal-footer\"><a href=\"https:\/\/ziaruldevrancea.ro\/special\/social\/vrancea-53-de-centre-rezidentiale-verificate-in-trimestrul-al-ii-lea-din-2026\" class=\"btn btn-default\" data-dismiss=\"modal\">Anuleaz\u0103<\/a><\/div>\n<\/div>\n<\/div>\n<\/div>\n<div class=\"bloc-widget widget-rosu\"><span><small>Ziarul de Vrancea doreste ca acest site sa fie un spatiu al discutiilor civilizate, al comentariilor de bun simt. Din acest motiv, cei care posteaza comentarii la articole trebuie sa respecte urmatoarele reguli:<br \/>\n1. Sa se refere doar la articolul la care posteaza comentarii.<br \/>\n2. Sa foloseasca un limbaj civilizat, fara injurii, calomnii, comentarii antisemite, xenofobe sau rasiste.<br \/>\n3. Sunt interzise atacurile la adresa autorilor, daca acestea nu au legatura cu textul.<br \/>\n4. Username-ul sa nu fie nume de personalitati ale vietii publice sau parodieri ale acestora.<br \/>\nAutorul unui articol poate fi criticat pentru eventuale greseli, incoerenta, lipsa de documentare etc.<br \/>\nNerespectarea regulilor mentionate mai sus va duce la stergerea comentariilor, fara avertisment si fara explicatii.<br \/>\nAbaterile repetate vor avea drept consecinta interdictia accesului la aceasta facilitate a site-ului.<\/small><\/span><\/div>\n<\/div>\n<p>[analyse_source url=&#8221;https:\/\/ziaruldevrancea.ro\/special\/social\/vrancea-53-de-centre-rezidentiale-verificate-in-trimestrul-al-ii-lea-din-2026&#8243;]<\/p>\n","protected":false},"excerpt":{"rendered":"<p>[analyse_image type=&#8221;featured&#8221; src=&#8221;https:\/\/zdvi.cname.ro\/_\/vrancea-53-de-centre-rezidentiale-verificate-in-trimestrul-al-ii-lea-din-2026\/mediaPool\/uoG7mJs.jpg&#8221;] Social Vrancea: 53 de centre reziden\u021biale verificate \u00een trimestrul al II-lea din 2026 Distribuie: \u00a0 | Mircea Pavel 1 aug 2026882 vizualiz\u0103ri Raportul prezentat \u00een Colegiul Prefectural nu indic\u0103 sanc\u021biuni sau m\u0103suri de remediere AJPIS Vrancea arat\u0103 c\u0103, \u00een urma celor 57 de controale efectuate de institu\u021biile cu atribu\u021bii de verificare, nu [&hellip;]<\/p>\n","protected":false},"author":1,"featured_media":0,"comment_status":"open","ping_status":"","sticky":false,"template":"","format":"standard","meta":{"footnotes":""},"categories":[89],"tags":[226,208],"class_list":["post-2085353","post","type-post","status-publish","format-standard","hentry","category-romania","tag-crawlmanager","tag-ziaruldevrancea-ro"],"_links":{"self":[{"href":"https:\/\/analyse.optim.biz\/index.php?rest_route=\/wp\/v2\/posts\/2085353","targetHints":{"allow":["GET"]}}],"collection":[{"href":"https:\/\/analyse.optim.biz\/index.php?rest_route=\/wp\/v2\/posts"}],"about":[{"href":"https:\/\/analyse.optim.biz\/index.php?rest_route=\/wp\/v2\/types\/post"}],"author":[{"embeddable":true,"href":"https:\/\/analyse.optim.biz\/index.php?rest_route=\/wp\/v2\/users\/1"}],"replies":[{"embeddable":true,"href":"https:\/\/analyse.optim.biz\/index.php?rest_route=%2Fwp%2Fv2%2Fcomments&post=2085353"}],"version-history":[{"count":0,"href":"https:\/\/analyse.optim.biz\/index.php?rest_route=\/wp\/v2\/posts\/2085353\/revisions"}],"wp:attachment":[{"href":"https:\/\/analyse.optim.biz\/index.php?rest_route=%2Fwp%2Fv2%2Fmedia&parent=2085353"}],"wp:term":[{"taxonomy":"category","embeddable":true,"href":"https:\/\/analyse.optim.biz\/index.php?rest_route=%2Fwp%2Fv2%2Fcategories&post=2085353"},{"taxonomy":"post_tag","embeddable":true,"href":"https:\/\/analyse.optim.biz\/index.php?rest_route=%2Fwp%2Fv2%2Ftags&post=2085353"}],"curies":[{"name":"wp","href":"https:\/\/api.w.org\/{rel}","templated":true}]}}