{"id":2085332,"date":"2026-08-06T13:28:00","date_gmt":"2026-08-06T10:28:00","guid":{"rendered":"https:\/\/analyse.optim.biz\/?p=2085332"},"modified":"2026-08-06T13:28:00","modified_gmt":"2026-08-06T10:28:00","slug":"accident-mortal-cu-o-motocicleta-cu-numere-false-un-tanar-si-a-pierdut-viata-dupa-ce-un-sofer-a-virat-fara-sa-se-asigure","status":"publish","type":"post","link":"https:\/\/analyse.optim.biz\/?p=2085332","title":{"rendered":"Accident mortal cu o motociclet\u0103 cu numere false! Un t\u00e2n\u0103r \u0219i-a pierdut via\u021ba dup\u0103 ce un \u0219ofer a virat f\u0103r\u0103 s\u0103 se asigure"},"content":{"rendered":"<p>[analyse_image type=&#8221;featured&#8221; src=&#8221;https:\/\/blogger.googleusercontent.com\/img\/b\/R29vZ2xl\/AVvXsEirUAGIFU64wOkTkl3VYFNnVSei_KDl-8b1ddjW506yuXTmls9sYcr8gRngkVQmwww1R7CJqQH9r09mjjlCdFktj8YOHeyo8xGJh6jQIeiKMtcbafur6l_kRLz-GQ_1kPC1CX7C3RY2aaEFxKN5bcmQ0tay6_KzWiBPtgfs44ZZoc0BAOdGqtMe7gQsddM\/w1600\/accident-plopeni.jpg&#8221;]<\/p>\n<div class=\"post-body entry-content\" id=\"post-body\">\n<div class=\"separator\"><a href=\"https:\/\/blogger.googleusercontent.com\/img\/b\/R29vZ2xl\/AVvXsEirUAGIFU64wOkTkl3VYFNnVSei_KDl-8b1ddjW506yuXTmls9sYcr8gRngkVQmwww1R7CJqQH9r09mjjlCdFktj8YOHeyo8xGJh6jQIeiKMtcbafur6l_kRLz-GQ_1kPC1CX7C3RY2aaEFxKN5bcmQ0tay6_KzWiBPtgfs44ZZoc0BAOdGqtMe7gQsddM\/s1600\/accident-plopeni.jpg\"><img decoding=\"async\" alt=\"Accident mortal cu o motociclet\u0103 cu numere false! Un t\u00e2n\u0103r \u0219i-a pierdut via\u021ba dup\u0103 ce un \u0219ofer a virat f\u0103r\u0103 s\u0103 se asigure\" border=\"0\" height=\"335\" loading=\"lazy\" src=\"https:\/\/blogger.googleusercontent.com\/img\/b\/R29vZ2xl\/AVvXsEirUAGIFU64wOkTkl3VYFNnVSei_KDl-8b1ddjW506yuXTmls9sYcr8gRngkVQmwww1R7CJqQH9r09mjjlCdFktj8YOHeyo8xGJh6jQIeiKMtcbafur6l_kRLz-GQ_1kPC1CX7C3RY2aaEFxKN5bcmQ0tay6_KzWiBPtgfs44ZZoc0BAOdGqtMe7gQsddM\/w640-h335-rw\/accident-plopeni.jpg\" title=\"Accident mortal cu o motociclet\u0103 cu numere false! Un t\u00e2n\u0103r \u0219i-a pierdut via\u021ba dup\u0103 ce un \u0219ofer a virat f\u0103r\u0103 s\u0103 se asigure\" width=\"640\"><\/a><\/div>\n<p><strong>Un accident rutier \u00eenfior\u0103tor, produs miercuri dup\u0103-amiaz\u0103 pe strada Cuza Vod\u0103 din municipiul Suceava, s-a transformat \u00eentr-o tragedie. Un t\u00e2n\u0103r motociclist \u00een v\u00e2rst\u0103 de 23 de ani a decedat la spital, la c\u00e2teva ore dup\u0103 ce s-a izbit violent de un autoturism care a efectuat un viraj la st\u00e2nga.<\/strong><\/p>\n<h2>Viraj f\u0103r\u0103 asigurare \u0219i dep\u0103\u0219ire multipl\u0103<\/h2>\n<p>Conform datelor furnizate de poli\u021bi\u0219ti, evenimentul a avut loc pe 5 august 2026, \u00een jurul orei 15:29. Claudiu U., un t\u00e2n\u0103r de 20 de ani, se deplasa la volanul unui autoturism marca Volkswagen Jetta pe strada Cuza Vod\u0103, circul\u00e2nd din direc\u021bia localit\u0103\u021bii Salcea c\u0103tre Calea Burdujeni.<\/p>\n<p>\u00cen momentul \u00een care \u0219oferul a vrut s\u0103 efectueze un viraj la st\u00e2nga pentru a p\u0103trunde \u00een parcarea restaurantului \u201eLuca\u201d, acesta nu s-a asigurat corespunz\u0103tor. Pe acela\u0219i sens de mers, din spate, se apropia Emanuel M., \u00een v\u00e2rst\u0103 de 23 de ani, aflat la ghidonul unei motociclete Honda. T\u00e2n\u0103rul era angajat deja \u00een dep\u0103\u0219irea unei coloane formate din mai multe autoturisme, nemaiput\u00e2nd evita impactul. Motociclistul a intrat \u00een coliziune frontal-lateral\u0103 direct \u00een portiera st\u00e2nga-fa\u021b\u0103 a autoturismului Volkswagen.<\/p>\n<h2>Motociclet\u0103 cu numere false \u0219i permis necorespunz\u0103tor<\/h2>\n<p>\u00cen urma verific\u0103rilor \u00een bazele de date ale Poli\u021biei Rom\u00e2ne, s-a constatat c\u0103 motociclistul de\u021binea un permis de conducere, dar acesta era necorespunz\u0103tor categoriei din care f\u0103cea parte motociclul implicat \u00een accident.<\/p>\n<p>Mai mult, poli\u021bi\u0219tii au descoperit c\u0103 vehiculul pe dou\u0103 ro\u021bi era ne\u00eenmatriculat, iar pl\u0103cu\u021ba de \u00eenmatriculare montat\u0103 pe acesta era fals\u0103.<\/p>\n<h2>R\u0103ni incompatibile cu via\u021ba \u0219i schimbarea \u00eencadr\u0103rii juridice<\/h2>\n<p>\u00cen urma coliziunii extrem de violente, motociclistul a fost preluat imediat de echipajele medicale \u0219i transportat la Spitalul Clinic Jude\u021bean de Urgen\u021b\u0103 \u201eSf\u00e2ntul Ioan cel Nou\u201d Suceava, fiind diagnosticat cu \u201epolitraumatism prin accident rutier, stare comatoas\u0103\u201d. Pentru c\u0103 se afla \u00een com\u0103, i-au fost prelevate dou\u0103 mostre de s\u00e2nge f\u0103r\u0103 consim\u021b\u0103m\u00e2nt, pentru stabilirea alcoolemiei. \u0218oferul autoturismului a fost testat pe loc cu aparatul etilometru, rezultatul fiind de 0,00 mg\/l alcool pur \u00een aerul expirat.<\/p>\n<p>Din nefericire, eforturile medicilor de a-i salva via\u021ba au fost zadarnice. \u00cen cursul serii, la ora 21:50, reprezentan\u021bii spitalului au informat Poli\u021bia Municipiului Suceava c\u0103 t\u00e2n\u0103rul de 23 de ani a decedat la ora 21:40 pe Sec\u021bia UPU.<\/p>\n<p>Av\u00e2nd \u00een vedere decesul victimei, anchetatorii au dispus prin ordonan\u021b\u0103 schimbarea \u00eencadr\u0103rii juridice ini\u021biale. Astfel, dosarul penal este instrumentat acum sub aspectul s\u0103v\u00e2r\u0219irii infrac\u021biunii de <strong>\u201eucidere din culp\u0103\u201d<\/strong>, viz\u00e2nd totodat\u0103 \u0219i infrac\u021biunile de conducere f\u0103r\u0103 permis corespunz\u0103tor, precum \u0219i punerea \u00een circula\u021bie \u0219i conducerea unui vehicul ne\u00eenmatriculat \u0219i cu num\u0103r fals.<\/p>\n<\/div>\n<div class=\"post-body entry-content\" id=\"post-body\">\n<div class=\"separator\"><a href=\"https:\/\/blogger.googleusercontent.com\/img\/b\/R29vZ2xl\/AVvXsEirUAGIFU64wOkTkl3VYFNnVSei_KDl-8b1ddjW506yuXTmls9sYcr8gRngkVQmwww1R7CJqQH9r09mjjlCdFktj8YOHeyo8xGJh6jQIeiKMtcbafur6l_kRLz-GQ_1kPC1CX7C3RY2aaEFxKN5bcmQ0tay6_KzWiBPtgfs44ZZoc0BAOdGqtMe7gQsddM\/s1600\/accident-plopeni.jpg\"><img decoding=\"async\" alt=\"Accident mortal cu o motociclet\u0103 cu numere false! Un t\u00e2n\u0103r \u0219i-a pierdut via\u021ba dup\u0103 ce un \u0219ofer a virat f\u0103r\u0103 s\u0103 se asigure\" border=\"0\" height=\"335\" loading=\"lazy\" src=\"https:\/\/blogger.googleusercontent.com\/img\/b\/R29vZ2xl\/AVvXsEirUAGIFU64wOkTkl3VYFNnVSei_KDl-8b1ddjW506yuXTmls9sYcr8gRngkVQmwww1R7CJqQH9r09mjjlCdFktj8YOHeyo8xGJh6jQIeiKMtcbafur6l_kRLz-GQ_1kPC1CX7C3RY2aaEFxKN5bcmQ0tay6_KzWiBPtgfs44ZZoc0BAOdGqtMe7gQsddM\/w640-h335-rw\/accident-plopeni.jpg\" title=\"Accident mortal cu o motociclet\u0103 cu numere false! Un t\u00e2n\u0103r \u0219i-a pierdut via\u021ba dup\u0103 ce un \u0219ofer a virat f\u0103r\u0103 s\u0103 se asigure\" width=\"640\"><\/a><\/div>\n<p><strong>Un accident rutier \u00eenfior\u0103tor, produs miercuri dup\u0103-amiaz\u0103 pe strada Cuza Vod\u0103 din municipiul Suceava, s-a transformat \u00eentr-o tragedie. Un t\u00e2n\u0103r motociclist \u00een v\u00e2rst\u0103 de 23 de ani a decedat la spital, la c\u00e2teva ore dup\u0103 ce s-a izbit violent de un autoturism care a efectuat un viraj la st\u00e2nga.<\/strong><\/p>\n<h2>Viraj f\u0103r\u0103 asigurare \u0219i dep\u0103\u0219ire multipl\u0103<\/h2>\n<p>Conform datelor furnizate de poli\u021bi\u0219ti, evenimentul a avut loc pe 5 august 2026, \u00een jurul orei 15:29. Claudiu U., un t\u00e2n\u0103r de 20 de ani, se deplasa la volanul unui autoturism marca Volkswagen Jetta pe strada Cuza Vod\u0103, circul\u00e2nd din direc\u021bia localit\u0103\u021bii Salcea c\u0103tre Calea Burdujeni.<\/p>\n<p>\u00cen momentul \u00een care \u0219oferul a vrut s\u0103 efectueze un viraj la st\u00e2nga pentru a p\u0103trunde \u00een parcarea restaurantului \u201eLuca\u201d, acesta nu s-a asigurat corespunz\u0103tor. Pe acela\u0219i sens de mers, din spate, se apropia Emanuel M., \u00een v\u00e2rst\u0103 de 23 de ani, aflat la ghidonul unei motociclete Honda. T\u00e2n\u0103rul era angajat deja \u00een dep\u0103\u0219irea unei coloane formate din mai multe autoturisme, nemaiput\u00e2nd evita impactul. Motociclistul a intrat \u00een coliziune frontal-lateral\u0103 direct \u00een portiera st\u00e2nga-fa\u021b\u0103 a autoturismului Volkswagen.<\/p>\n<h2>Motociclet\u0103 cu numere false \u0219i permis necorespunz\u0103tor<\/h2>\n<p>\u00cen urma verific\u0103rilor \u00een bazele de date ale Poli\u021biei Rom\u00e2ne, s-a constatat c\u0103 motociclistul de\u021binea un permis de conducere, dar acesta era necorespunz\u0103tor categoriei din care f\u0103cea parte motociclul implicat \u00een accident.<\/p>\n<p>Mai mult, poli\u021bi\u0219tii au descoperit c\u0103 vehiculul pe dou\u0103 ro\u021bi era ne\u00eenmatriculat, iar pl\u0103cu\u021ba de \u00eenmatriculare montat\u0103 pe acesta era fals\u0103.<\/p>\n<h2>R\u0103ni incompatibile cu via\u021ba \u0219i schimbarea \u00eencadr\u0103rii juridice<\/h2>\n<p>\u00cen urma coliziunii extrem de violente, motociclistul a fost preluat imediat de echipajele medicale \u0219i transportat la Spitalul Clinic Jude\u021bean de Urgen\u021b\u0103 \u201eSf\u00e2ntul Ioan cel Nou\u201d Suceava, fiind diagnosticat cu \u201epolitraumatism prin accident rutier, stare comatoas\u0103\u201d. Pentru c\u0103 se afla \u00een com\u0103, i-au fost prelevate dou\u0103 mostre de s\u00e2nge f\u0103r\u0103 consim\u021b\u0103m\u00e2nt, pentru stabilirea alcoolemiei. \u0218oferul autoturismului a fost testat pe loc cu aparatul etilometru, rezultatul fiind de 0,00 mg\/l alcool pur \u00een aerul expirat.<\/p>\n<p>Din nefericire, eforturile medicilor de a-i salva via\u021ba au fost zadarnice. \u00cen cursul serii, la ora 21:50, reprezentan\u021bii spitalului au informat Poli\u021bia Municipiului Suceava c\u0103 t\u00e2n\u0103rul de 23 de ani a decedat la ora 21:40 pe Sec\u021bia UPU.<\/p>\n<p>Av\u00e2nd \u00een vedere decesul victimei, anchetatorii au dispus prin ordonan\u021b\u0103 schimbarea \u00eencadr\u0103rii juridice ini\u021biale. Astfel, dosarul penal este instrumentat acum sub aspectul s\u0103v\u00e2r\u0219irii infrac\u021biunii de <strong>\u201eucidere din culp\u0103\u201d<\/strong>, viz\u00e2nd totodat\u0103 \u0219i infrac\u021biunile de conducere f\u0103r\u0103 permis corespunz\u0103tor, precum \u0219i punerea \u00een circula\u021bie \u0219i conducerea unui vehicul ne\u00eenmatriculat \u0219i cu num\u0103r fals.<\/p>\n<\/div>\n<p>[analyse_source url=&#8221;https:\/\/www.stirisuceava.net\/2026\/08\/accident-mortal-cu-o-motocicleta-cu.html&#8221;]<\/p>\n","protected":false},"excerpt":{"rendered":"<p>[analyse_image type=&#8221;featured&#8221; src=&#8221;https:\/\/blogger.googleusercontent.com\/img\/b\/R29vZ2xl\/AVvXsEirUAGIFU64wOkTkl3VYFNnVSei_KDl-8b1ddjW506yuXTmls9sYcr8gRngkVQmwww1R7CJqQH9r09mjjlCdFktj8YOHeyo8xGJh6jQIeiKMtcbafur6l_kRLz-GQ_1kPC1CX7C3RY2aaEFxKN5bcmQ0tay6_KzWiBPtgfs44ZZoc0BAOdGqtMe7gQsddM\/w1600\/accident-plopeni.jpg&#8221;] Un accident rutier \u00eenfior\u0103tor, produs miercuri dup\u0103-amiaz\u0103 pe strada Cuza Vod\u0103 din municipiul Suceava, s-a transformat \u00eentr-o tragedie. Un t\u00e2n\u0103r motociclist \u00een v\u00e2rst\u0103 de 23 de ani a decedat la spital, la c\u00e2teva ore dup\u0103 ce s-a izbit violent de un autoturism care a efectuat un viraj la st\u00e2nga. Viraj f\u0103r\u0103 asigurare [&hellip;]<\/p>\n","protected":false},"author":1,"featured_media":0,"comment_status":"open","ping_status":"","sticky":false,"template":"","format":"standard","meta":{"footnotes":""},"categories":[89],"tags":[226,172],"class_list":["post-2085332","post","type-post","status-publish","format-standard","hentry","category-romania","tag-crawlmanager","tag-stirisuceava-net"],"_links":{"self":[{"href":"https:\/\/analyse.optim.biz\/index.php?rest_route=\/wp\/v2\/posts\/2085332","targetHints":{"allow":["GET"]}}],"collection":[{"href":"https:\/\/analyse.optim.biz\/index.php?rest_route=\/wp\/v2\/posts"}],"about":[{"href":"https:\/\/analyse.optim.biz\/index.php?rest_route=\/wp\/v2\/types\/post"}],"author":[{"embeddable":true,"href":"https:\/\/analyse.optim.biz\/index.php?rest_route=\/wp\/v2\/users\/1"}],"replies":[{"embeddable":true,"href":"https:\/\/analyse.optim.biz\/index.php?rest_route=%2Fwp%2Fv2%2Fcomments&post=2085332"}],"version-history":[{"count":0,"href":"https:\/\/analyse.optim.biz\/index.php?rest_route=\/wp\/v2\/posts\/2085332\/revisions"}],"wp:attachment":[{"href":"https:\/\/analyse.optim.biz\/index.php?rest_route=%2Fwp%2Fv2%2Fmedia&parent=2085332"}],"wp:term":[{"taxonomy":"category","embeddable":true,"href":"https:\/\/analyse.optim.biz\/index.php?rest_route=%2Fwp%2Fv2%2Fcategories&post=2085332"},{"taxonomy":"post_tag","embeddable":true,"href":"https:\/\/analyse.optim.biz\/index.php?rest_route=%2Fwp%2Fv2%2Ftags&post=2085332"}],"curies":[{"name":"wp","href":"https:\/\/api.w.org\/{rel}","templated":true}]}}