{"id":2085331,"date":"2026-08-06T12:46:00","date_gmt":"2026-08-06T09:46:00","guid":{"rendered":"https:\/\/analyse.optim.biz\/?p=2085331"},"modified":"2026-08-06T12:46:00","modified_gmt":"2026-08-06T09:46:00","slug":"accident-pe-podul-din-brodina-un-sofer-a-intrat-pe-contrasens-si-a-izbit-frontal-o-autoutilitara-un-barbat-a-fost-ranit","status":"publish","type":"post","link":"https:\/\/analyse.optim.biz\/?p=2085331","title":{"rendered":"Accident pe podul din Brodina! Un \u0219ofer a intrat pe contrasens \u0219i a izbit frontal o autoutilitar\u0103. Un b\u0103rbat a fost r\u0103nit"},"content":{"rendered":"<p>[analyse_image type=&#8221;featured&#8221; src=&#8221;https:\/\/lh3.googleusercontent.com\/blogger_img_proxy\/AEn0k_sfdQMwMgUzqHLPKc4agv5SznaP1ruocEEniEijM4Zw902LerGKYUeLeRfiiYvpEoBvAJDNjJlHAPYpT30X5zOnickNFyG9eyWNseEKFTvPXp2DTj4UanBWKb8U1GrKkJctTy1hDNU4ORSwCVMBjwmE29GJf7H-9i-XND115-PLB6bapi_uTvt6rOgi=w1600&#8243;]<\/p>\n<div class=\"post-body entry-content\" id=\"post-body\">\n<div class=\"separator\"><a href=\"https:\/\/romania24.ro\/wp-content\/uploads\/2021\/10\/ambulanta-accident-general-1-e1617451283372-831x600.webp\"><img decoding=\"async\" alt=\"Accident pe podul din Brodina! Un \u0219ofer a intrat pe contrasens \u0219i a izbit frontal o autoutilitar\u0103\" border=\"0\" height=\"462\" loading=\"lazy\" src=\"https:\/\/romania24.ro\/wp-content\/uploads\/2021\/10\/ambulanta-accident-general-1-e1617451283372-831x600.webp\" title=\"Accident pe podul din Brodina! Un \u0219ofer a intrat pe contrasens \u0219i a izbit frontal o autoutilitar\u0103\" width=\"640\"><\/a><\/div>\n<p><strong>Un accident rutier soldat cu r\u0103nirea unei persoane \u0219i pagube materiale semnificative a avut loc miercuri diminea\u021b\u0103, pe raza comunei Brodina. Un conduc\u0103tor auto a p\u0103truns pe sensul opus de mers, intr\u00e2nd \u00een coliziune direct\u0103 cu o autoutilitar\u0103 care circula regulamentar.<\/strong><\/p>\n<p>Sesizarea a fost f\u0103cut\u0103 prin intermediul num\u0103rului unic de urgen\u021b\u0103 112 la data de 5 august 2026, \u00een jurul orei 08:31. Poli\u021bi\u0219tii din cadrul Poli\u021biei ora\u0219ului Vicovu de Sus au fost direc\u021biona\u021bi de urgen\u021b\u0103 la fa\u021ba locului, pe Drumul Jude\u021bean 209G, exact pe podul care traverseaz\u0103 r\u00e2ul Suceava, pe raza comunei Brodina.<\/p>\n<p>Din primele cercet\u0103ri efectuate de agen\u021bii rutieri s-a stabilit c\u0103 Samuel G. conducea un autoturism marca Audi, deplas\u00e2ndu-se din direc\u021bia comunei Ulma c\u0103tre Straja. Pe fondul unei manevre imprudente, autoturismul a ajuns pe contrasens, unde a acro\u0219at o autoutilitar\u0103 marca Iveco. Aceasta era condus\u0103 pe sensul corect de mers de c\u0103tre Alin C., care se deplasa dinspre Straja spre Ulma.<\/p>\n<p>\u00cen urma impactului dintre cele dou\u0103 autovehicule, a rezultat avarierea acestora \u0219i r\u0103nirea \u0219oferului din autoutilitar\u0103. La locul accidentului au fost mobilizate rapid un echipaj medical SMURD din cadrul G\u0103rzii de Interven\u021bie Vicovu de Sus \u0219i un echipaj de pompieri.<\/p>\n<p>Victimei i-au fost acordate primele \u00eengrijiri medicale de specialitate la fa\u021ba locului, primind diagnosticul preliminar de \u201etraumatism cervical\u201d. Totodat\u0103, poli\u021bi\u0219tii i-au testat pe ambii conduc\u0103tori auto cu aparatul etilotest, rezultatele indic\u00e2nd c\u0103 niciunul nu consumase b\u0103uturi alcoolice \u00eenainte de a se urca la volan (0,00 mg\/l).<\/p>\n<p>\u00cen baza celor constatate, lucr\u0103torii Poli\u021biei ora\u0219ului Vicovu de Sus au \u00eentocmit un dosar de cercetare penal\u0103 sub aspectul s\u0103v\u00e2r\u0219irii infrac\u021biunii de <strong>\u201ev\u0103t\u0103mare corporal\u0103 din culp\u0103\u201d<\/strong>, conform prevederilor articolului 196, alineatul 2 din Codul Penal, cercet\u0103rile fiind continuate pentru a stabili cu exactitate toate circumstan\u021bele producerii coliziunii.<\/p>\n<\/div>\n<div class=\"post-body entry-content\" id=\"post-body\">\n<div class=\"separator\"><a href=\"https:\/\/romania24.ro\/wp-content\/uploads\/2021\/10\/ambulanta-accident-general-1-e1617451283372-831x600.webp\"><img decoding=\"async\" alt=\"Accident pe podul din Brodina! Un \u0219ofer a intrat pe contrasens \u0219i a izbit frontal o autoutilitar\u0103\" border=\"0\" height=\"462\" loading=\"lazy\" src=\"https:\/\/romania24.ro\/wp-content\/uploads\/2021\/10\/ambulanta-accident-general-1-e1617451283372-831x600.webp\" title=\"Accident pe podul din Brodina! Un \u0219ofer a intrat pe contrasens \u0219i a izbit frontal o autoutilitar\u0103\" width=\"640\"><\/a><\/div>\n<p><strong>Un accident rutier soldat cu r\u0103nirea unei persoane \u0219i pagube materiale semnificative a avut loc miercuri diminea\u021b\u0103, pe raza comunei Brodina. Un conduc\u0103tor auto a p\u0103truns pe sensul opus de mers, intr\u00e2nd \u00een coliziune direct\u0103 cu o autoutilitar\u0103 care circula regulamentar.<\/strong><\/p>\n<p>Sesizarea a fost f\u0103cut\u0103 prin intermediul num\u0103rului unic de urgen\u021b\u0103 112 la data de 5 august 2026, \u00een jurul orei 08:31. Poli\u021bi\u0219tii din cadrul Poli\u021biei ora\u0219ului Vicovu de Sus au fost direc\u021biona\u021bi de urgen\u021b\u0103 la fa\u021ba locului, pe Drumul Jude\u021bean 209G, exact pe podul care traverseaz\u0103 r\u00e2ul Suceava, pe raza comunei Brodina.<\/p>\n<p>Din primele cercet\u0103ri efectuate de agen\u021bii rutieri s-a stabilit c\u0103 Samuel G. conducea un autoturism marca Audi, deplas\u00e2ndu-se din direc\u021bia comunei Ulma c\u0103tre Straja. Pe fondul unei manevre imprudente, autoturismul a ajuns pe contrasens, unde a acro\u0219at o autoutilitar\u0103 marca Iveco. Aceasta era condus\u0103 pe sensul corect de mers de c\u0103tre Alin C., care se deplasa dinspre Straja spre Ulma.<\/p>\n<p>\u00cen urma impactului dintre cele dou\u0103 autovehicule, a rezultat avarierea acestora \u0219i r\u0103nirea \u0219oferului din autoutilitar\u0103. La locul accidentului au fost mobilizate rapid un echipaj medical SMURD din cadrul G\u0103rzii de Interven\u021bie Vicovu de Sus \u0219i un echipaj de pompieri.<\/p>\n<p>Victimei i-au fost acordate primele \u00eengrijiri medicale de specialitate la fa\u021ba locului, primind diagnosticul preliminar de \u201etraumatism cervical\u201d. Totodat\u0103, poli\u021bi\u0219tii i-au testat pe ambii conduc\u0103tori auto cu aparatul etilotest, rezultatele indic\u00e2nd c\u0103 niciunul nu consumase b\u0103uturi alcoolice \u00eenainte de a se urca la volan (0,00 mg\/l).<\/p>\n<p>\u00cen baza celor constatate, lucr\u0103torii Poli\u021biei ora\u0219ului Vicovu de Sus au \u00eentocmit un dosar de cercetare penal\u0103 sub aspectul s\u0103v\u00e2r\u0219irii infrac\u021biunii de <strong>\u201ev\u0103t\u0103mare corporal\u0103 din culp\u0103\u201d<\/strong>, conform prevederilor articolului 196, alineatul 2 din Codul Penal, cercet\u0103rile fiind continuate pentru a stabili cu exactitate toate circumstan\u021bele producerii coliziunii.<\/p>\n<\/div>\n<p>[analyse_source url=&#8221;https:\/\/www.stirisuceava.net\/2026\/08\/accident-pe-podul-din-brodina-un-sofer.html&#8221;]<\/p>\n","protected":false},"excerpt":{"rendered":"<p>[analyse_image type=&#8221;featured&#8221; src=&#8221;https:\/\/lh3.googleusercontent.com\/blogger_img_proxy\/AEn0k_sfdQMwMgUzqHLPKc4agv5SznaP1ruocEEniEijM4Zw902LerGKYUeLeRfiiYvpEoBvAJDNjJlHAPYpT30X5zOnickNFyG9eyWNseEKFTvPXp2DTj4UanBWKb8U1GrKkJctTy1hDNU4ORSwCVMBjwmE29GJf7H-9i-XND115-PLB6bapi_uTvt6rOgi=w1600&#8243;] Un accident rutier soldat cu r\u0103nirea unei persoane \u0219i pagube materiale semnificative a avut loc miercuri diminea\u021b\u0103, pe raza comunei Brodina. Un conduc\u0103tor auto a p\u0103truns pe sensul opus de mers, intr\u00e2nd \u00een coliziune direct\u0103 cu o autoutilitar\u0103 care circula regulamentar. Sesizarea a fost f\u0103cut\u0103 prin intermediul num\u0103rului unic de urgen\u021b\u0103 112 [&hellip;]<\/p>\n","protected":false},"author":1,"featured_media":0,"comment_status":"open","ping_status":"","sticky":false,"template":"","format":"standard","meta":{"footnotes":""},"categories":[89],"tags":[226,172],"class_list":["post-2085331","post","type-post","status-publish","format-standard","hentry","category-romania","tag-crawlmanager","tag-stirisuceava-net"],"_links":{"self":[{"href":"https:\/\/analyse.optim.biz\/index.php?rest_route=\/wp\/v2\/posts\/2085331","targetHints":{"allow":["GET"]}}],"collection":[{"href":"https:\/\/analyse.optim.biz\/index.php?rest_route=\/wp\/v2\/posts"}],"about":[{"href":"https:\/\/analyse.optim.biz\/index.php?rest_route=\/wp\/v2\/types\/post"}],"author":[{"embeddable":true,"href":"https:\/\/analyse.optim.biz\/index.php?rest_route=\/wp\/v2\/users\/1"}],"replies":[{"embeddable":true,"href":"https:\/\/analyse.optim.biz\/index.php?rest_route=%2Fwp%2Fv2%2Fcomments&post=2085331"}],"version-history":[{"count":0,"href":"https:\/\/analyse.optim.biz\/index.php?rest_route=\/wp\/v2\/posts\/2085331\/revisions"}],"wp:attachment":[{"href":"https:\/\/analyse.optim.biz\/index.php?rest_route=%2Fwp%2Fv2%2Fmedia&parent=2085331"}],"wp:term":[{"taxonomy":"category","embeddable":true,"href":"https:\/\/analyse.optim.biz\/index.php?rest_route=%2Fwp%2Fv2%2Fcategories&post=2085331"},{"taxonomy":"post_tag","embeddable":true,"href":"https:\/\/analyse.optim.biz\/index.php?rest_route=%2Fwp%2Fv2%2Ftags&post=2085331"}],"curies":[{"name":"wp","href":"https:\/\/api.w.org\/{rel}","templated":true}]}}