{"id":2085329,"date":"2026-08-06T13:59:00","date_gmt":"2026-08-06T10:59:00","guid":{"rendered":"https:\/\/analyse.optim.biz\/?p=2085329"},"modified":"2026-08-06T13:59:00","modified_gmt":"2026-08-06T10:59:00","slug":"prins-beat-la-volan-de-zilele-comunei-slatina-un-localnic-s-a-ales-cu-dosar-penal-dupa-ce-a-fost-prins-la-volanul-unui-mercedes-cu-numere-de-italia","status":"publish","type":"post","link":"https:\/\/analyse.optim.biz\/?p=2085329","title":{"rendered":"Prins beat la volan de Zilele comunei Slatina! Un localnic s-a ales cu dosar penal dup\u0103 ce a fost prins la volanul unui Mercedes cu numere de Italia"},"content":{"rendered":"<p>[analyse_image type=&#8221;featured&#8221; src=&#8221;https:\/\/blogger.googleusercontent.com\/img\/b\/R29vZ2xl\/AVvXsEgWeFrBBm7Ss-0fTXJJU3ohHwdeKnlVheVRvkdAhfE9XO9CXscIGkcTHsqtPcTxofVBDzByPCJMS1yVVR7a0Gai6SWh0KvMjlV8KbLWOcWbb9IFR_kuZ1UWOLnoZ4D3S8LQ0HvuvYYqtwvbVbwhaXz24xVmqK0CPmhDa6T9bUddB0jsq3px55Mwa9-QwdE\/w1600\/politie-ipj-suceava.jpeg&#8221;]<\/p>\n<div class=\"post-body entry-content\" id=\"post-body\">\n<div class=\"separator\"><a href=\"https:\/\/blogger.googleusercontent.com\/img\/b\/R29vZ2xl\/AVvXsEgWeFrBBm7Ss-0fTXJJU3ohHwdeKnlVheVRvkdAhfE9XO9CXscIGkcTHsqtPcTxofVBDzByPCJMS1yVVR7a0Gai6SWh0KvMjlV8KbLWOcWbb9IFR_kuZ1UWOLnoZ4D3S8LQ0HvuvYYqtwvbVbwhaXz24xVmqK0CPmhDa6T9bUddB0jsq3px55Mwa9-QwdE\/w640-h335\/politie-ipj-suceava.jpeg\"><img decoding=\"async\" alt=\"Prins beat la volan de Zilele Comunei Slatina! Un localnic s-a ales cu dosar penal dup\u0103 ce a fost prins la volanul unui Mercedes cu numere de Italia\" border=\"0\" height=\"335\" loading=\"lazy\" src=\"https:\/\/blogger.googleusercontent.com\/img\/b\/R29vZ2xl\/AVvXsEgWeFrBBm7Ss-0fTXJJU3ohHwdeKnlVheVRvkdAhfE9XO9CXscIGkcTHsqtPcTxofVBDzByPCJMS1yVVR7a0Gai6SWh0KvMjlV8KbLWOcWbb9IFR_kuZ1UWOLnoZ4D3S8LQ0HvuvYYqtwvbVbwhaXz24xVmqK0CPmhDa6T9bUddB0jsq3px55Mwa9-QwdE\/w640-h335-rw\/politie-ipj-suceava.jpeg\" title=\"Prins beat la volan de Zilele Comunei Slatina! Un localnic s-a ales cu dosar penal dup\u0103 ce a fost prins la volanul unui Mercedes cu numere de Italia\" width=\"640\"><\/a><\/div>\n<p><strong>Zilele comunei Slatina au adus \u0219i controale intensificate din partea poli\u021bi\u0219tilor rutieri. Un b\u0103rbat din localitate, aflat la volanul unei ma\u0219ini \u00eenmatriculate \u00een str\u0103in\u0103tate, a fost tras pe dreapta \u0219i depistat cu o alcoolemie de aproape 0,80 mg\/l \u00een aerul expirat.<\/strong><\/p>\n<p>Incidentul a fost \u00eenregistrat miercuri, 5 august 2026, \u00een jurul orei 19:10. Echipajele din cadrul Sec\u021biei de Poli\u021bie Rural\u0103 7 M\u0103lini se aflau \u00een exercitarea atribu\u021biilor de serviciu pe Drumul Jude\u021bean 209A, ac\u021bion\u00e2nd conform planului de m\u0103suri instituit special pentru asigurarea ordinii cu ocazia manifest\u0103rilor dedicate \u201eZilelor comunei Slatina\u201d.<\/p>\n<p>\u00cen timpul filtrului rutier, poli\u021bi\u0219tii au efectuat semnalul regulamentar de oprire pentru un autoturism marca Mercedes, care avea aplicate pl\u0103cu\u021be de \u00eenmatriculare din Italia. La volanul ma\u0219inii a fost legitimat Daniel I., un b\u0103rbat \u00een v\u00e2rst\u0103 de 43 de ani, domiciliat chiar \u00een localitatea Slatina.<\/p>\n<p>\u00cen momentul \u00een care agen\u021bii i-au solicitat documentele, au observat imediat c\u0103 \u0219oferul emana o halen\u0103 alcoolic\u0103. B\u0103rbatul a fost supus test\u0103rii cu aparatul etilotest din dotarea SPR 7 M\u0103lini, iar suspiciunile au fost confirmate instantaneu: afi\u0219ajul a indicat o concentra\u021bie de <strong>0,79 mg\/l alcool pur \u00een aerul expirat<\/strong>.<\/p>\n<p>Av\u00e2nd \u00een vedere valoarea ridicat\u0103, conduc\u0103torul auto a fost scos din trafic \u0219i escortat la Spitalul Municipal F\u0103lticeni. Acolo, cadrelor medicale le-a revenit sarcina de a-i recolta dou\u0103 mostre biologice de s\u00e2nge, procedur\u0103 obligatorie pentru stabilirea cu exactitate a alcoolemiei \u0219i pentru clarificarea \u00eencadr\u0103rii juridice.<\/p>\n<p>Pe numele b\u0103rbatului, poli\u021bi\u0219tii suceveni au \u00eentocmit un dosar de cercetare penal\u0103 sub aspectul s\u0103v\u00e2r\u0219irii infrac\u021biunii de <strong>\u201econducerea unui vehicul sub influen\u021ba alcoolului\u201d<\/strong>, urm\u00e2nd ca ancheta s\u0103 stabileasc\u0103 solu\u021bia procedural\u0103 ce se impune.<\/p>\n<\/div>\n<div class=\"post-body entry-content\" id=\"post-body\">\n<div class=\"separator\"><a href=\"https:\/\/blogger.googleusercontent.com\/img\/b\/R29vZ2xl\/AVvXsEgWeFrBBm7Ss-0fTXJJU3ohHwdeKnlVheVRvkdAhfE9XO9CXscIGkcTHsqtPcTxofVBDzByPCJMS1yVVR7a0Gai6SWh0KvMjlV8KbLWOcWbb9IFR_kuZ1UWOLnoZ4D3S8LQ0HvuvYYqtwvbVbwhaXz24xVmqK0CPmhDa6T9bUddB0jsq3px55Mwa9-QwdE\/w640-h335\/politie-ipj-suceava.jpeg\"><img decoding=\"async\" alt=\"Prins beat la volan de Zilele Comunei Slatina! Un localnic s-a ales cu dosar penal dup\u0103 ce a fost prins la volanul unui Mercedes cu numere de Italia\" border=\"0\" height=\"335\" loading=\"lazy\" src=\"https:\/\/blogger.googleusercontent.com\/img\/b\/R29vZ2xl\/AVvXsEgWeFrBBm7Ss-0fTXJJU3ohHwdeKnlVheVRvkdAhfE9XO9CXscIGkcTHsqtPcTxofVBDzByPCJMS1yVVR7a0Gai6SWh0KvMjlV8KbLWOcWbb9IFR_kuZ1UWOLnoZ4D3S8LQ0HvuvYYqtwvbVbwhaXz24xVmqK0CPmhDa6T9bUddB0jsq3px55Mwa9-QwdE\/w640-h335-rw\/politie-ipj-suceava.jpeg\" title=\"Prins beat la volan de Zilele Comunei Slatina! Un localnic s-a ales cu dosar penal dup\u0103 ce a fost prins la volanul unui Mercedes cu numere de Italia\" width=\"640\"><\/a><\/div>\n<p><strong>Zilele comunei Slatina au adus \u0219i controale intensificate din partea poli\u021bi\u0219tilor rutieri. Un b\u0103rbat din localitate, aflat la volanul unei ma\u0219ini \u00eenmatriculate \u00een str\u0103in\u0103tate, a fost tras pe dreapta \u0219i depistat cu o alcoolemie de aproape 0,80 mg\/l \u00een aerul expirat.<\/strong><\/p>\n<p>Incidentul a fost \u00eenregistrat miercuri, 5 august 2026, \u00een jurul orei 19:10. Echipajele din cadrul Sec\u021biei de Poli\u021bie Rural\u0103 7 M\u0103lini se aflau \u00een exercitarea atribu\u021biilor de serviciu pe Drumul Jude\u021bean 209A, ac\u021bion\u00e2nd conform planului de m\u0103suri instituit special pentru asigurarea ordinii cu ocazia manifest\u0103rilor dedicate \u201eZilelor comunei Slatina\u201d.<\/p>\n<p>\u00cen timpul filtrului rutier, poli\u021bi\u0219tii au efectuat semnalul regulamentar de oprire pentru un autoturism marca Mercedes, care avea aplicate pl\u0103cu\u021be de \u00eenmatriculare din Italia. La volanul ma\u0219inii a fost legitimat Daniel I., un b\u0103rbat \u00een v\u00e2rst\u0103 de 43 de ani, domiciliat chiar \u00een localitatea Slatina.<\/p>\n<p>\u00cen momentul \u00een care agen\u021bii i-au solicitat documentele, au observat imediat c\u0103 \u0219oferul emana o halen\u0103 alcoolic\u0103. B\u0103rbatul a fost supus test\u0103rii cu aparatul etilotest din dotarea SPR 7 M\u0103lini, iar suspiciunile au fost confirmate instantaneu: afi\u0219ajul a indicat o concentra\u021bie de <strong>0,79 mg\/l alcool pur \u00een aerul expirat<\/strong>.<\/p>\n<p>Av\u00e2nd \u00een vedere valoarea ridicat\u0103, conduc\u0103torul auto a fost scos din trafic \u0219i escortat la Spitalul Municipal F\u0103lticeni. Acolo, cadrelor medicale le-a revenit sarcina de a-i recolta dou\u0103 mostre biologice de s\u00e2nge, procedur\u0103 obligatorie pentru stabilirea cu exactitate a alcoolemiei \u0219i pentru clarificarea \u00eencadr\u0103rii juridice.<\/p>\n<p>Pe numele b\u0103rbatului, poli\u021bi\u0219tii suceveni au \u00eentocmit un dosar de cercetare penal\u0103 sub aspectul s\u0103v\u00e2r\u0219irii infrac\u021biunii de <strong>\u201econducerea unui vehicul sub influen\u021ba alcoolului\u201d<\/strong>, urm\u00e2nd ca ancheta s\u0103 stabileasc\u0103 solu\u021bia procedural\u0103 ce se impune.<\/p>\n<\/div>\n<p>[analyse_source url=&#8221;https:\/\/www.stirisuceava.net\/2026\/08\/prins-beat-la-volan-de-zilele-comunei.html&#8221;]<\/p>\n","protected":false},"excerpt":{"rendered":"<p>[analyse_image type=&#8221;featured&#8221; src=&#8221;https:\/\/blogger.googleusercontent.com\/img\/b\/R29vZ2xl\/AVvXsEgWeFrBBm7Ss-0fTXJJU3ohHwdeKnlVheVRvkdAhfE9XO9CXscIGkcTHsqtPcTxofVBDzByPCJMS1yVVR7a0Gai6SWh0KvMjlV8KbLWOcWbb9IFR_kuZ1UWOLnoZ4D3S8LQ0HvuvYYqtwvbVbwhaXz24xVmqK0CPmhDa6T9bUddB0jsq3px55Mwa9-QwdE\/w1600\/politie-ipj-suceava.jpeg&#8221;] Zilele comunei Slatina au adus \u0219i controale intensificate din partea poli\u021bi\u0219tilor rutieri. Un b\u0103rbat din localitate, aflat la volanul unei ma\u0219ini \u00eenmatriculate \u00een str\u0103in\u0103tate, a fost tras pe dreapta \u0219i depistat cu o alcoolemie de aproape 0,80 mg\/l \u00een aerul expirat. Incidentul a fost \u00eenregistrat miercuri, 5 august 2026, \u00een jurul orei [&hellip;]<\/p>\n","protected":false},"author":1,"featured_media":0,"comment_status":"open","ping_status":"","sticky":false,"template":"","format":"standard","meta":{"footnotes":""},"categories":[89],"tags":[226,172],"class_list":["post-2085329","post","type-post","status-publish","format-standard","hentry","category-romania","tag-crawlmanager","tag-stirisuceava-net"],"_links":{"self":[{"href":"https:\/\/analyse.optim.biz\/index.php?rest_route=\/wp\/v2\/posts\/2085329","targetHints":{"allow":["GET"]}}],"collection":[{"href":"https:\/\/analyse.optim.biz\/index.php?rest_route=\/wp\/v2\/posts"}],"about":[{"href":"https:\/\/analyse.optim.biz\/index.php?rest_route=\/wp\/v2\/types\/post"}],"author":[{"embeddable":true,"href":"https:\/\/analyse.optim.biz\/index.php?rest_route=\/wp\/v2\/users\/1"}],"replies":[{"embeddable":true,"href":"https:\/\/analyse.optim.biz\/index.php?rest_route=%2Fwp%2Fv2%2Fcomments&post=2085329"}],"version-history":[{"count":0,"href":"https:\/\/analyse.optim.biz\/index.php?rest_route=\/wp\/v2\/posts\/2085329\/revisions"}],"wp:attachment":[{"href":"https:\/\/analyse.optim.biz\/index.php?rest_route=%2Fwp%2Fv2%2Fmedia&parent=2085329"}],"wp:term":[{"taxonomy":"category","embeddable":true,"href":"https:\/\/analyse.optim.biz\/index.php?rest_route=%2Fwp%2Fv2%2Fcategories&post=2085329"},{"taxonomy":"post_tag","embeddable":true,"href":"https:\/\/analyse.optim.biz\/index.php?rest_route=%2Fwp%2Fv2%2Ftags&post=2085329"}],"curies":[{"name":"wp","href":"https:\/\/api.w.org\/{rel}","templated":true}]}}