{"id":2085318,"date":"2026-08-09T15:12:12","date_gmt":"2026-08-09T12:12:12","guid":{"rendered":"https:\/\/analyse.optim.biz\/?p=2085318"},"modified":"2026-08-09T15:12:12","modified_gmt":"2026-08-09T12:12:12","slug":"joi-incepe-festivalul-medieval-cu-traditionala-parada-a-facliilor-care-scoate-mii-de-oameni-pe-strazile","status":"publish","type":"post","link":"https:\/\/analyse.optim.biz\/?p=2085318","title":{"rendered":"Joi \u00eencepe Festivalul Medieval, cu tradi\u021bionala Parad\u0103 a F\u0103cliilor care scoate mii de oameni pe str\u0103zile"},"content":{"rendered":"<p>[analyse_image type=&#8221;featured&#8221; src=&#8221;https:\/\/www.informatiata.ro\/wp-content\/uploads\/2026\/08\/medieval-1024&#215;713.jpg&#8221;]<\/p>\n<div class=\"td-post-content tagdiv-type\">\n<div class=\"td-post-featured-image\"><a href=\"https:\/\/www.informatiata.ro\/wp-content\/uploads\/2026\/08\/medieval-scaled.jpg\" data-caption><img loading=\"lazy\" decoding=\"async\" width=\"696\" height=\"484\" class=\"entry-thumb td-modal-image\" src=\"https:\/\/www.informatiata.ro\/wp-content\/uploads\/2026\/08\/medieval-696x484.jpg\" alt title=\"medieval\"><img loading=\"lazy\" decoding=\"async\" width=\"696\" height=\"484\" class=\"entry-thumb td-modal-image\" src=\"https:\/\/www.informatiata.ro\/wp-content\/uploads\/2026\/08\/medieval-696x484.jpg\" alt title=\"medieval\"><\/a><\/div>\n<div data-sfc-cp data-sfc-root=\"ep\" data-hveid=\"CAIIAAgACAYQAA\" data-complete=\"true\" data-copy-service-computed-style=\"font-family: &quot;Google Sans&quot;, Roboto, sans-serif; font-size: 20.8px; font-weight: 400; margin: 0px 0px 16px; text-decoration: none; border-bottom: 0px rgb(10, 10, 10);\">Joi, 13 august, \u00eencepe Festivalul Medieval, cu tradi\u021bionala Parad\u0103 a F\u0103cliilor care scoate mii de oameni pe str\u0103zile Sucevei.<\/div>\n<div class data-bfc data-ved=\"2ahUKEwiAir-R5pOWAxWBhv0HHTJsKvkQi4wTegoIAggACAAICRAA\" data-hveid=\"CAIIAAgACAkQAA\" data-copy-service-computed-style=\"font-family: &quot;Google Sans&quot;, Roboto, sans-serif; font-size: 20.8px; font-weight: 400; margin: 0px; text-decoration: none; border-bottom: 0px rgb(10, 10, 10);\">\n<div class=\"n6owBd awi2gc\" data-sfc-cp data-sfc-root=\"ep\" data-hveid=\"CAIIAAgACAkQAQ\" data-complete=\"true\" data-copy-service-computed-style=\"font-family: &quot;Google Sans&quot;, Roboto, sans-serif; font-size: 20.8px; font-weight: 400; margin: 12px 0px 16px; text-decoration: none; border-bottom: 0px rgb(10, 10, 10);\">Conform programului oficial publicat de <span class data-sfc-cp data-sfc-root=\"ep\" data-complete=\"true\" data-sfc-inited=\"2\" data-copy-service-computed-style=\"font-family: &quot;Google Sans&quot;, Roboto, sans-serif; font-size: 20.8px; font-weight: 400; margin: 0px; text-decoration: none; border-bottom: 0px rgb(10, 10, 10);\"><a class=\"H23r4e\" href=\"https:\/\/www.google.com\/url?sa=i&amp;source=web&amp;rct=j&amp;url=https:\/\/muzeulbucovinei.ro\/pagina\/29765&amp;ved=2ahUKEwiAir-R5pOWAxWBhv0HHTJsKvkQy_kOegoIAggACAAICRAC&amp;opi=89978449&amp;cd&amp;psig=AOvVaw0eKuAsrhSnIRsOhJAd7Jv-&amp;ust=1786373535639000\" target=\"_blank\" rel=\"noopener\" data-ved=\"2ahUKEwiAir-R5pOWAxWBhv0HHTJsKvkQy_kOegoIAggACAAICRAC\" data-hveid=\"CAIIAAgACAkQAg\" data-copy-service-computed-style=\"font-family: &quot;Google Sans&quot;, Roboto, sans-serif; font-size: 20.8px; font-weight: 500; margin: 0px; text-decoration: underline 1px rgb(21, 88, 214); border-bottom: 0px rgb(21, 88, 214);\">Muzeul Bucovinei<\/a><\/span>, coloana va parcurge urm\u0103torul traseu prin ora\u0219:<\/div>\n<\/div>\n<div class data-bfc data-ved=\"2ahUKEwiAir-R5pOWAxWBhv0HHTJsKvkQi4wTegoIAggACAAIChAB\" data-hveid=\"CAIIAAgACAoQAQ\" data-copy-service-computed-style=\"font-family: &quot;Google Sans&quot;, Roboto, sans-serif; font-size: 20.8px; font-weight: 400; margin: 0px; text-decoration: none; border-bottom: 0px rgb(10, 10, 10);\">\n<ul>\n<li class=\"Z1qcYe\" data-sfc-cp data-sfc-root=\"ep\" data-hveid=\"CAIIAAgACAoQAg\" data-complete=\"true\" data-copy-service-computed-style=\"font-family: &quot;Google Sans&quot;, Roboto, sans-serif; font-size: 20.8px; font-weight: 400; margin: 0px 0px 12px; text-decoration: none; border-bottom: 0px rgb(10, 10, 10);\"><span class=\"iNqyIf\" data-sfc-cp data-sfc-root=\"ep\" data-complete=\"true\" data-copy-service-computed-style=\"font-family: &quot;Google Sans&quot;, Roboto, sans-serif; font-size: 20.8px; font-weight: 400; margin: 0px; text-decoration: none; border-bottom: 0px rgb(10, 10, 10);\"><strong class=\"rQesXe MPyX\" data-sfc-cp data-sfc-root=\"ep\" data-complete=\"true\" data-copy-service-computed-style=\"font-family: &quot;Google Sans&quot;, Roboto, sans-serif; font-size: 20.8px; font-weight: 700; margin: 0px; text-decoration: none; border-bottom: 0px rgb(10, 10, 10);\">Obcini<\/strong><\/span><\/li>\n<\/ul>\n<\/div>\n<div class data-bfc data-ved=\"2ahUKEwiAir-R5pOWAxWBhv0HHTJsKvkQi4wTegoIAggACAAIChAD\" data-hveid=\"CAIIAAgACAoQAw\" data-copy-service-computed-style=\"font-family: &quot;Google Sans&quot;, Roboto, sans-serif; font-size: 20.8px; font-weight: 400; margin: 0px; text-decoration: none; border-bottom: 0px rgb(10, 10, 10);\">\n<ul>\n<li class=\"Z1qcYe\" data-sfc-cp data-sfc-root=\"ep\" data-hveid=\"CAIIAAgACAoQBA\" data-complete=\"true\" data-copy-service-computed-style=\"font-family: &quot;Google Sans&quot;, Roboto, sans-serif; font-size: 20.8px; font-weight: 400; margin: 0px 0px 12px; text-decoration: none; border-bottom: 0px rgb(10, 10, 10);\"><span class=\"iNqyIf\" data-sfc-cp data-sfc-root=\"ep\" data-complete=\"true\" data-copy-service-computed-style=\"font-family: &quot;Google Sans&quot;, Roboto, sans-serif; font-size: 20.8px; font-weight: 400; margin: 0px; text-decoration: none; border-bottom: 0px rgb(10, 10, 10);\"><strong class=\"rQesXe MPyX\" data-sfc-cp data-sfc-root=\"ep\" data-complete=\"true\" data-copy-service-computed-style=\"font-family: &quot;Google Sans&quot;, Roboto, sans-serif; font-size: 20.8px; font-weight: 700; margin: 0px; text-decoration: none; border-bottom: 0px rgb(10, 10, 10);\">George Enescu<\/strong><\/span><\/li>\n<\/ul>\n<\/div>\n<div class data-bfc data-ved=\"2ahUKEwiAir-R5pOWAxWBhv0HHTJsKvkQi4wTegoIAggACAAIChAF\" data-hveid=\"CAIIAAgACAoQBQ\" data-copy-service-computed-style=\"font-family: &quot;Google Sans&quot;, Roboto, sans-serif; font-size: 20.8px; font-weight: 400; margin: 0px; text-decoration: none; border-bottom: 0px rgb(10, 10, 10);\">\n<ul>\n<li class=\"Z1qcYe\" data-sfc-cp data-sfc-root=\"ep\" data-hveid=\"CAIIAAgACAoQBg\" data-complete=\"true\" data-copy-service-computed-style=\"font-family: &quot;Google Sans&quot;, Roboto, sans-serif; font-size: 20.8px; font-weight: 400; margin: 0px 0px 12px; text-decoration: none; border-bottom: 0px rgb(10, 10, 10);\"><span class=\"iNqyIf\" data-sfc-cp data-sfc-root=\"ep\" data-complete=\"true\" data-copy-service-computed-style=\"font-family: &quot;Google Sans&quot;, Roboto, sans-serif; font-size: 20.8px; font-weight: 400; margin: 0px; text-decoration: none; border-bottom: 0px rgb(10, 10, 10);\"><strong class=\"rQesXe MPyX\" data-sfc-cp data-sfc-root=\"ep\" data-complete=\"true\" data-copy-service-computed-style=\"font-family: &quot;Google Sans&quot;, Roboto, sans-serif; font-size: 20.8px; font-weight: 700; margin: 0px; text-decoration: none; border-bottom: 0px rgb(10, 10, 10);\">Prim\u0103rie<\/strong><\/span><\/li>\n<\/ul>\n<\/div>\n<div class data-bfc data-ved=\"2ahUKEwiAir-R5pOWAxWBhv0HHTJsKvkQi4wTegoIAggACAAIChAH\" data-hveid=\"CAIIAAgACAoQBw\" data-copy-service-computed-style=\"font-family: &quot;Google Sans&quot;, Roboto, sans-serif; font-size: 20.8px; font-weight: 400; margin: 0px; text-decoration: none; border-bottom: 0px rgb(10, 10, 10);\">\n<ul>\n<li class=\"Z1qcYe\" data-sfc-cp data-sfc-root=\"ep\" data-hveid=\"CAIIAAgACAoQCA\" data-complete=\"true\" data-copy-service-computed-style=\"font-family: &quot;Google Sans&quot;, Roboto, sans-serif; font-size: 20.8px; font-weight: 400; margin: 0px 0px 12px; text-decoration: none; border-bottom: 0px rgb(10, 10, 10);\"><span class=\"iNqyIf\" data-sfc-cp data-sfc-root=\"ep\" data-complete=\"true\" data-copy-service-computed-style=\"font-family: &quot;Google Sans&quot;, Roboto, sans-serif; font-size: 20.8px; font-weight: 400; margin: 0px; text-decoration: none; border-bottom: 0px rgb(10, 10, 10);\"><strong class=\"rQesXe MPyX\" data-sfc-cp data-sfc-root=\"ep\" data-complete=\"true\" data-copy-service-computed-style=\"font-family: &quot;Google Sans&quot;, Roboto, sans-serif; font-size: 20.8px; font-weight: 700; margin: 0px; text-decoration: none; border-bottom: 0px rgb(10, 10, 10);\">Ana Ip\u0103tescu<\/strong><\/span><\/li>\n<\/ul>\n<\/div>\n<div class data-bfc data-ved=\"2ahUKEwiAir-R5pOWAxWBhv0HHTJsKvkQi4wTegoIAggACAAIChAJ\" data-hveid=\"CAIIAAgACAoQCQ\" data-copy-service-computed-style=\"font-family: &quot;Google Sans&quot;, Roboto, sans-serif; font-size: 20.8px; font-weight: 400; margin: 0px; text-decoration: none; border-bottom: 0px rgb(10, 10, 10);\">\n<ul>\n<li class=\"Z1qcYe\" data-sfc-cp data-sfc-root=\"ep\" data-hveid=\"CAIIAAgACAoQCg\" data-complete=\"true\" data-copy-service-computed-style=\"font-family: &quot;Google Sans&quot;, Roboto, sans-serif; font-size: 20.8px; font-weight: 400; margin: 0px 0px 12px; text-decoration: none; border-bottom: 0px rgb(10, 10, 10);\"><span class=\"iNqyIf\" data-sfc-cp data-sfc-root=\"ep\" data-complete=\"true\" data-copy-service-computed-style=\"font-family: &quot;Google Sans&quot;, Roboto, sans-serif; font-size: 20.8px; font-weight: 400; margin: 0px; text-decoration: none; border-bottom: 0px rgb(10, 10, 10);\"><strong class=\"rQesXe MPyX\" data-sfc-cp data-sfc-root=\"ep\" data-complete=\"true\" data-copy-service-computed-style=\"font-family: &quot;Google Sans&quot;, Roboto, sans-serif; font-size: 20.8px; font-weight: 700; margin: 0px; text-decoration: none; border-bottom: 0px rgb(10, 10, 10);\">Cetatea de Scaun a Sucevei<\/strong><\/span>\u00a0<\/li>\n<\/ul>\n<\/div>\n<div class data-bfc data-ved=\"2ahUKEwiAir-R5pOWAxWBhv0HHTJsKvkQi4wTegoIAggACAAIDBAA\" data-hveid=\"CAIIAAgACAwQAA\" data-copy-service-computed-style=\"font-family: &quot;Google Sans&quot;, Roboto, sans-serif; font-size: 20.8px; font-weight: 400; margin: 0px; text-decoration: none; border-bottom: 0px rgb(10, 10, 10);\">\n<div class=\"otQkpb\" role=\"heading\" data-animation-nesting data-sfc-cp data-sfc-root=\"ep\" data-complete=\"true\" data-copy-service-computed-style=\"font-family: &quot;Google Sans&quot;, Roboto, sans-serif; font-size: 26px; font-weight: 600; margin: 24px 0px 12px; text-decoration: none; border-bottom: 0px rgb(10, 10, 10);\">Parada la care vor participa sute de personaje medievale va debuta la ora 20,30.<\/div>\n<div role=\"heading\" data-animation-nesting data-sfc-cp data-sfc-root=\"ep\" data-complete=\"true\" data-copy-service-computed-style=\"font-family: &quot;Google Sans&quot;, Roboto, sans-serif; font-size: 26px; font-weight: 600; margin: 24px 0px 12px; text-decoration: none; border-bottom: 0px rgb(10, 10, 10);\">Pe traseu, publicul va putea asista la un grandios spectacol medieval.<\/div>\n<\/div>\n<div role=\"heading\" data-animation-nesting data-sfc-cp data-sfc-root=\"ep\" data-complete=\"true\" data-copy-service-computed-style=\"font-family: &quot;Google Sans&quot;, Roboto, sans-serif; font-size: 26px; font-weight: 600; margin: 24px 0px 12px; text-decoration: none; border-bottom: 0px rgb(10, 10, 10);\">Evenimentul este organizat de Muzeul Na\u021bional Bucovinei \u0219i Consiliul Jude\u021bean Suceava.<\/div>\n<div class=\"td-a-rec td-a-rec-id-content_bottom  td-rec-hide-on-m tdi_7 td_block_template_1\"><img loading=\"lazy\" decoding=\"async\" class=\"aligncenter size-full wp-image-65603\" src=\"https:\/\/www.informatiata.ro\/wp-content\/uploads\/2026\/07\/SAVCOM-19.gif\" alt width=\"299\" height=\"250\"><img loading=\"lazy\" decoding=\"async\" class=\"aligncenter size-full wp-image-65603\" src=\"https:\/\/www.informatiata.ro\/wp-content\/uploads\/2026\/07\/SAVCOM-19.gif\" alt width=\"299\" height=\"250\"><img loading=\"lazy\" decoding=\"async\" class=\"aligncenter size-full wp-image-65604\" src=\"https:\/\/www.informatiata.ro\/wp-content\/uploads\/2026\/07\/FACOS-16.gif\" alt width=\"300\" height=\"250\"><img loading=\"lazy\" decoding=\"async\" class=\"aligncenter size-full wp-image-65604\" src=\"https:\/\/www.informatiata.ro\/wp-content\/uploads\/2026\/07\/FACOS-16.gif\" alt width=\"300\" height=\"250\"><\/div>\n<\/div>\n<p>[analyse_source url=&#8221;https:\/\/www.informatiata.ro\/parada-cu-faclii-festival-medieval-suceava\/&#8221;]<\/p>\n","protected":false},"excerpt":{"rendered":"<p>[analyse_image type=&#8221;featured&#8221; src=&#8221;https:\/\/www.informatiata.ro\/wp-content\/uploads\/2026\/08\/medieval-1024&#215;713.jpg&#8221;] Joi, 13 august, \u00eencepe Festivalul Medieval, cu tradi\u021bionala Parad\u0103 a F\u0103cliilor care scoate mii de oameni pe str\u0103zile Sucevei. Conform programului oficial publicat de Muzeul Bucovinei, coloana va parcurge urm\u0103torul traseu prin ora\u0219: Obcini George Enescu Prim\u0103rie Ana Ip\u0103tescu Cetatea de Scaun a Sucevei\u00a0 Parada la care vor participa sute de personaje [&hellip;]<\/p>\n","protected":false},"author":1,"featured_media":0,"comment_status":"open","ping_status":"","sticky":false,"template":"","format":"standard","meta":{"footnotes":""},"categories":[89],"tags":[226,167],"class_list":["post-2085318","post","type-post","status-publish","format-standard","hentry","category-romania","tag-crawlmanager","tag-informatiata-ro"],"_links":{"self":[{"href":"https:\/\/analyse.optim.biz\/index.php?rest_route=\/wp\/v2\/posts\/2085318","targetHints":{"allow":["GET"]}}],"collection":[{"href":"https:\/\/analyse.optim.biz\/index.php?rest_route=\/wp\/v2\/posts"}],"about":[{"href":"https:\/\/analyse.optim.biz\/index.php?rest_route=\/wp\/v2\/types\/post"}],"author":[{"embeddable":true,"href":"https:\/\/analyse.optim.biz\/index.php?rest_route=\/wp\/v2\/users\/1"}],"replies":[{"embeddable":true,"href":"https:\/\/analyse.optim.biz\/index.php?rest_route=%2Fwp%2Fv2%2Fcomments&post=2085318"}],"version-history":[{"count":0,"href":"https:\/\/analyse.optim.biz\/index.php?rest_route=\/wp\/v2\/posts\/2085318\/revisions"}],"wp:attachment":[{"href":"https:\/\/analyse.optim.biz\/index.php?rest_route=%2Fwp%2Fv2%2Fmedia&parent=2085318"}],"wp:term":[{"taxonomy":"category","embeddable":true,"href":"https:\/\/analyse.optim.biz\/index.php?rest_route=%2Fwp%2Fv2%2Fcategories&post=2085318"},{"taxonomy":"post_tag","embeddable":true,"href":"https:\/\/analyse.optim.biz\/index.php?rest_route=%2Fwp%2Fv2%2Ftags&post=2085318"}],"curies":[{"name":"wp","href":"https:\/\/api.w.org\/{rel}","templated":true}]}}