{"id":2085233,"date":"2026-08-09T10:22:40","date_gmt":"2026-08-09T07:22:40","guid":{"rendered":"https:\/\/analyse.optim.biz\/?p=2085233"},"modified":"2026-08-09T10:22:40","modified_gmt":"2026-08-09T07:22:40","slug":"incendiu-forestier-de-proportii-in-canada-20-000-de-persoane-evacuate","status":"publish","type":"post","link":"https:\/\/analyse.optim.biz\/?p=2085233","title":{"rendered":"Incendiu forestier de propor\u021bii \u00een Canada: 20.000 de persoane evacuate"},"content":{"rendered":"<p>[analyse_image type=&#8221;featured&#8221; src=&#8221;https:\/\/www.tion.ro\/wp-content\/uploads\/2026\/08\/+otf\/1200&#215;630\/TRmqz8Q4E4PSEA3FzylOsk5PVF9WRVJZX1NFQ9EVN2vq9xWnVNHFAxb2s65GJZbR8msOWny5ch5V+mGCV9s0q4qaXpEPxl+BGRrpoCt6JeuzmbNTpKQU8ZkfWz4=\/6270947Capturadeecran20260809132150.png&#8221;]<\/p>\n<article id=\"post-2331060\" class>\n<div class=\"entry-content clearfix\">\n<div class=\"enewsArticleContent\">\n<p>Un incendiu de vegeta\u021bie din zona Bald Range, l\u00e2ng\u0103 lacul Okanagan din Columbia Britanic\u0103, s-a extins rapid din cauza v\u00e2ntului \u0219i a ars deja peste 10.000 de hectare.<\/p>\n<p>Mai multe locuin\u021be \u0219i bunuri au fost distruse, iar unele persoane au r\u0103mas izolate \u0219i sunt evacuate pe cale aerian\u0103.<\/p>\n<p>Autorit\u0103\u021bile provinciale au declarat stare de urgen\u021b\u0103. Situa\u021bia este agravat\u0103 de faptul c\u0103 Canada se confrunt\u0103 cu sezoane de incendii tot mai severe, iar resursele disponibile nu sunt suficiente pentru stingerea tuturor focarelor.<\/p>\n<div class=\"fbShareLikeTwitterAndEmailContainer\">\n<div class=\"wrapper\">\n<div class=\"email\">\n<div id=\"mailto-pop\" class=\"pop-form pop-form-mailto\">\n<div class=\"pop-form-header\">\n<h4>Trimite articolul<\/h4>\n<p><a class=\"pop-form-close\">X<\/a><\/div>\n<\/div>\n<\/div>\n<\/div>\n<\/div>\n<div class=\"comments\">\n<div class=\"top\">\n<div class=\"commentsNumber\"><span class=\"number\">0<\/span><span class=\"text\">Comentarii<\/span><\/div>\n<\/div>\n<div class=\"center\">\n<div id=\"respond\" class=\"comment-respond\">\n<h3 id=\"reply-title\" class=\"comment-reply-title\"><small><a rel=\"nofollow\" id=\"cancel-comment-reply-link\" href=\"https:\/\/www.tion.ro\/mapamond\/incendiu-forestier-de-proportii-in-canada-20-000-de-persoane-evacuate-2331060\/#respond\">Cancel reply<\/a><\/small><\/h3>\n<p class=\"comment-notes\"><span id=\"email-notes\">Your email address will not be published.<\/span><span class=\"required-field-message\">Required fields are marked <span class=\"required\">*<\/span><\/span><\/p>\n<p class=\"commentFormComment\"><span id=\"commentFormCount\"><br \/>\n                            inca<br \/>\n                            <span id=\"countCommentText\">1000<\/span><br \/>\n                            caractere ramase<br \/>\n                        <\/span><\/p>\n<\/div>\n<\/div>\n<div class=\"bottom\">\n<p class=\"forumDisclaimerHuRo\">\n            Citi\u021bi principiile noastre de moderare <a href=\"https:\/\/www.tion.ro\/reguli-postare-comentarii\/\" target=\"_blank\">aici<\/a>!\n        <\/p>\n<\/div>\n<\/div>\n<\/div>\n<\/div>\n<\/article>\n<div class=\"entry-content clearfix\">\n<div class=\"enewsArticleContent\">\n<p>Un incendiu de vegeta\u021bie din zona Bald Range, l\u00e2ng\u0103 lacul Okanagan din Columbia Britanic\u0103, s-a extins rapid din cauza v\u00e2ntului \u0219i a ars deja peste 10.000 de hectare.<\/p>\n<p>Mai multe locuin\u021be \u0219i bunuri au fost distruse, iar unele persoane au r\u0103mas izolate \u0219i sunt evacuate pe cale aerian\u0103.<\/p>\n<p>Autorit\u0103\u021bile provinciale au declarat stare de urgen\u021b\u0103. Situa\u021bia este agravat\u0103 de faptul c\u0103 Canada se confrunt\u0103 cu sezoane de incendii tot mai severe, iar resursele disponibile nu sunt suficiente pentru stingerea tuturor focarelor.<\/p>\n<div class=\"fbShareLikeTwitterAndEmailContainer\">\n<div class=\"wrapper\">\n<div class=\"email\">\n<div id=\"mailto-pop\" class=\"pop-form pop-form-mailto\">\n<div class=\"pop-form-header\">\n<h4>Trimite articolul<\/h4>\n<p><a class=\"pop-form-close\">X<\/a><\/div>\n<\/div>\n<\/div>\n<\/div>\n<\/div>\n<div class=\"comments\">\n<div class=\"top\">\n<div class=\"commentsNumber\"><span class=\"number\">0<\/span><span class=\"text\">Comentarii<\/span><\/div>\n<\/div>\n<div class=\"center\">\n<div id=\"respond\" class=\"comment-respond\">\n<h3 id=\"reply-title\" class=\"comment-reply-title\"><small><a rel=\"nofollow\" id=\"cancel-comment-reply-link\" href=\"https:\/\/www.tion.ro\/mapamond\/incendiu-forestier-de-proportii-in-canada-20-000-de-persoane-evacuate-2331060\/#respond\">Cancel reply<\/a><\/small><\/h3>\n<p class=\"comment-notes\"><span id=\"email-notes\">Your email address will not be published.<\/span><span class=\"required-field-message\">Required fields are marked <span class=\"required\">*<\/span><\/span><\/p>\n<p class=\"commentFormComment\"><span id=\"commentFormCount\"><br \/>\n                            inca<br \/>\n                            <span id=\"countCommentText\">1000<\/span><br \/>\n                            caractere ramase<br \/>\n                        <\/span><\/p>\n<\/div>\n<\/div>\n<div class=\"bottom\">\n<p class=\"forumDisclaimerHuRo\">\n            Citi\u021bi principiile noastre de moderare <a href=\"https:\/\/www.tion.ro\/reguli-postare-comentarii\/\" target=\"_blank\">aici<\/a>!\n        <\/p>\n<\/div>\n<\/div>\n<\/div>\n<\/div>\n<p>[analyse_source url=&#8221;https:\/\/www.tion.ro\/mapamond\/incendiu-forestier-de-proportii-in-canada-20-000-de-persoane-evacuate-2331060\/&#8221;]<\/p>\n","protected":false},"excerpt":{"rendered":"<p>[analyse_image type=&#8221;featured&#8221; src=&#8221;https:\/\/www.tion.ro\/wp-content\/uploads\/2026\/08\/+otf\/1200&#215;630\/TRmqz8Q4E4PSEA3FzylOsk5PVF9WRVJZX1NFQ9EVN2vq9xWnVNHFAxb2s65GJZbR8msOWny5ch5V+mGCV9s0q4qaXpEPxl+BGRrpoCt6JeuzmbNTpKQU8ZkfWz4=\/6270947Capturadeecran20260809132150.png&#8221;] Un incendiu de vegeta\u021bie din zona Bald Range, l\u00e2ng\u0103 lacul Okanagan din Columbia Britanic\u0103, s-a extins rapid din cauza v\u00e2ntului \u0219i a ars deja peste 10.000 de hectare. Mai multe locuin\u021be \u0219i bunuri au fost distruse, iar unele persoane au r\u0103mas izolate \u0219i sunt evacuate pe cale aerian\u0103. Autorit\u0103\u021bile provinciale au declarat [&hellip;]<\/p>\n","protected":false},"author":1,"featured_media":0,"comment_status":"open","ping_status":"","sticky":false,"template":"","format":"standard","meta":{"footnotes":""},"categories":[89],"tags":[226,191],"class_list":["post-2085233","post","type-post","status-publish","format-standard","hentry","category-romania","tag-crawlmanager","tag-tion-ro"],"_links":{"self":[{"href":"https:\/\/analyse.optim.biz\/index.php?rest_route=\/wp\/v2\/posts\/2085233","targetHints":{"allow":["GET"]}}],"collection":[{"href":"https:\/\/analyse.optim.biz\/index.php?rest_route=\/wp\/v2\/posts"}],"about":[{"href":"https:\/\/analyse.optim.biz\/index.php?rest_route=\/wp\/v2\/types\/post"}],"author":[{"embeddable":true,"href":"https:\/\/analyse.optim.biz\/index.php?rest_route=\/wp\/v2\/users\/1"}],"replies":[{"embeddable":true,"href":"https:\/\/analyse.optim.biz\/index.php?rest_route=%2Fwp%2Fv2%2Fcomments&post=2085233"}],"version-history":[{"count":0,"href":"https:\/\/analyse.optim.biz\/index.php?rest_route=\/wp\/v2\/posts\/2085233\/revisions"}],"wp:attachment":[{"href":"https:\/\/analyse.optim.biz\/index.php?rest_route=%2Fwp%2Fv2%2Fmedia&parent=2085233"}],"wp:term":[{"taxonomy":"category","embeddable":true,"href":"https:\/\/analyse.optim.biz\/index.php?rest_route=%2Fwp%2Fv2%2Fcategories&post=2085233"},{"taxonomy":"post_tag","embeddable":true,"href":"https:\/\/analyse.optim.biz\/index.php?rest_route=%2Fwp%2Fv2%2Ftags&post=2085233"}],"curies":[{"name":"wp","href":"https:\/\/api.w.org\/{rel}","templated":true}]}}