{"id":2085227,"date":"2026-08-09T09:14:21","date_gmt":"2026-08-09T06:14:21","guid":{"rendered":"https:\/\/analyse.optim.biz\/?p=2085227"},"modified":"2026-08-09T09:14:21","modified_gmt":"2026-08-09T06:14:21","slug":"titanii-romanismului-topul-organizatiilor-personalitatiilor-si-publicatiilor-romanesti-decernarea-premiilor-inshr-ew-2025-2026","status":"publish","type":"post","link":"https:\/\/analyse.optim.biz\/?p=2085227","title":{"rendered":"TITANII ROM\u00c2NISMULUI! Topul organiza\u021biilor, personalit\u0103\u021biilor \u0219i publica\u021biilor rom\u00e2ne\u0219ti \u2013 Decernarea Premiilor INSHR-EW 2025-2026"},"content":{"rendered":"<p>[analyse_image type=&#8221;featured&#8221; src=&#8221;https:\/\/www.incorectpolitic.com\/wp-content\/uploads\/2026\/08\/premiile-inshrew-2026-1.png&#8221;]<\/p>\n<div class=\"entry\">\n<p>Sterie Ciumetti<br \/><strong>Incorect Politic<\/strong><br \/>\nAugust 9, 2026<\/p>\n<p><a href=\"https:\/\/www.incorectpolitic.com\/titanii-romanismului-topul-organizatiilor-personalitatiilor-si-publicatiilor-romanesti-decernarea-premiilor-inshr-ew-2025-2026\/premiile-inshrew-2026-1\/\" rel=\"attachment wp-att-82218\"><img loading=\"lazy\" decoding=\"async\" class=\"wp-image-82218 aligncenter\" src=\"https:\/\/www.incorectpolitic.com\/wp-content\/uploads\/2026\/08\/premiile-inshrew-2026-1.png\" alt width=\"702\" height=\"562\"><\/a><\/p>\n<h2><strong>TITANII ROM\u00c2NISMULUI!<\/strong><\/h2>\n<h2><strong> Topul organiza\u021biilor, personalit\u0103\u021biilor \u0219i publica\u021biilor rom\u00e2ne\u0219ti \u2013 Decernarea Premiilor INSHR-EW 2025-2026<\/strong><\/h2>\n<p>\u00a0<\/p>\n<p>Au intrat ultimele rezultate pentru rubriga Publica\u021biilor, iar \u00een r\u00e2ndurile de mai jos v\u0103 prezent\u0103m integral topul din acest an, cu toate cele trei rubrici: Publica\u021bii, Organiza\u021bii, Personalit\u0103\u021bi.<\/p>\n<p>Raportul din acest an are 205 pagini, este plin de surprize \u0219i r\u0103sturn\u0103ri de situa\u021bie. Pentru a \u00een\u021belege documentul, trebuie s\u0103 \u00een\u021belegem antisemitismul \u00een cheia rom\u00e2nismului. E\u0219ti patriot? \u021aii cu Rom\u00e2nia? Atunci automat e\u0219ti catalogat antisemit. \u00cen\u021beleg\u00e2nd astfel, raportul nu mai este prilej de demonizare sau denigrare, ci constituie o veritabil\u0103 recomandare cu privire la cei mai valabili rom\u00e2ni contemporani cu noi.<\/p>\n<p>Acestea sunt premiile INSHR-EW:<\/p>\n<h2><strong>TOPUL PUBLICA\u021aIILOR<\/strong><\/h2>\n<p>\u00a0<\/p>\n<p>Du\u0219i sunt anii \u00een care Incorect Politic c\u00e2\u0219tiga locul 1 an dup\u0103 an, dep\u0103\u0219it doar de CERTITUDINEA lui Miron Manega, care a luat dou\u0103 trofee consecutiv \u00een anii trecu\u021bi, am\u00e2ndoi trebuie s\u0103 facem loc unui fenomen media care zguduie barajul cenzurii \u0219i impresioneaz\u0103 prin s\u00e2rguin\u021ba, curajul \u0219i profesionalismul lor.<\/p>\n<p><strong>Premiul pentru locul 1 \u00een categoria Publica\u021bii\/Televiziuni revine \u00een acest an site-ului \u0219i canalului de YouTube\u00a0 BZI \u2013 BUN\u0102 ZIUA IA\u0218I! FELICIT\u0102RI!<\/strong><\/p>\n<p><a href=\"https:\/\/www.incorectpolitic.com\/titanii-romanismului-topul-organizatiilor-personalitatiilor-si-publicatiilor-romanesti-decernarea-premiilor-inshr-ew-2025-2026\/bzi-inshrew-premii\/\" rel=\"attachment wp-att-82216\"><img loading=\"lazy\" decoding=\"async\" class=\"wp-image-82216 aligncenter lazyload\" src=\"https:\/\/www.incorectpolitic.com\/wp-content\/uploads\/2026\/08\/bzi-inshrew-premii.png\" alt width=\"772\" height=\"434\"><\/a><\/p>\n<p><img loading=\"lazy\" decoding=\"async\" class=\"wp-image-82216 aligncenter\" src=\"https:\/\/www.incorectpolitic.com\/wp-content\/uploads\/2026\/08\/bzi-inshrew-premii.png\" alt width=\"772\" height=\"434\" data-eio=\"l\"><\/p>\n<p>Iat\u0103 topul:<\/p>\n<h3 class=\"svelte-4sys19\" dir=\"auto\">\ud83d\udcf0 TOP PUBLICA\u021aII \/ SITE-URI \/ CANALE MEDIA<\/h3>\n<div class=\"relative w-full group\/table mb-5\">\n<div class=\"overflow-x-auto relative w-full scrollbar-hidden\">\n<table class=\"min-w-full text-sm text-left text-gray-500 w-fit dark:text-gray-400\">\n<thead class=\"text-gray-700 uppercase border-none dark:text-gray-400\">\n<tr class=\"border-none bg-[#f7f7f7] dark:bg-[#F7F7F70F]\">\n<th class=\"px-3! py-1.5!\" scope=\"col\">\n<div class=\"gap-1.5 text-left\">\n<div class=\"break-normal shrink-0\">Loc<\/div>\n<\/div>\n<\/th>\n<th class=\"px-3! py-1.5!\" scope=\"col\">\n<div class=\"gap-1.5 text-left\">\n<div class=\"break-normal shrink-0\">Men\u021biuni<\/div>\n<\/div>\n<\/th>\n<th class=\"px-3! py-1.5!\" scope=\"col\">\n<div class=\"gap-1.5 text-left\">\n<div class=\"break-normal shrink-0\">Publica\u021bie \/ Site \/ Canal<\/div>\n<\/div>\n<\/th>\n<\/tr>\n<\/thead>\n<tbody>\n<tr class=\"border-b-1 border-[#d1d5dc] dark:border-gray-850\">\n<td class=\"px-3! py-3! border-none text-gray-900 dark:text-white border border-[#EBEBEB] dark:border-[#FFFFFF0D] max-w-[500px] min-w-[180px]\"><strong>1<\/strong><\/td>\n<td class=\"px-3! py-3! border-none text-gray-900 dark:text-white border border-[#EBEBEB] dark:border-[#FFFFFF0D] max-w-[500px] min-w-[180px]\"><strong>15<\/strong><\/td>\n<td class=\"px-3! py-3! border-none text-gray-900 dark:text-white border border-[#EBEBEB] dark:border-[#FFFFFF0D] max-w-[500px] min-w-[180px]\"><strong>Bun\u0103 Ziua Ia\u0219i (BZI)<\/strong><\/td>\n<\/tr>\n<tr class=\"border-b-1 border-[#d1d5dc] dark:border-gray-850\">\n<td class=\"px-3! py-3! border-none text-gray-900 dark:text-white border border-[#EBEBEB] dark:border-[#FFFFFF0D] max-w-[500px] min-w-[180px]\"><strong>2<\/strong><\/td>\n<td class=\"px-3! py-3! border-none text-gray-900 dark:text-white border border-[#EBEBEB] dark:border-[#FFFFFF0D] max-w-[500px] min-w-[180px]\"><strong>13<\/strong><\/td>\n<td class=\"px-3! py-3! border-none text-gray-900 dark:text-white border border-[#EBEBEB] dark:border-[#FFFFFF0D] max-w-[500px] min-w-[180px]\"><strong>Ge\u021bia TV \/ Turul 2 \u00eenapoi<\/strong><\/td>\n<\/tr>\n<tr class=\"border-b-1 border-[#d1d5dc] dark:border-gray-850\">\n<td class=\"px-3! py-3! border-none text-gray-900 dark:text-white border border-[#EBEBEB] dark:border-[#FFFFFF0D] max-w-[500px] min-w-[180px]\"><strong>3<\/strong><\/td>\n<td class=\"px-3! py-3! border-none text-gray-900 dark:text-white border border-[#EBEBEB] dark:border-[#FFFFFF0D] max-w-[500px] min-w-[180px]\"><strong>5<\/strong><\/td>\n<td class=\"px-3! py-3! border-none text-gray-900 dark:text-white border border-[#EBEBEB] dark:border-[#FFFFFF0D] max-w-[500px] min-w-[180px]\"><strong>Certitudinea (revist\u0103)<\/strong> \u00b7 <strong>CristoiuTv (YouTube)<\/strong><\/td>\n<\/tr>\n<tr class=\"border-b-1 border-[#d1d5dc] dark:border-gray-850\">\n<td class=\"px-3! py-3! border-none text-gray-900 dark:text-white border border-[#EBEBEB] dark:border-[#FFFFFF0D] max-w-[500px] min-w-[180px]\"><strong>4<\/strong><\/td>\n<td class=\"px-3! py-3! border-none text-gray-900 dark:text-white border border-[#EBEBEB] dark:border-[#FFFFFF0D] max-w-[500px] min-w-[180px]\"><strong>4<\/strong><\/td>\n<td class=\"px-3! py-3! border-none text-gray-900 dark:text-white border border-[#EBEBEB] dark:border-[#FFFFFF0D] max-w-[500px] min-w-[180px]\"><strong>GMD \u2013 Gic\u0103 Manole Despre<\/strong><\/td>\n<\/tr>\n<tr class=\"border-b-1 border-[#d1d5dc] dark:border-gray-850\">\n<td class=\"px-3! py-3! border-none text-gray-900 dark:text-white border border-[#EBEBEB] dark:border-[#FFFFFF0D] max-w-[500px] min-w-[180px]\"><strong>5<\/strong><\/td>\n<td class=\"px-3! py-3! border-none text-gray-900 dark:text-white border border-[#EBEBEB] dark:border-[#FFFFFF0D] max-w-[500px] min-w-[180px]\"><strong>3<\/strong><\/td>\n<td class=\"px-3! py-3! border-none text-gray-900 dark:text-white border border-[#EBEBEB] dark:border-[#FFFFFF0D] max-w-[500px] min-w-[180px]\"><strong>Incorect Politic<\/strong> \u00b7 <strong>ActiveNews<\/strong> \u00b7 <strong>OTV \/ DDTV<\/strong><\/td>\n<\/tr>\n<\/tbody>\n<\/table>\n<\/div>\n<\/div>\n<p>Pe locul 2 este <a href=\"https:\/\/www.facebook.com\/GetiaTV\">Ge\u021biaTV<\/a>\/Turul 2 \u00eenapoi, o pagin\u0103 de Facebook care l-a mai publicat \u0219i pe Rapcea \u0219i care are post\u0103ri extrem de incomode pentru sistem.<\/p>\n<p>CERTITUDINEA cade pe locul 3, \u00eenc\u0103 \u00een top, la egalitate cu CristoiuTv, care \u00eencepe s\u0103 deranjeze tot mai tare.<\/p>\n<p>Pe locul 4 apare Gic\u0103 Manole cu canalul s\u0103u GMD\/Gic\u0103 Manole Despre.<\/p>\n<p>Cu toate c\u0103 publica\u021bia noastr\u0103 INCORECT POLITIC este men\u021bionat\u0103 \u00eenc\u0103 din 2019, av\u00e2nd o prezen\u021b\u0103 constant\u0103 \u00een rapoarte, \u00een 2026 ocup\u0103m locul 5, cu doar trei men\u021biuni, probabil cei de la institut au obosit \u0219i s-au demoralizat av\u00e2nd \u00een vedere c\u0103 nu ne-au putut opri \u00een to\u021bi ace\u0219ti ani. Suntem la egalitate cu publica\u021bia conservatoare ActiveNews \u0219i cu canalul OTV\/DDTV.<\/p>\n<p><a href=\"https:\/\/www.incorectpolitic.com\/decernarea-premiilor-inshr-ew-pentru-organizatii-topul-celor-mai-mentionate-grupuri-patriotice-2025-2026\/elie-wiesel-inshrew\/\" rel=\"attachment wp-att-82154\"><img loading=\"lazy\" decoding=\"async\" class=\"aligncenter wp-image-82154 lazyload\" src=\"https:\/\/www.incorectpolitic.com\/wp-content\/uploads\/2026\/07\/elie-wiesel-inshrew.png\" alt width=\"702\" height=\"562\"><\/a><\/p>\n<p><img loading=\"lazy\" decoding=\"async\" class=\"aligncenter wp-image-82154\" src=\"https:\/\/www.incorectpolitic.com\/wp-content\/uploads\/2026\/07\/elie-wiesel-inshrew.png\" alt width=\"702\" height=\"562\" data-eio=\"l\"><\/p>\n<h2><strong>TOPUL ORGANIZA\u021aIILOR<\/strong><\/h2>\n<p>\u00a0<\/p>\n<p>Surpriza din acest an o constituie prezen\u021ba a patru partide \u00een listele top 5, astfel vedem cum\u00a0 partidele politice \u00eencep s\u0103 ia avans fa\u021b\u0103 de asocia\u021biile care \u00een anii trecu\u021bi erau mai frecvent men\u021bionate.<\/p>\n<p>\u00a0<\/p>\n<div class=\"flex justify-center\">\n<table class=\"w-auto text-sm text-left text-gray-500 dark:text-gray-400\">\n<thead class=\"text-gray-700 uppercase border-none dark:text-gray-400\">\n<tr class=\"border-none bg-[#f7f7f7] dark:bg-[#F7F7F70F]\">\n<th class=\"px-3! py-1.5!\">Loc<\/th>\n<th class=\"px-3! py-1.5!\">Men\u021biuni<\/th>\n<th class=\"px-3! py-1.5!\">Organiza\u021bii<\/th>\n<\/tr>\n<\/thead>\n<tbody>\n<tr class=\"border-b-1 border-[#d1d5dc] dark:border-gray-850\">\n<td class=\"px-3! py-3! text-gray-900 dark:text-white border border-[#EBEBEB] dark:border-[#FFFFFF0D]\"><strong>1<\/strong><\/td>\n<td class=\"px-3! py-3! text-gray-900 dark:text-white border border-[#EBEBEB] dark:border-[#FFFFFF0D]\"><strong>29<\/strong><\/td>\n<td class=\"px-3! py-3! text-gray-900 dark:text-white border border-[#EBEBEB] dark:border-[#FFFFFF0D]\">S.O.S. Rom\u00e2nia<\/td>\n<\/tr>\n<tr class=\"border-b-1 border-[#d1d5dc] dark:border-gray-850\">\n<td class=\"px-3! py-3! text-gray-900 dark:text-white border border-[#EBEBEB] dark:border-[#FFFFFF0D]\"><strong>2<\/strong><\/td>\n<td class=\"px-3! py-3! text-gray-900 dark:text-white border border-[#EBEBEB] dark:border-[#FFFFFF0D]\"><strong>24<\/strong><\/td>\n<td class=\"px-3! py-3! text-gray-900 dark:text-white border border-[#EBEBEB] dark:border-[#FFFFFF0D]\">AUR<\/td>\n<\/tr>\n<tr class=\"border-b-1 border-[#d1d5dc] dark:border-gray-850\">\n<td class=\"px-3! py-3! text-gray-900 dark:text-white border border-[#EBEBEB] dark:border-[#FFFFFF0D]\"><strong>3<\/strong><\/td>\n<td class=\"px-3! py-3! text-gray-900 dark:text-white border border-[#EBEBEB] dark:border-[#FFFFFF0D]\"><strong>11<\/strong><\/td>\n<td class=\"px-3! py-3! text-gray-900 dark:text-white border border-[#EBEBEB] dark:border-[#FFFFFF0D]\">Funda\u021bia Ion Gavril\u0103 Ogoranu<\/td>\n<\/tr>\n<tr class=\"border-b-1 border-[#d1d5dc] dark:border-gray-850\">\n<td class=\"px-3! py-3! text-gray-900 dark:text-white border border-[#EBEBEB] dark:border-[#FFFFFF0D]\"><strong>4<\/strong><\/td>\n<td class=\"px-3! py-3! text-gray-900 dark:text-white border border-[#EBEBEB] dark:border-[#FFFFFF0D]\"><strong>7<\/strong><\/td>\n<td class=\"px-3! py-3! text-gray-900 dark:text-white border border-[#EBEBEB] dark:border-[#FFFFFF0D]\">Noua Dreapt\u0103<\/td>\n<\/tr>\n<tr class=\"border-b-1 border-[#d1d5dc] dark:border-gray-850\">\n<td class=\"px-3! py-3! text-gray-900 dark:text-white border border-[#EBEBEB] dark:border-[#FFFFFF0D]\"><strong>5<\/strong><\/td>\n<td class=\"px-3! py-3! text-gray-900 dark:text-white border border-[#EBEBEB] dark:border-[#FFFFFF0D]\"><strong>3<\/strong><\/td>\n<td class=\"px-3! py-3! text-gray-900 dark:text-white border border-[#EBEBEB] dark:border-[#FFFFFF0D]\">PRM, PPR<\/td>\n<\/tr>\n<\/tbody>\n<\/table>\n<\/div>\n<p>Cea mai men\u021bionat\u0103 organiza\u021bie este Partidul S.O.S. Rom\u00e2nia, cu 29 de men\u021biuni! Cu <a href=\"https:\/\/www.incorectpolitic.com\/diana-sosoaca-cere-desfiintarea-institutului-elie-wiesel\/\">a\u0219a comunicate<\/a> chiar nu ne mir\u0103 c\u0103 a ajuns \u00een top.<\/p>\n<p>Pe locul doi este Partidul AUR cu 24 de men\u021biuni. Este de remarcat faptul c\u0103 activitatea filosemit\u0103 a Partidului AUR nu a produs vreo \u201cmil\u0103\u201d din partea institutului, ci sunt \u00een continuare eticheta\u021bi ca extremi\u0219ti \u0219i antisemi\u021bi. Totodat\u0103, acest fapt ne arat\u0103 c\u0103 \u00een AUR \u00eenc\u0103 mai sunt oameni de bun\u0103-credin\u021b\u0103.<\/p>\n<p>Pe locul trei apare Funda\u021bia Ion Gavril\u0103 Ogoranu, care, dac\u0103 am scoate partidele din ecua\u021bie, ar fi pe primul loc \u00een r\u00e2ndul asocia\u021biilor civice nonprofit. Acest lucru este o realizare \u00een sine \u0219i merit\u0103 felicit\u0103rile noastre. Fi\u021bi mai \u00eeng\u0103duitori cu cei de la funda\u021bie; indiferent de pozi\u021biile politice exprimate, ace\u0219tia continu\u0103 s\u0103 fie lua\u021bi \u00een vizorul celor care ne ur\u0103sc \u021bara \u0219i neamul.<\/p>\n<p>Pe locul patru apare una dintre cele mai vechi asocia\u021bii na\u021bionaliste rom\u00e2ne\u0219ti, care \u00eenc\u0103 bag\u0103 spaima \u00een alogeni \u0219i \u00een antirom\u00e2ni: legendara Noua Dreapt\u0103 love\u0219te din nou \u0219i ia acas\u0103 \u0219apte men\u021biuni! Noua Dreapt\u0103 a fost singura asocia\u021bie care a protestat \u00eempotriva integr\u0103rii Rom\u00e2niei \u00een Uniunea European\u0103 cu mul\u021bi ani \u00een urm\u0103, iar mul\u021bi tineri forma\u021bi \u00een Noua Dreapt\u0103 au ajuns ast\u0103zi s\u0103 ocupe locuri importante \u00een vehiculele politice suveraniste.<\/p>\n<p>La egalitate, pe locul 5, stau vechiul PRM \u0219i noul PPR, f\u0103c\u00e2ndu-i-se dreptate lui Mihai Lasca, omul politic care a muncit mult pentru a ajunge \u00een paginile acestui document. Cele trei men\u021biuni sunt cu greu c\u00e2\u0219tigate \u0219i merit\u0103 felicit\u0103rile \u0219i \u00eencuraj\u0103rile noastre!<\/p>\n<p>\u00a0<\/p>\n<h2><strong>TOPUL PERSONALIT\u0102\u021aILOR<\/strong><\/h2>\n<p>Competi\u021bia a fost acerb\u0103, iar dezam\u0103girile celor care nu au ajuns \u00een raport sunt mari. Totodat\u0103 \u00een 2026 avem o mare surpriz\u0103 \u00een ce prive\u0219te personalit\u0103\u021bile men\u021bionate<\/p>\n<p>\u00a0<\/p>\n<div>\n<table class=\"text-sm text-left text-gray-500 w-fit dark:text-gray-400\">\n<thead class=\"text-gray-700 uppercase border-none dark:text-gray-400\">\n<tr class=\"border-none bg-[#f7f7f7] dark:bg-[#F7F7F70F]\">\n<th class=\"px-3! py-1.5!\" scope=\"col\">\n<div class=\"gap-1.5 text-left\">\n<div class=\"break-normal shrink-0\">Loc<\/div>\n<\/div>\n<\/th>\n<th class=\"px-3! py-1.5!\" scope=\"col\">\n<div class=\"gap-1.5 text-left\">\n<div class=\"break-normal shrink-0\">Men\u021biuni<\/div>\n<\/div>\n<\/th>\n<th class=\"px-3! py-1.5!\" scope=\"col\">\n<div class=\"gap-1.5 text-left\">\n<div class=\"break-normal shrink-0\">Persoane<\/div>\n<\/div>\n<\/th>\n<\/tr>\n<\/thead>\n<tbody>\n<tr class=\"border-b-1 border-[#d1d5dc] dark:border-gray-850\">\n<td class=\"px-3! py-3! border-none text-gray-900 dark:text-white border border-[#EBEBEB] dark:border-[#FFFFFF0D] max-w-[500px] min-w-[180px]\"><strong>1<\/strong><\/td>\n<td class=\"px-3! py-3! border-none text-gray-900 dark:text-white border border-[#EBEBEB] dark:border-[#FFFFFF0D] max-w-[500px] min-w-[180px]\"><strong>19<\/strong><\/td>\n<td class=\"px-3! py-3! border-none text-gray-900 dark:text-white border border-[#EBEBEB] dark:border-[#FFFFFF0D] max-w-[500px] min-w-[180px]\">Diana \u0218o\u0219oac\u0103<\/td>\n<\/tr>\n<tr class=\"border-b-1 border-[#d1d5dc] dark:border-gray-850\">\n<td class=\"px-3! py-3! border-none text-gray-900 dark:text-white border border-[#EBEBEB] dark:border-[#FFFFFF0D] max-w-[500px] min-w-[180px]\"><strong>2<\/strong><\/td>\n<td class=\"px-3! py-3! border-none text-gray-900 dark:text-white border border-[#EBEBEB] dark:border-[#FFFFFF0D] max-w-[500px] min-w-[180px]\"><strong>12<\/strong><\/td>\n<td class=\"px-3! py-3! border-none text-gray-900 dark:text-white border border-[#EBEBEB] dark:border-[#FFFFFF0D] max-w-[500px] min-w-[180px]\">Miron Manega \/ Dumitru Manea, Dan Diaconescu<\/td>\n<\/tr>\n<tr class=\"border-b-1 border-[#d1d5dc] dark:border-gray-850\">\n<td class=\"px-3! py-3! border-none text-gray-900 dark:text-white border border-[#EBEBEB] dark:border-[#FFFFFF0D] max-w-[500px] min-w-[180px]\"><strong>3<\/strong><\/td>\n<td class=\"px-3! py-3! border-none text-gray-900 dark:text-white border border-[#EBEBEB] dark:border-[#FFFFFF0D] max-w-[500px] min-w-[180px]\"><strong>11<\/strong><\/td>\n<td class=\"px-3! py-3! border-none text-gray-900 dark:text-white border border-[#EBEBEB] dark:border-[#FFFFFF0D] max-w-[500px] min-w-[180px]\">Gic\u0103 Manole<\/td>\n<\/tr>\n<tr class=\"border-b-1 border-[#d1d5dc] dark:border-gray-850\">\n<td class=\"px-3! py-3! border-none text-gray-900 dark:text-white border border-[#EBEBEB] dark:border-[#FFFFFF0D] max-w-[500px] min-w-[180px]\"><strong>4<\/strong><\/td>\n<td class=\"px-3! py-3! border-none text-gray-900 dark:text-white border border-[#EBEBEB] dark:border-[#FFFFFF0D] max-w-[500px] min-w-[180px]\"><strong>8<\/strong><\/td>\n<td class=\"px-3! py-3! border-none text-gray-900 dark:text-white border border-[#EBEBEB] dark:border-[#FFFFFF0D] max-w-[500px] min-w-[180px]\">C\u0103lin Georgescu, Florin Dobrescu, Mihai Tociu<\/td>\n<\/tr>\n<tr class=\"border-b-1 border-[#d1d5dc] dark:border-gray-850\">\n<td class=\"px-3! py-3! border-none text-gray-900 dark:text-white border border-[#EBEBEB] dark:border-[#FFFFFF0D] max-w-[500px] min-w-[180px]\"><strong>5<\/strong><\/td>\n<td class=\"px-3! py-3! border-none text-gray-900 dark:text-white border border-[#EBEBEB] dark:border-[#FFFFFF0D] max-w-[500px] min-w-[180px]\"><strong>7<\/strong><\/td>\n<td class=\"px-3! py-3! border-none text-gray-900 dark:text-white border border-[#EBEBEB] dark:border-[#FFFFFF0D] max-w-[500px] min-w-[180px]\">Alexandru Amititeloaie, Mihai Rapcea, Corvin Lupu<\/td>\n<\/tr>\n<\/tbody>\n<\/table>\n<\/div>\n<p><strong>Pe primul loc \u00een num\u0103r de men\u021biuni, cel mai incomod om politic din Rom\u00e2nia, este Diana Iovanovici-\u0218o\u0219oac\u0103.<\/strong> Aceasta a ob\u021binut trofeul din acest an datorit\u0103 curajului nebunesc, muncii neobosite \u0219i retoricii radicale pro-rom\u00e2ne\u0219ti pe care o exprim\u0103 constant.<\/p>\n<p><a href=\"https:\/\/www.incorectpolitic.com\/campionii-romanismului-si-decernarea-premiilor-inshr-ew-2025-2026-diana-sosoaca-si-miron-manega-castiga-trofeul\/elie-wiesel-diana-sosoaca-2\/\" rel=\"attachment wp-att-82123\"><img loading=\"lazy\" decoding=\"async\" class=\"wp-image-82123 aligncenter lazyload\" src=\"https:\/\/www.incorectpolitic.com\/wp-content\/uploads\/2026\/07\/Elie-Wiesel-diana-sosoaca-1.png\" alt width=\"702\" height=\"562\"><\/a><\/p>\n<p><img loading=\"lazy\" decoding=\"async\" class=\"wp-image-82123 aligncenter\" src=\"https:\/\/www.incorectpolitic.com\/wp-content\/uploads\/2026\/07\/Elie-Wiesel-diana-sosoaca-1.png\" alt width=\"702\" height=\"562\" data-eio=\"l\"><\/p>\n<p>Simt nevoia s\u0103 clarific un aspect pe care unii dintre voi mi l-a\u021bi semnalat. Pute\u021bi s\u0103 o ur\u00e2\u021bi pe \u0218o\u0219oac\u0103 \u0219i s\u0103 nu simpatiza\u021bi cu S.O.S. Rom\u00e2nia, dar trebuie s\u0103 recunoa\u0219tem c\u0103 at\u00e2t \u0218o\u0219oac\u0103, c\u00e2t \u0219i S.O.S. au ob\u021binut primele locuri la rubrica Personalit\u0103\u021bi \u0219i la rubrica Organiza\u021bii. Ceea ce \u00eenseamn\u0103 c\u0103 fac ceva foarte bine \u0219i c\u0103 deranjeaz\u0103 exact pe cine trebuie. Este, pentru mine, o dovad\u0103 de autenticitate \u0219i curaj \u00een contextul \u00een care cei mai mul\u021bi politicieni se feresc s\u0103 abordeze spinoasa chestiune iudaic\u0103.<\/p>\n<p><strong>Pe locul doi, la egalitate \u00een premier\u0103 senza\u021bional\u0103, se afl\u0103 Miron Manega \u0219i Dan Diaconescu.<\/strong> Pe Miron Manega \u00eel \u0219tim din rapoartele anilor trecu\u021bi, unde a fost campion la num\u0103rul de men\u021biuni, av\u00e2nd \u0219i anul acesta un loc de cinste \u00een top. Dan Diaconescu a lipsit din rapoartele anilor trecu\u021bi \u0219i iat\u0103-l \u00een acest an pe locul 2, dovedind importan\u021ba \u0219i pericolul pentru sistem pe care \u00eel repreziunt\u0103 o televiziune liber\u0103.<\/p>\n<p><a href=\"https:\/\/www.incorectpolitic.com\/campionii-romanismului-si-decernarea-premiilor-inshr-ew-2025-2026-diana-sosoaca-si-miron-manega-castiga-trofeul\/florian-frustrat\/\" rel=\"attachment wp-att-82125\"><img loading=\"lazy\" decoding=\"async\" class=\"wp-image-82125 aligncenter lazyloaded tie-appear\" src=\"https:\/\/www.incorectpolitic.com\/wp-content\/uploads\/2026\/07\/florian-frustrat.png\" alt width=\"702\" height=\"562\"><\/a><\/p>\n<p>Pe locul 3 se afl\u0103 Gic\u0103 Manole.<\/p>\n<p>Pe locul 4, la egalitate cu 8 men\u021biuni, se afl\u0103 C\u0103lin Georgescu, Florin Dobrescu \u0219i Mihai Tociu.<\/p>\n<p>Pe locul 5, la egalitate cu 7 men\u021biuni, se afl\u0103 prof. Alexandru Amititeloaie, avocatul Mihai Rapcea \u0219i profesorul Corvin Lupu.<\/p>\n<p>*<\/p>\n<p>Fiindc\u0103 raportul are peste 200 de pagini \u0219i timpul nu prea mai are r\u0103bdare cu oamenii, o analiz\u0103 ampl\u0103 \u00eentr-un articol gigantic nu va fi posibil\u0103 \u00een acest an. Vom oferi pastile mai scurte pe m\u0103sur\u0103 ce mai recolt\u0103m con\u021binut din paginile documentului.<\/p>\n<p>Raportul complet poate fi desc\u0103rcat <a href=\"https:\/\/t.me\/politicincorect\/5810\">AICI<\/a>.<\/p>\n<p>Felicit\u0103ri tuturor celor men\u021biona\u021bi! Spor la lucru celor care caut\u0103 un loc al\u0103turi de cinste \u00een raportul de anul viitor!<\/p>\n<p><a href=\"https:\/\/www.incorectpolitic.com\/decernarea-premiilor-inshrew-pentru-antisemitism\/oscar-ip\/\" rel=\"attachment wp-att-38139\"><img loading=\"lazy\" decoding=\"async\" class=\"size-full wp-image-38139 aligncenter lazyload\" alt width=\"400\" height=\"300\" src=\"https:\/\/www.incorectpolitic.com\/wp-content\/uploads\/2020\/06\/oscar-ip.jpg\"><\/a><\/p>\n<p><img loading=\"lazy\" decoding=\"async\" class=\"size-full wp-image-38139 aligncenter\" src=\"https:\/\/www.incorectpolitic.com\/wp-content\/uploads\/2020\/06\/oscar-ip.jpg\" alt width=\"400\" height=\"300\" data-eio=\"l\"><\/div>\n<div class=\"entry\">\n<p>Sterie Ciumetti<br \/><strong>Incorect Politic<\/strong><br \/>\nAugust 9, 2026<\/p>\n<p><a href=\"https:\/\/www.incorectpolitic.com\/titanii-romanismului-topul-organizatiilor-personalitatiilor-si-publicatiilor-romanesti-decernarea-premiilor-inshr-ew-2025-2026\/premiile-inshrew-2026-1\/\" rel=\"attachment wp-att-82218\"><img loading=\"lazy\" decoding=\"async\" class=\"wp-image-82218 aligncenter\" src=\"https:\/\/www.incorectpolitic.com\/wp-content\/uploads\/2026\/08\/premiile-inshrew-2026-1.png\" alt width=\"702\" height=\"562\"><\/a><\/p>\n<h2><strong>TITANII ROM\u00c2NISMULUI!<\/strong><\/h2>\n<h2><strong> Topul organiza\u021biilor, personalit\u0103\u021biilor \u0219i publica\u021biilor rom\u00e2ne\u0219ti \u2013 Decernarea Premiilor INSHR-EW 2025-2026<\/strong><\/h2>\n<p>\u00a0<\/p>\n<p>Au intrat ultimele rezultate pentru rubriga Publica\u021biilor, iar \u00een r\u00e2ndurile de mai jos v\u0103 prezent\u0103m integral topul din acest an, cu toate cele trei rubrici: Publica\u021bii, Organiza\u021bii, Personalit\u0103\u021bi.<\/p>\n<p>Raportul din acest an are 205 pagini, este plin de surprize \u0219i r\u0103sturn\u0103ri de situa\u021bie. Pentru a \u00een\u021belege documentul, trebuie s\u0103 \u00een\u021belegem antisemitismul \u00een cheia rom\u00e2nismului. E\u0219ti patriot? \u021aii cu Rom\u00e2nia? Atunci automat e\u0219ti catalogat antisemit. \u00cen\u021beleg\u00e2nd astfel, raportul nu mai este prilej de demonizare sau denigrare, ci constituie o veritabil\u0103 recomandare cu privire la cei mai valabili rom\u00e2ni contemporani cu noi.<\/p>\n<p>Acestea sunt premiile INSHR-EW:<\/p>\n<h2><strong>TOPUL PUBLICA\u021aIILOR<\/strong><\/h2>\n<p>\u00a0<\/p>\n<p>Du\u0219i sunt anii \u00een care Incorect Politic c\u00e2\u0219tiga locul 1 an dup\u0103 an, dep\u0103\u0219it doar de CERTITUDINEA lui Miron Manega, care a luat dou\u0103 trofee consecutiv \u00een anii trecu\u021bi, am\u00e2ndoi trebuie s\u0103 facem loc unui fenomen media care zguduie barajul cenzurii \u0219i impresioneaz\u0103 prin s\u00e2rguin\u021ba, curajul \u0219i profesionalismul lor.<\/p>\n<p><strong>Premiul pentru locul 1 \u00een categoria Publica\u021bii\/Televiziuni revine \u00een acest an site-ului \u0219i canalului de YouTube\u00a0 BZI \u2013 BUN\u0102 ZIUA IA\u0218I! FELICIT\u0102RI!<\/strong><\/p>\n<p><a href=\"https:\/\/www.incorectpolitic.com\/titanii-romanismului-topul-organizatiilor-personalitatiilor-si-publicatiilor-romanesti-decernarea-premiilor-inshr-ew-2025-2026\/bzi-inshrew-premii\/\" rel=\"attachment wp-att-82216\"><img loading=\"lazy\" decoding=\"async\" class=\"wp-image-82216 aligncenter lazyload\" src=\"https:\/\/www.incorectpolitic.com\/wp-content\/uploads\/2026\/08\/bzi-inshrew-premii.png\" alt width=\"772\" height=\"434\"><\/a><\/p>\n<p><img loading=\"lazy\" decoding=\"async\" class=\"wp-image-82216 aligncenter\" src=\"https:\/\/www.incorectpolitic.com\/wp-content\/uploads\/2026\/08\/bzi-inshrew-premii.png\" alt width=\"772\" height=\"434\" data-eio=\"l\"><\/p>\n<p>Iat\u0103 topul:<\/p>\n<h3 class=\"svelte-4sys19\" dir=\"auto\">\ud83d\udcf0 TOP PUBLICA\u021aII \/ SITE-URI \/ CANALE MEDIA<\/h3>\n<div class=\"relative w-full group\/table mb-5\">\n<div class=\"overflow-x-auto relative w-full scrollbar-hidden\">\n<table class=\"min-w-full text-sm text-left text-gray-500 w-fit dark:text-gray-400\">\n<thead class=\"text-gray-700 uppercase border-none dark:text-gray-400\">\n<tr class=\"border-none bg-[#f7f7f7] dark:bg-[#F7F7F70F]\">\n<th class=\"px-3! py-1.5!\" scope=\"col\">\n<div class=\"gap-1.5 text-left\">\n<div class=\"break-normal shrink-0\">Loc<\/div>\n<\/div>\n<\/th>\n<th class=\"px-3! py-1.5!\" scope=\"col\">\n<div class=\"gap-1.5 text-left\">\n<div class=\"break-normal shrink-0\">Men\u021biuni<\/div>\n<\/div>\n<\/th>\n<th class=\"px-3! py-1.5!\" scope=\"col\">\n<div class=\"gap-1.5 text-left\">\n<div class=\"break-normal shrink-0\">Publica\u021bie \/ Site \/ Canal<\/div>\n<\/div>\n<\/th>\n<\/tr>\n<\/thead>\n<tbody>\n<tr class=\"border-b-1 border-[#d1d5dc] dark:border-gray-850\">\n<td class=\"px-3! py-3! border-none text-gray-900 dark:text-white border border-[#EBEBEB] dark:border-[#FFFFFF0D] max-w-[500px] min-w-[180px]\"><strong>1<\/strong><\/td>\n<td class=\"px-3! py-3! border-none text-gray-900 dark:text-white border border-[#EBEBEB] dark:border-[#FFFFFF0D] max-w-[500px] min-w-[180px]\"><strong>15<\/strong><\/td>\n<td class=\"px-3! py-3! border-none text-gray-900 dark:text-white border border-[#EBEBEB] dark:border-[#FFFFFF0D] max-w-[500px] min-w-[180px]\"><strong>Bun\u0103 Ziua Ia\u0219i (BZI)<\/strong><\/td>\n<\/tr>\n<tr class=\"border-b-1 border-[#d1d5dc] dark:border-gray-850\">\n<td class=\"px-3! py-3! border-none text-gray-900 dark:text-white border border-[#EBEBEB] dark:border-[#FFFFFF0D] max-w-[500px] min-w-[180px]\"><strong>2<\/strong><\/td>\n<td class=\"px-3! py-3! border-none text-gray-900 dark:text-white border border-[#EBEBEB] dark:border-[#FFFFFF0D] max-w-[500px] min-w-[180px]\"><strong>13<\/strong><\/td>\n<td class=\"px-3! py-3! border-none text-gray-900 dark:text-white border border-[#EBEBEB] dark:border-[#FFFFFF0D] max-w-[500px] min-w-[180px]\"><strong>Ge\u021bia TV \/ Turul 2 \u00eenapoi<\/strong><\/td>\n<\/tr>\n<tr class=\"border-b-1 border-[#d1d5dc] dark:border-gray-850\">\n<td class=\"px-3! py-3! border-none text-gray-900 dark:text-white border border-[#EBEBEB] dark:border-[#FFFFFF0D] max-w-[500px] min-w-[180px]\"><strong>3<\/strong><\/td>\n<td class=\"px-3! py-3! border-none text-gray-900 dark:text-white border border-[#EBEBEB] dark:border-[#FFFFFF0D] max-w-[500px] min-w-[180px]\"><strong>5<\/strong><\/td>\n<td class=\"px-3! py-3! border-none text-gray-900 dark:text-white border border-[#EBEBEB] dark:border-[#FFFFFF0D] max-w-[500px] min-w-[180px]\"><strong>Certitudinea (revist\u0103)<\/strong> \u00b7 <strong>CristoiuTv (YouTube)<\/strong><\/td>\n<\/tr>\n<tr class=\"border-b-1 border-[#d1d5dc] dark:border-gray-850\">\n<td class=\"px-3! py-3! border-none text-gray-900 dark:text-white border border-[#EBEBEB] dark:border-[#FFFFFF0D] max-w-[500px] min-w-[180px]\"><strong>4<\/strong><\/td>\n<td class=\"px-3! py-3! border-none text-gray-900 dark:text-white border border-[#EBEBEB] dark:border-[#FFFFFF0D] max-w-[500px] min-w-[180px]\"><strong>4<\/strong><\/td>\n<td class=\"px-3! py-3! border-none text-gray-900 dark:text-white border border-[#EBEBEB] dark:border-[#FFFFFF0D] max-w-[500px] min-w-[180px]\"><strong>GMD \u2013 Gic\u0103 Manole Despre<\/strong><\/td>\n<\/tr>\n<tr class=\"border-b-1 border-[#d1d5dc] dark:border-gray-850\">\n<td class=\"px-3! py-3! border-none text-gray-900 dark:text-white border border-[#EBEBEB] dark:border-[#FFFFFF0D] max-w-[500px] min-w-[180px]\"><strong>5<\/strong><\/td>\n<td class=\"px-3! py-3! border-none text-gray-900 dark:text-white border border-[#EBEBEB] dark:border-[#FFFFFF0D] max-w-[500px] min-w-[180px]\"><strong>3<\/strong><\/td>\n<td class=\"px-3! py-3! border-none text-gray-900 dark:text-white border border-[#EBEBEB] dark:border-[#FFFFFF0D] max-w-[500px] min-w-[180px]\"><strong>Incorect Politic<\/strong> \u00b7 <strong>ActiveNews<\/strong> \u00b7 <strong>OTV \/ DDTV<\/strong><\/td>\n<\/tr>\n<\/tbody>\n<\/table>\n<\/div>\n<\/div>\n<p>Pe locul 2 este <a href=\"https:\/\/www.facebook.com\/GetiaTV\">Ge\u021biaTV<\/a>\/Turul 2 \u00eenapoi, o pagin\u0103 de Facebook care l-a mai publicat \u0219i pe Rapcea \u0219i care are post\u0103ri extrem de incomode pentru sistem.<\/p>\n<p>CERTITUDINEA cade pe locul 3, \u00eenc\u0103 \u00een top, la egalitate cu CristoiuTv, care \u00eencepe s\u0103 deranjeze tot mai tare.<\/p>\n<p>Pe locul 4 apare Gic\u0103 Manole cu canalul s\u0103u GMD\/Gic\u0103 Manole Despre.<\/p>\n<p>Cu toate c\u0103 publica\u021bia noastr\u0103 INCORECT POLITIC este men\u021bionat\u0103 \u00eenc\u0103 din 2019, av\u00e2nd o prezen\u021b\u0103 constant\u0103 \u00een rapoarte, \u00een 2026 ocup\u0103m locul 5, cu doar trei men\u021biuni, probabil cei de la institut au obosit \u0219i s-au demoralizat av\u00e2nd \u00een vedere c\u0103 nu ne-au putut opri \u00een to\u021bi ace\u0219ti ani. Suntem la egalitate cu publica\u021bia conservatoare ActiveNews \u0219i cu canalul OTV\/DDTV.<\/p>\n<p><a href=\"https:\/\/www.incorectpolitic.com\/decernarea-premiilor-inshr-ew-pentru-organizatii-topul-celor-mai-mentionate-grupuri-patriotice-2025-2026\/elie-wiesel-inshrew\/\" rel=\"attachment wp-att-82154\"><img loading=\"lazy\" decoding=\"async\" class=\"aligncenter wp-image-82154 lazyload\" src=\"https:\/\/www.incorectpolitic.com\/wp-content\/uploads\/2026\/07\/elie-wiesel-inshrew.png\" alt width=\"702\" height=\"562\"><\/a><\/p>\n<p><img loading=\"lazy\" decoding=\"async\" class=\"aligncenter wp-image-82154\" src=\"https:\/\/www.incorectpolitic.com\/wp-content\/uploads\/2026\/07\/elie-wiesel-inshrew.png\" alt width=\"702\" height=\"562\" data-eio=\"l\"><\/p>\n<h2><strong>TOPUL ORGANIZA\u021aIILOR<\/strong><\/h2>\n<p>\u00a0<\/p>\n<p>Surpriza din acest an o constituie prezen\u021ba a patru partide \u00een listele top 5, astfel vedem cum\u00a0 partidele politice \u00eencep s\u0103 ia avans fa\u021b\u0103 de asocia\u021biile care \u00een anii trecu\u021bi erau mai frecvent men\u021bionate.<\/p>\n<p>\u00a0<\/p>\n<div class=\"flex justify-center\">\n<table class=\"w-auto text-sm text-left text-gray-500 dark:text-gray-400\">\n<thead class=\"text-gray-700 uppercase border-none dark:text-gray-400\">\n<tr class=\"border-none bg-[#f7f7f7] dark:bg-[#F7F7F70F]\">\n<th class=\"px-3! py-1.5!\">Loc<\/th>\n<th class=\"px-3! py-1.5!\">Men\u021biuni<\/th>\n<th class=\"px-3! py-1.5!\">Organiza\u021bii<\/th>\n<\/tr>\n<\/thead>\n<tbody>\n<tr class=\"border-b-1 border-[#d1d5dc] dark:border-gray-850\">\n<td class=\"px-3! py-3! text-gray-900 dark:text-white border border-[#EBEBEB] dark:border-[#FFFFFF0D]\"><strong>1<\/strong><\/td>\n<td class=\"px-3! py-3! text-gray-900 dark:text-white border border-[#EBEBEB] dark:border-[#FFFFFF0D]\"><strong>29<\/strong><\/td>\n<td class=\"px-3! py-3! text-gray-900 dark:text-white border border-[#EBEBEB] dark:border-[#FFFFFF0D]\">S.O.S. Rom\u00e2nia<\/td>\n<\/tr>\n<tr class=\"border-b-1 border-[#d1d5dc] dark:border-gray-850\">\n<td class=\"px-3! py-3! text-gray-900 dark:text-white border border-[#EBEBEB] dark:border-[#FFFFFF0D]\"><strong>2<\/strong><\/td>\n<td class=\"px-3! py-3! text-gray-900 dark:text-white border border-[#EBEBEB] dark:border-[#FFFFFF0D]\"><strong>24<\/strong><\/td>\n<td class=\"px-3! py-3! text-gray-900 dark:text-white border border-[#EBEBEB] dark:border-[#FFFFFF0D]\">AUR<\/td>\n<\/tr>\n<tr class=\"border-b-1 border-[#d1d5dc] dark:border-gray-850\">\n<td class=\"px-3! py-3! text-gray-900 dark:text-white border border-[#EBEBEB] dark:border-[#FFFFFF0D]\"><strong>3<\/strong><\/td>\n<td class=\"px-3! py-3! text-gray-900 dark:text-white border border-[#EBEBEB] dark:border-[#FFFFFF0D]\"><strong>11<\/strong><\/td>\n<td class=\"px-3! py-3! text-gray-900 dark:text-white border border-[#EBEBEB] dark:border-[#FFFFFF0D]\">Funda\u021bia Ion Gavril\u0103 Ogoranu<\/td>\n<\/tr>\n<tr class=\"border-b-1 border-[#d1d5dc] dark:border-gray-850\">\n<td class=\"px-3! py-3! text-gray-900 dark:text-white border border-[#EBEBEB] dark:border-[#FFFFFF0D]\"><strong>4<\/strong><\/td>\n<td class=\"px-3! py-3! text-gray-900 dark:text-white border border-[#EBEBEB] dark:border-[#FFFFFF0D]\"><strong>7<\/strong><\/td>\n<td class=\"px-3! py-3! text-gray-900 dark:text-white border border-[#EBEBEB] dark:border-[#FFFFFF0D]\">Noua Dreapt\u0103<\/td>\n<\/tr>\n<tr class=\"border-b-1 border-[#d1d5dc] dark:border-gray-850\">\n<td class=\"px-3! py-3! text-gray-900 dark:text-white border border-[#EBEBEB] dark:border-[#FFFFFF0D]\"><strong>5<\/strong><\/td>\n<td class=\"px-3! py-3! text-gray-900 dark:text-white border border-[#EBEBEB] dark:border-[#FFFFFF0D]\"><strong>3<\/strong><\/td>\n<td class=\"px-3! py-3! text-gray-900 dark:text-white border border-[#EBEBEB] dark:border-[#FFFFFF0D]\">PRM, PPR<\/td>\n<\/tr>\n<\/tbody>\n<\/table>\n<\/div>\n<p>Cea mai men\u021bionat\u0103 organiza\u021bie este Partidul S.O.S. Rom\u00e2nia, cu 29 de men\u021biuni! Cu <a href=\"https:\/\/www.incorectpolitic.com\/diana-sosoaca-cere-desfiintarea-institutului-elie-wiesel\/\">a\u0219a comunicate<\/a> chiar nu ne mir\u0103 c\u0103 a ajuns \u00een top.<\/p>\n<p>Pe locul doi este Partidul AUR cu 24 de men\u021biuni. Este de remarcat faptul c\u0103 activitatea filosemit\u0103 a Partidului AUR nu a produs vreo \u201cmil\u0103\u201d din partea institutului, ci sunt \u00een continuare eticheta\u021bi ca extremi\u0219ti \u0219i antisemi\u021bi. Totodat\u0103, acest fapt ne arat\u0103 c\u0103 \u00een AUR \u00eenc\u0103 mai sunt oameni de bun\u0103-credin\u021b\u0103.<\/p>\n<p>Pe locul trei apare Funda\u021bia Ion Gavril\u0103 Ogoranu, care, dac\u0103 am scoate partidele din ecua\u021bie, ar fi pe primul loc \u00een r\u00e2ndul asocia\u021biilor civice nonprofit. Acest lucru este o realizare \u00een sine \u0219i merit\u0103 felicit\u0103rile noastre. Fi\u021bi mai \u00eeng\u0103duitori cu cei de la funda\u021bie; indiferent de pozi\u021biile politice exprimate, ace\u0219tia continu\u0103 s\u0103 fie lua\u021bi \u00een vizorul celor care ne ur\u0103sc \u021bara \u0219i neamul.<\/p>\n<p>Pe locul patru apare una dintre cele mai vechi asocia\u021bii na\u021bionaliste rom\u00e2ne\u0219ti, care \u00eenc\u0103 bag\u0103 spaima \u00een alogeni \u0219i \u00een antirom\u00e2ni: legendara Noua Dreapt\u0103 love\u0219te din nou \u0219i ia acas\u0103 \u0219apte men\u021biuni! Noua Dreapt\u0103 a fost singura asocia\u021bie care a protestat \u00eempotriva integr\u0103rii Rom\u00e2niei \u00een Uniunea European\u0103 cu mul\u021bi ani \u00een urm\u0103, iar mul\u021bi tineri forma\u021bi \u00een Noua Dreapt\u0103 au ajuns ast\u0103zi s\u0103 ocupe locuri importante \u00een vehiculele politice suveraniste.<\/p>\n<p>La egalitate, pe locul 5, stau vechiul PRM \u0219i noul PPR, f\u0103c\u00e2ndu-i-se dreptate lui Mihai Lasca, omul politic care a muncit mult pentru a ajunge \u00een paginile acestui document. Cele trei men\u021biuni sunt cu greu c\u00e2\u0219tigate \u0219i merit\u0103 felicit\u0103rile \u0219i \u00eencuraj\u0103rile noastre!<\/p>\n<p>\u00a0<\/p>\n<h2><strong>TOPUL PERSONALIT\u0102\u021aILOR<\/strong><\/h2>\n<p>Competi\u021bia a fost acerb\u0103, iar dezam\u0103girile celor care nu au ajuns \u00een raport sunt mari. Totodat\u0103 \u00een 2026 avem o mare surpriz\u0103 \u00een ce prive\u0219te personalit\u0103\u021bile men\u021bionate<\/p>\n<p>\u00a0<\/p>\n<div>\n<table class=\"text-sm text-left text-gray-500 w-fit dark:text-gray-400\">\n<thead class=\"text-gray-700 uppercase border-none dark:text-gray-400\">\n<tr class=\"border-none bg-[#f7f7f7] dark:bg-[#F7F7F70F]\">\n<th class=\"px-3! py-1.5!\" scope=\"col\">\n<div class=\"gap-1.5 text-left\">\n<div class=\"break-normal shrink-0\">Loc<\/div>\n<\/div>\n<\/th>\n<th class=\"px-3! py-1.5!\" scope=\"col\">\n<div class=\"gap-1.5 text-left\">\n<div class=\"break-normal shrink-0\">Men\u021biuni<\/div>\n<\/div>\n<\/th>\n<th class=\"px-3! py-1.5!\" scope=\"col\">\n<div class=\"gap-1.5 text-left\">\n<div class=\"break-normal shrink-0\">Persoane<\/div>\n<\/div>\n<\/th>\n<\/tr>\n<\/thead>\n<tbody>\n<tr class=\"border-b-1 border-[#d1d5dc] dark:border-gray-850\">\n<td class=\"px-3! py-3! border-none text-gray-900 dark:text-white border border-[#EBEBEB] dark:border-[#FFFFFF0D] max-w-[500px] min-w-[180px]\"><strong>1<\/strong><\/td>\n<td class=\"px-3! py-3! border-none text-gray-900 dark:text-white border border-[#EBEBEB] dark:border-[#FFFFFF0D] max-w-[500px] min-w-[180px]\"><strong>19<\/strong><\/td>\n<td class=\"px-3! py-3! border-none text-gray-900 dark:text-white border border-[#EBEBEB] dark:border-[#FFFFFF0D] max-w-[500px] min-w-[180px]\">Diana \u0218o\u0219oac\u0103<\/td>\n<\/tr>\n<tr class=\"border-b-1 border-[#d1d5dc] dark:border-gray-850\">\n<td class=\"px-3! py-3! border-none text-gray-900 dark:text-white border border-[#EBEBEB] dark:border-[#FFFFFF0D] max-w-[500px] min-w-[180px]\"><strong>2<\/strong><\/td>\n<td class=\"px-3! py-3! border-none text-gray-900 dark:text-white border border-[#EBEBEB] dark:border-[#FFFFFF0D] max-w-[500px] min-w-[180px]\"><strong>12<\/strong><\/td>\n<td class=\"px-3! py-3! border-none text-gray-900 dark:text-white border border-[#EBEBEB] dark:border-[#FFFFFF0D] max-w-[500px] min-w-[180px]\">Miron Manega \/ Dumitru Manea, Dan Diaconescu<\/td>\n<\/tr>\n<tr class=\"border-b-1 border-[#d1d5dc] dark:border-gray-850\">\n<td class=\"px-3! py-3! border-none text-gray-900 dark:text-white border border-[#EBEBEB] dark:border-[#FFFFFF0D] max-w-[500px] min-w-[180px]\"><strong>3<\/strong><\/td>\n<td class=\"px-3! py-3! border-none text-gray-900 dark:text-white border border-[#EBEBEB] dark:border-[#FFFFFF0D] max-w-[500px] min-w-[180px]\"><strong>11<\/strong><\/td>\n<td class=\"px-3! py-3! border-none text-gray-900 dark:text-white border border-[#EBEBEB] dark:border-[#FFFFFF0D] max-w-[500px] min-w-[180px]\">Gic\u0103 Manole<\/td>\n<\/tr>\n<tr class=\"border-b-1 border-[#d1d5dc] dark:border-gray-850\">\n<td class=\"px-3! py-3! border-none text-gray-900 dark:text-white border border-[#EBEBEB] dark:border-[#FFFFFF0D] max-w-[500px] min-w-[180px]\"><strong>4<\/strong><\/td>\n<td class=\"px-3! py-3! border-none text-gray-900 dark:text-white border border-[#EBEBEB] dark:border-[#FFFFFF0D] max-w-[500px] min-w-[180px]\"><strong>8<\/strong><\/td>\n<td class=\"px-3! py-3! border-none text-gray-900 dark:text-white border border-[#EBEBEB] dark:border-[#FFFFFF0D] max-w-[500px] min-w-[180px]\">C\u0103lin Georgescu, Florin Dobrescu, Mihai Tociu<\/td>\n<\/tr>\n<tr class=\"border-b-1 border-[#d1d5dc] dark:border-gray-850\">\n<td class=\"px-3! py-3! border-none text-gray-900 dark:text-white border border-[#EBEBEB] dark:border-[#FFFFFF0D] max-w-[500px] min-w-[180px]\"><strong>5<\/strong><\/td>\n<td class=\"px-3! py-3! border-none text-gray-900 dark:text-white border border-[#EBEBEB] dark:border-[#FFFFFF0D] max-w-[500px] min-w-[180px]\"><strong>7<\/strong><\/td>\n<td class=\"px-3! py-3! border-none text-gray-900 dark:text-white border border-[#EBEBEB] dark:border-[#FFFFFF0D] max-w-[500px] min-w-[180px]\">Alexandru Amititeloaie, Mihai Rapcea, Corvin Lupu<\/td>\n<\/tr>\n<\/tbody>\n<\/table>\n<\/div>\n<p><strong>Pe primul loc \u00een num\u0103r de men\u021biuni, cel mai incomod om politic din Rom\u00e2nia, este Diana Iovanovici-\u0218o\u0219oac\u0103.<\/strong> Aceasta a ob\u021binut trofeul din acest an datorit\u0103 curajului nebunesc, muncii neobosite \u0219i retoricii radicale pro-rom\u00e2ne\u0219ti pe care o exprim\u0103 constant.<\/p>\n<p><a href=\"https:\/\/www.incorectpolitic.com\/campionii-romanismului-si-decernarea-premiilor-inshr-ew-2025-2026-diana-sosoaca-si-miron-manega-castiga-trofeul\/elie-wiesel-diana-sosoaca-2\/\" rel=\"attachment wp-att-82123\"><img loading=\"lazy\" decoding=\"async\" class=\"wp-image-82123 aligncenter lazyload\" src=\"https:\/\/www.incorectpolitic.com\/wp-content\/uploads\/2026\/07\/Elie-Wiesel-diana-sosoaca-1.png\" alt width=\"702\" height=\"562\"><\/a><\/p>\n<p><img loading=\"lazy\" decoding=\"async\" class=\"wp-image-82123 aligncenter\" src=\"https:\/\/www.incorectpolitic.com\/wp-content\/uploads\/2026\/07\/Elie-Wiesel-diana-sosoaca-1.png\" alt width=\"702\" height=\"562\" data-eio=\"l\"><\/p>\n<p>Simt nevoia s\u0103 clarific un aspect pe care unii dintre voi mi l-a\u021bi semnalat. Pute\u021bi s\u0103 o ur\u00e2\u021bi pe \u0218o\u0219oac\u0103 \u0219i s\u0103 nu simpatiza\u021bi cu S.O.S. Rom\u00e2nia, dar trebuie s\u0103 recunoa\u0219tem c\u0103 at\u00e2t \u0218o\u0219oac\u0103, c\u00e2t \u0219i S.O.S. au ob\u021binut primele locuri la rubrica Personalit\u0103\u021bi \u0219i la rubrica Organiza\u021bii. Ceea ce \u00eenseamn\u0103 c\u0103 fac ceva foarte bine \u0219i c\u0103 deranjeaz\u0103 exact pe cine trebuie. Este, pentru mine, o dovad\u0103 de autenticitate \u0219i curaj \u00een contextul \u00een care cei mai mul\u021bi politicieni se feresc s\u0103 abordeze spinoasa chestiune iudaic\u0103.<\/p>\n<p><strong>Pe locul doi, la egalitate \u00een premier\u0103 senza\u021bional\u0103, se afl\u0103 Miron Manega \u0219i Dan Diaconescu.<\/strong> Pe Miron Manega \u00eel \u0219tim din rapoartele anilor trecu\u021bi, unde a fost campion la num\u0103rul de men\u021biuni, av\u00e2nd \u0219i anul acesta un loc de cinste \u00een top. Dan Diaconescu a lipsit din rapoartele anilor trecu\u021bi \u0219i iat\u0103-l \u00een acest an pe locul 2, dovedind importan\u021ba \u0219i pericolul pentru sistem pe care \u00eel repreziunt\u0103 o televiziune liber\u0103.<\/p>\n<p><a href=\"https:\/\/www.incorectpolitic.com\/campionii-romanismului-si-decernarea-premiilor-inshr-ew-2025-2026-diana-sosoaca-si-miron-manega-castiga-trofeul\/florian-frustrat\/\" rel=\"attachment wp-att-82125\"><img loading=\"lazy\" decoding=\"async\" class=\"wp-image-82125 aligncenter lazyloaded tie-appear\" src=\"https:\/\/www.incorectpolitic.com\/wp-content\/uploads\/2026\/07\/florian-frustrat.png\" alt width=\"702\" height=\"562\"><\/a><\/p>\n<p>Pe locul 3 se afl\u0103 Gic\u0103 Manole.<\/p>\n<p>Pe locul 4, la egalitate cu 8 men\u021biuni, se afl\u0103 C\u0103lin Georgescu, Florin Dobrescu \u0219i Mihai Tociu.<\/p>\n<p>Pe locul 5, la egalitate cu 7 men\u021biuni, se afl\u0103 prof. Alexandru Amititeloaie, avocatul Mihai Rapcea \u0219i profesorul Corvin Lupu.<\/p>\n<p>*<\/p>\n<p>Fiindc\u0103 raportul are peste 200 de pagini \u0219i timpul nu prea mai are r\u0103bdare cu oamenii, o analiz\u0103 ampl\u0103 \u00eentr-un articol gigantic nu va fi posibil\u0103 \u00een acest an. Vom oferi pastile mai scurte pe m\u0103sur\u0103 ce mai recolt\u0103m con\u021binut din paginile documentului.<\/p>\n<p>Raportul complet poate fi desc\u0103rcat <a href=\"https:\/\/t.me\/politicincorect\/5810\">AICI<\/a>.<\/p>\n<p>Felicit\u0103ri tuturor celor men\u021biona\u021bi! Spor la lucru celor care caut\u0103 un loc al\u0103turi de cinste \u00een raportul de anul viitor!<\/p>\n<p><a href=\"https:\/\/www.incorectpolitic.com\/decernarea-premiilor-inshrew-pentru-antisemitism\/oscar-ip\/\" rel=\"attachment wp-att-38139\"><img loading=\"lazy\" decoding=\"async\" class=\"size-full wp-image-38139 aligncenter lazyload\" alt width=\"400\" height=\"300\" src=\"https:\/\/www.incorectpolitic.com\/wp-content\/uploads\/2020\/06\/oscar-ip.jpg\"><\/a><\/p>\n<p><img loading=\"lazy\" decoding=\"async\" class=\"size-full wp-image-38139 aligncenter\" src=\"https:\/\/www.incorectpolitic.com\/wp-content\/uploads\/2020\/06\/oscar-ip.jpg\" alt width=\"400\" height=\"300\" data-eio=\"l\"><\/div>\n<article class=\"post-81436 post type-post status-publish entry includes-feat-image\">\n<div class=\"featured-image alignleft\"><a class=\"featured_post_link\" href=\"https:\/\/www.incorectpolitic.com\/curaj-adevar-si-libertate-senatorul-miron-manega-s-o-s-a-propus-abrogarea-legilor-delictului-de-opinie\/\" title=\"CURAJ, ADEV\u0102R \u0218I LIBERTATE! Senatorul Miron Manega (S.O.S.) a propus abrogarea legilor delictului de opinie!\"><img loading=\"lazy\" decoding=\"async\" width=\"150\" height=\"150\" src=\"https:\/\/www.incorectpolitic.com\/wp-content\/uploads\/2019\/04\/manega-150x150.png\" class=\"attachment-thumbnail size-thumbnail wp-post-image lazyload\" alt><img loading=\"lazy\" decoding=\"async\" width=\"150\" height=\"150\" src=\"https:\/\/www.incorectpolitic.com\/wp-content\/uploads\/2019\/04\/manega-150x150.png\" class=\"attachment-thumbnail size-thumbnail wp-post-image\" alt data-eio=\"l\"><\/a><\/div>\n<div class=\"entry-title\"><a class=\"featured_post_link\" href=\"https:\/\/www.incorectpolitic.com\/curaj-adevar-si-libertate-senatorul-miron-manega-s-o-s-a-propus-abrogarea-legilor-delictului-de-opinie\/\" title=\"CURAJ, ADEV\u0102R \u0218I LIBERTATE! Senatorul Miron Manega (S.O.S.) a propus abrogarea legilor delictului de opinie!\">CURAJ, ADEV\u0102R \u0218I LIBERTATE! Senatorul Miron Manega (S.O.S.) a propus abrogarea legilor delictului de opinie!<\/a><\/div>\n<\/article>\n<article class=\"post-80361 post type-post status-publish entry includes-feat-image\">\n<div class=\"featured-image alignleft\"><a class=\"featured_post_link\" href=\"https:\/\/www.incorectpolitic.com\/ultimul-fiu-al-daciei\/\" title=\"Ultimul Fiu al Daciei\"><img loading=\"lazy\" decoding=\"async\" width=\"100\" height=\"150\" src=\"https:\/\/www.incorectpolitic.com\/wp-content\/uploads\/2025\/10\/dac.jpeg\" class=\"attachment-thumbnail size-thumbnail wp-post-image lazyload\" alt><img loading=\"lazy\" decoding=\"async\" width=\"100\" height=\"150\" src=\"https:\/\/www.incorectpolitic.com\/wp-content\/uploads\/2025\/10\/dac.jpeg\" class=\"attachment-thumbnail size-thumbnail wp-post-image\" alt data-eio=\"l\"><\/a><\/div>\n<div class=\"entry-title\"><a class=\"featured_post_link\" href=\"https:\/\/www.incorectpolitic.com\/ultimul-fiu-al-daciei\/\" title=\"Ultimul Fiu al Daciei\">Ultimul Fiu al Daciei<\/a><\/div>\n<\/article>\n<article class=\"post-73927 post type-post status-publish entry includes-feat-image\">\n<div class=\"featured-image alignleft\"><a class=\"featured_post_link\" href=\"https:\/\/www.incorectpolitic.com\/cauzele-si-dinamica-antisemitismului\/\" title=\"Cauzele \u0219i Dinamica Antisemitismului\"><img loading=\"lazy\" decoding=\"async\" width=\"150\" height=\"150\" src=\"https:\/\/www.incorectpolitic.com\/wp-content\/uploads\/2018\/09\/bolshevik-jews-150x150.jpg\" class=\"attachment-thumbnail size-thumbnail wp-post-image lazyload\" alt><img loading=\"lazy\" decoding=\"async\" width=\"150\" height=\"150\" src=\"https:\/\/www.incorectpolitic.com\/wp-content\/uploads\/2018\/09\/bolshevik-jews-150x150.jpg\" class=\"attachment-thumbnail size-thumbnail wp-post-image\" alt data-eio=\"l\"><\/a><\/div>\n<div class=\"entry-title\"><a class=\"featured_post_link\" href=\"https:\/\/www.incorectpolitic.com\/cauzele-si-dinamica-antisemitismului\/\" title=\"Cauzele \u0219i Dinamica Antisemitismului\">Cauzele \u0219i Dinamica Antisemitismului<\/a><\/div>\n<\/article>\n<article class=\"post-72974 post type-post status-publish entry includes-feat-image\">\n<div class=\"featured-image alignleft\"><a class=\"featured_post_link\" href=\"https:\/\/www.incorectpolitic.com\/navalirea-jidanilor-de-vasile-alecsandri-piesa-interzisa\/\" title=\"N\u0103v\u0103lirea Jidanilor \u2013 de Vasile Alecsandri (Pies\u0103 interzis\u0103)\"><img loading=\"lazy\" decoding=\"async\" width=\"150\" height=\"150\" src=\"https:\/\/www.incorectpolitic.com\/wp-content\/uploads\/2024\/02\/jidani-navalire-2.png\" class=\"attachment-thumbnail size-thumbnail wp-post-image lazyload\" alt><img loading=\"lazy\" decoding=\"async\" width=\"150\" height=\"150\" src=\"https:\/\/www.incorectpolitic.com\/wp-content\/uploads\/2024\/02\/jidani-navalire-2.png\" class=\"attachment-thumbnail size-thumbnail wp-post-image\" alt data-eio=\"l\"><\/a><\/div>\n<div class=\"entry-title\"><a class=\"featured_post_link\" href=\"https:\/\/www.incorectpolitic.com\/navalirea-jidanilor-de-vasile-alecsandri-piesa-interzisa\/\" title=\"N\u0103v\u0103lirea Jidanilor \u2013 de Vasile Alecsandri (Pies\u0103 interzis\u0103)\">N\u0103v\u0103lirea Jidanilor \u2013 de Vasile Alecsandri (Pies\u0103 interzis\u0103)<\/a><\/div>\n<\/article>\n<article class=\"post-71879 post type-post status-publish entry includes-feat-image\">\n<div class=\"featured-image alignleft\"><a class=\"featured_post_link\" href=\"https:\/\/www.incorectpolitic.com\/europa-si-romania-in-anul-2050\/\" title=\"Europa \u0219i Rom\u00e2nia \u00een anul 2050\"><img loading=\"lazy\" decoding=\"async\" width=\"147\" height=\"150\" src=\"https:\/\/www.incorectpolitic.com\/wp-content\/uploads\/2024\/01\/Romania-2050-2.png\" class=\"attachment-thumbnail size-thumbnail wp-post-image lazyload\" alt><img loading=\"lazy\" decoding=\"async\" width=\"147\" height=\"150\" src=\"https:\/\/www.incorectpolitic.com\/wp-content\/uploads\/2024\/01\/Romania-2050-2.png\" class=\"attachment-thumbnail size-thumbnail wp-post-image\" alt data-eio=\"l\"><\/a><\/div>\n<div class=\"entry-title\"><a class=\"featured_post_link\" href=\"https:\/\/www.incorectpolitic.com\/europa-si-romania-in-anul-2050\/\" title=\"Europa \u0219i Rom\u00e2nia \u00een anul 2050\">Europa \u0219i Rom\u00e2nia \u00een anul 2050<\/a><\/div>\n<\/article>\n<article class=\"post-23854 post type-post status-publish entry includes-feat-image\">\n<div class=\"featured-image alignleft\"><a class=\"featured_post_link\" href=\"https:\/\/www.incorectpolitic.com\/vizita-papei-autonomie-alternativa\/\" title=\"Vizita Papei \u2013 Autonomie Alternativ\u0103\"><img loading=\"lazy\" decoding=\"async\" width=\"150\" height=\"150\" class=\"attachment-thumbnail size-thumbnail wp-post-image lazyload\" alt src=\"https:\/\/www.incorectpolitic.com\/wp-content\/uploads\/2019\/06\/uI2HFtR-150x150.jpg\"><img loading=\"lazy\" decoding=\"async\" width=\"150\" height=\"150\" src=\"https:\/\/www.incorectpolitic.com\/wp-content\/uploads\/2019\/06\/uI2HFtR-150x150.jpg\" class=\"attachment-thumbnail size-thumbnail wp-post-image\" alt data-eio=\"l\"><\/a><\/div>\n<div class=\"entry-title\"><a class=\"featured_post_link\" href=\"https:\/\/www.incorectpolitic.com\/vizita-papei-autonomie-alternativa\/\" title=\"Vizita Papei \u2013 Autonomie Alternativ\u0103\">Vizita Papei \u2013 Autonomie Alternativ\u0103<\/a><\/div>\n<\/article>\n<article class=\"post-72111 post type-post status-publish entry includes-feat-image\">\n<div class=\"featured-image alignleft\"><a class=\"featured_post_link\" href=\"https:\/\/www.incorectpolitic.com\/revelion-2023-2024-vine-anul-biruintei\/\" title=\"Revelion 2023 \u2013 2024 vine ANUL BIRUIN\u021aEI\"><img loading=\"lazy\" decoding=\"async\" width=\"150\" height=\"150\" src=\"https:\/\/www.incorectpolitic.com\/wp-content\/uploads\/2023\/12\/anul-biruintei.png\" class=\"attachment-thumbnail size-thumbnail wp-post-image lazyload\" alt><img loading=\"lazy\" decoding=\"async\" width=\"150\" height=\"150\" src=\"https:\/\/www.incorectpolitic.com\/wp-content\/uploads\/2023\/12\/anul-biruintei.png\" class=\"attachment-thumbnail size-thumbnail wp-post-image\" alt data-eio=\"l\"><\/a><\/div>\n<div class=\"entry-title\"><a class=\"featured_post_link\" href=\"https:\/\/www.incorectpolitic.com\/revelion-2023-2024-vine-anul-biruintei\/\" title=\"Revelion 2023 \u2013 2024 vine ANUL BIRUIN\u021aEI\">Revelion 2023 \u2013 2024 vine ANUL BIRUIN\u021aEI<\/a><\/div>\n<\/article>\n<article class=\"post-50139 post type-post status-publish entry includes-feat-image\">\n<div class=\"featured-image alignleft\"><a class=\"featured_post_link\" href=\"https:\/\/www.incorectpolitic.com\/analiza-strategiei-adoptata-de-guvern-pentru-combaterea-antisemitismului-xenofobiei-si-discursului-instigator-la-ura-2021-2023\/\" title=\"Analiza Strategiei Adoptat\u0103 de Guvern Pentru Combaterea \u201cantisemitismului, xenofobiei \u0219i discursului instigator la ur\u0103 2021-2023\u201d\"><img loading=\"lazy\" decoding=\"async\" width=\"150\" height=\"150\" src=\"https:\/\/www.incorectpolitic.com\/wp-content\/uploads\/2019\/08\/Jewish-censorship-e1421273251759-2-150x150.jpg\" class=\"attachment-thumbnail size-thumbnail wp-post-image lazyload\" alt><img loading=\"lazy\" decoding=\"async\" width=\"150\" height=\"150\" src=\"https:\/\/www.incorectpolitic.com\/wp-content\/uploads\/2019\/08\/Jewish-censorship-e1421273251759-2-150x150.jpg\" class=\"attachment-thumbnail size-thumbnail wp-post-image\" alt data-eio=\"l\"><\/a><\/div>\n<div class=\"entry-title\"><a class=\"featured_post_link\" href=\"https:\/\/www.incorectpolitic.com\/analiza-strategiei-adoptata-de-guvern-pentru-combaterea-antisemitismului-xenofobiei-si-discursului-instigator-la-ura-2021-2023\/\" title=\"Analiza Strategiei Adoptat\u0103 de Guvern Pentru Combaterea \u201cantisemitismului, xenofobiei \u0219i discursului instigator la ur\u0103 2021-2023\u201d\">Analiza Strategiei Adoptat\u0103 de Guvern Pentru Combaterea \u201cantisemitismului, xenofobiei \u0219i discursului instigator la ur\u0103 2021-2023\u201d<\/a><\/div>\n<\/article>\n<article class=\"post-70829 post type-post status-publish entry includes-feat-image\">\n<div class=\"featured-image alignleft\"><a class=\"featured_post_link\" href=\"https:\/\/www.incorectpolitic.com\/pozitia-unilaterala-a-pseudo-politicienilor-din-romania-si-a-bor-in-sustinerea-israelului-singurul-stat-terorist-din-lume-arata-ca-acestia-nu-au-o-fibra-cu-adevarat-nationala\/\" title=\"Pozi\u021bia unilateral\u0103 a pseudo politicienilor din Rom\u00e2nia \u0219i a BOR \u00een sus\u021binerea Israelului, singurul stat terorist din lume, arat\u0103 c\u0103 ace\u0219tia nu au o fibr\u0103 cu adev\u0103rat na\u021bional\u0103\"><img loading=\"lazy\" decoding=\"async\" width=\"150\" height=\"89\" src=\"https:\/\/www.incorectpolitic.com\/wp-content\/uploads\/2023\/08\/circumcision.png\" class=\"attachment-thumbnail size-thumbnail wp-post-image lazyload\" alt><img loading=\"lazy\" decoding=\"async\" width=\"150\" height=\"89\" src=\"https:\/\/www.incorectpolitic.com\/wp-content\/uploads\/2023\/08\/circumcision.png\" class=\"attachment-thumbnail size-thumbnail wp-post-image\" alt data-eio=\"l\"><\/a><\/div>\n<div class=\"entry-title\"><a class=\"featured_post_link\" href=\"https:\/\/www.incorectpolitic.com\/pozitia-unilaterala-a-pseudo-politicienilor-din-romania-si-a-bor-in-sustinerea-israelului-singurul-stat-terorist-din-lume-arata-ca-acestia-nu-au-o-fibra-cu-adevarat-nationala\/\" title=\"Pozi\u021bia unilateral\u0103 a pseudo politicienilor din Rom\u00e2nia \u0219i a BOR \u00een sus\u021binerea Israelului, singurul stat terorist din lume, arat\u0103 c\u0103 ace\u0219tia nu au o fibr\u0103 cu adev\u0103rat na\u021bional\u0103\">Pozi\u021bia unilateral\u0103 a pseudo politicienilor din Rom\u00e2nia \u0219i a BOR \u00een sus\u021binerea Israelului, singurul stat terorist din lume, arat\u0103 c\u0103 ace\u0219tia nu au o fibr\u0103 cu adev\u0103rat na\u021bional\u0103<\/a><\/div>\n<\/article>\n<article class=\"post-66937 post type-post status-publish entry includes-feat-image\">\n<div class=\"featured-image alignleft\"><a class=\"featured_post_link\" href=\"https:\/\/www.incorectpolitic.com\/agresiunea-impotriva-revizionistilor-istorici-si-efectele-linsajului-judiciar-de-la-nuremberg\/\" title=\"Agresiunea \u00eempotriva Revizioni\u0219tilor Istorici \u0219i efectele lin\u0219ajului judiciar de la Nurnberg\"><img loading=\"lazy\" decoding=\"async\" width=\"150\" height=\"100\" src=\"https:\/\/www.incorectpolitic.com\/wp-content\/uploads\/2023\/04\/image_2023-04-30_134634134.png\" class=\"attachment-thumbnail size-thumbnail wp-post-image lazyload\" alt><img loading=\"lazy\" decoding=\"async\" width=\"150\" height=\"100\" src=\"https:\/\/www.incorectpolitic.com\/wp-content\/uploads\/2023\/04\/image_2023-04-30_134634134.png\" class=\"attachment-thumbnail size-thumbnail wp-post-image\" alt data-eio=\"l\"><\/a><\/div>\n<div class=\"entry-title\"><a class=\"featured_post_link\" href=\"https:\/\/www.incorectpolitic.com\/agresiunea-impotriva-revizionistilor-istorici-si-efectele-linsajului-judiciar-de-la-nuremberg\/\" title=\"Agresiunea \u00eempotriva Revizioni\u0219tilor Istorici \u0219i efectele lin\u0219ajului judiciar de la Nurnberg\">Agresiunea \u00eempotriva Revizioni\u0219tilor Istorici \u0219i efectele lin\u0219ajului judiciar de la Nurnberg<\/a><\/div>\n<\/article>\n<article class=\"post-19111 post type-post status-publish entry includes-feat-image\">\n<div class=\"featured-image alignleft\"><a class=\"featured_post_link\" href=\"https:\/\/www.incorectpolitic.com\/despre-adevar\/\" title=\"Despre Adev\u0103r\"><img loading=\"lazy\" decoding=\"async\" width=\"150\" height=\"150\" src=\"https:\/\/www.incorectpolitic.com\/wp-content\/uploads\/2019\/02\/freedomfromchain-150x150.jpg\" class=\"attachment-thumbnail size-thumbnail wp-post-image lazyload\" alt><img loading=\"lazy\" decoding=\"async\" width=\"150\" height=\"150\" src=\"https:\/\/www.incorectpolitic.com\/wp-content\/uploads\/2019\/02\/freedomfromchain-150x150.jpg\" class=\"attachment-thumbnail size-thumbnail wp-post-image\" alt data-eio=\"l\"><\/a><\/div>\n<div class=\"entry-title\"><a class=\"featured_post_link\" href=\"https:\/\/www.incorectpolitic.com\/despre-adevar\/\" title=\"Despre Adev\u0103r\">Despre Adev\u0103r<\/a><\/div>\n<\/article>\n<article class=\"post-53767 post type-post status-publish entry includes-feat-image\">\n<div class=\"featured-image alignleft\"><a class=\"featured_post_link\" href=\"https:\/\/www.incorectpolitic.com\/dictionarul-coincidentelor-cine-sunt-iudeii-care-ne-au-influentat-tara-in-istoria-recenta\/\" title=\"DIC\u021aIONARUL COINCIDEN\u021aELOR  \u2013 Cine sunt iudeii care ne-au influen\u021bat \u021bara \u00een istoria recent\u0103\"><img loading=\"lazy\" decoding=\"async\" width=\"150\" height=\"150\" src=\"https:\/\/www.incorectpolitic.com\/wp-content\/uploads\/2021\/09\/coinc-150x150.png\" class=\"attachment-thumbnail size-thumbnail wp-post-image lazyload\" alt><img loading=\"lazy\" decoding=\"async\" width=\"150\" height=\"150\" src=\"https:\/\/www.incorectpolitic.com\/wp-content\/uploads\/2021\/09\/coinc-150x150.png\" class=\"attachment-thumbnail size-thumbnail wp-post-image\" alt data-eio=\"l\"><\/a><\/div>\n<div class=\"entry-title\"><a class=\"featured_post_link\" href=\"https:\/\/www.incorectpolitic.com\/dictionarul-coincidentelor-cine-sunt-iudeii-care-ne-au-influentat-tara-in-istoria-recenta\/\" title=\"DIC\u021aIONARUL COINCIDEN\u021aELOR  \u2013 Cine sunt iudeii care ne-au influen\u021bat \u021bara \u00een istoria recent\u0103\">DIC\u021aIONARUL COINCIDEN\u021aELOR  \u2013 Cine sunt iudeii care ne-au influen\u021bat \u021bara \u00een istoria recent\u0103<\/a><\/div>\n<\/article>\n<article class=\"post-51156 post type-post status-publish entry includes-feat-image\">\n<div class=\"featured-image alignleft\"><a class=\"featured_post_link\" href=\"https:\/\/www.incorectpolitic.com\/desertaciune-nu-aparare\/\" title=\"DE\u0218ERT\u0102CIUNE?! Nu, AP\u0102RARE!\"><img loading=\"lazy\" decoding=\"async\" width=\"150\" height=\"150\" class=\"attachment-thumbnail size-thumbnail wp-post-image lazyload\" alt src=\"https:\/\/www.incorectpolitic.com\/wp-content\/uploads\/2021\/06\/desertaciune-nu-aparare-150x150.jpg\"><img loading=\"lazy\" decoding=\"async\" width=\"150\" height=\"150\" src=\"https:\/\/www.incorectpolitic.com\/wp-content\/uploads\/2021\/06\/desertaciune-nu-aparare-150x150.jpg\" class=\"attachment-thumbnail size-thumbnail wp-post-image\" alt data-eio=\"l\"><\/a><\/div>\n<div class=\"entry-title\"><a class=\"featured_post_link\" href=\"https:\/\/www.incorectpolitic.com\/desertaciune-nu-aparare\/\" title=\"DE\u0218ERT\u0102CIUNE?! Nu, AP\u0102RARE!\">DE\u0218ERT\u0102CIUNE?! Nu, AP\u0102RARE!<\/a><\/div>\n<\/article>\n<article class=\"post-44728 post type-post status-publish entry includes-feat-image\">\n<div class=\"featured-image alignleft\"><a class=\"featured_post_link\" href=\"https:\/\/www.incorectpolitic.com\/resetarea-medicinei-sau-resetarea-omenirii-prin-nanotehnologie\/\" title=\"Resetarea Medicinei sau Resetarea Omenirii prin Nanotehnologie\"><img loading=\"lazy\" decoding=\"async\" width=\"150\" height=\"150\" src=\"https:\/\/www.incorectpolitic.com\/wp-content\/uploads\/2020\/12\/ed8a914d6d236c9d231903a8b2e79f63-150x150.gif\" class=\"attachment-thumbnail size-thumbnail wp-post-image lazyload\" alt><img loading=\"lazy\" decoding=\"async\" width=\"150\" height=\"150\" src=\"https:\/\/www.incorectpolitic.com\/wp-content\/uploads\/2020\/12\/ed8a914d6d236c9d231903a8b2e79f63-150x150.gif\" class=\"attachment-thumbnail size-thumbnail wp-post-image\" alt data-eio=\"l\"><\/a><\/div>\n<div class=\"entry-title\"><a class=\"featured_post_link\" href=\"https:\/\/www.incorectpolitic.com\/resetarea-medicinei-sau-resetarea-omenirii-prin-nanotehnologie\/\" title=\"Resetarea Medicinei sau Resetarea Omenirii prin Nanotehnologie\">Resetarea Medicinei sau Resetarea Omenirii prin Nanotehnologie<\/a><\/div>\n<\/article>\n<article class=\"post-43837 post type-post status-publish entry includes-feat-image\">\n<div class=\"featured-image alignleft\"><a class=\"featured_post_link\" href=\"https:\/\/www.incorectpolitic.com\/noul-legamant\/\" title=\"Noul Leg\u0103m\u00e2nt\"><img loading=\"lazy\" decoding=\"async\" width=\"150\" height=\"150\" src=\"https:\/\/www.incorectpolitic.com\/wp-content\/uploads\/2020\/12\/NL-150x150.jpg\" class=\"attachment-thumbnail size-thumbnail wp-post-image lazyload\" alt><img loading=\"lazy\" decoding=\"async\" width=\"150\" height=\"150\" src=\"https:\/\/www.incorectpolitic.com\/wp-content\/uploads\/2020\/12\/NL-150x150.jpg\" class=\"attachment-thumbnail size-thumbnail wp-post-image\" alt data-eio=\"l\"><\/a><\/div>\n<div class=\"entry-title\"><a class=\"featured_post_link\" href=\"https:\/\/www.incorectpolitic.com\/noul-legamant\/\" title=\"Noul Leg\u0103m\u00e2nt\">Noul Leg\u0103m\u00e2nt<\/a><\/div>\n<\/article>\n<article class=\"post-42525 post type-post status-publish entry includes-feat-image\">\n<div class=\"featured-image alignleft\"><a class=\"featured_post_link\" href=\"https:\/\/www.incorectpolitic.com\/vaccinarea-inseamna-crima-un-atentat-la-sanatatea-personala-la-integritatea-corporala-si-intimitatea-oricarui-om-liber-medicul-ce-vaccineaza-cu-forta-un-om-liber-merita-sa-fie-pedepsit-de-acesta\/\" title=\"Vaccinarea \u00eenseamn\u0103 crim\u0103, un atentat la s\u0103n\u0103tatea personal\u0103, la integritatea corporal\u0103 \u0219i intimitatea oric\u0103rui om liber. Medicul ce vaccineaz\u0103 cu for\u021ba un om liber merit\u0103 s\u0103 fie pedepsit de acesta\"><img loading=\"lazy\" decoding=\"async\" width=\"150\" height=\"150\" src=\"https:\/\/www.incorectpolitic.com\/wp-content\/uploads\/2020\/11\/syringe_0-150x150.jpg\" class=\"attachment-thumbnail size-thumbnail wp-post-image lazyload\" alt><img loading=\"lazy\" decoding=\"async\" width=\"150\" height=\"150\" src=\"https:\/\/www.incorectpolitic.com\/wp-content\/uploads\/2020\/11\/syringe_0-150x150.jpg\" class=\"attachment-thumbnail size-thumbnail wp-post-image\" alt data-eio=\"l\"><\/a><\/div>\n<div class=\"entry-title\"><a class=\"featured_post_link\" href=\"https:\/\/www.incorectpolitic.com\/vaccinarea-inseamna-crima-un-atentat-la-sanatatea-personala-la-integritatea-corporala-si-intimitatea-oricarui-om-liber-medicul-ce-vaccineaza-cu-forta-un-om-liber-merita-sa-fie-pedepsit-de-acesta\/\" title=\"Vaccinarea \u00eenseamn\u0103 crim\u0103, un atentat la s\u0103n\u0103tatea personal\u0103, la integritatea corporal\u0103 \u0219i intimitatea oric\u0103rui om liber. Medicul ce vaccineaz\u0103 cu for\u021ba un om liber merit\u0103 s\u0103 fie pedepsit de acesta\">Vaccinarea \u00eenseamn\u0103 crim\u0103, un atentat la s\u0103n\u0103tatea personal\u0103, la integritatea corporal\u0103 \u0219i intimitatea oric\u0103rui om liber. Medicul ce vaccineaz\u0103 cu for\u021ba un om liber merit\u0103 s\u0103 fie pedepsit de acesta<\/a><\/div>\n<\/article>\n<article class=\"post-38338 post type-post status-publish entry includes-feat-image\">\n<div class=\"featured-image alignleft\"><a class=\"featured_post_link\" href=\"https:\/\/www.incorectpolitic.com\/trebuie-sa-distrugem-suprematia-jidoveasca\/\" title=\"Trebuie s\u0103 distrugem superma\u021bia jidoveasc\u0103!\"><img loading=\"lazy\" decoding=\"async\" width=\"150\" height=\"150\" src=\"https:\/\/www.incorectpolitic.com\/wp-content\/uploads\/2018\/11\/GunoiOPS-150x150.png\" class=\"attachment-thumbnail size-thumbnail wp-post-image lazyload\" alt><img loading=\"lazy\" decoding=\"async\" width=\"150\" height=\"150\" src=\"https:\/\/www.incorectpolitic.com\/wp-content\/uploads\/2018\/11\/GunoiOPS-150x150.png\" class=\"attachment-thumbnail size-thumbnail wp-post-image\" alt data-eio=\"l\"><\/a><\/div>\n<div class=\"entry-title\"><a class=\"featured_post_link\" href=\"https:\/\/www.incorectpolitic.com\/trebuie-sa-distrugem-suprematia-jidoveasca\/\" title=\"Trebuie s\u0103 distrugem superma\u021bia jidoveasc\u0103!\">Trebuie s\u0103 distrugem superma\u021bia jidoveasc\u0103!<\/a><\/div>\n<\/article>\n<article class=\"post-30776 post type-post status-publish entry includes-feat-image\">\n<div class=\"featured-image alignleft\"><a class=\"featured_post_link\" href=\"https:\/\/www.incorectpolitic.com\/da-ti-doua-palme-si-ridica-te\/\" title=\"D\u0103-\u021bi Dou\u0103 Palme \u0219i Ridic\u0103-te\"><img loading=\"lazy\" decoding=\"async\" width=\"150\" height=\"150\" src=\"https:\/\/www.incorectpolitic.com\/wp-content\/uploads\/2019\/11\/1-mai-620x350-150x150.jpg\" class=\"attachment-thumbnail size-thumbnail wp-post-image lazyload\" alt><img loading=\"lazy\" decoding=\"async\" width=\"150\" height=\"150\" src=\"https:\/\/www.incorectpolitic.com\/wp-content\/uploads\/2019\/11\/1-mai-620x350-150x150.jpg\" class=\"attachment-thumbnail size-thumbnail wp-post-image\" alt data-eio=\"l\"><\/a><\/div>\n<div class=\"entry-title\"><a class=\"featured_post_link\" href=\"https:\/\/www.incorectpolitic.com\/da-ti-doua-palme-si-ridica-te\/\" title=\"D\u0103-\u021bi Dou\u0103 Palme \u0219i Ridic\u0103-te\">D\u0103-\u021bi Dou\u0103 Palme \u0219i Ridic\u0103-te<\/a><\/div>\n<\/article>\n<article class=\"post-27862 post type-post status-publish entry includes-feat-image\">\n<div class=\"featured-image alignleft\"><a class=\"featured_post_link\" href=\"https:\/\/www.incorectpolitic.com\/scrisoare-deschisa-catre-neamul-romanesc\/\" title=\"Scrisoare Deschis\u0103 C\u0103tre Neamul Rom\u00e2nesc\"><img loading=\"lazy\" decoding=\"async\" width=\"150\" height=\"150\" src=\"https:\/\/www.incorectpolitic.com\/wp-content\/uploads\/2019\/09\/videoblocks-male-hand-reload-a-revolver-magnum-gun-without-bullets-magnum-revolver-and-empty-bullet-magnum-lead-round-nose-45-auto-rim-revolver-rounds_ha1focujz_thumbnail-full01-150x150.jpg\" class=\"attachment-thumbnail size-thumbnail wp-post-image lazyload\" alt><img loading=\"lazy\" decoding=\"async\" width=\"150\" height=\"150\" src=\"https:\/\/www.incorectpolitic.com\/wp-content\/uploads\/2019\/09\/videoblocks-male-hand-reload-a-revolver-magnum-gun-without-bullets-magnum-revolver-and-empty-bullet-magnum-lead-round-nose-45-auto-rim-revolver-rounds_ha1focujz_thumbnail-full01-150x150.jpg\" class=\"attachment-thumbnail size-thumbnail wp-post-image\" alt data-eio=\"l\"><\/a><\/div>\n<div class=\"entry-title\"><a class=\"featured_post_link\" href=\"https:\/\/www.incorectpolitic.com\/scrisoare-deschisa-catre-neamul-romanesc\/\" title=\"Scrisoare Deschis\u0103 C\u0103tre Neamul Rom\u00e2nesc\">Scrisoare Deschis\u0103 C\u0103tre Neamul Rom\u00e2nesc<\/a><\/div>\n<\/article>\n<article class=\"post-26255 post type-post status-publish entry includes-feat-image\">\n<div class=\"featured-image alignleft\"><a class=\"featured_post_link\" href=\"https:\/\/www.incorectpolitic.com\/sociologia-eliberarii-si-curentele-laterale-de-sedimentare-revolutionara\/\" title=\"Sociologia Eliber\u0103rii \u0219i Curentele Laterale de Sedimentare Revolu\u021bionar\u0103\"><img loading=\"lazy\" decoding=\"async\" width=\"150\" height=\"150\" src=\"https:\/\/www.incorectpolitic.com\/wp-content\/uploads\/2020\/12\/nm3-150x150.png\" class=\"attachment-thumbnail size-thumbnail wp-post-image lazyload\" alt><img loading=\"lazy\" decoding=\"async\" width=\"150\" height=\"150\" src=\"https:\/\/www.incorectpolitic.com\/wp-content\/uploads\/2020\/12\/nm3-150x150.png\" class=\"attachment-thumbnail size-thumbnail wp-post-image\" alt data-eio=\"l\"><\/a><\/div>\n<div class=\"entry-title\"><a class=\"featured_post_link\" href=\"https:\/\/www.incorectpolitic.com\/sociologia-eliberarii-si-curentele-laterale-de-sedimentare-revolutionara\/\" title=\"Sociologia Eliber\u0103rii \u0219i Curentele Laterale de Sedimentare Revolu\u021bionar\u0103\">Sociologia Eliber\u0103rii \u0219i Curentele Laterale de Sedimentare Revolu\u021bionar\u0103<\/a><\/div>\n<\/article>\n<article class=\"post-21977 post type-post status-publish entry includes-feat-image\">\n<div class=\"featured-image alignleft\"><a class=\"featured_post_link\" href=\"https:\/\/www.incorectpolitic.com\/impotriva-fatalismului\/\" title=\"\u00cempotriva Fatalismului\"><img loading=\"lazy\" decoding=\"async\" width=\"150\" height=\"150\" src=\"https:\/\/www.incorectpolitic.com\/wp-content\/uploads\/2019\/04\/thumb-150x150.jpg\" class=\"attachment-thumbnail size-thumbnail wp-post-image lazyload\" alt><img loading=\"lazy\" decoding=\"async\" width=\"150\" height=\"150\" src=\"https:\/\/www.incorectpolitic.com\/wp-content\/uploads\/2019\/04\/thumb-150x150.jpg\" class=\"attachment-thumbnail size-thumbnail wp-post-image\" alt data-eio=\"l\"><\/a><\/div>\n<div class=\"entry-title\"><a class=\"featured_post_link\" href=\"https:\/\/www.incorectpolitic.com\/impotriva-fatalismului\/\" title=\"\u00cempotriva Fatalismului\">\u00cempotriva Fatalismului<\/a><\/div>\n<\/article>\n<article class=\"post-20844 post type-post status-publish entry includes-feat-image\">\n<div class=\"featured-image alignleft\"><a class=\"featured_post_link\" href=\"https:\/\/www.incorectpolitic.com\/inceputul-etapei-post-globaliste-mass-media-ultimul-obstacol\/\" title=\"\u00cenceputul Etapei Post-Globaliste \u2013  Mass Media Ultimul Obstacol\"><img loading=\"lazy\" decoding=\"async\" width=\"150\" height=\"150\" src=\"https:\/\/www.incorectpolitic.com\/wp-content\/uploads\/2019\/03\/https___cdn.cnn_.com_cnnnext_dam_assets_181202123002-yellow-vest-protest-150x150.jpg\" class=\"attachment-thumbnail size-thumbnail wp-post-image lazyload\" alt><img loading=\"lazy\" decoding=\"async\" width=\"150\" height=\"150\" src=\"https:\/\/www.incorectpolitic.com\/wp-content\/uploads\/2019\/03\/https___cdn.cnn_.com_cnnnext_dam_assets_181202123002-yellow-vest-protest-150x150.jpg\" class=\"attachment-thumbnail size-thumbnail wp-post-image\" alt data-eio=\"l\"><\/a><\/div>\n<div class=\"entry-title\"><a class=\"featured_post_link\" href=\"https:\/\/www.incorectpolitic.com\/inceputul-etapei-post-globaliste-mass-media-ultimul-obstacol\/\" title=\"\u00cenceputul Etapei Post-Globaliste \u2013  Mass Media Ultimul Obstacol\">\u00cenceputul Etapei Post-Globaliste \u2013  Mass Media Ultimul Obstacol<\/a><\/div>\n<\/article>\n<article class=\"post-19704 post type-post status-publish entry includes-feat-image\">\n<div class=\"featured-image alignleft\"><a class=\"featured_post_link\" href=\"https:\/\/www.incorectpolitic.com\/mlastina-mass-media-serial-complet\/\" title=\"Mla\u0219tina Mass Media  \u2013 Serial Complet\"><img loading=\"lazy\" decoding=\"async\" width=\"150\" height=\"150\" src=\"https:\/\/www.incorectpolitic.com\/wp-content\/uploads\/2018\/06\/colaj-modificat-1-768x278-150x150.jpg\" class=\"attachment-thumbnail size-thumbnail wp-post-image lazyload\" alt><img loading=\"lazy\" decoding=\"async\" width=\"150\" height=\"150\" src=\"https:\/\/www.incorectpolitic.com\/wp-content\/uploads\/2018\/06\/colaj-modificat-1-768x278-150x150.jpg\" class=\"attachment-thumbnail size-thumbnail wp-post-image\" alt data-eio=\"l\"><\/a><\/div>\n<div class=\"entry-title\"><a class=\"featured_post_link\" href=\"https:\/\/www.incorectpolitic.com\/mlastina-mass-media-serial-complet\/\" title=\"Mla\u0219tina Mass Media  \u2013 Serial Complet\">Mla\u0219tina Mass Media  \u2013 Serial Complet<\/a><\/div>\n<\/article>\n<article class=\"post-5104 post type-post status-publish entry includes-feat-image\">\n<div class=\"featured-image alignleft\"><a class=\"featured_post_link\" href=\"https:\/\/www.incorectpolitic.com\/momentul-1937\/\" title=\"Momentul 1937\"><img loading=\"lazy\" decoding=\"async\" width=\"150\" height=\"150\" src=\"https:\/\/www.incorectpolitic.com\/wp-content\/uploads\/2018\/03\/capitanul-codreanu2003a-150x150.jpg\" class=\"attachment-thumbnail size-thumbnail wp-post-image lazyload\" alt><img loading=\"lazy\" decoding=\"async\" width=\"150\" height=\"150\" src=\"https:\/\/www.incorectpolitic.com\/wp-content\/uploads\/2018\/03\/capitanul-codreanu2003a-150x150.jpg\" class=\"attachment-thumbnail size-thumbnail wp-post-image\" alt data-eio=\"l\"><\/a><\/div>\n<div class=\"entry-title\"><a class=\"featured_post_link\" href=\"https:\/\/www.incorectpolitic.com\/momentul-1937\/\" title=\"Momentul 1937\">Momentul 1937<\/a><\/div>\n<\/article>\n<article class=\"post-16914 post type-post status-publish entry includes-feat-image\">\n<div class=\"featured-image alignleft\"><a class=\"featured_post_link\" href=\"https:\/\/www.incorectpolitic.com\/portretul-romanului-iudeo-crestin\/\" title=\"Portretul Rom\u00e2nului Iudeo-Cre\u0219tin Iubitor de Infanticid\"><img loading=\"lazy\" decoding=\"async\" width=\"150\" height=\"150\" src=\"https:\/\/www.incorectpolitic.com\/wp-content\/uploads\/2019\/01\/venn-150x150.jpg\" class=\"attachment-thumbnail size-thumbnail wp-post-image lazyload\" alt><img loading=\"lazy\" decoding=\"async\" width=\"150\" height=\"150\" src=\"https:\/\/www.incorectpolitic.com\/wp-content\/uploads\/2019\/01\/venn-150x150.jpg\" class=\"attachment-thumbnail size-thumbnail wp-post-image\" alt data-eio=\"l\"><\/a><\/div>\n<div class=\"entry-title\"><a class=\"featured_post_link\" href=\"https:\/\/www.incorectpolitic.com\/portretul-romanului-iudeo-crestin\/\" title=\"Portretul Rom\u00e2nului Iudeo-Cre\u0219tin Iubitor de Infanticid\">Portretul Rom\u00e2nului Iudeo-Cre\u0219tin Iubitor de Infanticid<\/a><\/div>\n<\/article>\n<article class=\"post-13899 post type-post status-publish entry includes-feat-image\">\n<div class=\"featured-image alignleft\"><a class=\"featured_post_link\" href=\"https:\/\/www.incorectpolitic.com\/manifest-impotriva-national-sionismului\/\" title=\"Manifest \u00cempotriva Na\u021bional-Sionismului din Rom\u00e2nia\"><img loading=\"lazy\" decoding=\"async\" width=\"150\" height=\"150\" src=\"https:\/\/www.incorectpolitic.com\/wp-content\/uploads\/2018\/10\/z1-150x150.png\" class=\"attachment-thumbnail size-thumbnail wp-post-image lazyload\" alt><img loading=\"lazy\" decoding=\"async\" width=\"150\" height=\"150\" src=\"https:\/\/www.incorectpolitic.com\/wp-content\/uploads\/2018\/10\/z1-150x150.png\" class=\"attachment-thumbnail size-thumbnail wp-post-image\" alt data-eio=\"l\"><\/a><\/div>\n<div class=\"entry-title\"><a class=\"featured_post_link\" href=\"https:\/\/www.incorectpolitic.com\/manifest-impotriva-national-sionismului\/\" title=\"Manifest \u00cempotriva Na\u021bional-Sionismului din Rom\u00e2nia\">Manifest \u00cempotriva Na\u021bional-Sionismului din Rom\u00e2nia<\/a><\/div>\n<\/article>\n<article class=\"post-7498 post type-post status-publish entry includes-feat-image\">\n<div class=\"featured-image alignleft\"><a class=\"featured_post_link\" href=\"https:\/\/www.incorectpolitic.com\/istorie-zydokomuna-cea-mai-completa-lista-a-nomenclaturii-iudeo-bolsevice-din-romania\/\" title=\"Istorie: \u017bYDOKOMUNA, Cea Mai Complet\u0103 List\u0103 a Nomenclaturii Iudeo-Bol\u0219evice din Rom\u00e2nia\"><img loading=\"lazy\" decoding=\"async\" width=\"150\" height=\"150\" src=\"https:\/\/www.incorectpolitic.com\/wp-content\/uploads\/2018\/06\/holocaustul-rosu-150x150.jpg\" class=\"attachment-thumbnail size-thumbnail wp-post-image lazyload\" alt><img loading=\"lazy\" decoding=\"async\" width=\"150\" height=\"150\" src=\"https:\/\/www.incorectpolitic.com\/wp-content\/uploads\/2018\/06\/holocaustul-rosu-150x150.jpg\" class=\"attachment-thumbnail size-thumbnail wp-post-image\" alt data-eio=\"l\"><\/a><\/div>\n<div class=\"entry-title\"><a class=\"featured_post_link\" href=\"https:\/\/www.incorectpolitic.com\/istorie-zydokomuna-cea-mai-completa-lista-a-nomenclaturii-iudeo-bolsevice-din-romania\/\" title=\"Istorie: \u017bYDOKOMUNA, Cea Mai Complet\u0103 List\u0103 a Nomenclaturii Iudeo-Bol\u0219evice din Rom\u00e2nia\">Istorie: \u017bYDOKOMUNA, Cea Mai Complet\u0103 List\u0103 a Nomenclaturii Iudeo-Bol\u0219evice din Rom\u00e2nia<\/a><\/div>\n<\/article>\n<article class=\"post-6413 post type-post status-publish entry includes-feat-image\">\n<div class=\"featured-image alignleft\"><a class=\"featured_post_link\" href=\"https:\/\/www.incorectpolitic.com\/iudaismul-este-un-proiect-politic\/\" title=\"Iudaismul Este Un Proiect Politic\"><img loading=\"lazy\" decoding=\"async\" width=\"150\" height=\"150\" src=\"https:\/\/www.incorectpolitic.com\/wp-content\/uploads\/2018\/05\/israelzionismjudaism5-150x150.jpeg\" class=\"attachment-thumbnail size-thumbnail wp-post-image lazyload\" alt><img loading=\"lazy\" decoding=\"async\" width=\"150\" height=\"150\" src=\"https:\/\/www.incorectpolitic.com\/wp-content\/uploads\/2018\/05\/israelzionismjudaism5-150x150.jpeg\" class=\"attachment-thumbnail size-thumbnail wp-post-image\" alt data-eio=\"l\"><\/a><\/div>\n<div class=\"entry-title\"><a class=\"featured_post_link\" href=\"https:\/\/www.incorectpolitic.com\/iudaismul-este-un-proiect-politic\/\" title=\"Iudaismul Este Un Proiect Politic\">Iudaismul Este Un Proiect Politic<\/a><\/div>\n<\/article>\n<article class=\"post-5089 post type-post status-publish entry includes-feat-image\">\n<div class=\"featured-image alignleft\"><a class=\"featured_post_link\" href=\"https:\/\/www.incorectpolitic.com\/exploziv-si-excluziv-interviul-interzis-in-presa-romaneasca\/\" title=\"EXPLOZIV \u0218I EXCLUSIV: Interviul INTERZIS \u00een Presa Rom\u00e2neasc\u0103\"><img loading=\"lazy\" decoding=\"async\" width=\"150\" height=\"150\" src=\"https:\/\/www.incorectpolitic.com\/wp-content\/uploads\/2018\/03\/gscz6z-150x150.gif\" class=\"attachment-thumbnail size-thumbnail wp-post-image lazyload\" alt><img loading=\"lazy\" decoding=\"async\" width=\"150\" height=\"150\" src=\"https:\/\/www.incorectpolitic.com\/wp-content\/uploads\/2018\/03\/gscz6z-150x150.gif\" class=\"attachment-thumbnail size-thumbnail wp-post-image\" alt data-eio=\"l\"><\/a><\/div>\n<div class=\"entry-title\"><a class=\"featured_post_link\" href=\"https:\/\/www.incorectpolitic.com\/exploziv-si-excluziv-interviul-interzis-in-presa-romaneasca\/\" title=\"EXPLOZIV \u0218I EXCLUSIV: Interviul INTERZIS \u00een Presa Rom\u00e2neasc\u0103\">EXPLOZIV \u0218I EXCLUSIV: Interviul INTERZIS \u00een Presa Rom\u00e2neasc\u0103<\/a><\/div>\n<\/article>\n<article class=\"post-1109 post type-post status-publish entry includes-feat-image\">\n<div class=\"featured-image alignleft\"><a class=\"featured_post_link\" href=\"https:\/\/www.incorectpolitic.com\/ofensiva-spirituala-poloniei\/\" title=\"Ofensiva Spiritual\u0103 a Poloniei\"><img loading=\"lazy\" decoding=\"async\" width=\"150\" height=\"150\" src=\"https:\/\/www.incorectpolitic.com\/wp-content\/uploads\/2017\/10\/jesus-with-whip3-150x150.jpg\" class=\"attachment-thumbnail size-thumbnail wp-post-image lazyload\" alt><img loading=\"lazy\" decoding=\"async\" width=\"150\" height=\"150\" src=\"https:\/\/www.incorectpolitic.com\/wp-content\/uploads\/2017\/10\/jesus-with-whip3-150x150.jpg\" class=\"attachment-thumbnail size-thumbnail wp-post-image\" alt data-eio=\"l\"><\/a><\/div>\n<div class=\"entry-title\"><a class=\"featured_post_link\" href=\"https:\/\/www.incorectpolitic.com\/ofensiva-spirituala-poloniei\/\" title=\"Ofensiva Spiritual\u0103 a Poloniei\">Ofensiva Spiritual\u0103 a Poloniei<\/a><\/div>\n<\/article>\n<article class=\"post-5673 post type-post status-publish entry includes-feat-image\">\n<div class=\"featured-image alignleft\"><a class=\"featured_post_link\" href=\"https:\/\/www.incorectpolitic.com\/biciul-prigonirii-romanilor-este-in-mana-jidanilor\/\" title=\"Biciul Prigonirii Rom\u00e2nilor Este \u00een M\u00e2na Jidanilor!\"><img loading=\"lazy\" decoding=\"async\" width=\"150\" height=\"150\" src=\"https:\/\/www.incorectpolitic.com\/wp-content\/uploads\/2018\/04\/S.-Vexler-si-B.-Netanyahu-150x150.jpg\" class=\"attachment-thumbnail size-thumbnail wp-post-image lazyload\" alt><img loading=\"lazy\" decoding=\"async\" width=\"150\" height=\"150\" src=\"https:\/\/www.incorectpolitic.com\/wp-content\/uploads\/2018\/04\/S.-Vexler-si-B.-Netanyahu-150x150.jpg\" class=\"attachment-thumbnail size-thumbnail wp-post-image\" alt data-eio=\"l\"><\/a><\/div>\n<div class=\"entry-title\"><a class=\"featured_post_link\" href=\"https:\/\/www.incorectpolitic.com\/biciul-prigonirii-romanilor-este-in-mana-jidanilor\/\" title=\"Biciul Prigonirii Rom\u00e2nilor Este \u00een M\u00e2na Jidanilor!\">Biciul Prigonirii Rom\u00e2nilor Este \u00een M\u00e2na Jidanilor!<\/a><\/div>\n<\/article>\n<article class=\"post-80464 post type-post status-publish entry includes-feat-image\">\n<div class=\"featured-image alignleft\"><a class=\"featured_post_link\" href=\"https:\/\/www.incorectpolitic.com\/talmudismul-este-esenta-satanismului\/\" title=\"TALMUDISMUL ESTE ESEN\u021aA SATANISMULUI\"><img loading=\"lazy\" decoding=\"async\" width=\"150\" height=\"150\" src=\"https:\/\/www.incorectpolitic.com\/wp-content\/uploads\/2020\/02\/vasile-zarnescu-150x150.png\" class=\"attachment-thumbnail size-thumbnail wp-post-image lazyload\" alt><img loading=\"lazy\" decoding=\"async\" width=\"150\" height=\"150\" src=\"https:\/\/www.incorectpolitic.com\/wp-content\/uploads\/2020\/02\/vasile-zarnescu-150x150.png\" class=\"attachment-thumbnail size-thumbnail wp-post-image\" alt data-eio=\"l\"><\/a><\/div>\n<div class=\"entry-title\"><a class=\"featured_post_link\" href=\"https:\/\/www.incorectpolitic.com\/talmudismul-este-esenta-satanismului\/\" title=\"TALMUDISMUL ESTE ESEN\u021aA SATANISMULUI\">TALMUDISMUL ESTE ESEN\u021aA SATANISMULUI<\/a><\/div>\n<\/article>\n<article class=\"post-20005 post type-post status-publish entry includes-feat-image\">\n<div class=\"featured-image alignleft\"><a class=\"featured_post_link\" href=\"https:\/\/www.incorectpolitic.com\/viciul-matematic-elementar-v-m-e-2\/\" title=\"Viciul Matematic Elementar (V.M.E.)\"><img loading=\"lazy\" decoding=\"async\" width=\"150\" height=\"150\" src=\"https:\/\/www.incorectpolitic.com\/wp-content\/uploads\/2017\/12\/tell-lie-vision-150x150.jpg\" class=\"attachment-thumbnail size-thumbnail wp-post-image lazyload\" alt><img loading=\"lazy\" decoding=\"async\" width=\"150\" height=\"150\" src=\"https:\/\/www.incorectpolitic.com\/wp-content\/uploads\/2017\/12\/tell-lie-vision-150x150.jpg\" class=\"attachment-thumbnail size-thumbnail wp-post-image\" alt data-eio=\"l\"><\/a><\/div>\n<div class=\"entry-title\"><a class=\"featured_post_link\" href=\"https:\/\/www.incorectpolitic.com\/viciul-matematic-elementar-v-m-e-2\/\" title=\"Viciul Matematic Elementar (V.M.E.)\">Viciul Matematic Elementar (V.M.E.)<\/a><\/div>\n<\/article>\n<p>[analyse_source url=&#8221;https:\/\/www.incorectpolitic.com\/titanii-romanismului-topul-organizatiilor-personalitatiilor-si-publicatiilor-romanesti-decernarea-premiilor-inshr-ew-2025-2026\/&#8221;]<\/p>\n","protected":false},"excerpt":{"rendered":"<p>[analyse_image type=&#8221;featured&#8221; src=&#8221;https:\/\/www.incorectpolitic.com\/wp-content\/uploads\/2026\/08\/premiile-inshrew-2026-1.png&#8221;] Sterie CiumettiIncorect Politic August 9, 2026 TITANII ROM\u00c2NISMULUI! Topul organiza\u021biilor, personalit\u0103\u021biilor \u0219i publica\u021biilor rom\u00e2ne\u0219ti \u2013 Decernarea Premiilor INSHR-EW 2025-2026 \u00a0 Au intrat ultimele rezultate pentru rubriga Publica\u021biilor, iar \u00een r\u00e2ndurile de mai jos v\u0103 prezent\u0103m integral topul din acest an, cu toate cele trei rubrici: Publica\u021bii, Organiza\u021bii, Personalit\u0103\u021bi. Raportul din acest an [&hellip;]<\/p>\n","protected":false},"author":1,"featured_media":0,"comment_status":"open","ping_status":"","sticky":false,"template":"","format":"standard","meta":{"footnotes":""},"categories":[89],"tags":[226,95],"class_list":["post-2085227","post","type-post","status-publish","format-standard","hentry","category-romania","tag-crawlmanager","tag-incorectpolitic-com"],"_links":{"self":[{"href":"https:\/\/analyse.optim.biz\/index.php?rest_route=\/wp\/v2\/posts\/2085227","targetHints":{"allow":["GET"]}}],"collection":[{"href":"https:\/\/analyse.optim.biz\/index.php?rest_route=\/wp\/v2\/posts"}],"about":[{"href":"https:\/\/analyse.optim.biz\/index.php?rest_route=\/wp\/v2\/types\/post"}],"author":[{"embeddable":true,"href":"https:\/\/analyse.optim.biz\/index.php?rest_route=\/wp\/v2\/users\/1"}],"replies":[{"embeddable":true,"href":"https:\/\/analyse.optim.biz\/index.php?rest_route=%2Fwp%2Fv2%2Fcomments&post=2085227"}],"version-history":[{"count":0,"href":"https:\/\/analyse.optim.biz\/index.php?rest_route=\/wp\/v2\/posts\/2085227\/revisions"}],"wp:attachment":[{"href":"https:\/\/analyse.optim.biz\/index.php?rest_route=%2Fwp%2Fv2%2Fmedia&parent=2085227"}],"wp:term":[{"taxonomy":"category","embeddable":true,"href":"https:\/\/analyse.optim.biz\/index.php?rest_route=%2Fwp%2Fv2%2Fcategories&post=2085227"},{"taxonomy":"post_tag","embeddable":true,"href":"https:\/\/analyse.optim.biz\/index.php?rest_route=%2Fwp%2Fv2%2Ftags&post=2085227"}],"curies":[{"name":"wp","href":"https:\/\/api.w.org\/{rel}","templated":true}]}}