{"id":208518,"date":"2014-04-01T16:29:19","date_gmt":"2014-04-01T13:29:19","guid":{"rendered":"https:\/\/analyse.optim.biz\/?p=208518"},"modified":"2014-04-01T16:29:19","modified_gmt":"2014-04-01T13:29:19","slug":"video-victor-ponta-despre-premierul-traian-basescu-ar-fi-un-film-de-groaza-chiar-si-pentru-o-zi","status":"publish","type":"post","link":"https:\/\/analyse.optim.biz\/?p=208518","title":{"rendered":"VIDEO. Victor Ponta, despre &#8220;premierul&#8221; Traian B\u0103sescu: Ar fi un film de groaz\u0103 chiar \u015fi pentru o zi"},"content":{"rendered":"<div class=\"entry data-app-meta data-app-meta-article\" data-embed-base-url-canonical=\"https:\/\/www.digi24.ro\/embed\/stiri\/actualitate\/politica\/video-victor-ponta-despre-premierul-traian-basescu-ar-fi-un-film-de-groaza-chiar-si-pentru-o-zi-223072\">\n<p data-index=\"1\">Domnul pre\u015fedinte am v\u0103zut c\u0103 vrea s\u0103 fie prim \u2013 ministru. Mi se pare un film de groaz\u0103. \u015ei o zi ar fi un film de groaz\u0103. A fost prim &#8211; ministru pe vremea lui Boc \u015fi a\u0163i v\u0103zut ce prim &#8211; ministru a fost. Domnia sa trebuie s\u0103 aib\u0103 grij\u0103 s\u0103 \u00eei pl\u0103tim noi cu to\u0163ii pensia\u201d, a comentat <strong>Victor Ponta.<\/strong><\/p>\n<p data-index=\"2\">Pre\u015fedintele<a href=\"https:\/\/www.digi24.ro\/Stiri\/Digi24\/Actualitate\/Politica\/In+ce+conditii+ar+accepta+Traian+Basescu+functia+de+premier\" target=\"_blank\" data-skip-linkfix=\"1\" rel=\"noopener\"><strong>Traian B\u0103sescu<\/strong><\/a> a spus c\u0103 nu ar refuza func\u0163ia de premier, dac\u0103 i se va propune vreodat\u0103 acest lucru. A pus \u00eens\u0103 condi\u0163ii: mandatul s\u0103 fie de un an, pe contract, iar \u00een acest timp s\u0103 i se lase m\u00e2n\u0103 liber\u0103 s\u0103 depolitizeze institu\u0163iile aflate \u00een subordinea Guvernului<\/p>\n<p data-index=\"3\">Totu\u015fi, el a exclus orice colaborare cu actualul premier, dac\u0103 acesta va ajunge la Cotroceni.<\/p>\n<p data-index=\"4\">\u201eNu sunt \u00eenc\u0103 at\u00e2t de \u00een v\u00e2rst\u0103 \u00eenc\u00e2t, dac\u0103 cineva m-ar ruga cineva s\u0103 pun \u021bara pe \u0219ine, nu a\u0219 face-o. Un an de zile, pe contract: \u00eemi la\u015fi \u0163ara, cur\u0103\u0163 ce e de cur\u0103\u0163at\u201d, a declaratTraian B\u0103sescu \u00eentr-o emisiune televizat\u0103.<\/p>\n<\/div>\n<p> Source URL: https:\/\/www.digi24.ro\/stiri\/actualitate\/politica\/video-victor-ponta-despre-premierul-traian-basescu-ar-fi-un-film-de-groaza-chiar-si-pentru-o-zi-223072<\/p>\n","protected":false},"excerpt":{"rendered":"<p>Domnul pre\u015fedinte am v\u0103zut c\u0103 vrea s\u0103 fie prim \u2013 ministru. Mi se pare un film de groaz\u0103. \u015ei o zi ar fi un film de groaz\u0103. A fost prim &#8211; ministru pe vremea lui Boc \u015fi a\u0163i v\u0103zut ce prim &#8211; ministru a fost. Domnia sa trebuie s\u0103 aib\u0103 grij\u0103 s\u0103 \u00eei pl\u0103tim noi [&hellip;]<\/p>\n","protected":false},"author":1,"featured_media":208519,"comment_status":"open","ping_status":"","sticky":false,"template":"","format":"standard","meta":{"footnotes":""},"categories":[2],"tags":[11],"class_list":["post-208518","post","type-post","status-publish","format-standard","has-post-thumbnail","hentry","category-politics","tag-digi24"],"_links":{"self":[{"href":"https:\/\/analyse.optim.biz\/index.php?rest_route=\/wp\/v2\/posts\/208518","targetHints":{"allow":["GET"]}}],"collection":[{"href":"https:\/\/analyse.optim.biz\/index.php?rest_route=\/wp\/v2\/posts"}],"about":[{"href":"https:\/\/analyse.optim.biz\/index.php?rest_route=\/wp\/v2\/types\/post"}],"author":[{"embeddable":true,"href":"https:\/\/analyse.optim.biz\/index.php?rest_route=\/wp\/v2\/users\/1"}],"replies":[{"embeddable":true,"href":"https:\/\/analyse.optim.biz\/index.php?rest_route=%2Fwp%2Fv2%2Fcomments&post=208518"}],"version-history":[{"count":0,"href":"https:\/\/analyse.optim.biz\/index.php?rest_route=\/wp\/v2\/posts\/208518\/revisions"}],"wp:featuredmedia":[{"embeddable":true,"href":"https:\/\/analyse.optim.biz\/index.php?rest_route=\/wp\/v2\/media\/208519"}],"wp:attachment":[{"href":"https:\/\/analyse.optim.biz\/index.php?rest_route=%2Fwp%2Fv2%2Fmedia&parent=208518"}],"wp:term":[{"taxonomy":"category","embeddable":true,"href":"https:\/\/analyse.optim.biz\/index.php?rest_route=%2Fwp%2Fv2%2Fcategories&post=208518"},{"taxonomy":"post_tag","embeddable":true,"href":"https:\/\/analyse.optim.biz\/index.php?rest_route=%2Fwp%2Fv2%2Ftags&post=208518"}],"curies":[{"name":"wp","href":"https:\/\/api.w.org\/{rel}","templated":true}]}}