{"id":2085107,"date":"2026-08-09T00:00:00","date_gmt":"2026-08-08T21:00:00","guid":{"rendered":"https:\/\/analyse.optim.biz\/?p=2085107"},"modified":"2026-08-09T00:00:00","modified_gmt":"2026-08-08T21:00:00","slug":"reorganizarea-arbdd-nota-de-plata-dupa-razboiul-dintre-ministra-usr-si-fostul-guvernator","status":"publish","type":"post","link":"https:\/\/analyse.optim.biz\/?p=2085107","title":{"rendered":"Reorganizarea ARBDD, \u201enota de plat\u0103\u201d dup\u0103 r\u0103zboiul dintre ministra USR \u0219i fostul guvernator"},"content":{"rendered":"<p>[analyse_image type=&#8221;featured&#8221; src=&#8221;https:\/\/ziaruldetulcea.ro\/wp-content\/uploads\/2026\/08\/bubu-640&#215;300.jpg&#8221;]<\/p>\n<div class=\"post\">\n<p><strong><img loading=\"lazy\" decoding=\"async\" class=\"alignleft size-full wp-image-43963\" src=\"https:\/\/ziaruldetulcea.ro\/wp-content\/uploads\/2026\/08\/bubu-scaled.jpg\" alt width=\"2560\" height=\"2560\">Administra\u021bia Rezerva\u021biei Biosferei \u201eDelta Dun\u0103rii\u201d intr\u0103 \u00eentr-un amplu proces de reorganizare, dup\u0103 conflictul dintre ministrul Mediului, Diana Buzoianu, \u0219i fostul guvernator Bogdan Bulete. Direc\u021bia criticat\u0103 public de ministru urmeaz\u0103 s\u0103 fie desfiin\u021bat\u0103, proiectul fiind deja in dezbatere public\u0103.<\/strong><\/p>\n<p>Noua organigram\u0103 a ARBDD prevede desfiin\u021barea Direc\u021biei Administrare, Dezvoltare Patrimoniu \u0219i, implicit, a func\u021biei de director executiv. Potrivit notei de fundamentare, m\u0103sura este justificat\u0103 prin suprapuneri de atribu\u021bii, probleme de control managerial \u0219i disfunc\u021bionalit\u0103\u021bi constatate \u00een urma verific\u0103rilor Corpului de Control al Ministerului Mediului.<\/p>\n<p>Decizia vine \u00eens\u0103 dup\u0103 un conflict deschis \u00eentre ministrul Diana Buzoianu \u0219i fostul guvernator Bogdan Bulete. Ministrul l-a acuzat public pe acesta c\u0103 a supradimensionat structura de conducere a ARBDD \u0219i a cerut reorganizarea institu\u021biei dup\u0103 demiterea sa<\/p>\n<p>C\u00e2teva luni mai t\u00e2rziu, direc\u021bia vizat\u0103 dispare din organigram\u0103.<\/p>\n<p><strong>Cronologia ridic\u0103 inevitabil \u00eentrebarea dac\u0103 reorganizarea este doar o reform\u0103 administrativ\u0103 sau \u0219i \u201enota de plat\u0103\u201d pentru conflictul dintre ministru \u0219i fosta conducere a ARBDD.<\/strong><\/p>\n<p>Oficial, Ministerul Mediului vorbe\u0219te despre eficientizarea institu\u021biei \u0219i eliminarea suprapunerilor de competen\u021be. \u00cen plus, nota de fundamentare men\u021bioneaz\u0103 disfunc\u021bionalit\u0103\u021bi identificate de Corpul de Control \u00een gestionarea proiectelor europene \u0219i propune \u00eenfiin\u021barea unei structuri specializate pentru managementul acestora.<\/p>\n<p>Un detaliu important: reorganizarea nu reduce num\u0103rul total de posturi. ARBDD r\u0103m\u00e2ne cu <strong>127 de posturi aprobate<\/strong>, \u00eens\u0103 atribu\u021biile \u0219i centrele de decizie sunt redistribuite \u00een cadrul unei noi structuri.<\/p>\n<p>Proiectul este ini\u021biat de Ministerul Mediului \u0219i poart\u0103 semn\u0103tura ministrului Diana-Anda Buzoianu.<\/p>\n<p>R\u0103m\u00e2ne de v\u0103zut dac\u0103 noua organigram\u0103 va \u00eensemna o reform\u0103 real\u0103 pentru administra\u021bia Deltei sau dac\u0103 va r\u0103m\u00e2ne, \u00een percep\u021bia public\u0103, <strong>reorganizarea prin care ministera Mediului \u00ee\u0219i impune controlul asupra ARBDD dup\u0103 r\u0103zboiul cu fosta conducere.<\/strong><\/p>\n<p>In concep\u021bia angaja\u021bilor este doar un nou episod dintr-un lung serial politic care se desf\u0103\u0219oar\u0103 la ARBDD, practic scopul ini\u021bial al institu\u021biei fiind uitat de mult\u2026.<\/p>\n<\/div>\n<p>[analyse_source url=&#8221;https:\/\/ziaruldetulcea.ro\/reorganizarea-arbdd-nota-de-plata-dupa-razboiul-dintre-ministra-usr-si-fostul-guvernator\/&#8221;]<\/p>\n","protected":false},"excerpt":{"rendered":"<p>[analyse_image type=&#8221;featured&#8221; src=&#8221;https:\/\/ziaruldetulcea.ro\/wp-content\/uploads\/2026\/08\/bubu-640&#215;300.jpg&#8221;] Administra\u021bia Rezerva\u021biei Biosferei \u201eDelta Dun\u0103rii\u201d intr\u0103 \u00eentr-un amplu proces de reorganizare, dup\u0103 conflictul dintre ministrul Mediului, Diana Buzoianu, \u0219i fostul guvernator Bogdan Bulete. Direc\u021bia criticat\u0103 public de ministru urmeaz\u0103 s\u0103 fie desfiin\u021bat\u0103, proiectul fiind deja in dezbatere public\u0103. Noua organigram\u0103 a ARBDD prevede desfiin\u021barea Direc\u021biei Administrare, Dezvoltare Patrimoniu \u0219i, implicit, a func\u021biei [&hellip;]<\/p>\n","protected":false},"author":1,"featured_media":0,"comment_status":"open","ping_status":"","sticky":false,"template":"","format":"standard","meta":{"footnotes":""},"categories":[89],"tags":[226,205],"class_list":["post-2085107","post","type-post","status-publish","format-standard","hentry","category-romania","tag-crawlmanager","tag-ziaruldetulcea-ro"],"_links":{"self":[{"href":"https:\/\/analyse.optim.biz\/index.php?rest_route=\/wp\/v2\/posts\/2085107","targetHints":{"allow":["GET"]}}],"collection":[{"href":"https:\/\/analyse.optim.biz\/index.php?rest_route=\/wp\/v2\/posts"}],"about":[{"href":"https:\/\/analyse.optim.biz\/index.php?rest_route=\/wp\/v2\/types\/post"}],"author":[{"embeddable":true,"href":"https:\/\/analyse.optim.biz\/index.php?rest_route=\/wp\/v2\/users\/1"}],"replies":[{"embeddable":true,"href":"https:\/\/analyse.optim.biz\/index.php?rest_route=%2Fwp%2Fv2%2Fcomments&post=2085107"}],"version-history":[{"count":0,"href":"https:\/\/analyse.optim.biz\/index.php?rest_route=\/wp\/v2\/posts\/2085107\/revisions"}],"wp:attachment":[{"href":"https:\/\/analyse.optim.biz\/index.php?rest_route=%2Fwp%2Fv2%2Fmedia&parent=2085107"}],"wp:term":[{"taxonomy":"category","embeddable":true,"href":"https:\/\/analyse.optim.biz\/index.php?rest_route=%2Fwp%2Fv2%2Fcategories&post=2085107"},{"taxonomy":"post_tag","embeddable":true,"href":"https:\/\/analyse.optim.biz\/index.php?rest_route=%2Fwp%2Fv2%2Ftags&post=2085107"}],"curies":[{"name":"wp","href":"https:\/\/api.w.org\/{rel}","templated":true}]}}