{"id":2085093,"date":"2026-08-07T12:04:55","date_gmt":"2026-08-07T09:04:55","guid":{"rendered":"https:\/\/analyse.optim.biz\/?p=2085093"},"modified":"2026-08-07T12:04:55","modified_gmt":"2026-08-07T09:04:55","slug":"romania-implementeaza-strr-si-tollro-din-31-august-2026-cand-incepe-plata-tarifelor","status":"publish","type":"post","link":"https:\/\/analyse.optim.biz\/?p=2085093","title":{"rendered":"Rom\u00e2nia implementeaz\u0103 STRR \u0219i TollRo din 31 august 2026. C\u00e2nd \u00eencepe plata tarifelor"},"content":{"rendered":"<p>[analyse_image type=&#8221;featured&#8221; src=&#8221;https:\/\/orasul-timisoara.ro\/wp-content\/uploads\/2026\/08\/autostrada-TollRo.jpg&#8221;]<\/p>\n<article id=\"post-40141\" class=\"td-post-template-7 post-40141 post type-post status-publish format-standard has-post-thumbnail category-featured category-stiri-nationale-si-internationale category-turism tag-autostrazi-2 tag-cnair tag-drumuri-expres tag-drumuri-nationale-2 tag-infrastructura-rutiera tag-legea-170-2026 tag-legea-226-2023 tag-rovinieta tag-serviciul-european-de-taxare-rutiera tag-setre tag-strr tag-tollro tag-transport-marfa td-container-wrap\">\n<div class=\"td-full-screen-header-image-wrap\">\n<div class=\"td-container td-post-header\">\n<div class=\"td-crumb-container\">\n<div class=\"entry-crumbs\"><span><a title=\"Vede\u021bi toate articolele \u00een \u0218tiri na\u021bionale \u0219i interna\u021bionale\" class=\"entry-crumb\" href=\"https:\/\/orasul-timisoara.ro\/local-category\/stiri-nationale-si-internationale\/\">\u0218tiri na\u021bionale \u0219i interna\u021bionale<\/a><\/span><span class=\"td-bred-no-url-last\">Rom\u00e2nia implementeaz\u0103 STRR \u0219i TollRo din 31 august 2026. C\u00e2nd \u00eencepe plata&#8230;<\/span><\/div>\n<\/div>\n<div class=\"td-post-header-holder\">\n<div class=\"td-parallax-header\">\n<header class=\"td-post-title\">\n<ul class=\"td-category\">\n<li class=\"entry-category\"><a href=\"https:\/\/orasul-timisoara.ro\/local-category\/stiri-nationale-si-internationale\/\">\u0218tiri na\u021bionale \u0219i interna\u021bionale<\/a><\/li>\n<li class=\"entry-category\"><a href=\"https:\/\/orasul-timisoara.ro\/local-category\/turism\/\">Turism<\/a><\/li>\n<\/ul>\n<h1 class=\"entry-title\">Rom\u00e2nia implementeaz\u0103 STRR \u0219i TollRo din 31 august 2026. C\u00e2nd \u00eencepe plata tarifelor<\/h1>\n<div class=\"td-module-meta-info\">\n<div class=\"td-post-author-name\">\n<div class=\"td-author-by\">De c\u0103tre<\/div>\n<p><a href=\"https:\/\/orasul-timisoara.ro\/author\/timisoara\/\">redactia<\/a><\/p>\n<div class=\"td-author-line\"> &#8211; <\/div>\n<\/div>\n<p><span class=\"td-post-date\"><time class=\"entry-date updated td-module-date\" datetime=\"2026-08-07T15:04:55+03:00\">07\/08\/2026<\/time><\/span><\/div>\n<\/header>\n<\/div>\n<\/div>\n<\/div>\n<div id=\"td-full-screen-header-image\" class=\"td-image-gradient-style7\"><img decoding=\"async\" class=\"td-backstretch\" src=\"https:\/\/orasul-timisoara.ro\/wp-content\/uploads\/2026\/08\/autostrada-TollRo.jpg\"><\/div>\n<\/div>\n<div class=\"td-container\">\n<div class=\"td-pb-row\">\n<div class=\"td-pb-span8 td-main-content\" role=\"main\">\n<div class=\"td-ss-main-content\">\n<div class=\"td-post-sharing-top\">\n<div class=\"td-post-sharing-classic\"><iframe title=\"topFacebookLike\" frameborder src=\"https:\/\/www.facebook.com\/plugins\/like.php?href=https:\/\/orasul-timisoara.ro\/local-40141\/&amp;layout=button_count&amp;show_faces=false&amp;width=105&amp;action=like&amp;colorscheme=light&amp;height=21\"><\/iframe><\/div>\n<div id=\"td_social_sharing_article_top\" class=\"td-post-sharing td-ps-bg td-ps-notext td-post-sharing-style1 \">\n<div class=\"td-post-sharing-visible\"><a class=\"td-social-sharing-button td-social-sharing-button-js td-social-network td-social-facebook\" href=\"https:\/\/www.facebook.com\/sharer.php?u=https%3A%2F%2Forasul-timisoara.ro%2Flocal-40141%2F\" title=\"Facebook\"><\/p>\n<div class=\"td-social-but-text\">Facebook<\/div>\n<p><\/a><a class=\"td-social-sharing-button td-social-sharing-button-js td-social-network td-social-twitter\" href=\"https:\/\/twitter.com\/intent\/tweet?text=Rom%C3%A2nia+implementeaz%C4%83+STRR+%C8%99i+TollRo+din+31+august+2026.+C%C3%A2nd+%C3%AEncepe+plata+tarifelor&amp;url=https%3A%2F%2Forasul-timisoara.ro%2Flocal-40141%2F&amp;via=orasultm\" title=\"Twitter\"><\/p>\n<div class=\"td-social-but-text\">Twitter<\/div>\n<p><\/a><a class=\"td-social-sharing-button td-social-sharing-button-js td-social-network td-social-whatsapp\" href=\"https:\/\/api.whatsapp.com\/send?text=Rom%C3%A2nia+implementeaz%C4%83+STRR+%C8%99i+TollRo+din+31+august+2026.+C%C3%A2nd+%C3%AEncepe+plata+tarifelor%20%0A%0A%20https:\/\/orasul-timisoara.ro\/local-40141\/\" title=\"WhatsApp\"><\/p>\n<div class=\"td-social-but-text\">WhatsApp<\/div>\n<p><\/a><a class=\"td-social-sharing-button td-social-sharing-button-js td-social-network td-social-linkedin\" href=\"https:\/\/www.linkedin.com\/shareArticle?mini=true&amp;url=https:\/\/orasul-timisoara.ro\/local-40141\/&amp;title=Rom%C3%A2nia+implementeaz%C4%83+STRR+%C8%99i+TollRo+din+31+august+2026.+C%C3%A2nd+%C3%AEncepe+plata+tarifelor\" title=\"Linkedin\"><\/p>\n<div class=\"td-social-but-text\">Linkedin<\/div>\n<p><\/a><a class=\"td-social-sharing-button td-social-sharing-button-js td-social-network td-social-reddit\" href=\"https:\/\/reddit.com\/submit?url=https:\/\/orasul-timisoara.ro\/local-40141\/&amp;title=Rom%C3%A2nia+implementeaz%C4%83+STRR+%C8%99i+TollRo+din+31+august+2026.+C%C3%A2nd+%C3%AEncepe+plata+tarifelor\" title=\"ReddIt\"><\/p>\n<div class=\"td-social-but-text\">ReddIt<\/div>\n<p><\/a><a class=\"td-social-sharing-button td-social-sharing-button-js td-social-network td-social-mail\" href=\"mailto:?subject=Rom%C3%A2nia%20implementeaz%C4%83%20STRR%20%C8%99i%20TollRo%20din%2031%20august%202026.%20C%C3%A2nd%20%C3%AEncepe%20plata%20tarifelor&amp;body=https:\/\/orasul-timisoara.ro\/local-40141\/\" title=\"Email\"><\/p>\n<div class=\"td-social-but-text\">Email<\/div>\n<p><\/a><a class=\"td-social-sharing-button td-social-sharing-button-js td-social-network td-social-print\" href=\"https:\/\/orasul-timisoara.ro\/local-40141\/\" title=\"Imprimare\"><\/p>\n<div class=\"td-social-but-text\">Imprimare<\/div>\n<p><\/a><\/div>\n<\/div>\n<\/div>\n<div class=\"td-post-content tagdiv-type\">\n<p class=\"wp-block-paragraph\">CNAIR: Sistemul STRR \u0219i TollRo vor fi implementate din 31 august 2026. C\u00e2nd intr\u0103 \u00een vigoare noile tarife<\/p>\n<p class=\"wp-block-paragraph\">Compania Na\u021bional\u0103 de Administrare a Infrastructurii Rutiere (CNAIR) a anun\u021bat calendarul oficial privind implementarea Sistemului de Tarifare Rutier\u0103 Electronic\u0103 din Rom\u00e2nia (STRR) \u0219i a sistemului TollRo. Potrivit prevederilor legale, infrastructura necesar\u0103 va deveni opera\u021bional\u0103 \u00eencep\u00e2nd cu 31 august 2026, \u00eens\u0103 aplicarea efectiv\u0103 a tarifelor va \u00eencepe o lun\u0103 mai t\u00e2rziu, de la 1 octombrie 2026.<\/p>\n<p class=\"wp-block-paragraph\">Noile sisteme vor fi utilizate pe re\u021beaua de drumuri na\u021bionale, drumuri expres \u0219i autostr\u0103zi din Rom\u00e2nia \u0219i fac parte din procesul de modernizare a modului de colectare a tarifelor de utilizare a infrastructurii rutiere. De asemenea, sistemul rom\u00e2nesc va deveni interoperabil cu cele din alte state membre ale Uniunii Europene \u00eencep\u00e2nd din ianuarie 2027.<\/p>\n<h2 class=\"wp-block-heading\">STRR va fi implementat \u00een Rom\u00e2nia din 31 august 2026<\/h2>\n<p class=\"wp-block-paragraph\">Potrivit informa\u021biilor transmise de CNAIR, implementarea Sistemului de Tarifare Rutier\u0103 Electronic\u0103 din Rom\u00e2nia (STRR) va avea loc \u00eencep\u00e2nd cu data de 31 august 2026, \u00een conformitate cu prevederile art. 12 alin. (1) din Legea nr. 170\/2026, coroborate cu dispozi\u021biile Legii nr. 226\/2023.<\/p>\n<p class=\"wp-block-paragraph\">Sistemul va fi implementat pe domeniul Serviciului European de Taxare Rutier\u0103 Electronic\u0103 din Rom\u00e2nia (SETRE Rom\u00e2nia), reprezent\u00e2nd infrastructura digital\u0103 prin care vor fi gestionate tarifele de utilizare a re\u021belei rutiere na\u021bionale.<\/p>\n<h2 class=\"wp-block-heading\">TollRo va fi aplicat vehiculelor de transport marf\u0103 de peste 3,5 tone<\/h2>\n<p class=\"wp-block-paragraph\">Odat\u0103 cu implementarea STRR va fi introdus \u0219i sistemul TollRo, destinat vehiculelor \u00eenmatriculate utilizate pentru transportul de marf\u0103, cu masa total\u0103 maxim\u0103 autorizat\u0103 mai mare de 3,5 tone.<\/p>\n<p class=\"wp-block-paragraph\">Tariful aferent acestor vehicule va fi colectat prin intermediul platformei STRR. Totodat\u0103, legisla\u021bia prevede c\u0103 vehiculele de transport mixt vor fi \u00eencadrate, din perspectiva aplic\u0103rii TollRo, \u00een categoria vehiculelor de transport marf\u0103.<\/p>\n<h2 class=\"wp-block-heading\">Rovinieta \u0219i TollRo vor fi aplicate de la 1 octombrie 2026<\/h2>\n<p class=\"wp-block-paragraph\">De\u0219i infrastructura tehnic\u0103 va fi implementat\u0103 la sf\u00e2r\u0219itul lunii august, utilizatorii drumurilor nu vor pl\u0103ti imediat noile tarife.<\/p>\n<p class=\"wp-block-paragraph\">Conform art. 29 alin. (1) din Legea nr. 226\/2023, aplicarea rovinietei \u0219i a sistemului TollRo de c\u0103tre CNAIR va \u00eencepe la data de 1 octombrie 2026, \u00een condi\u021biile prev\u0103zute de legisla\u021bia \u00een vigoare.<\/p>\n<p class=\"wp-block-paragraph\">Astfel, perioada cuprins\u0103 \u00eentre 31 august \u0219i 1 octombrie este destinat\u0103 punerii \u00een func\u021biune \u0219i test\u0103rii infrastructurii necesare oper\u0103rii noului sistem de tarifare rutier\u0103.<\/p>\n<h2 class=\"wp-block-heading\">Ce \u00eenseamn\u0103 implementarea STRR pentru infrastructura rutier\u0103<\/h2>\n<p class=\"wp-block-paragraph\">Prin introducerea STRR, Rom\u00e2nia face un nou pas \u00een digitalizarea sistemului de taxare a utiliz\u0103rii infrastructurii rutiere. Platforma va permite administrarea electronic\u0103 a tarifelor aplicabile diferitelor categorii de vehicule \u0219i va constitui baza pentru func\u021bionarea sistemului TollRo.<\/p>\n<p class=\"wp-block-paragraph\">Implementarea acestei infrastructuri urm\u0103re\u0219te alinierea sistemului na\u021bional la cerin\u021bele europene privind taxarea electronic\u0103 \u0219i interoperabilitatea dintre statele membre.<\/p>\n<h2 class=\"wp-block-heading\">Sistemul rom\u00e2nesc va deveni interoperabil cu cele din Uniunea European\u0103<\/h2>\n<p class=\"wp-block-paragraph\">CNAIR precizeaz\u0103 c\u0103 interoperabilitatea sistemului rom\u00e2nesc de tarifare rutier\u0103 electronic\u0103 cu sistemele similare din celelalte state membre ale Uniunii Europene va deveni opera\u021bional\u0103 \u00eencep\u00e2nd cu 15 ianuarie 2027.<\/p>\n<p class=\"wp-block-paragraph\">M\u0103sura este prev\u0103zut\u0103 de art. 11 alin. (2) din Legea nr. 226\/2023, modificat\u0103 prin Legea nr. 103\/2026, \u0219i presupune integrarea sistemului rom\u00e2nesc prin intermediul Serviciului European de Taxare Rutier\u0103 (SETRE).<\/p>\n<p class=\"wp-block-paragraph\">Prin aceast\u0103 etap\u0103, sistemul na\u021bional va putea func\u021biona \u00een conformitate cu standardele europene privind taxarea electronic\u0103 a infrastructurii rutiere, facilit\u00e2nd interoperabilitatea cu sistemele utilizate \u00een celelalte state membre ale Uniunii Europene.<\/p>\n<h2 class=\"wp-block-heading\">Calendarul implement\u0103rii noului sistem de tarifare rutier\u0103<\/h2>\n<p class=\"wp-block-paragraph\">Anun\u021bul CNAIR stabile\u0219te clar cele trei momente importante ale implement\u0103rii noului sistem. La 31 august 2026 va fi pus\u0103 \u00een func\u021biune infrastructura STRR \u0219i TollRo, la 1 octombrie 2026 vor \u00eencepe s\u0103 fie aplicate tarifele pentru roviniet\u0103 \u0219i TollRo, iar din 15 ianuarie 2027 sistemul rom\u00e2nesc va deveni interoperabil cu platformele similare din Uniunea European\u0103.<\/p>\n<p class=\"wp-block-paragraph\">Acest calendar ofer\u0103 utilizatorilor \u0219i operatorilor de transport timpul necesar pentru adaptarea la noile sisteme electronice de tarifare \u00eenainte de intrarea \u00een vigoare a obliga\u021biilor prev\u0103zute de lege.<\/p>\n<\/div>\n<footer>\n<div class=\"td-post-source-tags\">\n<ul class=\"td-tags td-post-small-box clearfix\">\n<li><span>ETICHETE<\/span><\/li>\n<li><a href=\"https:\/\/orasul-timisoara.ro\/local-tag\/autostrazi-2\/\">autostr\u0103zi<\/a><\/li>\n<li><a href=\"https:\/\/orasul-timisoara.ro\/local-tag\/cnair\/\">CNAIR<\/a><\/li>\n<li><a href=\"https:\/\/orasul-timisoara.ro\/local-tag\/drumuri-expres\/\">drumuri expres<\/a><\/li>\n<li><a href=\"https:\/\/orasul-timisoara.ro\/local-tag\/drumuri-nationale-2\/\">drumuri na\u021bionale<\/a><\/li>\n<li><a href=\"https:\/\/orasul-timisoara.ro\/local-tag\/infrastructura-rutiera\/\">infrastructur\u0103 rutier\u0103<\/a><\/li>\n<li><a href=\"https:\/\/orasul-timisoara.ro\/local-tag\/legea-170-2026\/\">Legea 170\/2026<\/a><\/li>\n<li><a href=\"https:\/\/orasul-timisoara.ro\/local-tag\/legea-226-2023\/\">Legea 226\/2023<\/a><\/li>\n<li><a href=\"https:\/\/orasul-timisoara.ro\/local-tag\/rovinieta\/\">roviniet\u0103<\/a><\/li>\n<li><a href=\"https:\/\/orasul-timisoara.ro\/local-tag\/serviciul-european-de-taxare-rutiera\/\">Serviciul European de Taxare Rutier\u0103<\/a><\/li>\n<li><a href=\"https:\/\/orasul-timisoara.ro\/local-tag\/setre\/\">SETRE<\/a><\/li>\n<li><a href=\"https:\/\/orasul-timisoara.ro\/local-tag\/strr\/\">STRR<\/a><\/li>\n<li><a href=\"https:\/\/orasul-timisoara.ro\/local-tag\/tollro\/\">TollRo<\/a><\/li>\n<li><a href=\"https:\/\/orasul-timisoara.ro\/local-tag\/transport-marfa\/\">transport marf\u0103<\/a><\/li>\n<\/ul>\n<\/div>\n<div class=\"td-post-sharing-bottom\">\n<div class=\"td-post-sharing-classic\"><iframe title=\"bottomFacebookLike\" frameborder src=\"https:\/\/www.facebook.com\/plugins\/like.php?href=https:\/\/orasul-timisoara.ro\/local-40141\/&amp;layout=button_count&amp;show_faces=false&amp;width=105&amp;action=like&amp;colorscheme=light&amp;height=21\"><\/iframe><\/div>\n<div id=\"td_social_sharing_article_bottom\" class=\"td-post-sharing td-ps-bg td-ps-notext td-post-sharing-style1 \">\n<div class=\"td-post-sharing-visible\"><a class=\"td-social-sharing-button td-social-sharing-button-js td-social-network td-social-facebook\" href=\"https:\/\/www.facebook.com\/sharer.php?u=https%3A%2F%2Forasul-timisoara.ro%2Flocal-40141%2F\" title=\"Facebook\"><\/p>\n<div class=\"td-social-but-text\">Facebook<\/div>\n<p><\/a><a class=\"td-social-sharing-button td-social-sharing-button-js td-social-network td-social-twitter\" href=\"https:\/\/twitter.com\/intent\/tweet?text=Rom%C3%A2nia+implementeaz%C4%83+STRR+%C8%99i+TollRo+din+31+august+2026.+C%C3%A2nd+%C3%AEncepe+plata+tarifelor&amp;url=https%3A%2F%2Forasul-timisoara.ro%2Flocal-40141%2F&amp;via=orasultm\" title=\"Twitter\"><\/p>\n<div class=\"td-social-but-text\">Twitter<\/div>\n<p><\/a><a class=\"td-social-sharing-button td-social-sharing-button-js td-social-network td-social-whatsapp\" href=\"https:\/\/api.whatsapp.com\/send?text=Rom%C3%A2nia+implementeaz%C4%83+STRR+%C8%99i+TollRo+din+31+august+2026.+C%C3%A2nd+%C3%AEncepe+plata+tarifelor%20%0A%0A%20https:\/\/orasul-timisoara.ro\/local-40141\/\" title=\"WhatsApp\"><\/p>\n<div class=\"td-social-but-text\">WhatsApp<\/div>\n<p><\/a><a class=\"td-social-sharing-button td-social-sharing-button-js td-social-network td-social-linkedin\" href=\"https:\/\/www.linkedin.com\/shareArticle?mini=true&amp;url=https:\/\/orasul-timisoara.ro\/local-40141\/&amp;title=Rom%C3%A2nia+implementeaz%C4%83+STRR+%C8%99i+TollRo+din+31+august+2026.+C%C3%A2nd+%C3%AEncepe+plata+tarifelor\" title=\"Linkedin\"><\/p>\n<div class=\"td-social-but-text\">Linkedin<\/div>\n<p><\/a><a class=\"td-social-sharing-button td-social-sharing-button-js td-social-network td-social-reddit\" href=\"https:\/\/reddit.com\/submit?url=https:\/\/orasul-timisoara.ro\/local-40141\/&amp;title=Rom%C3%A2nia+implementeaz%C4%83+STRR+%C8%99i+TollRo+din+31+august+2026.+C%C3%A2nd+%C3%AEncepe+plata+tarifelor\" title=\"ReddIt\"><\/p>\n<div class=\"td-social-but-text\">ReddIt<\/div>\n<p><\/a><a class=\"td-social-sharing-button td-social-sharing-button-js td-social-network td-social-mail\" href=\"mailto:?subject=Rom%C3%A2nia%20implementeaz%C4%83%20STRR%20%C8%99i%20TollRo%20din%2031%20august%202026.%20C%C3%A2nd%20%C3%AEncepe%20plata%20tarifelor&amp;body=https:\/\/orasul-timisoara.ro\/local-40141\/\" title=\"Email\"><\/p>\n<div class=\"td-social-but-text\">Email<\/div>\n<p><\/a><a class=\"td-social-sharing-button td-social-sharing-button-js td-social-network td-social-print\" href=\"https:\/\/orasul-timisoara.ro\/local-40141\/\" title=\"Imprimare\"><\/p>\n<div class=\"td-social-but-text\">Imprimare<\/div>\n<p><\/a><\/div>\n<\/div>\n<\/div>\n<div class=\"td-block-row td-post-next-prev\">\n<div class=\"td-block-span6 td-post-prev-post\">\n<div class=\"td-post-next-prev-content\"><span>Articolul precedent<\/span><a href=\"https:\/\/orasul-timisoara.ro\/local-40125\/\">Primul loc de joac\u0103 modernizat prin noul program al Prim\u0103riei Timi\u0219oara, inaugurat pe strada Or\u0219ova<\/a><\/div>\n<\/div>\n<div class=\"td-block-span6 td-post-next-post\">\n<div class=\"td-post-next-prev-content\"><span>Articolul urm\u0103tor<\/span><a href=\"https:\/\/orasul-timisoara.ro\/local-40144\/\">Youth Summer Fest 2026 aduce art\u0103 \u0219i muzic\u0103 la Casa Tineretului din Timi\u0219oara<\/a><\/div>\n<\/div>\n<\/div>\n<div class=\"td-author-name vcard author\"><span class=\"fn\"><a href=\"https:\/\/orasul-timisoara.ro\/author\/timisoara\/\">redactia<\/a><\/span><\/div>\n<p><span class=\"td-page-meta\"><\/span><span class=\"td-page-meta\"><span class=\"td-page-meta\"><\/span><\/span><span class=\"td-page-meta\"><\/span><\/footer>\n<div class=\"td_block_wrap td_block_related_posts tdi_3 td_with_ajax_pagination td-pb-border-top td_block_template_8\" data-td-block-uid=\"tdi_3\">\n<h4 class=\"td-related-title td-block-title\"><a id=\"tdi_4\" class=\"td-related-left td-cur-simple-item\" data-td_filter_value data-td_block_id=\"tdi_3\" href=\"https:\/\/orasul-timisoara.ro\/local-40141\/\">ARTICOLE SIMILARE<\/a><a id=\"tdi_5\" class=\"td-related-right\" data-td_filter_value=\"td_related_more_from_author\" data-td_block_id=\"tdi_3\" href=\"https:\/\/orasul-timisoara.ro\/local-40141\/\">DE LA ACELA\u0218I AUTOR<\/a><\/h4>\n<div id=\"tdi_3\" class=\"td_block_inner\">\n<div class=\"td-related-row\">\n<div class=\"td-related-span4\">\n<div class=\"td_module_related_posts td-animation-stack td_mod_related_posts\">\n<div class=\"td-module-image\">\n<div class=\"td-module-thumb\"><a href=\"https:\/\/orasul-timisoara.ro\/local-39992\/\" rel=\"bookmark\" class=\"td-image-wrap \" title=\"DRDP Timi\u0219oara modernizeaz\u0103 semnalizarea rutier\u0103 de pe autostrada A1\"><img loading=\"lazy\" decoding=\"async\" class=\"entry-thumb\" src=\"https:\/\/orasul-timisoara.ro\/wp-content\/uploads\/2026\/08\/763098262_1583662216547515_8266244392991676577_n-436x300.jpg\" alt title=\"DRDP Timi\u0219oara modernizeaz\u0103 semnalizarea rutier\u0103 de pe autostrada A1\" width=\"218\" height=\"150\"><\/a><\/div>\n<\/div>\n<div class=\"item-details\">\n<h3 class=\"entry-title td-module-title\"><a href=\"https:\/\/orasul-timisoara.ro\/local-39992\/\" rel=\"bookmark\" title=\"DRDP Timi\u0219oara modernizeaz\u0103 semnalizarea rutier\u0103 de pe autostrada A1\">DRDP Timi\u0219oara modernizeaz\u0103 semnalizarea rutier\u0103 de pe autostrada A1<\/a><\/h3>\n<\/div>\n<\/div>\n<\/div>\n<div class=\"td-related-span4\">\n<div class=\"td_module_related_posts td-animation-stack td_mod_related_posts\">\n<div class=\"td-module-image\">\n<div class=\"td-module-thumb\"><a href=\"https:\/\/orasul-timisoara.ro\/local-39931\/\" rel=\"bookmark\" class=\"td-image-wrap \" title=\"Progrese importante pe \u0219antierul A1 Margina \u2013 Holdea. Tunelul 1 a dep\u0103\u0219it 90% execu\u021bie\"><img loading=\"lazy\" decoding=\"async\" class=\"entry-thumb\" src=\"https:\/\/orasul-timisoara.ro\/wp-content\/uploads\/2026\/07\/759253883_1602928207918188_4768404917454583425_n-436x300.jpg\" alt title=\"Progrese importante pe \u0219antierul A1 Margina \u2013 Holdea. Tunelul 1 a dep\u0103\u0219it 90% execu\u021bie\" width=\"218\" height=\"150\"><\/a><\/div>\n<\/div>\n<div class=\"item-details\">\n<h3 class=\"entry-title td-module-title\"><a href=\"https:\/\/orasul-timisoara.ro\/local-39931\/\" rel=\"bookmark\" title=\"Progrese importante pe \u0219antierul A1 Margina \u2013 Holdea. Tunelul 1 a dep\u0103\u0219it 90% execu\u021bie\">Progrese importante pe \u0219antierul A1 Margina \u2013 Holdea. Tunelul 1 a dep\u0103\u0219it 90% execu\u021bie<\/a><\/h3>\n<\/div>\n<\/div>\n<\/div>\n<div class=\"td-related-span4\">\n<div class=\"td_module_related_posts td-animation-stack td_mod_related_posts\">\n<div class=\"td-module-image\">\n<div class=\"td-module-thumb\"><a href=\"https:\/\/orasul-timisoara.ro\/local-39924\/\" rel=\"bookmark\" class=\"td-image-wrap \" title=\"Frezare \u0219i asfaltare pe DN 66A, \u00eentre C\u00e2mpu lui Neag \u0219i Aninoasa\"><img loading=\"lazy\" decoding=\"async\" class=\"entry-thumb\" src=\"https:\/\/orasul-timisoara.ro\/wp-content\/uploads\/2026\/07\/lucrari-hunedoara-1-1-436x300.jpg\" alt title=\"Frezare \u0219i asfaltare pe DN 66A, \u00eentre C\u00e2mpu lui Neag \u0219i Aninoasa\" width=\"218\" height=\"150\"><\/a><\/div>\n<\/div>\n<div class=\"item-details\">\n<h3 class=\"entry-title td-module-title\"><a href=\"https:\/\/orasul-timisoara.ro\/local-39924\/\" rel=\"bookmark\" title=\"Frezare \u0219i asfaltare pe DN 66A, \u00eentre C\u00e2mpu lui Neag \u0219i Aninoasa\">Frezare \u0219i asfaltare pe DN 66A, \u00eentre C\u00e2mpu lui Neag \u0219i Aninoasa<\/a><\/h3>\n<\/div>\n<\/div>\n<\/div>\n<\/div>\n<\/div>\n<\/div>\n<div class=\"comments\" id=\"comments\">\n<div id=\"respond\" class=\"comment-respond\">\n<h3 id=\"reply-title\" class=\"comment-reply-title\">L\u0102SA\u021aI UN MESAJ<\/h3>\n<div class=\"comment-form-input-wrap td-form-comment\">\n<div class=\"td-warning-comment\">V\u0103 rug\u0103m s\u0103 introduce\u021bi comentariul dvs.!<\/div>\n<\/div>\n<div class=\"comment-form-input-wrap td-form-author\">\n<div class=\"td-warning-author\">Introduce\u021bi aici numele dvs.<\/div>\n<\/div>\n<div class=\"comment-form-input-wrap td-form-email\">\n<div class=\"td-warning-email-error\">A\u021bi introdus o adres\u0103 de e-mail incorect\u0103!<\/div>\n<div class=\"td-warning-email\">V\u0103 rug\u0103m s\u0103 introduce\u021bi adresa dvs. de e-mail aici<\/div>\n<\/div>\n<\/div>\n<p class=\"akismet_comment_form_privacy_notice\">Acest site folose\u0219te Akismet pentru a reduce spamul. <a href=\"https:\/\/akismet.com\/privacy\/\" target=\"_blank\" rel=\"nofollow noopener\">Afl\u0103 cum sunt procesate datele comentariilor tale<\/a>.<\/p>\n<\/div>\n<\/div>\n<\/div>\n<div class=\"td-pb-span4 td-main-sidebar\" role=\"complementary\">\n<div class=\"td-ss-main-sidebar\">\n<aside id=\"block-4\" class=\"td_block_template_8 widget block-4 widget_block widget_media_image\">\n<figure class=\"wp-block-image size-full\"><img loading=\"lazy\" decoding=\"async\" width=\"336\" height=\"280\" src=\"https:\/\/orasul-timisoara.ro\/wp-content\/uploads\/2024\/11\/ReTIM-Abonamentul-Verde-Google-Ads-336x280px.gif\" alt class=\"wp-image-29257\"><\/figure>\n<\/aside>\n<div class=\"td_block_wrap td_block_social_counter td_block_widget tdi_6 td-social-style5 td-social-boxed td-pb-border-top td_block_template_8\">\n<div class=\"td-block-title-wrap\">\n<h4 class=\"td-block-title\"><span>Urm\u0103re\u0219te-ne pe Social Media<\/span><\/h4>\n<\/div>\n<div class=\"td-social-list\">\n<div class=\"td_social_type td-pb-margin-side td_social_facebook\">\n<div class=\"td-social-box\"><span class=\"td_social_info td_social_info_counter\">344,595<\/span><span class=\"td_social_info td_social_info_name\">Fani<\/span><span class=\"td_social_button\"><a href=\"https:\/\/www.facebook.com\/247timisoara\" target=\"_blank\" rel=\"nofollow\">\u00cemi place<\/a><\/span><\/div>\n<\/div>\n<div class=\"td_social_type td-pb-margin-side td_social_instagram\">\n<div class=\"td-social-box\"><span class=\"td_social_info td_social_info_counter\">4,416<\/span><span class=\"td_social_info td_social_info_name\">Cititori<\/span><span class=\"td_social_button\"><a href=\"https:\/\/instagram.com\/orasultimisoararo\/\" target=\"_blank\" rel=\"nofollow\">Conecta\u021bi-v\u0103<\/a><\/span><\/div>\n<\/div>\n<div class=\"td_social_type td-pb-margin-side td_social_rss\">\n<div class=\"td-social-box\"><span class=\"td_social_info td_social_info_counter\">12,506<\/span><span class=\"td_social_info td_social_info_name\">Cititori<\/span><span class=\"td_social_button\"><a href=\"https:\/\/orasul-timisoara.ro\/feed\/\" target=\"_blank\" rel=\"nofollow\">Conecta\u021bi-v\u0103<\/a><\/span><\/div>\n<\/div>\n<div class=\"td_social_type td-pb-margin-side td_social_tiktok\">\n<div class=\"td-social-box\"><span class=\"td_social_info td_social_info_counter\">1,500<\/span><span class=\"td_social_info td_social_info_name\">Cititori<\/span><span class=\"td_social_button\"><a href=\"https:\/\/www.tiktok.com\/@orasultimisoara\" target=\"_blank\" rel=\"nofollow\">Conecta\u021bi-v\u0103<\/a><\/span><\/div>\n<\/div>\n<div class=\"td_social_type td-pb-margin-side td_social_twitter\">\n<div class=\"td-social-box\"><span class=\"td_social_info td_social_info_counter\">1,595<\/span><span class=\"td_social_info td_social_info_name\">Cititori<\/span><span class=\"td_social_button\"><a href=\"https:\/\/twitter.com\/orasultm\" target=\"_blank\" rel=\"nofollow\">Conecta\u021bi-v\u0103<\/a><\/span><\/div>\n<\/div>\n<div class=\"td_social_type td-pb-margin-side td_social_youtube\">\n<div class=\"td-social-box\"><span class=\"td_social_info td_social_info_counter\">3,506<\/span><span class=\"td_social_info td_social_info_name\">Abona\u021bi<\/span><span class=\"td_social_button\"><a href=\"https:\/\/www.youtube.com\/channel\/UCQNsQvs2XCSIm1Z-AHRturw?sub_confirmation=1\" target=\"_blank\" rel=\"nofollow\">Abona\u021bi-v\u0103<\/a><\/span><\/div>\n<\/div>\n<\/div>\n<\/div>\n<aside id=\"text-7\" class=\"td_block_template_8 widget text-7 widget_text\">\n<h4 class=\"td-block-title\"><span>C\u0103ut\u0103ri populare pe OTM<\/span><\/h4>\n<div class=\"textwidget\"><a href=\"https:\/\/orasul-timisoara.ro\/?s=timisoara\"><span>Timisoara<\/span><\/a><a href=\"https:\/\/orasul-timisoara.ro\/?s=calin+dobra\"><span>Calin Dobra<\/span><\/a><a href=\"https:\/\/orasul-timisoara.ro\/?s=primaria+timisoara\"><span>Primaria Timisoara<\/span><\/a><a href=\"https:\/\/orasul-timisoara.ro\/?s=dominic+fritz\"><span>Dominic Fritz<\/span><\/a><a href=\"https:\/\/orasul-timisoara.ro\/?s=nicolae+robu\"><span>Nicolae Robu<\/span><\/a><a href=\"https:\/\/orasul-timisoara.ro\/?s=consiliul+local+timisoara\">Consiliul Local Timisoara<\/a><a href=\"https:\/\/orasul-timisoara.ro\/?s=consiliul+judetean+timis\"><span>Consiliul Judetean Timis<\/span><\/a><a href=\"https:\/\/orasul-timisoara.ro\/?s=cjt\"><span>CJT<\/span><\/a><a href=\"https:\/\/orasul-timisoara.ro\/?s=Alfred+Simonis\"><span>Alfred Simonis<\/span><\/a><a href=\"https:\/\/orasul-timisoara.ro\/?s=PNL\"><span>PNL<\/span><\/a><a href=\"https:\/\/orasul-timisoara.ro\/?s=coronavirus\"><span>coronavirus<\/span><\/a><a href=\"https:\/\/orasul-timisoara.ro\/?s=teatru+timisoara\">teatru Timisoara<\/a><a href=\"https:\/\/orasul-timisoara.ro\/?s=restaurante\"><span>restaurante Timisoara<\/span><\/a><a href=\"https:\/\/orasul-timisoara.ro\/?s=diskoteka\"><span>Diskoteka<\/span><\/a><a href=\"https:\/\/orasul-timisoara.ro\/?s=iulius+town\"><span>Iulius Town<\/span><\/a><a href=\"https:\/\/orasul-timisoara.ro\/?s=iulius+mall\"><span>Iulius Mall<\/span><\/a><a href=\"https:\/\/orasul-timisoara.ro\/?s=stpt\"><span>STPT<\/span><\/a><a href=\"https:\/\/orasul-timisoara.ro\/?s=alin+nica\"><span>Alin Nica<\/span><\/a><a href=\"https:\/\/orasul-timisoara.ro\/?s=psd\"><span>PSD<\/span><\/a><a href=\"https:\/\/orasul-timisoara.ro\/?s=aeroport\"><span>Aeroportul International Timisoara<\/span><\/a><a href=\"https:\/\/orasul-timisoara.ro\/?s=babes\"><span>Spitalul Victor Babes Timisoara<\/span><\/a><a href=\"https:\/\/orasul-timisoara.ro\/?s=poli\"><span>Poli Timi\u0219oara<\/span><\/a><a href=\"https:\/\/orasul-timisoara.ro\/?s=carantina\"><span>carantina<\/span><\/a><a href=\"https:\/\/orasul-timisoara.ro\/?s=aquatim\"><span>Aquatim<\/span><\/a><a href=\"https:\/\/orasul-timisoara.ro\/local-category\/stiri-timisoara\/\"><span>Stiri Timisoara<\/span><\/a><a href=\"https:\/\/orasul-timisoara.ro\/local-category\/investitii-in-timisoara\/\"><span>Investi\u021bii in Timi\u0219oara<\/span><\/a><a href=\"https:\/\/orasul-timisoara.ro\/local-9463\/\"><span>shaorma<\/span><\/a><a href=\"https:\/\/orasul-timisoara.ro\/?s=trafic\"><span>trafic rutier<\/span><\/a><a href=\"https:\/\/orasul-timisoara.ro\/?s=politia\"><span>politia locala timisoara<\/span><\/a><a href=\"https:\/\/orasul-timisoara.ro\/?s=roxana\"><span>Roxana Iliescu<\/span><\/a><a href=\"https:\/\/orasul-timisoara.ro\/?s=colterm\"><span>Colterm<\/span><\/a><a href=\"https:\/\/orasul-timisoara.ro\/?s=latcau\"><span>Ruben La\u021bc\u0103u<\/span><\/a><a href=\"https:\/\/orasul-timisoara.ro\/?s=timis\"><span>\u0218tiri din Timi\u0219<\/span><\/a><a href=\"https:\/\/orasul-timisoara.ro\/?s=spital\"><span>Spitale din Timi\u0219oara<\/span><\/a><a href=\"https:\/\/orasul-timisoara.ro\/?s=tabara\"><span>Cosmin Tab\u0103r\u0103<\/span><\/a><\/div>\n<\/aside>\n<aside id=\"rss-2\" class=\"td_block_template_8 widget rss-2 widget_rss\">\n<h4 class=\"td-block-title\"><span><a class=\"rsswidget rss-widget-feed\" href=\"https:\/\/fashionfridays.ro\/feed\"><img decoding=\"async\" class=\"rss-widget-icon\" width=\"14\" height=\"14\" src=\"https:\/\/orasul-timisoara.ro\/wp-includes\/images\/rss.png\" alt=\"RSS\" loading=\"lazy\"><\/a><a class=\"rsswidget rss-widget-title\" href=\"https:\/\/fashionfridays.ro\/\">Fashion Fridays<\/a><\/span><\/h4>\n<ul>\n<li><a class=\"rsswidget\" href=\"https:\/\/fashionfridays.ro\/romania-devine-a-29-a-piata-vogue-o-noua-era-pentru-industria-locala-de-moda\/\">Rom\u00e2nia devine a 29-a pia\u021b\u0103 Vogue: o nou\u0103 er\u0103 pentru industria local\u0103 de mod\u0103<\/a>\n<div class=\"rssSummary\">Revista Vogue \u00ee\u0219i extinde prezen\u021ba global\u0103 \u0219i va fi lansat\u0103 oficial \u00een Rom\u00e2nia \u00een prim\u0103vara anului 2027, marc\u00e2nd intrarea pe cea de-a 29-a pia\u021b\u0103 interna\u021bional\u0103. Proiectul este realizat \u00een parteneriat cu AEMME Publishing, o companie media recent \u00eenfiin\u021bat\u0103, care va publica edi\u021bia local\u0103 sub licen\u021b\u0103. Noua edi\u021bie, Vogue Rom\u00e2nia, \u00ee\u0219i propune s\u0103 combine autoritatea global\u0103 [\u2026]<\/div>\n<\/li>\n<\/ul>\n<\/aside>\n<aside id=\"rss-4\" class=\"td_block_template_8 widget rss-4 widget_rss\">\n<h4 class=\"td-block-title\"><span><a class=\"rsswidget rss-widget-feed\" href=\"https:\/\/emasini.ro\/feed\"><img decoding=\"async\" class=\"rss-widget-icon\" width=\"14\" height=\"14\" src=\"https:\/\/orasul-timisoara.ro\/wp-includes\/images\/rss.png\" alt=\"RSS\" loading=\"lazy\"><\/a><a class=\"rsswidget rss-widget-title\" href=\"https:\/\/emasini.ro\/\">eMasini<\/a><\/span><\/h4>\n<ul>\n<li><a class=\"rsswidget\" href=\"https:\/\/emasini.ro\/bmw-testeaza-noul-i4-convertible-primul-cabrio-electric-accesibil-al-marcii\/\">BMW testeaz\u0103 noul i4 Convertible, primul cabrio electric accesibil al m\u0103rcii<\/a>\n<div class=\"rssSummary\">BMW accelereaz\u0103 dezvoltarea noii genera\u021bii de modele electrice bazate pe platforma Neue Klasse, iar unul dintre cele mai interesante proiecte aflate \u00een teste este viitorul BMW i4 Convertible. Prototipul camuflat a fost surprins pe \u0219osele, confirm\u00e2nd c\u0103 produc\u0103torul german preg\u0103te\u0219te o decapotabil\u0103 electric\u0103 destinat\u0103 unui segment \u00een care oferta este, \u00een prezent, extrem de limitat\u0103. [\u2026]<\/div>\n<\/li>\n<\/ul>\n<\/aside>\n<\/div>\n<\/div>\n<\/div>\n<\/div>\n<\/article>\n<div class=\"td-post-content tagdiv-type\">\n<p class=\"wp-block-paragraph\">CNAIR: Sistemul STRR \u0219i TollRo vor fi implementate din 31 august 2026. C\u00e2nd intr\u0103 \u00een vigoare noile tarife<\/p>\n<p class=\"wp-block-paragraph\">Compania Na\u021bional\u0103 de Administrare a Infrastructurii Rutiere (CNAIR) a anun\u021bat calendarul oficial privind implementarea Sistemului de Tarifare Rutier\u0103 Electronic\u0103 din Rom\u00e2nia (STRR) \u0219i a sistemului TollRo. Potrivit prevederilor legale, infrastructura necesar\u0103 va deveni opera\u021bional\u0103 \u00eencep\u00e2nd cu 31 august 2026, \u00eens\u0103 aplicarea efectiv\u0103 a tarifelor va \u00eencepe o lun\u0103 mai t\u00e2rziu, de la 1 octombrie 2026.<\/p>\n<p class=\"wp-block-paragraph\">Noile sisteme vor fi utilizate pe re\u021beaua de drumuri na\u021bionale, drumuri expres \u0219i autostr\u0103zi din Rom\u00e2nia \u0219i fac parte din procesul de modernizare a modului de colectare a tarifelor de utilizare a infrastructurii rutiere. De asemenea, sistemul rom\u00e2nesc va deveni interoperabil cu cele din alte state membre ale Uniunii Europene \u00eencep\u00e2nd din ianuarie 2027.<\/p>\n<h2 class=\"wp-block-heading\">STRR va fi implementat \u00een Rom\u00e2nia din 31 august 2026<\/h2>\n<p class=\"wp-block-paragraph\">Potrivit informa\u021biilor transmise de CNAIR, implementarea Sistemului de Tarifare Rutier\u0103 Electronic\u0103 din Rom\u00e2nia (STRR) va avea loc \u00eencep\u00e2nd cu data de 31 august 2026, \u00een conformitate cu prevederile art. 12 alin. (1) din Legea nr. 170\/2026, coroborate cu dispozi\u021biile Legii nr. 226\/2023.<\/p>\n<p class=\"wp-block-paragraph\">Sistemul va fi implementat pe domeniul Serviciului European de Taxare Rutier\u0103 Electronic\u0103 din Rom\u00e2nia (SETRE Rom\u00e2nia), reprezent\u00e2nd infrastructura digital\u0103 prin care vor fi gestionate tarifele de utilizare a re\u021belei rutiere na\u021bionale.<\/p>\n<h2 class=\"wp-block-heading\">TollRo va fi aplicat vehiculelor de transport marf\u0103 de peste 3,5 tone<\/h2>\n<p class=\"wp-block-paragraph\">Odat\u0103 cu implementarea STRR va fi introdus \u0219i sistemul TollRo, destinat vehiculelor \u00eenmatriculate utilizate pentru transportul de marf\u0103, cu masa total\u0103 maxim\u0103 autorizat\u0103 mai mare de 3,5 tone.<\/p>\n<p class=\"wp-block-paragraph\">Tariful aferent acestor vehicule va fi colectat prin intermediul platformei STRR. Totodat\u0103, legisla\u021bia prevede c\u0103 vehiculele de transport mixt vor fi \u00eencadrate, din perspectiva aplic\u0103rii TollRo, \u00een categoria vehiculelor de transport marf\u0103.<\/p>\n<h2 class=\"wp-block-heading\">Rovinieta \u0219i TollRo vor fi aplicate de la 1 octombrie 2026<\/h2>\n<p class=\"wp-block-paragraph\">De\u0219i infrastructura tehnic\u0103 va fi implementat\u0103 la sf\u00e2r\u0219itul lunii august, utilizatorii drumurilor nu vor pl\u0103ti imediat noile tarife.<\/p>\n<p class=\"wp-block-paragraph\">Conform art. 29 alin. (1) din Legea nr. 226\/2023, aplicarea rovinietei \u0219i a sistemului TollRo de c\u0103tre CNAIR va \u00eencepe la data de 1 octombrie 2026, \u00een condi\u021biile prev\u0103zute de legisla\u021bia \u00een vigoare.<\/p>\n<p class=\"wp-block-paragraph\">Astfel, perioada cuprins\u0103 \u00eentre 31 august \u0219i 1 octombrie este destinat\u0103 punerii \u00een func\u021biune \u0219i test\u0103rii infrastructurii necesare oper\u0103rii noului sistem de tarifare rutier\u0103.<\/p>\n<h2 class=\"wp-block-heading\">Ce \u00eenseamn\u0103 implementarea STRR pentru infrastructura rutier\u0103<\/h2>\n<p class=\"wp-block-paragraph\">Prin introducerea STRR, Rom\u00e2nia face un nou pas \u00een digitalizarea sistemului de taxare a utiliz\u0103rii infrastructurii rutiere. Platforma va permite administrarea electronic\u0103 a tarifelor aplicabile diferitelor categorii de vehicule \u0219i va constitui baza pentru func\u021bionarea sistemului TollRo.<\/p>\n<p class=\"wp-block-paragraph\">Implementarea acestei infrastructuri urm\u0103re\u0219te alinierea sistemului na\u021bional la cerin\u021bele europene privind taxarea electronic\u0103 \u0219i interoperabilitatea dintre statele membre.<\/p>\n<h2 class=\"wp-block-heading\">Sistemul rom\u00e2nesc va deveni interoperabil cu cele din Uniunea European\u0103<\/h2>\n<p class=\"wp-block-paragraph\">CNAIR precizeaz\u0103 c\u0103 interoperabilitatea sistemului rom\u00e2nesc de tarifare rutier\u0103 electronic\u0103 cu sistemele similare din celelalte state membre ale Uniunii Europene va deveni opera\u021bional\u0103 \u00eencep\u00e2nd cu 15 ianuarie 2027.<\/p>\n<p class=\"wp-block-paragraph\">M\u0103sura este prev\u0103zut\u0103 de art. 11 alin. (2) din Legea nr. 226\/2023, modificat\u0103 prin Legea nr. 103\/2026, \u0219i presupune integrarea sistemului rom\u00e2nesc prin intermediul Serviciului European de Taxare Rutier\u0103 (SETRE).<\/p>\n<p class=\"wp-block-paragraph\">Prin aceast\u0103 etap\u0103, sistemul na\u021bional va putea func\u021biona \u00een conformitate cu standardele europene privind taxarea electronic\u0103 a infrastructurii rutiere, facilit\u00e2nd interoperabilitatea cu sistemele utilizate \u00een celelalte state membre ale Uniunii Europene.<\/p>\n<h2 class=\"wp-block-heading\">Calendarul implement\u0103rii noului sistem de tarifare rutier\u0103<\/h2>\n<p class=\"wp-block-paragraph\">Anun\u021bul CNAIR stabile\u0219te clar cele trei momente importante ale implement\u0103rii noului sistem. La 31 august 2026 va fi pus\u0103 \u00een func\u021biune infrastructura STRR \u0219i TollRo, la 1 octombrie 2026 vor \u00eencepe s\u0103 fie aplicate tarifele pentru roviniet\u0103 \u0219i TollRo, iar din 15 ianuarie 2027 sistemul rom\u00e2nesc va deveni interoperabil cu platformele similare din Uniunea European\u0103.<\/p>\n<p class=\"wp-block-paragraph\">Acest calendar ofer\u0103 utilizatorilor \u0219i operatorilor de transport timpul necesar pentru adaptarea la noile sisteme electronice de tarifare \u00eenainte de intrarea \u00een vigoare a obliga\u021biilor prev\u0103zute de lege.<\/p>\n<\/div>\n<p>[analyse_source url=&#8221;https:\/\/orasul-timisoara.ro\/local-40141\/&#8221;]<\/p>\n","protected":false},"excerpt":{"rendered":"<p>[analyse_image type=&#8221;featured&#8221; src=&#8221;https:\/\/orasul-timisoara.ro\/wp-content\/uploads\/2026\/08\/autostrada-TollRo.jpg&#8221;] \u0218tiri na\u021bionale \u0219i interna\u021bionaleRom\u00e2nia implementeaz\u0103 STRR \u0219i TollRo din 31 august 2026. C\u00e2nd \u00eencepe plata&#8230; \u0218tiri na\u021bionale \u0219i interna\u021bionale Turism Rom\u00e2nia implementeaz\u0103 STRR \u0219i TollRo din 31 august 2026. C\u00e2nd \u00eencepe plata tarifelor De c\u0103tre redactia &#8211; 07\/08\/2026 Facebook Twitter WhatsApp Linkedin ReddIt Email Imprimare CNAIR: Sistemul STRR \u0219i TollRo vor fi [&hellip;]<\/p>\n","protected":false},"author":1,"featured_media":0,"comment_status":"open","ping_status":"","sticky":false,"template":"","format":"standard","meta":{"footnotes":""},"categories":[89],"tags":[226,189],"class_list":["post-2085093","post","type-post","status-publish","format-standard","hentry","category-romania","tag-crawlmanager","tag-orasul-timisoara-ro"],"_links":{"self":[{"href":"https:\/\/analyse.optim.biz\/index.php?rest_route=\/wp\/v2\/posts\/2085093","targetHints":{"allow":["GET"]}}],"collection":[{"href":"https:\/\/analyse.optim.biz\/index.php?rest_route=\/wp\/v2\/posts"}],"about":[{"href":"https:\/\/analyse.optim.biz\/index.php?rest_route=\/wp\/v2\/types\/post"}],"author":[{"embeddable":true,"href":"https:\/\/analyse.optim.biz\/index.php?rest_route=\/wp\/v2\/users\/1"}],"replies":[{"embeddable":true,"href":"https:\/\/analyse.optim.biz\/index.php?rest_route=%2Fwp%2Fv2%2Fcomments&post=2085093"}],"version-history":[{"count":0,"href":"https:\/\/analyse.optim.biz\/index.php?rest_route=\/wp\/v2\/posts\/2085093\/revisions"}],"wp:attachment":[{"href":"https:\/\/analyse.optim.biz\/index.php?rest_route=%2Fwp%2Fv2%2Fmedia&parent=2085093"}],"wp:term":[{"taxonomy":"category","embeddable":true,"href":"https:\/\/analyse.optim.biz\/index.php?rest_route=%2Fwp%2Fv2%2Fcategories&post=2085093"},{"taxonomy":"post_tag","embeddable":true,"href":"https:\/\/analyse.optim.biz\/index.php?rest_route=%2Fwp%2Fv2%2Ftags&post=2085093"}],"curies":[{"name":"wp","href":"https:\/\/api.w.org\/{rel}","templated":true}]}}