{"id":2085091,"date":"2026-08-03T09:27:00","date_gmt":"2026-08-03T06:27:00","guid":{"rendered":"https:\/\/analyse.optim.biz\/?p=2085091"},"modified":"2026-08-03T09:27:00","modified_gmt":"2026-08-03T06:27:00","slug":"valentin-sava-pictura-expozitie-la-muzeul-de-istorie-suceava","status":"publish","type":"post","link":"https:\/\/analyse.optim.biz\/?p=2085091","title":{"rendered":"\u201eValentin Sava. Pictur\u0103\u201d, expozi\u021bie la Muzeul de Istorie Suceava"},"content":{"rendered":"<p>[analyse_image type=&#8221;featured&#8221; src=&#8221;https:\/\/blogger.googleusercontent.com\/img\/b\/R29vZ2xl\/AVvXsEihM1E02qSzR7G4M_q9bb08Fv4_zd4k834b1pWyGfNXVRTGrtS4nDr-TeXxwDHusLBql25DCzuzCaMsBpI_D6Ya6V2U75gslVTgEGXnBZrERGc9Lc3aWpDL8q-2M14YleEvITmHJ-ofducd8TkFC5BPgHJk0wiKEwsj9ca9v_z1xjcn_aoNfDhVFQ2uSnU\/w1600\/expozitie-valentin-sava.jpg&#8221;]<\/p>\n<div class=\"post-body entry-content\" id=\"post-body\">\n<div class=\"separator\"><a href=\"https:\/\/blogger.googleusercontent.com\/img\/b\/R29vZ2xl\/AVvXsEihM1E02qSzR7G4M_q9bb08Fv4_zd4k834b1pWyGfNXVRTGrtS4nDr-TeXxwDHusLBql25DCzuzCaMsBpI_D6Ya6V2U75gslVTgEGXnBZrERGc9Lc3aWpDL8q-2M14YleEvITmHJ-ofducd8TkFC5BPgHJk0wiKEwsj9ca9v_z1xjcn_aoNfDhVFQ2uSnU\/s1200\/expozitie-valentin-sava.jpg\"><img decoding=\"async\" alt=\"\u201eValentin Sava. Pictur\u0103\u201d, expozi\u021bie la Muzeul de Istorie Suceava\" border=\"0\" height=\"640\" loading=\"lazy\" src=\"https:\/\/blogger.googleusercontent.com\/img\/b\/R29vZ2xl\/AVvXsEihM1E02qSzR7G4M_q9bb08Fv4_zd4k834b1pWyGfNXVRTGrtS4nDr-TeXxwDHusLBql25DCzuzCaMsBpI_D6Ya6V2U75gslVTgEGXnBZrERGc9Lc3aWpDL8q-2M14YleEvITmHJ-ofducd8TkFC5BPgHJk0wiKEwsj9ca9v_z1xjcn_aoNfDhVFQ2uSnU\/w452-h640-rw\/expozitie-valentin-sava.jpg\" title=\"\u201eValentin Sava. Pictur\u0103\u201d, expozi\u021bie la Muzeul de Istorie Suceava\" width=\"452\"><\/a><\/div>\n<p><b>Muzeul Na\u021bional al Bucovinei invit\u0103 publicul la vernisajul expozi\u021biei \u201eValentin Sava. Pictur\u0103\u201d, care va avea loc joi, 6 august 2026, de la ora 13:00, \u00een Foaierul Muzeului de Istorie.<\/b><\/p>\n<div>Expozi\u021bia reune\u0219te o selec\u021bie reprezentativ\u0103 de lucr\u0103ri semnate de Valentin Sava, pictor \u0219i profesor universitar doctor abilitat, personalitate de referin\u021b\u0103 a artei contemporane rom\u00e2ne\u0219ti \u0219i Professor Emeritus al Universit\u0103\u021bii Na\u021bionale de Arte \u201eGeorge Enescu\u201d din Ia\u0219i. Recunoscut pentru activitatea sa artistic\u0103 \u0219i academic\u0103 de excep\u021bie, artistul propune un parcurs vizual \u00een care peisajul, portretul \u0219i compozi\u021bia se \u00eent\u00e2lnesc \u00eentr-un discurs plastic rafinat, construit printr-o remarcabil\u0103 st\u0103p\u00e2nire a culorii \u0219i a expresiei picturale.<\/p>\n<p>\u00cen cadrul vernisajului, expozi\u021bia va fi prezentat\u0103 de dr. Minola Iuti\u0219, muzeograf la Complexul Na\u021bional Muzeal \u201eMoldova\u201d Ia\u0219i, care va eviden\u021bia reperele esen\u021biale ale crea\u021biei lui Valentin Sava \u0219i locul acesteia \u00een contextul artei rom\u00e2ne\u0219ti contemporane.<\/p>\n<p>Publicul este invitat s\u0103 descopere o expozi\u021bie care reflect\u0103 at\u00e2t experien\u021ba artistic\u0103 acumulat\u0103 de-a lungul unei cariere de peste patru decenii, c\u00e2t \u0219i preocuparea constant\u0103 a autorului pentru dialogul dintre tradi\u021bie \u0219i modernitate, dintre observa\u021bia atent\u0103 a realit\u0103\u021bii \u0219i expresia sensibilit\u0103\u021bii personale.<\/p>\n<p>Expozi\u021bia va putea fi vizitat\u0103 \u00een perioada 6-29 august 2026, \u00een Foaierul Muzeului de Istorie, al Muzeului Na\u021bional al Bucovinei.<\/p><\/div>\n<\/div>\n<div class=\"post-body entry-content\" id=\"post-body\">\n<div class=\"separator\"><a href=\"https:\/\/blogger.googleusercontent.com\/img\/b\/R29vZ2xl\/AVvXsEihM1E02qSzR7G4M_q9bb08Fv4_zd4k834b1pWyGfNXVRTGrtS4nDr-TeXxwDHusLBql25DCzuzCaMsBpI_D6Ya6V2U75gslVTgEGXnBZrERGc9Lc3aWpDL8q-2M14YleEvITmHJ-ofducd8TkFC5BPgHJk0wiKEwsj9ca9v_z1xjcn_aoNfDhVFQ2uSnU\/s1200\/expozitie-valentin-sava.jpg\"><img decoding=\"async\" alt=\"\u201eValentin Sava. Pictur\u0103\u201d, expozi\u021bie la Muzeul de Istorie Suceava\" border=\"0\" height=\"640\" loading=\"lazy\" src=\"https:\/\/blogger.googleusercontent.com\/img\/b\/R29vZ2xl\/AVvXsEihM1E02qSzR7G4M_q9bb08Fv4_zd4k834b1pWyGfNXVRTGrtS4nDr-TeXxwDHusLBql25DCzuzCaMsBpI_D6Ya6V2U75gslVTgEGXnBZrERGc9Lc3aWpDL8q-2M14YleEvITmHJ-ofducd8TkFC5BPgHJk0wiKEwsj9ca9v_z1xjcn_aoNfDhVFQ2uSnU\/w452-h640-rw\/expozitie-valentin-sava.jpg\" title=\"\u201eValentin Sava. Pictur\u0103\u201d, expozi\u021bie la Muzeul de Istorie Suceava\" width=\"452\"><\/a><\/div>\n<p><b>Muzeul Na\u021bional al Bucovinei invit\u0103 publicul la vernisajul expozi\u021biei \u201eValentin Sava. Pictur\u0103\u201d, care va avea loc joi, 6 august 2026, de la ora 13:00, \u00een Foaierul Muzeului de Istorie.<\/b><\/p>\n<div>Expozi\u021bia reune\u0219te o selec\u021bie reprezentativ\u0103 de lucr\u0103ri semnate de Valentin Sava, pictor \u0219i profesor universitar doctor abilitat, personalitate de referin\u021b\u0103 a artei contemporane rom\u00e2ne\u0219ti \u0219i Professor Emeritus al Universit\u0103\u021bii Na\u021bionale de Arte \u201eGeorge Enescu\u201d din Ia\u0219i. Recunoscut pentru activitatea sa artistic\u0103 \u0219i academic\u0103 de excep\u021bie, artistul propune un parcurs vizual \u00een care peisajul, portretul \u0219i compozi\u021bia se \u00eent\u00e2lnesc \u00eentr-un discurs plastic rafinat, construit printr-o remarcabil\u0103 st\u0103p\u00e2nire a culorii \u0219i a expresiei picturale.<\/p>\n<p>\u00cen cadrul vernisajului, expozi\u021bia va fi prezentat\u0103 de dr. Minola Iuti\u0219, muzeograf la Complexul Na\u021bional Muzeal \u201eMoldova\u201d Ia\u0219i, care va eviden\u021bia reperele esen\u021biale ale crea\u021biei lui Valentin Sava \u0219i locul acesteia \u00een contextul artei rom\u00e2ne\u0219ti contemporane.<\/p>\n<p>Publicul este invitat s\u0103 descopere o expozi\u021bie care reflect\u0103 at\u00e2t experien\u021ba artistic\u0103 acumulat\u0103 de-a lungul unei cariere de peste patru decenii, c\u00e2t \u0219i preocuparea constant\u0103 a autorului pentru dialogul dintre tradi\u021bie \u0219i modernitate, dintre observa\u021bia atent\u0103 a realit\u0103\u021bii \u0219i expresia sensibilit\u0103\u021bii personale.<\/p>\n<p>Expozi\u021bia va putea fi vizitat\u0103 \u00een perioada 6-29 august 2026, \u00een Foaierul Muzeului de Istorie, al Muzeului Na\u021bional al Bucovinei.<\/p><\/div>\n<\/div>\n<p>[analyse_source url=&#8221;https:\/\/www.stirisuceava.net\/2026\/08\/valentin-sava-pictura-expozitie-la.html&#8221;]<\/p>\n","protected":false},"excerpt":{"rendered":"<p>[analyse_image type=&#8221;featured&#8221; src=&#8221;https:\/\/blogger.googleusercontent.com\/img\/b\/R29vZ2xl\/AVvXsEihM1E02qSzR7G4M_q9bb08Fv4_zd4k834b1pWyGfNXVRTGrtS4nDr-TeXxwDHusLBql25DCzuzCaMsBpI_D6Ya6V2U75gslVTgEGXnBZrERGc9Lc3aWpDL8q-2M14YleEvITmHJ-ofducd8TkFC5BPgHJk0wiKEwsj9ca9v_z1xjcn_aoNfDhVFQ2uSnU\/w1600\/expozitie-valentin-sava.jpg&#8221;] Muzeul Na\u021bional al Bucovinei invit\u0103 publicul la vernisajul expozi\u021biei \u201eValentin Sava. Pictur\u0103\u201d, care va avea loc joi, 6 august 2026, de la ora 13:00, \u00een Foaierul Muzeului de Istorie. Expozi\u021bia reune\u0219te o selec\u021bie reprezentativ\u0103 de lucr\u0103ri semnate de Valentin Sava, pictor \u0219i profesor universitar doctor abilitat, personalitate de referin\u021b\u0103 a artei contemporane [&hellip;]<\/p>\n","protected":false},"author":1,"featured_media":0,"comment_status":"open","ping_status":"","sticky":false,"template":"","format":"standard","meta":{"footnotes":""},"categories":[89],"tags":[226,172],"class_list":["post-2085091","post","type-post","status-publish","format-standard","hentry","category-romania","tag-crawlmanager","tag-stirisuceava-net"],"_links":{"self":[{"href":"https:\/\/analyse.optim.biz\/index.php?rest_route=\/wp\/v2\/posts\/2085091","targetHints":{"allow":["GET"]}}],"collection":[{"href":"https:\/\/analyse.optim.biz\/index.php?rest_route=\/wp\/v2\/posts"}],"about":[{"href":"https:\/\/analyse.optim.biz\/index.php?rest_route=\/wp\/v2\/types\/post"}],"author":[{"embeddable":true,"href":"https:\/\/analyse.optim.biz\/index.php?rest_route=\/wp\/v2\/users\/1"}],"replies":[{"embeddable":true,"href":"https:\/\/analyse.optim.biz\/index.php?rest_route=%2Fwp%2Fv2%2Fcomments&post=2085091"}],"version-history":[{"count":0,"href":"https:\/\/analyse.optim.biz\/index.php?rest_route=\/wp\/v2\/posts\/2085091\/revisions"}],"wp:attachment":[{"href":"https:\/\/analyse.optim.biz\/index.php?rest_route=%2Fwp%2Fv2%2Fmedia&parent=2085091"}],"wp:term":[{"taxonomy":"category","embeddable":true,"href":"https:\/\/analyse.optim.biz\/index.php?rest_route=%2Fwp%2Fv2%2Fcategories&post=2085091"},{"taxonomy":"post_tag","embeddable":true,"href":"https:\/\/analyse.optim.biz\/index.php?rest_route=%2Fwp%2Fv2%2Ftags&post=2085091"}],"curies":[{"name":"wp","href":"https:\/\/api.w.org\/{rel}","templated":true}]}}