{"id":2085086,"date":"2026-08-09T16:54:44","date_gmt":"2026-08-09T13:54:44","guid":{"rendered":"https:\/\/analyse.optim.biz\/?p=2085086"},"modified":"2026-08-09T16:54:44","modified_gmt":"2026-08-09T13:54:44","slug":"rusia-ne-a-luat-in-vizor-romania-acorda-ajutor-militar-direct-ucrainei-prin-portul-giurgiulesti","status":"publish","type":"post","link":"https:\/\/analyse.optim.biz\/?p=2085086","title":{"rendered":"Rusia ne-a luat \u00een vizor: Rom\u00e2nia acord\u0103 ajutor militar direct Ucrainei prin portul Giurgiule\u0219ti"},"content":{"rendered":"<p>[analyse_image type=&#8221;featured&#8221; src=&#8221;https:\/\/ortodoxinfo.ro\/wp-content\/uploads\/2026\/08\/Portul_de_pasgeri_Giurgiulesti.jpghttps:\/\/ortodoxinfo.ro\/wp-content\/uploads\/2026\/08\/Portul_de_pasgeri_Giurgiulesti.jpg&#8221;]<\/p>\n<article id=\"post-256502\" class=\"post-256502 post type-post status-publish format-standard has-post-thumbnail category-ucraina\">\n<header class=\"single-header\">\n<aside class=\"breadcrumb-wrap breadcrumb-yoast s-breadcrumb\">\n<div class=\"breadcrumb-inner\"><span><span><a href=\"https:\/\/ortodoxinfo.ro\/\">Prima pagin\u0103<\/a><\/span> \u00bb <span><a href=\"https:\/\/ortodoxinfo.ro\/blog\/\">Blog<\/a><\/span> \u00bb <span class=\"breadcrumb_last\" aria-current=\"page\">Rusia ne-a luat \u00een vizor: Rom\u00e2nia acord\u0103 ajutor militar direct Ucrainei prin portul Giurgiule\u0219ti<\/span><\/span><\/div>\n<\/aside>\n<h1 class=\"s-title fw-headline\">Rusia ne-a luat \u00een vizor: Rom\u00e2nia acord\u0103 ajutor militar direct Ucrainei prin portul Giurgiule\u0219ti<\/h1>\n<div class=\"single-meta meta-s-default yes-0\">\n<div class=\"smeta-in\"><a class=\"meta-el meta-avatar\" href=\"https:\/\/ortodoxinfo.ro\/author\/redactor\/\"><img loading=\"lazy\" decoding=\"async\" alt=\"OrtodoxINFO\" src=\"https:\/\/secure.gravatar.com\/avatar\/21010332354a182ce4de6016685c5586f21c51866d0ec5bc8ef383240b3c3e02?s=120&amp;r=g\" class=\"avatar avatar-120 photo\" height=\"120\" width=\"120\"><\/a><\/p>\n<div class=\"smeta-sec\">\n<div class=\"p-meta\">\n<div class=\"meta-inner is-meta\"><span class=\"meta-el meta-date\"><time datetime=\"2026-08-09T19:54:44+03:00\">9 august 2026<\/time><\/span><span class=\"meta-el meta-category meta-bold\"><a class=\"meta-separate category-15871\" href=\"https:\/\/ortodoxinfo.ro\/category\/anti-sistem\/al-iii-lea-razboi-mondial\/ucraina\/\">Ucraina<\/a><\/span><span class=\"meta-el meta-view\">2.3k vizualiz\u0103ri\t\t<\/span><span class=\"meta-el meta-comment mobile-last-meta tablet-last-meta\"><a href=\"https:\/\/ortodoxinfo.ro\/2026\/08\/09\/rusia-ne-a-luat-in-vizor-romania-acorda-ajutor-militar-direct-ucrainei-prin-portul-giurgiulesti\/#respond\">Comentarii<\/a><\/span><\/div>\n<\/div>\n<\/div>\n<\/div>\n<div class=\"smeta-extra\">\n<div class=\"t-shared-sec tooltips-n has-read-meta is-color\">\n<div class=\"t-shared-header is-meta\"><span class=\"share-label\">Share<\/span><\/div>\n<\/div>\n<div class=\"single-right-meta single-time-read is-meta\"><span class=\"meta-el meta-read\">1 Min Read<\/span><\/div>\n<\/div>\n<\/div>\n<\/header>\n<div class=\"grid-container\">\n<div class=\"s-ct\">\n<div class=\"s-feat-outer\">\n<div class=\"s-feat\">\n<div class=\"featured-lightbox-trigger\" data-source=\"https:\/\/ortodoxinfo.ro\/wp-content\/uploads\/2026\/08\/Portul_de_pasgeri_Giurgiulesti.jpg\" data-caption data-attribution><img fetchpriority=\"high\" decoding=\"async\" width=\"860\" height=\"596\" src=\"https:\/\/ortodoxinfo.ro\/wp-content\/uploads\/2026\/08\/Portul_de_pasgeri_Giurgiulesti-860x596.jpg\" class=\"attachment-foxiz_crop_o1 size-foxiz_crop_o1 wp-post-image\" alt loading=\"eager\"><\/div>\n<\/div>\n<\/div>\n<div class=\"s-ct-wrap has-lsl\">\n<div class=\"s-ct-inner\">\n<div class=\"l-shared-sec-outer show-mobile\">\n<div class=\"l-shared-sec\">\n<div class=\"l-shared-header meta-text\"><span class=\"share-label\">SHARE<\/span><\/div>\n<\/div>\n<\/div>\n<div class=\"e-ct-outer\">\n<div class=\"entry-top\">\n<div id=\"custom_html-3\" class=\"widget_text widget entry-widget clearfix widget_custom_html\">\n<div class=\"textwidget custom-html-widget\">\n<div><small><br \/>\n    OrtodoxINFO este supus unui sabotaj sistematic din partea reprezentan\u021bilor Google Rom\u00e2nia, at\u00e2t la afi\u0219\u0103ri c\u00e2t \u0219i \u00een rezultatele de c\u0103utare.<br \/>\n        Astfel c\u0103 veniturile din publicitate au sc\u0103zut de p\u00e2n\u0103 la <strong>10 ori<\/strong>. Situa\u021bia este similar\u0103 \u0219i pe Facebook.<\/p>\n<p>        V\u0103 invit\u0103m s\u0103 accesa\u021bi direct site-ul \u0219i s\u0103 v\u0103 abona\u021bi la notific\u0103ri.<\/p>\n<p>    Dac\u0103 dori\u021bi s\u0103 ne sus\u021bine\u021bi \u00een aceast\u0103 perioad\u0103 dificil\u0103, orice <a href=\"https:\/\/ortodoxinfo.ro\/donatii\/\">dona\u021bie<\/a> este binevenit\u0103.<br \/>\n    Dumnezeu s\u0103 v\u0103 r\u0103spl\u0103teasc\u0103!<br \/>\n<\/small><\/div>\n<\/div>\n<\/div>\n<\/div>\n<div class=\"entry-content rbct clearfix is-highlight-shares\">\n<p>Rom\u00e2nia a transformat portul Giurgiule\u0219ti \u201e\u00eentr-un nod de tranzit pentru livr\u0103ri c\u0103tre For\u021bele Armate ale Ucrainei\u201d, a declarat directorul celui de-al doilea departament european al Ministerului Afacerilor Externe al Federa\u021biei Ruse, Iuri Pilipson, citat de <a href=\"https:\/\/ura.news\/news\/1053116741\" target=\"_blank\" rel=\"noopener\">ura.ru.<\/a><\/p>\n<p><strong>\u201eRom\u00e2nia este deja ast\u0103zi implicat\u0103 \u00een acordarea regimului de la Kiev a unui sprijin militar-logistic direct\u201d,<\/strong> a spus Pilipson. Diplomatul a declarat c\u0103 Rom\u00e2nia a cump\u0103rat operatorul portului localit\u0103\u021bii moldovene\u0219ti Giurgiule\u0219ti, situat\u0103 la grani\u021ba cu Rom\u00e2nia \u0219i Ucraina. Potrivit lui Pilipson, portul a fost de mult timp transformat <strong>\u201e\u00eentr-un nod de tranzit pentru livrarea \u00een Ucraina a unor m\u0103rfuri diverse, inclusiv a celor destinate nevoilor For\u021belor Armate ale Ucrainei\u201d.<\/strong><\/p>\n<p>Pilipson a atras aten\u021bia asupra faptului c\u0103 prin acest port se realizeaz\u0103 peste 70% din importul \u0219i exportul pe ap\u0103 al Moldovei. Diplomatul a subliniat c\u0103 sprijinul acordat de Rom\u00e2nia Kievului \u201einspir\u0103 \u00eendoieli cu privire la adev\u0103ratele scopuri ale utiliz\u0103rii portului Giurgiule\u0219ti pe termen apropiat\u201d. (Traducere \u0219i adaptare B.T.I.)<\/p>\n<\/div>\n<div class=\"entry-bottom\">\n<div id=\"block-9\" class=\"widget entry-widget clearfix widget_block\">\n<div><a href=\"https:\/\/suspend.ro\" target=\"_blank\" rel=\"noopener noreferrer\"><img decoding=\"async\" src=\"https:\/\/ortodoxinfo.ro\/wp-content\/uploads\/2026\/08\/FB_IMG_1786185261439.jpg\" alt=\"Verific\u0103 pe suspend.ro \u2013 Parlamentarii din jude\u021bul t\u0103u sus\u021bin suspendarea lui Nicu\u0219or Dan?\"><\/a><\/div>\n<\/div>\n<\/div>\n<\/div>\n<\/div>\n<div class=\"e-shared-sec entry-sec\">\n<div class=\"e-shared-header h4\"><span>Distribuie<\/span><\/div>\n<div class=\"rbbsl tooltips-n effect-fadeout is-bg\"><a class=\"share-action share-trigger icon-facebook\" aria-label=\"Share on Facebook\" href=\"https:\/\/www.facebook.com\/sharer.php?u=https%3A%2F%2Fortodoxinfo.ro%2F2026%2F08%2F09%2Frusia-ne-a-luat-in-vizor-romania-acorda-ajutor-militar-direct-ucrainei-prin-portul-giurgiulesti%2F\" data-title=\"Facebook\" rel=\"nofollow\"><span>Facebook<\/span><\/a><a class=\"share-action share-trigger icon-twitter\" aria-label=\"Share on X\" href=\"https:\/\/twitter.com\/intent\/tweet?text=Rusia+ne-a+luat+%C3%AEn+vizor%3A+Rom%C3%A2nia+acord%C4%83+ajutor+militar+direct+Ucrainei+prin+portul+Giurgiule%C8%99ti&amp;url=https%3A%2F%2Fortodoxinfo.ro%2F2026%2F08%2F09%2Frusia-ne-a-luat-in-vizor-romania-acorda-ajutor-militar-direct-ucrainei-prin-portul-giurgiulesti%2F&amp;via=ortodoxinforo\" data-title=\"X\" rel=\"nofollow\"><span>X<\/span><\/a><a class=\"share-action icon-whatsapp is-web\" aria-label=\"Share on Whatsapp\" href=\"https:\/\/web.whatsapp.com\/send?text=Rusia+ne-a+luat+%C3%AEn+vizor%3A+Rom%C3%A2nia+acord%C4%83+ajutor+militar+direct+Ucrainei+prin+portul+Giurgiule%C8%99ti%20%E2%98%9E%20https%3A%2F%2Fortodoxinfo.ro%2F2026%2F08%2F09%2Frusia-ne-a-luat-in-vizor-romania-acorda-ajutor-militar-direct-ucrainei-prin-portul-giurgiulesti%2F\" target=\"_blank\" data-title=\"WhatsApp\" rel=\"nofollow\"><span>Whatsapp<\/span><\/a><a class=\"share-action icon-whatsapp is-mobile\" aria-label=\"Share on Whatsapp\" href=\"\/\/send?text=Rusia+ne-a+luat+%C3%AEn+vizor%3A+Rom%C3%A2nia+acord%C4%83+ajutor+militar+direct+Ucrainei+prin+portul+Giurgiule%C8%99ti%20%E2%98%9E%20https%3A%2F%2Fortodoxinfo.ro%2F2026%2F08%2F09%2Frusia-ne-a-luat-in-vizor-romania-acorda-ajutor-militar-direct-ucrainei-prin-portul-giurgiulesti%2F\" target=\"_blank\" data-title=\"WhatsApp\" rel=\"nofollow\"><span>Whatsapp<\/span><\/a><a class=\"share-action share-trigger icon-telegram\" aria-label=\"Share on Telegram\" href=\"https:\/\/t.me\/share\/?url=https%3A%2F%2Fortodoxinfo.ro%2F2026%2F08%2F09%2Frusia-ne-a-luat-in-vizor-romania-acorda-ajutor-militar-direct-ucrainei-prin-portul-giurgiulesti%2F&amp;text=Rusia+ne-a+luat+%C3%AEn+vizor%3A+Rom%C3%A2nia+acord%C4%83+ajutor+militar+direct+Ucrainei+prin+portul+Giurgiule%C8%99ti\" data-title=\"Telegram\" rel=\"nofollow\"><span>Telegram<\/span><\/a><a class=\"share-action icon-copy copy-trigger\" aria-label=\"Copy Link\" href=\"https:\/\/ortodoxinfo.ro\/2026\/08\/09\/rusia-ne-a-luat-in-vizor-romania-acorda-ajutor-militar-direct-ucrainei-prin-portul-giurgiulesti\/\" data-copied=\"Copied!\" data-link=\"https:\/\/ortodoxinfo.ro\/2026\/08\/09\/rusia-ne-a-luat-in-vizor-romania-acorda-ajutor-militar-direct-ucrainei-prin-portul-giurgiulesti\/\" rel=\"nofollow\" data-copy=\"Copy Link\"><span>Copy Link<\/span><\/a><a class=\"share-action icon-print\" aria-label=\"Print\" rel=\"nofollow\" data-title=\"Print\"><span>Print<\/span><\/a><\/div>\n<\/div>\n<\/div>\n<div id=\"tabs\" class=\"dntplgn_form_wrapper\"><span><\/p>\n<h2>\u0218tirile sunt sub cenzur\u0103! Sprijini\u021bi OrtodoxINFO!<\/h2>\n<p>Guvernul nu dore\u0219te aflarea adev\u0103rului despre lovitura de stat \u0219i \u00eengenuncherea Rom\u00e2niei. \u00cencerc\u0103m s\u0103 men\u021binem viu acest site \u0219i s\u0103 v\u0103 punem la dispozi\u021bie informa\u021bii care s\u0103 fac\u0103 lumin\u0103 \u00een cea mai mare provocare pe care o tr\u0103im. Jurnalismul independent al portalului OrtodoxINFO func\u021bioneaz\u0103 strict cu ajutorul cititorilor.<br \/>\nNe pute\u021bi sprijini printr-o <b><a href=\"https:\/\/ortodoxinfo.ro\/donatii\/\">dona\u021bie bancar\u0103<\/a> sau prin PayPal, complet\u00e2nd formularul de mai jos.<\/b><\/span><\/p>\n<ul>\n<li><a href=\"https:\/\/ortodoxinfo.ro\/2026\/08\/09\/rusia-ne-a-luat-in-vizor-romania-acorda-ajutor-militar-direct-ucrainei-prin-portul-giurgiulesti\/#tabs-1\">Dona\u021bie lunar\u0103<\/a><\/li>\n<li><a href=\"https:\/\/ortodoxinfo.ro\/2026\/08\/09\/rusia-ne-a-luat-in-vizor-romania-acorda-ajutor-militar-direct-ucrainei-prin-portul-giurgiulesti\/#tabs-2\">Doar acum<\/a><\/li>\n<\/ul>\n<div id=\"tabs-1\"><img loading=\"lazy\" decoding=\"async\" alt border=\"0\" src=\"https:\/\/www.paypalobjects.com\/en_US\/i\/scr\/pixel.gif\" width=\"1\" height=\"1\"><\/div>\n<div id=\"tabs-2\">\n<p>\t\t     \u20ac<\/p>\n<p>\t\t    <img loading=\"lazy\" decoding=\"async\" alt border=\"0\" src=\"https:\/\/www.paypalobjects.com\/en_US\/i\/scr\/pixel.gif\" width=\"1\" height=\"1\"><\/div>\n<p>Mul\u021bumim celor care ne-au ajutat p\u00e2n\u0103 acum!\n\t<\/p><\/div>\n<div class=\"comment-box-wrap entry-sec\">\n<div class=\"comment-box-header\"><span class=\"h3\">Las\u0103 un comentariu<\/span><\/div>\n<div class=\"comment-holder no-comment\">\n<div id=\"comments\" class=\"comments-area\">\n<div id=\"respond\" class=\"comment-respond\">\n<h3 id=\"reply-title\" class=\"comment-reply-title\">Las\u0103 un r\u0103spuns <small><a rel=\"nofollow\" id=\"cancel-comment-reply-link\" href=\"https:\/\/ortodoxinfo.ro\/2026\/08\/09\/rusia-ne-a-luat-in-vizor-romania-acorda-ajutor-militar-direct-ucrainei-prin-portul-giurgiulesti\/#respond\">Anuleaz\u0103 r\u0103spunsul<\/a><\/small><\/h3>\n<p class=\"comment-notes\"><span id=\"email-notes\">Adresa ta de email nu va fi publicat\u0103.<\/span><span class=\"required-field-message\">C\u00e2mpurile obligatorii sunt marcate cu <span class=\"required\">*<\/span><\/span><\/p>\n<\/div>\n<\/div>\n<\/div>\n<\/div>\n<\/div>\n<div class=\"sidebar-wrap single-sidebar\">\n<div class=\"sidebar-inner clearfix\">\n<div id=\"widget-post-2\" class=\"widget rb-section w-sidebar clearfix widget-post\">\n<div class=\"block-h widget-heading heading-layout-1\">\n<div class=\"heading-inner\">\n<h4 class=\"heading-title\"><span>Articole recente<\/span><\/h4>\n<\/div>\n<\/div>\n<div class=\"widget-p-listing\">\n<div class=\"p-wrap p-small p-list-small-2\" data-pid=\"256492\">\n<div class=\"feat-holder\">\n<div class=\"p-featured ratio-v1\"><a class=\"p-flink\" href=\"https:\/\/ortodoxinfo.ro\/2026\/08\/09\/video-mizerie-sectara-la-200m-de-sfanta-cuvioasa-parascheva-mitropolitul-teofan-tace-malc-primarul-chirica-un-imbecil-de-la-pnl\/\" title=\"VIDEO \/ MIZERIE sectar\u0103 la 200m de Sf\u00e2nta Cuvioas\u0103 Parascheva. Mitropolitul Teofan tace m\u00e2lc. Primarul Chirica \u2013 UN IMBECIL de la PNL\"><img decoding=\"async\" width=\"150\" height=\"150\" src=\"https:\/\/ortodoxinfo.ro\/wp-content\/uploads\/2026\/08\/Screenshot_20260809_201350_Chrome-150x150.jpg\" class=\"featured-img wp-post-image\" alt loading=\"lazy\"><\/a><\/div>\n<\/div>\n<div class=\"p-content\">\n<h5 class=\"entry-title\"><a class=\"p-url\" href=\"https:\/\/ortodoxinfo.ro\/2026\/08\/09\/video-mizerie-sectara-la-200m-de-sfanta-cuvioasa-parascheva-mitropolitul-teofan-tace-malc-primarul-chirica-un-imbecil-de-la-pnl\/\" rel=\"bookmark\">VIDEO \/ MIZERIE sectar\u0103 la 200m de Sf\u00e2nta Cuvioas\u0103 Parascheva. Mitropolitul Teofan tace m\u00e2lc. Primarul Chirica \u2013 UN IMBECIL de la PNL<\/a><\/h5>\n<div class=\"p-meta\">\n<div class=\"meta-inner is-meta\"><span class=\"meta-el meta-date\"><time datetime=\"2026-08-09T20:23:07+03:00\">9 august 2026<\/time><\/span><span class=\"meta-el meta-category meta-bold\"><a class=\"meta-separate category-16453\" href=\"https:\/\/ortodoxinfo.ro\/category\/anti-sistem\/anti-biserica\/erezii\/\">Erezii<\/a><\/span><span class=\"meta-el meta-view\">2.3k vizualiz\u0103ri\t\t<\/span><\/div>\n<\/div>\n<\/div>\n<\/div>\n<div class=\"p-wrap p-small p-list-small-2\" data-pid=\"256416\">\n<div class=\"feat-holder\">\n<div class=\"p-featured ratio-v1\"><a class=\"p-flink\" href=\"https:\/\/ortodoxinfo.ro\/2026\/08\/09\/felicitari-poporului-roman-care-s-a-trezit-care-nu-mai-crede-manipularile-televiziunilor-platite-de-sistem-care-stie-ce-vrea-la-conducerea-tarii-calin-georgescu-presedinte\/\" title=\"Felicit\u0103ri poporului rom\u00e2n care s-a trezit, care nu mai crede manipul\u0103rile televiziunilor pl\u0103tite de sistem, care \u0219tie ce vrea la conducerea \u021b\u0103rii. C\u0103lin Georgescu, PRE\u0218EDINTE\"><img decoding=\"async\" width=\"150\" height=\"150\" src=\"https:\/\/ortodoxinfo.ro\/wp-content\/uploads\/2026\/08\/Screenshot_20260726_223332_YouTube-150x150.jpg\" class=\"featured-img wp-post-image\" alt loading=\"lazy\"><\/a><\/div>\n<\/div>\n<div class=\"p-content\">\n<h5 class=\"entry-title\"><a class=\"p-url\" href=\"https:\/\/ortodoxinfo.ro\/2026\/08\/09\/felicitari-poporului-roman-care-s-a-trezit-care-nu-mai-crede-manipularile-televiziunilor-platite-de-sistem-care-stie-ce-vrea-la-conducerea-tarii-calin-georgescu-presedinte\/\" rel=\"bookmark\">Felicit\u0103ri poporului rom\u00e2n care s-a trezit, care nu mai crede manipul\u0103rile televiziunilor pl\u0103tite de sistem, care \u0219tie ce vrea la conducerea \u021b\u0103rii. C\u0103lin Georgescu, PRE\u0218EDINTE<\/a><\/h5>\n<div class=\"p-meta\">\n<div class=\"meta-inner is-meta\"><span class=\"meta-el meta-date\"><time datetime=\"2026-08-09T14:32:58+03:00\">9 august 2026<\/time><\/span><span class=\"meta-el meta-category meta-bold\"><a class=\"meta-separate category-19866\" href=\"https:\/\/ortodoxinfo.ro\/category\/lupta-pentru-romania\/\">Lupt\u0103 pentru Rom\u00e2nia<\/a><\/span><span class=\"meta-el meta-view\">10.6k vizualiz\u0103ri\t\t<\/span><\/div>\n<\/div>\n<\/div>\n<\/div>\n<div class=\"p-wrap p-small p-list-small-2\" data-pid=\"256281\">\n<div class=\"feat-holder\">\n<div class=\"p-featured ratio-v1\"><a class=\"p-flink\" href=\"https:\/\/ortodoxinfo.ro\/2026\/08\/09\/fara-apa-fara-curent-fara-viitor-cum-au-sacrificat-pro-europenii-romania-pe-altarul-ecologiei-ieftine\/\" title=\"F\u0103r\u0103 ap\u0103, f\u0103r\u0103 curent, f\u0103r\u0103 viitor: cum au sacrificat pro-europenii Rom\u00e2nia pe altarul ecologiei ieftine\"><img decoding=\"async\" width=\"150\" height=\"150\" src=\"https:\/\/ortodoxinfo.ro\/wp-content\/uploads\/2026\/08\/energie-articol-e1770320084486-150x150.jpg\" class=\"featured-img wp-post-image\" alt loading=\"lazy\"><\/a><\/div>\n<\/div>\n<div class=\"p-content\">\n<h5 class=\"entry-title\"><a class=\"p-url\" href=\"https:\/\/ortodoxinfo.ro\/2026\/08\/09\/fara-apa-fara-curent-fara-viitor-cum-au-sacrificat-pro-europenii-romania-pe-altarul-ecologiei-ieftine\/\" rel=\"bookmark\">F\u0103r\u0103 ap\u0103, f\u0103r\u0103 curent, f\u0103r\u0103 viitor: cum au sacrificat pro-europenii Rom\u00e2nia pe altarul ecologiei ieftine<\/a><\/h5>\n<div class=\"p-meta\">\n<div class=\"meta-inner is-meta\"><span class=\"meta-el meta-date\"><time datetime=\"2026-08-09T00:57:45+03:00\">9 august 2026<\/time><\/span><span class=\"meta-el meta-category meta-bold\"><a class=\"meta-separate category-19885\" href=\"https:\/\/ortodoxinfo.ro\/category\/anti-sistem\/anti-romanism\/asasinii-tarii\/\">Asasinii \u021b\u0103rii<\/a><\/span><span class=\"meta-el meta-view\">5.8k vizualiz\u0103ri\t\t<\/span><\/div>\n<\/div>\n<\/div>\n<\/div>\n<div class=\"p-wrap p-small p-list-small-2\" data-pid=\"256406\">\n<div class=\"feat-holder\">\n<div class=\"p-featured ratio-v1\"><a class=\"p-flink\" href=\"https:\/\/ortodoxinfo.ro\/2026\/08\/09\/israel-protejeaza-identitatea-nationala-si-bine-face-dar-europa-ar-fi-acuzata-de-rasism-pentru-acelasi-lucru\/\" title=\"Israel protejeaz\u0103 identitatea na\u021bional\u0103 \u0219i bine face. Dar Europa ar fi acuzat\u0103 de rasism pentru acela\u0219i lucru\"><img decoding=\"async\" width=\"150\" height=\"150\" src=\"https:\/\/ortodoxinfo.ro\/wp-content\/uploads\/2026\/08\/IMG_20260809_104717_534-150x150.jpg\" class=\"featured-img wp-post-image\" alt loading=\"lazy\"><\/a><\/div>\n<\/div>\n<div class=\"p-content\">\n<h5 class=\"entry-title\"><a class=\"p-url\" href=\"https:\/\/ortodoxinfo.ro\/2026\/08\/09\/israel-protejeaza-identitatea-nationala-si-bine-face-dar-europa-ar-fi-acuzata-de-rasism-pentru-acelasi-lucru\/\" rel=\"bookmark\">Israel protejeaz\u0103 identitatea na\u021bional\u0103 \u0219i bine face. Dar Europa ar fi acuzat\u0103 de rasism pentru acela\u0219i lucru<\/a><\/h5>\n<div class=\"p-meta\">\n<div class=\"meta-inner is-meta\"><span class=\"meta-el meta-date\"><time datetime=\"2026-08-09T11:04:59+03:00\">9 august 2026<\/time><\/span><span class=\"meta-el meta-category meta-bold\"><a class=\"meta-separate category-20289\" href=\"https:\/\/ortodoxinfo.ro\/category\/suveranism\/\">Suveranism<\/a><\/span><span class=\"meta-el meta-view\">4.3k vizualiz\u0103ri\t\t<\/span><\/div>\n<\/div>\n<\/div>\n<\/div>\n<\/div>\n<\/div>\n<div id=\"custom_html-2\" class=\"widget_text widget rb-section w-sidebar clearfix widget_custom_html\">\n<div class=\"block-h widget-heading heading-layout-1\">\n<div class=\"heading-inner\">\n<h4 class=\"heading-title\"><span>DONA\u021aII \u00een cont bancar<\/span><\/h4>\n<\/div>\n<\/div>\n<div class=\"textwidget custom-html-widget\">\n<table class=\"donatii\">\n<tbody>\n<tr>\n<th colspan=\"2\"><strong><span>Asicia\u021bia SMI-B<\/span><\/strong><\/th>\n<\/tr>\n<tr>\n<th>Cont LEI<\/th>\n<td>RO67CECEB00030RON2081955<\/td>\n<\/tr>\n<tr>\n<th>Cont EURO<\/th>\n<td>RO33CECEB000C1EUR2081978<\/td>\n<\/tr>\n<tr>\n<th>Cod SWIFT<\/th>\n<td>CECEROBU<\/td>\n<\/tr>\n<tr>\n<th colspan=\"2\"><strong>CEC BANK SA<\/strong><\/th>\n<\/tr>\n<\/tbody>\n<\/table>\n<\/div>\n<\/div>\n<\/div>\n<\/div>\n<\/div>\n<\/article>\n<div class=\"entry-content rbct clearfix is-highlight-shares\">\n<p>Rom\u00e2nia a transformat portul Giurgiule\u0219ti \u201e\u00eentr-un nod de tranzit pentru livr\u0103ri c\u0103tre For\u021bele Armate ale Ucrainei\u201d, a declarat directorul celui de-al doilea departament european al Ministerului Afacerilor Externe al Federa\u021biei Ruse, Iuri Pilipson, citat de <a href=\"https:\/\/ura.news\/news\/1053116741\" target=\"_blank\" rel=\"noopener\">ura.ru.<\/a><\/p>\n<p><strong>\u201eRom\u00e2nia este deja ast\u0103zi implicat\u0103 \u00een acordarea regimului de la Kiev a unui sprijin militar-logistic direct\u201d,<\/strong> a spus Pilipson. Diplomatul a declarat c\u0103 Rom\u00e2nia a cump\u0103rat operatorul portului localit\u0103\u021bii moldovene\u0219ti Giurgiule\u0219ti, situat\u0103 la grani\u021ba cu Rom\u00e2nia \u0219i Ucraina. Potrivit lui Pilipson, portul a fost de mult timp transformat <strong>\u201e\u00eentr-un nod de tranzit pentru livrarea \u00een Ucraina a unor m\u0103rfuri diverse, inclusiv a celor destinate nevoilor For\u021belor Armate ale Ucrainei\u201d.<\/strong><\/p>\n<p>Pilipson a atras aten\u021bia asupra faptului c\u0103 prin acest port se realizeaz\u0103 peste 70% din importul \u0219i exportul pe ap\u0103 al Moldovei. Diplomatul a subliniat c\u0103 sprijinul acordat de Rom\u00e2nia Kievului \u201einspir\u0103 \u00eendoieli cu privire la adev\u0103ratele scopuri ale utiliz\u0103rii portului Giurgiule\u0219ti pe termen apropiat\u201d. (Traducere \u0219i adaptare B.T.I.)<\/p>\n<\/div>\n<p>[analyse_source url=&#8221;https:\/\/ortodoxinfo.ro\/2026\/08\/09\/rusia-ne-a-luat-in-vizor-romania-acorda-ajutor-militar-direct-ucrainei-prin-portul-giurgiulesti\/&#8221;]<\/p>\n","protected":false},"excerpt":{"rendered":"<p>[analyse_image type=&#8221;featured&#8221; src=&#8221;https:\/\/ortodoxinfo.ro\/wp-content\/uploads\/2026\/08\/Portul_de_pasgeri_Giurgiulesti.jpghttps:\/\/ortodoxinfo.ro\/wp-content\/uploads\/2026\/08\/Portul_de_pasgeri_Giurgiulesti.jpg&#8221;] Prima pagin\u0103 \u00bb Blog \u00bb Rusia ne-a luat \u00een vizor: Rom\u00e2nia acord\u0103 ajutor militar direct Ucrainei prin portul Giurgiule\u0219ti Rusia ne-a luat \u00een vizor: Rom\u00e2nia acord\u0103 ajutor militar direct Ucrainei prin portul Giurgiule\u0219ti 9 august 2026Ucraina2.3k vizualiz\u0103ri Comentarii Share 1 Min Read SHARE OrtodoxINFO este supus unui sabotaj sistematic din partea reprezentan\u021bilor [&hellip;]<\/p>\n","protected":false},"author":1,"featured_media":0,"comment_status":"open","ping_status":"","sticky":false,"template":"","format":"standard","meta":{"footnotes":""},"categories":[89],"tags":[226,94],"class_list":["post-2085086","post","type-post","status-publish","format-standard","hentry","category-romania","tag-crawlmanager","tag-ortodoxinfo-ro"],"_links":{"self":[{"href":"https:\/\/analyse.optim.biz\/index.php?rest_route=\/wp\/v2\/posts\/2085086","targetHints":{"allow":["GET"]}}],"collection":[{"href":"https:\/\/analyse.optim.biz\/index.php?rest_route=\/wp\/v2\/posts"}],"about":[{"href":"https:\/\/analyse.optim.biz\/index.php?rest_route=\/wp\/v2\/types\/post"}],"author":[{"embeddable":true,"href":"https:\/\/analyse.optim.biz\/index.php?rest_route=\/wp\/v2\/users\/1"}],"replies":[{"embeddable":true,"href":"https:\/\/analyse.optim.biz\/index.php?rest_route=%2Fwp%2Fv2%2Fcomments&post=2085086"}],"version-history":[{"count":0,"href":"https:\/\/analyse.optim.biz\/index.php?rest_route=\/wp\/v2\/posts\/2085086\/revisions"}],"wp:attachment":[{"href":"https:\/\/analyse.optim.biz\/index.php?rest_route=%2Fwp%2Fv2%2Fmedia&parent=2085086"}],"wp:term":[{"taxonomy":"category","embeddable":true,"href":"https:\/\/analyse.optim.biz\/index.php?rest_route=%2Fwp%2Fv2%2Fcategories&post=2085086"},{"taxonomy":"post_tag","embeddable":true,"href":"https:\/\/analyse.optim.biz\/index.php?rest_route=%2Fwp%2Fv2%2Ftags&post=2085086"}],"curies":[{"name":"wp","href":"https:\/\/api.w.org\/{rel}","templated":true}]}}