{"id":2085072,"date":"2026-08-09T14:20:39","date_gmt":"2026-08-09T11:20:39","guid":{"rendered":"https:\/\/analyse.optim.biz\/?p=2085072"},"modified":"2026-08-09T14:20:39","modified_gmt":"2026-08-09T11:20:39","slug":"divizia-2-infanterie-getica-sarbatoreste-110-ani-expozitie-de-tehnica-militara-festival-si-defilare-pe-calea-eroilor","status":"publish","type":"post","link":"https:\/\/analyse.optim.biz\/?p=2085072","title":{"rendered":"Divizia 2 Infanterie \u201eGetica\u201d s\u0103rb\u0103tore\u0219te 110 ani. Expozi\u021bie de tehnic\u0103 militar\u0103, festival \u0219i defilare pe Calea Eroilor"},"content":{"rendered":"<p>[analyse_image type=&#8221;featured&#8221; src=&#8221;https:\/\/www.observatorulbuzoian.ro\/wp-content\/uploads\/2026\/08\/Afis-promovare-activitati-scaled.jpeg&#8221;]<\/p>\n<div class=\"td-post-content tagdiv-type\">\n<p>Divizia 2 Infanterie \u201eGetica\u201d marcheaz\u0103, \u00een aceast\u0103 lun\u0103, 110 ani de la \u00eenfiin\u021bare, iar aniversarea va fi s\u0103rb\u0103torit\u0103 la Buz\u0103u printr-o serie de evenimente organizate \u00een perioada 10-20 august. Buzoienii sunt invita\u021bi la expozi\u021bii, un simpozion dedicat istoriei militare, o expozi\u021bie de tehnic\u0103 militar\u0103, Festivalul Muzicilor Militare \u0219i, \u00een final, la ceremonia militar\u0103 de pe Calea Eroilor.<\/p>\n<p>Istoria marii unit\u0103\u021bi militare de la Buz\u0103u este legat\u0103 de Armata a 2-a, \u00eenfiin\u021bat\u0103 la 18 august 1916, prin Ordinul Marelui Cartier General nr. 40. Divizia 2 Infanterie \u201eGetica\u201d este continuatoarea tradi\u021biilor militare ale Armatei a 2-a \u0219i s\u0103rb\u0103tore\u0219te anul acesta 110 ani de existen\u021b\u0103.<\/p>\n<p>Cu acest prilej, militarii au preg\u0103tit, \u00eentre\u00a010 \u0219i 20 august, mai multe manifest\u0103ri deschise publicului, desf\u0103\u0219urate \u00een diferite zone ale municipiului Buz\u0103u.<\/p>\n<p>Seria evenimentelor debuteaz\u0103 chiar\u00a0luni, 10 august, cu o expozi\u021bie de pictur\u0103 semnat\u0103 de colonelul (r) Preda Ovidiu. Expozi\u021bia va putea fi vizitat\u0103 p\u00e2n\u0103 pe 16 august, zilnic \u00eentre orele\u00a010.00 \u0219i 18.00, \u00een foaierul Teatrului \u201eGeorge Ciprian\u201d.<\/p>\n<p>Pe\u00a012 august, \u00eentre orele\u00a011.00 \u0219i 15.00, Sala Teatrului \u201eGeorge Ciprian\u201d va g\u0103zdui un simpozion cu lans\u0103ri de carte, manifestarea fiind dedicat\u0103 istoriei \u0219i tradi\u021biilor militare.<\/p>\n<p>Tehnica militar\u0103 iese pe Bulevardul Nicolae B\u0103lcescu<\/p>\n<p>Unul dintre evenimentele care se anun\u021b\u0103 de interes pentru public va avea loc duminic\u0103,\u00a016 august. \u00centre orele\u00a010.00 \u0219i 19.00, pe Bulevardul Nicolae B\u0103lcescu va fi organizat\u0103 o ampl\u0103\u00a0expozi\u021bie de tehnic\u0103 militar\u0103.<\/p>\n<p>Buzoienii vor putea vedea de aproape echipamente aflate \u00een dotarea Diviziei 2 Infanterie \u201eGetica\u201d \u0219i vor avea posibilitatea s\u0103 interac\u021bioneze cu militarii.<\/p>\n<p>Manifest\u0103rile vor continua pe\u00a019 august, c\u00e2nd Pia\u021ba Dacia va deveni, \u00eentre orele\u00a019.00 \u0219i 20.30, scena\u00a0Festivalului Muzicilor Militare, un spectacol preg\u0103tit pentru \u00eentreaga comunitate.<\/p>\n<p>Defilare pe Calea Eroilor, \u00een ultima zi a manifest\u0103rilor<\/p>\n<p>Momentul central al anivers\u0103rii este programat pentru\u00a020 august, \u00een ultima zi a manifest\u0103rilor dedicate celor 110 ani de existen\u021b\u0103.<\/p>\n<p>\u00centre orele\u00a012.00 \u0219i 14.00\u00a0va avea loc o\u00a0ceremonie militar\u0103 \u0219i religioas\u0103, care se va \u00eencheia cu\u00a0defilarea trupelor pe Calea Eroilor. Potrivit Diviziei 2 Infanterie \u201eGetica\u201d, momentul este unul prin care vor fi cinstite tradi\u021biile \u0219i valorile marii unit\u0103\u021bi militare.<\/p>\n<p>Reprezentan\u021bii Diviziei \u00eei invit\u0103 pe buzoieni s\u0103 participe la evenimente \u0219i s\u0103 descopere mai \u00eendeaproape istoria, tradi\u021biile \u0219i misiunile militarilor.<\/p>\n<p>\u201eV\u0103 a\u0219tept\u0103m s\u0103 celebr\u0103m \u00eempreun\u0103 110 ani de istorie, onoare \u0219i credin\u021b\u0103 \u00een slujba patriei, \u00eentr-o s\u0103pt\u0103m\u00e2n\u0103 dedicat\u0103 oamenilor, valorilor \u0219i tradi\u021biilor care definesc Divizia 2 Infanterie \u201eGetica\u201d. \u00cempreun\u0103 scriem istoria!\u201d, este mesajul transmis de Compartimentul Informare \u0219i Rela\u021bii Publice al Diviziei.<\/p>\n<p>\u00a0<\/p>\n<\/div>\n<p>[analyse_source url=&#8221;https:\/\/www.observatorulbuzoian.ro\/divizia-2-infanterie-getica-sarbatoreste-110-ani-expozitie-de-tehnica-militara-festival-si-defilare-pe-calea-eroilor-la-buzau\/&#8221;]<\/p>\n","protected":false},"excerpt":{"rendered":"<p>[analyse_image type=&#8221;featured&#8221; src=&#8221;https:\/\/www.observatorulbuzoian.ro\/wp-content\/uploads\/2026\/08\/Afis-promovare-activitati-scaled.jpeg&#8221;] Divizia 2 Infanterie \u201eGetica\u201d marcheaz\u0103, \u00een aceast\u0103 lun\u0103, 110 ani de la \u00eenfiin\u021bare, iar aniversarea va fi s\u0103rb\u0103torit\u0103 la Buz\u0103u printr-o serie de evenimente organizate \u00een perioada 10-20 august. Buzoienii sunt invita\u021bi la expozi\u021bii, un simpozion dedicat istoriei militare, o expozi\u021bie de tehnic\u0103 militar\u0103, Festivalul Muzicilor Militare \u0219i, \u00een final, la ceremonia [&hellip;]<\/p>\n","protected":false},"author":1,"featured_media":0,"comment_status":"open","ping_status":"","sticky":false,"template":"","format":"standard","meta":{"footnotes":""},"categories":[2],"tags":[226,82],"class_list":["post-2085072","post","type-post","status-publish","format-standard","hentry","category-politics","tag-crawlmanager","tag-observatorulbuzoian-ro"],"_links":{"self":[{"href":"https:\/\/analyse.optim.biz\/index.php?rest_route=\/wp\/v2\/posts\/2085072","targetHints":{"allow":["GET"]}}],"collection":[{"href":"https:\/\/analyse.optim.biz\/index.php?rest_route=\/wp\/v2\/posts"}],"about":[{"href":"https:\/\/analyse.optim.biz\/index.php?rest_route=\/wp\/v2\/types\/post"}],"author":[{"embeddable":true,"href":"https:\/\/analyse.optim.biz\/index.php?rest_route=\/wp\/v2\/users\/1"}],"replies":[{"embeddable":true,"href":"https:\/\/analyse.optim.biz\/index.php?rest_route=%2Fwp%2Fv2%2Fcomments&post=2085072"}],"version-history":[{"count":0,"href":"https:\/\/analyse.optim.biz\/index.php?rest_route=\/wp\/v2\/posts\/2085072\/revisions"}],"wp:attachment":[{"href":"https:\/\/analyse.optim.biz\/index.php?rest_route=%2Fwp%2Fv2%2Fmedia&parent=2085072"}],"wp:term":[{"taxonomy":"category","embeddable":true,"href":"https:\/\/analyse.optim.biz\/index.php?rest_route=%2Fwp%2Fv2%2Fcategories&post=2085072"},{"taxonomy":"post_tag","embeddable":true,"href":"https:\/\/analyse.optim.biz\/index.php?rest_route=%2Fwp%2Fv2%2Ftags&post=2085072"}],"curies":[{"name":"wp","href":"https:\/\/api.w.org\/{rel}","templated":true}]}}