{"id":208496,"date":"2014-04-01T18:01:00","date_gmt":"2014-04-01T15:01:00","guid":{"rendered":"https:\/\/analyse.optim.biz\/?p=208496"},"modified":"2014-04-01T18:01:00","modified_gmt":"2014-04-01T15:01:00","slug":"comisia-europeana-cere-lamurirea-situatiei-alesilor-incompatibili","status":"publish","type":"post","link":"https:\/\/analyse.optim.biz\/?p=208496","title":{"rendered":"Comisia European\u0103 cere l\u0103murirea situa\u0163iei ale\u015filor incompatibili"},"content":{"rendered":"<div class=\"entry data-app-meta data-app-meta-article\" data-embed-base-url-canonical=\"https:\/\/www.digi24.ro\/embed\/stiri\/actualitate\/politica\/comisia-europeana-cere-lamurirea-situatiei-alesilor-incompatibili-223124\">\n<p data-index=\"1\">\u201eComisia a manifestat \u00eengrijorare vizavi de \u00eemprejurarea c\u0103 pe incompatibilitate sunt membri din Parlament \u0219i mini\u0219tri asupra c\u0103rora exis\u0103a semne de \u00eentrebare\u201d, a spus senatorul PSD Ioan Chelaru.<\/p>\n<p data-index=\"2\">\u201eExper\u021bii au evitat s\u0103 se refere punctual la vreun aspect, au spus c\u0103 nu e normal ca o hot\u0103r\u00e2re de condamnare definitiv\u0103 s\u0103 nu fie pus\u0103 \u00een practic\u0103 \u0219i cred c\u0103 s-au referit la Mircea Diaconu\u201d, a ad\u0103ugat el.<\/p>\n<p data-index=\"3\">Peste 50 de actuali parlamentari au probleme de integritate. Unele cazuri sunt deja confirmate de instan\u0163ele de judecat\u0103.<\/p>\n<\/div>\n<p> Source URL: https:\/\/www.digi24.ro\/stiri\/actualitate\/politica\/comisia-europeana-cere-lamurirea-situatiei-alesilor-incompatibili-223124<\/p>\n","protected":false},"excerpt":{"rendered":"<p>\u201eComisia a manifestat \u00eengrijorare vizavi de \u00eemprejurarea c\u0103 pe incompatibilitate sunt membri din Parlament \u0219i mini\u0219tri asupra c\u0103rora exis\u0103a semne de \u00eentrebare\u201d, a spus senatorul PSD Ioan Chelaru. \u201eExper\u021bii au evitat s\u0103 se refere punctual la vreun aspect, au spus c\u0103 nu e normal ca o hot\u0103r\u00e2re de condamnare definitiv\u0103 s\u0103 nu fie pus\u0103 \u00een [&hellip;]<\/p>\n","protected":false},"author":1,"featured_media":208497,"comment_status":"open","ping_status":"","sticky":false,"template":"","format":"standard","meta":{"footnotes":""},"categories":[2],"tags":[11],"class_list":["post-208496","post","type-post","status-publish","format-standard","has-post-thumbnail","hentry","category-politics","tag-digi24"],"_links":{"self":[{"href":"https:\/\/analyse.optim.biz\/index.php?rest_route=\/wp\/v2\/posts\/208496","targetHints":{"allow":["GET"]}}],"collection":[{"href":"https:\/\/analyse.optim.biz\/index.php?rest_route=\/wp\/v2\/posts"}],"about":[{"href":"https:\/\/analyse.optim.biz\/index.php?rest_route=\/wp\/v2\/types\/post"}],"author":[{"embeddable":true,"href":"https:\/\/analyse.optim.biz\/index.php?rest_route=\/wp\/v2\/users\/1"}],"replies":[{"embeddable":true,"href":"https:\/\/analyse.optim.biz\/index.php?rest_route=%2Fwp%2Fv2%2Fcomments&post=208496"}],"version-history":[{"count":0,"href":"https:\/\/analyse.optim.biz\/index.php?rest_route=\/wp\/v2\/posts\/208496\/revisions"}],"wp:featuredmedia":[{"embeddable":true,"href":"https:\/\/analyse.optim.biz\/index.php?rest_route=\/wp\/v2\/media\/208497"}],"wp:attachment":[{"href":"https:\/\/analyse.optim.biz\/index.php?rest_route=%2Fwp%2Fv2%2Fmedia&parent=208496"}],"wp:term":[{"taxonomy":"category","embeddable":true,"href":"https:\/\/analyse.optim.biz\/index.php?rest_route=%2Fwp%2Fv2%2Fcategories&post=208496"},{"taxonomy":"post_tag","embeddable":true,"href":"https:\/\/analyse.optim.biz\/index.php?rest_route=%2Fwp%2Fv2%2Ftags&post=208496"}],"curies":[{"name":"wp","href":"https:\/\/api.w.org\/{rel}","templated":true}]}}