{"id":208485,"date":"2014-04-01T21:11:43","date_gmt":"2014-04-01T18:11:43","guid":{"rendered":"https:\/\/analyse.optim.biz\/?p=208485"},"modified":"2014-04-01T21:11:43","modified_gmt":"2014-04-01T18:11:43","slug":"video-dialogul-lui-traian-basescu-cu-o-salariata-de-la-antena-3","status":"publish","type":"post","link":"https:\/\/analyse.optim.biz\/?p=208485","title":{"rendered":"VIDEO. Dialogul lui Traian B\u0103sescu cu o \u201esalariat\u0103\u201d de la Antena 3"},"content":{"rendered":"<div class=\"entry data-app-meta data-app-meta-article\" data-embed-base-url-canonical=\"https:\/\/www.digi24.ro\/embed\/stiri\/actualitate\/politica\/video-dialogul-lui-traian-basescu-cu-o-salariata-de-la-antena-3-223216\">\n<p data-index=\"1\">La \u00eenceputul <a href=\"https:\/\/www.digi24.ro\/Stiri\/Digi24\/Actualitate\/Stiri\/Traian+Basescu+declaratii+de+presa+la+ora+19+30\" target=\"_blank\" data-skip-linkfix=\"1\" rel=\"noopener\">conferin\u021bei de pres\u0103<\/a> de mar\u021bi seara, pre\u0219edintele men\u021bionase c\u0103 \u201esalaria\u021bii de la Antena 3 \u0219i propagandi\u0219tii\u201d \u00ee\u0219i doresc mult ordonan\u021ba de urgen\u021b\u0103 pentru aplicarea supraacizei la carburant, pe care pre\u0219edintele ar vrea s\u0103 fie respins\u0103.<\/p>\n<p data-index=\"2\">&#8211;<em> Dna salariat<\/em>, s-a adresat pre\u0219edintele jurnalistei <strong>Andreea Dumitrache<\/strong> dup\u0103 ce aceasta a formulat \u00eentrebarea. <em>Fiind de la Antena 3, sunte\u021bi salariat<\/em>, a precizat Traian B\u0103sescu.<\/p>\n<p data-index=\"3\">&#8211; <em>\u0218i nu e o ru\u0219ine<\/em>, a replicat jurnalista.<\/p>\n<p data-index=\"4\">&#8211; <em>Numai pu\u021bintel, c\u0103 nu sunte\u021bi la \u201eGhidea\u201d,<\/em>\u00a0a continuat \u0219eful statului, cer\u00e2ndu-i ziaristei s\u0103 nu ridice tonul.<\/p>\n<p data-index=\"5\">&#8211; <em>De ce ne jigni\u021bi? Sunte\u021bi la tribuna Pre\u0219edin\u021biei<\/em>&#8230;., i-a repro\u0219at ziarista.<\/p>\n<p data-index=\"6\">&#8211; <em>Dar G\u00eedea este un om&#8230;este jignitor s\u0103 vorbe\u0219ti despre el<\/em>? a \u00eentrebat pre\u0219edintele.<\/p>\n<p data-index=\"7\">\u00cen final, pre\u0219edintele i-a spus ziaristei c\u0103 r\u0103spunsul s\u0103u la \u00eentrebarea pus\u0103 ini\u021bial este \u201e<em>Dragnea minte<\/em>\u201d \u0219i la orice alt\u0103 \u00eentrebare sau reformulare de \u00eentrebare ulterioar\u0103 din partea jurnalistei pre\u0219edintele a refuzat s\u0103 r\u0103spund\u0103, spun\u00e2nd \u201e<em>V\u0103 mul\u021bumesc<\/em>\u201d de nu mai pu\u021bin de <strong>zece ori<\/strong>.<\/p>\n<p data-index=\"8\">El ceruse ziari\u0219tilor s\u0103-i adreseze numai c\u00e2te o \u00eentrebare,\u00a0<\/p>\n<\/div>\n<p> Source URL: https:\/\/www.digi24.ro\/stiri\/actualitate\/politica\/video-dialogul-lui-traian-basescu-cu-o-salariata-de-la-antena-3-223216<\/p>\n","protected":false},"excerpt":{"rendered":"<p>La \u00eenceputul conferin\u021bei de pres\u0103 de mar\u021bi seara, pre\u0219edintele men\u021bionase c\u0103 \u201esalaria\u021bii de la Antena 3 \u0219i propagandi\u0219tii\u201d \u00ee\u0219i doresc mult ordonan\u021ba de urgen\u021b\u0103 pentru aplicarea supraacizei la carburant, pe care pre\u0219edintele ar vrea s\u0103 fie respins\u0103. &#8211; Dna salariat, s-a adresat pre\u0219edintele jurnalistei Andreea Dumitrache dup\u0103 ce aceasta a formulat \u00eentrebarea. Fiind de la [&hellip;]<\/p>\n","protected":false},"author":1,"featured_media":208486,"comment_status":"open","ping_status":"","sticky":false,"template":"","format":"standard","meta":{"footnotes":""},"categories":[2],"tags":[11],"class_list":["post-208485","post","type-post","status-publish","format-standard","has-post-thumbnail","hentry","category-politics","tag-digi24"],"_links":{"self":[{"href":"https:\/\/analyse.optim.biz\/index.php?rest_route=\/wp\/v2\/posts\/208485","targetHints":{"allow":["GET"]}}],"collection":[{"href":"https:\/\/analyse.optim.biz\/index.php?rest_route=\/wp\/v2\/posts"}],"about":[{"href":"https:\/\/analyse.optim.biz\/index.php?rest_route=\/wp\/v2\/types\/post"}],"author":[{"embeddable":true,"href":"https:\/\/analyse.optim.biz\/index.php?rest_route=\/wp\/v2\/users\/1"}],"replies":[{"embeddable":true,"href":"https:\/\/analyse.optim.biz\/index.php?rest_route=%2Fwp%2Fv2%2Fcomments&post=208485"}],"version-history":[{"count":0,"href":"https:\/\/analyse.optim.biz\/index.php?rest_route=\/wp\/v2\/posts\/208485\/revisions"}],"wp:featuredmedia":[{"embeddable":true,"href":"https:\/\/analyse.optim.biz\/index.php?rest_route=\/wp\/v2\/media\/208486"}],"wp:attachment":[{"href":"https:\/\/analyse.optim.biz\/index.php?rest_route=%2Fwp%2Fv2%2Fmedia&parent=208485"}],"wp:term":[{"taxonomy":"category","embeddable":true,"href":"https:\/\/analyse.optim.biz\/index.php?rest_route=%2Fwp%2Fv2%2Fcategories&post=208485"},{"taxonomy":"post_tag","embeddable":true,"href":"https:\/\/analyse.optim.biz\/index.php?rest_route=%2Fwp%2Fv2%2Ftags&post=208485"}],"curies":[{"name":"wp","href":"https:\/\/api.w.org\/{rel}","templated":true}]}}