{"id":2084560,"date":"2026-08-07T08:16:59","date_gmt":"2026-08-07T05:16:59","guid":{"rendered":"https:\/\/analyse.optim.biz\/?p=2084560"},"modified":"2026-08-07T08:16:59","modified_gmt":"2026-08-07T05:16:59","slug":"privind-lumea-de-pe-athos","status":"publish","type":"post","link":"https:\/\/analyse.optim.biz\/?p=2084560","title":{"rendered":"Privind lumea de pe Athos"},"content":{"rendered":"<p>[analyse_image type=&#8221;featured&#8221; src=&#8221;https:\/\/www.incorectpolitic.com\/wp-content\/uploads\/2026\/08\/athos.png&#8221;]<\/p>\n<div class=\"entry\">\n<p>Prof. Octavian Dimarescu<br \/><strong>Incorect Politic<\/strong><br \/>\nAugust 7, 2026<\/p>\n<p><a href=\"https:\/\/www.incorectpolitic.com\/privind-lumea-de-pe-athos\/athos-2\/\" rel=\"attachment wp-att-82204\"><img loading=\"lazy\" decoding=\"async\" class=\"aligncenter wp-image-82204 size-full\" src=\"https:\/\/www.incorectpolitic.com\/wp-content\/uploads\/2026\/08\/athos.png\" alt=\"Privind lumea de pe Athos\" width=\"851\" height=\"626\"><\/a><\/p>\n<p>Scriu aceste r\u00e2nduri privind marea de la una dintre chiliile de pe Sf\u00e2ntul Munte Athos, unde lini\u0219tea t\u0103ioas\u0103 a st\u00e2ncilor te oblig\u0103 s\u0103 prive\u0219ti cu al\u021bi ochi lumea pe care ai l\u0103sat-o \u00een urm\u0103. M-am oprit \u00eendelung asupra doctrinei sociale a Bisericii Ortodoxe, \u00eencerc\u00e2nd s\u0103 \u00een\u021beleg de ce societatea contemporan\u0103 pare at\u00e2t de fracturat\u0103, asediat\u0103 de ideologii care promit libertatea, dar aduc doar izolare: ra\u021bionalismul, nominalismul, liberalismul \u0219i, mai cu seam\u0103, utopia economic\u0103 libertarian\u0103.<\/p>\n<p>R\u0103d\u0103cina acestui r\u0103u profund este o eroare filosofic\u0103 veche, devenit\u0103 ast\u0103zi aerul pe care \u00eel respir\u0103m. Este vorba despre nominalism, o viziune care ne spune c\u0103 nu exist\u0103 adev\u0103ruri, esen\u021be sau o natur\u0103 uman\u0103 universal\u0103, ci doar obiecte fizice, izolate \u0219i complet separate unele de altele. \u00cen aceast\u0103 logic\u0103 rece, crea\u021bia nu mai are niciun scop inerent, iar natura devine o simpl\u0103 mas\u0103 de materie moart\u0103, o for\u021b\u0103 oarb\u0103 pe care o putem exploata \u0219i re-crea prin tehnologie, dup\u0103 bunul plac. Astfel, sensul lumii nu mai este dat de Dumnezeu, ci este inventat \u0219i impus de cei care de\u021bin puterea.<\/p>\n<p>Din aceast\u0103 iluzie a ap\u0103rut \u0219i mitul modern al individului absolut, funda\u021bia pe care s-a ridicat liberalismul \u0219i varianta sa economic\u0103 cea mai extrem\u0103. Economia libertarian\u0103 ne \u00eenva\u021b\u0103 tacit c\u0103 societatea nici m\u0103car nu exist\u0103 ca \u00eentreg organic, fiind doar o aren\u0103 \u00een care indivizi pur egoi\u0219ti interac\u021bioneaz\u0103 tranzac\u021bional pentru a-\u0219i maximiza propriul profit. \u00cens\u0103 tradi\u021bia patristic\u0103 ne arat\u0103 exact opusul, a\u0219a cum explic\u0103 Sf\u00e2ntul Vasile cel Mare, ar\u0103t\u00e2nd c\u0103 via\u021ba monahal\u0103 \u00eens\u0103\u0219i este dovada faptului c\u0103 nu individul, ci comunitatea este elementul ontologic de baz\u0103 al existen\u021bei. Noi nu putem exista ca oameni \u00eentregi la minte \u00een afara familiei extinse, a parohiei sau a comunit\u0103\u021bii care ne-a format.<\/p>\n<p>A separa individul de \u00eentregul social este nu doar o arogan\u021b\u0103, ci o falsitate profund\u0103, deoarece individul este \u00een realitate produsul \u00eentregului. Aceast\u0103 viziune este sus\u021binut\u0103 de scrierile Sfin\u021bilor P\u0103rin\u021bi. Sf\u00e2ntul Ioan Gur\u0103 de Aur atrage aten\u021bia asupra de\u0219ert\u0103ciunii individualismului \u0219i a l\u0103comiei, subliniind c\u0103 adev\u0103rata bog\u0103\u021bie nu const\u0103 \u00een acumularea de bunuri materiale, ci \u00een virtute \u0219i \u00een iubirea de aproapele. Cel care dore\u0219te multe, chiar dac\u0103 are averi, este cu adev\u0103rat s\u0103rac, \u00een timp ce cel care se mul\u021bume\u0219te cu pu\u021bin este cu adev\u0103rat bogat. Mai mult, l\u0103comia, pe care pie\u021bele o ridic\u0103 adesea la rang de virtute, este de fapt un tiran care i-a determinat pe unii s\u0103 pun\u0103 garduri \u0219i s\u0103 pretind\u0103 proprietatea absolut\u0103 asupra darurilor l\u0103sate de Dumnezeu pentru folosul comun, priv\u00e2ndu-i pe ceilal\u021bi de ele. Pentru a justifica aceast\u0103 acaparare, modernitatea ne-a \u00eenv\u0103\u021bat s\u0103 ne \u00eenchin\u0103m ra\u021biunii, \u00eens\u0103 ra\u021bionalismul de ast\u0103zi nu mai caut\u0103 adev\u0103rul, ci a devenit o simpl\u0103 unealt\u0103 utilitarist\u0103, o capacitate de calcul egoist menit\u0103 doar s\u0103 ob\u021bin\u0103 ceea ce omul \u00ee\u0219i dore\u0219te. Sf\u00e2ntul Ioan Gur\u0103 de Aur avertizeaz\u0103 asupra pericolului desf\u0103t\u0103rii \u0219i al be\u021biei, care nu doar v\u0103t\u0103ma trupul, ci \u0219i sufletul, \u00eendep\u0103rt\u00e2ndu-l de la Dumnezeu. Ra\u021biunea, separat\u0103 de spirit, devine sclav\u0103 a patimilor, slujind doar la ra\u021bionalizarea dorin\u021belor noastre c\u0103zute.<\/p>\n<p>Din aceast\u0103 respingere a l\u0103comiei decurge firesc o alt\u0103 \u00een\u021belegere a muncii \u0219i a organiz\u0103rii vie\u021bii noastre materiale, una care respinge at\u00e2t tirania colectiviz\u0103rii, c\u00e2t \u0219i domina\u021bia oligarhic\u0103, pun\u00e2nd accent pe o distribuire fireasc\u0103 a propriet\u0103\u021bii \u0219i a mijloacelor de trai. Dac\u0103 civiliza\u021bia c\u0103zut\u0103, de la Babilon p\u00e2n\u0103 la structurile birocratice \u0219i corporatiste de azi, transform\u0103 omul \u00eentr-o simpl\u0103 unealt\u0103 pentru a concentra puterea \u00een m\u00e2inile c\u00e2torva, alternativa se afl\u0103 \u00een restabilirea familiei, a parohiei \u0219i a breslei ca centre vitale ale societ\u0103\u021bii. O economie cu adev\u0103rat s\u0103n\u0103toas\u0103 nu transform\u0103 masele \u00een sclavi ai unui sistem abstract sau ai muncii for\u021bate, ci permite fiec\u0103rui om s\u0103 se bucure de independen\u021ba gospod\u0103riei sale \u0219i s\u0103 participe la demnitatea muncii, \u00een\u021beleas\u0103 ca o lucrare spiritual\u0103 de co-crea\u021bie al\u0103turi de Dumnezeu. O viziune agrar\u0103, bazat\u0103 pe comunit\u0103\u021bi locale autosuficiente, sus\u021bine o abordare organic\u0103 a agriculturii, care evit\u0103 chimicalele sintetice d\u0103un\u0103toare \u0219i promoveaz\u0103 s\u0103n\u0103tatea solului, integr\u00e2nd ra\u021biunea uman\u0103 cu ordinea natural\u0103 creat\u0103 de Dumnezeu.<\/p>\n<p>Aceast\u0103 abordare organic\u0103 nu este doar despre cre\u0219terea hranei, ci reprezint\u0103 o critic\u0103 filosofic\u0103 a modernit\u0103\u021bii, opun\u00e2ndu-se reducerii naturii la o simpl\u0103 ma\u0219in\u0103rie exploatabil\u0103.<strong>\u00a0 <\/strong>Aceast\u0103 viziune este \u00eenr\u0103d\u0103cinat\u0103 \u00een teologia Logosului, unde lumea natural\u0103 este v\u0103zut\u0103 ca o manifestare a \u00een\u021belepciunii divine, iar munca uman\u0103 este o participare la ra\u021biunea universal\u0103. Sf\u00e2ntul Efrem Sirul ilustreaz\u0103 aceast\u0103 perspectiv\u0103, v\u0103z\u00e2nd \u00een Gr\u0103dina Edenului o imagine a Bisericii \u0219i a comuniunii omului cu Dumnezeu prin natur\u0103. Bunurile \u0219i mijloacele de a produce valoare trebuie s\u0103 fie ancorate la o scar\u0103 uman\u0103, menite s\u0103 sus\u021bin\u0103 via\u021ba echilibrat\u0103 a comunit\u0103\u021bilor mici, cu interese \u0219i tradi\u021bii comune, \u0219i nu s\u0103 alimenteze o poft\u0103 nesf\u00e2r\u0219it\u0103 de acaparare care distruge armonia natural\u0103.<\/p>\n<p>\u00cen contrast absolut cu logica lumeasc\u0103, spiritualitatea ortodox\u0103, explicat\u0103 at\u00e2t de clar de Sf\u00e2ntul Grigorie Palama, ne arat\u0103 c\u0103 centrul fiin\u021bei noastre nu este creierul, ci inima. Inima este locul tainic unde se unesc istoria, ra\u021biunea, voin\u021ba \u0219i tradi\u021bia omului. O minte \u00eempr\u0103\u0219tiat\u0103 \u00een mii de griji lume\u0219ti \u0219i fixat\u0103 pe obiecte individuale este incapabil\u0103 s\u0103 vad\u0103 dincolo de suprafa\u021ba lucrurilor, dar inima cur\u0103\u021bit\u0103 prin ascez\u0103, post \u0219i t\u0103ierea voii egoiste \u00ee\u0219i recap\u0103t\u0103 treptat vederea duhovniceasc\u0103. A\u0219a cum ne \u00eenva\u021b\u0103 Sf\u00e2ntul Vasile cel Mare, postul nu este doar o opreli\u0219te alimentar\u0103, ci un medicament pentru suflet, o eliberare de patimi \u0219i o \u00eentoarcere la starea paradisiac\u0103.<\/p>\n<p>Postul adev\u0103rat este \u00eenstr\u0103inarea de p\u0103cat, \u00eenfr\u00e2narea limbii, a m\u00e2niei \u0219i a tuturor viciilor. Mai mult, a fi aten\u021bi la noi \u00een\u0219ine, a\u0219a cum ne \u00eendeamn\u0103 Sf\u00e2ntul Vasile, \u00eenseamn\u0103 a ne examina con\u0219tiin\u021ba \u0219i a ne concentra pe suflet, nu pe cele trupe\u0219ti \u0219i trec\u0103toare. Abia prin aceast\u0103 lentil\u0103 curat\u0103 putem \u00een\u021belege adev\u0103ratul r\u0103spuns \u00een fa\u021ba r\u0103t\u0103cirilor moderne: teologia Logosului. Tot ceea ce vedem \u00een natur\u0103 nu este un haos determinist, ci crea\u021bia impregnat\u0103 de Cuv\u00e2ntul \u0219i Ra\u021biunea lui Dumnezeu.<\/p>\n<p>Lumea ne minte constant c\u00e2nd ne spune c\u0103 suntem liberi doar atunci c\u00e2nd putem cump\u0103ra, vinde \u0219i consuma f\u0103r\u0103 limite, deoarece aceast\u0103 libertate este, de fapt, o \u00eenchisoare invizibil\u0103, o sclavie fa\u021b\u0103 de propriile patimi \u0219i fa\u021b\u0103 de legea ne\u00eendur\u0103toare a cauzei \u0219i efectului. Adev\u0103rata libertate, cea care se tr\u0103ie\u0219te \u0219i se \u00eenva\u021b\u0103 aici, \u00een t\u0103cerea muntelui, este eliberarea voin\u021bei din temni\u021ba lumii materiale \u0219i a impulsurilor egoiste.<\/p>\n<p>Noi nu suntem simple ma\u0219in\u0103rii de calculat profituri r\u0103t\u0103cite \u00eentr-un univers mort, ci suntem chema\u021bi s\u0103 tr\u0103im unii prin al\u021bii \u0219i pentru al\u021bii. Sensul ultim al existen\u021bei este s\u0103 respingem iluzia izol\u0103rii \u0219i s\u0103 ne sfin\u021bim via\u021ba recunosc\u00e2nd amprenta Logosului at\u00e2t \u00een omul de l\u00e2ng\u0103 noi, c\u00e2t \u0219i \u00een frumuse\u021bea \u00eentregii crea\u021bii. Sf\u00e2ntul Ioan Gur\u0103 de Aur subliniaz\u0103 importan\u021ba rug\u0103ciunii ca temelie a unei vie\u021bi virtuoase, o convorbire cu Dumnezeu care ne elibereaz\u0103 de moartea sufleteasc\u0103 \u0219i ne apropie de \u00eengeri. F\u0103r\u0103 rug\u0103ciune, suntem vulnerabili la ispitele diavolului; cu ea, ne \u00eent\u0103rim sufletul \u0219i primim harul necesar pentru a face fa\u021b\u0103 \u00eencerc\u0103rilor vie\u021bii. Tot el ne \u00eenva\u021b\u0103 c\u0103 trebuie s\u0103 facem totul spre slava lui Dumnezeu, chiar \u0219i cele mai simple ac\u021biuni, transform\u00e2nd astfel \u00eentreaga noastr\u0103 via\u021b\u0103 \u00eentr-o slujire ne\u00eencetat\u0103. Prin urmare, r\u0103spunsul la capcanele modernit\u0103\u021bii nu st\u0103 \u00een solu\u021bii abstracte, ci \u00eentr-o via\u021b\u0103 tr\u0103it\u0103 \u00een ascultare fa\u021b\u0103 de Logos, \u00een comunitate \u0219i \u00een rug\u0103ciune.<\/p>\n<p>\u00a0<\/p>\n<\/div>\n<div class=\"entry\">\n<p>Prof. Octavian Dimarescu<br \/><strong>Incorect Politic<\/strong><br \/>\nAugust 7, 2026<\/p>\n<p><a href=\"https:\/\/www.incorectpolitic.com\/privind-lumea-de-pe-athos\/athos-2\/\" rel=\"attachment wp-att-82204\"><img loading=\"lazy\" decoding=\"async\" class=\"aligncenter wp-image-82204 size-full\" src=\"https:\/\/www.incorectpolitic.com\/wp-content\/uploads\/2026\/08\/athos.png\" alt=\"Privind lumea de pe Athos\" width=\"851\" height=\"626\"><\/a><\/p>\n<p>Scriu aceste r\u00e2nduri privind marea de la una dintre chiliile de pe Sf\u00e2ntul Munte Athos, unde lini\u0219tea t\u0103ioas\u0103 a st\u00e2ncilor te oblig\u0103 s\u0103 prive\u0219ti cu al\u021bi ochi lumea pe care ai l\u0103sat-o \u00een urm\u0103. M-am oprit \u00eendelung asupra doctrinei sociale a Bisericii Ortodoxe, \u00eencerc\u00e2nd s\u0103 \u00een\u021beleg de ce societatea contemporan\u0103 pare at\u00e2t de fracturat\u0103, asediat\u0103 de ideologii care promit libertatea, dar aduc doar izolare: ra\u021bionalismul, nominalismul, liberalismul \u0219i, mai cu seam\u0103, utopia economic\u0103 libertarian\u0103.<\/p>\n<p>R\u0103d\u0103cina acestui r\u0103u profund este o eroare filosofic\u0103 veche, devenit\u0103 ast\u0103zi aerul pe care \u00eel respir\u0103m. Este vorba despre nominalism, o viziune care ne spune c\u0103 nu exist\u0103 adev\u0103ruri, esen\u021be sau o natur\u0103 uman\u0103 universal\u0103, ci doar obiecte fizice, izolate \u0219i complet separate unele de altele. \u00cen aceast\u0103 logic\u0103 rece, crea\u021bia nu mai are niciun scop inerent, iar natura devine o simpl\u0103 mas\u0103 de materie moart\u0103, o for\u021b\u0103 oarb\u0103 pe care o putem exploata \u0219i re-crea prin tehnologie, dup\u0103 bunul plac. Astfel, sensul lumii nu mai este dat de Dumnezeu, ci este inventat \u0219i impus de cei care de\u021bin puterea.<\/p>\n<p>Din aceast\u0103 iluzie a ap\u0103rut \u0219i mitul modern al individului absolut, funda\u021bia pe care s-a ridicat liberalismul \u0219i varianta sa economic\u0103 cea mai extrem\u0103. Economia libertarian\u0103 ne \u00eenva\u021b\u0103 tacit c\u0103 societatea nici m\u0103car nu exist\u0103 ca \u00eentreg organic, fiind doar o aren\u0103 \u00een care indivizi pur egoi\u0219ti interac\u021bioneaz\u0103 tranzac\u021bional pentru a-\u0219i maximiza propriul profit. \u00cens\u0103 tradi\u021bia patristic\u0103 ne arat\u0103 exact opusul, a\u0219a cum explic\u0103 Sf\u00e2ntul Vasile cel Mare, ar\u0103t\u00e2nd c\u0103 via\u021ba monahal\u0103 \u00eens\u0103\u0219i este dovada faptului c\u0103 nu individul, ci comunitatea este elementul ontologic de baz\u0103 al existen\u021bei. Noi nu putem exista ca oameni \u00eentregi la minte \u00een afara familiei extinse, a parohiei sau a comunit\u0103\u021bii care ne-a format.<\/p>\n<p>A separa individul de \u00eentregul social este nu doar o arogan\u021b\u0103, ci o falsitate profund\u0103, deoarece individul este \u00een realitate produsul \u00eentregului. Aceast\u0103 viziune este sus\u021binut\u0103 de scrierile Sfin\u021bilor P\u0103rin\u021bi. Sf\u00e2ntul Ioan Gur\u0103 de Aur atrage aten\u021bia asupra de\u0219ert\u0103ciunii individualismului \u0219i a l\u0103comiei, subliniind c\u0103 adev\u0103rata bog\u0103\u021bie nu const\u0103 \u00een acumularea de bunuri materiale, ci \u00een virtute \u0219i \u00een iubirea de aproapele. Cel care dore\u0219te multe, chiar dac\u0103 are averi, este cu adev\u0103rat s\u0103rac, \u00een timp ce cel care se mul\u021bume\u0219te cu pu\u021bin este cu adev\u0103rat bogat. Mai mult, l\u0103comia, pe care pie\u021bele o ridic\u0103 adesea la rang de virtute, este de fapt un tiran care i-a determinat pe unii s\u0103 pun\u0103 garduri \u0219i s\u0103 pretind\u0103 proprietatea absolut\u0103 asupra darurilor l\u0103sate de Dumnezeu pentru folosul comun, priv\u00e2ndu-i pe ceilal\u021bi de ele. Pentru a justifica aceast\u0103 acaparare, modernitatea ne-a \u00eenv\u0103\u021bat s\u0103 ne \u00eenchin\u0103m ra\u021biunii, \u00eens\u0103 ra\u021bionalismul de ast\u0103zi nu mai caut\u0103 adev\u0103rul, ci a devenit o simpl\u0103 unealt\u0103 utilitarist\u0103, o capacitate de calcul egoist menit\u0103 doar s\u0103 ob\u021bin\u0103 ceea ce omul \u00ee\u0219i dore\u0219te. Sf\u00e2ntul Ioan Gur\u0103 de Aur avertizeaz\u0103 asupra pericolului desf\u0103t\u0103rii \u0219i al be\u021biei, care nu doar v\u0103t\u0103ma trupul, ci \u0219i sufletul, \u00eendep\u0103rt\u00e2ndu-l de la Dumnezeu. Ra\u021biunea, separat\u0103 de spirit, devine sclav\u0103 a patimilor, slujind doar la ra\u021bionalizarea dorin\u021belor noastre c\u0103zute.<\/p>\n<p>Din aceast\u0103 respingere a l\u0103comiei decurge firesc o alt\u0103 \u00een\u021belegere a muncii \u0219i a organiz\u0103rii vie\u021bii noastre materiale, una care respinge at\u00e2t tirania colectiviz\u0103rii, c\u00e2t \u0219i domina\u021bia oligarhic\u0103, pun\u00e2nd accent pe o distribuire fireasc\u0103 a propriet\u0103\u021bii \u0219i a mijloacelor de trai. Dac\u0103 civiliza\u021bia c\u0103zut\u0103, de la Babilon p\u00e2n\u0103 la structurile birocratice \u0219i corporatiste de azi, transform\u0103 omul \u00eentr-o simpl\u0103 unealt\u0103 pentru a concentra puterea \u00een m\u00e2inile c\u00e2torva, alternativa se afl\u0103 \u00een restabilirea familiei, a parohiei \u0219i a breslei ca centre vitale ale societ\u0103\u021bii. O economie cu adev\u0103rat s\u0103n\u0103toas\u0103 nu transform\u0103 masele \u00een sclavi ai unui sistem abstract sau ai muncii for\u021bate, ci permite fiec\u0103rui om s\u0103 se bucure de independen\u021ba gospod\u0103riei sale \u0219i s\u0103 participe la demnitatea muncii, \u00een\u021beleas\u0103 ca o lucrare spiritual\u0103 de co-crea\u021bie al\u0103turi de Dumnezeu. O viziune agrar\u0103, bazat\u0103 pe comunit\u0103\u021bi locale autosuficiente, sus\u021bine o abordare organic\u0103 a agriculturii, care evit\u0103 chimicalele sintetice d\u0103un\u0103toare \u0219i promoveaz\u0103 s\u0103n\u0103tatea solului, integr\u00e2nd ra\u021biunea uman\u0103 cu ordinea natural\u0103 creat\u0103 de Dumnezeu.<\/p>\n<p>Aceast\u0103 abordare organic\u0103 nu este doar despre cre\u0219terea hranei, ci reprezint\u0103 o critic\u0103 filosofic\u0103 a modernit\u0103\u021bii, opun\u00e2ndu-se reducerii naturii la o simpl\u0103 ma\u0219in\u0103rie exploatabil\u0103.<strong>\u00a0 <\/strong>Aceast\u0103 viziune este \u00eenr\u0103d\u0103cinat\u0103 \u00een teologia Logosului, unde lumea natural\u0103 este v\u0103zut\u0103 ca o manifestare a \u00een\u021belepciunii divine, iar munca uman\u0103 este o participare la ra\u021biunea universal\u0103. Sf\u00e2ntul Efrem Sirul ilustreaz\u0103 aceast\u0103 perspectiv\u0103, v\u0103z\u00e2nd \u00een Gr\u0103dina Edenului o imagine a Bisericii \u0219i a comuniunii omului cu Dumnezeu prin natur\u0103. Bunurile \u0219i mijloacele de a produce valoare trebuie s\u0103 fie ancorate la o scar\u0103 uman\u0103, menite s\u0103 sus\u021bin\u0103 via\u021ba echilibrat\u0103 a comunit\u0103\u021bilor mici, cu interese \u0219i tradi\u021bii comune, \u0219i nu s\u0103 alimenteze o poft\u0103 nesf\u00e2r\u0219it\u0103 de acaparare care distruge armonia natural\u0103.<\/p>\n<p>\u00cen contrast absolut cu logica lumeasc\u0103, spiritualitatea ortodox\u0103, explicat\u0103 at\u00e2t de clar de Sf\u00e2ntul Grigorie Palama, ne arat\u0103 c\u0103 centrul fiin\u021bei noastre nu este creierul, ci inima. Inima este locul tainic unde se unesc istoria, ra\u021biunea, voin\u021ba \u0219i tradi\u021bia omului. O minte \u00eempr\u0103\u0219tiat\u0103 \u00een mii de griji lume\u0219ti \u0219i fixat\u0103 pe obiecte individuale este incapabil\u0103 s\u0103 vad\u0103 dincolo de suprafa\u021ba lucrurilor, dar inima cur\u0103\u021bit\u0103 prin ascez\u0103, post \u0219i t\u0103ierea voii egoiste \u00ee\u0219i recap\u0103t\u0103 treptat vederea duhovniceasc\u0103. A\u0219a cum ne \u00eenva\u021b\u0103 Sf\u00e2ntul Vasile cel Mare, postul nu este doar o opreli\u0219te alimentar\u0103, ci un medicament pentru suflet, o eliberare de patimi \u0219i o \u00eentoarcere la starea paradisiac\u0103.<\/p>\n<p>Postul adev\u0103rat este \u00eenstr\u0103inarea de p\u0103cat, \u00eenfr\u00e2narea limbii, a m\u00e2niei \u0219i a tuturor viciilor. Mai mult, a fi aten\u021bi la noi \u00een\u0219ine, a\u0219a cum ne \u00eendeamn\u0103 Sf\u00e2ntul Vasile, \u00eenseamn\u0103 a ne examina con\u0219tiin\u021ba \u0219i a ne concentra pe suflet, nu pe cele trupe\u0219ti \u0219i trec\u0103toare. Abia prin aceast\u0103 lentil\u0103 curat\u0103 putem \u00een\u021belege adev\u0103ratul r\u0103spuns \u00een fa\u021ba r\u0103t\u0103cirilor moderne: teologia Logosului. Tot ceea ce vedem \u00een natur\u0103 nu este un haos determinist, ci crea\u021bia impregnat\u0103 de Cuv\u00e2ntul \u0219i Ra\u021biunea lui Dumnezeu.<\/p>\n<p>Lumea ne minte constant c\u00e2nd ne spune c\u0103 suntem liberi doar atunci c\u00e2nd putem cump\u0103ra, vinde \u0219i consuma f\u0103r\u0103 limite, deoarece aceast\u0103 libertate este, de fapt, o \u00eenchisoare invizibil\u0103, o sclavie fa\u021b\u0103 de propriile patimi \u0219i fa\u021b\u0103 de legea ne\u00eendur\u0103toare a cauzei \u0219i efectului. Adev\u0103rata libertate, cea care se tr\u0103ie\u0219te \u0219i se \u00eenva\u021b\u0103 aici, \u00een t\u0103cerea muntelui, este eliberarea voin\u021bei din temni\u021ba lumii materiale \u0219i a impulsurilor egoiste.<\/p>\n<p>Noi nu suntem simple ma\u0219in\u0103rii de calculat profituri r\u0103t\u0103cite \u00eentr-un univers mort, ci suntem chema\u021bi s\u0103 tr\u0103im unii prin al\u021bii \u0219i pentru al\u021bii. Sensul ultim al existen\u021bei este s\u0103 respingem iluzia izol\u0103rii \u0219i s\u0103 ne sfin\u021bim via\u021ba recunosc\u00e2nd amprenta Logosului at\u00e2t \u00een omul de l\u00e2ng\u0103 noi, c\u00e2t \u0219i \u00een frumuse\u021bea \u00eentregii crea\u021bii. Sf\u00e2ntul Ioan Gur\u0103 de Aur subliniaz\u0103 importan\u021ba rug\u0103ciunii ca temelie a unei vie\u021bi virtuoase, o convorbire cu Dumnezeu care ne elibereaz\u0103 de moartea sufleteasc\u0103 \u0219i ne apropie de \u00eengeri. F\u0103r\u0103 rug\u0103ciune, suntem vulnerabili la ispitele diavolului; cu ea, ne \u00eent\u0103rim sufletul \u0219i primim harul necesar pentru a face fa\u021b\u0103 \u00eencerc\u0103rilor vie\u021bii. Tot el ne \u00eenva\u021b\u0103 c\u0103 trebuie s\u0103 facem totul spre slava lui Dumnezeu, chiar \u0219i cele mai simple ac\u021biuni, transform\u00e2nd astfel \u00eentreaga noastr\u0103 via\u021b\u0103 \u00eentr-o slujire ne\u00eencetat\u0103. Prin urmare, r\u0103spunsul la capcanele modernit\u0103\u021bii nu st\u0103 \u00een solu\u021bii abstracte, ci \u00eentr-o via\u021b\u0103 tr\u0103it\u0103 \u00een ascultare fa\u021b\u0103 de Logos, \u00een comunitate \u0219i \u00een rug\u0103ciune.<\/p>\n<p>\u00a0<\/p>\n<\/div>\n<article class=\"post-81436 post type-post status-publish entry includes-feat-image\">\n<div class=\"featured-image alignleft\"><a class=\"featured_post_link\" href=\"https:\/\/www.incorectpolitic.com\/curaj-adevar-si-libertate-senatorul-miron-manega-s-o-s-a-propus-abrogarea-legilor-delictului-de-opinie\/\" title=\"CURAJ, ADEV\u0102R \u0218I LIBERTATE! Senatorul Miron Manega (S.O.S.) a propus abrogarea legilor delictului de opinie!\"><img loading=\"lazy\" decoding=\"async\" width=\"150\" height=\"150\" src=\"https:\/\/www.incorectpolitic.com\/wp-content\/uploads\/2019\/04\/manega-150x150.png\" class=\"attachment-thumbnail size-thumbnail wp-post-image lazyload\" alt><img loading=\"lazy\" decoding=\"async\" width=\"150\" height=\"150\" src=\"https:\/\/www.incorectpolitic.com\/wp-content\/uploads\/2019\/04\/manega-150x150.png\" class=\"attachment-thumbnail size-thumbnail wp-post-image\" alt data-eio=\"l\"><\/a><\/div>\n<div class=\"entry-title\"><a class=\"featured_post_link\" href=\"https:\/\/www.incorectpolitic.com\/curaj-adevar-si-libertate-senatorul-miron-manega-s-o-s-a-propus-abrogarea-legilor-delictului-de-opinie\/\" title=\"CURAJ, ADEV\u0102R \u0218I LIBERTATE! Senatorul Miron Manega (S.O.S.) a propus abrogarea legilor delictului de opinie!\">CURAJ, ADEV\u0102R \u0218I LIBERTATE! Senatorul Miron Manega (S.O.S.) a propus abrogarea legilor delictului de opinie!<\/a><\/div>\n<\/article>\n<article class=\"post-80361 post type-post status-publish entry includes-feat-image\">\n<div class=\"featured-image alignleft\"><a class=\"featured_post_link\" href=\"https:\/\/www.incorectpolitic.com\/ultimul-fiu-al-daciei\/\" title=\"Ultimul Fiu al Daciei\"><img loading=\"lazy\" decoding=\"async\" width=\"100\" height=\"150\" src=\"https:\/\/www.incorectpolitic.com\/wp-content\/uploads\/2025\/10\/dac.jpeg\" class=\"attachment-thumbnail size-thumbnail wp-post-image lazyload\" alt><img loading=\"lazy\" decoding=\"async\" width=\"100\" height=\"150\" src=\"https:\/\/www.incorectpolitic.com\/wp-content\/uploads\/2025\/10\/dac.jpeg\" class=\"attachment-thumbnail size-thumbnail wp-post-image\" alt data-eio=\"l\"><\/a><\/div>\n<div class=\"entry-title\"><a class=\"featured_post_link\" href=\"https:\/\/www.incorectpolitic.com\/ultimul-fiu-al-daciei\/\" title=\"Ultimul Fiu al Daciei\">Ultimul Fiu al Daciei<\/a><\/div>\n<\/article>\n<article class=\"post-73927 post type-post status-publish entry includes-feat-image\">\n<div class=\"featured-image alignleft\"><a class=\"featured_post_link\" href=\"https:\/\/www.incorectpolitic.com\/cauzele-si-dinamica-antisemitismului\/\" title=\"Cauzele \u0219i Dinamica Antisemitismului\"><img loading=\"lazy\" decoding=\"async\" width=\"150\" height=\"150\" src=\"https:\/\/www.incorectpolitic.com\/wp-content\/uploads\/2018\/09\/bolshevik-jews-150x150.jpg\" class=\"attachment-thumbnail size-thumbnail wp-post-image lazyload\" alt><img loading=\"lazy\" decoding=\"async\" width=\"150\" height=\"150\" src=\"https:\/\/www.incorectpolitic.com\/wp-content\/uploads\/2018\/09\/bolshevik-jews-150x150.jpg\" class=\"attachment-thumbnail size-thumbnail wp-post-image\" alt data-eio=\"l\"><\/a><\/div>\n<div class=\"entry-title\"><a class=\"featured_post_link\" href=\"https:\/\/www.incorectpolitic.com\/cauzele-si-dinamica-antisemitismului\/\" title=\"Cauzele \u0219i Dinamica Antisemitismului\">Cauzele \u0219i Dinamica Antisemitismului<\/a><\/div>\n<\/article>\n<article class=\"post-72974 post type-post status-publish entry includes-feat-image\">\n<div class=\"featured-image alignleft\"><a class=\"featured_post_link\" href=\"https:\/\/www.incorectpolitic.com\/navalirea-jidanilor-de-vasile-alecsandri-piesa-interzisa\/\" title=\"N\u0103v\u0103lirea Jidanilor \u2013 de Vasile Alecsandri (Pies\u0103 interzis\u0103)\"><img loading=\"lazy\" decoding=\"async\" width=\"150\" height=\"150\" src=\"https:\/\/www.incorectpolitic.com\/wp-content\/uploads\/2024\/02\/jidani-navalire-2.png\" class=\"attachment-thumbnail size-thumbnail wp-post-image lazyload\" alt><img loading=\"lazy\" decoding=\"async\" width=\"150\" height=\"150\" src=\"https:\/\/www.incorectpolitic.com\/wp-content\/uploads\/2024\/02\/jidani-navalire-2.png\" class=\"attachment-thumbnail size-thumbnail wp-post-image\" alt data-eio=\"l\"><\/a><\/div>\n<div class=\"entry-title\"><a class=\"featured_post_link\" href=\"https:\/\/www.incorectpolitic.com\/navalirea-jidanilor-de-vasile-alecsandri-piesa-interzisa\/\" title=\"N\u0103v\u0103lirea Jidanilor \u2013 de Vasile Alecsandri (Pies\u0103 interzis\u0103)\">N\u0103v\u0103lirea Jidanilor \u2013 de Vasile Alecsandri (Pies\u0103 interzis\u0103)<\/a><\/div>\n<\/article>\n<article class=\"post-71879 post type-post status-publish entry includes-feat-image\">\n<div class=\"featured-image alignleft\"><a class=\"featured_post_link\" href=\"https:\/\/www.incorectpolitic.com\/europa-si-romania-in-anul-2050\/\" title=\"Europa \u0219i Rom\u00e2nia \u00een anul 2050\"><img loading=\"lazy\" decoding=\"async\" width=\"147\" height=\"150\" src=\"https:\/\/www.incorectpolitic.com\/wp-content\/uploads\/2024\/01\/Romania-2050-2.png\" class=\"attachment-thumbnail size-thumbnail wp-post-image lazyload\" alt><img loading=\"lazy\" decoding=\"async\" width=\"147\" height=\"150\" src=\"https:\/\/www.incorectpolitic.com\/wp-content\/uploads\/2024\/01\/Romania-2050-2.png\" class=\"attachment-thumbnail size-thumbnail wp-post-image\" alt data-eio=\"l\"><\/a><\/div>\n<div class=\"entry-title\"><a class=\"featured_post_link\" href=\"https:\/\/www.incorectpolitic.com\/europa-si-romania-in-anul-2050\/\" title=\"Europa \u0219i Rom\u00e2nia \u00een anul 2050\">Europa \u0219i Rom\u00e2nia \u00een anul 2050<\/a><\/div>\n<\/article>\n<article class=\"post-23854 post type-post status-publish entry includes-feat-image\">\n<div class=\"featured-image alignleft\"><a class=\"featured_post_link\" href=\"https:\/\/www.incorectpolitic.com\/vizita-papei-autonomie-alternativa\/\" title=\"Vizita Papei \u2013 Autonomie Alternativ\u0103\"><img loading=\"lazy\" decoding=\"async\" width=\"150\" height=\"150\" class=\"attachment-thumbnail size-thumbnail wp-post-image lazyload\" alt src=\"https:\/\/www.incorectpolitic.com\/wp-content\/uploads\/2019\/06\/uI2HFtR-150x150.jpg\"><img loading=\"lazy\" decoding=\"async\" width=\"150\" height=\"150\" src=\"https:\/\/www.incorectpolitic.com\/wp-content\/uploads\/2019\/06\/uI2HFtR-150x150.jpg\" class=\"attachment-thumbnail size-thumbnail wp-post-image\" alt data-eio=\"l\"><\/a><\/div>\n<div class=\"entry-title\"><a class=\"featured_post_link\" href=\"https:\/\/www.incorectpolitic.com\/vizita-papei-autonomie-alternativa\/\" title=\"Vizita Papei \u2013 Autonomie Alternativ\u0103\">Vizita Papei \u2013 Autonomie Alternativ\u0103<\/a><\/div>\n<\/article>\n<article class=\"post-72111 post type-post status-publish entry includes-feat-image\">\n<div class=\"featured-image alignleft\"><a class=\"featured_post_link\" href=\"https:\/\/www.incorectpolitic.com\/revelion-2023-2024-vine-anul-biruintei\/\" title=\"Revelion 2023 \u2013 2024 vine ANUL BIRUIN\u021aEI\"><img loading=\"lazy\" decoding=\"async\" width=\"150\" height=\"150\" src=\"https:\/\/www.incorectpolitic.com\/wp-content\/uploads\/2023\/12\/anul-biruintei.png\" class=\"attachment-thumbnail size-thumbnail wp-post-image lazyload\" alt><img loading=\"lazy\" decoding=\"async\" width=\"150\" height=\"150\" src=\"https:\/\/www.incorectpolitic.com\/wp-content\/uploads\/2023\/12\/anul-biruintei.png\" class=\"attachment-thumbnail size-thumbnail wp-post-image\" alt data-eio=\"l\"><\/a><\/div>\n<div class=\"entry-title\"><a class=\"featured_post_link\" href=\"https:\/\/www.incorectpolitic.com\/revelion-2023-2024-vine-anul-biruintei\/\" title=\"Revelion 2023 \u2013 2024 vine ANUL BIRUIN\u021aEI\">Revelion 2023 \u2013 2024 vine ANUL BIRUIN\u021aEI<\/a><\/div>\n<\/article>\n<article class=\"post-50139 post type-post status-publish entry includes-feat-image\">\n<div class=\"featured-image alignleft\"><a class=\"featured_post_link\" href=\"https:\/\/www.incorectpolitic.com\/analiza-strategiei-adoptata-de-guvern-pentru-combaterea-antisemitismului-xenofobiei-si-discursului-instigator-la-ura-2021-2023\/\" title=\"Analiza Strategiei Adoptat\u0103 de Guvern Pentru Combaterea \u201cantisemitismului, xenofobiei \u0219i discursului instigator la ur\u0103 2021-2023\u201d\"><img loading=\"lazy\" decoding=\"async\" width=\"150\" height=\"150\" src=\"https:\/\/www.incorectpolitic.com\/wp-content\/uploads\/2019\/08\/Jewish-censorship-e1421273251759-2-150x150.jpg\" class=\"attachment-thumbnail size-thumbnail wp-post-image lazyload\" alt><img loading=\"lazy\" decoding=\"async\" width=\"150\" height=\"150\" src=\"https:\/\/www.incorectpolitic.com\/wp-content\/uploads\/2019\/08\/Jewish-censorship-e1421273251759-2-150x150.jpg\" class=\"attachment-thumbnail size-thumbnail wp-post-image\" alt data-eio=\"l\"><\/a><\/div>\n<div class=\"entry-title\"><a class=\"featured_post_link\" href=\"https:\/\/www.incorectpolitic.com\/analiza-strategiei-adoptata-de-guvern-pentru-combaterea-antisemitismului-xenofobiei-si-discursului-instigator-la-ura-2021-2023\/\" title=\"Analiza Strategiei Adoptat\u0103 de Guvern Pentru Combaterea \u201cantisemitismului, xenofobiei \u0219i discursului instigator la ur\u0103 2021-2023\u201d\">Analiza Strategiei Adoptat\u0103 de Guvern Pentru Combaterea \u201cantisemitismului, xenofobiei \u0219i discursului instigator la ur\u0103 2021-2023\u201d<\/a><\/div>\n<\/article>\n<article class=\"post-70829 post type-post status-publish entry includes-feat-image\">\n<div class=\"featured-image alignleft\"><a class=\"featured_post_link\" href=\"https:\/\/www.incorectpolitic.com\/pozitia-unilaterala-a-pseudo-politicienilor-din-romania-si-a-bor-in-sustinerea-israelului-singurul-stat-terorist-din-lume-arata-ca-acestia-nu-au-o-fibra-cu-adevarat-nationala\/\" title=\"Pozi\u021bia unilateral\u0103 a pseudo politicienilor din Rom\u00e2nia \u0219i a BOR \u00een sus\u021binerea Israelului, singurul stat terorist din lume, arat\u0103 c\u0103 ace\u0219tia nu au o fibr\u0103 cu adev\u0103rat na\u021bional\u0103\"><img loading=\"lazy\" decoding=\"async\" width=\"150\" height=\"89\" src=\"https:\/\/www.incorectpolitic.com\/wp-content\/uploads\/2023\/08\/circumcision.png\" class=\"attachment-thumbnail size-thumbnail wp-post-image lazyload\" alt><img loading=\"lazy\" decoding=\"async\" width=\"150\" height=\"89\" src=\"https:\/\/www.incorectpolitic.com\/wp-content\/uploads\/2023\/08\/circumcision.png\" class=\"attachment-thumbnail size-thumbnail wp-post-image\" alt data-eio=\"l\"><\/a><\/div>\n<div class=\"entry-title\"><a class=\"featured_post_link\" href=\"https:\/\/www.incorectpolitic.com\/pozitia-unilaterala-a-pseudo-politicienilor-din-romania-si-a-bor-in-sustinerea-israelului-singurul-stat-terorist-din-lume-arata-ca-acestia-nu-au-o-fibra-cu-adevarat-nationala\/\" title=\"Pozi\u021bia unilateral\u0103 a pseudo politicienilor din Rom\u00e2nia \u0219i a BOR \u00een sus\u021binerea Israelului, singurul stat terorist din lume, arat\u0103 c\u0103 ace\u0219tia nu au o fibr\u0103 cu adev\u0103rat na\u021bional\u0103\">Pozi\u021bia unilateral\u0103 a pseudo politicienilor din Rom\u00e2nia \u0219i a BOR \u00een sus\u021binerea Israelului, singurul stat terorist din lume, arat\u0103 c\u0103 ace\u0219tia nu au o fibr\u0103 cu adev\u0103rat na\u021bional\u0103<\/a><\/div>\n<\/article>\n<article class=\"post-66937 post type-post status-publish entry includes-feat-image\">\n<div class=\"featured-image alignleft\"><a class=\"featured_post_link\" href=\"https:\/\/www.incorectpolitic.com\/agresiunea-impotriva-revizionistilor-istorici-si-efectele-linsajului-judiciar-de-la-nuremberg\/\" title=\"Agresiunea \u00eempotriva Revizioni\u0219tilor Istorici \u0219i efectele lin\u0219ajului judiciar de la Nurnberg\"><img loading=\"lazy\" decoding=\"async\" width=\"150\" height=\"100\" src=\"https:\/\/www.incorectpolitic.com\/wp-content\/uploads\/2023\/04\/image_2023-04-30_134634134.png\" class=\"attachment-thumbnail size-thumbnail wp-post-image lazyload\" alt><img loading=\"lazy\" decoding=\"async\" width=\"150\" height=\"100\" src=\"https:\/\/www.incorectpolitic.com\/wp-content\/uploads\/2023\/04\/image_2023-04-30_134634134.png\" class=\"attachment-thumbnail size-thumbnail wp-post-image\" alt data-eio=\"l\"><\/a><\/div>\n<div class=\"entry-title\"><a class=\"featured_post_link\" href=\"https:\/\/www.incorectpolitic.com\/agresiunea-impotriva-revizionistilor-istorici-si-efectele-linsajului-judiciar-de-la-nuremberg\/\" title=\"Agresiunea \u00eempotriva Revizioni\u0219tilor Istorici \u0219i efectele lin\u0219ajului judiciar de la Nurnberg\">Agresiunea \u00eempotriva Revizioni\u0219tilor Istorici \u0219i efectele lin\u0219ajului judiciar de la Nurnberg<\/a><\/div>\n<\/article>\n<article class=\"post-19111 post type-post status-publish entry includes-feat-image\">\n<div class=\"featured-image alignleft\"><a class=\"featured_post_link\" href=\"https:\/\/www.incorectpolitic.com\/despre-adevar\/\" title=\"Despre Adev\u0103r\"><img loading=\"lazy\" decoding=\"async\" width=\"150\" height=\"150\" src=\"https:\/\/www.incorectpolitic.com\/wp-content\/uploads\/2019\/02\/freedomfromchain-150x150.jpg\" class=\"attachment-thumbnail size-thumbnail wp-post-image lazyload\" alt><img loading=\"lazy\" decoding=\"async\" width=\"150\" height=\"150\" src=\"https:\/\/www.incorectpolitic.com\/wp-content\/uploads\/2019\/02\/freedomfromchain-150x150.jpg\" class=\"attachment-thumbnail size-thumbnail wp-post-image\" alt data-eio=\"l\"><\/a><\/div>\n<div class=\"entry-title\"><a class=\"featured_post_link\" href=\"https:\/\/www.incorectpolitic.com\/despre-adevar\/\" title=\"Despre Adev\u0103r\">Despre Adev\u0103r<\/a><\/div>\n<\/article>\n<article class=\"post-53767 post type-post status-publish entry includes-feat-image\">\n<div class=\"featured-image alignleft\"><a class=\"featured_post_link\" href=\"https:\/\/www.incorectpolitic.com\/dictionarul-coincidentelor-cine-sunt-iudeii-care-ne-au-influentat-tara-in-istoria-recenta\/\" title=\"DIC\u021aIONARUL COINCIDEN\u021aELOR  \u2013 Cine sunt iudeii care ne-au influen\u021bat \u021bara \u00een istoria recent\u0103\"><img loading=\"lazy\" decoding=\"async\" width=\"150\" height=\"150\" src=\"https:\/\/www.incorectpolitic.com\/wp-content\/uploads\/2021\/09\/coinc-150x150.png\" class=\"attachment-thumbnail size-thumbnail wp-post-image lazyload\" alt><img loading=\"lazy\" decoding=\"async\" width=\"150\" height=\"150\" src=\"https:\/\/www.incorectpolitic.com\/wp-content\/uploads\/2021\/09\/coinc-150x150.png\" class=\"attachment-thumbnail size-thumbnail wp-post-image\" alt data-eio=\"l\"><\/a><\/div>\n<div class=\"entry-title\"><a class=\"featured_post_link\" href=\"https:\/\/www.incorectpolitic.com\/dictionarul-coincidentelor-cine-sunt-iudeii-care-ne-au-influentat-tara-in-istoria-recenta\/\" title=\"DIC\u021aIONARUL COINCIDEN\u021aELOR  \u2013 Cine sunt iudeii care ne-au influen\u021bat \u021bara \u00een istoria recent\u0103\">DIC\u021aIONARUL COINCIDEN\u021aELOR  \u2013 Cine sunt iudeii care ne-au influen\u021bat \u021bara \u00een istoria recent\u0103<\/a><\/div>\n<\/article>\n<article class=\"post-51156 post type-post status-publish entry includes-feat-image\">\n<div class=\"featured-image alignleft\"><a class=\"featured_post_link\" href=\"https:\/\/www.incorectpolitic.com\/desertaciune-nu-aparare\/\" title=\"DE\u0218ERT\u0102CIUNE?! Nu, AP\u0102RARE!\"><img loading=\"lazy\" decoding=\"async\" width=\"150\" height=\"150\" class=\"attachment-thumbnail size-thumbnail wp-post-image lazyload\" alt src=\"https:\/\/www.incorectpolitic.com\/wp-content\/uploads\/2021\/06\/desertaciune-nu-aparare-150x150.jpg\"><img loading=\"lazy\" decoding=\"async\" width=\"150\" height=\"150\" src=\"https:\/\/www.incorectpolitic.com\/wp-content\/uploads\/2021\/06\/desertaciune-nu-aparare-150x150.jpg\" class=\"attachment-thumbnail size-thumbnail wp-post-image\" alt data-eio=\"l\"><\/a><\/div>\n<div class=\"entry-title\"><a class=\"featured_post_link\" href=\"https:\/\/www.incorectpolitic.com\/desertaciune-nu-aparare\/\" title=\"DE\u0218ERT\u0102CIUNE?! Nu, AP\u0102RARE!\">DE\u0218ERT\u0102CIUNE?! Nu, AP\u0102RARE!<\/a><\/div>\n<\/article>\n<article class=\"post-44728 post type-post status-publish entry includes-feat-image\">\n<div class=\"featured-image alignleft\"><a class=\"featured_post_link\" href=\"https:\/\/www.incorectpolitic.com\/resetarea-medicinei-sau-resetarea-omenirii-prin-nanotehnologie\/\" title=\"Resetarea Medicinei sau Resetarea Omenirii prin Nanotehnologie\"><img loading=\"lazy\" decoding=\"async\" width=\"150\" height=\"150\" src=\"https:\/\/www.incorectpolitic.com\/wp-content\/uploads\/2020\/12\/ed8a914d6d236c9d231903a8b2e79f63-150x150.gif\" class=\"attachment-thumbnail size-thumbnail wp-post-image lazyload\" alt><img loading=\"lazy\" decoding=\"async\" width=\"150\" height=\"150\" src=\"https:\/\/www.incorectpolitic.com\/wp-content\/uploads\/2020\/12\/ed8a914d6d236c9d231903a8b2e79f63-150x150.gif\" class=\"attachment-thumbnail size-thumbnail wp-post-image\" alt data-eio=\"l\"><\/a><\/div>\n<div class=\"entry-title\"><a class=\"featured_post_link\" href=\"https:\/\/www.incorectpolitic.com\/resetarea-medicinei-sau-resetarea-omenirii-prin-nanotehnologie\/\" title=\"Resetarea Medicinei sau Resetarea Omenirii prin Nanotehnologie\">Resetarea Medicinei sau Resetarea Omenirii prin Nanotehnologie<\/a><\/div>\n<\/article>\n<article class=\"post-43837 post type-post status-publish entry includes-feat-image\">\n<div class=\"featured-image alignleft\"><a class=\"featured_post_link\" href=\"https:\/\/www.incorectpolitic.com\/noul-legamant\/\" title=\"Noul Leg\u0103m\u00e2nt\"><img loading=\"lazy\" decoding=\"async\" width=\"150\" height=\"150\" src=\"https:\/\/www.incorectpolitic.com\/wp-content\/uploads\/2020\/12\/NL-150x150.jpg\" class=\"attachment-thumbnail size-thumbnail wp-post-image lazyload\" alt><img loading=\"lazy\" decoding=\"async\" width=\"150\" height=\"150\" src=\"https:\/\/www.incorectpolitic.com\/wp-content\/uploads\/2020\/12\/NL-150x150.jpg\" class=\"attachment-thumbnail size-thumbnail wp-post-image\" alt data-eio=\"l\"><\/a><\/div>\n<div class=\"entry-title\"><a class=\"featured_post_link\" href=\"https:\/\/www.incorectpolitic.com\/noul-legamant\/\" title=\"Noul Leg\u0103m\u00e2nt\">Noul Leg\u0103m\u00e2nt<\/a><\/div>\n<\/article>\n<article class=\"post-42525 post type-post status-publish entry includes-feat-image\">\n<div class=\"featured-image alignleft\"><a class=\"featured_post_link\" href=\"https:\/\/www.incorectpolitic.com\/vaccinarea-inseamna-crima-un-atentat-la-sanatatea-personala-la-integritatea-corporala-si-intimitatea-oricarui-om-liber-medicul-ce-vaccineaza-cu-forta-un-om-liber-merita-sa-fie-pedepsit-de-acesta\/\" title=\"Vaccinarea \u00eenseamn\u0103 crim\u0103, un atentat la s\u0103n\u0103tatea personal\u0103, la integritatea corporal\u0103 \u0219i intimitatea oric\u0103rui om liber. Medicul ce vaccineaz\u0103 cu for\u021ba un om liber merit\u0103 s\u0103 fie pedepsit de acesta\"><img loading=\"lazy\" decoding=\"async\" width=\"150\" height=\"150\" src=\"https:\/\/www.incorectpolitic.com\/wp-content\/uploads\/2020\/11\/syringe_0-150x150.jpg\" class=\"attachment-thumbnail size-thumbnail wp-post-image lazyload\" alt><img loading=\"lazy\" decoding=\"async\" width=\"150\" height=\"150\" src=\"https:\/\/www.incorectpolitic.com\/wp-content\/uploads\/2020\/11\/syringe_0-150x150.jpg\" class=\"attachment-thumbnail size-thumbnail wp-post-image\" alt data-eio=\"l\"><\/a><\/div>\n<div class=\"entry-title\"><a class=\"featured_post_link\" href=\"https:\/\/www.incorectpolitic.com\/vaccinarea-inseamna-crima-un-atentat-la-sanatatea-personala-la-integritatea-corporala-si-intimitatea-oricarui-om-liber-medicul-ce-vaccineaza-cu-forta-un-om-liber-merita-sa-fie-pedepsit-de-acesta\/\" title=\"Vaccinarea \u00eenseamn\u0103 crim\u0103, un atentat la s\u0103n\u0103tatea personal\u0103, la integritatea corporal\u0103 \u0219i intimitatea oric\u0103rui om liber. Medicul ce vaccineaz\u0103 cu for\u021ba un om liber merit\u0103 s\u0103 fie pedepsit de acesta\">Vaccinarea \u00eenseamn\u0103 crim\u0103, un atentat la s\u0103n\u0103tatea personal\u0103, la integritatea corporal\u0103 \u0219i intimitatea oric\u0103rui om liber. Medicul ce vaccineaz\u0103 cu for\u021ba un om liber merit\u0103 s\u0103 fie pedepsit de acesta<\/a><\/div>\n<\/article>\n<article class=\"post-38338 post type-post status-publish entry includes-feat-image\">\n<div class=\"featured-image alignleft\"><a class=\"featured_post_link\" href=\"https:\/\/www.incorectpolitic.com\/trebuie-sa-distrugem-suprematia-jidoveasca\/\" title=\"Trebuie s\u0103 distrugem superma\u021bia jidoveasc\u0103!\"><img loading=\"lazy\" decoding=\"async\" width=\"150\" height=\"150\" src=\"https:\/\/www.incorectpolitic.com\/wp-content\/uploads\/2018\/11\/GunoiOPS-150x150.png\" class=\"attachment-thumbnail size-thumbnail wp-post-image lazyload\" alt><img loading=\"lazy\" decoding=\"async\" width=\"150\" height=\"150\" src=\"https:\/\/www.incorectpolitic.com\/wp-content\/uploads\/2018\/11\/GunoiOPS-150x150.png\" class=\"attachment-thumbnail size-thumbnail wp-post-image\" alt data-eio=\"l\"><\/a><\/div>\n<div class=\"entry-title\"><a class=\"featured_post_link\" href=\"https:\/\/www.incorectpolitic.com\/trebuie-sa-distrugem-suprematia-jidoveasca\/\" title=\"Trebuie s\u0103 distrugem superma\u021bia jidoveasc\u0103!\">Trebuie s\u0103 distrugem superma\u021bia jidoveasc\u0103!<\/a><\/div>\n<\/article>\n<article class=\"post-30776 post type-post status-publish entry includes-feat-image\">\n<div class=\"featured-image alignleft\"><a class=\"featured_post_link\" href=\"https:\/\/www.incorectpolitic.com\/da-ti-doua-palme-si-ridica-te\/\" title=\"D\u0103-\u021bi Dou\u0103 Palme \u0219i Ridic\u0103-te\"><img loading=\"lazy\" decoding=\"async\" width=\"150\" height=\"150\" src=\"https:\/\/www.incorectpolitic.com\/wp-content\/uploads\/2019\/11\/1-mai-620x350-150x150.jpg\" class=\"attachment-thumbnail size-thumbnail wp-post-image lazyload\" alt><img loading=\"lazy\" decoding=\"async\" width=\"150\" height=\"150\" src=\"https:\/\/www.incorectpolitic.com\/wp-content\/uploads\/2019\/11\/1-mai-620x350-150x150.jpg\" class=\"attachment-thumbnail size-thumbnail wp-post-image\" alt data-eio=\"l\"><\/a><\/div>\n<div class=\"entry-title\"><a class=\"featured_post_link\" href=\"https:\/\/www.incorectpolitic.com\/da-ti-doua-palme-si-ridica-te\/\" title=\"D\u0103-\u021bi Dou\u0103 Palme \u0219i Ridic\u0103-te\">D\u0103-\u021bi Dou\u0103 Palme \u0219i Ridic\u0103-te<\/a><\/div>\n<\/article>\n<article class=\"post-27862 post type-post status-publish entry includes-feat-image\">\n<div class=\"featured-image alignleft\"><a class=\"featured_post_link\" href=\"https:\/\/www.incorectpolitic.com\/scrisoare-deschisa-catre-neamul-romanesc\/\" title=\"Scrisoare Deschis\u0103 C\u0103tre Neamul Rom\u00e2nesc\"><img loading=\"lazy\" decoding=\"async\" width=\"150\" height=\"150\" src=\"https:\/\/www.incorectpolitic.com\/wp-content\/uploads\/2019\/09\/videoblocks-male-hand-reload-a-revolver-magnum-gun-without-bullets-magnum-revolver-and-empty-bullet-magnum-lead-round-nose-45-auto-rim-revolver-rounds_ha1focujz_thumbnail-full01-150x150.jpg\" class=\"attachment-thumbnail size-thumbnail wp-post-image lazyload\" alt><img loading=\"lazy\" decoding=\"async\" width=\"150\" height=\"150\" src=\"https:\/\/www.incorectpolitic.com\/wp-content\/uploads\/2019\/09\/videoblocks-male-hand-reload-a-revolver-magnum-gun-without-bullets-magnum-revolver-and-empty-bullet-magnum-lead-round-nose-45-auto-rim-revolver-rounds_ha1focujz_thumbnail-full01-150x150.jpg\" class=\"attachment-thumbnail size-thumbnail wp-post-image\" alt data-eio=\"l\"><\/a><\/div>\n<div class=\"entry-title\"><a class=\"featured_post_link\" href=\"https:\/\/www.incorectpolitic.com\/scrisoare-deschisa-catre-neamul-romanesc\/\" title=\"Scrisoare Deschis\u0103 C\u0103tre Neamul Rom\u00e2nesc\">Scrisoare Deschis\u0103 C\u0103tre Neamul Rom\u00e2nesc<\/a><\/div>\n<\/article>\n<article class=\"post-26255 post type-post status-publish entry includes-feat-image\">\n<div class=\"featured-image alignleft\"><a class=\"featured_post_link\" href=\"https:\/\/www.incorectpolitic.com\/sociologia-eliberarii-si-curentele-laterale-de-sedimentare-revolutionara\/\" title=\"Sociologia Eliber\u0103rii \u0219i Curentele Laterale de Sedimentare Revolu\u021bionar\u0103\"><img loading=\"lazy\" decoding=\"async\" width=\"150\" height=\"150\" src=\"https:\/\/www.incorectpolitic.com\/wp-content\/uploads\/2020\/12\/nm3-150x150.png\" class=\"attachment-thumbnail size-thumbnail wp-post-image lazyload\" alt><img loading=\"lazy\" decoding=\"async\" width=\"150\" height=\"150\" src=\"https:\/\/www.incorectpolitic.com\/wp-content\/uploads\/2020\/12\/nm3-150x150.png\" class=\"attachment-thumbnail size-thumbnail wp-post-image\" alt data-eio=\"l\"><\/a><\/div>\n<div class=\"entry-title\"><a class=\"featured_post_link\" href=\"https:\/\/www.incorectpolitic.com\/sociologia-eliberarii-si-curentele-laterale-de-sedimentare-revolutionara\/\" title=\"Sociologia Eliber\u0103rii \u0219i Curentele Laterale de Sedimentare Revolu\u021bionar\u0103\">Sociologia Eliber\u0103rii \u0219i Curentele Laterale de Sedimentare Revolu\u021bionar\u0103<\/a><\/div>\n<\/article>\n<article class=\"post-21977 post type-post status-publish entry includes-feat-image\">\n<div class=\"featured-image alignleft\"><a class=\"featured_post_link\" href=\"https:\/\/www.incorectpolitic.com\/impotriva-fatalismului\/\" title=\"\u00cempotriva Fatalismului\"><img loading=\"lazy\" decoding=\"async\" width=\"150\" height=\"150\" src=\"https:\/\/www.incorectpolitic.com\/wp-content\/uploads\/2019\/04\/thumb-150x150.jpg\" class=\"attachment-thumbnail size-thumbnail wp-post-image lazyload\" alt><img loading=\"lazy\" decoding=\"async\" width=\"150\" height=\"150\" src=\"https:\/\/www.incorectpolitic.com\/wp-content\/uploads\/2019\/04\/thumb-150x150.jpg\" class=\"attachment-thumbnail size-thumbnail wp-post-image\" alt data-eio=\"l\"><\/a><\/div>\n<div class=\"entry-title\"><a class=\"featured_post_link\" href=\"https:\/\/www.incorectpolitic.com\/impotriva-fatalismului\/\" title=\"\u00cempotriva Fatalismului\">\u00cempotriva Fatalismului<\/a><\/div>\n<\/article>\n<article class=\"post-20844 post type-post status-publish entry includes-feat-image\">\n<div class=\"featured-image alignleft\"><a class=\"featured_post_link\" href=\"https:\/\/www.incorectpolitic.com\/inceputul-etapei-post-globaliste-mass-media-ultimul-obstacol\/\" title=\"\u00cenceputul Etapei Post-Globaliste \u2013  Mass Media Ultimul Obstacol\"><img loading=\"lazy\" decoding=\"async\" width=\"150\" height=\"150\" src=\"https:\/\/www.incorectpolitic.com\/wp-content\/uploads\/2019\/03\/https___cdn.cnn_.com_cnnnext_dam_assets_181202123002-yellow-vest-protest-150x150.jpg\" class=\"attachment-thumbnail size-thumbnail wp-post-image lazyload\" alt><img loading=\"lazy\" decoding=\"async\" width=\"150\" height=\"150\" src=\"https:\/\/www.incorectpolitic.com\/wp-content\/uploads\/2019\/03\/https___cdn.cnn_.com_cnnnext_dam_assets_181202123002-yellow-vest-protest-150x150.jpg\" class=\"attachment-thumbnail size-thumbnail wp-post-image\" alt data-eio=\"l\"><\/a><\/div>\n<div class=\"entry-title\"><a class=\"featured_post_link\" href=\"https:\/\/www.incorectpolitic.com\/inceputul-etapei-post-globaliste-mass-media-ultimul-obstacol\/\" title=\"\u00cenceputul Etapei Post-Globaliste \u2013  Mass Media Ultimul Obstacol\">\u00cenceputul Etapei Post-Globaliste \u2013  Mass Media Ultimul Obstacol<\/a><\/div>\n<\/article>\n<article class=\"post-19704 post type-post status-publish entry includes-feat-image\">\n<div class=\"featured-image alignleft\"><a class=\"featured_post_link\" href=\"https:\/\/www.incorectpolitic.com\/mlastina-mass-media-serial-complet\/\" title=\"Mla\u0219tina Mass Media  \u2013 Serial Complet\"><img loading=\"lazy\" decoding=\"async\" width=\"150\" height=\"150\" src=\"https:\/\/www.incorectpolitic.com\/wp-content\/uploads\/2018\/06\/colaj-modificat-1-768x278-150x150.jpg\" class=\"attachment-thumbnail size-thumbnail wp-post-image lazyload\" alt><img loading=\"lazy\" decoding=\"async\" width=\"150\" height=\"150\" src=\"https:\/\/www.incorectpolitic.com\/wp-content\/uploads\/2018\/06\/colaj-modificat-1-768x278-150x150.jpg\" class=\"attachment-thumbnail size-thumbnail wp-post-image\" alt data-eio=\"l\"><\/a><\/div>\n<div class=\"entry-title\"><a class=\"featured_post_link\" href=\"https:\/\/www.incorectpolitic.com\/mlastina-mass-media-serial-complet\/\" title=\"Mla\u0219tina Mass Media  \u2013 Serial Complet\">Mla\u0219tina Mass Media  \u2013 Serial Complet<\/a><\/div>\n<\/article>\n<article class=\"post-5104 post type-post status-publish entry includes-feat-image\">\n<div class=\"featured-image alignleft\"><a class=\"featured_post_link\" href=\"https:\/\/www.incorectpolitic.com\/momentul-1937\/\" title=\"Momentul 1937\"><img loading=\"lazy\" decoding=\"async\" width=\"150\" height=\"150\" src=\"https:\/\/www.incorectpolitic.com\/wp-content\/uploads\/2018\/03\/capitanul-codreanu2003a-150x150.jpg\" class=\"attachment-thumbnail size-thumbnail wp-post-image lazyload\" alt><img loading=\"lazy\" decoding=\"async\" width=\"150\" height=\"150\" src=\"https:\/\/www.incorectpolitic.com\/wp-content\/uploads\/2018\/03\/capitanul-codreanu2003a-150x150.jpg\" class=\"attachment-thumbnail size-thumbnail wp-post-image\" alt data-eio=\"l\"><\/a><\/div>\n<div class=\"entry-title\"><a class=\"featured_post_link\" href=\"https:\/\/www.incorectpolitic.com\/momentul-1937\/\" title=\"Momentul 1937\">Momentul 1937<\/a><\/div>\n<\/article>\n<article class=\"post-16914 post type-post status-publish entry includes-feat-image\">\n<div class=\"featured-image alignleft\"><a class=\"featured_post_link\" href=\"https:\/\/www.incorectpolitic.com\/portretul-romanului-iudeo-crestin\/\" title=\"Portretul Rom\u00e2nului Iudeo-Cre\u0219tin Iubitor de Infanticid\"><img loading=\"lazy\" decoding=\"async\" width=\"150\" height=\"150\" src=\"https:\/\/www.incorectpolitic.com\/wp-content\/uploads\/2019\/01\/venn-150x150.jpg\" class=\"attachment-thumbnail size-thumbnail wp-post-image lazyload\" alt><img loading=\"lazy\" decoding=\"async\" width=\"150\" height=\"150\" src=\"https:\/\/www.incorectpolitic.com\/wp-content\/uploads\/2019\/01\/venn-150x150.jpg\" class=\"attachment-thumbnail size-thumbnail wp-post-image\" alt data-eio=\"l\"><\/a><\/div>\n<div class=\"entry-title\"><a class=\"featured_post_link\" href=\"https:\/\/www.incorectpolitic.com\/portretul-romanului-iudeo-crestin\/\" title=\"Portretul Rom\u00e2nului Iudeo-Cre\u0219tin Iubitor de Infanticid\">Portretul Rom\u00e2nului Iudeo-Cre\u0219tin Iubitor de Infanticid<\/a><\/div>\n<\/article>\n<article class=\"post-13899 post type-post status-publish entry includes-feat-image\">\n<div class=\"featured-image alignleft\"><a class=\"featured_post_link\" href=\"https:\/\/www.incorectpolitic.com\/manifest-impotriva-national-sionismului\/\" title=\"Manifest \u00cempotriva Na\u021bional-Sionismului din Rom\u00e2nia\"><img loading=\"lazy\" decoding=\"async\" width=\"150\" height=\"150\" src=\"https:\/\/www.incorectpolitic.com\/wp-content\/uploads\/2018\/10\/z1-150x150.png\" class=\"attachment-thumbnail size-thumbnail wp-post-image lazyload\" alt><img loading=\"lazy\" decoding=\"async\" width=\"150\" height=\"150\" src=\"https:\/\/www.incorectpolitic.com\/wp-content\/uploads\/2018\/10\/z1-150x150.png\" class=\"attachment-thumbnail size-thumbnail wp-post-image\" alt data-eio=\"l\"><\/a><\/div>\n<div class=\"entry-title\"><a class=\"featured_post_link\" href=\"https:\/\/www.incorectpolitic.com\/manifest-impotriva-national-sionismului\/\" title=\"Manifest \u00cempotriva Na\u021bional-Sionismului din Rom\u00e2nia\">Manifest \u00cempotriva Na\u021bional-Sionismului din Rom\u00e2nia<\/a><\/div>\n<\/article>\n<article class=\"post-7498 post type-post status-publish entry includes-feat-image\">\n<div class=\"featured-image alignleft\"><a class=\"featured_post_link\" href=\"https:\/\/www.incorectpolitic.com\/istorie-zydokomuna-cea-mai-completa-lista-a-nomenclaturii-iudeo-bolsevice-din-romania\/\" title=\"Istorie: \u017bYDOKOMUNA, Cea Mai Complet\u0103 List\u0103 a Nomenclaturii Iudeo-Bol\u0219evice din Rom\u00e2nia\"><img loading=\"lazy\" decoding=\"async\" width=\"150\" height=\"150\" src=\"https:\/\/www.incorectpolitic.com\/wp-content\/uploads\/2018\/06\/holocaustul-rosu-150x150.jpg\" class=\"attachment-thumbnail size-thumbnail wp-post-image lazyload\" alt><img loading=\"lazy\" decoding=\"async\" width=\"150\" height=\"150\" src=\"https:\/\/www.incorectpolitic.com\/wp-content\/uploads\/2018\/06\/holocaustul-rosu-150x150.jpg\" class=\"attachment-thumbnail size-thumbnail wp-post-image\" alt data-eio=\"l\"><\/a><\/div>\n<div class=\"entry-title\"><a class=\"featured_post_link\" href=\"https:\/\/www.incorectpolitic.com\/istorie-zydokomuna-cea-mai-completa-lista-a-nomenclaturii-iudeo-bolsevice-din-romania\/\" title=\"Istorie: \u017bYDOKOMUNA, Cea Mai Complet\u0103 List\u0103 a Nomenclaturii Iudeo-Bol\u0219evice din Rom\u00e2nia\">Istorie: \u017bYDOKOMUNA, Cea Mai Complet\u0103 List\u0103 a Nomenclaturii Iudeo-Bol\u0219evice din Rom\u00e2nia<\/a><\/div>\n<\/article>\n<article class=\"post-6413 post type-post status-publish entry includes-feat-image\">\n<div class=\"featured-image alignleft\"><a class=\"featured_post_link\" href=\"https:\/\/www.incorectpolitic.com\/iudaismul-este-un-proiect-politic\/\" title=\"Iudaismul Este Un Proiect Politic\"><img loading=\"lazy\" decoding=\"async\" width=\"150\" height=\"150\" src=\"https:\/\/www.incorectpolitic.com\/wp-content\/uploads\/2018\/05\/israelzionismjudaism5-150x150.jpeg\" class=\"attachment-thumbnail size-thumbnail wp-post-image lazyload\" alt><img loading=\"lazy\" decoding=\"async\" width=\"150\" height=\"150\" src=\"https:\/\/www.incorectpolitic.com\/wp-content\/uploads\/2018\/05\/israelzionismjudaism5-150x150.jpeg\" class=\"attachment-thumbnail size-thumbnail wp-post-image\" alt data-eio=\"l\"><\/a><\/div>\n<div class=\"entry-title\"><a class=\"featured_post_link\" href=\"https:\/\/www.incorectpolitic.com\/iudaismul-este-un-proiect-politic\/\" title=\"Iudaismul Este Un Proiect Politic\">Iudaismul Este Un Proiect Politic<\/a><\/div>\n<\/article>\n<article class=\"post-5089 post type-post status-publish entry includes-feat-image\">\n<div class=\"featured-image alignleft\"><a class=\"featured_post_link\" href=\"https:\/\/www.incorectpolitic.com\/exploziv-si-excluziv-interviul-interzis-in-presa-romaneasca\/\" title=\"EXPLOZIV \u0218I EXCLUSIV: Interviul INTERZIS \u00een Presa Rom\u00e2neasc\u0103\"><img loading=\"lazy\" decoding=\"async\" width=\"150\" height=\"150\" src=\"https:\/\/www.incorectpolitic.com\/wp-content\/uploads\/2018\/03\/gscz6z-150x150.gif\" class=\"attachment-thumbnail size-thumbnail wp-post-image lazyload\" alt><img loading=\"lazy\" decoding=\"async\" width=\"150\" height=\"150\" src=\"https:\/\/www.incorectpolitic.com\/wp-content\/uploads\/2018\/03\/gscz6z-150x150.gif\" class=\"attachment-thumbnail size-thumbnail wp-post-image\" alt data-eio=\"l\"><\/a><\/div>\n<div class=\"entry-title\"><a class=\"featured_post_link\" href=\"https:\/\/www.incorectpolitic.com\/exploziv-si-excluziv-interviul-interzis-in-presa-romaneasca\/\" title=\"EXPLOZIV \u0218I EXCLUSIV: Interviul INTERZIS \u00een Presa Rom\u00e2neasc\u0103\">EXPLOZIV \u0218I EXCLUSIV: Interviul INTERZIS \u00een Presa Rom\u00e2neasc\u0103<\/a><\/div>\n<\/article>\n<article class=\"post-1109 post type-post status-publish entry includes-feat-image\">\n<div class=\"featured-image alignleft\"><a class=\"featured_post_link\" href=\"https:\/\/www.incorectpolitic.com\/ofensiva-spirituala-poloniei\/\" title=\"Ofensiva Spiritual\u0103 a Poloniei\"><img loading=\"lazy\" decoding=\"async\" width=\"150\" height=\"150\" src=\"https:\/\/www.incorectpolitic.com\/wp-content\/uploads\/2017\/10\/jesus-with-whip3-150x150.jpg\" class=\"attachment-thumbnail size-thumbnail wp-post-image lazyload\" alt><img loading=\"lazy\" decoding=\"async\" width=\"150\" height=\"150\" src=\"https:\/\/www.incorectpolitic.com\/wp-content\/uploads\/2017\/10\/jesus-with-whip3-150x150.jpg\" class=\"attachment-thumbnail size-thumbnail wp-post-image\" alt data-eio=\"l\"><\/a><\/div>\n<div class=\"entry-title\"><a class=\"featured_post_link\" href=\"https:\/\/www.incorectpolitic.com\/ofensiva-spirituala-poloniei\/\" title=\"Ofensiva Spiritual\u0103 a Poloniei\">Ofensiva Spiritual\u0103 a Poloniei<\/a><\/div>\n<\/article>\n<article class=\"post-5673 post type-post status-publish entry includes-feat-image\">\n<div class=\"featured-image alignleft\"><a class=\"featured_post_link\" href=\"https:\/\/www.incorectpolitic.com\/biciul-prigonirii-romanilor-este-in-mana-jidanilor\/\" title=\"Biciul Prigonirii Rom\u00e2nilor Este \u00een M\u00e2na Jidanilor!\"><img loading=\"lazy\" decoding=\"async\" width=\"150\" height=\"150\" src=\"https:\/\/www.incorectpolitic.com\/wp-content\/uploads\/2018\/04\/S.-Vexler-si-B.-Netanyahu-150x150.jpg\" class=\"attachment-thumbnail size-thumbnail wp-post-image lazyload\" alt><img loading=\"lazy\" decoding=\"async\" width=\"150\" height=\"150\" src=\"https:\/\/www.incorectpolitic.com\/wp-content\/uploads\/2018\/04\/S.-Vexler-si-B.-Netanyahu-150x150.jpg\" class=\"attachment-thumbnail size-thumbnail wp-post-image\" alt data-eio=\"l\"><\/a><\/div>\n<div class=\"entry-title\"><a class=\"featured_post_link\" href=\"https:\/\/www.incorectpolitic.com\/biciul-prigonirii-romanilor-este-in-mana-jidanilor\/\" title=\"Biciul Prigonirii Rom\u00e2nilor Este \u00een M\u00e2na Jidanilor!\">Biciul Prigonirii Rom\u00e2nilor Este \u00een M\u00e2na Jidanilor!<\/a><\/div>\n<\/article>\n<article class=\"post-80464 post type-post status-publish entry includes-feat-image\">\n<div class=\"featured-image alignleft\"><a class=\"featured_post_link\" href=\"https:\/\/www.incorectpolitic.com\/talmudismul-este-esenta-satanismului\/\" title=\"TALMUDISMUL ESTE ESEN\u021aA SATANISMULUI\"><img loading=\"lazy\" decoding=\"async\" width=\"150\" height=\"150\" src=\"https:\/\/www.incorectpolitic.com\/wp-content\/uploads\/2020\/02\/vasile-zarnescu-150x150.png\" class=\"attachment-thumbnail size-thumbnail wp-post-image lazyload\" alt><img loading=\"lazy\" decoding=\"async\" width=\"150\" height=\"150\" src=\"https:\/\/www.incorectpolitic.com\/wp-content\/uploads\/2020\/02\/vasile-zarnescu-150x150.png\" class=\"attachment-thumbnail size-thumbnail wp-post-image\" alt data-eio=\"l\"><\/a><\/div>\n<div class=\"entry-title\"><a class=\"featured_post_link\" href=\"https:\/\/www.incorectpolitic.com\/talmudismul-este-esenta-satanismului\/\" title=\"TALMUDISMUL ESTE ESEN\u021aA SATANISMULUI\">TALMUDISMUL ESTE ESEN\u021aA SATANISMULUI<\/a><\/div>\n<\/article>\n<article class=\"post-20005 post type-post status-publish entry includes-feat-image\">\n<div class=\"featured-image alignleft\"><a class=\"featured_post_link\" href=\"https:\/\/www.incorectpolitic.com\/viciul-matematic-elementar-v-m-e-2\/\" title=\"Viciul Matematic Elementar (V.M.E.)\"><img loading=\"lazy\" decoding=\"async\" width=\"150\" height=\"150\" src=\"https:\/\/www.incorectpolitic.com\/wp-content\/uploads\/2017\/12\/tell-lie-vision-150x150.jpg\" class=\"attachment-thumbnail size-thumbnail wp-post-image lazyload\" alt><img loading=\"lazy\" decoding=\"async\" width=\"150\" height=\"150\" src=\"https:\/\/www.incorectpolitic.com\/wp-content\/uploads\/2017\/12\/tell-lie-vision-150x150.jpg\" class=\"attachment-thumbnail size-thumbnail wp-post-image\" alt data-eio=\"l\"><\/a><\/div>\n<div class=\"entry-title\"><a class=\"featured_post_link\" href=\"https:\/\/www.incorectpolitic.com\/viciul-matematic-elementar-v-m-e-2\/\" title=\"Viciul Matematic Elementar (V.M.E.)\">Viciul Matematic Elementar (V.M.E.)<\/a><\/div>\n<\/article>\n<p>[analyse_source url=&#8221;https:\/\/www.incorectpolitic.com\/privind-lumea-de-pe-athos\/&#8221;]<\/p>\n","protected":false},"excerpt":{"rendered":"<p>[analyse_image type=&#8221;featured&#8221; src=&#8221;https:\/\/www.incorectpolitic.com\/wp-content\/uploads\/2026\/08\/athos.png&#8221;] Prof. Octavian DimarescuIncorect Politic August 7, 2026 Scriu aceste r\u00e2nduri privind marea de la una dintre chiliile de pe Sf\u00e2ntul Munte Athos, unde lini\u0219tea t\u0103ioas\u0103 a st\u00e2ncilor te oblig\u0103 s\u0103 prive\u0219ti cu al\u021bi ochi lumea pe care ai l\u0103sat-o \u00een urm\u0103. M-am oprit \u00eendelung asupra doctrinei sociale a Bisericii Ortodoxe, \u00eencerc\u00e2nd s\u0103 [&hellip;]<\/p>\n","protected":false},"author":1,"featured_media":0,"comment_status":"open","ping_status":"","sticky":false,"template":"","format":"standard","meta":{"footnotes":""},"categories":[89],"tags":[226,95],"class_list":["post-2084560","post","type-post","status-publish","format-standard","hentry","category-romania","tag-crawlmanager","tag-incorectpolitic-com"],"_links":{"self":[{"href":"https:\/\/analyse.optim.biz\/index.php?rest_route=\/wp\/v2\/posts\/2084560","targetHints":{"allow":["GET"]}}],"collection":[{"href":"https:\/\/analyse.optim.biz\/index.php?rest_route=\/wp\/v2\/posts"}],"about":[{"href":"https:\/\/analyse.optim.biz\/index.php?rest_route=\/wp\/v2\/types\/post"}],"author":[{"embeddable":true,"href":"https:\/\/analyse.optim.biz\/index.php?rest_route=\/wp\/v2\/users\/1"}],"replies":[{"embeddable":true,"href":"https:\/\/analyse.optim.biz\/index.php?rest_route=%2Fwp%2Fv2%2Fcomments&post=2084560"}],"version-history":[{"count":0,"href":"https:\/\/analyse.optim.biz\/index.php?rest_route=\/wp\/v2\/posts\/2084560\/revisions"}],"wp:attachment":[{"href":"https:\/\/analyse.optim.biz\/index.php?rest_route=%2Fwp%2Fv2%2Fmedia&parent=2084560"}],"wp:term":[{"taxonomy":"category","embeddable":true,"href":"https:\/\/analyse.optim.biz\/index.php?rest_route=%2Fwp%2Fv2%2Fcategories&post=2084560"},{"taxonomy":"post_tag","embeddable":true,"href":"https:\/\/analyse.optim.biz\/index.php?rest_route=%2Fwp%2Fv2%2Ftags&post=2084560"}],"curies":[{"name":"wp","href":"https:\/\/api.w.org\/{rel}","templated":true}]}}