{"id":208449,"date":"2014-04-02T19:11:35","date_gmt":"2014-04-02T16:11:35","guid":{"rendered":"https:\/\/analyse.optim.biz\/?p=208449"},"modified":"2014-04-02T19:11:35","modified_gmt":"2014-04-02T16:11:35","slug":"acuzatii-noi-comisia-nana-o-firma-privata-a-cumparat-din-2009-parcele-de-teren-pentru-traian-basescu","status":"publish","type":"post","link":"https:\/\/analyse.optim.biz\/?p=208449","title":{"rendered":"Acuza\u021bii noi. Comisia Nana: O firm\u0103 privat\u0103 a cump\u0103rat, din 2009, parcele de teren pentru Traian B\u0103sescu"},"content":{"rendered":"<div class=\"entry data-app-meta data-app-meta-article\" data-embed-base-url-canonical=\"https:\/\/www.digi24.ro\/embed\/stiri\/actualitate\/politica\/acuzatii-noi-comisia-nana-o-firma-privata-a-cumparat-din-2009-parcele-de-teren-pentru-traian-basescu-223703\">\n<p data-index=\"1\">Membrii comisiei mai spun ca imediat ce a fost str\u00e2ns\u0103 o suprafa\u0163\u0103 mare de teren, aceasta a fost achizi\u0163ionat\u0103 de fiica cea mare a pre\u015fedintelui, Ioana B\u0103sescu.<\/p>\n<p data-index=\"2\">Comisia Nana s-a \u00eenfiin\u0163at \u00een luna decembrie a anului trecut pentru a verifica modul \u00een care Ioana B\u0103sescu a ajuns \u00een posesia a 290 de hectare de teren \u00een jude\u0163ul C\u0103l\u0103ra\u015fi. Ioana B\u0103sescu a contractat un credit de 1 milion de euro pentru plata p\u0103m\u00e2ntului.<\/p>\n<p data-index=\"3\">At\u00e2t pre\u015fedintele, c\u00e2t \u015fi fiica sa au sus\u0163inut \u00een repetate r\u00e2nduri c\u0103 terenul a fost cump\u0103rat legal \u015fi au prezentat \u015fi documente \u00een acest sens.<\/p>\n<\/div>\n<p> Source URL: https:\/\/www.digi24.ro\/stiri\/actualitate\/politica\/acuzatii-noi-comisia-nana-o-firma-privata-a-cumparat-din-2009-parcele-de-teren-pentru-traian-basescu-223703<\/p>\n","protected":false},"excerpt":{"rendered":"<p>Membrii comisiei mai spun ca imediat ce a fost str\u00e2ns\u0103 o suprafa\u0163\u0103 mare de teren, aceasta a fost achizi\u0163ionat\u0103 de fiica cea mare a pre\u015fedintelui, Ioana B\u0103sescu. Comisia Nana s-a \u00eenfiin\u0163at \u00een luna decembrie a anului trecut pentru a verifica modul \u00een care Ioana B\u0103sescu a ajuns \u00een posesia a 290 de hectare de teren [&hellip;]<\/p>\n","protected":false},"author":1,"featured_media":208450,"comment_status":"open","ping_status":"","sticky":false,"template":"","format":"standard","meta":{"footnotes":""},"categories":[2],"tags":[11],"class_list":["post-208449","post","type-post","status-publish","format-standard","has-post-thumbnail","hentry","category-politics","tag-digi24"],"_links":{"self":[{"href":"https:\/\/analyse.optim.biz\/index.php?rest_route=\/wp\/v2\/posts\/208449","targetHints":{"allow":["GET"]}}],"collection":[{"href":"https:\/\/analyse.optim.biz\/index.php?rest_route=\/wp\/v2\/posts"}],"about":[{"href":"https:\/\/analyse.optim.biz\/index.php?rest_route=\/wp\/v2\/types\/post"}],"author":[{"embeddable":true,"href":"https:\/\/analyse.optim.biz\/index.php?rest_route=\/wp\/v2\/users\/1"}],"replies":[{"embeddable":true,"href":"https:\/\/analyse.optim.biz\/index.php?rest_route=%2Fwp%2Fv2%2Fcomments&post=208449"}],"version-history":[{"count":0,"href":"https:\/\/analyse.optim.biz\/index.php?rest_route=\/wp\/v2\/posts\/208449\/revisions"}],"wp:featuredmedia":[{"embeddable":true,"href":"https:\/\/analyse.optim.biz\/index.php?rest_route=\/wp\/v2\/media\/208450"}],"wp:attachment":[{"href":"https:\/\/analyse.optim.biz\/index.php?rest_route=%2Fwp%2Fv2%2Fmedia&parent=208449"}],"wp:term":[{"taxonomy":"category","embeddable":true,"href":"https:\/\/analyse.optim.biz\/index.php?rest_route=%2Fwp%2Fv2%2Fcategories&post=208449"},{"taxonomy":"post_tag","embeddable":true,"href":"https:\/\/analyse.optim.biz\/index.php?rest_route=%2Fwp%2Fv2%2Ftags&post=208449"}],"curies":[{"name":"wp","href":"https:\/\/api.w.org\/{rel}","templated":true}]}}