{"id":2084472,"date":"2026-08-06T13:45:00","date_gmt":"2026-08-06T10:45:00","guid":{"rendered":"https:\/\/analyse.optim.biz\/?p=2084472"},"modified":"2026-08-06T13:45:00","modified_gmt":"2026-08-06T10:45:00","slug":"prins-baut-la-volan-in-miez-de-noapte-un-sofer-din-bogdanesti-s-a-ales-cu-dosar-penal-dupa-ce-a-fost-tras-pe-dreapta-la-serbanesti","status":"publish","type":"post","link":"https:\/\/analyse.optim.biz\/?p=2084472","title":{"rendered":"Prins b\u0103ut la volan \u00een miez de noapte! Un \u0219ofer din Bogd\u0103ne\u0219ti s-a ales cu dosar penal dup\u0103 ce a fost tras pe dreapta la \u0218erb\u0103ne\u0219ti"},"content":{"rendered":"<p>[analyse_image type=&#8221;featured&#8221; src=&#8221;https:\/\/blogger.googleusercontent.com\/img\/b\/R29vZ2xl\/AVvXsEi1JvOrQZgau3g1XoBH62tQqLS6ZbsIZISZjSLMQ2C1d430cuCqzzH6mCNcm0qCARklqxT0DAl_oP7AGdrhjZTF5X6Bb6pYr_mvSEFfV9k0i2pU0KRTogNMd1_QrXWzSiOjT0AGen-F4DO5jkwopODYLxLE6hh4bKQMFpf74oj3ZNSLeB8uzvrKFAaeq6U\/w1600\/control-rutier-noaptea.jpg&#8221;]<\/p>\n<div class=\"post-body entry-content\" id=\"post-body\">\n<div class=\"separator\"><a href=\"https:\/\/blogger.googleusercontent.com\/img\/b\/R29vZ2xl\/AVvXsEi1JvOrQZgau3g1XoBH62tQqLS6ZbsIZISZjSLMQ2C1d430cuCqzzH6mCNcm0qCARklqxT0DAl_oP7AGdrhjZTF5X6Bb6pYr_mvSEFfV9k0i2pU0KRTogNMd1_QrXWzSiOjT0AGen-F4DO5jkwopODYLxLE6hh4bKQMFpf74oj3ZNSLeB8uzvrKFAaeq6U\/s640\/control-rutier-noaptea.jpg\"><img decoding=\"async\" alt=\"Prins b\u0103ut la volan \u00een miez de noapte! Un \u0219ofer din Bogd\u0103ne\u0219ti s-a ales cu dosar penal dup\u0103 ce a fost tras pe dreapta la \u0218erb\u0103ne\u0219ti\" border=\"0\" height=\"335\" loading=\"lazy\" src=\"https:\/\/blogger.googleusercontent.com\/img\/b\/R29vZ2xl\/AVvXsEi1JvOrQZgau3g1XoBH62tQqLS6ZbsIZISZjSLMQ2C1d430cuCqzzH6mCNcm0qCARklqxT0DAl_oP7AGdrhjZTF5X6Bb6pYr_mvSEFfV9k0i2pU0KRTogNMd1_QrXWzSiOjT0AGen-F4DO5jkwopODYLxLE6hh4bKQMFpf74oj3ZNSLeB8uzvrKFAaeq6U\/w640-h335-rw\/control-rutier-noaptea.jpg\" title=\"Prins b\u0103ut la volan \u00een miez de noapte! Un \u0219ofer din Bogd\u0103ne\u0219ti s-a ales cu dosar penal dup\u0103 ce a fost tras pe dreapta la \u0218erb\u0103ne\u0219ti\" width=\"640\"><\/a><\/div>\n<p><strong>O curs\u0103 nocturn\u0103 s-a \u00eencheiat cu un dosar penal pentru un b\u0103rbat \u00een v\u00e2rst\u0103 de 34 de ani din comuna Bogd\u0103ne\u0219ti. Acesta a fost prins de poli\u021bi\u0219ti joi noaptea conduc\u00e2nd un autoturism sub influen\u021ba b\u0103uturilor alcoolice, av\u00e2nd al\u021bi doi pasageri la bord.<\/strong><\/p>\n<p>Incidentul a avut loc \u00een data de 6 august 2026, \u00een jurul orei 01:35. Poli\u021bi\u0219tii din cadrul Sec\u021biei 8 Poli\u021bie Rural\u0103 Ad\u00e2ncata se aflau \u00een exercitarea atribu\u021biilor de serviciu pe linie de poli\u021bie rutier\u0103, ac\u021bion\u00e2nd pe Drumul Na\u021bional 29A.<\/p>\n<p>Pe raza localit\u0103\u021bii \u0218erb\u0103ne\u0219ti din comuna Zvori\u0219tea, agen\u021bii au efectuat un semnal regulamentar de oprire pentru un autoturism marca Volkswagen, care se deplasa din direc\u021bia Zvori\u0219tea c\u0103tre municipiul Suceava.<\/p>\n<p>Dup\u0103 declinarea calit\u0103\u021bii, poli\u021bi\u0219tii i-au solicitat conduc\u0103torului auto s\u0103 prezinte documentele personale \u0219i pe cele ale vehiculului. La volanul ma\u0219inii a fost identificat Vasilic\u0103 \u0218., \u00een v\u00e2rst\u0103 de 34 de ani. \u00cen autoturism se mai aflau, \u00een calitate de pasageri, o femeie din din localitatea St\u00e2nca (Zvori\u0219tea) \u0219i un b\u0103rbat din din ora\u0219ul Vicovu de Sus.<\/p>\n<h2>Etilotestul a indicat o valoare de 0,60 mg\/l alcool pur \u00een aerul expirat<\/h2>\n<p>\u00cen timpul discu\u021biilor purtate pentru verificarea documentelor, poli\u021bi\u0219tii au observat c\u0103 \u0219oferul emana o halen\u0103 alcoolic\u0103 pronun\u021bat\u0103. B\u0103rbatul a fost testat pe loc cu aparatul etilometru, rezultatul indic\u00e2nd o valoare de <strong>0,60 mg\/l alcool pur \u00een aerul expirat<\/strong>.<\/p>\n<p>Conform procedurilor legale \u00een vigoare, conduc\u0103torul auto a fost escortat la Unitatea de Primiri Urgen\u021be din cadrul Spitalului Clinic Jude\u021bean de Urgen\u021b\u0103 \u201eSf\u00e2ntul Ioan cel Nou\u201d Suceava, unde i-au fost recoltate dou\u0103 probe biologice de s\u00e2nge \u00een vederea stabilirii cu exactitate a alcoolemiei.<\/p>\n<p>\u00cen cauz\u0103, lucr\u0103torii de poli\u021bie au \u00eentocmit un dosar de cercetare penal\u0103 sub aspectul s\u0103v\u00e2r\u0219irii infrac\u021biunii de <strong>\u201econducerea unui vehicul sub influen\u021ba alcoolului\u201d<\/strong>.<span>\u00a0\u00a0 \u00a0<\/span><\/p>\n<\/div>\n<div class=\"post-body entry-content\" id=\"post-body\">\n<div class=\"separator\"><a href=\"https:\/\/blogger.googleusercontent.com\/img\/b\/R29vZ2xl\/AVvXsEi1JvOrQZgau3g1XoBH62tQqLS6ZbsIZISZjSLMQ2C1d430cuCqzzH6mCNcm0qCARklqxT0DAl_oP7AGdrhjZTF5X6Bb6pYr_mvSEFfV9k0i2pU0KRTogNMd1_QrXWzSiOjT0AGen-F4DO5jkwopODYLxLE6hh4bKQMFpf74oj3ZNSLeB8uzvrKFAaeq6U\/s640\/control-rutier-noaptea.jpg\"><img decoding=\"async\" alt=\"Prins b\u0103ut la volan \u00een miez de noapte! Un \u0219ofer din Bogd\u0103ne\u0219ti s-a ales cu dosar penal dup\u0103 ce a fost tras pe dreapta la \u0218erb\u0103ne\u0219ti\" border=\"0\" height=\"335\" loading=\"lazy\" src=\"https:\/\/blogger.googleusercontent.com\/img\/b\/R29vZ2xl\/AVvXsEi1JvOrQZgau3g1XoBH62tQqLS6ZbsIZISZjSLMQ2C1d430cuCqzzH6mCNcm0qCARklqxT0DAl_oP7AGdrhjZTF5X6Bb6pYr_mvSEFfV9k0i2pU0KRTogNMd1_QrXWzSiOjT0AGen-F4DO5jkwopODYLxLE6hh4bKQMFpf74oj3ZNSLeB8uzvrKFAaeq6U\/w640-h335-rw\/control-rutier-noaptea.jpg\" title=\"Prins b\u0103ut la volan \u00een miez de noapte! Un \u0219ofer din Bogd\u0103ne\u0219ti s-a ales cu dosar penal dup\u0103 ce a fost tras pe dreapta la \u0218erb\u0103ne\u0219ti\" width=\"640\"><\/a><\/div>\n<p><strong>O curs\u0103 nocturn\u0103 s-a \u00eencheiat cu un dosar penal pentru un b\u0103rbat \u00een v\u00e2rst\u0103 de 34 de ani din comuna Bogd\u0103ne\u0219ti. Acesta a fost prins de poli\u021bi\u0219ti joi noaptea conduc\u00e2nd un autoturism sub influen\u021ba b\u0103uturilor alcoolice, av\u00e2nd al\u021bi doi pasageri la bord.<\/strong><\/p>\n<p>Incidentul a avut loc \u00een data de 6 august 2026, \u00een jurul orei 01:35. Poli\u021bi\u0219tii din cadrul Sec\u021biei 8 Poli\u021bie Rural\u0103 Ad\u00e2ncata se aflau \u00een exercitarea atribu\u021biilor de serviciu pe linie de poli\u021bie rutier\u0103, ac\u021bion\u00e2nd pe Drumul Na\u021bional 29A.<\/p>\n<p>Pe raza localit\u0103\u021bii \u0218erb\u0103ne\u0219ti din comuna Zvori\u0219tea, agen\u021bii au efectuat un semnal regulamentar de oprire pentru un autoturism marca Volkswagen, care se deplasa din direc\u021bia Zvori\u0219tea c\u0103tre municipiul Suceava.<\/p>\n<p>Dup\u0103 declinarea calit\u0103\u021bii, poli\u021bi\u0219tii i-au solicitat conduc\u0103torului auto s\u0103 prezinte documentele personale \u0219i pe cele ale vehiculului. La volanul ma\u0219inii a fost identificat Vasilic\u0103 \u0218., \u00een v\u00e2rst\u0103 de 34 de ani. \u00cen autoturism se mai aflau, \u00een calitate de pasageri, o femeie din din localitatea St\u00e2nca (Zvori\u0219tea) \u0219i un b\u0103rbat din din ora\u0219ul Vicovu de Sus.<\/p>\n<h2>Etilotestul a indicat o valoare de 0,60 mg\/l alcool pur \u00een aerul expirat<\/h2>\n<p>\u00cen timpul discu\u021biilor purtate pentru verificarea documentelor, poli\u021bi\u0219tii au observat c\u0103 \u0219oferul emana o halen\u0103 alcoolic\u0103 pronun\u021bat\u0103. B\u0103rbatul a fost testat pe loc cu aparatul etilometru, rezultatul indic\u00e2nd o valoare de <strong>0,60 mg\/l alcool pur \u00een aerul expirat<\/strong>.<\/p>\n<p>Conform procedurilor legale \u00een vigoare, conduc\u0103torul auto a fost escortat la Unitatea de Primiri Urgen\u021be din cadrul Spitalului Clinic Jude\u021bean de Urgen\u021b\u0103 \u201eSf\u00e2ntul Ioan cel Nou\u201d Suceava, unde i-au fost recoltate dou\u0103 probe biologice de s\u00e2nge \u00een vederea stabilirii cu exactitate a alcoolemiei.<\/p>\n<p>\u00cen cauz\u0103, lucr\u0103torii de poli\u021bie au \u00eentocmit un dosar de cercetare penal\u0103 sub aspectul s\u0103v\u00e2r\u0219irii infrac\u021biunii de <strong>\u201econducerea unui vehicul sub influen\u021ba alcoolului\u201d<\/strong>.<span>\u00a0\u00a0 \u00a0<\/span><\/p>\n<\/div>\n<p>[analyse_source url=&#8221;https:\/\/www.stirisuceava.net\/2026\/08\/prins-baut-la-volan-in-miez-de-noapte.html&#8221;]<\/p>\n","protected":false},"excerpt":{"rendered":"<p>[analyse_image type=&#8221;featured&#8221; src=&#8221;https:\/\/blogger.googleusercontent.com\/img\/b\/R29vZ2xl\/AVvXsEi1JvOrQZgau3g1XoBH62tQqLS6ZbsIZISZjSLMQ2C1d430cuCqzzH6mCNcm0qCARklqxT0DAl_oP7AGdrhjZTF5X6Bb6pYr_mvSEFfV9k0i2pU0KRTogNMd1_QrXWzSiOjT0AGen-F4DO5jkwopODYLxLE6hh4bKQMFpf74oj3ZNSLeB8uzvrKFAaeq6U\/w1600\/control-rutier-noaptea.jpg&#8221;] O curs\u0103 nocturn\u0103 s-a \u00eencheiat cu un dosar penal pentru un b\u0103rbat \u00een v\u00e2rst\u0103 de 34 de ani din comuna Bogd\u0103ne\u0219ti. Acesta a fost prins de poli\u021bi\u0219ti joi noaptea conduc\u00e2nd un autoturism sub influen\u021ba b\u0103uturilor alcoolice, av\u00e2nd al\u021bi doi pasageri la bord. Incidentul a avut loc \u00een data de 6 august 2026, [&hellip;]<\/p>\n","protected":false},"author":1,"featured_media":0,"comment_status":"open","ping_status":"","sticky":false,"template":"","format":"standard","meta":{"footnotes":""},"categories":[89],"tags":[226,172],"class_list":["post-2084472","post","type-post","status-publish","format-standard","hentry","category-romania","tag-crawlmanager","tag-stirisuceava-net"],"_links":{"self":[{"href":"https:\/\/analyse.optim.biz\/index.php?rest_route=\/wp\/v2\/posts\/2084472","targetHints":{"allow":["GET"]}}],"collection":[{"href":"https:\/\/analyse.optim.biz\/index.php?rest_route=\/wp\/v2\/posts"}],"about":[{"href":"https:\/\/analyse.optim.biz\/index.php?rest_route=\/wp\/v2\/types\/post"}],"author":[{"embeddable":true,"href":"https:\/\/analyse.optim.biz\/index.php?rest_route=\/wp\/v2\/users\/1"}],"replies":[{"embeddable":true,"href":"https:\/\/analyse.optim.biz\/index.php?rest_route=%2Fwp%2Fv2%2Fcomments&post=2084472"}],"version-history":[{"count":0,"href":"https:\/\/analyse.optim.biz\/index.php?rest_route=\/wp\/v2\/posts\/2084472\/revisions"}],"wp:attachment":[{"href":"https:\/\/analyse.optim.biz\/index.php?rest_route=%2Fwp%2Fv2%2Fmedia&parent=2084472"}],"wp:term":[{"taxonomy":"category","embeddable":true,"href":"https:\/\/analyse.optim.biz\/index.php?rest_route=%2Fwp%2Fv2%2Fcategories&post=2084472"},{"taxonomy":"post_tag","embeddable":true,"href":"https:\/\/analyse.optim.biz\/index.php?rest_route=%2Fwp%2Fv2%2Ftags&post=2084472"}],"curies":[{"name":"wp","href":"https:\/\/api.w.org\/{rel}","templated":true}]}}