{"id":2084463,"date":"2026-08-08T07:51:35","date_gmt":"2026-08-08T04:51:35","guid":{"rendered":"https:\/\/analyse.optim.biz\/?p=2084463"},"modified":"2026-08-08T07:51:35","modified_gmt":"2026-08-08T04:51:35","slug":"carmen-ichim-a-invins-reumatismul-si-a-descins-pe-teren","status":"publish","type":"post","link":"https:\/\/analyse.optim.biz\/?p=2084463","title":{"rendered":"Carmen Ichim a \u00eenvins reumatismul \u0219i a descins pe teren"},"content":{"rendered":"<p>[analyse_image type=&#8221;featured&#8221; src=&#8221;https:\/\/revistaverde.ro\/wp-content\/uploads\/2026\/08\/MUNTI-G.jpg&#8221;]<\/p>\n<article id=\"post-15787\" class=\"post-15787 post type-post status-publish format-standard has-post-thumbnail hentry category-eco-tiri category-evnimente\">\n<header class=\"entry-header mh-clearfix\">\n<h1 class=\"entry-title\">Carmen Ichim a \u00eenvins reumatismul \u0219i a descins pe teren<\/h1>\n<p class=\"mh-meta entry-meta\"><span class=\"entry-meta-date updated\"><a href=\"https:\/\/revistaverde.ro\/2026\/08\/\">august 8, 2026<\/a><\/span><span class=\"entry-meta-author author vcard\"><a class=\"fn\" href=\"https:\/\/revistaverde.ro\/author\/revistaverdefrumoasa2017\/\">M\u0103rg\u0103rit GROSU<\/a><\/span><span class=\"entry-meta-categories\"><a href=\"https:\/\/revistaverde.ro\/category\/local\/eco-tiri\/\" rel=\"category tag\">Eco \u015etiri<\/a>, <a href=\"https:\/\/revistaverde.ro\/category\/local\/evnimente\/\" rel=\"category tag\">Evenimente<\/a><\/span><span class=\"entry-meta-comments\"><a class=\"mh-comment-scroll\" href=\"https:\/\/revistaverde.ro\/2026\/08\/08\/carmen-ichim-a-invins-reumatismul-si-a-descins-pe-teren\/#mh-comments\">0<\/a><\/span><\/p>\n<\/header>\n<div class=\"entry-content mh-clearfix\">\n<figure class=\"entry-thumbnail\"><img decoding=\"async\" src=\"https:\/\/revistaverde.ro\/wp-content\/uploads\/2026\/08\/MUNTI-G-678x381.jpg\" alt title=\"MUNTI G\"><\/figure>\n<p>Cea mai anchilozat\u0103 institu\u021bie din \u021bar\u0103 este Garda de Mediu de la Buz\u0103u. \u00centrece cu o liniu\u021b\u0103, dac\u0103 \u00een\u021belege\u021bi ce vreau s\u0103 spun, DSP Buz\u0103u. Ambele institu\u021bii sunt conduse din mo\u0219i-str\u0103mo\u0219i de dou\u0103 domni\u0219oare, devenite de acum venerabile entit\u0103\u021bi publice.<\/p>\n<p>Azi, ne referim doar la Garda de Mediu Buz\u0103u , institu\u021bie p\u0103storit\u0103 de Carmen Ichim cu dou\u0103 facult\u0103\u021bi f\u0103cute la stat.<\/p>\n<p>Un comunicat de pres\u0103 ne spune c\u0103 s-au g\u0103sit gunoaie la B\u0103l\u0103ceanu. Comisarii au descins \u00een urma unei sesiz\u0103ri. Nu ni se spune de c\u00e2nd era sesizarea, dar dup\u0103 cum ac\u021bioneaz\u0103 Garda de Mediu Buz\u0103u, cred c\u0103 este vorba de cea trimis\u0103 cu Po\u0219ta acum 20 de ani. A\u0219a se justific\u0103 \u0219i mun\u021bii de gunoaie g\u0103si\u021bi aici.S-a dat amend\u0103 de 50.000 de lei, care va fi anulat\u0103 de instan\u021b\u0103. A\u0219a c\u0103 \u00eei ur\u0103m G\u0103rzii de Mediu Buz\u0103u: Somn U\u0219or!<\/p>\n<div class=\"col-md-2 col-sm-4 col-xs-4\"> .col-md-2 { float:left; width: 16.6667%; } <\/div>\n<div class=\"col-md-2 col-sm-4 col-xs-4\"> .col-md-2 { float:left; width: 16.6667%; } <\/p>\n<div class=\"fb-share-button\" data-href=\"https:\/\/revistaverde.ro\/2026\/08\/08\/carmen-ichim-a-invins-reumatismul-si-a-descins-pe-teren\/\" data-layout=\"button\" data-size=\"large\" data-mobile-iframe=\"true\"><a class=\"fb-xfbml-parse-ignore\" target=\"_blank\" href=\"https:\/\/www.facebook.com\/sharer\/sharer.php?u=https%3A%2F%2Frevistaverde.ro%2F2026%2F08%2F08%2Fcarmen-ichim-a-invins-reumatismul-si-a-descins-pe-teren%2F&amp;src=sdkpreparse\">Share<\/a><\/div>\n<\/div>\n<div class=\"col-md-2 col-sm-4 col-xs-4\"> .col-md-2 { float:left; width: 16.6667%; } <\/div>\n<\/div>\n<\/article>\n<div class=\"entry-content mh-clearfix\">\n<figure class=\"entry-thumbnail\"><img decoding=\"async\" src=\"https:\/\/revistaverde.ro\/wp-content\/uploads\/2026\/08\/MUNTI-G-678x381.jpg\" alt title=\"MUNTI G\"><\/figure>\n<p>Cea mai anchilozat\u0103 institu\u021bie din \u021bar\u0103 este Garda de Mediu de la Buz\u0103u. \u00centrece cu o liniu\u021b\u0103, dac\u0103 \u00een\u021belege\u021bi ce vreau s\u0103 spun, DSP Buz\u0103u. Ambele institu\u021bii sunt conduse din mo\u0219i-str\u0103mo\u0219i de dou\u0103 domni\u0219oare, devenite de acum venerabile entit\u0103\u021bi publice.<\/p>\n<p>Azi, ne referim doar la Garda de Mediu Buz\u0103u , institu\u021bie p\u0103storit\u0103 de Carmen Ichim cu dou\u0103 facult\u0103\u021bi f\u0103cute la stat.<\/p>\n<p>Un comunicat de pres\u0103 ne spune c\u0103 s-au g\u0103sit gunoaie la B\u0103l\u0103ceanu. Comisarii au descins \u00een urma unei sesiz\u0103ri. Nu ni se spune de c\u00e2nd era sesizarea, dar dup\u0103 cum ac\u021bioneaz\u0103 Garda de Mediu Buz\u0103u, cred c\u0103 este vorba de cea trimis\u0103 cu Po\u0219ta acum 20 de ani. A\u0219a se justific\u0103 \u0219i mun\u021bii de gunoaie g\u0103si\u021bi aici.S-a dat amend\u0103 de 50.000 de lei, care va fi anulat\u0103 de instan\u021b\u0103. A\u0219a c\u0103 \u00eei ur\u0103m G\u0103rzii de Mediu Buz\u0103u: Somn U\u0219or!<\/p>\n<div class=\"col-md-2 col-sm-4 col-xs-4\"> .col-md-2 { float:left; width: 16.6667%; } <\/div>\n<div class=\"col-md-2 col-sm-4 col-xs-4\"> .col-md-2 { float:left; width: 16.6667%; } <\/p>\n<div class=\"fb-share-button\" data-href=\"https:\/\/revistaverde.ro\/2026\/08\/08\/carmen-ichim-a-invins-reumatismul-si-a-descins-pe-teren\/\" data-layout=\"button\" data-size=\"large\" data-mobile-iframe=\"true\"><a class=\"fb-xfbml-parse-ignore\" target=\"_blank\" href=\"https:\/\/www.facebook.com\/sharer\/sharer.php?u=https%3A%2F%2Frevistaverde.ro%2F2026%2F08%2F08%2Fcarmen-ichim-a-invins-reumatismul-si-a-descins-pe-teren%2F&amp;src=sdkpreparse\">Share<\/a><\/div>\n<\/div>\n<div class=\"col-md-2 col-sm-4 col-xs-4\"> .col-md-2 { float:left; width: 16.6667%; } <\/div>\n<\/div>\n<p>[analyse_source url=&#8221;https:\/\/revistaverde.ro\/2026\/08\/08\/carmen-ichim-a-invins-reumatismul-si-a-descins-pe-teren\/&#8221;]<\/p>\n","protected":false},"excerpt":{"rendered":"<p>[analyse_image type=&#8221;featured&#8221; src=&#8221;https:\/\/revistaverde.ro\/wp-content\/uploads\/2026\/08\/MUNTI-G.jpg&#8221;] Carmen Ichim a \u00eenvins reumatismul \u0219i a descins pe teren august 8, 2026M\u0103rg\u0103rit GROSUEco \u015etiri, Evenimente0 Cea mai anchilozat\u0103 institu\u021bie din \u021bar\u0103 este Garda de Mediu de la Buz\u0103u. \u00centrece cu o liniu\u021b\u0103, dac\u0103 \u00een\u021belege\u021bi ce vreau s\u0103 spun, DSP Buz\u0103u. Ambele institu\u021bii sunt conduse din mo\u0219i-str\u0103mo\u0219i de dou\u0103 domni\u0219oare, devenite de [&hellip;]<\/p>\n","protected":false},"author":1,"featured_media":0,"comment_status":"open","ping_status":"","sticky":false,"template":"","format":"standard","meta":{"footnotes":""},"categories":[2],"tags":[226,57],"class_list":["post-2084463","post","type-post","status-publish","format-standard","hentry","category-politics","tag-crawlmanager","tag-revistaverde-ro"],"_links":{"self":[{"href":"https:\/\/analyse.optim.biz\/index.php?rest_route=\/wp\/v2\/posts\/2084463","targetHints":{"allow":["GET"]}}],"collection":[{"href":"https:\/\/analyse.optim.biz\/index.php?rest_route=\/wp\/v2\/posts"}],"about":[{"href":"https:\/\/analyse.optim.biz\/index.php?rest_route=\/wp\/v2\/types\/post"}],"author":[{"embeddable":true,"href":"https:\/\/analyse.optim.biz\/index.php?rest_route=\/wp\/v2\/users\/1"}],"replies":[{"embeddable":true,"href":"https:\/\/analyse.optim.biz\/index.php?rest_route=%2Fwp%2Fv2%2Fcomments&post=2084463"}],"version-history":[{"count":0,"href":"https:\/\/analyse.optim.biz\/index.php?rest_route=\/wp\/v2\/posts\/2084463\/revisions"}],"wp:attachment":[{"href":"https:\/\/analyse.optim.biz\/index.php?rest_route=%2Fwp%2Fv2%2Fmedia&parent=2084463"}],"wp:term":[{"taxonomy":"category","embeddable":true,"href":"https:\/\/analyse.optim.biz\/index.php?rest_route=%2Fwp%2Fv2%2Fcategories&post=2084463"},{"taxonomy":"post_tag","embeddable":true,"href":"https:\/\/analyse.optim.biz\/index.php?rest_route=%2Fwp%2Fv2%2Ftags&post=2084463"}],"curies":[{"name":"wp","href":"https:\/\/api.w.org\/{rel}","templated":true}]}}