{"id":2084462,"date":"2026-08-07T20:10:49","date_gmt":"2026-08-07T17:10:49","guid":{"rendered":"https:\/\/analyse.optim.biz\/?p=2084462"},"modified":"2026-08-07T20:10:49","modified_gmt":"2026-08-07T17:10:49","slug":"sanse-slabe-de-a-fi-deschis-in-aceasta-vara-aquapark-ul","status":"publish","type":"post","link":"https:\/\/analyse.optim.biz\/?p=2084462","title":{"rendered":"\u015eanse slabe de a fi deschis \u00een aceast\u0103 var\u0103 Aquapark-ul"},"content":{"rendered":"<p>[analyse_image type=&#8221;featured&#8221; src=&#8221;https:\/\/www.tvbuzau.ro\/wp-content\/uploads\/2026\/08\/sddefault-19.jpghttps:\/\/www.tvbuzau.ro\/wp-content\/uploads\/2026\/08\/sddefault-19.jpg&#8221;]<\/p>\n<div class=\"td-ss-main-content\">\n<article id=\"post-119957\" class=\"post-119957 post type-post status-publish format-video has-post-thumbnail hentry category-actualitate post_format-post-format-video\">\n<div class=\"td-post-header\">\n<ul class=\"td-category\">\n<li class=\"entry-category\"><a href=\"https:\/\/www.tvbuzau.ro\/category\/actualitate\/\">Actualitate<\/a><\/li>\n<\/ul>\n<header class=\"td-post-title\">\n<h1 class=\"entry-title\">\u015eanse slabe de a fi deschis \u00een aceast\u0103 var\u0103 Aquapark-ul<\/h1>\n<div class=\"td-module-meta-info\">\n<div class=\"td-post-author-name\">De c\u0103tre <a href=\"https:\/\/www.tvbuzau.ro\/author\/mihai-vasilescu\/\">TV Buz\u0103u<\/a> &#8211; <\/div>\n<p><span class=\"td-post-date\"><time class=\"entry-date updated td-module-date\" datetime=\"2026-08-07T20:10:49+00:00\">august 7, 2026<\/time><\/span><\/p>\n<div class=\"td-post-comments\"><a href=\"https:\/\/www.tvbuzau.ro\/sanse-slabe-de-a-fi-deschis-in-aceasta-vara-aquapark-ul\/#respond\">0<\/a><\/div>\n<div class=\"td-post-views\"><span class=\"td-nr-views-119957\">22<\/span><\/div>\n<\/div>\n<\/header>\n<\/div>\n<div class=\"td-post-sharing td-post-sharing-top td-with-like\">\n<div class=\"td-default-sharing\"><a class=\"td-social-sharing-buttons td-social-facebook\" href=\"http:\/\/www.facebook.com\/sharer.php?u=https%3A%2F%2Fwww.tvbuzau.ro%2Fsanse-slabe-de-a-fi-deschis-in-aceasta-vara-aquapark-ul%2F\"><\/p>\n<div class=\"td-social-but-text\">Distribui\u021bi pe Facebook<\/div>\n<p><\/a><a class=\"td-social-sharing-buttons td-social-twitter\" href=\"https:\/\/twitter.com\/intent\/tweet?text=%C5%9Eanse+slabe+de+a+fi+deschis+%C3%AEn+aceast%C4%83+var%C4%83+Aquapark-ul&amp;url=https%3A%2F%2Fwww.tvbuzau.ro%2Fsanse-slabe-de-a-fi-deschis-in-aceasta-vara-aquapark-ul%2F&amp;via=TV+Buz%C4%83u\"><\/p>\n<div class=\"td-social-but-text\">Distribui\u021bi pe Twitter<\/div>\n<p><\/a><\/div>\n<div class=\"td-classic-sharing\">\n<ul>\n<li class=\"td-classic-facebook\"><iframe frameborder src=\"https:\/\/www.facebook.com\/plugins\/like.php?href=https:\/\/www.tvbuzau.ro\/sanse-slabe-de-a-fi-deschis-in-aceasta-vara-aquapark-ul\/&amp;layout=button_count&amp;show_faces=false&amp;width=105&amp;action=like&amp;colorscheme=light&amp;height=21\"><\/iframe><\/li>\n<li class=\"td-classic-twitter\"><a href=\"https:\/\/twitter.com\/share\" class=\"twitter-share-button\" data-url=\"https:\/\/www.tvbuzau.ro\/sanse-slabe-de-a-fi-deschis-in-aceasta-vara-aquapark-ul\/\" data-text=\"\u015eanse slabe de a fi deschis \u00een aceast\u0103 var\u0103 Aquapark-ul\" data-via data-lang=\"en\">tweet<\/a><\/li>\n<\/ul>\n<\/div>\n<\/div>\n<div class=\"td-post-content\">\n<div class=\"td-featured-image-rec\">\n<div class=\"wpb_video_wrapper\">\n                    <iframe loading=\"lazy\" id=\"td_youtube_player\" width=\"600\" height=\"560\" src=\"https:\/\/www.youtube.com\/embed\/BIAk3dBHTGU?enablejsapi=1&amp;feature=oembed&amp;wmode=opaque&amp;vq=hd720\" frameborder allowfullscreen><\/iframe><\/p><\/div>\n<\/div>\n<p>Care sunt motivele invocate \u015fi c\u00e2nd ar putea s\u0103 se deschid\u0103<br \/>\nPrim\u0103ria Municipiului Buz\u0103u a anun\u0163at \u00een prima parte a acestui an c\u0103 cel mai probabil \u00eencep\u00e2nd cu data de 1 iunie 2026 Aquapark-ul din Parcul Tineretului va fi deschis pentru public. Termenul ini\u0163ial a fost am\u00e2nat iar recent conducerea administra\u0163iei locale a anun\u0163at c\u0103 proiectul continu\u0103, de\u015fi recunoa\u015fte \u00eent\u00e2rzierile.<br \/>\n\u00cent\u00e2rzierile s-au datorat anumitor probleme tehnice, a precizat primarul Constantin Toma. Chiar dac\u0103 lucr\u0103rile s-ar finaliza la jum\u0103tatea lunii august, termenul la care aquapark-ul s-ar deschide ar mai \u00eent\u00e2rzia.<br \/>\nInvesti\u0163ia dep\u0103\u015fe\u015fte 10 milioane de euro iar aquapark-ul, potrivit proiectului<br \/>\nva cuprinde o piscin\u0103 cu valuri, o piscin\u0103 cu ap\u0103 s\u0103rat\u0103, tobogane, piscine cu jocuri de ap\u0103, un lazy river de aproximativ 1000 de metri, jacuzzi, o piscin\u0103 pentru copii \u0219i alte facilit\u0103\u021bi.<\/p>\n<div class=\"post-views post-119957 entry-meta\"><span class=\"post-views-label\">Post Views: <\/span><span class=\"post-views-count\">202<\/span><\/div>\n<\/div>\n<footer>\n<div class=\"td-post-sharing td-post-sharing-bottom td-with-like\"><span class=\"td-post-share-title\">DISTRIBUI\u021aI<\/span><\/p>\n<div class=\"td-default-sharing\"><a class=\"td-social-sharing-buttons td-social-facebook\" href=\"http:\/\/www.facebook.com\/sharer.php?u=https%3A%2F%2Fwww.tvbuzau.ro%2Fsanse-slabe-de-a-fi-deschis-in-aceasta-vara-aquapark-ul%2F\"><\/p>\n<div class=\"td-social-but-text\">Facebook<\/div>\n<p><\/a><a class=\"td-social-sharing-buttons td-social-twitter\" href=\"https:\/\/twitter.com\/intent\/tweet?text=%C5%9Eanse+slabe+de+a+fi+deschis+%C3%AEn+aceast%C4%83+var%C4%83+Aquapark-ul&amp;url=https%3A%2F%2Fwww.tvbuzau.ro%2Fsanse-slabe-de-a-fi-deschis-in-aceasta-vara-aquapark-ul%2F&amp;via=TV+Buz%C4%83u\"><\/p>\n<div class=\"td-social-but-text\">Twitter<\/div>\n<p><\/a><\/div>\n<div class=\"td-classic-sharing\">\n<ul>\n<li class=\"td-classic-facebook\"><iframe frameborder src=\"https:\/\/www.facebook.com\/plugins\/like.php?href=https:\/\/www.tvbuzau.ro\/sanse-slabe-de-a-fi-deschis-in-aceasta-vara-aquapark-ul\/&amp;layout=button_count&amp;show_faces=false&amp;width=105&amp;action=like&amp;colorscheme=light&amp;height=21\"><\/iframe><\/li>\n<li class=\"td-classic-twitter\"><a href=\"https:\/\/twitter.com\/share\" class=\"twitter-share-button\" data-url=\"https:\/\/www.tvbuzau.ro\/sanse-slabe-de-a-fi-deschis-in-aceasta-vara-aquapark-ul\/\" data-text=\"\u015eanse slabe de a fi deschis \u00een aceast\u0103 var\u0103 Aquapark-ul\" data-via data-lang=\"en\">tweet<\/a><\/li>\n<\/ul>\n<\/div>\n<\/div>\n<div class=\"td-author-name vcard author\"><span class=\"fn\"><a href=\"https:\/\/www.tvbuzau.ro\/author\/mihai-vasilescu\/\">TV Buz\u0103u<\/a><\/span><\/div>\n<p><span><\/span><span><span><\/span><\/span><span><\/span><\/footer>\n<\/article>\n<div class=\"td_block_wrap td_block_related_posts td_uid_1_6a78028bdb92c_rand td_with_ajax_pagination td-pb-border-top\" data-td-block-uid=\"td_uid_1_6a78028bdb92c\">\n<h4 class=\"td-related-title\"><a id=\"td_uid_2_6a78028be1655\" class=\"td-related-left td-cur-simple-item\" data-td_filter_value data-td_block_id=\"td_uid_1_6a78028bdb92c\" href=\"https:\/\/www.tvbuzau.ro\/sanse-slabe-de-a-fi-deschis-in-aceasta-vara-aquapark-ul\/\">ARTICOLE SIMILARE<\/a><a id=\"td_uid_3_6a78028be1693\" class=\"td-related-right\" data-td_filter_value=\"td_related_more_from_author\" data-td_block_id=\"td_uid_1_6a78028bdb92c\" href=\"https:\/\/www.tvbuzau.ro\/sanse-slabe-de-a-fi-deschis-in-aceasta-vara-aquapark-ul\/\">DE LA ACELA\u0218I AUTOR<\/a><\/h4>\n<div id=\"td_uid_1_6a78028bdb92c\" class=\"td_block_inner\">\n<div class=\"td-related-row\">\n<div class=\"td-related-span4\">\n<div class=\"td_module_related_posts td-animation-stack td_mod_related_posts\">\n<div class=\"td-module-image\">\n<div class=\"td-module-thumb\"><a href=\"https:\/\/www.tvbuzau.ro\/cercetati-pentru-trafic-de-droguri-de-mare-risc-3\/\" rel=\"bookmark\" title=\"Cerceta\u021bi pentru trafic de droguri de mare risc\"><img loading=\"lazy\" decoding=\"async\" width=\"218\" height=\"150\" class=\"entry-thumb\" src=\"https:\/\/www.tvbuzau.ro\/wp-content\/uploads\/2026\/08\/hqdefault-8-218x150.jpg\" alt title=\"Cerceta\u021bi pentru trafic de droguri de mare risc\"><span class=\"td-video-play-ico\"><img loading=\"lazy\" decoding=\"async\" width=\"40\" height=\"40\" class=\"td-retina\" src=\"https:\/\/www.tvbuzau.ro\/wp-content\/themes\/Newspaper\/images\/icons\/ico-video-large.png\" alt=\"video\"><\/span><\/a><\/div>\n<p><a href=\"https:\/\/www.tvbuzau.ro\/category\/actualitate\/\" class=\"td-post-category\">Actualitate<\/a><\/div>\n<div class=\"item-details\">\n<h3 class=\"entry-title td-module-title\"><a href=\"https:\/\/www.tvbuzau.ro\/cercetati-pentru-trafic-de-droguri-de-mare-risc-3\/\" rel=\"bookmark\" title=\"Cerceta\u021bi pentru trafic de droguri de mare risc\">Cerceta\u021bi pentru trafic de droguri de mare risc<\/a><\/h3>\n<\/div>\n<\/div>\n<\/div>\n<div class=\"td-related-span4\">\n<div class=\"td_module_related_posts td-animation-stack td_mod_related_posts\">\n<div class=\"td-module-image\">\n<div class=\"td-module-thumb\"><a href=\"https:\/\/www.tvbuzau.ro\/problemele-financiare-sting-lumina-la-vintila-voda\/\" rel=\"bookmark\" title=\"Problemele financiare sting lumina la Vintil\u0103 Vod\u0103\"><img loading=\"lazy\" decoding=\"async\" width=\"218\" height=\"150\" class=\"entry-thumb\" src=\"https:\/\/www.tvbuzau.ro\/wp-content\/uploads\/2026\/08\/hqdefault-7-218x150.jpg\" alt title=\"Problemele financiare sting lumina la Vintil\u0103 Vod\u0103\"><span class=\"td-video-play-ico\"><img loading=\"lazy\" decoding=\"async\" width=\"40\" height=\"40\" class=\"td-retina\" src=\"https:\/\/www.tvbuzau.ro\/wp-content\/themes\/Newspaper\/images\/icons\/ico-video-large.png\" alt=\"video\"><\/span><\/a><\/div>\n<p><a href=\"https:\/\/www.tvbuzau.ro\/category\/actualitate\/\" class=\"td-post-category\">Actualitate<\/a><\/div>\n<div class=\"item-details\">\n<h3 class=\"entry-title td-module-title\"><a href=\"https:\/\/www.tvbuzau.ro\/problemele-financiare-sting-lumina-la-vintila-voda\/\" rel=\"bookmark\" title=\"Problemele financiare sting lumina la Vintil\u0103 Vod\u0103\">Problemele financiare sting lumina la Vintil\u0103 Vod\u0103<\/a><\/h3>\n<\/div>\n<\/div>\n<\/div>\n<div class=\"td-related-span4\">\n<div class=\"td_module_related_posts td-animation-stack td_mod_related_posts\">\n<div class=\"td-module-image\">\n<div class=\"td-module-thumb\"><a href=\"https:\/\/www.tvbuzau.ro\/soc-primaria-buzau-trasa-la-raspundere-vizavi-de-cartile-oferite-pentru-copii\/\" rel=\"bookmark\" title=\"\u015eoc, Prim\u0103ria Buz\u0103u tras\u0103 la r\u0103spundere vizavi de c\u0103r\u0163ile oferite pentru copii\"><img loading=\"lazy\" decoding=\"async\" width=\"218\" height=\"150\" class=\"entry-thumb\" src=\"https:\/\/www.tvbuzau.ro\/wp-content\/uploads\/2026\/08\/hqdefault-6-218x150.jpg\" alt title=\"\u015eoc, Prim\u0103ria Buz\u0103u tras\u0103 la r\u0103spundere vizavi de c\u0103r\u0163ile oferite pentru copii\"><span class=\"td-video-play-ico\"><img loading=\"lazy\" decoding=\"async\" width=\"40\" height=\"40\" class=\"td-retina\" src=\"https:\/\/www.tvbuzau.ro\/wp-content\/themes\/Newspaper\/images\/icons\/ico-video-large.png\" alt=\"video\"><\/span><\/a><\/div>\n<p><a href=\"https:\/\/www.tvbuzau.ro\/category\/actualitate\/\" class=\"td-post-category\">Actualitate<\/a><\/div>\n<div class=\"item-details\">\n<h3 class=\"entry-title td-module-title\"><a href=\"https:\/\/www.tvbuzau.ro\/soc-primaria-buzau-trasa-la-raspundere-vizavi-de-cartile-oferite-pentru-copii\/\" rel=\"bookmark\" title=\"\u015eoc, Prim\u0103ria Buz\u0103u tras\u0103 la r\u0103spundere vizavi de c\u0103r\u0163ile oferite pentru copii\">\u015eoc, Prim\u0103ria Buz\u0103u tras\u0103 la r\u0103spundere vizavi de c\u0103r\u0163ile oferite pentru copii<\/a><\/h3>\n<\/div>\n<\/div>\n<\/div>\n<\/div>\n<div class=\"td-related-row\">\n<div class=\"td-related-span4\">\n<div class=\"td_module_related_posts td-animation-stack td_mod_related_posts\">\n<div class=\"td-module-image\">\n<div class=\"td-module-thumb\"><a href=\"https:\/\/www.tvbuzau.ro\/ai-versus-pierderile-de-apa-din-sistem\/\" rel=\"bookmark\" title=\"AI versus pierderile de ap\u0103 din sistem\"><img loading=\"lazy\" decoding=\"async\" width=\"218\" height=\"150\" class=\"entry-thumb\" src=\"https:\/\/www.tvbuzau.ro\/wp-content\/uploads\/2026\/08\/sddefault-18-218x150.jpg\" alt title=\"AI versus pierderile de ap\u0103 din sistem\"><span class=\"td-video-play-ico\"><img loading=\"lazy\" decoding=\"async\" width=\"40\" height=\"40\" class=\"td-retina\" src=\"https:\/\/www.tvbuzau.ro\/wp-content\/themes\/Newspaper\/images\/icons\/ico-video-large.png\" alt=\"video\"><\/span><\/a><\/div>\n<p><a href=\"https:\/\/www.tvbuzau.ro\/category\/actualitate\/\" class=\"td-post-category\">Actualitate<\/a><\/div>\n<div class=\"item-details\">\n<h3 class=\"entry-title td-module-title\"><a href=\"https:\/\/www.tvbuzau.ro\/ai-versus-pierderile-de-apa-din-sistem\/\" rel=\"bookmark\" title=\"AI versus pierderile de ap\u0103 din sistem\">AI versus pierderile de ap\u0103 din sistem<\/a><\/h3>\n<\/div>\n<\/div>\n<\/div>\n<div class=\"td-related-span4\">\n<div class=\"td_module_related_posts td-animation-stack td_mod_related_posts\">\n<div class=\"td-module-image\">\n<div class=\"td-module-thumb\"><a href=\"https:\/\/www.tvbuzau.ro\/echipa-de-robotica-heart-of-robots-castigatoarea-bucharest-twin-cup-2026\/\" rel=\"bookmark\" title=\"Echipa de robotic\u0103 Heart of Robots, c\u00e2\u015ftig\u0103toarea Bucharest Twin Cup 2026\"><img loading=\"lazy\" decoding=\"async\" width=\"218\" height=\"150\" class=\"entry-thumb\" src=\"https:\/\/www.tvbuzau.ro\/wp-content\/uploads\/2026\/08\/sddefault-17-218x150.jpg\" alt title=\"Echipa de robotic\u0103 Heart of Robots, c\u00e2\u015ftig\u0103toarea Bucharest Twin Cup 2026\"><span class=\"td-video-play-ico\"><img loading=\"lazy\" decoding=\"async\" width=\"40\" height=\"40\" class=\"td-retina\" src=\"https:\/\/www.tvbuzau.ro\/wp-content\/themes\/Newspaper\/images\/icons\/ico-video-large.png\" alt=\"video\"><\/span><\/a><\/div>\n<p><a href=\"https:\/\/www.tvbuzau.ro\/category\/actualitate\/\" class=\"td-post-category\">Actualitate<\/a><\/div>\n<div class=\"item-details\">\n<h3 class=\"entry-title td-module-title\"><a href=\"https:\/\/www.tvbuzau.ro\/echipa-de-robotica-heart-of-robots-castigatoarea-bucharest-twin-cup-2026\/\" rel=\"bookmark\" title=\"Echipa de robotic\u0103 Heart of Robots, c\u00e2\u015ftig\u0103toarea Bucharest Twin Cup 2026\">Echipa de robotic\u0103 Heart of Robots, c\u00e2\u015ftig\u0103toarea Bucharest Twin Cup 2026<\/a><\/h3>\n<\/div>\n<\/div>\n<\/div>\n<div class=\"td-related-span4\">\n<div class=\"td_module_related_posts td-animation-stack td_mod_related_posts\">\n<div class=\"td-module-image\">\n<div class=\"td-module-thumb\"><a href=\"https:\/\/www.tvbuzau.ro\/ce-isi-doresc-consumatorii-de-la-o-tomata\/\" rel=\"bookmark\" title=\"Ce \u00ee\u0219i doresc consumatorii de la o tomat\u0103?\"><img loading=\"lazy\" decoding=\"async\" width=\"218\" height=\"150\" class=\"entry-thumb\" src=\"https:\/\/www.tvbuzau.ro\/wp-content\/uploads\/2026\/08\/sddefault-16-218x150.jpg\" alt title=\"Ce \u00ee\u0219i doresc consumatorii de la o tomat\u0103?\"><span class=\"td-video-play-ico\"><img loading=\"lazy\" decoding=\"async\" width=\"40\" height=\"40\" class=\"td-retina\" src=\"https:\/\/www.tvbuzau.ro\/wp-content\/themes\/Newspaper\/images\/icons\/ico-video-large.png\" alt=\"video\"><\/span><\/a><\/div>\n<p><a href=\"https:\/\/www.tvbuzau.ro\/category\/actualitate\/\" class=\"td-post-category\">Actualitate<\/a><\/div>\n<div class=\"item-details\">\n<h3 class=\"entry-title td-module-title\"><a href=\"https:\/\/www.tvbuzau.ro\/ce-isi-doresc-consumatorii-de-la-o-tomata\/\" rel=\"bookmark\" title=\"Ce \u00ee\u0219i doresc consumatorii de la o tomat\u0103?\">Ce \u00ee\u0219i doresc consumatorii de la o tomat\u0103?<\/a><\/h3>\n<\/div>\n<\/div>\n<\/div>\n<\/div>\n<\/div>\n<\/div>\n<div class=\"comments\" id=\"comments\">\n<div id=\"respond\" class=\"comment-respond\">\n<h3 id=\"reply-title\" class=\"comment-reply-title\">L\u0102SA\u021aI UN MESAJ <small><a rel=\"nofollow\" id=\"cancel-comment-reply-link\" href=\"https:\/\/www.tvbuzau.ro\/sanse-slabe-de-a-fi-deschis-in-aceasta-vara-aquapark-ul\/#respond\">Renun\u021ba\u021bi la r\u0103spuns<\/a><\/small><\/h3>\n<\/div>\n<\/div>\n<\/div>\n<div class=\"td-post-content\">\n<div class=\"td-featured-image-rec\">\n<div class=\"wpb_video_wrapper\">\n                    <iframe loading=\"lazy\" id=\"td_youtube_player\" width=\"600\" height=\"560\" src=\"https:\/\/www.youtube.com\/embed\/BIAk3dBHTGU?enablejsapi=1&amp;feature=oembed&amp;wmode=opaque&amp;vq=hd720\" frameborder allowfullscreen><\/iframe><\/p><\/div>\n<\/div>\n<p>Care sunt motivele invocate \u015fi c\u00e2nd ar putea s\u0103 se deschid\u0103<br \/>\nPrim\u0103ria Municipiului Buz\u0103u a anun\u0163at \u00een prima parte a acestui an c\u0103 cel mai probabil \u00eencep\u00e2nd cu data de 1 iunie 2026 Aquapark-ul din Parcul Tineretului va fi deschis pentru public. Termenul ini\u0163ial a fost am\u00e2nat iar recent conducerea administra\u0163iei locale a anun\u0163at c\u0103 proiectul continu\u0103, de\u015fi recunoa\u015fte \u00eent\u00e2rzierile.<br \/>\n\u00cent\u00e2rzierile s-au datorat anumitor probleme tehnice, a precizat primarul Constantin Toma. Chiar dac\u0103 lucr\u0103rile s-ar finaliza la jum\u0103tatea lunii august, termenul la care aquapark-ul s-ar deschide ar mai \u00eent\u00e2rzia.<br \/>\nInvesti\u0163ia dep\u0103\u015fe\u015fte 10 milioane de euro iar aquapark-ul, potrivit proiectului<br \/>\nva cuprinde o piscin\u0103 cu valuri, o piscin\u0103 cu ap\u0103 s\u0103rat\u0103, tobogane, piscine cu jocuri de ap\u0103, un lazy river de aproximativ 1000 de metri, jacuzzi, o piscin\u0103 pentru copii \u0219i alte facilit\u0103\u021bi.<\/p>\n<div class=\"post-views post-119957 entry-meta\"><span class=\"post-views-label\">Post Views: <\/span><span class=\"post-views-count\">202<\/span><\/div>\n<\/div>\n<p>[analyse_source url=&#8221;https:\/\/www.tvbuzau.ro\/sanse-slabe-de-a-fi-deschis-in-aceasta-vara-aquapark-ul\/&#8221;]<\/p>\n","protected":false},"excerpt":{"rendered":"<p>[analyse_image type=&#8221;featured&#8221; src=&#8221;https:\/\/www.tvbuzau.ro\/wp-content\/uploads\/2026\/08\/sddefault-19.jpghttps:\/\/www.tvbuzau.ro\/wp-content\/uploads\/2026\/08\/sddefault-19.jpg&#8221;] Actualitate \u015eanse slabe de a fi deschis \u00een aceast\u0103 var\u0103 Aquapark-ul De c\u0103tre TV Buz\u0103u &#8211; august 7, 2026 0 22 Distribui\u021bi pe Facebook Distribui\u021bi pe Twitter tweet Care sunt motivele invocate \u015fi c\u00e2nd ar putea s\u0103 se deschid\u0103 Prim\u0103ria Municipiului Buz\u0103u a anun\u0163at \u00een prima parte a acestui an c\u0103 cel [&hellip;]<\/p>\n","protected":false},"author":1,"featured_media":0,"comment_status":"open","ping_status":"","sticky":false,"template":"","format":"standard","meta":{"footnotes":""},"categories":[2],"tags":[226,116],"class_list":["post-2084462","post","type-post","status-publish","format-standard","hentry","category-politics","tag-crawlmanager","tag-tvbuzau-ro"],"_links":{"self":[{"href":"https:\/\/analyse.optim.biz\/index.php?rest_route=\/wp\/v2\/posts\/2084462","targetHints":{"allow":["GET"]}}],"collection":[{"href":"https:\/\/analyse.optim.biz\/index.php?rest_route=\/wp\/v2\/posts"}],"about":[{"href":"https:\/\/analyse.optim.biz\/index.php?rest_route=\/wp\/v2\/types\/post"}],"author":[{"embeddable":true,"href":"https:\/\/analyse.optim.biz\/index.php?rest_route=\/wp\/v2\/users\/1"}],"replies":[{"embeddable":true,"href":"https:\/\/analyse.optim.biz\/index.php?rest_route=%2Fwp%2Fv2%2Fcomments&post=2084462"}],"version-history":[{"count":0,"href":"https:\/\/analyse.optim.biz\/index.php?rest_route=\/wp\/v2\/posts\/2084462\/revisions"}],"wp:attachment":[{"href":"https:\/\/analyse.optim.biz\/index.php?rest_route=%2Fwp%2Fv2%2Fmedia&parent=2084462"}],"wp:term":[{"taxonomy":"category","embeddable":true,"href":"https:\/\/analyse.optim.biz\/index.php?rest_route=%2Fwp%2Fv2%2Fcategories&post=2084462"},{"taxonomy":"post_tag","embeddable":true,"href":"https:\/\/analyse.optim.biz\/index.php?rest_route=%2Fwp%2Fv2%2Ftags&post=2084462"}],"curies":[{"name":"wp","href":"https:\/\/api.w.org\/{rel}","templated":true}]}}