{"id":2084461,"date":"2026-08-07T20:09:34","date_gmt":"2026-08-07T17:09:34","guid":{"rendered":"https:\/\/analyse.optim.biz\/?p=2084461"},"modified":"2026-08-07T20:09:34","modified_gmt":"2026-08-07T17:09:34","slug":"soc-primaria-buzau-trasa-la-raspundere-vizavi-de-cartile-oferite-pentru-copii","status":"publish","type":"post","link":"https:\/\/analyse.optim.biz\/?p=2084461","title":{"rendered":"\u015eoc, Prim\u0103ria Buz\u0103u tras\u0103 la r\u0103spundere vizavi de c\u0103r\u0163ile oferite pentru copii"},"content":{"rendered":"<p>[analyse_image type=&#8221;featured&#8221; src=&#8221;https:\/\/www.tvbuzau.ro\/wp-content\/uploads\/2026\/08\/hqdefault-6.jpghttps:\/\/www.tvbuzau.ro\/wp-content\/uploads\/2026\/08\/hqdefault-6.jpg&#8221;]<\/p>\n<div class=\"td-ss-main-content\">\n<article id=\"post-119954\" class=\"post-119954 post type-post status-publish format-video has-post-thumbnail hentry category-actualitate post_format-post-format-video\">\n<div class=\"td-post-header\">\n<ul class=\"td-category\">\n<li class=\"entry-category\"><a href=\"https:\/\/www.tvbuzau.ro\/category\/actualitate\/\">Actualitate<\/a><\/li>\n<\/ul>\n<header class=\"td-post-title\">\n<h1 class=\"entry-title\">\u015eoc, Prim\u0103ria Buz\u0103u tras\u0103 la r\u0103spundere vizavi de c\u0103r\u0163ile oferite pentru copii<\/h1>\n<div class=\"td-module-meta-info\">\n<div class=\"td-post-author-name\">De c\u0103tre <a href=\"https:\/\/www.tvbuzau.ro\/author\/mihai-vasilescu\/\">TV Buz\u0103u<\/a> &#8211; <\/div>\n<p><span class=\"td-post-date\"><time class=\"entry-date updated td-module-date\" datetime=\"2026-08-07T20:09:34+00:00\">august 7, 2026<\/time><\/span><\/p>\n<div class=\"td-post-comments\"><a href=\"https:\/\/www.tvbuzau.ro\/soc-primaria-buzau-trasa-la-raspundere-vizavi-de-cartile-oferite-pentru-copii\/#respond\">0<\/a><\/div>\n<div class=\"td-post-views\"><span class=\"td-nr-views-119954\">15<\/span><\/div>\n<\/div>\n<\/header>\n<\/div>\n<div class=\"td-post-sharing td-post-sharing-top td-with-like\">\n<div class=\"td-default-sharing\"><a class=\"td-social-sharing-buttons td-social-facebook\" href=\"http:\/\/www.facebook.com\/sharer.php?u=https%3A%2F%2Fwww.tvbuzau.ro%2Fsoc-primaria-buzau-trasa-la-raspundere-vizavi-de-cartile-oferite-pentru-copii%2F\"><\/p>\n<div class=\"td-social-but-text\">Distribui\u021bi pe Facebook<\/div>\n<p><\/a><a class=\"td-social-sharing-buttons td-social-twitter\" href=\"https:\/\/twitter.com\/intent\/tweet?text=%C5%9Eoc%2C+Prim%C4%83ria+Buz%C4%83u+tras%C4%83+la+r%C4%83spundere+vizavi+de+c%C4%83r%C5%A3ile+oferite+pentru+copii&amp;url=https%3A%2F%2Fwww.tvbuzau.ro%2Fsoc-primaria-buzau-trasa-la-raspundere-vizavi-de-cartile-oferite-pentru-copii%2F&amp;via=TV+Buz%C4%83u\"><\/p>\n<div class=\"td-social-but-text\">Distribui\u021bi pe Twitter<\/div>\n<p><\/a><\/div>\n<div class=\"td-classic-sharing\">\n<ul>\n<li class=\"td-classic-facebook\"><iframe frameborder src=\"https:\/\/www.facebook.com\/plugins\/like.php?href=https:\/\/www.tvbuzau.ro\/soc-primaria-buzau-trasa-la-raspundere-vizavi-de-cartile-oferite-pentru-copii\/&amp;layout=button_count&amp;show_faces=false&amp;width=105&amp;action=like&amp;colorscheme=light&amp;height=21\"><\/iframe><\/li>\n<li class=\"td-classic-twitter\"><a href=\"https:\/\/twitter.com\/share\" class=\"twitter-share-button\" data-url=\"https:\/\/www.tvbuzau.ro\/soc-primaria-buzau-trasa-la-raspundere-vizavi-de-cartile-oferite-pentru-copii\/\" data-text=\"\u015eoc, Prim\u0103ria Buz\u0103u tras\u0103 la r\u0103spundere vizavi de c\u0103r\u0163ile oferite pentru copii\" data-via data-lang=\"en\">tweet<\/a><\/li>\n<\/ul>\n<\/div>\n<\/div>\n<div class=\"td-post-content\">\n<div class=\"td-featured-image-rec\">\n<div class=\"wpb_video_wrapper\">\n                    <iframe loading=\"lazy\" id=\"td_youtube_player\" width=\"600\" height=\"560\" src=\"https:\/\/www.youtube.com\/embed\/yfUMr4GeiZU?enablejsapi=1&amp;feature=oembed&amp;wmode=opaque&amp;vq=hd720\" frameborder allowfullscreen><\/iframe><\/p><\/div>\n<\/div>\n<p>Ce spune primarul Constantin Toma<br \/>\n\u00cen ultimii ani, Prim\u0103ria Municipiului Buz\u0103u a oferit c\u0103r\u021bi gratuit elevilor \u00een cadrul proiectului educa\u021bional \u201eBuz\u0103ul cite\u0219te\u201d, at\u00e2t la finalul anului \u0219colar, \u00een luna iunie, pentru vacan\u021ba de var\u0103, c\u00e2t \u015fi \u00een debutul anului \u0219colar, \u00een luna septembrie. Al\u0103turi de c\u0103r\u0163i, administra\u0163ia a oferit elevilor \u015fi ghiozdanele cu rechizite pentru ciclul primar. Proiectul va continua \u015fi \u00een luna septembrie a acestui an, \u00eens\u0103 prim\u0103ria ar fi fost tras\u0103 la r\u0103spundere de c\u0103tre un consilier cu privire c\u0103r\u0163ile oferite.<br \/>\nPrimarul municipiului a subliniat \u00een plus c\u0103 alesul local a solicitat prin cererea sa incusiv titlurile c\u0103r\u0163ilor date elevilor.<br \/>\n\u00cen anul 2025, Prim\u0103ria municipiului Buz\u0103u a alocat 2,3 milioane de lei pentru a oferi ghiozdane \u0219i rechizite \u00een prima zi de \u0219coal\u0103 elevilor din nivelurile de \u00eenv\u0103\u021b\u0103m\u00e2nt pre\u0219colar, primar \u0219i gimnazial, programul desf\u0103\u0219ur\u00e2du-se \u00een paralel cu un altul prin intermediul c\u0103ruia 20.000 de copii au primit c\u0103r\u021bi de lectur\u0103 scrise de autori rom\u00e2ni \u0219i str\u0103ini.<\/p>\n<div class=\"post-views post-119954 entry-meta\"><span class=\"post-views-label\">Post Views: <\/span><span class=\"post-views-count\">181<\/span><\/div>\n<\/div>\n<footer>\n<div class=\"td-post-sharing td-post-sharing-bottom td-with-like\"><span class=\"td-post-share-title\">DISTRIBUI\u021aI<\/span><\/p>\n<div class=\"td-default-sharing\"><a class=\"td-social-sharing-buttons td-social-facebook\" href=\"http:\/\/www.facebook.com\/sharer.php?u=https%3A%2F%2Fwww.tvbuzau.ro%2Fsoc-primaria-buzau-trasa-la-raspundere-vizavi-de-cartile-oferite-pentru-copii%2F\"><\/p>\n<div class=\"td-social-but-text\">Facebook<\/div>\n<p><\/a><a class=\"td-social-sharing-buttons td-social-twitter\" href=\"https:\/\/twitter.com\/intent\/tweet?text=%C5%9Eoc%2C+Prim%C4%83ria+Buz%C4%83u+tras%C4%83+la+r%C4%83spundere+vizavi+de+c%C4%83r%C5%A3ile+oferite+pentru+copii&amp;url=https%3A%2F%2Fwww.tvbuzau.ro%2Fsoc-primaria-buzau-trasa-la-raspundere-vizavi-de-cartile-oferite-pentru-copii%2F&amp;via=TV+Buz%C4%83u\"><\/p>\n<div class=\"td-social-but-text\">Twitter<\/div>\n<p><\/a><\/div>\n<div class=\"td-classic-sharing\">\n<ul>\n<li class=\"td-classic-facebook\"><iframe frameborder src=\"https:\/\/www.facebook.com\/plugins\/like.php?href=https:\/\/www.tvbuzau.ro\/soc-primaria-buzau-trasa-la-raspundere-vizavi-de-cartile-oferite-pentru-copii\/&amp;layout=button_count&amp;show_faces=false&amp;width=105&amp;action=like&amp;colorscheme=light&amp;height=21\"><\/iframe><\/li>\n<li class=\"td-classic-twitter\"><a href=\"https:\/\/twitter.com\/share\" class=\"twitter-share-button\" data-url=\"https:\/\/www.tvbuzau.ro\/soc-primaria-buzau-trasa-la-raspundere-vizavi-de-cartile-oferite-pentru-copii\/\" data-text=\"\u015eoc, Prim\u0103ria Buz\u0103u tras\u0103 la r\u0103spundere vizavi de c\u0103r\u0163ile oferite pentru copii\" data-via data-lang=\"en\">tweet<\/a><\/li>\n<\/ul>\n<\/div>\n<\/div>\n<div class=\"td-author-name vcard author\"><span class=\"fn\"><a href=\"https:\/\/www.tvbuzau.ro\/author\/mihai-vasilescu\/\">TV Buz\u0103u<\/a><\/span><\/div>\n<p><span><\/span><span><span><\/span><\/span><span><\/span><\/footer>\n<\/article>\n<div class=\"td_block_wrap td_block_related_posts td_uid_1_6a78024ccbf46_rand td_with_ajax_pagination td-pb-border-top\" data-td-block-uid=\"td_uid_1_6a78024ccbf46\">\n<h4 class=\"td-related-title\"><a id=\"td_uid_2_6a78024cd21e4\" class=\"td-related-left td-cur-simple-item\" data-td_filter_value data-td_block_id=\"td_uid_1_6a78024ccbf46\" href=\"https:\/\/www.tvbuzau.ro\/soc-primaria-buzau-trasa-la-raspundere-vizavi-de-cartile-oferite-pentru-copii\/\">ARTICOLE SIMILARE<\/a><a id=\"td_uid_3_6a78024cd221e\" class=\"td-related-right\" data-td_filter_value=\"td_related_more_from_author\" data-td_block_id=\"td_uid_1_6a78024ccbf46\" href=\"https:\/\/www.tvbuzau.ro\/soc-primaria-buzau-trasa-la-raspundere-vizavi-de-cartile-oferite-pentru-copii\/\">DE LA ACELA\u0218I AUTOR<\/a><\/h4>\n<div id=\"td_uid_1_6a78024ccbf46\" class=\"td_block_inner\">\n<div class=\"td-related-row\">\n<div class=\"td-related-span4\">\n<div class=\"td_module_related_posts td-animation-stack td_mod_related_posts\">\n<div class=\"td-module-image\">\n<div class=\"td-module-thumb\"><a href=\"https:\/\/www.tvbuzau.ro\/cercetati-pentru-trafic-de-droguri-de-mare-risc-3\/\" rel=\"bookmark\" title=\"Cerceta\u021bi pentru trafic de droguri de mare risc\"><img loading=\"lazy\" decoding=\"async\" width=\"218\" height=\"150\" class=\"entry-thumb\" src=\"https:\/\/www.tvbuzau.ro\/wp-content\/uploads\/2026\/08\/hqdefault-8-218x150.jpg\" alt title=\"Cerceta\u021bi pentru trafic de droguri de mare risc\"><span class=\"td-video-play-ico\"><img loading=\"lazy\" decoding=\"async\" width=\"40\" height=\"40\" class=\"td-retina\" src=\"https:\/\/www.tvbuzau.ro\/wp-content\/themes\/Newspaper\/images\/icons\/ico-video-large.png\" alt=\"video\"><\/span><\/a><\/div>\n<p><a href=\"https:\/\/www.tvbuzau.ro\/category\/actualitate\/\" class=\"td-post-category\">Actualitate<\/a><\/div>\n<div class=\"item-details\">\n<h3 class=\"entry-title td-module-title\"><a href=\"https:\/\/www.tvbuzau.ro\/cercetati-pentru-trafic-de-droguri-de-mare-risc-3\/\" rel=\"bookmark\" title=\"Cerceta\u021bi pentru trafic de droguri de mare risc\">Cerceta\u021bi pentru trafic de droguri de mare risc<\/a><\/h3>\n<\/div>\n<\/div>\n<\/div>\n<div class=\"td-related-span4\">\n<div class=\"td_module_related_posts td-animation-stack td_mod_related_posts\">\n<div class=\"td-module-image\">\n<div class=\"td-module-thumb\"><a href=\"https:\/\/www.tvbuzau.ro\/problemele-financiare-sting-lumina-la-vintila-voda\/\" rel=\"bookmark\" title=\"Problemele financiare sting lumina la Vintil\u0103 Vod\u0103\"><img loading=\"lazy\" decoding=\"async\" width=\"218\" height=\"150\" class=\"entry-thumb\" src=\"https:\/\/www.tvbuzau.ro\/wp-content\/uploads\/2026\/08\/hqdefault-7-218x150.jpg\" alt title=\"Problemele financiare sting lumina la Vintil\u0103 Vod\u0103\"><span class=\"td-video-play-ico\"><img loading=\"lazy\" decoding=\"async\" width=\"40\" height=\"40\" class=\"td-retina\" src=\"https:\/\/www.tvbuzau.ro\/wp-content\/themes\/Newspaper\/images\/icons\/ico-video-large.png\" alt=\"video\"><\/span><\/a><\/div>\n<p><a href=\"https:\/\/www.tvbuzau.ro\/category\/actualitate\/\" class=\"td-post-category\">Actualitate<\/a><\/div>\n<div class=\"item-details\">\n<h3 class=\"entry-title td-module-title\"><a href=\"https:\/\/www.tvbuzau.ro\/problemele-financiare-sting-lumina-la-vintila-voda\/\" rel=\"bookmark\" title=\"Problemele financiare sting lumina la Vintil\u0103 Vod\u0103\">Problemele financiare sting lumina la Vintil\u0103 Vod\u0103<\/a><\/h3>\n<\/div>\n<\/div>\n<\/div>\n<div class=\"td-related-span4\">\n<div class=\"td_module_related_posts td-animation-stack td_mod_related_posts\">\n<div class=\"td-module-image\">\n<div class=\"td-module-thumb\"><a href=\"https:\/\/www.tvbuzau.ro\/sanse-slabe-de-a-fi-deschis-in-aceasta-vara-aquapark-ul\/\" rel=\"bookmark\" title=\"\u015eanse slabe de a fi deschis \u00een aceast\u0103 var\u0103 Aquapark-ul\"><img loading=\"lazy\" decoding=\"async\" width=\"218\" height=\"150\" class=\"entry-thumb\" src=\"https:\/\/www.tvbuzau.ro\/wp-content\/uploads\/2026\/08\/sddefault-19-218x150.jpg\" alt title=\"\u015eanse slabe de a fi deschis \u00een aceast\u0103 var\u0103 Aquapark-ul\"><span class=\"td-video-play-ico\"><img loading=\"lazy\" decoding=\"async\" width=\"40\" height=\"40\" class=\"td-retina\" src=\"https:\/\/www.tvbuzau.ro\/wp-content\/themes\/Newspaper\/images\/icons\/ico-video-large.png\" alt=\"video\"><\/span><\/a><\/div>\n<p><a href=\"https:\/\/www.tvbuzau.ro\/category\/actualitate\/\" class=\"td-post-category\">Actualitate<\/a><\/div>\n<div class=\"item-details\">\n<h3 class=\"entry-title td-module-title\"><a href=\"https:\/\/www.tvbuzau.ro\/sanse-slabe-de-a-fi-deschis-in-aceasta-vara-aquapark-ul\/\" rel=\"bookmark\" title=\"\u015eanse slabe de a fi deschis \u00een aceast\u0103 var\u0103 Aquapark-ul\">\u015eanse slabe de a fi deschis \u00een aceast\u0103 var\u0103 Aquapark-ul<\/a><\/h3>\n<\/div>\n<\/div>\n<\/div>\n<\/div>\n<div class=\"td-related-row\">\n<div class=\"td-related-span4\">\n<div class=\"td_module_related_posts td-animation-stack td_mod_related_posts\">\n<div class=\"td-module-image\">\n<div class=\"td-module-thumb\"><a href=\"https:\/\/www.tvbuzau.ro\/ai-versus-pierderile-de-apa-din-sistem\/\" rel=\"bookmark\" title=\"AI versus pierderile de ap\u0103 din sistem\"><img loading=\"lazy\" decoding=\"async\" width=\"218\" height=\"150\" class=\"entry-thumb\" src=\"https:\/\/www.tvbuzau.ro\/wp-content\/uploads\/2026\/08\/sddefault-18-218x150.jpg\" alt title=\"AI versus pierderile de ap\u0103 din sistem\"><span class=\"td-video-play-ico\"><img loading=\"lazy\" decoding=\"async\" width=\"40\" height=\"40\" class=\"td-retina\" src=\"https:\/\/www.tvbuzau.ro\/wp-content\/themes\/Newspaper\/images\/icons\/ico-video-large.png\" alt=\"video\"><\/span><\/a><\/div>\n<p><a href=\"https:\/\/www.tvbuzau.ro\/category\/actualitate\/\" class=\"td-post-category\">Actualitate<\/a><\/div>\n<div class=\"item-details\">\n<h3 class=\"entry-title td-module-title\"><a href=\"https:\/\/www.tvbuzau.ro\/ai-versus-pierderile-de-apa-din-sistem\/\" rel=\"bookmark\" title=\"AI versus pierderile de ap\u0103 din sistem\">AI versus pierderile de ap\u0103 din sistem<\/a><\/h3>\n<\/div>\n<\/div>\n<\/div>\n<div class=\"td-related-span4\">\n<div class=\"td_module_related_posts td-animation-stack td_mod_related_posts\">\n<div class=\"td-module-image\">\n<div class=\"td-module-thumb\"><a href=\"https:\/\/www.tvbuzau.ro\/echipa-de-robotica-heart-of-robots-castigatoarea-bucharest-twin-cup-2026\/\" rel=\"bookmark\" title=\"Echipa de robotic\u0103 Heart of Robots, c\u00e2\u015ftig\u0103toarea Bucharest Twin Cup 2026\"><img loading=\"lazy\" decoding=\"async\" width=\"218\" height=\"150\" class=\"entry-thumb\" src=\"https:\/\/www.tvbuzau.ro\/wp-content\/uploads\/2026\/08\/sddefault-17-218x150.jpg\" alt title=\"Echipa de robotic\u0103 Heart of Robots, c\u00e2\u015ftig\u0103toarea Bucharest Twin Cup 2026\"><span class=\"td-video-play-ico\"><img loading=\"lazy\" decoding=\"async\" width=\"40\" height=\"40\" class=\"td-retina\" src=\"https:\/\/www.tvbuzau.ro\/wp-content\/themes\/Newspaper\/images\/icons\/ico-video-large.png\" alt=\"video\"><\/span><\/a><\/div>\n<p><a href=\"https:\/\/www.tvbuzau.ro\/category\/actualitate\/\" class=\"td-post-category\">Actualitate<\/a><\/div>\n<div class=\"item-details\">\n<h3 class=\"entry-title td-module-title\"><a href=\"https:\/\/www.tvbuzau.ro\/echipa-de-robotica-heart-of-robots-castigatoarea-bucharest-twin-cup-2026\/\" rel=\"bookmark\" title=\"Echipa de robotic\u0103 Heart of Robots, c\u00e2\u015ftig\u0103toarea Bucharest Twin Cup 2026\">Echipa de robotic\u0103 Heart of Robots, c\u00e2\u015ftig\u0103toarea Bucharest Twin Cup 2026<\/a><\/h3>\n<\/div>\n<\/div>\n<\/div>\n<div class=\"td-related-span4\">\n<div class=\"td_module_related_posts td-animation-stack td_mod_related_posts\">\n<div class=\"td-module-image\">\n<div class=\"td-module-thumb\"><a href=\"https:\/\/www.tvbuzau.ro\/ce-isi-doresc-consumatorii-de-la-o-tomata\/\" rel=\"bookmark\" title=\"Ce \u00ee\u0219i doresc consumatorii de la o tomat\u0103?\"><img loading=\"lazy\" decoding=\"async\" width=\"218\" height=\"150\" class=\"entry-thumb\" src=\"https:\/\/www.tvbuzau.ro\/wp-content\/uploads\/2026\/08\/sddefault-16-218x150.jpg\" alt title=\"Ce \u00ee\u0219i doresc consumatorii de la o tomat\u0103?\"><span class=\"td-video-play-ico\"><img loading=\"lazy\" decoding=\"async\" width=\"40\" height=\"40\" class=\"td-retina\" src=\"https:\/\/www.tvbuzau.ro\/wp-content\/themes\/Newspaper\/images\/icons\/ico-video-large.png\" alt=\"video\"><\/span><\/a><\/div>\n<p><a href=\"https:\/\/www.tvbuzau.ro\/category\/actualitate\/\" class=\"td-post-category\">Actualitate<\/a><\/div>\n<div class=\"item-details\">\n<h3 class=\"entry-title td-module-title\"><a href=\"https:\/\/www.tvbuzau.ro\/ce-isi-doresc-consumatorii-de-la-o-tomata\/\" rel=\"bookmark\" title=\"Ce \u00ee\u0219i doresc consumatorii de la o tomat\u0103?\">Ce \u00ee\u0219i doresc consumatorii de la o tomat\u0103?<\/a><\/h3>\n<\/div>\n<\/div>\n<\/div>\n<\/div>\n<\/div>\n<\/div>\n<div class=\"comments\" id=\"comments\">\n<div id=\"respond\" class=\"comment-respond\">\n<h3 id=\"reply-title\" class=\"comment-reply-title\">L\u0102SA\u021aI UN MESAJ <small><a rel=\"nofollow\" id=\"cancel-comment-reply-link\" href=\"https:\/\/www.tvbuzau.ro\/soc-primaria-buzau-trasa-la-raspundere-vizavi-de-cartile-oferite-pentru-copii\/#respond\">Renun\u021ba\u021bi la r\u0103spuns<\/a><\/small><\/h3>\n<\/div>\n<\/div>\n<\/div>\n<div class=\"td-post-content\">\n<div class=\"td-featured-image-rec\">\n<div class=\"wpb_video_wrapper\">\n                    <iframe loading=\"lazy\" id=\"td_youtube_player\" width=\"600\" height=\"560\" src=\"https:\/\/www.youtube.com\/embed\/yfUMr4GeiZU?enablejsapi=1&amp;feature=oembed&amp;wmode=opaque&amp;vq=hd720\" frameborder allowfullscreen><\/iframe><\/p><\/div>\n<\/div>\n<p>Ce spune primarul Constantin Toma<br \/>\n\u00cen ultimii ani, Prim\u0103ria Municipiului Buz\u0103u a oferit c\u0103r\u021bi gratuit elevilor \u00een cadrul proiectului educa\u021bional \u201eBuz\u0103ul cite\u0219te\u201d, at\u00e2t la finalul anului \u0219colar, \u00een luna iunie, pentru vacan\u021ba de var\u0103, c\u00e2t \u015fi \u00een debutul anului \u0219colar, \u00een luna septembrie. Al\u0103turi de c\u0103r\u0163i, administra\u0163ia a oferit elevilor \u015fi ghiozdanele cu rechizite pentru ciclul primar. Proiectul va continua \u015fi \u00een luna septembrie a acestui an, \u00eens\u0103 prim\u0103ria ar fi fost tras\u0103 la r\u0103spundere de c\u0103tre un consilier cu privire c\u0103r\u0163ile oferite.<br \/>\nPrimarul municipiului a subliniat \u00een plus c\u0103 alesul local a solicitat prin cererea sa incusiv titlurile c\u0103r\u0163ilor date elevilor.<br \/>\n\u00cen anul 2025, Prim\u0103ria municipiului Buz\u0103u a alocat 2,3 milioane de lei pentru a oferi ghiozdane \u0219i rechizite \u00een prima zi de \u0219coal\u0103 elevilor din nivelurile de \u00eenv\u0103\u021b\u0103m\u00e2nt pre\u0219colar, primar \u0219i gimnazial, programul desf\u0103\u0219ur\u00e2du-se \u00een paralel cu un altul prin intermediul c\u0103ruia 20.000 de copii au primit c\u0103r\u021bi de lectur\u0103 scrise de autori rom\u00e2ni \u0219i str\u0103ini.<\/p>\n<div class=\"post-views post-119954 entry-meta\"><span class=\"post-views-label\">Post Views: <\/span><span class=\"post-views-count\">181<\/span><\/div>\n<\/div>\n<p>[analyse_source url=&#8221;https:\/\/www.tvbuzau.ro\/soc-primaria-buzau-trasa-la-raspundere-vizavi-de-cartile-oferite-pentru-copii\/&#8221;]<\/p>\n","protected":false},"excerpt":{"rendered":"<p>[analyse_image type=&#8221;featured&#8221; src=&#8221;https:\/\/www.tvbuzau.ro\/wp-content\/uploads\/2026\/08\/hqdefault-6.jpghttps:\/\/www.tvbuzau.ro\/wp-content\/uploads\/2026\/08\/hqdefault-6.jpg&#8221;] Actualitate \u015eoc, Prim\u0103ria Buz\u0103u tras\u0103 la r\u0103spundere vizavi de c\u0103r\u0163ile oferite pentru copii De c\u0103tre TV Buz\u0103u &#8211; august 7, 2026 0 15 Distribui\u021bi pe Facebook Distribui\u021bi pe Twitter tweet Ce spune primarul Constantin Toma \u00cen ultimii ani, Prim\u0103ria Municipiului Buz\u0103u a oferit c\u0103r\u021bi gratuit elevilor \u00een cadrul proiectului educa\u021bional \u201eBuz\u0103ul cite\u0219te\u201d, [&hellip;]<\/p>\n","protected":false},"author":1,"featured_media":0,"comment_status":"open","ping_status":"","sticky":false,"template":"","format":"standard","meta":{"footnotes":""},"categories":[2],"tags":[226,116],"class_list":["post-2084461","post","type-post","status-publish","format-standard","hentry","category-politics","tag-crawlmanager","tag-tvbuzau-ro"],"_links":{"self":[{"href":"https:\/\/analyse.optim.biz\/index.php?rest_route=\/wp\/v2\/posts\/2084461","targetHints":{"allow":["GET"]}}],"collection":[{"href":"https:\/\/analyse.optim.biz\/index.php?rest_route=\/wp\/v2\/posts"}],"about":[{"href":"https:\/\/analyse.optim.biz\/index.php?rest_route=\/wp\/v2\/types\/post"}],"author":[{"embeddable":true,"href":"https:\/\/analyse.optim.biz\/index.php?rest_route=\/wp\/v2\/users\/1"}],"replies":[{"embeddable":true,"href":"https:\/\/analyse.optim.biz\/index.php?rest_route=%2Fwp%2Fv2%2Fcomments&post=2084461"}],"version-history":[{"count":0,"href":"https:\/\/analyse.optim.biz\/index.php?rest_route=\/wp\/v2\/posts\/2084461\/revisions"}],"wp:attachment":[{"href":"https:\/\/analyse.optim.biz\/index.php?rest_route=%2Fwp%2Fv2%2Fmedia&parent=2084461"}],"wp:term":[{"taxonomy":"category","embeddable":true,"href":"https:\/\/analyse.optim.biz\/index.php?rest_route=%2Fwp%2Fv2%2Fcategories&post=2084461"},{"taxonomy":"post_tag","embeddable":true,"href":"https:\/\/analyse.optim.biz\/index.php?rest_route=%2Fwp%2Fv2%2Ftags&post=2084461"}],"curies":[{"name":"wp","href":"https:\/\/api.w.org\/{rel}","templated":true}]}}