{"id":2084459,"date":"2026-08-07T20:13:50","date_gmt":"2026-08-07T17:13:50","guid":{"rendered":"https:\/\/analyse.optim.biz\/?p=2084459"},"modified":"2026-08-07T20:13:50","modified_gmt":"2026-08-07T17:13:50","slug":"problemele-financiare-sting-lumina-la-vintila-voda","status":"publish","type":"post","link":"https:\/\/analyse.optim.biz\/?p=2084459","title":{"rendered":"Problemele financiare sting lumina la Vintil\u0103 Vod\u0103"},"content":{"rendered":"<p>[analyse_image type=&#8221;featured&#8221; src=&#8221;https:\/\/www.tvbuzau.ro\/wp-content\/uploads\/2026\/08\/hqdefault-7.jpghttps:\/\/www.tvbuzau.ro\/wp-content\/uploads\/2026\/08\/hqdefault-7.jpg&#8221;]<\/p>\n<div class=\"td-ss-main-content\">\n<article id=\"post-119960\" class=\"post-119960 post type-post status-publish format-video has-post-thumbnail hentry category-actualitate post_format-post-format-video\">\n<div class=\"td-post-header\">\n<ul class=\"td-category\">\n<li class=\"entry-category\"><a href=\"https:\/\/www.tvbuzau.ro\/category\/actualitate\/\">Actualitate<\/a><\/li>\n<\/ul>\n<header class=\"td-post-title\">\n<h1 class=\"entry-title\">Problemele financiare sting lumina la Vintil\u0103 Vod\u0103<\/h1>\n<div class=\"td-module-meta-info\">\n<div class=\"td-post-author-name\">De c\u0103tre <a href=\"https:\/\/www.tvbuzau.ro\/author\/mihai-vasilescu\/\">TV Buz\u0103u<\/a> &#8211; <\/div>\n<p><span class=\"td-post-date\"><time class=\"entry-date updated td-module-date\" datetime=\"2026-08-07T20:13:50+00:00\">august 7, 2026<\/time><\/span><\/p>\n<div class=\"td-post-comments\"><a href=\"https:\/\/www.tvbuzau.ro\/problemele-financiare-sting-lumina-la-vintila-voda\/#respond\">0<\/a><\/div>\n<div class=\"td-post-views\"><span class=\"td-nr-views-119960\">15<\/span><\/div>\n<\/div>\n<\/header>\n<\/div>\n<div class=\"td-post-sharing td-post-sharing-top td-with-like\">\n<div class=\"td-default-sharing\"><a class=\"td-social-sharing-buttons td-social-facebook\" href=\"http:\/\/www.facebook.com\/sharer.php?u=https%3A%2F%2Fwww.tvbuzau.ro%2Fproblemele-financiare-sting-lumina-la-vintila-voda%2F\"><\/p>\n<div class=\"td-social-but-text\">Distribui\u021bi pe Facebook<\/div>\n<p><\/a><a class=\"td-social-sharing-buttons td-social-twitter\" href=\"https:\/\/twitter.com\/intent\/tweet?text=Problemele+financiare+sting+lumina+la+Vintil%C4%83+Vod%C4%83&amp;url=https%3A%2F%2Fwww.tvbuzau.ro%2Fproblemele-financiare-sting-lumina-la-vintila-voda%2F&amp;via=TV+Buz%C4%83u\"><\/p>\n<div class=\"td-social-but-text\">Distribui\u021bi pe Twitter<\/div>\n<p><\/a><\/div>\n<div class=\"td-classic-sharing\">\n<ul>\n<li class=\"td-classic-facebook\"><iframe frameborder src=\"https:\/\/www.facebook.com\/plugins\/like.php?href=https:\/\/www.tvbuzau.ro\/problemele-financiare-sting-lumina-la-vintila-voda\/&amp;layout=button_count&amp;show_faces=false&amp;width=105&amp;action=like&amp;colorscheme=light&amp;height=21\"><\/iframe><\/li>\n<li class=\"td-classic-twitter\"><a href=\"https:\/\/twitter.com\/share\" class=\"twitter-share-button\" data-url=\"https:\/\/www.tvbuzau.ro\/problemele-financiare-sting-lumina-la-vintila-voda\/\" data-text=\"Problemele financiare sting lumina la Vintil\u0103 Vod\u0103\" data-via data-lang=\"en\">tweet<\/a><\/li>\n<\/ul>\n<\/div>\n<\/div>\n<div class=\"td-post-content\">\n<div class=\"td-featured-image-rec\">\n<div class=\"wpb_video_wrapper\">\n                    <iframe loading=\"lazy\" id=\"td_youtube_player\" width=\"600\" height=\"560\" src=\"https:\/\/www.youtube.com\/embed\/3MEjd7vkglI?enablejsapi=1&amp;feature=oembed&amp;wmode=opaque&amp;vq=hd720\" frameborder allowfullscreen><\/iframe><\/p><\/div>\n<\/div>\n<p>M\u0103sura pe termen neimitat, p\u00e2n\u0103 la rezolvarea problemelor financiare<br \/>\n\u00cen comuna Vintil\u0103 Vod\u0103 din jude\u021bul Buz\u0103u, prim\u0103ria a decis s\u0103 opreasc\u0103 iluminatul public pentru a reduce cheltuielile. M\u0103sura \u00eei \u00eengrijoreaz\u0103 \u00eens\u0103 pe localnici, mai ales c\u0103 zona este cunoscut\u0103 pentru apari\u021biile frecvente ale ur\u0219ilor.<br \/>\nReprezentan\u021bii administra\u021biei locale spun c\u0103 este o m\u0103sur\u0103 de avarie, necesar\u0103 pentru a putea men\u021bine func\u021bionarea celorlalte servicii publice esen\u021biale \u0219i pentru a p\u0103stra echilibrul bugetului local.<br \/>\nComuna Vintil\u0103 Vod\u0103 se afl\u0103 \u00eentr-o zon\u0103 \u00een care ur\u0219ii sunt v\u0103zu\u021bi frecvent, iar lipsa iluminatului public amplific\u0103 temerile c\u0103 animalele s\u0103lbatice ar putea ajunge mai u\u0219or \u00een apropierea gospod\u0103riilor.<br \/>\nM\u0103sura va r\u0103m\u00e2ne \u00een vigoare p\u00e2n\u0103 c\u00e2nd situa\u021bia financiar\u0103 a comunei se va \u00eembun\u0103t\u0103\u021bi.<\/p>\n<div class=\"post-views post-119960 entry-meta\"><span class=\"post-views-label\">Post Views: <\/span><span class=\"post-views-count\">188<\/span><\/div>\n<\/div>\n<footer>\n<div class=\"td-post-sharing td-post-sharing-bottom td-with-like\"><span class=\"td-post-share-title\">DISTRIBUI\u021aI<\/span><\/p>\n<div class=\"td-default-sharing\"><a class=\"td-social-sharing-buttons td-social-facebook\" href=\"http:\/\/www.facebook.com\/sharer.php?u=https%3A%2F%2Fwww.tvbuzau.ro%2Fproblemele-financiare-sting-lumina-la-vintila-voda%2F\"><\/p>\n<div class=\"td-social-but-text\">Facebook<\/div>\n<p><\/a><a class=\"td-social-sharing-buttons td-social-twitter\" href=\"https:\/\/twitter.com\/intent\/tweet?text=Problemele+financiare+sting+lumina+la+Vintil%C4%83+Vod%C4%83&amp;url=https%3A%2F%2Fwww.tvbuzau.ro%2Fproblemele-financiare-sting-lumina-la-vintila-voda%2F&amp;via=TV+Buz%C4%83u\"><\/p>\n<div class=\"td-social-but-text\">Twitter<\/div>\n<p><\/a><\/div>\n<div class=\"td-classic-sharing\">\n<ul>\n<li class=\"td-classic-facebook\"><iframe frameborder src=\"https:\/\/www.facebook.com\/plugins\/like.php?href=https:\/\/www.tvbuzau.ro\/problemele-financiare-sting-lumina-la-vintila-voda\/&amp;layout=button_count&amp;show_faces=false&amp;width=105&amp;action=like&amp;colorscheme=light&amp;height=21\"><\/iframe><\/li>\n<li class=\"td-classic-twitter\"><a href=\"https:\/\/twitter.com\/share\" class=\"twitter-share-button\" data-url=\"https:\/\/www.tvbuzau.ro\/problemele-financiare-sting-lumina-la-vintila-voda\/\" data-text=\"Problemele financiare sting lumina la Vintil\u0103 Vod\u0103\" data-via data-lang=\"en\">tweet<\/a><\/li>\n<\/ul>\n<\/div>\n<\/div>\n<div class=\"td-author-name vcard author\"><span class=\"fn\"><a href=\"https:\/\/www.tvbuzau.ro\/author\/mihai-vasilescu\/\">TV Buz\u0103u<\/a><\/span><\/div>\n<p><span><\/span><span><span><\/span><\/span><span><\/span><\/footer>\n<\/article>\n<div class=\"td_block_wrap td_block_related_posts td_uid_1_6a7801c310107_rand td_with_ajax_pagination td-pb-border-top\" data-td-block-uid=\"td_uid_1_6a7801c310107\">\n<h4 class=\"td-related-title\"><a id=\"td_uid_2_6a7801c315965\" class=\"td-related-left td-cur-simple-item\" data-td_filter_value data-td_block_id=\"td_uid_1_6a7801c310107\" href=\"https:\/\/www.tvbuzau.ro\/problemele-financiare-sting-lumina-la-vintila-voda\/\">ARTICOLE SIMILARE<\/a><a id=\"td_uid_3_6a7801c31599f\" class=\"td-related-right\" data-td_filter_value=\"td_related_more_from_author\" data-td_block_id=\"td_uid_1_6a7801c310107\" href=\"https:\/\/www.tvbuzau.ro\/problemele-financiare-sting-lumina-la-vintila-voda\/\">DE LA ACELA\u0218I AUTOR<\/a><\/h4>\n<div id=\"td_uid_1_6a7801c310107\" class=\"td_block_inner\">\n<div class=\"td-related-row\">\n<div class=\"td-related-span4\">\n<div class=\"td_module_related_posts td-animation-stack td_mod_related_posts\">\n<div class=\"td-module-image\">\n<div class=\"td-module-thumb\"><a href=\"https:\/\/www.tvbuzau.ro\/cercetati-pentru-trafic-de-droguri-de-mare-risc-3\/\" rel=\"bookmark\" title=\"Cerceta\u021bi pentru trafic de droguri de mare risc\"><img loading=\"lazy\" decoding=\"async\" width=\"218\" height=\"150\" class=\"entry-thumb\" src=\"https:\/\/www.tvbuzau.ro\/wp-content\/uploads\/2026\/08\/hqdefault-8-218x150.jpg\" alt title=\"Cerceta\u021bi pentru trafic de droguri de mare risc\"><span class=\"td-video-play-ico\"><img loading=\"lazy\" decoding=\"async\" width=\"40\" height=\"40\" class=\"td-retina\" src=\"https:\/\/www.tvbuzau.ro\/wp-content\/themes\/Newspaper\/images\/icons\/ico-video-large.png\" alt=\"video\"><\/span><\/a><\/div>\n<p><a href=\"https:\/\/www.tvbuzau.ro\/category\/actualitate\/\" class=\"td-post-category\">Actualitate<\/a><\/div>\n<div class=\"item-details\">\n<h3 class=\"entry-title td-module-title\"><a href=\"https:\/\/www.tvbuzau.ro\/cercetati-pentru-trafic-de-droguri-de-mare-risc-3\/\" rel=\"bookmark\" title=\"Cerceta\u021bi pentru trafic de droguri de mare risc\">Cerceta\u021bi pentru trafic de droguri de mare risc<\/a><\/h3>\n<\/div>\n<\/div>\n<\/div>\n<div class=\"td-related-span4\">\n<div class=\"td_module_related_posts td-animation-stack td_mod_related_posts\">\n<div class=\"td-module-image\">\n<div class=\"td-module-thumb\"><a href=\"https:\/\/www.tvbuzau.ro\/sanse-slabe-de-a-fi-deschis-in-aceasta-vara-aquapark-ul\/\" rel=\"bookmark\" title=\"\u015eanse slabe de a fi deschis \u00een aceast\u0103 var\u0103 Aquapark-ul\"><img loading=\"lazy\" decoding=\"async\" width=\"218\" height=\"150\" class=\"entry-thumb\" src=\"https:\/\/www.tvbuzau.ro\/wp-content\/uploads\/2026\/08\/sddefault-19-218x150.jpg\" alt title=\"\u015eanse slabe de a fi deschis \u00een aceast\u0103 var\u0103 Aquapark-ul\"><span class=\"td-video-play-ico\"><img loading=\"lazy\" decoding=\"async\" width=\"40\" height=\"40\" class=\"td-retina\" src=\"https:\/\/www.tvbuzau.ro\/wp-content\/themes\/Newspaper\/images\/icons\/ico-video-large.png\" alt=\"video\"><\/span><\/a><\/div>\n<p><a href=\"https:\/\/www.tvbuzau.ro\/category\/actualitate\/\" class=\"td-post-category\">Actualitate<\/a><\/div>\n<div class=\"item-details\">\n<h3 class=\"entry-title td-module-title\"><a href=\"https:\/\/www.tvbuzau.ro\/sanse-slabe-de-a-fi-deschis-in-aceasta-vara-aquapark-ul\/\" rel=\"bookmark\" title=\"\u015eanse slabe de a fi deschis \u00een aceast\u0103 var\u0103 Aquapark-ul\">\u015eanse slabe de a fi deschis \u00een aceast\u0103 var\u0103 Aquapark-ul<\/a><\/h3>\n<\/div>\n<\/div>\n<\/div>\n<div class=\"td-related-span4\">\n<div class=\"td_module_related_posts td-animation-stack td_mod_related_posts\">\n<div class=\"td-module-image\">\n<div class=\"td-module-thumb\"><a href=\"https:\/\/www.tvbuzau.ro\/soc-primaria-buzau-trasa-la-raspundere-vizavi-de-cartile-oferite-pentru-copii\/\" rel=\"bookmark\" title=\"\u015eoc, Prim\u0103ria Buz\u0103u tras\u0103 la r\u0103spundere vizavi de c\u0103r\u0163ile oferite pentru copii\"><img loading=\"lazy\" decoding=\"async\" width=\"218\" height=\"150\" class=\"entry-thumb\" src=\"https:\/\/www.tvbuzau.ro\/wp-content\/uploads\/2026\/08\/hqdefault-6-218x150.jpg\" alt title=\"\u015eoc, Prim\u0103ria Buz\u0103u tras\u0103 la r\u0103spundere vizavi de c\u0103r\u0163ile oferite pentru copii\"><span class=\"td-video-play-ico\"><img loading=\"lazy\" decoding=\"async\" width=\"40\" height=\"40\" class=\"td-retina\" src=\"https:\/\/www.tvbuzau.ro\/wp-content\/themes\/Newspaper\/images\/icons\/ico-video-large.png\" alt=\"video\"><\/span><\/a><\/div>\n<p><a href=\"https:\/\/www.tvbuzau.ro\/category\/actualitate\/\" class=\"td-post-category\">Actualitate<\/a><\/div>\n<div class=\"item-details\">\n<h3 class=\"entry-title td-module-title\"><a href=\"https:\/\/www.tvbuzau.ro\/soc-primaria-buzau-trasa-la-raspundere-vizavi-de-cartile-oferite-pentru-copii\/\" rel=\"bookmark\" title=\"\u015eoc, Prim\u0103ria Buz\u0103u tras\u0103 la r\u0103spundere vizavi de c\u0103r\u0163ile oferite pentru copii\">\u015eoc, Prim\u0103ria Buz\u0103u tras\u0103 la r\u0103spundere vizavi de c\u0103r\u0163ile oferite pentru copii<\/a><\/h3>\n<\/div>\n<\/div>\n<\/div>\n<\/div>\n<div class=\"td-related-row\">\n<div class=\"td-related-span4\">\n<div class=\"td_module_related_posts td-animation-stack td_mod_related_posts\">\n<div class=\"td-module-image\">\n<div class=\"td-module-thumb\"><a href=\"https:\/\/www.tvbuzau.ro\/ai-versus-pierderile-de-apa-din-sistem\/\" rel=\"bookmark\" title=\"AI versus pierderile de ap\u0103 din sistem\"><img loading=\"lazy\" decoding=\"async\" width=\"218\" height=\"150\" class=\"entry-thumb\" src=\"https:\/\/www.tvbuzau.ro\/wp-content\/uploads\/2026\/08\/sddefault-18-218x150.jpg\" alt title=\"AI versus pierderile de ap\u0103 din sistem\"><span class=\"td-video-play-ico\"><img loading=\"lazy\" decoding=\"async\" width=\"40\" height=\"40\" class=\"td-retina\" src=\"https:\/\/www.tvbuzau.ro\/wp-content\/themes\/Newspaper\/images\/icons\/ico-video-large.png\" alt=\"video\"><\/span><\/a><\/div>\n<p><a href=\"https:\/\/www.tvbuzau.ro\/category\/actualitate\/\" class=\"td-post-category\">Actualitate<\/a><\/div>\n<div class=\"item-details\">\n<h3 class=\"entry-title td-module-title\"><a href=\"https:\/\/www.tvbuzau.ro\/ai-versus-pierderile-de-apa-din-sistem\/\" rel=\"bookmark\" title=\"AI versus pierderile de ap\u0103 din sistem\">AI versus pierderile de ap\u0103 din sistem<\/a><\/h3>\n<\/div>\n<\/div>\n<\/div>\n<div class=\"td-related-span4\">\n<div class=\"td_module_related_posts td-animation-stack td_mod_related_posts\">\n<div class=\"td-module-image\">\n<div class=\"td-module-thumb\"><a href=\"https:\/\/www.tvbuzau.ro\/echipa-de-robotica-heart-of-robots-castigatoarea-bucharest-twin-cup-2026\/\" rel=\"bookmark\" title=\"Echipa de robotic\u0103 Heart of Robots, c\u00e2\u015ftig\u0103toarea Bucharest Twin Cup 2026\"><img loading=\"lazy\" decoding=\"async\" width=\"218\" height=\"150\" class=\"entry-thumb\" src=\"https:\/\/www.tvbuzau.ro\/wp-content\/uploads\/2026\/08\/sddefault-17-218x150.jpg\" alt title=\"Echipa de robotic\u0103 Heart of Robots, c\u00e2\u015ftig\u0103toarea Bucharest Twin Cup 2026\"><span class=\"td-video-play-ico\"><img loading=\"lazy\" decoding=\"async\" width=\"40\" height=\"40\" class=\"td-retina\" src=\"https:\/\/www.tvbuzau.ro\/wp-content\/themes\/Newspaper\/images\/icons\/ico-video-large.png\" alt=\"video\"><\/span><\/a><\/div>\n<p><a href=\"https:\/\/www.tvbuzau.ro\/category\/actualitate\/\" class=\"td-post-category\">Actualitate<\/a><\/div>\n<div class=\"item-details\">\n<h3 class=\"entry-title td-module-title\"><a href=\"https:\/\/www.tvbuzau.ro\/echipa-de-robotica-heart-of-robots-castigatoarea-bucharest-twin-cup-2026\/\" rel=\"bookmark\" title=\"Echipa de robotic\u0103 Heart of Robots, c\u00e2\u015ftig\u0103toarea Bucharest Twin Cup 2026\">Echipa de robotic\u0103 Heart of Robots, c\u00e2\u015ftig\u0103toarea Bucharest Twin Cup 2026<\/a><\/h3>\n<\/div>\n<\/div>\n<\/div>\n<div class=\"td-related-span4\">\n<div class=\"td_module_related_posts td-animation-stack td_mod_related_posts\">\n<div class=\"td-module-image\">\n<div class=\"td-module-thumb\"><a href=\"https:\/\/www.tvbuzau.ro\/ce-isi-doresc-consumatorii-de-la-o-tomata\/\" rel=\"bookmark\" title=\"Ce \u00ee\u0219i doresc consumatorii de la o tomat\u0103?\"><img loading=\"lazy\" decoding=\"async\" width=\"218\" height=\"150\" class=\"entry-thumb\" src=\"https:\/\/www.tvbuzau.ro\/wp-content\/uploads\/2026\/08\/sddefault-16-218x150.jpg\" alt title=\"Ce \u00ee\u0219i doresc consumatorii de la o tomat\u0103?\"><span class=\"td-video-play-ico\"><img loading=\"lazy\" decoding=\"async\" width=\"40\" height=\"40\" class=\"td-retina\" src=\"https:\/\/www.tvbuzau.ro\/wp-content\/themes\/Newspaper\/images\/icons\/ico-video-large.png\" alt=\"video\"><\/span><\/a><\/div>\n<p><a href=\"https:\/\/www.tvbuzau.ro\/category\/actualitate\/\" class=\"td-post-category\">Actualitate<\/a><\/div>\n<div class=\"item-details\">\n<h3 class=\"entry-title td-module-title\"><a href=\"https:\/\/www.tvbuzau.ro\/ce-isi-doresc-consumatorii-de-la-o-tomata\/\" rel=\"bookmark\" title=\"Ce \u00ee\u0219i doresc consumatorii de la o tomat\u0103?\">Ce \u00ee\u0219i doresc consumatorii de la o tomat\u0103?<\/a><\/h3>\n<\/div>\n<\/div>\n<\/div>\n<\/div>\n<\/div>\n<\/div>\n<div class=\"comments\" id=\"comments\">\n<div id=\"respond\" class=\"comment-respond\">\n<h3 id=\"reply-title\" class=\"comment-reply-title\">L\u0102SA\u021aI UN MESAJ <small><a rel=\"nofollow\" id=\"cancel-comment-reply-link\" href=\"https:\/\/www.tvbuzau.ro\/problemele-financiare-sting-lumina-la-vintila-voda\/#respond\">Renun\u021ba\u021bi la r\u0103spuns<\/a><\/small><\/h3>\n<\/div>\n<\/div>\n<\/div>\n<div class=\"td-post-content\">\n<div class=\"td-featured-image-rec\">\n<div class=\"wpb_video_wrapper\">\n                    <iframe loading=\"lazy\" id=\"td_youtube_player\" width=\"600\" height=\"560\" src=\"https:\/\/www.youtube.com\/embed\/3MEjd7vkglI?enablejsapi=1&amp;feature=oembed&amp;wmode=opaque&amp;vq=hd720\" frameborder allowfullscreen><\/iframe><\/p><\/div>\n<\/div>\n<p>M\u0103sura pe termen neimitat, p\u00e2n\u0103 la rezolvarea problemelor financiare<br \/>\n\u00cen comuna Vintil\u0103 Vod\u0103 din jude\u021bul Buz\u0103u, prim\u0103ria a decis s\u0103 opreasc\u0103 iluminatul public pentru a reduce cheltuielile. M\u0103sura \u00eei \u00eengrijoreaz\u0103 \u00eens\u0103 pe localnici, mai ales c\u0103 zona este cunoscut\u0103 pentru apari\u021biile frecvente ale ur\u0219ilor.<br \/>\nReprezentan\u021bii administra\u021biei locale spun c\u0103 este o m\u0103sur\u0103 de avarie, necesar\u0103 pentru a putea men\u021bine func\u021bionarea celorlalte servicii publice esen\u021biale \u0219i pentru a p\u0103stra echilibrul bugetului local.<br \/>\nComuna Vintil\u0103 Vod\u0103 se afl\u0103 \u00eentr-o zon\u0103 \u00een care ur\u0219ii sunt v\u0103zu\u021bi frecvent, iar lipsa iluminatului public amplific\u0103 temerile c\u0103 animalele s\u0103lbatice ar putea ajunge mai u\u0219or \u00een apropierea gospod\u0103riilor.<br \/>\nM\u0103sura va r\u0103m\u00e2ne \u00een vigoare p\u00e2n\u0103 c\u00e2nd situa\u021bia financiar\u0103 a comunei se va \u00eembun\u0103t\u0103\u021bi.<\/p>\n<div class=\"post-views post-119960 entry-meta\"><span class=\"post-views-label\">Post Views: <\/span><span class=\"post-views-count\">188<\/span><\/div>\n<\/div>\n<p>[analyse_source url=&#8221;https:\/\/www.tvbuzau.ro\/problemele-financiare-sting-lumina-la-vintila-voda\/&#8221;]<\/p>\n","protected":false},"excerpt":{"rendered":"<p>[analyse_image type=&#8221;featured&#8221; src=&#8221;https:\/\/www.tvbuzau.ro\/wp-content\/uploads\/2026\/08\/hqdefault-7.jpghttps:\/\/www.tvbuzau.ro\/wp-content\/uploads\/2026\/08\/hqdefault-7.jpg&#8221;] Actualitate Problemele financiare sting lumina la Vintil\u0103 Vod\u0103 De c\u0103tre TV Buz\u0103u &#8211; august 7, 2026 0 15 Distribui\u021bi pe Facebook Distribui\u021bi pe Twitter tweet M\u0103sura pe termen neimitat, p\u00e2n\u0103 la rezolvarea problemelor financiare \u00cen comuna Vintil\u0103 Vod\u0103 din jude\u021bul Buz\u0103u, prim\u0103ria a decis s\u0103 opreasc\u0103 iluminatul public pentru a reduce cheltuielile. [&hellip;]<\/p>\n","protected":false},"author":1,"featured_media":0,"comment_status":"open","ping_status":"","sticky":false,"template":"","format":"standard","meta":{"footnotes":""},"categories":[2],"tags":[226,116],"class_list":["post-2084459","post","type-post","status-publish","format-standard","hentry","category-politics","tag-crawlmanager","tag-tvbuzau-ro"],"_links":{"self":[{"href":"https:\/\/analyse.optim.biz\/index.php?rest_route=\/wp\/v2\/posts\/2084459","targetHints":{"allow":["GET"]}}],"collection":[{"href":"https:\/\/analyse.optim.biz\/index.php?rest_route=\/wp\/v2\/posts"}],"about":[{"href":"https:\/\/analyse.optim.biz\/index.php?rest_route=\/wp\/v2\/types\/post"}],"author":[{"embeddable":true,"href":"https:\/\/analyse.optim.biz\/index.php?rest_route=\/wp\/v2\/users\/1"}],"replies":[{"embeddable":true,"href":"https:\/\/analyse.optim.biz\/index.php?rest_route=%2Fwp%2Fv2%2Fcomments&post=2084459"}],"version-history":[{"count":0,"href":"https:\/\/analyse.optim.biz\/index.php?rest_route=\/wp\/v2\/posts\/2084459\/revisions"}],"wp:attachment":[{"href":"https:\/\/analyse.optim.biz\/index.php?rest_route=%2Fwp%2Fv2%2Fmedia&parent=2084459"}],"wp:term":[{"taxonomy":"category","embeddable":true,"href":"https:\/\/analyse.optim.biz\/index.php?rest_route=%2Fwp%2Fv2%2Fcategories&post=2084459"},{"taxonomy":"post_tag","embeddable":true,"href":"https:\/\/analyse.optim.biz\/index.php?rest_route=%2Fwp%2Fv2%2Ftags&post=2084459"}],"curies":[{"name":"wp","href":"https:\/\/api.w.org\/{rel}","templated":true}]}}