{"id":2084430,"date":"2026-08-05T14:08:30","date_gmt":"2026-08-05T11:08:30","guid":{"rendered":"https:\/\/analyse.optim.biz\/?p=2084430"},"modified":"2026-08-05T14:08:30","modified_gmt":"2026-08-05T11:08:30","slug":"acuzatii-de-abuz-la-bragadiru-lucrari-publice-pe-teren-privat-ziarul-liber-in-teleorman","status":"publish","type":"post","link":"https:\/\/analyse.optim.biz\/?p=2084430","title":{"rendered":"Acuza\u021bii de abuz la Bragadiru: lucr\u0103ri publice pe teren privat &#8211; Ziarul Liber in Teleorman"},"content":{"rendered":"<p>[analyse_image type=&#8221;featured&#8221; src=&#8221;https:\/\/liberinteleorman.ro\/wp-content\/uploads\/2026\/08\/image-953868297111931.jpeg&#8221;]<\/p>\n<div class=\"entry-content single56__content single56__post_content single56__body_area\">\n<p><strong>O situa\u021bie tensionat\u0103 s-a desf\u0103\u0219urat pe strada Biserica Veche din Bragadiru, acolo unde familia unei proprietare \u00een v\u00e2rst\u0103 sus\u021bine c\u0103 lucr\u0103rile la o investi\u021bie public\u0103 privind o sta\u021bie de \u00eenc\u0103rcare pentru ma\u0219ini electrice au continuat, de\u0219i au fost formulate sesiz\u0103ri c\u0103tre autorit\u0103\u021bi, iar cazul face obiectul unui dosar penal \u0219i al unor verific\u0103ri administrative.<\/strong><\/p>\n<p>Potrivit documentelor puse la dispozi\u021bie publica\u021biei Liber \u00een Teleorman, Inspectoratul Regional \u00een Construc\u021bii Prahova a dispus efectuarea unui control de urgen\u021b\u0103 prin Inspectoratul de Stat \u00een Construc\u021bii Teleorman, ca urmare a sesiz\u0103rilor formulate privind executarea lucr\u0103rilor.<\/p>\n<p>Cu toate acestea, familia proprietarei afirm\u0103 c\u0103, \u00een timp ce controlul era \u00een curs de declan\u0219are, pe teren au continuat lucr\u0103rile de betonare, ceea ce, \u00een opinia lor, urm\u0103re\u0219te crearea unui fapt \u00eemplinit \u00eenainte ca autorit\u0103\u021bile s\u0103 poat\u0103 constata situa\u021bia din teren.<\/p>\n<h2 class=\"wp-block-heading\">Teren privat aflat \u00een litigiu<\/h2>\n<p>Conform Extrasului de Carte Funciar\u0103 prezentat, terenul este \u00eenscris \u00een proprietatea familiei Dr\u0103ghici.<\/p>\n<p>Familia sus\u021bine c\u0103: gardul propriet\u0103\u021bii ar fi fost mutat f\u0103r\u0103 acordul proprietarilor; lucr\u0103rile se desf\u0103\u0219oar\u0103 pe teren despre care afirm\u0103 c\u0103 le apar\u021bine; exist\u0103 un litigiu \u00een desf\u0103\u0219urare \u0219i un dosar penal privind situa\u021bia.<\/p>\n<p>Documentele prezentate indic\u0103 existen\u021ba dosarului penal nr. 456\/184\/P\/2026.<\/p>\n<h2 class=\"wp-block-heading\">Proprietara este o persoan\u0103 vulnerabil\u0103<\/h2>\n<p>Familia precizeaz\u0103 c\u0103 proprietara terenului este Ancu\u021ba Evelina Dr\u0103ghici, o persoan\u0103 \u00een v\u00e2rst\u0103 de peste 80 de ani. Din documentele puse la dispozi\u021bie reiese existen\u021ba unui certificat de \u00eencadrare \u00een grad de handicap grav cu asistent personal, emis de autorit\u0103\u021bi.<\/p>\n<p>Potrivit familiei, aceasta sufer\u0103 de afec\u021biuni locomotorii severe \u0219i tulbur\u0103ri cognitive, fiind dependent\u0103 de sprijin permanent.<\/p>\n<h2 class=\"wp-block-heading\">\u201eLucr\u0103rile continu\u0103 chiar acum\u201d<\/h2>\n<p>Familia afirm\u0103 c\u0103 pe teren continu\u0103 activit\u0103\u021bile de construire. \u201eAu turnat deja cimentul. Fotografiile sunt realizate foarte recent, de\u0219i exist\u0103 litigiu \u0219i dosar penal \u00een curs\u201d, ne-a spus familia.<\/p>\n<p>Ace\u0219tia mai sus\u021bin c\u0103 utilajele \u0219i autovehiculele ar fi fost pozi\u021bionate astfel \u00eenc\u00e2t s\u0103 reduc\u0103 vizibilitatea dinspre magazinul alimentar aflat \u00een apropierea imobilului \u0219i s\u0103 \u00eengreuneze documentarea lucr\u0103rilor.<\/p>\n<h2 class=\"wp-block-heading\">Sesiz\u0103ri c\u0103tre autorit\u0103\u021bi<\/h2>\n<p>Documentele prezentate arat\u0103 c\u0103 peti\u021biile formulate au fost transmise c\u0103tre mai multe institu\u021bii, printre care: Institu\u021bia Prefectului \u2013 Jude\u021bul Teleorman; Inspectoratul de Stat \u00een Construc\u021bii; Inspectoratul de Poli\u021bie Jude\u021bean Teleorman; Corpul de Control al Prim-Ministrului.<\/p>\n<p>Familia solicit\u0103 interven\u021bia de urgen\u021b\u0103 a institu\u021biilor abilitate pentru verificarea situa\u021biei din teren \u0219i stabilirea legalit\u0103\u021bii lucr\u0103rilor, apreciind c\u0103 orice continuare a acestora \u00eenainte de finalizarea verific\u0103rilor poate \u00eengreuna restabilirea situa\u021biei anterioare, dac\u0103 s-ar constata existen\u021ba unor nereguli.<\/p>\n<figure class=\"wp-block-gallery has-nested-images columns-default is-cropped wp-block-gallery-1 is-layout-flex wp-block-gallery-is-layout-flex\">\n<figure class=\"wp-block-image size-large\"><a href=\"https:\/\/liberinteleorman.ro\/wp-content\/uploads\/2026\/08\/image-992071950540126.jpeg\"><img decoding=\"async\" loading=\"lazy\" width=\"768\" height=\"1024\" data-id=\"42825\" src=\"https:\/\/liberinteleorman.ro\/wp-content\/uploads\/2026\/08\/image-992071950540126-768x1024.jpeg\" alt class=\"wp-image-42825\"><\/a><\/figure>\n<figure class=\"wp-block-image size-large\"><a href=\"https:\/\/liberinteleorman.ro\/wp-content\/uploads\/2026\/08\/image-1979991592657326.jpeg\"><img decoding=\"async\" loading=\"lazy\" width=\"768\" height=\"1024\" data-id=\"42826\" src=\"https:\/\/liberinteleorman.ro\/wp-content\/uploads\/2026\/08\/image-1979991592657326-768x1024.jpeg\" alt class=\"wp-image-42826\"><\/a><\/figure>\n<\/figure>\n<figure class=\"wp-block-image size-full\"><a href=\"https:\/\/liberinteleorman.ro\/wp-content\/uploads\/2026\/08\/1.jpg\"><img decoding=\"async\" loading=\"lazy\" width=\"673\" height=\"844\" src=\"https:\/\/liberinteleorman.ro\/wp-content\/uploads\/2026\/08\/1.jpg\" alt class=\"wp-image-42829\"><\/a><\/figure>\n<\/div>\n<p>[analyse_source url=&#8221;https:\/\/liberinteleorman.ro\/acuzatii-de-abuz-la-bragadiru-lucrari-publice-pe-teren-privat\/&#8221;]<\/p>\n","protected":false},"excerpt":{"rendered":"<p>[analyse_image type=&#8221;featured&#8221; src=&#8221;https:\/\/liberinteleorman.ro\/wp-content\/uploads\/2026\/08\/image-953868297111931.jpeg&#8221;] O situa\u021bie tensionat\u0103 s-a desf\u0103\u0219urat pe strada Biserica Veche din Bragadiru, acolo unde familia unei proprietare \u00een v\u00e2rst\u0103 sus\u021bine c\u0103 lucr\u0103rile la o investi\u021bie public\u0103 privind o sta\u021bie de \u00eenc\u0103rcare pentru ma\u0219ini electrice au continuat, de\u0219i au fost formulate sesiz\u0103ri c\u0103tre autorit\u0103\u021bi, iar cazul face obiectul unui dosar penal \u0219i al unor [&hellip;]<\/p>\n","protected":false},"author":1,"featured_media":0,"comment_status":"open","ping_status":"","sticky":false,"template":"","format":"standard","meta":{"footnotes":""},"categories":[89],"tags":[226,181],"class_list":["post-2084430","post","type-post","status-publish","format-standard","hentry","category-romania","tag-crawlmanager","tag-liberinteleorman-ro"],"_links":{"self":[{"href":"https:\/\/analyse.optim.biz\/index.php?rest_route=\/wp\/v2\/posts\/2084430","targetHints":{"allow":["GET"]}}],"collection":[{"href":"https:\/\/analyse.optim.biz\/index.php?rest_route=\/wp\/v2\/posts"}],"about":[{"href":"https:\/\/analyse.optim.biz\/index.php?rest_route=\/wp\/v2\/types\/post"}],"author":[{"embeddable":true,"href":"https:\/\/analyse.optim.biz\/index.php?rest_route=\/wp\/v2\/users\/1"}],"replies":[{"embeddable":true,"href":"https:\/\/analyse.optim.biz\/index.php?rest_route=%2Fwp%2Fv2%2Fcomments&post=2084430"}],"version-history":[{"count":0,"href":"https:\/\/analyse.optim.biz\/index.php?rest_route=\/wp\/v2\/posts\/2084430\/revisions"}],"wp:attachment":[{"href":"https:\/\/analyse.optim.biz\/index.php?rest_route=%2Fwp%2Fv2%2Fmedia&parent=2084430"}],"wp:term":[{"taxonomy":"category","embeddable":true,"href":"https:\/\/analyse.optim.biz\/index.php?rest_route=%2Fwp%2Fv2%2Fcategories&post=2084430"},{"taxonomy":"post_tag","embeddable":true,"href":"https:\/\/analyse.optim.biz\/index.php?rest_route=%2Fwp%2Fv2%2Ftags&post=2084430"}],"curies":[{"name":"wp","href":"https:\/\/api.w.org\/{rel}","templated":true}]}}