{"id":2084428,"date":"2026-08-06T09:54:25","date_gmt":"2026-08-06T06:54:25","guid":{"rendered":"https:\/\/analyse.optim.biz\/?p=2084428"},"modified":"2026-08-06T09:54:25","modified_gmt":"2026-08-06T06:54:25","slug":"cod-galben-si-portocaliu-in-teleorman-intensificari-ale-vantului-si-vijelii-ziarul-liber-in-teleorman","status":"publish","type":"post","link":"https:\/\/analyse.optim.biz\/?p=2084428","title":{"rendered":"Cod galben \u0219i portocaliu, \u00een Teleorman. Intensific\u0103ri ale v\u00e2ntului \u0219i vijelii &#8211; Ziarul Liber in Teleorman"},"content":{"rendered":"<p>[analyse_image type=&#8221;featured&#8221; src=&#8221;https:\/\/liberinteleorman.ro\/wp-content\/uploads\/2026\/08\/IMG_9862.jpeg&#8221;]<\/p>\n<div class=\"entry-content single56__content single56__post_content single56__body_area\">\n<p>Perioadele de canicul\u0103 sunt frecvent urmate de episoade de instabilitate atmosferic\u0103. P\u00e2n\u0103 \u00een aceast\u0103 sear\u0103, la ora 23:00, aproape toat\u0103 \u021bara se afl\u0103 sub inciden\u021ba unui cod galben \u0219i cod portocaliu ce vizeaz\u0103 intensific\u0103ri ale v\u00e2ntului, vijelii \u0219i averse toren\u021biale \u00eensemnate cantitativ.<\/p>\n<p>Pentru siguran\u021ba dumneavoastr\u0103:<\/p>\n<p>\u2757 evita\u021bi activit\u0103\u021bile \u00een aer liber pe durata vijeliilor;<\/p>\n<p>\u2757 \u00eenchide\u021bi ferestrele \u0219i asigura\u021bi obiectele din curte, balcon sau teras\u0103;<\/p>\n<p>\u2757 nu v\u0103 ad\u0103posti\u021bi sub copaci, l\u00e2ng\u0103 st\u00e2lpi, panouri publicitare sau alte elemente care pot fi dobor\u00e2te de v\u00e2nt;<\/p>\n<p>\u2757 cur\u0103\u021ba\u021bi \u0219an\u021burile \u0219i rigolele, pentru ca apa de ploaie s\u0103 se poat\u0103 scurge \u00een condi\u021bii normale;<\/p>\n<p>\u2757 nu \u00eencerca\u021bi s\u0103 traversa\u021bi drumuri sau poduri acoperite de ap\u0103.<\/p>\n<p>Informa\u021bii utile despre modul de comportare \u00een situa\u021bii de urgen\u021b\u0103 sunt disponibile pe fiipregatit.ro \u0219i \u00een aplica\u021bia DSU, iar detaliile actualizate privind avertiz\u0103rile meteorologice pot fi consultate pe site-ul Administra\u021biei Na\u021bionale de Meteorologie.<\/p>\n<p>Sursa: IGSU \u2013 Inspectoratul General pentru Situatii de Urgenta, Romania<\/p>\n<\/div>\n<p>[analyse_source url=&#8221;https:\/\/liberinteleorman.ro\/cod-galben-si-portocaliu-in-teleorman-intensificari-ale-vantului-si-vijelii\/&#8221;]<\/p>\n","protected":false},"excerpt":{"rendered":"<p>[analyse_image type=&#8221;featured&#8221; src=&#8221;https:\/\/liberinteleorman.ro\/wp-content\/uploads\/2026\/08\/IMG_9862.jpeg&#8221;] Perioadele de canicul\u0103 sunt frecvent urmate de episoade de instabilitate atmosferic\u0103. P\u00e2n\u0103 \u00een aceast\u0103 sear\u0103, la ora 23:00, aproape toat\u0103 \u021bara se afl\u0103 sub inciden\u021ba unui cod galben \u0219i cod portocaliu ce vizeaz\u0103 intensific\u0103ri ale v\u00e2ntului, vijelii \u0219i averse toren\u021biale \u00eensemnate cantitativ. Pentru siguran\u021ba dumneavoastr\u0103: \u2757 evita\u021bi activit\u0103\u021bile \u00een aer liber pe [&hellip;]<\/p>\n","protected":false},"author":1,"featured_media":0,"comment_status":"open","ping_status":"","sticky":false,"template":"","format":"standard","meta":{"footnotes":""},"categories":[89],"tags":[226,181],"class_list":["post-2084428","post","type-post","status-publish","format-standard","hentry","category-romania","tag-crawlmanager","tag-liberinteleorman-ro"],"_links":{"self":[{"href":"https:\/\/analyse.optim.biz\/index.php?rest_route=\/wp\/v2\/posts\/2084428","targetHints":{"allow":["GET"]}}],"collection":[{"href":"https:\/\/analyse.optim.biz\/index.php?rest_route=\/wp\/v2\/posts"}],"about":[{"href":"https:\/\/analyse.optim.biz\/index.php?rest_route=\/wp\/v2\/types\/post"}],"author":[{"embeddable":true,"href":"https:\/\/analyse.optim.biz\/index.php?rest_route=\/wp\/v2\/users\/1"}],"replies":[{"embeddable":true,"href":"https:\/\/analyse.optim.biz\/index.php?rest_route=%2Fwp%2Fv2%2Fcomments&post=2084428"}],"version-history":[{"count":0,"href":"https:\/\/analyse.optim.biz\/index.php?rest_route=\/wp\/v2\/posts\/2084428\/revisions"}],"wp:attachment":[{"href":"https:\/\/analyse.optim.biz\/index.php?rest_route=%2Fwp%2Fv2%2Fmedia&parent=2084428"}],"wp:term":[{"taxonomy":"category","embeddable":true,"href":"https:\/\/analyse.optim.biz\/index.php?rest_route=%2Fwp%2Fv2%2Fcategories&post=2084428"},{"taxonomy":"post_tag","embeddable":true,"href":"https:\/\/analyse.optim.biz\/index.php?rest_route=%2Fwp%2Fv2%2Ftags&post=2084428"}],"curies":[{"name":"wp","href":"https:\/\/api.w.org\/{rel}","templated":true}]}}