{"id":2084416,"date":"2026-08-06T12:09:58","date_gmt":"2026-08-06T09:09:58","guid":{"rendered":"https:\/\/analyse.optim.biz\/?p=2084416"},"modified":"2026-08-06T12:09:58","modified_gmt":"2026-08-06T09:09:58","slug":"handbalistii-suceveni-care-au-cistigat-pentru-a-v-a-oara-titlul-de-campioni-europeni-universitari-vor-fi-premiati-de-ministrul-educatiei-mihai-dimian","status":"publish","type":"post","link":"https:\/\/analyse.optim.biz\/?p=2084416","title":{"rendered":"Handbali\u0219tii suceveni care au c\u00ee\u0219tigat pentru a V-a oar\u0103 titlul de campioni europeni universitari vor fi premia\u021bi de ministrul Educa\u021biei, Mihai Dimian"},"content":{"rendered":"<p>[analyse_image type=&#8221;featured&#8221; src=&#8221;https:\/\/www.radiotop.ro\/img\/media\/2026\/08\/handbal-usv-campioni-universitari.jpg&#8221;]<\/p>\n<div class=\"entry-content no-share\">\n<div class=\"content-inner \">\n<p>Universitatea \u201e\u0218tefan cel Mare\u201d din Suceava va organiza s\u00eemb\u0103t\u0103, 8 august, \u00eencep\u00eend cu ora 12:00, \u00een Corpul A al universit\u0103\u021bii, ceremonia de premiere a echipei masculine de handbal, care a c\u00ee\u0219tigat pentru a cincea oar\u0103 titlul de campioan\u0103 european\u0103 universitar\u0103 la handbal masculin.<\/p>\n<p>La eveniment vor participa ministrul Educa\u021biei \u0219i Cercet\u0103rii, prof. univ. dr. Mihai Dimian, al\u0103turi de reprezentan\u021bi ai Universit\u0103\u021bii \u201e\u0218tefan cel Mare\u201d din Suceava, ai Prim\u0103riei Municipiului Suceava \u0219i ai Consiliului Jude\u021bean Suceava.<\/p>\n<p>Echipa Universit\u0103\u021bii \u201e\u0218tefan cel Mare\u201d din Suceava a c\u00ee\u0219tigat edi\u021bia 2026 a Jocurilor Europene Universitare la handbal masculin, competi\u021bie desf\u0103\u0219urat\u0103 la Salerno, \u00een Italia. Acesta este al cincilea trofeu continental din palmaresul forma\u021biei universitare, dup\u0103 cele cucerite \u00een 2017, 2022, 2023 \u0219i 2024.<\/p>\n<\/div>\n<\/div>\n<div class=\"content-inner \">\n<p>Universitatea \u201e\u0218tefan cel Mare\u201d din Suceava va organiza s\u00eemb\u0103t\u0103, 8 august, \u00eencep\u00eend cu ora 12:00, \u00een Corpul A al universit\u0103\u021bii, ceremonia de premiere a echipei masculine de handbal, care a c\u00ee\u0219tigat pentru a cincea oar\u0103 titlul de campioan\u0103 european\u0103 universitar\u0103 la handbal masculin.<\/p>\n<p>La eveniment vor participa ministrul Educa\u021biei \u0219i Cercet\u0103rii, prof. univ. dr. Mihai Dimian, al\u0103turi de reprezentan\u021bi ai Universit\u0103\u021bii \u201e\u0218tefan cel Mare\u201d din Suceava, ai Prim\u0103riei Municipiului Suceava \u0219i ai Consiliului Jude\u021bean Suceava.<\/p>\n<p>Echipa Universit\u0103\u021bii \u201e\u0218tefan cel Mare\u201d din Suceava a c\u00ee\u0219tigat edi\u021bia 2026 a Jocurilor Europene Universitare la handbal masculin, competi\u021bie desf\u0103\u0219urat\u0103 la Salerno, \u00een Italia. Acesta este al cincilea trofeu continental din palmaresul forma\u021biei universitare, dup\u0103 cele cucerite \u00een 2017, 2022, 2023 \u0219i 2024.<\/p>\n<\/div>\n<p>[analyse_source url=&#8221;https:\/\/www.radiotop.ro\/sport\/handbalistii-suceveni-care-au-cistigat-pentru-a-v-a-oara-titlul-de-campioni-europeni-universitari-vor-fi-premiati-de-ministrul-educatiei-mihai-dimian.html&#8221;]<\/p>\n","protected":false},"excerpt":{"rendered":"<p>[analyse_image type=&#8221;featured&#8221; src=&#8221;https:\/\/www.radiotop.ro\/img\/media\/2026\/08\/handbal-usv-campioni-universitari.jpg&#8221;] Universitatea \u201e\u0218tefan cel Mare\u201d din Suceava va organiza s\u00eemb\u0103t\u0103, 8 august, \u00eencep\u00eend cu ora 12:00, \u00een Corpul A al universit\u0103\u021bii, ceremonia de premiere a echipei masculine de handbal, care a c\u00ee\u0219tigat pentru a cincea oar\u0103 titlul de campioan\u0103 european\u0103 universitar\u0103 la handbal masculin. La eveniment vor participa ministrul Educa\u021biei \u0219i Cercet\u0103rii, prof. [&hellip;]<\/p>\n","protected":false},"author":1,"featured_media":0,"comment_status":"open","ping_status":"","sticky":false,"template":"","format":"standard","meta":{"footnotes":""},"categories":[89],"tags":[226,163],"class_list":["post-2084416","post","type-post","status-publish","format-standard","hentry","category-romania","tag-crawlmanager","tag-radiotop-ro"],"_links":{"self":[{"href":"https:\/\/analyse.optim.biz\/index.php?rest_route=\/wp\/v2\/posts\/2084416","targetHints":{"allow":["GET"]}}],"collection":[{"href":"https:\/\/analyse.optim.biz\/index.php?rest_route=\/wp\/v2\/posts"}],"about":[{"href":"https:\/\/analyse.optim.biz\/index.php?rest_route=\/wp\/v2\/types\/post"}],"author":[{"embeddable":true,"href":"https:\/\/analyse.optim.biz\/index.php?rest_route=\/wp\/v2\/users\/1"}],"replies":[{"embeddable":true,"href":"https:\/\/analyse.optim.biz\/index.php?rest_route=%2Fwp%2Fv2%2Fcomments&post=2084416"}],"version-history":[{"count":0,"href":"https:\/\/analyse.optim.biz\/index.php?rest_route=\/wp\/v2\/posts\/2084416\/revisions"}],"wp:attachment":[{"href":"https:\/\/analyse.optim.biz\/index.php?rest_route=%2Fwp%2Fv2%2Fmedia&parent=2084416"}],"wp:term":[{"taxonomy":"category","embeddable":true,"href":"https:\/\/analyse.optim.biz\/index.php?rest_route=%2Fwp%2Fv2%2Fcategories&post=2084416"},{"taxonomy":"post_tag","embeddable":true,"href":"https:\/\/analyse.optim.biz\/index.php?rest_route=%2Fwp%2Fv2%2Ftags&post=2084416"}],"curies":[{"name":"wp","href":"https:\/\/api.w.org\/{rel}","templated":true}]}}