{"id":2084413,"date":"2026-08-08T13:48:45","date_gmt":"2026-08-08T10:48:45","guid":{"rendered":"https:\/\/analyse.optim.biz\/?p=2084413"},"modified":"2026-08-08T13:48:45","modified_gmt":"2026-08-08T10:48:45","slug":"slujba-de-sfintire-a-bisericii-sfantul-mare-mucenic-gheorghe-din-cartierul-burdujeni-va-avea-loc-duminica-9-august-2026","status":"publish","type":"post","link":"https:\/\/analyse.optim.biz\/?p=2084413","title":{"rendered":"Slujba de sfin\u021bire a Bisericii \u201eSf\u00e2ntul Mare Mucenic Gheorghe\u201d din cartierul Burdujeni va avea loc duminic\u0103, 9 august 2026"},"content":{"rendered":"<p>[analyse_image type=&#8221;featured&#8221; src=&#8221;https:\/\/www.newsbucovina.ro\/wp-content\/uploads\/2026\/08\/475830292_2152011795305294_283740056013355783_n.jpghttps:\/\/cdn.newsbucovina.ro\/wp-content\/uploads\/2026\/08\/475830292_2152011795305294_283740056013355783_n.jpg&#8221;]<\/p>\n<div class=\"td-post-content tagdiv-type\">\n<div class=\"td-a-rec td-a-rec-id-content_top  tdi_3 td_block_template_1\"><strong>Intr\u0103 acum \u0219i \u00een grupul de <\/p>\n<div class=\"wp-block-button\"><a class=\"wp-block-button__link wp-element-button\" href=\"https:\/\/t.me\/+TH8wcfnp8fw5NWI0\">Telegram News Bucovina<\/a><\/div>\n<p><\/strong><\/div>\n<p class=\"wp-block-paragraph\">Cu binecuv\u00e2ntarea \u00cenaltpreasfin\u021bitului P\u0103rinte Calinic, Arhiepiscop al Sucevei \u0219i R\u0103d\u0103u\u021bilor, duminic\u0103, 9 august 2026, va avea loc slujba de sfin\u021bire a Bisericii \u201eSf\u00e2ntul Mare Mucenic Gheorghe\u201d din cartierul Burdujeni, municipiul Suceava.<\/p>\n<figure class=\"wp-block-image size-large\"><a href=\"https:\/\/cdn.newsbucovina.ro\/wp-content\/uploads\/2026\/08\/688075655_1395254609301695_8432390809194547380_n.jpg\"><img loading=\"lazy\" decoding=\"async\" width=\"768\" height=\"1024\" src=\"https:\/\/cdn.newsbucovina.ro\/wp-content\/uploads\/2026\/08\/688075655_1395254609301695_8432390809194547380_n-768x1024.jpg\" alt class=\"wp-image-445970\"><\/a><\/figure>\n<p class=\"wp-block-paragraph\">Slujba de t\u00e2rnosire va fi s\u0103v\u00e2r\u0219it\u0103 de Preasfin\u021bitul P\u0103rinte Ignatie, Episcop al Hu\u0219ilor, \u00eempreun\u0103 cu Preasfin\u021bitul P\u0103rinte Damaschin Dorneanul, Episcop-Vicar al Arhiepiscopiei Sucevei \u0219i R\u0103d\u0103u\u021bilor, \u00een prezen\u021ba unui num\u0103r \u00eensemnat de clerici \u0219i credincio\u0219i.<\/p>\n<p class=\"wp-block-paragraph\">Acest moment reprezint\u0103 \u00eemplinirea unei lucr\u0103ri \u00eencepute \u00een urm\u0103 cu aproape trei decenii, rod al credin\u021bei, rug\u0103ciunii \u0219i jertfelniciei comunit\u0103\u021bii care a contribuit, de-a lungul anilor, la zidirea \u0219i \u00eenfrumuse\u021barea sf\u00e2ntului l\u0103ca\u0219. Slujba de sfin\u021bire marcheaz\u0103 un moment de profund\u0103 \u00eenc\u0103rc\u0103tur\u0103 spiritual\u0103 pentru parohie \u0219i pentru \u00eentreaga comunitate ortodox\u0103 din municipiul Suceava.<\/p>\n<p class=\"wp-block-paragraph\">Manifest\u0103rile liturgice vor debuta s\u00e2mb\u0103t\u0103, 8 august 2026, la ora 17:00, cu s\u0103v\u00e2r\u0219irea Vecerniei unite cu Litia.<\/p>\n<p class=\"wp-block-paragraph\">Programul liturgic din ziua de duminic\u0103, 9 august 2026, este urm\u0103torul:<\/p>\n<p class=\"wp-block-paragraph\">07:00 \u2013 Slujba Utreniei;<\/p>\n<p class=\"wp-block-paragraph\">08:00 \u2013 Primirea ierarhilor;<\/p>\n<p class=\"wp-block-paragraph\">08:00 \u2013 Slujba de sfin\u021bire a bisericii;<\/p>\n<p class=\"wp-block-paragraph\">09:30 \u2013 Sf\u00e2nta \u0219i Dumnezeiasca Liturghie.<\/p>\n<p class=\"wp-block-paragraph\">Cu acest prilej, sunt a\u0219tepta\u021bi s\u0103 participe credincio\u0219i din municipiul Suceava \u0219i din \u00eemprejurimi, pentru a lua parte la unul dintre cele mai importante momente din via\u021ba comunit\u0103\u021bii parohiale. Organizatorii \u00eei invit\u0103 pe to\u021bi cei care doresc s\u0103 fie martori ai acestui eveniment deosebit s\u0103 participe la slujbele dedicate sfin\u021birii bisericii \u0219i s\u0103 se al\u0103ture \u00een rug\u0103ciune la aceast\u0103 zi de s\u0103rb\u0103toare \u0219i binecuv\u00e2ntare.<\/p>\n<figure class=\"wp-block-embed is-type-video is-provider-youtube wp-block-embed-youtube wp-embed-aspect-16-9 wp-has-aspect-ratio\">\n<div class=\"wp-block-embed__wrapper\">\n<div class=\"youtube-embed\" data-video_id=\"owaoRC5i8gM\"><iframe loading=\"lazy\" title=\"De ce s\u0103 vrei s\u0103 MORI la 23 de ani?? Buchet de infrac\u021biuni = ADIO via\u021b\u0103!!! Nu a avut nicio \u0219ans\u0103...\" width=\"696\" height=\"392\" src=\"https:\/\/www.youtube.com\/embed\/owaoRC5i8gM?start=15&amp;feature=oembed\" frameborder allow=\"accelerometer; autoplay; clipboard-write; encrypted-media; gyroscope; picture-in-picture; web-share\" referrerpolicy=\"strict-origin-when-cross-origin\" allowfullscreen><\/iframe><\/div>\n<\/div>\n<\/figure>\n<div class=\"td-a-rec td-a-rec-id-content_bottom  tdi_4 td_block_template_1\"><strong>Intr\u0103 acum \u0219i \u00een grupul de <\/p>\n<div class=\"wp-block-button\"><a class=\"wp-block-button__link wp-element-button\" href=\"https:\/\/t.me\/+TH8wcfnp8fw5NWI0\">Telegram News Bucovina<\/a><\/div>\n<p><\/strong><\/div>\n<\/div>\n<div class=\"td-post-content tagdiv-type\">\n<div class=\"td-a-rec td-a-rec-id-content_top  tdi_3 td_block_template_1\"><strong>Intr\u0103 acum \u0219i \u00een grupul de <\/p>\n<div class=\"wp-block-button\"><a class=\"wp-block-button__link wp-element-button\" href=\"https:\/\/t.me\/+TH8wcfnp8fw5NWI0\">Telegram News Bucovina<\/a><\/div>\n<p><\/strong><\/div>\n<p class=\"wp-block-paragraph\">Cu binecuv\u00e2ntarea \u00cenaltpreasfin\u021bitului P\u0103rinte Calinic, Arhiepiscop al Sucevei \u0219i R\u0103d\u0103u\u021bilor, duminic\u0103, 9 august 2026, va avea loc slujba de sfin\u021bire a Bisericii \u201eSf\u00e2ntul Mare Mucenic Gheorghe\u201d din cartierul Burdujeni, municipiul Suceava.<\/p>\n<figure class=\"wp-block-image size-large\"><a href=\"https:\/\/cdn.newsbucovina.ro\/wp-content\/uploads\/2026\/08\/688075655_1395254609301695_8432390809194547380_n.jpg\"><img loading=\"lazy\" decoding=\"async\" width=\"768\" height=\"1024\" src=\"https:\/\/cdn.newsbucovina.ro\/wp-content\/uploads\/2026\/08\/688075655_1395254609301695_8432390809194547380_n-768x1024.jpg\" alt class=\"wp-image-445970\"><\/a><\/figure>\n<p class=\"wp-block-paragraph\">Slujba de t\u00e2rnosire va fi s\u0103v\u00e2r\u0219it\u0103 de Preasfin\u021bitul P\u0103rinte Ignatie, Episcop al Hu\u0219ilor, \u00eempreun\u0103 cu Preasfin\u021bitul P\u0103rinte Damaschin Dorneanul, Episcop-Vicar al Arhiepiscopiei Sucevei \u0219i R\u0103d\u0103u\u021bilor, \u00een prezen\u021ba unui num\u0103r \u00eensemnat de clerici \u0219i credincio\u0219i.<\/p>\n<p class=\"wp-block-paragraph\">Acest moment reprezint\u0103 \u00eemplinirea unei lucr\u0103ri \u00eencepute \u00een urm\u0103 cu aproape trei decenii, rod al credin\u021bei, rug\u0103ciunii \u0219i jertfelniciei comunit\u0103\u021bii care a contribuit, de-a lungul anilor, la zidirea \u0219i \u00eenfrumuse\u021barea sf\u00e2ntului l\u0103ca\u0219. Slujba de sfin\u021bire marcheaz\u0103 un moment de profund\u0103 \u00eenc\u0103rc\u0103tur\u0103 spiritual\u0103 pentru parohie \u0219i pentru \u00eentreaga comunitate ortodox\u0103 din municipiul Suceava.<\/p>\n<p class=\"wp-block-paragraph\">Manifest\u0103rile liturgice vor debuta s\u00e2mb\u0103t\u0103, 8 august 2026, la ora 17:00, cu s\u0103v\u00e2r\u0219irea Vecerniei unite cu Litia.<\/p>\n<p class=\"wp-block-paragraph\">Programul liturgic din ziua de duminic\u0103, 9 august 2026, este urm\u0103torul:<\/p>\n<p class=\"wp-block-paragraph\">07:00 \u2013 Slujba Utreniei;<\/p>\n<p class=\"wp-block-paragraph\">08:00 \u2013 Primirea ierarhilor;<\/p>\n<p class=\"wp-block-paragraph\">08:00 \u2013 Slujba de sfin\u021bire a bisericii;<\/p>\n<p class=\"wp-block-paragraph\">09:30 \u2013 Sf\u00e2nta \u0219i Dumnezeiasca Liturghie.<\/p>\n<p class=\"wp-block-paragraph\">Cu acest prilej, sunt a\u0219tepta\u021bi s\u0103 participe credincio\u0219i din municipiul Suceava \u0219i din \u00eemprejurimi, pentru a lua parte la unul dintre cele mai importante momente din via\u021ba comunit\u0103\u021bii parohiale. Organizatorii \u00eei invit\u0103 pe to\u021bi cei care doresc s\u0103 fie martori ai acestui eveniment deosebit s\u0103 participe la slujbele dedicate sfin\u021birii bisericii \u0219i s\u0103 se al\u0103ture \u00een rug\u0103ciune la aceast\u0103 zi de s\u0103rb\u0103toare \u0219i binecuv\u00e2ntare.<\/p>\n<figure class=\"wp-block-embed is-type-video is-provider-youtube wp-block-embed-youtube wp-embed-aspect-16-9 wp-has-aspect-ratio\">\n<div class=\"wp-block-embed__wrapper\">\n<div class=\"youtube-embed\" data-video_id=\"owaoRC5i8gM\"><iframe loading=\"lazy\" title=\"De ce s\u0103 vrei s\u0103 MORI la 23 de ani?? Buchet de infrac\u021biuni = ADIO via\u021b\u0103!!! Nu a avut nicio \u0219ans\u0103...\" width=\"696\" height=\"392\" src=\"https:\/\/www.youtube.com\/embed\/owaoRC5i8gM?start=15&amp;feature=oembed\" frameborder allow=\"accelerometer; autoplay; clipboard-write; encrypted-media; gyroscope; picture-in-picture; web-share\" referrerpolicy=\"strict-origin-when-cross-origin\" allowfullscreen><\/iframe><\/div>\n<\/div>\n<\/figure>\n<div class=\"td-a-rec td-a-rec-id-content_bottom  tdi_4 td_block_template_1\"><strong>Intr\u0103 acum \u0219i \u00een grupul de <\/p>\n<div class=\"wp-block-button\"><a class=\"wp-block-button__link wp-element-button\" href=\"https:\/\/t.me\/+TH8wcfnp8fw5NWI0\">Telegram News Bucovina<\/a><\/div>\n<p><\/strong><\/div>\n<\/div>\n<p>[analyse_source url=&#8221;https:\/\/www.newsbucovina.ro\/evenimente\/445969\/slujba-de-sfintire-a-bisericii-sfantul-mare-mucenic-gheorghe-din-cartierul-burdujeni-va-avea-loc-duminica-9-august-2026&#8243;]<\/p>\n","protected":false},"excerpt":{"rendered":"<p>[analyse_image type=&#8221;featured&#8221; src=&#8221;https:\/\/www.newsbucovina.ro\/wp-content\/uploads\/2026\/08\/475830292_2152011795305294_283740056013355783_n.jpghttps:\/\/cdn.newsbucovina.ro\/wp-content\/uploads\/2026\/08\/475830292_2152011795305294_283740056013355783_n.jpg&#8221;] Intr\u0103 acum \u0219i \u00een grupul de Telegram News Bucovina Cu binecuv\u00e2ntarea \u00cenaltpreasfin\u021bitului P\u0103rinte Calinic, Arhiepiscop al Sucevei \u0219i R\u0103d\u0103u\u021bilor, duminic\u0103, 9 august 2026, va avea loc slujba de sfin\u021bire a Bisericii \u201eSf\u00e2ntul Mare Mucenic Gheorghe\u201d din cartierul Burdujeni, municipiul Suceava. Slujba de t\u00e2rnosire va fi s\u0103v\u00e2r\u0219it\u0103 de Preasfin\u021bitul P\u0103rinte Ignatie, Episcop al [&hellip;]<\/p>\n","protected":false},"author":1,"featured_media":0,"comment_status":"open","ping_status":"","sticky":false,"template":"","format":"standard","meta":{"footnotes":""},"categories":[89],"tags":[226,165],"class_list":["post-2084413","post","type-post","status-publish","format-standard","hentry","category-romania","tag-crawlmanager","tag-newsbucovina-ro"],"_links":{"self":[{"href":"https:\/\/analyse.optim.biz\/index.php?rest_route=\/wp\/v2\/posts\/2084413","targetHints":{"allow":["GET"]}}],"collection":[{"href":"https:\/\/analyse.optim.biz\/index.php?rest_route=\/wp\/v2\/posts"}],"about":[{"href":"https:\/\/analyse.optim.biz\/index.php?rest_route=\/wp\/v2\/types\/post"}],"author":[{"embeddable":true,"href":"https:\/\/analyse.optim.biz\/index.php?rest_route=\/wp\/v2\/users\/1"}],"replies":[{"embeddable":true,"href":"https:\/\/analyse.optim.biz\/index.php?rest_route=%2Fwp%2Fv2%2Fcomments&post=2084413"}],"version-history":[{"count":0,"href":"https:\/\/analyse.optim.biz\/index.php?rest_route=\/wp\/v2\/posts\/2084413\/revisions"}],"wp:attachment":[{"href":"https:\/\/analyse.optim.biz\/index.php?rest_route=%2Fwp%2Fv2%2Fmedia&parent=2084413"}],"wp:term":[{"taxonomy":"category","embeddable":true,"href":"https:\/\/analyse.optim.biz\/index.php?rest_route=%2Fwp%2Fv2%2Fcategories&post=2084413"},{"taxonomy":"post_tag","embeddable":true,"href":"https:\/\/analyse.optim.biz\/index.php?rest_route=%2Fwp%2Fv2%2Ftags&post=2084413"}],"curies":[{"name":"wp","href":"https:\/\/api.w.org\/{rel}","templated":true}]}}