{"id":2084411,"date":"2026-08-08T19:30:54","date_gmt":"2026-08-08T16:30:54","guid":{"rendered":"https:\/\/analyse.optim.biz\/?p=2084411"},"modified":"2026-08-08T19:30:54","modified_gmt":"2026-08-08T16:30:54","slug":"fara-apa-fara-curent-fara-viitor-cum-au-sacrificat-pro-europenii-romania-pe-altarul-ecologiei-ieftine","status":"publish","type":"post","link":"https:\/\/analyse.optim.biz\/?p=2084411","title":{"rendered":"F\u0103r\u0103 ap\u0103, f\u0103r\u0103 curent, f\u0103r\u0103 viitor: cum au sacrificat pro-europenii Rom\u00e2nia pe altarul ecologiei ieftine"},"content":{"rendered":"<p>[analyse_image type=&#8221;featured&#8221; src=&#8221;https:\/\/r3media.ro\/wp-content\/uploads\/2026\/02\/energie-articol-e1770320084486.jpghttps:\/\/r3media.ro\/wp-content\/uploads\/2026\/02\/energie-articol-e1770320084486.jpg&#8221;]<\/p>\n<article id=\"template-id-109\" class=\"post-109 tdb_templates type-tdb_templates status-publish post\">\n<div id=\"tdi_2\" class=\"tdc-zone\">\n<div class=\"tdc_zone tdi_3  wpb_row td-pb-row\">\n<div id=\"tdi_4\" class=\"tdc-row\">\n<div class=\"vc_row tdi_5  wpb_row td-pb-row\">\n<div class=\"vc_column tdi_7  wpb_column vc_column_container tdc-column td-pb-span8\">\n<div class=\"wpb_wrapper\">\n<div class=\"td_block_wrap tdb_breadcrumbs tdi_8 td-pb-border-top td_block_template_1 tdb-breadcrumbs \" data-td-block-uid=\"tdi_8\">\n<div class=\"tdb-block-inner td-fix-index\"><span><a title=\"Vede\u021bi toate articolele \u00een ENERGIE\" class=\"tdb-entry-crumb\" href=\"https:\/\/r3media.ro\/category\/energie\/\">ENERGIE<\/a><\/span><span class=\"tdb-bred-no-url-last\">F\u0103r\u0103 ap\u0103, f\u0103r\u0103 curent, f\u0103r\u0103 viitor: cum au sacrificat pro-europenii Rom\u00e2nia pe&#8230;<\/span><\/div>\n<\/div>\n<div class=\"td_block_wrap tdb_single_categories tdi_9 td-pb-border-top td_block_template_1 \" data-td-block-uid=\"tdi_9\">\n<div class=\"tdb-category td-fix-index\"><a class=\"tdb-entry-category\" href=\"https:\/\/r3media.ro\/category\/energie\/\">ENERGIE<\/a><a class=\"tdb-entry-category\" href=\"https:\/\/r3media.ro\/category\/featured\/\">FEATURED<\/a><a class=\"tdb-entry-category\" href=\"https:\/\/r3media.ro\/category\/stiri\/\">\u0218TIRI<\/a><\/div>\n<\/div>\n<div class=\"td_block_wrap tdb_title tdi_10 tdb-single-title td-pb-border-top td_block_template_1\" data-td-block-uid=\"tdi_10\">\n<div class=\"tdb-block-inner td-fix-index\">\n<h1 class=\"tdb-title-text\">F\u0103r\u0103 ap\u0103, f\u0103r\u0103 curent, f\u0103r\u0103 viitor: cum au sacrificat pro-europenii Rom\u00e2nia pe altarul ecologiei ieftine<\/h1>\n<\/div>\n<\/div>\n<div class=\"vc_row_inner tdi_12  vc_row vc_inner wpb_row td-pb-row\">\n<div class=\"vc_column_inner tdi_14  wpb_column vc_column_container tdc-inner-column td-pb-span12\">\n<div class=\"vc_column-inner\">\n<div class=\"wpb_wrapper\">\n<div class=\"td_block_wrap tdb_single_author tdi_15 td-pb-border-top td_block_template_1 tdb-post-meta\" data-td-block-uid=\"tdi_15\">\n<div class=\"tdb-block-inner td-fix-index\">\n<div class=\"tdb-author-name-wrap\"><a class=\"tdb-author-name\" href=\"https:\/\/r3media.ro\/author\/paul_lazar\/\">Paul-Daniel Laz\u0103r<\/a><\/div>\n<\/div>\n<\/div>\n<div class=\"td_block_wrap tdb_single_date tdi_16 td-pb-border-top td_block_template_1 tdb-post-meta\" data-td-block-uid=\"tdi_16\">\n<div class=\"tdb-block-inner td-fix-index\"><time class=\"entry-date updated td-module-date\" datetime=\"2026-08-08T22:30:54+03:00\">08\/08\/2026<\/time><\/div>\n<\/div>\n<\/div>\n<\/div>\n<\/div>\n<\/div>\n<div class=\"td_block_wrap tdb_single_content tdi_18 td-pb-border-top td_block_template_1 td-post-content tagdiv-type\" data-td-block-uid=\"tdi_18\">\n<div class=\"tdb-block-inner td-fix-index\">\n<p><strong><a href=\"https:\/\/r3media.ro\/romania-importa-energie-ucraina-ilie-bolojan-stare-de-alerta\/\" target=\"_blank\" rel=\"noopener\">Stare de urgen\u021b\u0103 energetic\u0103<\/a> la nivelul Rom\u00e2niei pentru luna august pe fondul sc\u0103derii produc\u021biei de energie electric\u0103. <\/strong><\/p>\n<p>Dup\u0103 scumpirea de trei ori a energiei electrice \u00een ultimii 6 ani, iat\u0103 c\u0103 prostia antologic\u0103 a partidelor \u201epro-europene\u201d a \u00eempins Rom\u00e2nia \u00een cea mai grav\u0103 criz\u0103 energetic\u0103 din ultimii 35 de ani.<\/p>\n<p>Era perfect previzibil s\u0103 se \u00eent\u00e2mple acest lucru mai devreme sau mai t\u00e2rziu. Am fost destui care am criticat \u0219i prev\u0103zut asta \u00eenc\u0103 din 2021, atunci c\u00e2nd Rom\u00e2nia includea \u00een PNRR \u00eenchiderea a ~3000MW capacitate de produc\u021bie a energiei electrice pe c\u0103rbune.<\/p>\n<p>E de men\u021bionat decizia \u0219i viziunea ilustrului prostovan Bolojan care \u00een 27 martie 2026, prin OUG, desfiin\u021ba \u0219i \u00eenchidea mai multe centrale pe c\u0103rbune pentru ca acum, c\u00e2nd se declan\u0219eaz\u0103 catastrofa \u0219i consumatorii ajung t\u0103ia\u021bi de la energie electric\u0103, s\u0103 dea vina pe \u201cgreaua mo\u0219tenire\u201d (generat\u0103 tot de ai lui) \u0219i s\u0103 anun\u021be c\u0103 centralele c\u0103rbune r\u0103mase vor func\u021biona la capacitate maxim\u0103.<\/p>\n<p>Problema e c\u0103 n-au mai r\u0103mas multe centrale pe c\u0103rbune disponibile care s\u0103 \u00eenlocuiasc\u0103 deficitul, \u00eentruc\u00e2t majoritatea au fost t\u0103iate la fier vechi anii trecu\u021bi \u2026 USR, de\u0219i acum se dezice, a fost partidul care a inclus cele mai agresive \u021binte de decarbonizare din UE prin PNRR, \u00een perioada 2020-2021 c\u00e2nd Ghinea era la Minister.<\/p>\n<p>PSD, PNL, UDMR au preluat \u0219i votat \u00eempreun\u0103 aceast\u0103 mo\u0219tenire dezastruoas\u0103, \u00eenchiz\u00e2nd ~3000 MW capacitate \u00eentre 2021 \u0219i 2026, f\u0103r\u0103 a construi mare lucru \u00een loc.<\/p>\n<p>Iar UE, prin Comisia European\u0103, a for\u021bat acest calendar de sinucidere economic\u0103, amenin\u021b\u00e2nd cu blocarea fondurilor de 1,8 miliarde \u0219i penalit\u0103\u021bi de 770 de milioane euro.<\/p>\n<p>Cu toate c\u0103 propaganda spal\u0103 creiera\u0219ele habarni\u0219tilor, nu seceta e doar elementul declan\u0219ator dar \u00een niciun caz principalul motiv al crizei energetice. De fapt un anumit nivel de secet\u0103 se \u00eenregistreaz\u0103 \u00een fiecare var\u0103, nu e un element total neprev\u0103zut sau excep\u021bional.<\/p>\n<p>Semin\u021bele crizei \u0219i sursa problemei o reprezentat\u0103 de \u00eenchiderea capacit\u0103\u021bilor energetice pe c\u0103rbune care ar fi trebuit s\u0103 asigure deficitul energetic \u00een perioadele \u00een care apare o sc\u0103dere a\u0219teptat\u0103 a cantit\u0103\u021bii de energie nuclear\u0103, hidro, eolian\u0103 sau fotovoltaic\u0103 introdus\u0103 \u00een sistem.<\/p>\n<p>Pe l\u00e2ng\u0103 asta, un element iar\u0103\u0219i cunoscut de c\u00e2\u021biva ani e acela c\u0103 unitatea #1 de la Cernavod\u0103 va fi oprit\u0103 pentru retehnologizare \u00eentre 2027-2029. Deci ad\u0103ug\u0103m un deficit adi\u021bionat de 700 MW, timp de 2 ani, nu de c\u00e2teva zile sau s\u0103pt\u0103m\u00e2ni!<\/p>\n<p>Deci e secet\u0103? Mai \u0219ti\u021bi c\u00e2nd Georgescu punea pe mas\u0103 programul \u201cAp\u0103, Hran\u0103 \u0219i Energie\u201d, spun\u00e2nd Rom\u00e2nia nu le gestioneaz\u0103 eficient iar cele 3 vor deveni foarte importante \u00een viitor? Viitorul e acum! Mai \u0219ti\u021bi cum r\u00e2deau de el prostanii care se credeau de\u0219tep\u021bi?<\/p>\n<p>Iac\u0103t\u0103, autorit\u0103\u021bile au oprit alimentarea cu ap\u0103 \u00een unele zone din \u021b\u0103r\u0103, energie electric\u0103 nu exist\u0103 suficient\u0103, motorina se apropie de 11 lei\/litrul iar explozia pre\u021bului gazului natural \u0219i a hranei va fi o supriza nepl\u0103cut\u0103 a iernii \u0219i anului viitor.<\/p>\n<p>Cum se combate seceta? P\u0103i barajele hidro au rol, pe l\u00e2ng\u0103 producerea energiei electrice, la atenuarea viiturilor \u00een perioada ploioas\u0103 \u0219i rezerv\u0103 de ap\u0103 \u00een perioada secetoas\u0103. Doar c\u0103 USR \u0219i ONG-urile gen Bankwatch, Delic, pl\u0103tite de UE, Soros, Germania, Norvegia au blocat sistematic \u00een ultimii 10+ ani construc\u021bia oric\u0103ror noi baraje hidro, chiar \u0219i proiecte finalizate \u00een propor\u021bie de 90%+.<\/p>\n<p>Parlamentul European a chiar votat o lege numit\u0103 \u2018Nature Restoration Law\u2019 care deschide porti\u021ba pentru d\u0103r\u00e2marea barajelor, cu scopul de a readuce arealul natural la stadiul original (unele zone la nivel de mla\u0219tin\u0103). Din moment ce \u201cproeuropenii\u201d, \u00een frunte cu USR, au reu\u0219it s\u0103 pun\u0103 pe butuci sistemul energetic rom\u00e2nesc, Rom\u00e2nia fiind singura \u021bar\u0103 din UE care a for\u021bat \u00eenchiderea complet\u0103 \u0219i rapid\u0103 a centralelor pe c\u0103rbune, oare e exagerat s\u0103 ne imagin\u0103m, dac\u0103 r\u00e2m\u00e2n la guvernare, c\u0103 vor distruge \u0219i c\u00e2teva baraje hidro pentru a servi ni\u0219te mla\u0219tini \u201ceco\u201d, care s\u0103 \u201ccapteze CO2\u201d?<\/p>\n<p>O unitate a centralei de la Cernavod\u0103 a fost oprit\u0103 iar cealalt\u0103 risc\u0103 s\u0103 fie oprit\u0103 \u00een zilele urm\u0103toare \u00eentruc\u00e2t nivelul apei Dun\u0103rii a sc\u0103zut sub priza de admisie care s\u0103 permit\u0103 r\u0103cirea adecvat\u0103.<\/p>\n<p>P\u0103i sta\u021bi pu\u021bin dragii mo\u0219ului \u2026 \u00een anii 1980, pe vremea lui Ceau\u0219escu, fusese planificat\u0103 o hidrocentral\u0103 \u0219i barajul aferent \u00een zona Turnu M\u0103gurele (Rom\u00e2nia) \u2013 Nicopole (Bulgaria).<\/p>\n<p>Pe l\u00e2ng\u0103 o putere instalat\u0103 de ~800MW, ar fi adus un nou pod rutier \u0219i feroviar \u00eentre Rom\u00e2nia-Bulgaria \u0219i o modalitate de atenuare a viiturilor \u0219i a secetei, plus securizarea aprovizion\u0103rii cu ap\u0103 inclusiv \u00een perioad\u0103 secetoas\u0103 a centralei nucleare de la Cernavod\u0103).<\/p>\n<p>Dar dictatorul a fost r\u0103sturnat \u00eenainte s\u0103 poat\u0103 construi proiectul iar acum UE \u0219i partidele progresiste gen USR bag\u0103 be\u021be \u00een roate oric\u0103rui nou proiect hidrotehnic. S\u0103 fim eco: s\u0103 ne r\u0103corim deschiz\u00e2nd geamul care aduce briza de 37 de grade C \u0219i parfumul glandelor sudoripare.<\/p>\n<p>Totu\u0219i cine r\u0103spunde pentru subminarea economiei na\u021bionale? De ce \u201cpro-europenii\u201d au eliminat infrac\u021biunea de subminare a economiei na\u021bionale din Codul Penal?<\/p>\n<p>C\u00e2nd vor r\u0103spunde vinova\u021bii? Ar fi cazul s\u0103 r\u0103spund\u0103: vorbim de pagube de zeci de miliarde cumulat \u00een ultimii ani, generate de penuria energiei electrice \u0219i pre\u021burile prohibitive care au distrus competitivitatea economic\u0103 a Rom\u00e2niei<\/p>\n<div class=\"crp_related     crp-masonry\">\n<h2>\u00ceN CONTEXT<\/h2>\n<ul>\n<li><a href=\"https:\/\/r3media.ro\/ni-se-spune-ca-epoca-energiei-ieftine-pentru-romani-s-a-incheiat-dar-se-ocoleste-cu-grija-motivul-de-ce\/\" class=\"crp_link post-113596\"><span class=\"crp_title\">Ni se spune c\u0103 \u201eEpoca energiei ieftine pentru rom\u00e2ni s-a \u00eencheiat!\u201d dar se ocole\u0219te cu grij\u0103\u2026<\/span><\/a><\/li>\n<li><a href=\"https:\/\/r3media.ro\/niculina-stelea-aur-green-deal-bruxelles-energie\/\" class=\"crp_link post-120824\"><span class=\"crp_title\">Niculina Stelea (AUR): \u201eDelirul verde\u201d, intitulat pompos Green Deal de c\u0103tre Bruxelles, este\u2026<\/span><\/a><\/li>\n<li><a href=\"https:\/\/r3media.ro\/romania-consum-energie-electrica-locuitor-ue\/\" class=\"crp_link post-120830\"><span class=\"crp_title\">Rom\u00e2nia are cel mai mic consum de energie electric\u0103 pe cap locuitor din Uniunea European\u0103.\u2026<\/span><\/a><\/li>\n<li><a href=\"https:\/\/r3media.ro\/sursa-crizei-energetice-radu-miruta-romania-capacitati-carbune-seceta\/\" class=\"crp_link post-120768\"><span class=\"crp_title\">Sursa crizei energetice. Ministrul Radu Miru\u021b\u0103: Rom\u00e2nia a \u00eenchis capacit\u0103\u021bi de produc\u021bie pe\u2026<\/span><\/a><\/li>\n<li><a href=\"https:\/\/r3media.ro\/ilie-bolojan-dacia-ford-suspendare-productie-economie-energie\/\" class=\"crp_link post-120837\"><span class=\"crp_title\">Controvers\u0103: Dacia \u0219i Ford \u00ee\u0219i suspend\u0103 produc\u021bia pentru a face economie la energie sau nu?<\/span><\/a><\/li>\n<li><a href=\"https:\/\/r3media.ro\/consumul-in-romania-prabusit-radu-georgescu-guvernul-bolojan-model-venezuela-inflatie-2026-pregatire-financiara-mentala\/\" class=\"crp_link post-114384\"><span class=\"crp_title\">Consumul \u00een Rom\u00e2nia s-a pr\u0103bu\u0219it | Radu Georgescu: \u00cen acest ritm, Guvernul Bolojan va lua\u2026<\/span><\/a><\/li>\n<li><a href=\"https:\/\/r3media.ro\/cehia-capacitati-carbune-romania-criza-energetica\/\" class=\"crp_link post-120782\"><span class=\"crp_title\">Cehia a \u00eenchis doar o treime din capacit\u0103\u021bile pe c\u0103rbune, \u00een ultimii 14 ani \u0219i nu trece prin\u2026<\/span><\/a><\/li>\n<li><a href=\"https:\/\/r3media.ro\/romania-importa-energie-ucraina-ilie-bolojan-stare-de-alerta\/\" class=\"crp_link post-120674\"><span class=\"crp_title\">Rom\u00e2nia a ajuns s\u0103 importe energie de la Ucraina, stat aflat \u00een r\u0103zboi. Ilie Bolojan a\u2026<\/span><\/a><\/li>\n<\/ul>\n<\/div>\n<\/div>\n<\/div>\n<div class=\"td_block_wrap tdb_single_tags tdi_19 td-pb-border-top td_block_template_1\" data-td-block-uid=\"tdi_19\">\n<div class=\"tdb-block-inner td-fix-index\">\n<ul class=\"tdb-tags\">\n<li><span>SUBIECTE FIERBIN\u021aI<\/span><\/li>\n<li><a href=\"https:\/\/r3media.ro\/tag\/criza-energetica\/\">criza energetica<\/a><\/li>\n<li><a href=\"https:\/\/r3media.ro\/tag\/energie-romania\/\">energie romania<\/a><\/li>\n<li><a href=\"https:\/\/r3media.ro\/tag\/guvernul-bolojan\/\">guvernul bolojan<\/a><\/li>\n<li><a href=\"https:\/\/r3media.ro\/tag\/incalzirea-globala-si-ecologism\/\">incalzirea globala si ecologism<\/a><\/li>\n<li><a href=\"https:\/\/r3media.ro\/tag\/planul-national-de-redresare-si-rezilienta-pnrr\/\">Planul Na\u0163ional de Redresare \u015fi Rezilien\u0163\u0103 (PNRR)<\/a><\/li>\n<\/ul>\n<\/div>\n<\/div>\n<div class=\"td_block_wrap td_block_9 tdi_20 td_with_ajax_pagination td-pb-border-top td_block_template_1 td-column-2 td_block_padding td_block_bot_line\" data-td-block-uid=\"tdi_20\">\n<div class=\"td-block-title-wrap\">\n<h4 class=\"block-title td-block-title\"><span class=\"td-pulldown-size\">CITE\u0218TE MAI MULT<\/span><\/h4>\n<\/div>\n<div id=\"tdi_20\" class=\"td_block_inner\">\n<div class=\"td-block-row\">\n<div class=\"td-block-span6\">\n<div class=\"td_module_8 td_module_wrap\">\n<div class=\"item-details\">\n<h3 class=\"entry-title td-module-title\"><a href=\"https:\/\/r3media.ro\/fani-stapanul-inelelor-surpriza-sezonul-3-sauron\/\" rel=\"bookmark\" title=\"Fanii \u201eSt\u0103p\u00e2nul Inelelor\u201c ar putea avea o surpriz\u0103 \u00een sezonul 3 din serialul \u201eInelele Puterii\u201c. Sauron se va confrunta cu o creatur\u0103 de temut\">Fanii \u201eSt\u0103p\u00e2nul Inelelor\u201c ar putea avea o surpriz\u0103 \u00een sezonul 3 din serialul \u201eInelele&#8230;<\/a><\/h3>\n<div class=\"td-module-meta-info\"><a href=\"https:\/\/r3media.ro\/category\/stiri-prim-plan\/\" class=\"td-post-category\">PRIM PLAN<\/a><span class=\"td-post-author-name\"><a href=\"https:\/\/r3media.ro\/author\/oana\/\">Oana Ivan<\/a><span>&#8211;<\/span><\/span><span class=\"td-post-date\"><time class=\"entry-date updated td-module-date\" datetime=\"2026-08-08T00:19:31+03:00\">08\/08\/2026<\/time><\/span><\/div>\n<\/div>\n<\/div>\n<\/div>\n<div class=\"td-block-span6\">\n<div class=\"td_module_8 td_module_wrap\">\n<div class=\"item-details\">\n<h3 class=\"entry-title td-module-title\"><a href=\"https:\/\/r3media.ro\/show-iluzie-si-realitate-de-la-the-truman-show-la-son-of-a-rich\/\" rel=\"bookmark\" title=\"Show, iluzie \u0219i realitate: de la The Truman Show la Son of a Rich\">Show, iluzie \u0219i realitate: de la The Truman Show la Son of a Rich<\/a><\/h3>\n<div class=\"td-module-meta-info\"><a href=\"https:\/\/r3media.ro\/category\/opinii\/\" class=\"td-post-category\">OPINII<\/a><span class=\"td-post-author-name\"><a href=\"https:\/\/r3media.ro\/author\/costi_balasoiu\/\">Constantin B\u0103l\u0103\u0219oiu<\/a><span>&#8211;<\/span><\/span><span class=\"td-post-date\"><time class=\"entry-date updated td-module-date\" datetime=\"2026-08-08T15:30:25+03:00\">08\/08\/2026<\/time><\/span><\/div>\n<\/div>\n<\/div>\n<\/div>\n<\/div>\n<div class=\"td-block-row\">\n<div class=\"td-block-span6\">\n<div class=\"td_module_8 td_module_wrap\">\n<div class=\"item-details\">\n<h3 class=\"entry-title td-module-title\"><a href=\"https:\/\/r3media.ro\/kia-recheama-service-prima-generatie-masini-electrice-e-niro-risc-incendiu\/\" rel=\"bookmark\" title=\"Kia recheam\u0103 \u00een service prima genera\u021bie de ma\u0219ini electrice e-Niro din cauza riscului de incendiu\">Kia recheam\u0103 \u00een service prima genera\u021bie de ma\u0219ini electrice e-Niro din cauza riscului de&#8230;<\/a><\/h3>\n<div class=\"td-module-meta-info\"><a href=\"https:\/\/r3media.ro\/category\/actualitate\/\" class=\"td-post-category\">ACTUALITATE<\/a><span class=\"td-post-author-name\"><a href=\"https:\/\/r3media.ro\/author\/oana\/\">Oana Ivan<\/a><span>&#8211;<\/span><\/span><span class=\"td-post-date\"><time class=\"entry-date updated td-module-date\" datetime=\"2026-08-06T17:07:42+03:00\">06\/08\/2026<\/time><\/span><\/div>\n<\/div>\n<\/div>\n<\/div>\n<div class=\"td-block-span6\">\n<div class=\"td_module_8 td_module_wrap\">\n<div class=\"item-details\">\n<h3 class=\"entry-title td-module-title\"><a href=\"https:\/\/r3media.ro\/david-popovici-fair-play-sportivi-rusi-competitii\/\" rel=\"bookmark\" title=\"David Popovici, fair-play la revenirea sportivilor ru\u0219i \u00een competi\u021bii: Le urez succes, sper s\u0103 fiu mai bun dec\u00e2t ei\">David Popovici, fair-play la revenirea sportivilor ru\u0219i \u00een competi\u021bii: Le urez succes, sper s\u0103&#8230;<\/a><\/h3>\n<div class=\"td-module-meta-info\"><a href=\"https:\/\/r3media.ro\/category\/stiri-prim-plan\/\" class=\"td-post-category\">PRIM PLAN<\/a><span class=\"td-post-author-name\"><a href=\"https:\/\/r3media.ro\/author\/redactia\/\">Redac\u021bia<\/a><span>&#8211;<\/span><\/span><span class=\"td-post-date\"><time class=\"entry-date updated td-module-date\" datetime=\"2026-08-07T15:07:51+03:00\">07\/08\/2026<\/time><\/span><\/div>\n<\/div>\n<\/div>\n<\/div>\n<\/div>\n<div class=\"td-block-row\">\n<div class=\"td-block-span6\">\n<div class=\"td_module_8 td_module_wrap\">\n<div class=\"item-details\">\n<h3 class=\"entry-title td-module-title\"><a href=\"https:\/\/r3media.ro\/drona-gasita-mare-mamaia-zona-loft-video\/\" rel=\"bookmark\" title=\"VIDEO | O dron\u0103 a fost g\u0103sit\u0103 \u00een mare, \u00een Mamaia, \u00een zona Loft\">VIDEO | O dron\u0103 a fost g\u0103sit\u0103 \u00een mare, \u00een Mamaia, \u00een zona Loft<\/a><\/h3>\n<div class=\"td-module-meta-info\"><a href=\"https:\/\/r3media.ro\/category\/actualitate\/\" class=\"td-post-category\">ACTUALITATE<\/a><span class=\"td-post-author-name\"><a href=\"https:\/\/r3media.ro\/author\/oana\/\">Oana Ivan<\/a><span>&#8211;<\/span><\/span><span class=\"td-post-date\"><time class=\"entry-date updated td-module-date\" datetime=\"2026-08-05T21:48:11+03:00\">05\/08\/2026<\/time><\/span><\/div>\n<\/div>\n<\/div>\n<\/div>\n<div class=\"td-block-span6\">\n<div class=\"td_module_8 td_module_wrap\">\n<div class=\"item-details\">\n<h3 class=\"entry-title td-module-title\"><a href=\"https:\/\/r3media.ro\/cand-incepe-scoala-in-2026-structura-an-nou-scolar\/\" rel=\"bookmark\" title=\"C\u00e2nd \u00eencepe \u0219coala \u00een 2026: Structura noului an \u0219colar, vacan\u021bele \u0219i zilele libere\">C\u00e2nd \u00eencepe \u0219coala \u00een 2026: Structura noului an \u0219colar, vacan\u021bele \u0219i zilele libere<\/a><\/h3>\n<div class=\"td-module-meta-info\"><a href=\"https:\/\/r3media.ro\/category\/actualitate\/\" class=\"td-post-category\">ACTUALITATE<\/a><span class=\"td-post-author-name\"><a href=\"https:\/\/r3media.ro\/author\/oana\/\">Oana Ivan<\/a><span>&#8211;<\/span><\/span><span class=\"td-post-date\"><time class=\"entry-date updated td-module-date\" datetime=\"2026-08-03T22:23:20+03:00\">03\/08\/2026<\/time><\/span><\/div>\n<\/div>\n<\/div>\n<\/div>\n<\/div>\n<div class=\"td-block-row\">\n<div class=\"td-block-span6\">\n<div class=\"td_module_8 td_module_wrap\">\n<div class=\"item-details\">\n<h3 class=\"entry-title td-module-title\"><a href=\"https:\/\/r3media.ro\/tara-europa-norvegia-masini-electrice-inmatriculate-cota-ridicata\/\" rel=\"bookmark\" title=\"\u021aara din Europa unde aproape toate ma\u0219inile \u00eenmatriculate sune electrice. Cota a ajuns la 97,6% \u00een iulie\">\u021aara din Europa unde aproape toate ma\u0219inile \u00eenmatriculate sune electrice. Cota a ajuns la&#8230;<\/a><\/h3>\n<div class=\"td-module-meta-info\"><a href=\"https:\/\/r3media.ro\/category\/actualitate\/\" class=\"td-post-category\">ACTUALITATE<\/a><span class=\"td-post-author-name\"><a href=\"https:\/\/r3media.ro\/author\/oana\/\">Oana Ivan<\/a><span>&#8211;<\/span><\/span><span class=\"td-post-date\"><time class=\"entry-date updated td-module-date\" datetime=\"2026-08-03T17:01:21+03:00\">03\/08\/2026<\/time><\/span><\/div>\n<\/div>\n<\/div>\n<\/div>\n<div class=\"td-block-span6\">\n<div class=\"td_module_8 td_module_wrap\">\n<div class=\"item-details\">\n<h3 class=\"entry-title td-module-title\"><a href=\"https:\/\/r3media.ro\/puterea-mitologica-instalata-a-romaniei\/\" rel=\"bookmark\" title=\"Puterea mitologic\u0103 instalat\u0103 a Rom\u00e2niei\">Puterea mitologic\u0103 instalat\u0103 a Rom\u00e2niei<\/a><\/h3>\n<div class=\"td-module-meta-info\"><a href=\"https:\/\/r3media.ro\/category\/opinii\/\" class=\"td-post-category\">OPINII<\/a><span class=\"td-post-author-name\"><a href=\"https:\/\/r3media.ro\/author\/tru\/\">TRU (Traian Ungureanu)<\/a><span>&#8211;<\/span><\/span><span class=\"td-post-date\"><time class=\"entry-date updated td-module-date\" datetime=\"2026-08-02T22:08:04+03:00\">02\/08\/2026<\/time><\/span><\/div>\n<\/div>\n<\/div>\n<\/div>\n<\/div>\n<div class=\"td-block-row\">\n<div class=\"td-block-span6\">\n<div class=\"td_module_8 td_module_wrap\">\n<div class=\"item-details\">\n<h3 class=\"entry-title td-module-title\"><a href=\"https:\/\/r3media.ro\/hyundai-recheama-service-masini-electrice-inster-risc-incendiu\/\" rel=\"bookmark\" title=\"Hyundai recheam\u0103 \u00een service zeci de mii de ma\u0219ini electrice din cauza riscului de incendiu\">Hyundai recheam\u0103 \u00een service zeci de mii de ma\u0219ini electrice din cauza riscului de&#8230;<\/a><\/h3>\n<div class=\"td-module-meta-info\"><a href=\"https:\/\/r3media.ro\/category\/actualitate\/\" class=\"td-post-category\">ACTUALITATE<\/a><span class=\"td-post-author-name\"><a href=\"https:\/\/r3media.ro\/author\/oana\/\">Oana Ivan<\/a><span>&#8211;<\/span><\/span><span class=\"td-post-date\"><time class=\"entry-date updated td-module-date\" datetime=\"2026-08-02T08:34:05+03:00\">02\/08\/2026<\/time><\/span><\/div>\n<\/div>\n<\/div>\n<\/div>\n<div class=\"td-block-span6\">\n<div class=\"td_module_8 td_module_wrap\">\n<div class=\"item-details\">\n<h3 class=\"entry-title td-module-title\"><a href=\"https:\/\/r3media.ro\/dragostea-care-transcende-epoci-descult-in-parc-1967\/\" rel=\"bookmark\" title=\"Dragostea care transcende epoci \u2014 Descul\u021b \u00een parc (1967)\">Dragostea care transcende epoci \u2014 Descul\u021b \u00een parc (1967)<\/a><\/h3>\n<div class=\"td-module-meta-info\"><a href=\"https:\/\/r3media.ro\/category\/opinii\/\" class=\"td-post-category\">OPINII<\/a><span class=\"td-post-author-name\"><a href=\"https:\/\/r3media.ro\/author\/costi_balasoiu\/\">Constantin B\u0103l\u0103\u0219oiu<\/a><span>&#8211;<\/span><\/span><span class=\"td-post-date\"><time class=\"entry-date updated td-module-date\" datetime=\"2026-08-01T13:45:14+03:00\">01\/08\/2026<\/time><\/span><\/div>\n<\/div>\n<\/div>\n<\/div>\n<\/div>\n<div class=\"td-block-row\">\n<div class=\"td-block-span6\">\n<div class=\"td_module_8 td_module_wrap\">\n<div class=\"item-details\">\n<h3 class=\"entry-title td-module-title\"><a href=\"https:\/\/r3media.ro\/masina-electrica-foc-turcia-incarcat-vehicul-explozie-pompieri-stingere-incendiu-video\/\" rel=\"bookmark\" title=\"VIDEO | O ma\u0219in\u0103 electric\u0103 a luat foc \u00een timp ce se afla la \u00eenc\u0103rcat. Vehiculul a explodat chiar c\u00e2nd pompierii \u00eencercau s\u0103 sting\u0103 incendiul folosind o p\u0103tur\u0103 ignifug\u0103\">VIDEO | O ma\u0219in\u0103 electric\u0103 a luat foc \u00een timp ce se afla la&#8230;<\/a><\/h3>\n<div class=\"td-module-meta-info\"><a href=\"https:\/\/r3media.ro\/category\/actualitate\/\" class=\"td-post-category\">ACTUALITATE<\/a><span class=\"td-post-author-name\"><a href=\"https:\/\/r3media.ro\/author\/oana\/\">Oana Ivan<\/a><span>&#8211;<\/span><\/span><span class=\"td-post-date\"><time class=\"entry-date updated td-module-date\" datetime=\"2026-07-31T13:33:48+03:00\">31\/07\/2026<\/time><\/span><\/div>\n<\/div>\n<\/div>\n<\/div>\n<div class=\"td-block-span6\">\n<div class=\"td_module_8 td_module_wrap\">\n<div class=\"item-details\">\n<h3 class=\"entry-title td-module-title\"><a href=\"https:\/\/r3media.ro\/spania-asediu-migranti-exclava-ceuta-africa-madrid-trupe-securitate-video\/\" rel=\"bookmark\" title=\"VIDEO | Spania se afl\u0103 sub asediu: Mii de migran\u021bi au luat cu asalt exclava Ceuta din Africa. Madridul a trimis trupe pentru a consolida securitatea\">VIDEO | Spania se afl\u0103 sub asediu: Mii de migran\u021bi au luat cu asalt&#8230;<\/a><\/h3>\n<div class=\"td-module-meta-info\"><a href=\"https:\/\/r3media.ro\/category\/actualitate\/\" class=\"td-post-category\">ACTUALITATE<\/a><span class=\"td-post-author-name\"><a href=\"https:\/\/r3media.ro\/author\/oana\/\">Oana Ivan<\/a><span>&#8211;<\/span><\/span><span class=\"td-post-date\"><time class=\"entry-date updated td-module-date\" datetime=\"2026-07-31T12:39:57+03:00\">31\/07\/2026<\/time><\/span><\/div>\n<\/div>\n<\/div>\n<\/div>\n<\/div>\n<\/div>\n<div class=\"td-load-more-wrap td-load-more-infinite-wrap\" id=\"infinite-lm-tdi_20\"><a href=\"https:\/\/r3media.ro\/fara-apa-fara-curent-fara-viitor-cum-au-sacrificat-pro-europenii-romania-pe-altarul-ecologiei-ieftine\/\" class=\"td_ajax_load_more td_ajax_load_more_js\" aria-label=\"\u00cenc\u0103rca\u021bi mai multe\" id=\"next-page-tdi_20\" data-td_block_id=\"tdi_20\">\u00cenc\u0103rca\u021bi mai multe<\/a><\/div>\n<\/div>\n<div class=\"td_block_wrap tdb_single_comments tdi_21 tdb-comm-layout2 td-pb-border-top td_block_template_1\" data-td-block-uid=\"tdi_21\">\n<div class=\"tdb-block-inner td-fix-index\">\n<div class=\"comments\" id=\"comments\">\n<div class=\"td-comments-title-wrap td_block_template_1\">\n<h4 class=\"td-comments-title block-title\"><span>1 COMENTARIU<\/span><\/h4>\n<\/div>\n<ol class=\"comment-list\">\n<li class=\"comment \" id=\"comment-40358\">\n<article>\n<footer><cite>Isabel<\/cite><a class=\"comment-link\" href=\"https:\/\/r3media.ro\/fara-apa-fara-curent-fara-viitor-cum-au-sacrificat-pro-europenii-romania-pe-altarul-ecologiei-ieftine\/#comment-40358\"><time><br \/>\n08\/08\/2026\t\t\t\t\t\t    La\t\t\t\t\t\t    22:47<\/time><\/a><\/footer>\n<div class=\"comment-content\">\n<p>Sa speram ca la urmatoarele alegeri vor castiga pro-romanii.<br \/>\nAltfel, nu mai avem sanse\u2026<\/p>\n<\/div>\n<div class=\"comment-meta\" id=\"comment-40358\"><a rel=\"nofollow\" class=\"comment-reply-link\" href=\"https:\/\/r3media.ro\/fara-apa-fara-curent-fara-viitor-cum-au-sacrificat-pro-europenii-romania-pe-altarul-ecologiei-ieftine\/#comment-40358\" data-commentid=\"40358\" data-postid=\"121034\" data-belowelement=\"comment-40358\" data-respondelement=\"respond\" data-replyto=\"R\u0103spunde-i lui Isabel\" aria-label=\"R\u0103spunde-i lui Isabel\">R\u0103spund<\/a><\/div>\n<\/article>\n<\/li>\n<\/ol>\n<div id=\"respond\" class=\"comment-respond\">\n<h3 id=\"reply-title\" class=\"comment-reply-title\">AI CEVA DE SPUS? <small><a rel=\"nofollow\" id=\"cancel-comment-reply-link\" href=\"https:\/\/r3media.ro\/fara-apa-fara-curent-fara-viitor-cum-au-sacrificat-pro-europenii-romania-pe-altarul-ecologiei-ieftine\/#respond\">Renun\u021ba\u021bi la r\u0103spuns<\/a><\/small><\/h3>\n<div class=\"comment-form-input-wrap td-form-comment\">\n<div class=\"td-warning-comment\">V\u0103 rug\u0103m s\u0103 introduce\u021bi comentariul dvs.!<\/div>\n<\/div>\n<div class=\"comment-form-input-wrap td-form-author\">\n<div class=\"td-warning-author\">Introduce\u021bi aici numele dvs.<\/div>\n<\/div>\n<div class=\"comment-form-input-wrap td-form-email\">\n<div class=\"td-warning-email-error\">A\u021bi introdus o adres\u0103 de e-mail incorect\u0103!<\/div>\n<div class=\"td-warning-email\">V\u0103 rug\u0103m s\u0103 introduce\u021bi adresa dvs. de e-mail aici<\/div>\n<\/div>\n<\/div>\n<\/div>\n<\/div>\n<\/div>\n<\/div>\n<\/div>\n<div class=\"vc_column tdi_23  wpb_column vc_column_container tdc-column td-pb-span4 td-is-sticky\">\n<div class=\"wpb_wrapper\" data-sticky-enabled-on=\"W3RydWUsdHJ1ZSx0cnVlLHRydWVd\" data-sticky-offset=\"20\" data-sticky-is-width-auto=\"W2ZhbHNlLGZhbHNlLGZhbHNlLGZhbHNlXQ==\">\n<div class=\"wpb_wrapper td_block_wrap vc_widget_sidebar tdi_25 \">\n<div class=\"td_block_wrap td_block_7 td_block_widget tdi_26 td-pb-border-top td_block_template_1 td-column-1 td_block_padding\" data-td-block-uid=\"tdi_26\">\n<div class=\"td-block-title-wrap\">\n<h4 class=\"block-title td-block-title\"><span class=\"td-pulldown-size\">Articole RELA\u021aIONATE<\/span><\/h4>\n<\/div>\n<div id=\"tdi_26\" class=\"td_block_inner\">\n<div class=\"td-block-span12\">\n<div class=\"td_module_6 td_module_wrap td-animation-stack\">\n<div class=\"td-module-thumb\"><a href=\"https:\/\/r3media.ro\/9-august-moartea-lui-mihai-viteazu-primul-unificator-al-romanilor\/\" rel=\"bookmark\" class=\"td-image-wrap \" title=\"Calendarul zilei 9 august: 425 de ani de la moartea lui Mihai Viteazul. Primul unificator al rom\u00e2nilor a fost ucis mi\u0219ele\u0219te chiar de alia\u021bii s\u0103i\"><img loading=\"lazy\" decoding=\"async\" class=\"entry-thumb\" src=\"https:\/\/r3media.ro\/wp-content\/uploads\/2021\/08\/Asasinarea-lui-Mihai-Viteazul-1024x715-1-100x70.jpg\" alt title=\"Calendarul zilei 9 august: 425 de ani de la moartea lui Mihai Viteazul. Primul unificator al rom\u00e2nilor a fost ucis mi\u0219ele\u0219te chiar de alia\u021bii s\u0103i\" width=\"100\" height=\"70\"><\/a><\/div>\n<div class=\"item-details\">\n<h3 class=\"entry-title td-module-title\"><a href=\"https:\/\/r3media.ro\/9-august-moartea-lui-mihai-viteazu-primul-unificator-al-romanilor\/\" rel=\"bookmark\" title=\"Calendarul zilei 9 august: 425 de ani de la moartea lui Mihai Viteazul. Primul unificator al rom\u00e2nilor a fost ucis mi\u0219ele\u0219te chiar de alia\u021bii s\u0103i\">Calendarul zilei 9 august: 425 de ani de la moartea lui&#8230;<\/a><\/h3>\n<div class=\"td-module-meta-info\"><span class=\"td-post-date\"><time class=\"entry-date updated td-module-date\" datetime=\"2026-08-08T22:20:24+03:00\">08\/08\/2026<\/time><\/span><\/div>\n<\/div>\n<\/div>\n<\/div>\n<div class=\"td-block-span12\">\n<div class=\"td_module_6 td_module_wrap td-animation-stack\">\n<div class=\"td-module-thumb\"><a href=\"https:\/\/r3media.ro\/calendarul-zilei-9-august-sfantul-apostol-matia\/\" rel=\"bookmark\" class=\"td-image-wrap \" title=\"Calendarul zilei 9 august: Sf\u00e2ntul Apostol Matia\"><img loading=\"lazy\" decoding=\"async\" class=\"entry-thumb\" src=\"https:\/\/r3media.ro\/wp-content\/uploads\/2023\/08\/sddefault-2-100x70.jpg\" alt title=\"Calendarul zilei 9 august: Sf\u00e2ntul Apostol Matia\" width=\"100\" height=\"70\"><\/a><\/div>\n<div class=\"item-details\">\n<h3 class=\"entry-title td-module-title\"><a href=\"https:\/\/r3media.ro\/calendarul-zilei-9-august-sfantul-apostol-matia\/\" rel=\"bookmark\" title=\"Calendarul zilei 9 august: Sf\u00e2ntul Apostol Matia\">Calendarul zilei 9 august: Sf\u00e2ntul Apostol Matia<\/a><\/h3>\n<div class=\"td-module-meta-info\"><span class=\"td-post-date\"><time class=\"entry-date updated td-module-date\" datetime=\"2026-08-08T22:19:56+03:00\">08\/08\/2026<\/time><\/span><\/div>\n<\/div>\n<\/div>\n<\/div>\n<div class=\"td-block-span12\">\n<div class=\"td_module_6 td_module_wrap td-animation-stack\">\n<div class=\"td-module-thumb\"><a href=\"https:\/\/r3media.ro\/papi-si-conclavuri-traditie-si-anticlericalism-in-cinema-cei-doi-papi-si-conclavul\/\" rel=\"bookmark\" class=\"td-image-wrap \" title=\"Papi \u0219i conclavuri, tradi\u021bie \u0219i anticlericalism \u00een cinema: Cei doi papi \u0219i Conclavul\"><img loading=\"lazy\" decoding=\"async\" class=\"entry-thumb\" src=\"https:\/\/r3media.ro\/wp-content\/uploads\/2026\/08\/cei-doi-papi-100x70.jpg\" alt title=\"Papi \u0219i conclavuri, tradi\u021bie \u0219i anticlericalism \u00een cinema: Cei doi papi \u0219i Conclavul\" width=\"100\" height=\"70\"><\/a><\/div>\n<div class=\"item-details\">\n<h3 class=\"entry-title td-module-title\"><a href=\"https:\/\/r3media.ro\/papi-si-conclavuri-traditie-si-anticlericalism-in-cinema-cei-doi-papi-si-conclavul\/\" rel=\"bookmark\" title=\"Papi \u0219i conclavuri, tradi\u021bie \u0219i anticlericalism \u00een cinema: Cei doi papi \u0219i Conclavul\">Papi \u0219i conclavuri, tradi\u021bie \u0219i anticlericalism \u00een cinema: Cei doi papi&#8230;<\/a><\/h3>\n<div class=\"td-module-meta-info\"><span class=\"td-post-date\"><time class=\"entry-date updated td-module-date\" datetime=\"2026-08-08T22:07:22+03:00\">08\/08\/2026<\/time><\/span><\/div>\n<\/div>\n<\/div>\n<\/div>\n<div class=\"td-block-span12\">\n<div class=\"td_module_6 td_module_wrap td-animation-stack\">\n<div class=\"td-module-thumb\"><a href=\"https:\/\/r3media.ro\/bulgaria-drona-ucraineana-kiev-ucraina\/\" rel=\"bookmark\" class=\"td-image-wrap \" title=\"Bulgaria anun\u0163\u0103 c\u0103 drona explodat\u0103 l\u00e2ng\u0103 gazoductul transbalcanic e ucrainean\u0103 \u015fi a convocat-o pe ambasadoarea Kievului. Ucraina transmite c\u0103 nu vizeaz\u0103 \u201e\u00een mod deliberat\u201d Bulgaria\"><img loading=\"lazy\" decoding=\"async\" class=\"entry-thumb\" src=\"https:\/\/r3media.ro\/wp-content\/uploads\/2022\/12\/bulgaria-2115804_960_720-100x70.jpg\" alt title=\"Bulgaria anun\u0163\u0103 c\u0103 drona explodat\u0103 l\u00e2ng\u0103 gazoductul transbalcanic e ucrainean\u0103 \u015fi a convocat-o pe ambasadoarea Kievului. Ucraina transmite c\u0103 nu vizeaz\u0103 \u201e\u00een mod deliberat\u201d Bulgaria\" width=\"100\" height=\"70\"><\/a><\/div>\n<div class=\"item-details\">\n<h3 class=\"entry-title td-module-title\"><a href=\"https:\/\/r3media.ro\/bulgaria-drona-ucraineana-kiev-ucraina\/\" rel=\"bookmark\" title=\"Bulgaria anun\u0163\u0103 c\u0103 drona explodat\u0103 l\u00e2ng\u0103 gazoductul transbalcanic e ucrainean\u0103 \u015fi a convocat-o pe ambasadoarea Kievului. Ucraina transmite c\u0103 nu vizeaz\u0103 \u201e\u00een mod deliberat\u201d Bulgaria\">Bulgaria anun\u0163\u0103 c\u0103 drona explodat\u0103 l\u00e2ng\u0103 gazoductul transbalcanic e ucrainean\u0103 \u015fi&#8230;<\/a><\/h3>\n<div class=\"td-module-meta-info\"><span class=\"td-post-date\"><time class=\"entry-date updated td-module-date\" datetime=\"2026-08-08T22:06:53+03:00\">08\/08\/2026<\/time><\/span><\/div>\n<\/div>\n<\/div>\n<\/div>\n<div class=\"td-block-span12\">\n<div class=\"td_module_6 td_module_wrap td-animation-stack\">\n<div class=\"td-module-thumb\"><a href=\"https:\/\/r3media.ro\/adrian-agachi-bor-sadhguru-untold-cluj\/\" rel=\"bookmark\" class=\"td-image-wrap \" title=\"Pr. Adrian Agachi (BOR), dup\u0103 ce Sadhguru a urcat pe scena UNTOLD: Nu, dragilor, f\u0103r\u0103 oameni planeta nu ar fi mai bun\u0103, planeta \u0219i-ar rata definitiv scopul!\"><img loading=\"lazy\" decoding=\"async\" class=\"entry-thumb\" src=\"https:\/\/r3media.ro\/wp-content\/uploads\/2026\/04\/adrian-agachi-100x70.png\" alt title=\"Pr. Adrian Agachi (BOR), dup\u0103 ce Sadhguru a urcat pe scena UNTOLD: Nu, dragilor, f\u0103r\u0103 oameni planeta nu ar fi mai bun\u0103, planeta \u0219i-ar rata definitiv scopul!\" width=\"100\" height=\"70\"><\/a><\/div>\n<div class=\"item-details\">\n<h3 class=\"entry-title td-module-title\"><a href=\"https:\/\/r3media.ro\/adrian-agachi-bor-sadhguru-untold-cluj\/\" rel=\"bookmark\" title=\"Pr. Adrian Agachi (BOR), dup\u0103 ce Sadhguru a urcat pe scena UNTOLD: Nu, dragilor, f\u0103r\u0103 oameni planeta nu ar fi mai bun\u0103, planeta \u0219i-ar rata definitiv scopul!\">Pr. Adrian Agachi (BOR), dup\u0103 ce Sadhguru a urcat pe scena&#8230;<\/a><\/h3>\n<div class=\"td-module-meta-info\"><span class=\"td-post-date\"><time class=\"entry-date updated td-module-date\" datetime=\"2026-08-08T17:29:00+03:00\">08\/08\/2026<\/time><\/span><\/div>\n<\/div>\n<\/div>\n<\/div>\n<div class=\"td-block-span12\">\n<div class=\"td_module_6 td_module_wrap td-animation-stack\">\n<div class=\"td-module-thumb\"><a href=\"https:\/\/r3media.ro\/o-drona-a-intrat-in-bulgaria-dinspre-romania-si-a-explodat-la-100-de-metri-de-granita\/\" rel=\"bookmark\" class=\"td-image-wrap \" title=\"O dron\u0103 a intrat \u00een Bulgaria dinspre Rom\u00e2nia \u0219i a explodat la 100 de metri de grani\u021b\u0103\"><img loading=\"lazy\" decoding=\"async\" class=\"entry-thumb\" src=\"https:\/\/r3media.ro\/wp-content\/uploads\/2022\/11\/romania-bulgaria-cash-100x70.jpg\" alt title=\"O dron\u0103 a intrat \u00een Bulgaria dinspre Rom\u00e2nia \u0219i a explodat la 100 de metri de grani\u021b\u0103\" width=\"100\" height=\"70\"><\/a><\/div>\n<div class=\"item-details\">\n<h3 class=\"entry-title td-module-title\"><a href=\"https:\/\/r3media.ro\/o-drona-a-intrat-in-bulgaria-dinspre-romania-si-a-explodat-la-100-de-metri-de-granita\/\" rel=\"bookmark\" title=\"O dron\u0103 a intrat \u00een Bulgaria dinspre Rom\u00e2nia \u0219i a explodat la 100 de metri de grani\u021b\u0103\">O dron\u0103 a intrat \u00een Bulgaria dinspre Rom\u00e2nia \u0219i a explodat&#8230;<\/a><\/h3>\n<div class=\"td-module-meta-info\"><span class=\"td-post-date\"><time class=\"entry-date updated td-module-date\" datetime=\"2026-08-08T16:12:44+03:00\">08\/08\/2026<\/time><\/span><\/div>\n<\/div>\n<\/div>\n<\/div>\n<div class=\"td-block-span12\">\n<div class=\"td_module_6 td_module_wrap td-animation-stack\">\n<div class=\"td-module-thumb\"><a href=\"https:\/\/r3media.ro\/show-iluzie-si-realitate-de-la-the-truman-show-la-son-of-a-rich\/\" rel=\"bookmark\" class=\"td-image-wrap \" title=\"Show, iluzie \u0219i realitate: de la The Truman Show la Son of a Rich\"><img loading=\"lazy\" decoding=\"async\" class=\"entry-thumb\" src=\"https:\/\/r3media.ro\/wp-content\/uploads\/2026\/08\/the-truman-show-jim-carrey-100x70.webp\" alt title=\"Show, iluzie \u0219i realitate: de la The Truman Show la Son of a Rich\" width=\"100\" height=\"70\"><\/a><\/div>\n<div class=\"item-details\">\n<h3 class=\"entry-title td-module-title\"><a href=\"https:\/\/r3media.ro\/show-iluzie-si-realitate-de-la-the-truman-show-la-son-of-a-rich\/\" rel=\"bookmark\" title=\"Show, iluzie \u0219i realitate: de la The Truman Show la Son of a Rich\">Show, iluzie \u0219i realitate: de la The Truman Show la Son&#8230;<\/a><\/h3>\n<div class=\"td-module-meta-info\"><span class=\"td-post-date\"><time class=\"entry-date updated td-module-date\" datetime=\"2026-08-08T15:30:25+03:00\">08\/08\/2026<\/time><\/span><\/div>\n<\/div>\n<\/div>\n<\/div>\n<\/div>\n<\/div>\n<aside class=\"td_block_template_1 widget widget_recent_comments\">\n<h4 class=\"block-title\"><span>INTR\u0102 \u00ceN DISCU\u021aIE!<\/span><\/h4>\n<ul id=\"recentcomments\">\n<li class=\"recentcomments\"><span class=\"comment-author-link\">Isabel<\/span> la <a href=\"https:\/\/r3media.ro\/fara-apa-fara-curent-fara-viitor-cum-au-sacrificat-pro-europenii-romania-pe-altarul-ecologiei-ieftine\/#comment-40358\">F\u0103r\u0103 ap\u0103, f\u0103r\u0103 curent, f\u0103r\u0103 viitor: cum au sacrificat pro-europenii Rom\u00e2nia pe altarul ecologiei ieftine<\/a><\/li>\n<li class=\"recentcomments\"><span class=\"comment-author-link\">Nicu<\/span> la <a href=\"https:\/\/r3media.ro\/o-drona-a-intrat-in-bulgaria-dinspre-romania-si-a-explodat-la-100-de-metri-de-granita\/#comment-40357\">O dron\u0103 a intrat \u00een Bulgaria dinspre Rom\u00e2nia \u0219i a explodat la 100 de metri de grani\u021b\u0103<\/a><\/li>\n<li class=\"recentcomments\"><span class=\"comment-author-link\">Nicu<\/span> la <a href=\"https:\/\/r3media.ro\/adrian-agachi-bor-sadhguru-untold-cluj\/#comment-40356\">Pr. Adrian Agachi (BOR), dup\u0103 ce Sadhguru a urcat pe scena UNTOLD: Nu, dragilor, f\u0103r\u0103 oameni planeta nu ar fi mai bun\u0103, planeta \u0219i-ar rata definitiv scopul!<\/a><\/li>\n<li class=\"recentcomments\"><span class=\"comment-author-link\">Kostel<\/span> la <a href=\"https:\/\/r3media.ro\/david-popovici-fair-play-sportivi-rusi-competitii\/#comment-40355\">David Popovici, fair-play la revenirea sportivilor ru\u0219i \u00een competi\u021bii: Le urez succes, sper s\u0103 fiu mai bun dec\u00e2t ei<\/a><\/li>\n<li class=\"recentcomments\"><span class=\"comment-author-link\">IvanHose<\/span> la <a href=\"https:\/\/r3media.ro\/kia-recheama-service-prima-generatie-masini-electrice-e-niro-risc-incendiu\/#comment-40354\">Kia recheam\u0103 \u00een service prima genera\u021bie de ma\u0219ini electrice e-Niro din cauza riscului de incendiu<\/a><\/li>\n<li class=\"recentcomments\"><span class=\"comment-author-link\">Gelu<\/span> la <a href=\"https:\/\/r3media.ro\/un-tongalez-un-sud-african-si-un-australian-vor-evolua-pentru-nationala-de-rugby-a-romaniei\/#comment-40353\">Rugby: Un tongalez, un sud-african \u0219i un australian au depus jur\u0103m\u00e2ntul de credin\u021b\u0103 fa\u021b\u0103 de Rom\u00e2nia<\/a><\/li>\n<li class=\"recentcomments\"><span class=\"comment-author-link\">George<\/span> la <a href=\"https:\/\/r3media.ro\/mariuca-zaharia-fetita-12-ani-marasesti\/#comment-40352\">Calendarul zilei 6 august: M\u0103riuca Zaharia, feti\u021ba de 12 ani c\u0103zut\u0103 la M\u0103r\u0103\u0219e\u0219ti, care nu mai are loc \u00een manualele de istorie<\/a><\/li>\n<\/ul>\n<\/aside>\n<aside class=\"td_block_template_1 widget widget_search\">\n<h4 class=\"block-title\"><span>CAUT\u0102 \u0218I VEI G\u0102SI<\/span><\/h4>\n<\/aside>\n<\/div>\n<\/div>\n<\/div>\n<\/div>\n<\/div>\n<\/div>\n<\/div>\n<p><span class=\"td-page-meta\"><\/span><span class=\"td-page-meta\"><span class=\"td-page-meta\"><\/span><\/span><span class=\"td-page-meta\"><\/span><\/article>\n<\/p>\n<div class=\"td_block_wrap tdb_single_content tdi_18 td-pb-border-top td_block_template_1 td-post-content tagdiv-type\" data-td-block-uid=\"tdi_18\">\n<div class=\"tdb-block-inner td-fix-index\">\n<p><strong><a href=\"https:\/\/r3media.ro\/romania-importa-energie-ucraina-ilie-bolojan-stare-de-alerta\/\" target=\"_blank\" rel=\"noopener\">Stare de urgen\u021b\u0103 energetic\u0103<\/a> la nivelul Rom\u00e2niei pentru luna august pe fondul sc\u0103derii produc\u021biei de energie electric\u0103. <\/strong><\/p>\n<p>Dup\u0103 scumpirea de trei ori a energiei electrice \u00een ultimii 6 ani, iat\u0103 c\u0103 prostia antologic\u0103 a partidelor \u201epro-europene\u201d a \u00eempins Rom\u00e2nia \u00een cea mai grav\u0103 criz\u0103 energetic\u0103 din ultimii 35 de ani.<\/p>\n<p>Era perfect previzibil s\u0103 se \u00eent\u00e2mple acest lucru mai devreme sau mai t\u00e2rziu. Am fost destui care am criticat \u0219i prev\u0103zut asta \u00eenc\u0103 din 2021, atunci c\u00e2nd Rom\u00e2nia includea \u00een PNRR \u00eenchiderea a ~3000MW capacitate de produc\u021bie a energiei electrice pe c\u0103rbune.<\/p>\n<p>E de men\u021bionat decizia \u0219i viziunea ilustrului prostovan Bolojan care \u00een 27 martie 2026, prin OUG, desfiin\u021ba \u0219i \u00eenchidea mai multe centrale pe c\u0103rbune pentru ca acum, c\u00e2nd se declan\u0219eaz\u0103 catastrofa \u0219i consumatorii ajung t\u0103ia\u021bi de la energie electric\u0103, s\u0103 dea vina pe \u201cgreaua mo\u0219tenire\u201d (generat\u0103 tot de ai lui) \u0219i s\u0103 anun\u021be c\u0103 centralele c\u0103rbune r\u0103mase vor func\u021biona la capacitate maxim\u0103.<\/p>\n<p>Problema e c\u0103 n-au mai r\u0103mas multe centrale pe c\u0103rbune disponibile care s\u0103 \u00eenlocuiasc\u0103 deficitul, \u00eentruc\u00e2t majoritatea au fost t\u0103iate la fier vechi anii trecu\u021bi \u2026 USR, de\u0219i acum se dezice, a fost partidul care a inclus cele mai agresive \u021binte de decarbonizare din UE prin PNRR, \u00een perioada 2020-2021 c\u00e2nd Ghinea era la Minister.<\/p>\n<p>PSD, PNL, UDMR au preluat \u0219i votat \u00eempreun\u0103 aceast\u0103 mo\u0219tenire dezastruoas\u0103, \u00eenchiz\u00e2nd ~3000 MW capacitate \u00eentre 2021 \u0219i 2026, f\u0103r\u0103 a construi mare lucru \u00een loc.<\/p>\n<p>Iar UE, prin Comisia European\u0103, a for\u021bat acest calendar de sinucidere economic\u0103, amenin\u021b\u00e2nd cu blocarea fondurilor de 1,8 miliarde \u0219i penalit\u0103\u021bi de 770 de milioane euro.<\/p>\n<p>Cu toate c\u0103 propaganda spal\u0103 creiera\u0219ele habarni\u0219tilor, nu seceta e doar elementul declan\u0219ator dar \u00een niciun caz principalul motiv al crizei energetice. De fapt un anumit nivel de secet\u0103 se \u00eenregistreaz\u0103 \u00een fiecare var\u0103, nu e un element total neprev\u0103zut sau excep\u021bional.<\/p>\n<p>Semin\u021bele crizei \u0219i sursa problemei o reprezentat\u0103 de \u00eenchiderea capacit\u0103\u021bilor energetice pe c\u0103rbune care ar fi trebuit s\u0103 asigure deficitul energetic \u00een perioadele \u00een care apare o sc\u0103dere a\u0219teptat\u0103 a cantit\u0103\u021bii de energie nuclear\u0103, hidro, eolian\u0103 sau fotovoltaic\u0103 introdus\u0103 \u00een sistem.<\/p>\n<p>Pe l\u00e2ng\u0103 asta, un element iar\u0103\u0219i cunoscut de c\u00e2\u021biva ani e acela c\u0103 unitatea #1 de la Cernavod\u0103 va fi oprit\u0103 pentru retehnologizare \u00eentre 2027-2029. Deci ad\u0103ug\u0103m un deficit adi\u021bionat de 700 MW, timp de 2 ani, nu de c\u00e2teva zile sau s\u0103pt\u0103m\u00e2ni!<\/p>\n<p>Deci e secet\u0103? Mai \u0219ti\u021bi c\u00e2nd Georgescu punea pe mas\u0103 programul \u201cAp\u0103, Hran\u0103 \u0219i Energie\u201d, spun\u00e2nd Rom\u00e2nia nu le gestioneaz\u0103 eficient iar cele 3 vor deveni foarte importante \u00een viitor? Viitorul e acum! Mai \u0219ti\u021bi cum r\u00e2deau de el prostanii care se credeau de\u0219tep\u021bi?<\/p>\n<p>Iac\u0103t\u0103, autorit\u0103\u021bile au oprit alimentarea cu ap\u0103 \u00een unele zone din \u021b\u0103r\u0103, energie electric\u0103 nu exist\u0103 suficient\u0103, motorina se apropie de 11 lei\/litrul iar explozia pre\u021bului gazului natural \u0219i a hranei va fi o supriza nepl\u0103cut\u0103 a iernii \u0219i anului viitor.<\/p>\n<p>Cum se combate seceta? P\u0103i barajele hidro au rol, pe l\u00e2ng\u0103 producerea energiei electrice, la atenuarea viiturilor \u00een perioada ploioas\u0103 \u0219i rezerv\u0103 de ap\u0103 \u00een perioada secetoas\u0103. Doar c\u0103 USR \u0219i ONG-urile gen Bankwatch, Delic, pl\u0103tite de UE, Soros, Germania, Norvegia au blocat sistematic \u00een ultimii 10+ ani construc\u021bia oric\u0103ror noi baraje hidro, chiar \u0219i proiecte finalizate \u00een propor\u021bie de 90%+.<\/p>\n<p>Parlamentul European a chiar votat o lege numit\u0103 \u2018Nature Restoration Law\u2019 care deschide porti\u021ba pentru d\u0103r\u00e2marea barajelor, cu scopul de a readuce arealul natural la stadiul original (unele zone la nivel de mla\u0219tin\u0103). Din moment ce \u201cproeuropenii\u201d, \u00een frunte cu USR, au reu\u0219it s\u0103 pun\u0103 pe butuci sistemul energetic rom\u00e2nesc, Rom\u00e2nia fiind singura \u021bar\u0103 din UE care a for\u021bat \u00eenchiderea complet\u0103 \u0219i rapid\u0103 a centralelor pe c\u0103rbune, oare e exagerat s\u0103 ne imagin\u0103m, dac\u0103 r\u00e2m\u00e2n la guvernare, c\u0103 vor distruge \u0219i c\u00e2teva baraje hidro pentru a servi ni\u0219te mla\u0219tini \u201ceco\u201d, care s\u0103 \u201ccapteze CO2\u201d?<\/p>\n<p>O unitate a centralei de la Cernavod\u0103 a fost oprit\u0103 iar cealalt\u0103 risc\u0103 s\u0103 fie oprit\u0103 \u00een zilele urm\u0103toare \u00eentruc\u00e2t nivelul apei Dun\u0103rii a sc\u0103zut sub priza de admisie care s\u0103 permit\u0103 r\u0103cirea adecvat\u0103.<\/p>\n<p>P\u0103i sta\u021bi pu\u021bin dragii mo\u0219ului \u2026 \u00een anii 1980, pe vremea lui Ceau\u0219escu, fusese planificat\u0103 o hidrocentral\u0103 \u0219i barajul aferent \u00een zona Turnu M\u0103gurele (Rom\u00e2nia) \u2013 Nicopole (Bulgaria).<\/p>\n<p>Pe l\u00e2ng\u0103 o putere instalat\u0103 de ~800MW, ar fi adus un nou pod rutier \u0219i feroviar \u00eentre Rom\u00e2nia-Bulgaria \u0219i o modalitate de atenuare a viiturilor \u0219i a secetei, plus securizarea aprovizion\u0103rii cu ap\u0103 inclusiv \u00een perioad\u0103 secetoas\u0103 a centralei nucleare de la Cernavod\u0103).<\/p>\n<p>Dar dictatorul a fost r\u0103sturnat \u00eenainte s\u0103 poat\u0103 construi proiectul iar acum UE \u0219i partidele progresiste gen USR bag\u0103 be\u021be \u00een roate oric\u0103rui nou proiect hidrotehnic. S\u0103 fim eco: s\u0103 ne r\u0103corim deschiz\u00e2nd geamul care aduce briza de 37 de grade C \u0219i parfumul glandelor sudoripare.<\/p>\n<p>Totu\u0219i cine r\u0103spunde pentru subminarea economiei na\u021bionale? De ce \u201cpro-europenii\u201d au eliminat infrac\u021biunea de subminare a economiei na\u021bionale din Codul Penal?<\/p>\n<p>C\u00e2nd vor r\u0103spunde vinova\u021bii? Ar fi cazul s\u0103 r\u0103spund\u0103: vorbim de pagube de zeci de miliarde cumulat \u00een ultimii ani, generate de penuria energiei electrice \u0219i pre\u021burile prohibitive care au distrus competitivitatea economic\u0103 a Rom\u00e2niei<\/p>\n<div class=\"crp_related     crp-masonry\">\n<h2>\u00ceN CONTEXT<\/h2>\n<ul>\n<li><a href=\"https:\/\/r3media.ro\/ni-se-spune-ca-epoca-energiei-ieftine-pentru-romani-s-a-incheiat-dar-se-ocoleste-cu-grija-motivul-de-ce\/\" class=\"crp_link post-113596\"><span class=\"crp_title\">Ni se spune c\u0103 \u201eEpoca energiei ieftine pentru rom\u00e2ni s-a \u00eencheiat!\u201d dar se ocole\u0219te cu grij\u0103\u2026<\/span><\/a><\/li>\n<li><a href=\"https:\/\/r3media.ro\/niculina-stelea-aur-green-deal-bruxelles-energie\/\" class=\"crp_link post-120824\"><span class=\"crp_title\">Niculina Stelea (AUR): \u201eDelirul verde\u201d, intitulat pompos Green Deal de c\u0103tre Bruxelles, este\u2026<\/span><\/a><\/li>\n<li><a href=\"https:\/\/r3media.ro\/romania-consum-energie-electrica-locuitor-ue\/\" class=\"crp_link post-120830\"><span class=\"crp_title\">Rom\u00e2nia are cel mai mic consum de energie electric\u0103 pe cap locuitor din Uniunea European\u0103.\u2026<\/span><\/a><\/li>\n<li><a href=\"https:\/\/r3media.ro\/sursa-crizei-energetice-radu-miruta-romania-capacitati-carbune-seceta\/\" class=\"crp_link post-120768\"><span class=\"crp_title\">Sursa crizei energetice. Ministrul Radu Miru\u021b\u0103: Rom\u00e2nia a \u00eenchis capacit\u0103\u021bi de produc\u021bie pe\u2026<\/span><\/a><\/li>\n<li><a href=\"https:\/\/r3media.ro\/ilie-bolojan-dacia-ford-suspendare-productie-economie-energie\/\" class=\"crp_link post-120837\"><span class=\"crp_title\">Controvers\u0103: Dacia \u0219i Ford \u00ee\u0219i suspend\u0103 produc\u021bia pentru a face economie la energie sau nu?<\/span><\/a><\/li>\n<li><a href=\"https:\/\/r3media.ro\/consumul-in-romania-prabusit-radu-georgescu-guvernul-bolojan-model-venezuela-inflatie-2026-pregatire-financiara-mentala\/\" class=\"crp_link post-114384\"><span class=\"crp_title\">Consumul \u00een Rom\u00e2nia s-a pr\u0103bu\u0219it | Radu Georgescu: \u00cen acest ritm, Guvernul Bolojan va lua\u2026<\/span><\/a><\/li>\n<li><a href=\"https:\/\/r3media.ro\/cehia-capacitati-carbune-romania-criza-energetica\/\" class=\"crp_link post-120782\"><span class=\"crp_title\">Cehia a \u00eenchis doar o treime din capacit\u0103\u021bile pe c\u0103rbune, \u00een ultimii 14 ani \u0219i nu trece prin\u2026<\/span><\/a><\/li>\n<li><a href=\"https:\/\/r3media.ro\/romania-importa-energie-ucraina-ilie-bolojan-stare-de-alerta\/\" class=\"crp_link post-120674\"><span class=\"crp_title\">Rom\u00e2nia a ajuns s\u0103 importe energie de la Ucraina, stat aflat \u00een r\u0103zboi. Ilie Bolojan a\u2026<\/span><\/a><\/li>\n<\/ul>\n<\/div>\n<\/div>\n<\/div>\n<p>[analyse_source url=&#8221;https:\/\/r3media.ro\/fara-apa-fara-curent-fara-viitor-cum-au-sacrificat-pro-europenii-romania-pe-altarul-ecologiei-ieftine\/&#8221;]<\/p>\n","protected":false},"excerpt":{"rendered":"<p>[analyse_image type=&#8221;featured&#8221; src=&#8221;https:\/\/r3media.ro\/wp-content\/uploads\/2026\/02\/energie-articol-e1770320084486.jpghttps:\/\/r3media.ro\/wp-content\/uploads\/2026\/02\/energie-articol-e1770320084486.jpg&#8221;] ENERGIEF\u0103r\u0103 ap\u0103, f\u0103r\u0103 curent, f\u0103r\u0103 viitor: cum au sacrificat pro-europenii Rom\u00e2nia pe&#8230; ENERGIEFEATURED\u0218TIRI F\u0103r\u0103 ap\u0103, f\u0103r\u0103 curent, f\u0103r\u0103 viitor: cum au sacrificat pro-europenii Rom\u00e2nia pe altarul ecologiei ieftine Paul-Daniel Laz\u0103r 08\/08\/2026 Stare de urgen\u021b\u0103 energetic\u0103 la nivelul Rom\u00e2niei pentru luna august pe fondul sc\u0103derii produc\u021biei de energie electric\u0103. Dup\u0103 scumpirea de trei [&hellip;]<\/p>\n","protected":false},"author":1,"featured_media":0,"comment_status":"open","ping_status":"","sticky":false,"template":"","format":"standard","meta":{"footnotes":""},"categories":[89],"tags":[226,93],"class_list":["post-2084411","post","type-post","status-publish","format-standard","hentry","category-romania","tag-crawlmanager","tag-r3media-ro"],"_links":{"self":[{"href":"https:\/\/analyse.optim.biz\/index.php?rest_route=\/wp\/v2\/posts\/2084411","targetHints":{"allow":["GET"]}}],"collection":[{"href":"https:\/\/analyse.optim.biz\/index.php?rest_route=\/wp\/v2\/posts"}],"about":[{"href":"https:\/\/analyse.optim.biz\/index.php?rest_route=\/wp\/v2\/types\/post"}],"author":[{"embeddable":true,"href":"https:\/\/analyse.optim.biz\/index.php?rest_route=\/wp\/v2\/users\/1"}],"replies":[{"embeddable":true,"href":"https:\/\/analyse.optim.biz\/index.php?rest_route=%2Fwp%2Fv2%2Fcomments&post=2084411"}],"version-history":[{"count":0,"href":"https:\/\/analyse.optim.biz\/index.php?rest_route=\/wp\/v2\/posts\/2084411\/revisions"}],"wp:attachment":[{"href":"https:\/\/analyse.optim.biz\/index.php?rest_route=%2Fwp%2Fv2%2Fmedia&parent=2084411"}],"wp:term":[{"taxonomy":"category","embeddable":true,"href":"https:\/\/analyse.optim.biz\/index.php?rest_route=%2Fwp%2Fv2%2Fcategories&post=2084411"},{"taxonomy":"post_tag","embeddable":true,"href":"https:\/\/analyse.optim.biz\/index.php?rest_route=%2Fwp%2Fv2%2Ftags&post=2084411"}],"curies":[{"name":"wp","href":"https:\/\/api.w.org\/{rel}","templated":true}]}}