{"id":2084410,"date":"2026-08-08T19:19:56","date_gmt":"2026-08-08T16:19:56","guid":{"rendered":"https:\/\/analyse.optim.biz\/?p=2084410"},"modified":"2026-08-08T19:19:56","modified_gmt":"2026-08-08T16:19:56","slug":"calendarul-zilei-9-august-sfantul-apostol-matia","status":"publish","type":"post","link":"https:\/\/analyse.optim.biz\/?p=2084410","title":{"rendered":"Calendarul zilei 9 august: Sf\u00e2ntul Apostol Matia"},"content":{"rendered":"<p>[analyse_image type=&#8221;featured&#8221; src=&#8221;https:\/\/r3media.ro\/wp-content\/uploads\/2023\/08\/sddefault-2.jpghttps:\/\/r3media.ro\/wp-content\/uploads\/2023\/08\/sddefault-2.jpg&#8221;]<\/p>\n<article id=\"template-id-109\" class=\"post-109 tdb_templates type-tdb_templates status-publish post\">\n<div id=\"tdi_2\" class=\"tdc-zone\">\n<div class=\"tdc_zone tdi_3  wpb_row td-pb-row\">\n<div id=\"tdi_4\" class=\"tdc-row\">\n<div class=\"vc_row tdi_5  wpb_row td-pb-row\">\n<div class=\"vc_column tdi_7  wpb_column vc_column_container tdc-column td-pb-span8\">\n<div class=\"wpb_wrapper\">\n<div class=\"td_block_wrap tdb_breadcrumbs tdi_8 td-pb-border-top td_block_template_1 tdb-breadcrumbs \" data-td-block-uid=\"tdi_8\">\n<div class=\"tdb-block-inner td-fix-index\"><span><a title=\"Vede\u021bi toate articolele \u00een PRIM PLAN\" class=\"tdb-entry-crumb\" href=\"https:\/\/r3media.ro\/category\/stiri-prim-plan\/\">PRIM PLAN<\/a><\/span><span class=\"tdb-bred-no-url-last\">Calendarul zilei 9 august: Sf\u00e2ntul Apostol Matia<\/span><\/div>\n<\/div>\n<div class=\"td_block_wrap tdb_single_categories tdi_9 td-pb-border-top td_block_template_1 \" data-td-block-uid=\"tdi_9\">\n<div class=\"tdb-category td-fix-index\"><a class=\"tdb-entry-category\" href=\"https:\/\/r3media.ro\/category\/stiri-prim-plan\/\">PRIM PLAN<\/a><a class=\"tdb-entry-category\" href=\"https:\/\/r3media.ro\/category\/stiri\/\">\u0218TIRI<\/a><a class=\"tdb-entry-category\" href=\"https:\/\/r3media.ro\/category\/video-news\/\">VIDEO<\/a><\/div>\n<\/div>\n<div class=\"td_block_wrap tdb_title tdi_10 tdb-single-title td-pb-border-top td_block_template_1\" data-td-block-uid=\"tdi_10\">\n<div class=\"tdb-block-inner td-fix-index\">\n<h1 class=\"tdb-title-text\">Calendarul zilei 9 august: Sf\u00e2ntul Apostol Matia<\/h1>\n<\/div>\n<\/div>\n<div class=\"vc_row_inner tdi_12  vc_row vc_inner wpb_row td-pb-row\">\n<div class=\"vc_column_inner tdi_14  wpb_column vc_column_container tdc-inner-column td-pb-span12\">\n<div class=\"vc_column-inner\">\n<div class=\"wpb_wrapper\">\n<div class=\"td_block_wrap tdb_single_author tdi_15 td-pb-border-top td_block_template_1 tdb-post-meta\" data-td-block-uid=\"tdi_15\">\n<div class=\"tdb-block-inner td-fix-index\">\n<div class=\"tdb-author-name-wrap\"><a class=\"tdb-author-name\" href=\"https:\/\/r3media.ro\/author\/redactia\/\">Redac\u021bia<\/a><\/div>\n<\/div>\n<\/div>\n<div class=\"td_block_wrap tdb_single_date tdi_16 td-pb-border-top td_block_template_1 tdb-post-meta\" data-td-block-uid=\"tdi_16\">\n<div class=\"tdb-block-inner td-fix-index\"><time class=\"entry-date updated td-module-date\" datetime=\"2026-08-08T22:19:56+03:00\">08\/08\/2026<\/time><\/div>\n<\/div>\n<\/div>\n<\/div>\n<\/div>\n<\/div>\n<div class=\"td_block_wrap tdb_single_content tdi_18 td-pb-border-top td_block_template_1 td-post-content tagdiv-type\" data-td-block-uid=\"tdi_18\">\n<div class=\"tdb-block-inner td-fix-index\">\n<p><strong>Sf\u00e2ntul Apostol Matia s-a n\u0103scut \u00een Betleem \u0219i era din semin\u021bia lui Iuda. S-a deprins din copil\u0103rie cu \u00eenv\u0103\u021b\u0103tura Sfintelor Scripturi \u0219i cunoa\u0219terea legii, av\u00e2nd \u00eendrum\u0103tor pe sf\u00e2ntul, dreptul \u0219i b\u0103tr\u00e2nul Simeon, purt\u0103torul de Dumnezeu.<\/strong><\/p>\n<p><strong> Ascult\u00e2nd cuv\u00e2ntul M\u00e2ntuitorului Iisus Hristos, a l\u0103sat toate \u0219i L-a urmat \u00eempreun\u0103 cu ceilal\u021bi ucenici.<\/strong><\/p>\n<p>Pentru aceasta s-a \u00eenvrednicit a fi ales \u00eentre cei \u0219aptezeci de apostoli. Faptele Apostolilor arat\u0103 cum dup\u0103 \u00cen\u0103l\u021barea la Cer a M\u00e2ntuitorului, Sfin\u021bii Apostoli s-au \u00eentors de la muntele Eleon la Ierusalim \u0219i au ales doi b\u0103rba\u021bi, pe Iosif, numit Varsava sau Just \u0219i pe Matia.<\/p>\n<p>Sfin\u021bii Apostoli s-au rugat zic\u00e2nd: Tu, Doamne, Care cuno\u0219ti inimile tuturor, arat\u0103 pe care din ace\u0219tia doi l-ai ales ca s\u0103 ia locul acestei slujiri \u0219i al apostoliei din care Iuda a c\u0103zut, ca s\u0103 mearg\u0103 \u00een locul lui. \u0218i au tras sor\u021bi, \u0219i sor\u021bii au c\u0103zut pe Matia, \u0219i s-a socotit \u00eempreun\u0103 cu cei unsprezece apostoli (F. Ap. 1, 12-26).<\/p>\n<p>La Pogor\u00e2rea Duhului Sf\u00e2nt era \u0219i Matia de fa\u021b\u0103. El a predicat Evanghelia M\u00e2ntuitorului \u00een Iudeea \u0219i Ierusalim. Din Ierusalim a mers \u00een Antiohia, Capadocia \u0219i Sinope.<\/p>\n<p>Tradi\u021bia spune c\u0103 Sf\u00e2ntul Apostol Matia a predicat \u00een Etiopia \u0219i \u00een Macedonia. Apostolul Matia a s\u0103v\u00e2r\u0219it multe minuni vindec\u00e2nd numero\u0219i bolnavi, printre care \u0219i unii oameni c\u0103rora li se d\u0103duse otrav\u0103. Pentru aceasta a fost \u00eentemni\u021bat.<\/p>\n<p>A doua zi de diminea\u021b\u0103 a fost g\u0103sit \u00een mijlocul poporului propov\u0103duind. Re\u00eentorc\u00e2ndu-se \u00een Iudeea a fost prins iar\u0103\u0219i \u0219i adus \u00een fa\u021ba arhiereului Ana.<\/p>\n<p>Fa\u021b\u0103 de acesta a m\u0103rturisit credin\u021ba \u00een Hristos, motiv pentru care arhiereul l-a condamnat la moarte prin ucidere cu pietre. Majoritatea istoricilor sus\u021bin c\u0103 Sf\u00e2ntul Apostol Matia a fost crucificat \u00een Colchis (Georgia), \u00een anul 63.<\/p>\n<p>Tot ast\u0103zi, Biserica face pomenirea sfin\u021bilor zece mucenici care au m\u0103rturisit pentru sf\u00e2nta icoan\u0103 a M\u00e2ntuitorului din Poarta de Aram\u0103: Iulian, Marchian, Ioan, Iacov, Alexie, Dimitrie, Fotie, Petru, Leontie \u0219i Maria Patrichia; a p\u0103timirii Sf\u00e2ntului Mucenic Antonin.<\/p>\n<div class=\"crp_related     crp-masonry\">\n<h2>\u00ceN CONTEXT<\/h2>\n<ul>\n<li><a href=\"https:\/\/r3media.ro\/calendarul-zilei-4-ianuarie-soborul-sfintilor-70-de-apostoli\/\" class=\"crp_link post-34856\"><span class=\"crp_title\">Calendarul zilei 4 ianuarie: Soborul Sfin\u021bilor 70 de apostoli<\/span><\/a><\/li>\n<li><a href=\"https:\/\/r3media.ro\/calendarul-zilei-22-iunie-sf-ierarh-grigorie-dascalul-mitropolitul-tarii-romanesti-sf-sfintit-mc-eusebiu-episcopul-samosatei\/\" class=\"crp_link post-48963\"><span class=\"crp_title\">Calendarul zilei 22 iunie: Sf. Ierarh Grigorie Dasc\u0103lul, Mitropolitul \u021a\u0103rii Rom\u00e2ne\u0219ti; Sf.\u2026<\/span><\/a><\/li>\n<li><a href=\"https:\/\/r3media.ro\/calendarul-zilei-9-mai-sf-proroc-isaia-sf-mc-hristofor-aducerea-la-bari-a-moastelor-sf-ier-nicolae\/\" class=\"crp_link post-94576\"><span class=\"crp_title\">Calendarul zilei 9 mai: Sf. Proroc Isaia; Sf. Mc. Hristofor; Aducerea la Bari a moa\u0219telor\u2026<\/span><\/a><\/li>\n<li><a href=\"https:\/\/r3media.ro\/calendarul-zilei-7-ianuarie-sfantul-ioan-botezatorul-craciunul-pe-calendarul-vechi\/\" class=\"crp_link post-10400\"><span class=\"crp_title\">Calendarul zilei 7 ianuarie: Sf\u00e2ntul Ioan Botez\u0103torul. Cr\u0103ciunul pe calendarul vechi<\/span><\/a><\/li>\n<li><a href=\"https:\/\/r3media.ro\/29-iunie-sf-apostoli-petru-si-pavel\/\" class=\"crp_link post-23455\"><span class=\"crp_title\">Calendarul zilei 29 iunie: Sf. Apostoli Petru \u0219i Pavel<\/span><\/a><\/li>\n<li><a href=\"https:\/\/r3media.ro\/15-iunie-sfantul-proroc-amos-sfantul-mucenic-isihie-fericitii-augustin-si-ieronim\/\" class=\"crp_link post-74959\"><span class=\"crp_title\">Calendarul zilei 15 iunie: Sf\u00e2ntul Proroc Amos, Sf\u00e2ntul Mucenic Isihie, Ferici\u021bii Augustin\u2026<\/span><\/a><\/li>\n<li><a href=\"https:\/\/r3media.ro\/calendarul-zilei-8-august-1917-incepe-marea-batalie-de-la-oituz-din-primul-razboi-mondial\/\" class=\"crp_link post-25646\"><span class=\"crp_title\">Calendarul zilei | 8 august 1917: \u00cencepe marea b\u0103t\u0103lie de la Oituz, din Primul R\u0103zboi Mondial<\/span><\/a><\/li>\n<li><a href=\"https:\/\/r3media.ro\/calendarul-zilei-10-mai-sfantul-apostol-simon-zilotul\/\" class=\"crp_link post-72287\"><span class=\"crp_title\">Calendarul zilei 10 mai: Sf\u00e2ntul Apostol Simon Zilotul<\/span><\/a><\/li>\n<\/ul>\n<\/div>\n<\/div>\n<\/div>\n<div class=\"td_block_wrap tdb_single_tags tdi_19 td-pb-border-top td_block_template_1\" data-td-block-uid=\"tdi_19\">\n<div class=\"tdb-block-inner td-fix-index\">\n<ul class=\"tdb-tags\">\n<li><span>SUBIECTE FIERBIN\u021aI<\/span><\/li>\n<li><a href=\"https:\/\/r3media.ro\/tag\/calendar-ortodox\/\">calendar ortodox<\/a><\/li>\n<li><a href=\"https:\/\/r3media.ro\/tag\/calendarul-zilei\/\">calendarul zilei<\/a><\/li>\n<li><a href=\"https:\/\/r3media.ro\/tag\/calendarul-zilei-9-august\/\">calendarul zilei 9 august<\/a><\/li>\n<\/ul>\n<\/div>\n<\/div>\n<div class=\"td_block_wrap td_block_9 tdi_20 td_with_ajax_pagination td-pb-border-top td_block_template_1 td-column-2 td_block_padding td_block_bot_line\" data-td-block-uid=\"tdi_20\">\n<div class=\"td-block-title-wrap\">\n<h4 class=\"block-title td-block-title\"><span class=\"td-pulldown-size\">CITE\u0218TE MAI MULT<\/span><\/h4>\n<\/div>\n<div id=\"tdi_20\" class=\"td_block_inner\">\n<div class=\"td-block-row\">\n<div class=\"td-block-span6\">\n<div class=\"td_module_8 td_module_wrap\">\n<div class=\"item-details\">\n<h3 class=\"entry-title td-module-title\"><a href=\"https:\/\/r3media.ro\/fani-stapanul-inelelor-surpriza-sezonul-3-sauron\/\" rel=\"bookmark\" title=\"Fanii \u201eSt\u0103p\u00e2nul Inelelor\u201c ar putea avea o surpriz\u0103 \u00een sezonul 3 din serialul \u201eInelele Puterii\u201c. Sauron se va confrunta cu o creatur\u0103 de temut\">Fanii \u201eSt\u0103p\u00e2nul Inelelor\u201c ar putea avea o surpriz\u0103 \u00een sezonul 3 din serialul \u201eInelele&#8230;<\/a><\/h3>\n<div class=\"td-module-meta-info\"><a href=\"https:\/\/r3media.ro\/category\/stiri-prim-plan\/\" class=\"td-post-category\">PRIM PLAN<\/a><span class=\"td-post-author-name\"><a href=\"https:\/\/r3media.ro\/author\/oana\/\">Oana Ivan<\/a><span>&#8211;<\/span><\/span><span class=\"td-post-date\"><time class=\"entry-date updated td-module-date\" datetime=\"2026-08-08T00:19:31+03:00\">08\/08\/2026<\/time><\/span><\/div>\n<\/div>\n<\/div>\n<\/div>\n<div class=\"td-block-span6\">\n<div class=\"td_module_8 td_module_wrap\">\n<div class=\"item-details\">\n<h3 class=\"entry-title td-module-title\"><a href=\"https:\/\/r3media.ro\/show-iluzie-si-realitate-de-la-the-truman-show-la-son-of-a-rich\/\" rel=\"bookmark\" title=\"Show, iluzie \u0219i realitate: de la The Truman Show la Son of a Rich\">Show, iluzie \u0219i realitate: de la The Truman Show la Son of a Rich<\/a><\/h3>\n<div class=\"td-module-meta-info\"><a href=\"https:\/\/r3media.ro\/category\/opinii\/\" class=\"td-post-category\">OPINII<\/a><span class=\"td-post-author-name\"><a href=\"https:\/\/r3media.ro\/author\/costi_balasoiu\/\">Constantin B\u0103l\u0103\u0219oiu<\/a><span>&#8211;<\/span><\/span><span class=\"td-post-date\"><time class=\"entry-date updated td-module-date\" datetime=\"2026-08-08T15:30:25+03:00\">08\/08\/2026<\/time><\/span><\/div>\n<\/div>\n<\/div>\n<\/div>\n<\/div>\n<div class=\"td-block-row\">\n<div class=\"td-block-span6\">\n<div class=\"td_module_8 td_module_wrap\">\n<div class=\"item-details\">\n<h3 class=\"entry-title td-module-title\"><a href=\"https:\/\/r3media.ro\/kia-recheama-service-prima-generatie-masini-electrice-e-niro-risc-incendiu\/\" rel=\"bookmark\" title=\"Kia recheam\u0103 \u00een service prima genera\u021bie de ma\u0219ini electrice e-Niro din cauza riscului de incendiu\">Kia recheam\u0103 \u00een service prima genera\u021bie de ma\u0219ini electrice e-Niro din cauza riscului de&#8230;<\/a><\/h3>\n<div class=\"td-module-meta-info\"><a href=\"https:\/\/r3media.ro\/category\/actualitate\/\" class=\"td-post-category\">ACTUALITATE<\/a><span class=\"td-post-author-name\"><a href=\"https:\/\/r3media.ro\/author\/oana\/\">Oana Ivan<\/a><span>&#8211;<\/span><\/span><span class=\"td-post-date\"><time class=\"entry-date updated td-module-date\" datetime=\"2026-08-06T17:07:42+03:00\">06\/08\/2026<\/time><\/span><\/div>\n<\/div>\n<\/div>\n<\/div>\n<div class=\"td-block-span6\">\n<div class=\"td_module_8 td_module_wrap\">\n<div class=\"item-details\">\n<h3 class=\"entry-title td-module-title\"><a href=\"https:\/\/r3media.ro\/david-popovici-fair-play-sportivi-rusi-competitii\/\" rel=\"bookmark\" title=\"David Popovici, fair-play la revenirea sportivilor ru\u0219i \u00een competi\u021bii: Le urez succes, sper s\u0103 fiu mai bun dec\u00e2t ei\">David Popovici, fair-play la revenirea sportivilor ru\u0219i \u00een competi\u021bii: Le urez succes, sper s\u0103&#8230;<\/a><\/h3>\n<div class=\"td-module-meta-info\"><a href=\"https:\/\/r3media.ro\/category\/stiri-prim-plan\/\" class=\"td-post-category\">PRIM PLAN<\/a><span class=\"td-post-author-name\"><a href=\"https:\/\/r3media.ro\/author\/redactia\/\">Redac\u021bia<\/a><span>&#8211;<\/span><\/span><span class=\"td-post-date\"><time class=\"entry-date updated td-module-date\" datetime=\"2026-08-07T15:07:51+03:00\">07\/08\/2026<\/time><\/span><\/div>\n<\/div>\n<\/div>\n<\/div>\n<\/div>\n<div class=\"td-block-row\">\n<div class=\"td-block-span6\">\n<div class=\"td_module_8 td_module_wrap\">\n<div class=\"item-details\">\n<h3 class=\"entry-title td-module-title\"><a href=\"https:\/\/r3media.ro\/drona-gasita-mare-mamaia-zona-loft-video\/\" rel=\"bookmark\" title=\"VIDEO | O dron\u0103 a fost g\u0103sit\u0103 \u00een mare, \u00een Mamaia, \u00een zona Loft\">VIDEO | O dron\u0103 a fost g\u0103sit\u0103 \u00een mare, \u00een Mamaia, \u00een zona Loft<\/a><\/h3>\n<div class=\"td-module-meta-info\"><a href=\"https:\/\/r3media.ro\/category\/actualitate\/\" class=\"td-post-category\">ACTUALITATE<\/a><span class=\"td-post-author-name\"><a href=\"https:\/\/r3media.ro\/author\/oana\/\">Oana Ivan<\/a><span>&#8211;<\/span><\/span><span class=\"td-post-date\"><time class=\"entry-date updated td-module-date\" datetime=\"2026-08-05T21:48:11+03:00\">05\/08\/2026<\/time><\/span><\/div>\n<\/div>\n<\/div>\n<\/div>\n<div class=\"td-block-span6\">\n<div class=\"td_module_8 td_module_wrap\">\n<div class=\"item-details\">\n<h3 class=\"entry-title td-module-title\"><a href=\"https:\/\/r3media.ro\/cand-incepe-scoala-in-2026-structura-an-nou-scolar\/\" rel=\"bookmark\" title=\"C\u00e2nd \u00eencepe \u0219coala \u00een 2026: Structura noului an \u0219colar, vacan\u021bele \u0219i zilele libere\">C\u00e2nd \u00eencepe \u0219coala \u00een 2026: Structura noului an \u0219colar, vacan\u021bele \u0219i zilele libere<\/a><\/h3>\n<div class=\"td-module-meta-info\"><a href=\"https:\/\/r3media.ro\/category\/actualitate\/\" class=\"td-post-category\">ACTUALITATE<\/a><span class=\"td-post-author-name\"><a href=\"https:\/\/r3media.ro\/author\/oana\/\">Oana Ivan<\/a><span>&#8211;<\/span><\/span><span class=\"td-post-date\"><time class=\"entry-date updated td-module-date\" datetime=\"2026-08-03T22:23:20+03:00\">03\/08\/2026<\/time><\/span><\/div>\n<\/div>\n<\/div>\n<\/div>\n<\/div>\n<div class=\"td-block-row\">\n<div class=\"td-block-span6\">\n<div class=\"td_module_8 td_module_wrap\">\n<div class=\"item-details\">\n<h3 class=\"entry-title td-module-title\"><a href=\"https:\/\/r3media.ro\/tara-europa-norvegia-masini-electrice-inmatriculate-cota-ridicata\/\" rel=\"bookmark\" title=\"\u021aara din Europa unde aproape toate ma\u0219inile \u00eenmatriculate sune electrice. Cota a ajuns la 97,6% \u00een iulie\">\u021aara din Europa unde aproape toate ma\u0219inile \u00eenmatriculate sune electrice. Cota a ajuns la&#8230;<\/a><\/h3>\n<div class=\"td-module-meta-info\"><a href=\"https:\/\/r3media.ro\/category\/actualitate\/\" class=\"td-post-category\">ACTUALITATE<\/a><span class=\"td-post-author-name\"><a href=\"https:\/\/r3media.ro\/author\/oana\/\">Oana Ivan<\/a><span>&#8211;<\/span><\/span><span class=\"td-post-date\"><time class=\"entry-date updated td-module-date\" datetime=\"2026-08-03T17:01:21+03:00\">03\/08\/2026<\/time><\/span><\/div>\n<\/div>\n<\/div>\n<\/div>\n<div class=\"td-block-span6\">\n<div class=\"td_module_8 td_module_wrap\">\n<div class=\"item-details\">\n<h3 class=\"entry-title td-module-title\"><a href=\"https:\/\/r3media.ro\/puterea-mitologica-instalata-a-romaniei\/\" rel=\"bookmark\" title=\"Puterea mitologic\u0103 instalat\u0103 a Rom\u00e2niei\">Puterea mitologic\u0103 instalat\u0103 a Rom\u00e2niei<\/a><\/h3>\n<div class=\"td-module-meta-info\"><a href=\"https:\/\/r3media.ro\/category\/opinii\/\" class=\"td-post-category\">OPINII<\/a><span class=\"td-post-author-name\"><a href=\"https:\/\/r3media.ro\/author\/tru\/\">TRU (Traian Ungureanu)<\/a><span>&#8211;<\/span><\/span><span class=\"td-post-date\"><time class=\"entry-date updated td-module-date\" datetime=\"2026-08-02T22:08:04+03:00\">02\/08\/2026<\/time><\/span><\/div>\n<\/div>\n<\/div>\n<\/div>\n<\/div>\n<div class=\"td-block-row\">\n<div class=\"td-block-span6\">\n<div class=\"td_module_8 td_module_wrap\">\n<div class=\"item-details\">\n<h3 class=\"entry-title td-module-title\"><a href=\"https:\/\/r3media.ro\/hyundai-recheama-service-masini-electrice-inster-risc-incendiu\/\" rel=\"bookmark\" title=\"Hyundai recheam\u0103 \u00een service zeci de mii de ma\u0219ini electrice din cauza riscului de incendiu\">Hyundai recheam\u0103 \u00een service zeci de mii de ma\u0219ini electrice din cauza riscului de&#8230;<\/a><\/h3>\n<div class=\"td-module-meta-info\"><a href=\"https:\/\/r3media.ro\/category\/actualitate\/\" class=\"td-post-category\">ACTUALITATE<\/a><span class=\"td-post-author-name\"><a href=\"https:\/\/r3media.ro\/author\/oana\/\">Oana Ivan<\/a><span>&#8211;<\/span><\/span><span class=\"td-post-date\"><time class=\"entry-date updated td-module-date\" datetime=\"2026-08-02T08:34:05+03:00\">02\/08\/2026<\/time><\/span><\/div>\n<\/div>\n<\/div>\n<\/div>\n<div class=\"td-block-span6\">\n<div class=\"td_module_8 td_module_wrap\">\n<div class=\"item-details\">\n<h3 class=\"entry-title td-module-title\"><a href=\"https:\/\/r3media.ro\/dragostea-care-transcende-epoci-descult-in-parc-1967\/\" rel=\"bookmark\" title=\"Dragostea care transcende epoci \u2014 Descul\u021b \u00een parc (1967)\">Dragostea care transcende epoci \u2014 Descul\u021b \u00een parc (1967)<\/a><\/h3>\n<div class=\"td-module-meta-info\"><a href=\"https:\/\/r3media.ro\/category\/opinii\/\" class=\"td-post-category\">OPINII<\/a><span class=\"td-post-author-name\"><a href=\"https:\/\/r3media.ro\/author\/costi_balasoiu\/\">Constantin B\u0103l\u0103\u0219oiu<\/a><span>&#8211;<\/span><\/span><span class=\"td-post-date\"><time class=\"entry-date updated td-module-date\" datetime=\"2026-08-01T13:45:14+03:00\">01\/08\/2026<\/time><\/span><\/div>\n<\/div>\n<\/div>\n<\/div>\n<\/div>\n<div class=\"td-block-row\">\n<div class=\"td-block-span6\">\n<div class=\"td_module_8 td_module_wrap\">\n<div class=\"item-details\">\n<h3 class=\"entry-title td-module-title\"><a href=\"https:\/\/r3media.ro\/masina-electrica-foc-turcia-incarcat-vehicul-explozie-pompieri-stingere-incendiu-video\/\" rel=\"bookmark\" title=\"VIDEO | O ma\u0219in\u0103 electric\u0103 a luat foc \u00een timp ce se afla la \u00eenc\u0103rcat. Vehiculul a explodat chiar c\u00e2nd pompierii \u00eencercau s\u0103 sting\u0103 incendiul folosind o p\u0103tur\u0103 ignifug\u0103\">VIDEO | O ma\u0219in\u0103 electric\u0103 a luat foc \u00een timp ce se afla la&#8230;<\/a><\/h3>\n<div class=\"td-module-meta-info\"><a href=\"https:\/\/r3media.ro\/category\/actualitate\/\" class=\"td-post-category\">ACTUALITATE<\/a><span class=\"td-post-author-name\"><a href=\"https:\/\/r3media.ro\/author\/oana\/\">Oana Ivan<\/a><span>&#8211;<\/span><\/span><span class=\"td-post-date\"><time class=\"entry-date updated td-module-date\" datetime=\"2026-07-31T13:33:48+03:00\">31\/07\/2026<\/time><\/span><\/div>\n<\/div>\n<\/div>\n<\/div>\n<div class=\"td-block-span6\">\n<div class=\"td_module_8 td_module_wrap\">\n<div class=\"item-details\">\n<h3 class=\"entry-title td-module-title\"><a href=\"https:\/\/r3media.ro\/spania-asediu-migranti-exclava-ceuta-africa-madrid-trupe-securitate-video\/\" rel=\"bookmark\" title=\"VIDEO | Spania se afl\u0103 sub asediu: Mii de migran\u021bi au luat cu asalt exclava Ceuta din Africa. Madridul a trimis trupe pentru a consolida securitatea\">VIDEO | Spania se afl\u0103 sub asediu: Mii de migran\u021bi au luat cu asalt&#8230;<\/a><\/h3>\n<div class=\"td-module-meta-info\"><a href=\"https:\/\/r3media.ro\/category\/actualitate\/\" class=\"td-post-category\">ACTUALITATE<\/a><span class=\"td-post-author-name\"><a href=\"https:\/\/r3media.ro\/author\/oana\/\">Oana Ivan<\/a><span>&#8211;<\/span><\/span><span class=\"td-post-date\"><time class=\"entry-date updated td-module-date\" datetime=\"2026-07-31T12:39:57+03:00\">31\/07\/2026<\/time><\/span><\/div>\n<\/div>\n<\/div>\n<\/div>\n<\/div>\n<\/div>\n<div class=\"td-load-more-wrap td-load-more-infinite-wrap\" id=\"infinite-lm-tdi_20\"><a href=\"https:\/\/r3media.ro\/calendarul-zilei-9-august-sfantul-apostol-matia\/\" class=\"td_ajax_load_more td_ajax_load_more_js\" aria-label=\"\u00cenc\u0103rca\u021bi mai multe\" id=\"next-page-tdi_20\" data-td_block_id=\"tdi_20\">\u00cenc\u0103rca\u021bi mai multe<\/a><\/div>\n<\/div>\n<div class=\"td_block_wrap tdb_single_comments tdi_21 tdb-comm-layout2 td-pb-border-top td_block_template_1\" data-td-block-uid=\"tdi_21\">\n<div class=\"tdb-block-inner td-fix-index\">\n<div class=\"comments\" id=\"comments\">\n<div id=\"respond\" class=\"comment-respond\">\n<h3 id=\"reply-title\" class=\"comment-reply-title\">AI CEVA DE SPUS? <small><a rel=\"nofollow\" id=\"cancel-comment-reply-link\" href=\"https:\/\/r3media.ro\/calendarul-zilei-9-august-sfantul-apostol-matia\/#respond\">Renun\u021ba\u021bi la r\u0103spuns<\/a><\/small><\/h3>\n<div class=\"comment-form-input-wrap td-form-comment\">\n<div class=\"td-warning-comment\">V\u0103 rug\u0103m s\u0103 introduce\u021bi comentariul dvs.!<\/div>\n<\/div>\n<div class=\"comment-form-input-wrap td-form-author\">\n<div class=\"td-warning-author\">Introduce\u021bi aici numele dvs.<\/div>\n<\/div>\n<div class=\"comment-form-input-wrap td-form-email\">\n<div class=\"td-warning-email-error\">A\u021bi introdus o adres\u0103 de e-mail incorect\u0103!<\/div>\n<div class=\"td-warning-email\">V\u0103 rug\u0103m s\u0103 introduce\u021bi adresa dvs. de e-mail aici<\/div>\n<\/div>\n<\/div>\n<\/div>\n<\/div>\n<\/div>\n<\/div>\n<\/div>\n<div class=\"vc_column tdi_23  wpb_column vc_column_container tdc-column td-pb-span4 td-is-sticky\">\n<div class=\"wpb_wrapper\" data-sticky-enabled-on=\"W3RydWUsdHJ1ZSx0cnVlLHRydWVd\" data-sticky-offset=\"20\" data-sticky-is-width-auto=\"W2ZhbHNlLGZhbHNlLGZhbHNlLGZhbHNlXQ==\">\n<div class=\"wpb_wrapper td_block_wrap vc_widget_sidebar tdi_25 \">\n<div class=\"td_block_wrap td_block_7 td_block_widget tdi_26 td-pb-border-top td_block_template_1 td-column-1 td_block_padding\" data-td-block-uid=\"tdi_26\">\n<div class=\"td-block-title-wrap\">\n<h4 class=\"block-title td-block-title\"><span class=\"td-pulldown-size\">Articole RELA\u021aIONATE<\/span><\/h4>\n<\/div>\n<div id=\"tdi_26\" class=\"td_block_inner\">\n<div class=\"td-block-span12\">\n<div class=\"td_module_6 td_module_wrap td-animation-stack\">\n<div class=\"td-module-thumb\"><a href=\"https:\/\/r3media.ro\/fara-apa-fara-curent-fara-viitor-cum-au-sacrificat-pro-europenii-romania-pe-altarul-ecologiei-ieftine\/\" rel=\"bookmark\" class=\"td-image-wrap \" title=\"F\u0103r\u0103 ap\u0103, f\u0103r\u0103 curent, f\u0103r\u0103 viitor: cum au sacrificat pro-europenii Rom\u00e2nia pe altarul ecologiei ieftine\"><img loading=\"lazy\" decoding=\"async\" class=\"entry-thumb\" src=\"https:\/\/r3media.ro\/wp-content\/uploads\/2026\/02\/energie-articol-100x70.jpg\" alt title=\"F\u0103r\u0103 ap\u0103, f\u0103r\u0103 curent, f\u0103r\u0103 viitor: cum au sacrificat pro-europenii Rom\u00e2nia pe altarul ecologiei ieftine\" width=\"100\" height=\"70\"><\/a><\/div>\n<div class=\"item-details\">\n<h3 class=\"entry-title td-module-title\"><a href=\"https:\/\/r3media.ro\/fara-apa-fara-curent-fara-viitor-cum-au-sacrificat-pro-europenii-romania-pe-altarul-ecologiei-ieftine\/\" rel=\"bookmark\" title=\"F\u0103r\u0103 ap\u0103, f\u0103r\u0103 curent, f\u0103r\u0103 viitor: cum au sacrificat pro-europenii Rom\u00e2nia pe altarul ecologiei ieftine\">F\u0103r\u0103 ap\u0103, f\u0103r\u0103 curent, f\u0103r\u0103 viitor: cum au sacrificat pro-europenii Rom\u00e2nia&#8230;<\/a><\/h3>\n<div class=\"td-module-meta-info\"><span class=\"td-post-date\"><time class=\"entry-date updated td-module-date\" datetime=\"2026-08-08T22:30:54+03:00\">08\/08\/2026<\/time><\/span><\/div>\n<\/div>\n<\/div>\n<\/div>\n<div class=\"td-block-span12\">\n<div class=\"td_module_6 td_module_wrap td-animation-stack\">\n<div class=\"td-module-thumb\"><a href=\"https:\/\/r3media.ro\/9-august-moartea-lui-mihai-viteazu-primul-unificator-al-romanilor\/\" rel=\"bookmark\" class=\"td-image-wrap \" title=\"Calendarul zilei 9 august: 425 de ani de la moartea lui Mihai Viteazul. Primul unificator al rom\u00e2nilor a fost ucis mi\u0219ele\u0219te chiar de alia\u021bii s\u0103i\"><img loading=\"lazy\" decoding=\"async\" class=\"entry-thumb\" src=\"https:\/\/r3media.ro\/wp-content\/uploads\/2021\/08\/Asasinarea-lui-Mihai-Viteazul-1024x715-1-100x70.jpg\" alt title=\"Calendarul zilei 9 august: 425 de ani de la moartea lui Mihai Viteazul. Primul unificator al rom\u00e2nilor a fost ucis mi\u0219ele\u0219te chiar de alia\u021bii s\u0103i\" width=\"100\" height=\"70\"><\/a><\/div>\n<div class=\"item-details\">\n<h3 class=\"entry-title td-module-title\"><a href=\"https:\/\/r3media.ro\/9-august-moartea-lui-mihai-viteazu-primul-unificator-al-romanilor\/\" rel=\"bookmark\" title=\"Calendarul zilei 9 august: 425 de ani de la moartea lui Mihai Viteazul. Primul unificator al rom\u00e2nilor a fost ucis mi\u0219ele\u0219te chiar de alia\u021bii s\u0103i\">Calendarul zilei 9 august: 425 de ani de la moartea lui&#8230;<\/a><\/h3>\n<div class=\"td-module-meta-info\"><span class=\"td-post-date\"><time class=\"entry-date updated td-module-date\" datetime=\"2026-08-08T22:20:24+03:00\">08\/08\/2026<\/time><\/span><\/div>\n<\/div>\n<\/div>\n<\/div>\n<div class=\"td-block-span12\">\n<div class=\"td_module_6 td_module_wrap td-animation-stack\">\n<div class=\"td-module-thumb\"><a href=\"https:\/\/r3media.ro\/papi-si-conclavuri-traditie-si-anticlericalism-in-cinema-cei-doi-papi-si-conclavul\/\" rel=\"bookmark\" class=\"td-image-wrap \" title=\"Papi \u0219i conclavuri, tradi\u021bie \u0219i anticlericalism \u00een cinema: Cei doi papi \u0219i Conclavul\"><img loading=\"lazy\" decoding=\"async\" class=\"entry-thumb\" src=\"https:\/\/r3media.ro\/wp-content\/uploads\/2026\/08\/cei-doi-papi-100x70.jpg\" alt title=\"Papi \u0219i conclavuri, tradi\u021bie \u0219i anticlericalism \u00een cinema: Cei doi papi \u0219i Conclavul\" width=\"100\" height=\"70\"><\/a><\/div>\n<div class=\"item-details\">\n<h3 class=\"entry-title td-module-title\"><a href=\"https:\/\/r3media.ro\/papi-si-conclavuri-traditie-si-anticlericalism-in-cinema-cei-doi-papi-si-conclavul\/\" rel=\"bookmark\" title=\"Papi \u0219i conclavuri, tradi\u021bie \u0219i anticlericalism \u00een cinema: Cei doi papi \u0219i Conclavul\">Papi \u0219i conclavuri, tradi\u021bie \u0219i anticlericalism \u00een cinema: Cei doi papi&#8230;<\/a><\/h3>\n<div class=\"td-module-meta-info\"><span class=\"td-post-date\"><time class=\"entry-date updated td-module-date\" datetime=\"2026-08-08T22:07:22+03:00\">08\/08\/2026<\/time><\/span><\/div>\n<\/div>\n<\/div>\n<\/div>\n<div class=\"td-block-span12\">\n<div class=\"td_module_6 td_module_wrap td-animation-stack\">\n<div class=\"td-module-thumb\"><a href=\"https:\/\/r3media.ro\/bulgaria-drona-ucraineana-kiev-ucraina\/\" rel=\"bookmark\" class=\"td-image-wrap \" title=\"Bulgaria anun\u0163\u0103 c\u0103 drona explodat\u0103 l\u00e2ng\u0103 gazoductul transbalcanic e ucrainean\u0103 \u015fi a convocat-o pe ambasadoarea Kievului. Ucraina transmite c\u0103 nu vizeaz\u0103 \u201e\u00een mod deliberat\u201d Bulgaria\"><img loading=\"lazy\" decoding=\"async\" class=\"entry-thumb\" src=\"https:\/\/r3media.ro\/wp-content\/uploads\/2022\/12\/bulgaria-2115804_960_720-100x70.jpg\" alt title=\"Bulgaria anun\u0163\u0103 c\u0103 drona explodat\u0103 l\u00e2ng\u0103 gazoductul transbalcanic e ucrainean\u0103 \u015fi a convocat-o pe ambasadoarea Kievului. Ucraina transmite c\u0103 nu vizeaz\u0103 \u201e\u00een mod deliberat\u201d Bulgaria\" width=\"100\" height=\"70\"><\/a><\/div>\n<div class=\"item-details\">\n<h3 class=\"entry-title td-module-title\"><a href=\"https:\/\/r3media.ro\/bulgaria-drona-ucraineana-kiev-ucraina\/\" rel=\"bookmark\" title=\"Bulgaria anun\u0163\u0103 c\u0103 drona explodat\u0103 l\u00e2ng\u0103 gazoductul transbalcanic e ucrainean\u0103 \u015fi a convocat-o pe ambasadoarea Kievului. Ucraina transmite c\u0103 nu vizeaz\u0103 \u201e\u00een mod deliberat\u201d Bulgaria\">Bulgaria anun\u0163\u0103 c\u0103 drona explodat\u0103 l\u00e2ng\u0103 gazoductul transbalcanic e ucrainean\u0103 \u015fi&#8230;<\/a><\/h3>\n<div class=\"td-module-meta-info\"><span class=\"td-post-date\"><time class=\"entry-date updated td-module-date\" datetime=\"2026-08-08T22:06:53+03:00\">08\/08\/2026<\/time><\/span><\/div>\n<\/div>\n<\/div>\n<\/div>\n<div class=\"td-block-span12\">\n<div class=\"td_module_6 td_module_wrap td-animation-stack\">\n<div class=\"td-module-thumb\"><a href=\"https:\/\/r3media.ro\/adrian-agachi-bor-sadhguru-untold-cluj\/\" rel=\"bookmark\" class=\"td-image-wrap \" title=\"Pr. Adrian Agachi (BOR), dup\u0103 ce Sadhguru a urcat pe scena UNTOLD: Nu, dragilor, f\u0103r\u0103 oameni planeta nu ar fi mai bun\u0103, planeta \u0219i-ar rata definitiv scopul!\"><img loading=\"lazy\" decoding=\"async\" class=\"entry-thumb\" src=\"https:\/\/r3media.ro\/wp-content\/uploads\/2026\/04\/adrian-agachi-100x70.png\" alt title=\"Pr. Adrian Agachi (BOR), dup\u0103 ce Sadhguru a urcat pe scena UNTOLD: Nu, dragilor, f\u0103r\u0103 oameni planeta nu ar fi mai bun\u0103, planeta \u0219i-ar rata definitiv scopul!\" width=\"100\" height=\"70\"><\/a><\/div>\n<div class=\"item-details\">\n<h3 class=\"entry-title td-module-title\"><a href=\"https:\/\/r3media.ro\/adrian-agachi-bor-sadhguru-untold-cluj\/\" rel=\"bookmark\" title=\"Pr. Adrian Agachi (BOR), dup\u0103 ce Sadhguru a urcat pe scena UNTOLD: Nu, dragilor, f\u0103r\u0103 oameni planeta nu ar fi mai bun\u0103, planeta \u0219i-ar rata definitiv scopul!\">Pr. Adrian Agachi (BOR), dup\u0103 ce Sadhguru a urcat pe scena&#8230;<\/a><\/h3>\n<div class=\"td-module-meta-info\"><span class=\"td-post-date\"><time class=\"entry-date updated td-module-date\" datetime=\"2026-08-08T17:29:00+03:00\">08\/08\/2026<\/time><\/span><\/div>\n<\/div>\n<\/div>\n<\/div>\n<div class=\"td-block-span12\">\n<div class=\"td_module_6 td_module_wrap td-animation-stack\">\n<div class=\"td-module-thumb\"><a href=\"https:\/\/r3media.ro\/o-drona-a-intrat-in-bulgaria-dinspre-romania-si-a-explodat-la-100-de-metri-de-granita\/\" rel=\"bookmark\" class=\"td-image-wrap \" title=\"O dron\u0103 a intrat \u00een Bulgaria dinspre Rom\u00e2nia \u0219i a explodat la 100 de metri de grani\u021b\u0103\"><img loading=\"lazy\" decoding=\"async\" class=\"entry-thumb\" src=\"https:\/\/r3media.ro\/wp-content\/uploads\/2022\/11\/romania-bulgaria-cash-100x70.jpg\" alt title=\"O dron\u0103 a intrat \u00een Bulgaria dinspre Rom\u00e2nia \u0219i a explodat la 100 de metri de grani\u021b\u0103\" width=\"100\" height=\"70\"><\/a><\/div>\n<div class=\"item-details\">\n<h3 class=\"entry-title td-module-title\"><a href=\"https:\/\/r3media.ro\/o-drona-a-intrat-in-bulgaria-dinspre-romania-si-a-explodat-la-100-de-metri-de-granita\/\" rel=\"bookmark\" title=\"O dron\u0103 a intrat \u00een Bulgaria dinspre Rom\u00e2nia \u0219i a explodat la 100 de metri de grani\u021b\u0103\">O dron\u0103 a intrat \u00een Bulgaria dinspre Rom\u00e2nia \u0219i a explodat&#8230;<\/a><\/h3>\n<div class=\"td-module-meta-info\"><span class=\"td-post-date\"><time class=\"entry-date updated td-module-date\" datetime=\"2026-08-08T16:12:44+03:00\">08\/08\/2026<\/time><\/span><\/div>\n<\/div>\n<\/div>\n<\/div>\n<div class=\"td-block-span12\">\n<div class=\"td_module_6 td_module_wrap td-animation-stack\">\n<div class=\"td-module-thumb\"><a href=\"https:\/\/r3media.ro\/show-iluzie-si-realitate-de-la-the-truman-show-la-son-of-a-rich\/\" rel=\"bookmark\" class=\"td-image-wrap \" title=\"Show, iluzie \u0219i realitate: de la The Truman Show la Son of a Rich\"><img loading=\"lazy\" decoding=\"async\" class=\"entry-thumb\" src=\"https:\/\/r3media.ro\/wp-content\/uploads\/2026\/08\/the-truman-show-jim-carrey-100x70.webp\" alt title=\"Show, iluzie \u0219i realitate: de la The Truman Show la Son of a Rich\" width=\"100\" height=\"70\"><\/a><\/div>\n<div class=\"item-details\">\n<h3 class=\"entry-title td-module-title\"><a href=\"https:\/\/r3media.ro\/show-iluzie-si-realitate-de-la-the-truman-show-la-son-of-a-rich\/\" rel=\"bookmark\" title=\"Show, iluzie \u0219i realitate: de la The Truman Show la Son of a Rich\">Show, iluzie \u0219i realitate: de la The Truman Show la Son&#8230;<\/a><\/h3>\n<div class=\"td-module-meta-info\"><span class=\"td-post-date\"><time class=\"entry-date updated td-module-date\" datetime=\"2026-08-08T15:30:25+03:00\">08\/08\/2026<\/time><\/span><\/div>\n<\/div>\n<\/div>\n<\/div>\n<\/div>\n<\/div>\n<aside class=\"td_block_template_1 widget widget_recent_comments\">\n<h4 class=\"block-title\"><span>INTR\u0102 \u00ceN DISCU\u021aIE!<\/span><\/h4>\n<ul id=\"recentcomments\">\n<li class=\"recentcomments\"><span class=\"comment-author-link\">Isabel<\/span> la <a href=\"https:\/\/r3media.ro\/fara-apa-fara-curent-fara-viitor-cum-au-sacrificat-pro-europenii-romania-pe-altarul-ecologiei-ieftine\/#comment-40358\">F\u0103r\u0103 ap\u0103, f\u0103r\u0103 curent, f\u0103r\u0103 viitor: cum au sacrificat pro-europenii Rom\u00e2nia pe altarul ecologiei ieftine<\/a><\/li>\n<li class=\"recentcomments\"><span class=\"comment-author-link\">Nicu<\/span> la <a href=\"https:\/\/r3media.ro\/o-drona-a-intrat-in-bulgaria-dinspre-romania-si-a-explodat-la-100-de-metri-de-granita\/#comment-40357\">O dron\u0103 a intrat \u00een Bulgaria dinspre Rom\u00e2nia \u0219i a explodat la 100 de metri de grani\u021b\u0103<\/a><\/li>\n<li class=\"recentcomments\"><span class=\"comment-author-link\">Nicu<\/span> la <a href=\"https:\/\/r3media.ro\/adrian-agachi-bor-sadhguru-untold-cluj\/#comment-40356\">Pr. Adrian Agachi (BOR), dup\u0103 ce Sadhguru a urcat pe scena UNTOLD: Nu, dragilor, f\u0103r\u0103 oameni planeta nu ar fi mai bun\u0103, planeta \u0219i-ar rata definitiv scopul!<\/a><\/li>\n<li class=\"recentcomments\"><span class=\"comment-author-link\">Kostel<\/span> la <a href=\"https:\/\/r3media.ro\/david-popovici-fair-play-sportivi-rusi-competitii\/#comment-40355\">David Popovici, fair-play la revenirea sportivilor ru\u0219i \u00een competi\u021bii: Le urez succes, sper s\u0103 fiu mai bun dec\u00e2t ei<\/a><\/li>\n<li class=\"recentcomments\"><span class=\"comment-author-link\">IvanHose<\/span> la <a href=\"https:\/\/r3media.ro\/kia-recheama-service-prima-generatie-masini-electrice-e-niro-risc-incendiu\/#comment-40354\">Kia recheam\u0103 \u00een service prima genera\u021bie de ma\u0219ini electrice e-Niro din cauza riscului de incendiu<\/a><\/li>\n<li class=\"recentcomments\"><span class=\"comment-author-link\">Gelu<\/span> la <a href=\"https:\/\/r3media.ro\/un-tongalez-un-sud-african-si-un-australian-vor-evolua-pentru-nationala-de-rugby-a-romaniei\/#comment-40353\">Rugby: Un tongalez, un sud-african \u0219i un australian au depus jur\u0103m\u00e2ntul de credin\u021b\u0103 fa\u021b\u0103 de Rom\u00e2nia<\/a><\/li>\n<li class=\"recentcomments\"><span class=\"comment-author-link\">George<\/span> la <a href=\"https:\/\/r3media.ro\/mariuca-zaharia-fetita-12-ani-marasesti\/#comment-40352\">Calendarul zilei 6 august: M\u0103riuca Zaharia, feti\u021ba de 12 ani c\u0103zut\u0103 la M\u0103r\u0103\u0219e\u0219ti, care nu mai are loc \u00een manualele de istorie<\/a><\/li>\n<\/ul>\n<\/aside>\n<aside class=\"td_block_template_1 widget widget_search\">\n<h4 class=\"block-title\"><span>CAUT\u0102 \u0218I VEI G\u0102SI<\/span><\/h4>\n<\/aside>\n<\/div>\n<\/div>\n<\/div>\n<\/div>\n<\/div>\n<\/div>\n<\/div>\n<p><span class=\"td-page-meta\"><\/span><span class=\"td-page-meta\"><span class=\"td-page-meta\"><\/span><\/span><span class=\"td-page-meta\"><\/span><\/article>\n<\/p>\n<div class=\"td_block_wrap tdb_single_content tdi_18 td-pb-border-top td_block_template_1 td-post-content tagdiv-type\" data-td-block-uid=\"tdi_18\">\n<div class=\"tdb-block-inner td-fix-index\">\n<p><strong>Sf\u00e2ntul Apostol Matia s-a n\u0103scut \u00een Betleem \u0219i era din semin\u021bia lui Iuda. S-a deprins din copil\u0103rie cu \u00eenv\u0103\u021b\u0103tura Sfintelor Scripturi \u0219i cunoa\u0219terea legii, av\u00e2nd \u00eendrum\u0103tor pe sf\u00e2ntul, dreptul \u0219i b\u0103tr\u00e2nul Simeon, purt\u0103torul de Dumnezeu.<\/strong><\/p>\n<p><strong> Ascult\u00e2nd cuv\u00e2ntul M\u00e2ntuitorului Iisus Hristos, a l\u0103sat toate \u0219i L-a urmat \u00eempreun\u0103 cu ceilal\u021bi ucenici.<\/strong><\/p>\n<p>Pentru aceasta s-a \u00eenvrednicit a fi ales \u00eentre cei \u0219aptezeci de apostoli. Faptele Apostolilor arat\u0103 cum dup\u0103 \u00cen\u0103l\u021barea la Cer a M\u00e2ntuitorului, Sfin\u021bii Apostoli s-au \u00eentors de la muntele Eleon la Ierusalim \u0219i au ales doi b\u0103rba\u021bi, pe Iosif, numit Varsava sau Just \u0219i pe Matia.<\/p>\n<p>Sfin\u021bii Apostoli s-au rugat zic\u00e2nd: Tu, Doamne, Care cuno\u0219ti inimile tuturor, arat\u0103 pe care din ace\u0219tia doi l-ai ales ca s\u0103 ia locul acestei slujiri \u0219i al apostoliei din care Iuda a c\u0103zut, ca s\u0103 mearg\u0103 \u00een locul lui. \u0218i au tras sor\u021bi, \u0219i sor\u021bii au c\u0103zut pe Matia, \u0219i s-a socotit \u00eempreun\u0103 cu cei unsprezece apostoli (F. Ap. 1, 12-26).<\/p>\n<p>La Pogor\u00e2rea Duhului Sf\u00e2nt era \u0219i Matia de fa\u021b\u0103. El a predicat Evanghelia M\u00e2ntuitorului \u00een Iudeea \u0219i Ierusalim. Din Ierusalim a mers \u00een Antiohia, Capadocia \u0219i Sinope.<\/p>\n<p>Tradi\u021bia spune c\u0103 Sf\u00e2ntul Apostol Matia a predicat \u00een Etiopia \u0219i \u00een Macedonia. Apostolul Matia a s\u0103v\u00e2r\u0219it multe minuni vindec\u00e2nd numero\u0219i bolnavi, printre care \u0219i unii oameni c\u0103rora li se d\u0103duse otrav\u0103. Pentru aceasta a fost \u00eentemni\u021bat.<\/p>\n<p>A doua zi de diminea\u021b\u0103 a fost g\u0103sit \u00een mijlocul poporului propov\u0103duind. Re\u00eentorc\u00e2ndu-se \u00een Iudeea a fost prins iar\u0103\u0219i \u0219i adus \u00een fa\u021ba arhiereului Ana.<\/p>\n<p>Fa\u021b\u0103 de acesta a m\u0103rturisit credin\u021ba \u00een Hristos, motiv pentru care arhiereul l-a condamnat la moarte prin ucidere cu pietre. Majoritatea istoricilor sus\u021bin c\u0103 Sf\u00e2ntul Apostol Matia a fost crucificat \u00een Colchis (Georgia), \u00een anul 63.<\/p>\n<p>Tot ast\u0103zi, Biserica face pomenirea sfin\u021bilor zece mucenici care au m\u0103rturisit pentru sf\u00e2nta icoan\u0103 a M\u00e2ntuitorului din Poarta de Aram\u0103: Iulian, Marchian, Ioan, Iacov, Alexie, Dimitrie, Fotie, Petru, Leontie \u0219i Maria Patrichia; a p\u0103timirii Sf\u00e2ntului Mucenic Antonin.<\/p>\n<div class=\"crp_related     crp-masonry\">\n<h2>\u00ceN CONTEXT<\/h2>\n<ul>\n<li><a href=\"https:\/\/r3media.ro\/calendarul-zilei-4-ianuarie-soborul-sfintilor-70-de-apostoli\/\" class=\"crp_link post-34856\"><span class=\"crp_title\">Calendarul zilei 4 ianuarie: Soborul Sfin\u021bilor 70 de apostoli<\/span><\/a><\/li>\n<li><a href=\"https:\/\/r3media.ro\/calendarul-zilei-22-iunie-sf-ierarh-grigorie-dascalul-mitropolitul-tarii-romanesti-sf-sfintit-mc-eusebiu-episcopul-samosatei\/\" class=\"crp_link post-48963\"><span class=\"crp_title\">Calendarul zilei 22 iunie: Sf. Ierarh Grigorie Dasc\u0103lul, Mitropolitul \u021a\u0103rii Rom\u00e2ne\u0219ti; Sf.\u2026<\/span><\/a><\/li>\n<li><a href=\"https:\/\/r3media.ro\/calendarul-zilei-9-mai-sf-proroc-isaia-sf-mc-hristofor-aducerea-la-bari-a-moastelor-sf-ier-nicolae\/\" class=\"crp_link post-94576\"><span class=\"crp_title\">Calendarul zilei 9 mai: Sf. Proroc Isaia; Sf. Mc. Hristofor; Aducerea la Bari a moa\u0219telor\u2026<\/span><\/a><\/li>\n<li><a href=\"https:\/\/r3media.ro\/calendarul-zilei-7-ianuarie-sfantul-ioan-botezatorul-craciunul-pe-calendarul-vechi\/\" class=\"crp_link post-10400\"><span class=\"crp_title\">Calendarul zilei 7 ianuarie: Sf\u00e2ntul Ioan Botez\u0103torul. Cr\u0103ciunul pe calendarul vechi<\/span><\/a><\/li>\n<li><a href=\"https:\/\/r3media.ro\/29-iunie-sf-apostoli-petru-si-pavel\/\" class=\"crp_link post-23455\"><span class=\"crp_title\">Calendarul zilei 29 iunie: Sf. Apostoli Petru \u0219i Pavel<\/span><\/a><\/li>\n<li><a href=\"https:\/\/r3media.ro\/15-iunie-sfantul-proroc-amos-sfantul-mucenic-isihie-fericitii-augustin-si-ieronim\/\" class=\"crp_link post-74959\"><span class=\"crp_title\">Calendarul zilei 15 iunie: Sf\u00e2ntul Proroc Amos, Sf\u00e2ntul Mucenic Isihie, Ferici\u021bii Augustin\u2026<\/span><\/a><\/li>\n<li><a href=\"https:\/\/r3media.ro\/calendarul-zilei-8-august-1917-incepe-marea-batalie-de-la-oituz-din-primul-razboi-mondial\/\" class=\"crp_link post-25646\"><span class=\"crp_title\">Calendarul zilei | 8 august 1917: \u00cencepe marea b\u0103t\u0103lie de la Oituz, din Primul R\u0103zboi Mondial<\/span><\/a><\/li>\n<li><a href=\"https:\/\/r3media.ro\/calendarul-zilei-10-mai-sfantul-apostol-simon-zilotul\/\" class=\"crp_link post-72287\"><span class=\"crp_title\">Calendarul zilei 10 mai: Sf\u00e2ntul Apostol Simon Zilotul<\/span><\/a><\/li>\n<\/ul>\n<\/div>\n<\/div>\n<\/div>\n<p>[analyse_source url=&#8221;https:\/\/r3media.ro\/calendarul-zilei-9-august-sfantul-apostol-matia\/&#8221;]<\/p>\n","protected":false},"excerpt":{"rendered":"<p>[analyse_image type=&#8221;featured&#8221; src=&#8221;https:\/\/r3media.ro\/wp-content\/uploads\/2023\/08\/sddefault-2.jpghttps:\/\/r3media.ro\/wp-content\/uploads\/2023\/08\/sddefault-2.jpg&#8221;] PRIM PLANCalendarul zilei 9 august: Sf\u00e2ntul Apostol Matia PRIM PLAN\u0218TIRIVIDEO Calendarul zilei 9 august: Sf\u00e2ntul Apostol Matia Redac\u021bia 08\/08\/2026 Sf\u00e2ntul Apostol Matia s-a n\u0103scut \u00een Betleem \u0219i era din semin\u021bia lui Iuda. S-a deprins din copil\u0103rie cu \u00eenv\u0103\u021b\u0103tura Sfintelor Scripturi \u0219i cunoa\u0219terea legii, av\u00e2nd \u00eendrum\u0103tor pe sf\u00e2ntul, dreptul \u0219i b\u0103tr\u00e2nul Simeon, purt\u0103torul [&hellip;]<\/p>\n","protected":false},"author":1,"featured_media":0,"comment_status":"open","ping_status":"","sticky":false,"template":"","format":"standard","meta":{"footnotes":""},"categories":[89],"tags":[226,93],"class_list":["post-2084410","post","type-post","status-publish","format-standard","hentry","category-romania","tag-crawlmanager","tag-r3media-ro"],"_links":{"self":[{"href":"https:\/\/analyse.optim.biz\/index.php?rest_route=\/wp\/v2\/posts\/2084410","targetHints":{"allow":["GET"]}}],"collection":[{"href":"https:\/\/analyse.optim.biz\/index.php?rest_route=\/wp\/v2\/posts"}],"about":[{"href":"https:\/\/analyse.optim.biz\/index.php?rest_route=\/wp\/v2\/types\/post"}],"author":[{"embeddable":true,"href":"https:\/\/analyse.optim.biz\/index.php?rest_route=\/wp\/v2\/users\/1"}],"replies":[{"embeddable":true,"href":"https:\/\/analyse.optim.biz\/index.php?rest_route=%2Fwp%2Fv2%2Fcomments&post=2084410"}],"version-history":[{"count":0,"href":"https:\/\/analyse.optim.biz\/index.php?rest_route=\/wp\/v2\/posts\/2084410\/revisions"}],"wp:attachment":[{"href":"https:\/\/analyse.optim.biz\/index.php?rest_route=%2Fwp%2Fv2%2Fmedia&parent=2084410"}],"wp:term":[{"taxonomy":"category","embeddable":true,"href":"https:\/\/analyse.optim.biz\/index.php?rest_route=%2Fwp%2Fv2%2Fcategories&post=2084410"},{"taxonomy":"post_tag","embeddable":true,"href":"https:\/\/analyse.optim.biz\/index.php?rest_route=%2Fwp%2Fv2%2Ftags&post=2084410"}],"curies":[{"name":"wp","href":"https:\/\/api.w.org\/{rel}","templated":true}]}}