{"id":2084409,"date":"2026-08-08T19:06:53","date_gmt":"2026-08-08T16:06:53","guid":{"rendered":"https:\/\/analyse.optim.biz\/?p=2084409"},"modified":"2026-08-08T19:06:53","modified_gmt":"2026-08-08T16:06:53","slug":"bulgaria-anunta-ca-drona-explodata-langa-gazoductul-transbalcanic-e-ucraineana-si-a-convocat-o-pe-ambasadoarea-kievului-ucraina-transmite-ca-nu-vizeaza-in-mod-deliberat-bulgaria","status":"publish","type":"post","link":"https:\/\/analyse.optim.biz\/?p=2084409","title":{"rendered":"Bulgaria anun\u0163\u0103 c\u0103 drona explodat\u0103 l\u00e2ng\u0103 gazoductul transbalcanic e ucrainean\u0103 \u015fi a convocat-o pe ambasadoarea Kievului. Ucraina transmite c\u0103 nu vizeaz\u0103 \u201e\u00een mod deliberat\u201d Bulgaria"},"content":{"rendered":"<p>[analyse_image type=&#8221;featured&#8221; src=&#8221;https:\/\/r3media.ro\/wp-content\/uploads\/2022\/12\/bulgaria-2115804_960_720-e1723056934745.jpghttps:\/\/r3media.ro\/wp-content\/uploads\/2022\/12\/bulgaria-2115804_960_720-e1723056934745.jpg&#8221;]<\/p>\n<article id=\"template-id-109\" class=\"post-109 tdb_templates type-tdb_templates status-publish post\">\n<div id=\"tdi_2\" class=\"tdc-zone\">\n<div class=\"tdc_zone tdi_3  wpb_row td-pb-row\">\n<div id=\"tdi_4\" class=\"tdc-row\">\n<div class=\"vc_row tdi_5  wpb_row td-pb-row\">\n<div class=\"vc_column tdi_7  wpb_column vc_column_container tdc-column td-pb-span8\">\n<div class=\"wpb_wrapper\">\n<div class=\"td_block_wrap tdb_breadcrumbs tdi_8 td-pb-border-top td_block_template_1 tdb-breadcrumbs \" data-td-block-uid=\"tdi_8\">\n<div class=\"tdb-block-inner td-fix-index\"><span><a title=\"Vede\u021bi toate articolele \u00een FEATURED\" class=\"tdb-entry-crumb\" href=\"https:\/\/r3media.ro\/category\/featured\/\">FEATURED<\/a><\/span><span class=\"tdb-bred-no-url-last\">Bulgaria anun\u0163\u0103 c\u0103 drona explodat\u0103 l\u00e2ng\u0103 gazoductul transbalcanic e ucrainean\u0103 \u015fi a&#8230;<\/span><\/div>\n<\/div>\n<div class=\"td_block_wrap tdb_single_categories tdi_9 td-pb-border-top td_block_template_1 \" data-td-block-uid=\"tdi_9\">\n<div class=\"tdb-category td-fix-index\"><a class=\"tdb-entry-category\" href=\"https:\/\/r3media.ro\/category\/featured\/\">FEATURED<\/a><a class=\"tdb-entry-category\" href=\"https:\/\/r3media.ro\/category\/stiri\/\">\u0218TIRI<\/a><\/div>\n<\/div>\n<div class=\"td_block_wrap tdb_title tdi_10 tdb-single-title td-pb-border-top td_block_template_1\" data-td-block-uid=\"tdi_10\">\n<div class=\"tdb-block-inner td-fix-index\">\n<h1 class=\"tdb-title-text\">Bulgaria anun\u0163\u0103 c\u0103 drona explodat\u0103 l\u00e2ng\u0103 gazoductul transbalcanic e ucrainean\u0103 \u015fi a convocat-o pe ambasadoarea Kievului. Ucraina transmite c\u0103 nu vizeaz\u0103 \u201e\u00een mod deliberat\u201d Bulgaria<\/h1>\n<\/div>\n<\/div>\n<div class=\"vc_row_inner tdi_12  vc_row vc_inner wpb_row td-pb-row\">\n<div class=\"vc_column_inner tdi_14  wpb_column vc_column_container tdc-inner-column td-pb-span12\">\n<div class=\"vc_column-inner\">\n<div class=\"wpb_wrapper\">\n<div class=\"td_block_wrap tdb_single_author tdi_15 td-pb-border-top td_block_template_1 tdb-post-meta\" data-td-block-uid=\"tdi_15\">\n<div class=\"tdb-block-inner td-fix-index\">\n<div class=\"tdb-author-name-wrap\"><a class=\"tdb-author-name\" href=\"https:\/\/r3media.ro\/author\/redactia\/\">Redac\u021bia<\/a><\/div>\n<\/div>\n<\/div>\n<div class=\"td_block_wrap tdb_single_date tdi_16 td-pb-border-top td_block_template_1 tdb-post-meta\" data-td-block-uid=\"tdi_16\">\n<div class=\"tdb-block-inner td-fix-index\"><time class=\"entry-date updated td-module-date\" datetime=\"2026-08-08T22:06:53+03:00\">08\/08\/2026<\/time><\/div>\n<\/div>\n<\/div>\n<\/div>\n<\/div>\n<\/div>\n<div class=\"td_block_wrap tdb_single_featured_image tdi_17 tdb-content-horiz-left td-pb-border-top td_block_template_1\" data-td-block-uid=\"tdi_17\">\n<div class=\"tdb-block-inner td-fix-index\">\n<figure><figcaption class=\"tdb-caption-text\">Sursa foto: Pixabay<\/figcaption><\/figure>\n<\/div>\n<\/div>\n<div class=\"td_block_wrap tdb_single_content tdi_18 td-pb-border-top td_block_template_1 td-post-content tagdiv-type\" data-td-block-uid=\"tdi_18\">\n<div class=\"tdb-block-inner td-fix-index\">\n<p><strong>Ministerul Ap\u0103r\u0103rii din Bulgaria a anun\u0163at s\u00e2mb\u0103t\u0103 c\u0103, potrivit primelor analize, <a href=\"https:\/\/r3media.ro\/o-drona-a-intrat-in-bulgaria-dinspre-romania-si-a-explodat-la-100-de-metri-de-granita\/\" target=\"_blank\" rel=\"noopener\">aparatul care a explodat \u00een cursul dimine\u0163ii<\/a> \u00een spa\u0163iul aerian al \u0163\u0103rii, \u00een apropiere de grani\u0163a cu Rom\u00e2nia \u015fi de gazoductul transbalcanic, era probabil o dron\u0103 momeal\u0103 de tip Maya, utilizat\u0103 des de for\u0163ele armate ucrainene.<\/strong><\/p>\n<p>\u00cen consecin\u021b\u0103, ministrul bulgar de externe, Velislava Petrova, a convocat-o luni pe ambasadoarea Ucrainei, Olesia Ila\u015fciuk. Kievul a transmis c\u0103 este vorba despre un incident \u201eneinten\u0163ionat\u201d \u015fi a promis o anchet\u0103, f\u0103r\u0103 a confirma \u00eens\u0103 c\u0103 drona \u00eei apar\u0163inea, informeaz\u0103 <a href=\"https:\/\/www.news.ro\/externe\/bulgaria-anunta-drona-explodat-spatiul-aerian-tarii-e-ucraineana-convocat-ambasadoarea-kievului-ucraina-transmite-vizeaza-mod-deliberat-bulgaria-drona-identificata-sofia-tip-momeala-poarta-1922402408002026082222605442\" target=\"_blank\" rel=\"noopener\">News.ro.<\/a><\/p>\n<h2><strong>Ucraina d\u0103 asigur\u0103ri<\/strong><\/h2>\n<p>Kievul a asigurat c\u0103 nu vizeaz\u0103 \u201e\u00een mod deliberat\u201d Bulgaria \u015fi promite o anchet\u0103.<\/p>\n<p>\u201ePutem afirma cu certitudine c\u0103 armata ucrainean\u0103 nu a \u00eendreptat \u00een mod deliberat niciun aparat c\u0103tre Bulgaria\u201d, a reac\u0163ionat purt\u0103torul de cuv\u00e2nt al Ministerului Afacerilor Externe al Ucrainei, Gheorghi T\u00eeh\u00ee, f\u0103r\u0103 a confirma \u00een mod oficial dac\u0103 drona era \u00eentr-adev\u0103r ucrainean\u0103.<\/p>\n<p>Incursiunile cu drone au devenit frecvente \u00een Rom\u00e2nia, unde pr\u0103bu\u015firea unui aparat cu \u00eenc\u0103rc\u0103tur\u0103 exploziv\u0103 la sf\u00e2r\u015fitul lunii mai asupra unui bloc de locuin\u0163e a provocat doi r\u0103ni\u0163i, dar Bulgaria \u201cnu a mai avut niciodat\u0103 p\u00e2n\u0103 acum un incident de acest tip cu o dron\u0103 exploziv\u0103\u201d, a declarat pentru AFP fostul ministru al ap\u0103r\u0103rii, Todor Tagarev.<\/p>\n<p>Aparatul a \u201eexplodat \u00een imediata apropiere a punctului de frontier\u0103 cu Rom\u00e2nia de la Kardam\u201d, l\u00e2ng\u0103 Marea Neagr\u0103, \u00een nord-estul \u0163\u0103rii, \u015fi \u201ela 1.000 de metri\u201d de o sta\u0163ie de comprimare \u0163in\u00e2nd de gazoductul transbalcanic, a anun\u0163at premierul bulgar Rumen Radev.<\/p>\n<p>Pr\u0103bu\u015firea sa pe un c\u00e2mp de floarea-soarelui nu a provocat victime, a spus acesta dup\u0103 o \u015fedin\u0163\u0103 extraordinar\u0103 a Consiliului s\u0103u de Securitate.<\/p>\n<p>Rumen Radev nu a avansat nicio ipotez\u0103 cu privire la traiectoria dronei, a c\u0103rei prezen\u0163\u0103, potrivit lui, nu a fost detectat\u0103 de niciuna dintre cele dou\u0103 \u0163\u0103ri vecine \u00een spa\u0163iul lor aerian respectiv.<\/p>\n<p>Ministerul Ap\u0103r\u0103rii din Rom\u00e2nia a confirmat c\u0103 sistemul s\u0103u de supraveghere radar \u201enu a detectat nicio aeronav\u0103 care s\u0103 traverseze spa\u0163iul aerian rom\u00e2nesc \u00een direc\u0163ia Bulgariei\u201d.<\/p>\n<p>Conform declara\u0163iei ini\u0163iale a lui Rumen Radev, \u201ezgomotul acestei drone a fost \u00eenregistrat de poli\u0163ia de frontier\u0103 din Rom\u00e2nia\u201d, iar apoi \u201eo explozie puternic\u0103 \u00eenso\u0163it\u0103 de fum negru\u201d a fost observat\u0103 de o patrul\u0103 a poli\u0163iei de frontier\u0103 bulgare, ceea ce dovede\u015fte, potrivit acestuia, c\u0103 transporta \u201co cantitate important\u0103 de explozivi\u201d.<\/p>\n<h2><strong>Bucure\u0219tiul nu a f\u0103cut nimic<\/strong><\/h2>\n<p>Reamintim c\u0103 atunci c\u00e2nd o dron\u0103 ucrainean\u0103 a explodat \u00een portul Constan\u021ba, la c\u00e2teva sute de metri de depozite de combustibil, Rom\u00e2nia nu a luat nicio m\u0103sur\u0103 fa\u021b\u0103 de Kiev.<\/p>\n<p>Ambasadorul Ucrainei la Bucure\u0219ti nu a fost convocat, MAPN mul\u021bumindu-se s\u0103 trimit\u0103 o adres\u0103 \u00een care cere explica\u021bii Ucrainei.<\/p>\n<p>Potrivit ministrului interimar Radu Miru\u021b\u0103, Kievul nu a r\u0103spuns, nici p\u00e2n\u0103 acum, tuturor \u00eentreb\u0103rilor de la Bucure\u0219ti.<\/p>\n<div class=\"crp_related     crp-masonry\">\n<h2>\u00ceN CONTEXT<\/h2>\n<ul>\n<li><a href=\"https:\/\/r3media.ro\/drona-gasita-mare-mamaia-zona-loft-video\/\" class=\"crp_link post-120892\"><span class=\"crp_title\">VIDEO | O dron\u0103 a fost g\u0103sit\u0103 \u00een mare, \u00een Mamaia, \u00een zona Loft<\/span><\/a><\/li>\n<li><a href=\"https:\/\/r3media.ro\/o-drona-a-intrat-in-bulgaria-dinspre-romania-si-a-explodat-la-100-de-metri-de-granita\/\" class=\"crp_link post-121018\"><span class=\"crp_title\">O dron\u0103 a intrat \u00een Bulgaria dinspre Rom\u00e2nia \u0219i a explodat la 100 de metri de grani\u021b\u0103<\/span><\/a><\/li>\n<li><a href=\"https:\/\/r3media.ro\/ce-nu-se-leaga-de-drona-de-la-galati\/\" class=\"crp_link post-117376\"><span class=\"crp_title\">Ce nu se leag\u0103 de drona de la Gala\u021bi<\/span><\/a><\/li>\n<li><a href=\"https:\/\/r3media.ro\/george-simion-drona-galati-reactii\/\" class=\"crp_link post-117247\"><span class=\"crp_title\">George Simion, dup\u0103 drona de la Gala\u021bi: A\u021bi fi fost \u00een stare chiar \u0219i pentru drona din\u2026<\/span><\/a><\/li>\n<li><a href=\"https:\/\/r3media.ro\/video-exploziv-traian-basescu-ucraina-drona-constanta\/\" class=\"crp_link post-118603\"><span class=\"crp_title\">VIDEO EXPLOZIV | Fostul pre\u0219edinte Traian B\u0103sescu spune c\u0103 Ucraina a dirijat INTEN\u021aIONAT\u2026<\/span><\/a><\/li>\n<li><a href=\"https:\/\/r3media.ro\/florin-cojocariu-drona-ucraina-constanta-dovezi-catastrofa\/\" class=\"crp_link post-117854\"><span class=\"crp_title\">Florin Cojocariu, despre drona ucrainean\u0103 de la Constan\u021ba: Dovezile circumstan\u021biale indic\u0103\u2026<\/span><\/a><\/li>\n<li><a href=\"https:\/\/r3media.ro\/drona-galati-mapn-siguranta\/\" class=\"crp_link post-117240\"><span class=\"crp_title\">De ce nu s-a dobor\u00e2t drona de la Gala\u021bi? Un general MAPN explic\u0103: Nu s-a putut \u00een condi\u021bii\u2026<\/span><\/a><\/li>\n<li><a href=\"https:\/\/r3media.ro\/consiliu-securitate-onu-romania-drona-galati-video\/\" class=\"crp_link post-117507\"><span class=\"crp_title\">Consiliul de Securitate al ONU s-a reunit la cererea Rom\u00e2niei \u00een cazul dronei de la Gala\u021bi (VIDEO)<\/span><\/a><\/li>\n<\/ul>\n<\/div>\n<\/div>\n<\/div>\n<div class=\"td_block_wrap tdb_single_tags tdi_19 td-pb-border-top td_block_template_1\" data-td-block-uid=\"tdi_19\">\n<div class=\"tdb-block-inner td-fix-index\">\n<ul class=\"tdb-tags\">\n<li><span>SUBIECTE FIERBIN\u021aI<\/span><\/li>\n<li><a href=\"https:\/\/r3media.ro\/tag\/bulgaria\/\">bulgaria<\/a><\/li>\n<li><a href=\"https:\/\/r3media.ro\/tag\/drona-romania\/\">drona romania<\/a><\/li>\n<\/ul>\n<\/div>\n<\/div>\n<div class=\"td_block_wrap td_block_9 tdi_20 td_with_ajax_pagination td-pb-border-top td_block_template_1 td-column-2 td_block_padding td_block_bot_line\" data-td-block-uid=\"tdi_20\">\n<div class=\"td-block-title-wrap\">\n<h4 class=\"block-title td-block-title\"><span class=\"td-pulldown-size\">CITE\u0218TE MAI MULT<\/span><\/h4>\n<\/div>\n<div id=\"tdi_20\" class=\"td_block_inner\">\n<div class=\"td-block-row\">\n<div class=\"td-block-span6\">\n<div class=\"td_module_8 td_module_wrap\">\n<div class=\"item-details\">\n<h3 class=\"entry-title td-module-title\"><a href=\"https:\/\/r3media.ro\/fani-stapanul-inelelor-surpriza-sezonul-3-sauron\/\" rel=\"bookmark\" title=\"Fanii \u201eSt\u0103p\u00e2nul Inelelor\u201c ar putea avea o surpriz\u0103 \u00een sezonul 3 din serialul \u201eInelele Puterii\u201c. Sauron se va confrunta cu o creatur\u0103 de temut\">Fanii \u201eSt\u0103p\u00e2nul Inelelor\u201c ar putea avea o surpriz\u0103 \u00een sezonul 3 din serialul \u201eInelele&#8230;<\/a><\/h3>\n<div class=\"td-module-meta-info\"><a href=\"https:\/\/r3media.ro\/category\/stiri-prim-plan\/\" class=\"td-post-category\">PRIM PLAN<\/a><span class=\"td-post-author-name\"><a href=\"https:\/\/r3media.ro\/author\/oana\/\">Oana Ivan<\/a><span>&#8211;<\/span><\/span><span class=\"td-post-date\"><time class=\"entry-date updated td-module-date\" datetime=\"2026-08-08T00:19:31+03:00\">08\/08\/2026<\/time><\/span><\/div>\n<\/div>\n<\/div>\n<\/div>\n<div class=\"td-block-span6\">\n<div class=\"td_module_8 td_module_wrap\">\n<div class=\"item-details\">\n<h3 class=\"entry-title td-module-title\"><a href=\"https:\/\/r3media.ro\/show-iluzie-si-realitate-de-la-the-truman-show-la-son-of-a-rich\/\" rel=\"bookmark\" title=\"Show, iluzie \u0219i realitate: de la The Truman Show la Son of a Rich\">Show, iluzie \u0219i realitate: de la The Truman Show la Son of a Rich<\/a><\/h3>\n<div class=\"td-module-meta-info\"><a href=\"https:\/\/r3media.ro\/category\/opinii\/\" class=\"td-post-category\">OPINII<\/a><span class=\"td-post-author-name\"><a href=\"https:\/\/r3media.ro\/author\/costi_balasoiu\/\">Constantin B\u0103l\u0103\u0219oiu<\/a><span>&#8211;<\/span><\/span><span class=\"td-post-date\"><time class=\"entry-date updated td-module-date\" datetime=\"2026-08-08T15:30:25+03:00\">08\/08\/2026<\/time><\/span><\/div>\n<\/div>\n<\/div>\n<\/div>\n<\/div>\n<div class=\"td-block-row\">\n<div class=\"td-block-span6\">\n<div class=\"td_module_8 td_module_wrap\">\n<div class=\"item-details\">\n<h3 class=\"entry-title td-module-title\"><a href=\"https:\/\/r3media.ro\/kia-recheama-service-prima-generatie-masini-electrice-e-niro-risc-incendiu\/\" rel=\"bookmark\" title=\"Kia recheam\u0103 \u00een service prima genera\u021bie de ma\u0219ini electrice e-Niro din cauza riscului de incendiu\">Kia recheam\u0103 \u00een service prima genera\u021bie de ma\u0219ini electrice e-Niro din cauza riscului de&#8230;<\/a><\/h3>\n<div class=\"td-module-meta-info\"><a href=\"https:\/\/r3media.ro\/category\/actualitate\/\" class=\"td-post-category\">ACTUALITATE<\/a><span class=\"td-post-author-name\"><a href=\"https:\/\/r3media.ro\/author\/oana\/\">Oana Ivan<\/a><span>&#8211;<\/span><\/span><span class=\"td-post-date\"><time class=\"entry-date updated td-module-date\" datetime=\"2026-08-06T17:07:42+03:00\">06\/08\/2026<\/time><\/span><\/div>\n<\/div>\n<\/div>\n<\/div>\n<div class=\"td-block-span6\">\n<div class=\"td_module_8 td_module_wrap\">\n<div class=\"item-details\">\n<h3 class=\"entry-title td-module-title\"><a href=\"https:\/\/r3media.ro\/david-popovici-fair-play-sportivi-rusi-competitii\/\" rel=\"bookmark\" title=\"David Popovici, fair-play la revenirea sportivilor ru\u0219i \u00een competi\u021bii: Le urez succes, sper s\u0103 fiu mai bun dec\u00e2t ei\">David Popovici, fair-play la revenirea sportivilor ru\u0219i \u00een competi\u021bii: Le urez succes, sper s\u0103&#8230;<\/a><\/h3>\n<div class=\"td-module-meta-info\"><a href=\"https:\/\/r3media.ro\/category\/stiri-prim-plan\/\" class=\"td-post-category\">PRIM PLAN<\/a><span class=\"td-post-author-name\"><a href=\"https:\/\/r3media.ro\/author\/redactia\/\">Redac\u021bia<\/a><span>&#8211;<\/span><\/span><span class=\"td-post-date\"><time class=\"entry-date updated td-module-date\" datetime=\"2026-08-07T15:07:51+03:00\">07\/08\/2026<\/time><\/span><\/div>\n<\/div>\n<\/div>\n<\/div>\n<\/div>\n<div class=\"td-block-row\">\n<div class=\"td-block-span6\">\n<div class=\"td_module_8 td_module_wrap\">\n<div class=\"item-details\">\n<h3 class=\"entry-title td-module-title\"><a href=\"https:\/\/r3media.ro\/drona-gasita-mare-mamaia-zona-loft-video\/\" rel=\"bookmark\" title=\"VIDEO | O dron\u0103 a fost g\u0103sit\u0103 \u00een mare, \u00een Mamaia, \u00een zona Loft\">VIDEO | O dron\u0103 a fost g\u0103sit\u0103 \u00een mare, \u00een Mamaia, \u00een zona Loft<\/a><\/h3>\n<div class=\"td-module-meta-info\"><a href=\"https:\/\/r3media.ro\/category\/actualitate\/\" class=\"td-post-category\">ACTUALITATE<\/a><span class=\"td-post-author-name\"><a href=\"https:\/\/r3media.ro\/author\/oana\/\">Oana Ivan<\/a><span>&#8211;<\/span><\/span><span class=\"td-post-date\"><time class=\"entry-date updated td-module-date\" datetime=\"2026-08-05T21:48:11+03:00\">05\/08\/2026<\/time><\/span><\/div>\n<\/div>\n<\/div>\n<\/div>\n<div class=\"td-block-span6\">\n<div class=\"td_module_8 td_module_wrap\">\n<div class=\"item-details\">\n<h3 class=\"entry-title td-module-title\"><a href=\"https:\/\/r3media.ro\/cand-incepe-scoala-in-2026-structura-an-nou-scolar\/\" rel=\"bookmark\" title=\"C\u00e2nd \u00eencepe \u0219coala \u00een 2026: Structura noului an \u0219colar, vacan\u021bele \u0219i zilele libere\">C\u00e2nd \u00eencepe \u0219coala \u00een 2026: Structura noului an \u0219colar, vacan\u021bele \u0219i zilele libere<\/a><\/h3>\n<div class=\"td-module-meta-info\"><a href=\"https:\/\/r3media.ro\/category\/actualitate\/\" class=\"td-post-category\">ACTUALITATE<\/a><span class=\"td-post-author-name\"><a href=\"https:\/\/r3media.ro\/author\/oana\/\">Oana Ivan<\/a><span>&#8211;<\/span><\/span><span class=\"td-post-date\"><time class=\"entry-date updated td-module-date\" datetime=\"2026-08-03T22:23:20+03:00\">03\/08\/2026<\/time><\/span><\/div>\n<\/div>\n<\/div>\n<\/div>\n<\/div>\n<div class=\"td-block-row\">\n<div class=\"td-block-span6\">\n<div class=\"td_module_8 td_module_wrap\">\n<div class=\"item-details\">\n<h3 class=\"entry-title td-module-title\"><a href=\"https:\/\/r3media.ro\/tara-europa-norvegia-masini-electrice-inmatriculate-cota-ridicata\/\" rel=\"bookmark\" title=\"\u021aara din Europa unde aproape toate ma\u0219inile \u00eenmatriculate sune electrice. Cota a ajuns la 97,6% \u00een iulie\">\u021aara din Europa unde aproape toate ma\u0219inile \u00eenmatriculate sune electrice. Cota a ajuns la&#8230;<\/a><\/h3>\n<div class=\"td-module-meta-info\"><a href=\"https:\/\/r3media.ro\/category\/actualitate\/\" class=\"td-post-category\">ACTUALITATE<\/a><span class=\"td-post-author-name\"><a href=\"https:\/\/r3media.ro\/author\/oana\/\">Oana Ivan<\/a><span>&#8211;<\/span><\/span><span class=\"td-post-date\"><time class=\"entry-date updated td-module-date\" datetime=\"2026-08-03T17:01:21+03:00\">03\/08\/2026<\/time><\/span><\/div>\n<\/div>\n<\/div>\n<\/div>\n<div class=\"td-block-span6\">\n<div class=\"td_module_8 td_module_wrap\">\n<div class=\"item-details\">\n<h3 class=\"entry-title td-module-title\"><a href=\"https:\/\/r3media.ro\/puterea-mitologica-instalata-a-romaniei\/\" rel=\"bookmark\" title=\"Puterea mitologic\u0103 instalat\u0103 a Rom\u00e2niei\">Puterea mitologic\u0103 instalat\u0103 a Rom\u00e2niei<\/a><\/h3>\n<div class=\"td-module-meta-info\"><a href=\"https:\/\/r3media.ro\/category\/opinii\/\" class=\"td-post-category\">OPINII<\/a><span class=\"td-post-author-name\"><a href=\"https:\/\/r3media.ro\/author\/tru\/\">TRU (Traian Ungureanu)<\/a><span>&#8211;<\/span><\/span><span class=\"td-post-date\"><time class=\"entry-date updated td-module-date\" datetime=\"2026-08-02T22:08:04+03:00\">02\/08\/2026<\/time><\/span><\/div>\n<\/div>\n<\/div>\n<\/div>\n<\/div>\n<div class=\"td-block-row\">\n<div class=\"td-block-span6\">\n<div class=\"td_module_8 td_module_wrap\">\n<div class=\"item-details\">\n<h3 class=\"entry-title td-module-title\"><a href=\"https:\/\/r3media.ro\/hyundai-recheama-service-masini-electrice-inster-risc-incendiu\/\" rel=\"bookmark\" title=\"Hyundai recheam\u0103 \u00een service zeci de mii de ma\u0219ini electrice din cauza riscului de incendiu\">Hyundai recheam\u0103 \u00een service zeci de mii de ma\u0219ini electrice din cauza riscului de&#8230;<\/a><\/h3>\n<div class=\"td-module-meta-info\"><a href=\"https:\/\/r3media.ro\/category\/actualitate\/\" class=\"td-post-category\">ACTUALITATE<\/a><span class=\"td-post-author-name\"><a href=\"https:\/\/r3media.ro\/author\/oana\/\">Oana Ivan<\/a><span>&#8211;<\/span><\/span><span class=\"td-post-date\"><time class=\"entry-date updated td-module-date\" datetime=\"2026-08-02T08:34:05+03:00\">02\/08\/2026<\/time><\/span><\/div>\n<\/div>\n<\/div>\n<\/div>\n<div class=\"td-block-span6\">\n<div class=\"td_module_8 td_module_wrap\">\n<div class=\"item-details\">\n<h3 class=\"entry-title td-module-title\"><a href=\"https:\/\/r3media.ro\/dragostea-care-transcende-epoci-descult-in-parc-1967\/\" rel=\"bookmark\" title=\"Dragostea care transcende epoci \u2014 Descul\u021b \u00een parc (1967)\">Dragostea care transcende epoci \u2014 Descul\u021b \u00een parc (1967)<\/a><\/h3>\n<div class=\"td-module-meta-info\"><a href=\"https:\/\/r3media.ro\/category\/opinii\/\" class=\"td-post-category\">OPINII<\/a><span class=\"td-post-author-name\"><a href=\"https:\/\/r3media.ro\/author\/costi_balasoiu\/\">Constantin B\u0103l\u0103\u0219oiu<\/a><span>&#8211;<\/span><\/span><span class=\"td-post-date\"><time class=\"entry-date updated td-module-date\" datetime=\"2026-08-01T13:45:14+03:00\">01\/08\/2026<\/time><\/span><\/div>\n<\/div>\n<\/div>\n<\/div>\n<\/div>\n<div class=\"td-block-row\">\n<div class=\"td-block-span6\">\n<div class=\"td_module_8 td_module_wrap\">\n<div class=\"item-details\">\n<h3 class=\"entry-title td-module-title\"><a href=\"https:\/\/r3media.ro\/masina-electrica-foc-turcia-incarcat-vehicul-explozie-pompieri-stingere-incendiu-video\/\" rel=\"bookmark\" title=\"VIDEO | O ma\u0219in\u0103 electric\u0103 a luat foc \u00een timp ce se afla la \u00eenc\u0103rcat. Vehiculul a explodat chiar c\u00e2nd pompierii \u00eencercau s\u0103 sting\u0103 incendiul folosind o p\u0103tur\u0103 ignifug\u0103\">VIDEO | O ma\u0219in\u0103 electric\u0103 a luat foc \u00een timp ce se afla la&#8230;<\/a><\/h3>\n<div class=\"td-module-meta-info\"><a href=\"https:\/\/r3media.ro\/category\/actualitate\/\" class=\"td-post-category\">ACTUALITATE<\/a><span class=\"td-post-author-name\"><a href=\"https:\/\/r3media.ro\/author\/oana\/\">Oana Ivan<\/a><span>&#8211;<\/span><\/span><span class=\"td-post-date\"><time class=\"entry-date updated td-module-date\" datetime=\"2026-07-31T13:33:48+03:00\">31\/07\/2026<\/time><\/span><\/div>\n<\/div>\n<\/div>\n<\/div>\n<div class=\"td-block-span6\">\n<div class=\"td_module_8 td_module_wrap\">\n<div class=\"item-details\">\n<h3 class=\"entry-title td-module-title\"><a href=\"https:\/\/r3media.ro\/spania-asediu-migranti-exclava-ceuta-africa-madrid-trupe-securitate-video\/\" rel=\"bookmark\" title=\"VIDEO | Spania se afl\u0103 sub asediu: Mii de migran\u021bi au luat cu asalt exclava Ceuta din Africa. Madridul a trimis trupe pentru a consolida securitatea\">VIDEO | Spania se afl\u0103 sub asediu: Mii de migran\u021bi au luat cu asalt&#8230;<\/a><\/h3>\n<div class=\"td-module-meta-info\"><a href=\"https:\/\/r3media.ro\/category\/actualitate\/\" class=\"td-post-category\">ACTUALITATE<\/a><span class=\"td-post-author-name\"><a href=\"https:\/\/r3media.ro\/author\/oana\/\">Oana Ivan<\/a><span>&#8211;<\/span><\/span><span class=\"td-post-date\"><time class=\"entry-date updated td-module-date\" datetime=\"2026-07-31T12:39:57+03:00\">31\/07\/2026<\/time><\/span><\/div>\n<\/div>\n<\/div>\n<\/div>\n<\/div>\n<\/div>\n<div class=\"td-load-more-wrap td-load-more-infinite-wrap\" id=\"infinite-lm-tdi_20\"><a href=\"https:\/\/r3media.ro\/bulgaria-drona-ucraineana-kiev-ucraina\/\" class=\"td_ajax_load_more td_ajax_load_more_js\" aria-label=\"\u00cenc\u0103rca\u021bi mai multe\" id=\"next-page-tdi_20\" data-td_block_id=\"tdi_20\">\u00cenc\u0103rca\u021bi mai multe<\/a><\/div>\n<\/div>\n<div class=\"td_block_wrap tdb_single_comments tdi_21 tdb-comm-layout2 td-pb-border-top td_block_template_1\" data-td-block-uid=\"tdi_21\">\n<div class=\"tdb-block-inner td-fix-index\">\n<div class=\"comments\" id=\"comments\">\n<div id=\"respond\" class=\"comment-respond\">\n<h3 id=\"reply-title\" class=\"comment-reply-title\">AI CEVA DE SPUS? <small><a rel=\"nofollow\" id=\"cancel-comment-reply-link\" href=\"https:\/\/r3media.ro\/bulgaria-drona-ucraineana-kiev-ucraina\/#respond\">Renun\u021ba\u021bi la r\u0103spuns<\/a><\/small><\/h3>\n<div class=\"comment-form-input-wrap td-form-comment\">\n<div class=\"td-warning-comment\">V\u0103 rug\u0103m s\u0103 introduce\u021bi comentariul dvs.!<\/div>\n<\/div>\n<div class=\"comment-form-input-wrap td-form-author\">\n<div class=\"td-warning-author\">Introduce\u021bi aici numele dvs.<\/div>\n<\/div>\n<div class=\"comment-form-input-wrap td-form-email\">\n<div class=\"td-warning-email-error\">A\u021bi introdus o adres\u0103 de e-mail incorect\u0103!<\/div>\n<div class=\"td-warning-email\">V\u0103 rug\u0103m s\u0103 introduce\u021bi adresa dvs. de e-mail aici<\/div>\n<\/div>\n<\/div>\n<\/div>\n<\/div>\n<\/div>\n<\/div>\n<\/div>\n<div class=\"vc_column tdi_23  wpb_column vc_column_container tdc-column td-pb-span4 td-is-sticky\">\n<div class=\"wpb_wrapper\" data-sticky-enabled-on=\"W3RydWUsdHJ1ZSx0cnVlLHRydWVd\" data-sticky-offset=\"20\" data-sticky-is-width-auto=\"W2ZhbHNlLGZhbHNlLGZhbHNlLGZhbHNlXQ==\">\n<div class=\"wpb_wrapper td_block_wrap vc_widget_sidebar tdi_25 \">\n<div class=\"td_block_wrap td_block_7 td_block_widget tdi_26 td-pb-border-top td_block_template_1 td-column-1 td_block_padding\" data-td-block-uid=\"tdi_26\">\n<div class=\"td-block-title-wrap\">\n<h4 class=\"block-title td-block-title\"><span class=\"td-pulldown-size\">Articole RELA\u021aIONATE<\/span><\/h4>\n<\/div>\n<div id=\"tdi_26\" class=\"td_block_inner\">\n<div class=\"td-block-span12\">\n<div class=\"td_module_6 td_module_wrap td-animation-stack\">\n<div class=\"td-module-thumb\"><a href=\"https:\/\/r3media.ro\/fara-apa-fara-curent-fara-viitor-cum-au-sacrificat-pro-europenii-romania-pe-altarul-ecologiei-ieftine\/\" rel=\"bookmark\" class=\"td-image-wrap \" title=\"F\u0103r\u0103 ap\u0103, f\u0103r\u0103 curent, f\u0103r\u0103 viitor: cum au sacrificat pro-europenii Rom\u00e2nia pe altarul ecologiei ieftine\"><img loading=\"lazy\" decoding=\"async\" class=\"entry-thumb\" src=\"https:\/\/r3media.ro\/wp-content\/uploads\/2026\/02\/energie-articol-100x70.jpg\" alt title=\"F\u0103r\u0103 ap\u0103, f\u0103r\u0103 curent, f\u0103r\u0103 viitor: cum au sacrificat pro-europenii Rom\u00e2nia pe altarul ecologiei ieftine\" width=\"100\" height=\"70\"><\/a><\/div>\n<div class=\"item-details\">\n<h3 class=\"entry-title td-module-title\"><a href=\"https:\/\/r3media.ro\/fara-apa-fara-curent-fara-viitor-cum-au-sacrificat-pro-europenii-romania-pe-altarul-ecologiei-ieftine\/\" rel=\"bookmark\" title=\"F\u0103r\u0103 ap\u0103, f\u0103r\u0103 curent, f\u0103r\u0103 viitor: cum au sacrificat pro-europenii Rom\u00e2nia pe altarul ecologiei ieftine\">F\u0103r\u0103 ap\u0103, f\u0103r\u0103 curent, f\u0103r\u0103 viitor: cum au sacrificat pro-europenii Rom\u00e2nia&#8230;<\/a><\/h3>\n<div class=\"td-module-meta-info\"><span class=\"td-post-date\"><time class=\"entry-date updated td-module-date\" datetime=\"2026-08-08T22:30:54+03:00\">08\/08\/2026<\/time><\/span><\/div>\n<\/div>\n<\/div>\n<\/div>\n<div class=\"td-block-span12\">\n<div class=\"td_module_6 td_module_wrap td-animation-stack\">\n<div class=\"td-module-thumb\"><a href=\"https:\/\/r3media.ro\/9-august-moartea-lui-mihai-viteazu-primul-unificator-al-romanilor\/\" rel=\"bookmark\" class=\"td-image-wrap \" title=\"Calendarul zilei 9 august: 425 de ani de la moartea lui Mihai Viteazul. Primul unificator al rom\u00e2nilor a fost ucis mi\u0219ele\u0219te chiar de alia\u021bii s\u0103i\"><img loading=\"lazy\" decoding=\"async\" class=\"entry-thumb\" src=\"https:\/\/r3media.ro\/wp-content\/uploads\/2021\/08\/Asasinarea-lui-Mihai-Viteazul-1024x715-1-100x70.jpg\" alt title=\"Calendarul zilei 9 august: 425 de ani de la moartea lui Mihai Viteazul. Primul unificator al rom\u00e2nilor a fost ucis mi\u0219ele\u0219te chiar de alia\u021bii s\u0103i\" width=\"100\" height=\"70\"><\/a><\/div>\n<div class=\"item-details\">\n<h3 class=\"entry-title td-module-title\"><a href=\"https:\/\/r3media.ro\/9-august-moartea-lui-mihai-viteazu-primul-unificator-al-romanilor\/\" rel=\"bookmark\" title=\"Calendarul zilei 9 august: 425 de ani de la moartea lui Mihai Viteazul. Primul unificator al rom\u00e2nilor a fost ucis mi\u0219ele\u0219te chiar de alia\u021bii s\u0103i\">Calendarul zilei 9 august: 425 de ani de la moartea lui&#8230;<\/a><\/h3>\n<div class=\"td-module-meta-info\"><span class=\"td-post-date\"><time class=\"entry-date updated td-module-date\" datetime=\"2026-08-08T22:20:24+03:00\">08\/08\/2026<\/time><\/span><\/div>\n<\/div>\n<\/div>\n<\/div>\n<div class=\"td-block-span12\">\n<div class=\"td_module_6 td_module_wrap td-animation-stack\">\n<div class=\"td-module-thumb\"><a href=\"https:\/\/r3media.ro\/calendarul-zilei-9-august-sfantul-apostol-matia\/\" rel=\"bookmark\" class=\"td-image-wrap \" title=\"Calendarul zilei 9 august: Sf\u00e2ntul Apostol Matia\"><img loading=\"lazy\" decoding=\"async\" class=\"entry-thumb\" src=\"https:\/\/r3media.ro\/wp-content\/uploads\/2023\/08\/sddefault-2-100x70.jpg\" alt title=\"Calendarul zilei 9 august: Sf\u00e2ntul Apostol Matia\" width=\"100\" height=\"70\"><\/a><\/div>\n<div class=\"item-details\">\n<h3 class=\"entry-title td-module-title\"><a href=\"https:\/\/r3media.ro\/calendarul-zilei-9-august-sfantul-apostol-matia\/\" rel=\"bookmark\" title=\"Calendarul zilei 9 august: Sf\u00e2ntul Apostol Matia\">Calendarul zilei 9 august: Sf\u00e2ntul Apostol Matia<\/a><\/h3>\n<div class=\"td-module-meta-info\"><span class=\"td-post-date\"><time class=\"entry-date updated td-module-date\" datetime=\"2026-08-08T22:19:56+03:00\">08\/08\/2026<\/time><\/span><\/div>\n<\/div>\n<\/div>\n<\/div>\n<div class=\"td-block-span12\">\n<div class=\"td_module_6 td_module_wrap td-animation-stack\">\n<div class=\"td-module-thumb\"><a href=\"https:\/\/r3media.ro\/papi-si-conclavuri-traditie-si-anticlericalism-in-cinema-cei-doi-papi-si-conclavul\/\" rel=\"bookmark\" class=\"td-image-wrap \" title=\"Papi \u0219i conclavuri, tradi\u021bie \u0219i anticlericalism \u00een cinema: Cei doi papi \u0219i Conclavul\"><img loading=\"lazy\" decoding=\"async\" class=\"entry-thumb\" src=\"https:\/\/r3media.ro\/wp-content\/uploads\/2026\/08\/cei-doi-papi-100x70.jpg\" alt title=\"Papi \u0219i conclavuri, tradi\u021bie \u0219i anticlericalism \u00een cinema: Cei doi papi \u0219i Conclavul\" width=\"100\" height=\"70\"><\/a><\/div>\n<div class=\"item-details\">\n<h3 class=\"entry-title td-module-title\"><a href=\"https:\/\/r3media.ro\/papi-si-conclavuri-traditie-si-anticlericalism-in-cinema-cei-doi-papi-si-conclavul\/\" rel=\"bookmark\" title=\"Papi \u0219i conclavuri, tradi\u021bie \u0219i anticlericalism \u00een cinema: Cei doi papi \u0219i Conclavul\">Papi \u0219i conclavuri, tradi\u021bie \u0219i anticlericalism \u00een cinema: Cei doi papi&#8230;<\/a><\/h3>\n<div class=\"td-module-meta-info\"><span class=\"td-post-date\"><time class=\"entry-date updated td-module-date\" datetime=\"2026-08-08T22:07:22+03:00\">08\/08\/2026<\/time><\/span><\/div>\n<\/div>\n<\/div>\n<\/div>\n<div class=\"td-block-span12\">\n<div class=\"td_module_6 td_module_wrap td-animation-stack\">\n<div class=\"td-module-thumb\"><a href=\"https:\/\/r3media.ro\/adrian-agachi-bor-sadhguru-untold-cluj\/\" rel=\"bookmark\" class=\"td-image-wrap \" title=\"Pr. Adrian Agachi (BOR), dup\u0103 ce Sadhguru a urcat pe scena UNTOLD: Nu, dragilor, f\u0103r\u0103 oameni planeta nu ar fi mai bun\u0103, planeta \u0219i-ar rata definitiv scopul!\"><img loading=\"lazy\" decoding=\"async\" class=\"entry-thumb\" src=\"https:\/\/r3media.ro\/wp-content\/uploads\/2026\/04\/adrian-agachi-100x70.png\" alt title=\"Pr. Adrian Agachi (BOR), dup\u0103 ce Sadhguru a urcat pe scena UNTOLD: Nu, dragilor, f\u0103r\u0103 oameni planeta nu ar fi mai bun\u0103, planeta \u0219i-ar rata definitiv scopul!\" width=\"100\" height=\"70\"><\/a><\/div>\n<div class=\"item-details\">\n<h3 class=\"entry-title td-module-title\"><a href=\"https:\/\/r3media.ro\/adrian-agachi-bor-sadhguru-untold-cluj\/\" rel=\"bookmark\" title=\"Pr. Adrian Agachi (BOR), dup\u0103 ce Sadhguru a urcat pe scena UNTOLD: Nu, dragilor, f\u0103r\u0103 oameni planeta nu ar fi mai bun\u0103, planeta \u0219i-ar rata definitiv scopul!\">Pr. Adrian Agachi (BOR), dup\u0103 ce Sadhguru a urcat pe scena&#8230;<\/a><\/h3>\n<div class=\"td-module-meta-info\"><span class=\"td-post-date\"><time class=\"entry-date updated td-module-date\" datetime=\"2026-08-08T17:29:00+03:00\">08\/08\/2026<\/time><\/span><\/div>\n<\/div>\n<\/div>\n<\/div>\n<div class=\"td-block-span12\">\n<div class=\"td_module_6 td_module_wrap td-animation-stack\">\n<div class=\"td-module-thumb\"><a href=\"https:\/\/r3media.ro\/o-drona-a-intrat-in-bulgaria-dinspre-romania-si-a-explodat-la-100-de-metri-de-granita\/\" rel=\"bookmark\" class=\"td-image-wrap \" title=\"O dron\u0103 a intrat \u00een Bulgaria dinspre Rom\u00e2nia \u0219i a explodat la 100 de metri de grani\u021b\u0103\"><img loading=\"lazy\" decoding=\"async\" class=\"entry-thumb\" src=\"https:\/\/r3media.ro\/wp-content\/uploads\/2022\/11\/romania-bulgaria-cash-100x70.jpg\" alt title=\"O dron\u0103 a intrat \u00een Bulgaria dinspre Rom\u00e2nia \u0219i a explodat la 100 de metri de grani\u021b\u0103\" width=\"100\" height=\"70\"><\/a><\/div>\n<div class=\"item-details\">\n<h3 class=\"entry-title td-module-title\"><a href=\"https:\/\/r3media.ro\/o-drona-a-intrat-in-bulgaria-dinspre-romania-si-a-explodat-la-100-de-metri-de-granita\/\" rel=\"bookmark\" title=\"O dron\u0103 a intrat \u00een Bulgaria dinspre Rom\u00e2nia \u0219i a explodat la 100 de metri de grani\u021b\u0103\">O dron\u0103 a intrat \u00een Bulgaria dinspre Rom\u00e2nia \u0219i a explodat&#8230;<\/a><\/h3>\n<div class=\"td-module-meta-info\"><span class=\"td-post-date\"><time class=\"entry-date updated td-module-date\" datetime=\"2026-08-08T16:12:44+03:00\">08\/08\/2026<\/time><\/span><\/div>\n<\/div>\n<\/div>\n<\/div>\n<div class=\"td-block-span12\">\n<div class=\"td_module_6 td_module_wrap td-animation-stack\">\n<div class=\"td-module-thumb\"><a href=\"https:\/\/r3media.ro\/show-iluzie-si-realitate-de-la-the-truman-show-la-son-of-a-rich\/\" rel=\"bookmark\" class=\"td-image-wrap \" title=\"Show, iluzie \u0219i realitate: de la The Truman Show la Son of a Rich\"><img loading=\"lazy\" decoding=\"async\" class=\"entry-thumb\" src=\"https:\/\/r3media.ro\/wp-content\/uploads\/2026\/08\/the-truman-show-jim-carrey-100x70.webp\" alt title=\"Show, iluzie \u0219i realitate: de la The Truman Show la Son of a Rich\" width=\"100\" height=\"70\"><\/a><\/div>\n<div class=\"item-details\">\n<h3 class=\"entry-title td-module-title\"><a href=\"https:\/\/r3media.ro\/show-iluzie-si-realitate-de-la-the-truman-show-la-son-of-a-rich\/\" rel=\"bookmark\" title=\"Show, iluzie \u0219i realitate: de la The Truman Show la Son of a Rich\">Show, iluzie \u0219i realitate: de la The Truman Show la Son&#8230;<\/a><\/h3>\n<div class=\"td-module-meta-info\"><span class=\"td-post-date\"><time class=\"entry-date updated td-module-date\" datetime=\"2026-08-08T15:30:25+03:00\">08\/08\/2026<\/time><\/span><\/div>\n<\/div>\n<\/div>\n<\/div>\n<\/div>\n<\/div>\n<aside class=\"td_block_template_1 widget widget_recent_comments\">\n<h4 class=\"block-title\"><span>INTR\u0102 \u00ceN DISCU\u021aIE!<\/span><\/h4>\n<ul id=\"recentcomments\">\n<li class=\"recentcomments\"><span class=\"comment-author-link\">Isabel<\/span> la <a href=\"https:\/\/r3media.ro\/fara-apa-fara-curent-fara-viitor-cum-au-sacrificat-pro-europenii-romania-pe-altarul-ecologiei-ieftine\/#comment-40358\">F\u0103r\u0103 ap\u0103, f\u0103r\u0103 curent, f\u0103r\u0103 viitor: cum au sacrificat pro-europenii Rom\u00e2nia pe altarul ecologiei ieftine<\/a><\/li>\n<li class=\"recentcomments\"><span class=\"comment-author-link\">Nicu<\/span> la <a href=\"https:\/\/r3media.ro\/o-drona-a-intrat-in-bulgaria-dinspre-romania-si-a-explodat-la-100-de-metri-de-granita\/#comment-40357\">O dron\u0103 a intrat \u00een Bulgaria dinspre Rom\u00e2nia \u0219i a explodat la 100 de metri de grani\u021b\u0103<\/a><\/li>\n<li class=\"recentcomments\"><span class=\"comment-author-link\">Nicu<\/span> la <a href=\"https:\/\/r3media.ro\/adrian-agachi-bor-sadhguru-untold-cluj\/#comment-40356\">Pr. Adrian Agachi (BOR), dup\u0103 ce Sadhguru a urcat pe scena UNTOLD: Nu, dragilor, f\u0103r\u0103 oameni planeta nu ar fi mai bun\u0103, planeta \u0219i-ar rata definitiv scopul!<\/a><\/li>\n<li class=\"recentcomments\"><span class=\"comment-author-link\">Kostel<\/span> la <a href=\"https:\/\/r3media.ro\/david-popovici-fair-play-sportivi-rusi-competitii\/#comment-40355\">David Popovici, fair-play la revenirea sportivilor ru\u0219i \u00een competi\u021bii: Le urez succes, sper s\u0103 fiu mai bun dec\u00e2t ei<\/a><\/li>\n<li class=\"recentcomments\"><span class=\"comment-author-link\">IvanHose<\/span> la <a href=\"https:\/\/r3media.ro\/kia-recheama-service-prima-generatie-masini-electrice-e-niro-risc-incendiu\/#comment-40354\">Kia recheam\u0103 \u00een service prima genera\u021bie de ma\u0219ini electrice e-Niro din cauza riscului de incendiu<\/a><\/li>\n<li class=\"recentcomments\"><span class=\"comment-author-link\">Gelu<\/span> la <a href=\"https:\/\/r3media.ro\/un-tongalez-un-sud-african-si-un-australian-vor-evolua-pentru-nationala-de-rugby-a-romaniei\/#comment-40353\">Rugby: Un tongalez, un sud-african \u0219i un australian au depus jur\u0103m\u00e2ntul de credin\u021b\u0103 fa\u021b\u0103 de Rom\u00e2nia<\/a><\/li>\n<li class=\"recentcomments\"><span class=\"comment-author-link\">George<\/span> la <a href=\"https:\/\/r3media.ro\/mariuca-zaharia-fetita-12-ani-marasesti\/#comment-40352\">Calendarul zilei 6 august: M\u0103riuca Zaharia, feti\u021ba de 12 ani c\u0103zut\u0103 la M\u0103r\u0103\u0219e\u0219ti, care nu mai are loc \u00een manualele de istorie<\/a><\/li>\n<\/ul>\n<\/aside>\n<aside class=\"td_block_template_1 widget widget_search\">\n<h4 class=\"block-title\"><span>CAUT\u0102 \u0218I VEI G\u0102SI<\/span><\/h4>\n<\/aside>\n<\/div>\n<\/div>\n<\/div>\n<\/div>\n<\/div>\n<\/div>\n<\/div>\n<p><span class=\"td-page-meta\"><\/span><span class=\"td-page-meta\"><span class=\"td-page-meta\"><\/span><\/span><span class=\"td-page-meta\"><\/span><\/article>\n<\/p>\n<div class=\"td_block_wrap tdb_single_content tdi_18 td-pb-border-top td_block_template_1 td-post-content tagdiv-type\" data-td-block-uid=\"tdi_18\">\n<div class=\"tdb-block-inner td-fix-index\">\n<p><strong>Ministerul Ap\u0103r\u0103rii din Bulgaria a anun\u0163at s\u00e2mb\u0103t\u0103 c\u0103, potrivit primelor analize, <a href=\"https:\/\/r3media.ro\/o-drona-a-intrat-in-bulgaria-dinspre-romania-si-a-explodat-la-100-de-metri-de-granita\/\" target=\"_blank\" rel=\"noopener\">aparatul care a explodat \u00een cursul dimine\u0163ii<\/a> \u00een spa\u0163iul aerian al \u0163\u0103rii, \u00een apropiere de grani\u0163a cu Rom\u00e2nia \u015fi de gazoductul transbalcanic, era probabil o dron\u0103 momeal\u0103 de tip Maya, utilizat\u0103 des de for\u0163ele armate ucrainene.<\/strong><\/p>\n<p>\u00cen consecin\u021b\u0103, ministrul bulgar de externe, Velislava Petrova, a convocat-o luni pe ambasadoarea Ucrainei, Olesia Ila\u015fciuk. Kievul a transmis c\u0103 este vorba despre un incident \u201eneinten\u0163ionat\u201d \u015fi a promis o anchet\u0103, f\u0103r\u0103 a confirma \u00eens\u0103 c\u0103 drona \u00eei apar\u0163inea, informeaz\u0103 <a href=\"https:\/\/www.news.ro\/externe\/bulgaria-anunta-drona-explodat-spatiul-aerian-tarii-e-ucraineana-convocat-ambasadoarea-kievului-ucraina-transmite-vizeaza-mod-deliberat-bulgaria-drona-identificata-sofia-tip-momeala-poarta-1922402408002026082222605442\" target=\"_blank\" rel=\"noopener\">News.ro.<\/a><\/p>\n<h2><strong>Ucraina d\u0103 asigur\u0103ri<\/strong><\/h2>\n<p>Kievul a asigurat c\u0103 nu vizeaz\u0103 \u201e\u00een mod deliberat\u201d Bulgaria \u015fi promite o anchet\u0103.<\/p>\n<p>\u201ePutem afirma cu certitudine c\u0103 armata ucrainean\u0103 nu a \u00eendreptat \u00een mod deliberat niciun aparat c\u0103tre Bulgaria\u201d, a reac\u0163ionat purt\u0103torul de cuv\u00e2nt al Ministerului Afacerilor Externe al Ucrainei, Gheorghi T\u00eeh\u00ee, f\u0103r\u0103 a confirma \u00een mod oficial dac\u0103 drona era \u00eentr-adev\u0103r ucrainean\u0103.<\/p>\n<p>Incursiunile cu drone au devenit frecvente \u00een Rom\u00e2nia, unde pr\u0103bu\u015firea unui aparat cu \u00eenc\u0103rc\u0103tur\u0103 exploziv\u0103 la sf\u00e2r\u015fitul lunii mai asupra unui bloc de locuin\u0163e a provocat doi r\u0103ni\u0163i, dar Bulgaria \u201cnu a mai avut niciodat\u0103 p\u00e2n\u0103 acum un incident de acest tip cu o dron\u0103 exploziv\u0103\u201d, a declarat pentru AFP fostul ministru al ap\u0103r\u0103rii, Todor Tagarev.<\/p>\n<p>Aparatul a \u201eexplodat \u00een imediata apropiere a punctului de frontier\u0103 cu Rom\u00e2nia de la Kardam\u201d, l\u00e2ng\u0103 Marea Neagr\u0103, \u00een nord-estul \u0163\u0103rii, \u015fi \u201ela 1.000 de metri\u201d de o sta\u0163ie de comprimare \u0163in\u00e2nd de gazoductul transbalcanic, a anun\u0163at premierul bulgar Rumen Radev.<\/p>\n<p>Pr\u0103bu\u015firea sa pe un c\u00e2mp de floarea-soarelui nu a provocat victime, a spus acesta dup\u0103 o \u015fedin\u0163\u0103 extraordinar\u0103 a Consiliului s\u0103u de Securitate.<\/p>\n<p>Rumen Radev nu a avansat nicio ipotez\u0103 cu privire la traiectoria dronei, a c\u0103rei prezen\u0163\u0103, potrivit lui, nu a fost detectat\u0103 de niciuna dintre cele dou\u0103 \u0163\u0103ri vecine \u00een spa\u0163iul lor aerian respectiv.<\/p>\n<p>Ministerul Ap\u0103r\u0103rii din Rom\u00e2nia a confirmat c\u0103 sistemul s\u0103u de supraveghere radar \u201enu a detectat nicio aeronav\u0103 care s\u0103 traverseze spa\u0163iul aerian rom\u00e2nesc \u00een direc\u0163ia Bulgariei\u201d.<\/p>\n<p>Conform declara\u0163iei ini\u0163iale a lui Rumen Radev, \u201ezgomotul acestei drone a fost \u00eenregistrat de poli\u0163ia de frontier\u0103 din Rom\u00e2nia\u201d, iar apoi \u201eo explozie puternic\u0103 \u00eenso\u0163it\u0103 de fum negru\u201d a fost observat\u0103 de o patrul\u0103 a poli\u0163iei de frontier\u0103 bulgare, ceea ce dovede\u015fte, potrivit acestuia, c\u0103 transporta \u201co cantitate important\u0103 de explozivi\u201d.<\/p>\n<h2><strong>Bucure\u0219tiul nu a f\u0103cut nimic<\/strong><\/h2>\n<p>Reamintim c\u0103 atunci c\u00e2nd o dron\u0103 ucrainean\u0103 a explodat \u00een portul Constan\u021ba, la c\u00e2teva sute de metri de depozite de combustibil, Rom\u00e2nia nu a luat nicio m\u0103sur\u0103 fa\u021b\u0103 de Kiev.<\/p>\n<p>Ambasadorul Ucrainei la Bucure\u0219ti nu a fost convocat, MAPN mul\u021bumindu-se s\u0103 trimit\u0103 o adres\u0103 \u00een care cere explica\u021bii Ucrainei.<\/p>\n<p>Potrivit ministrului interimar Radu Miru\u021b\u0103, Kievul nu a r\u0103spuns, nici p\u00e2n\u0103 acum, tuturor \u00eentreb\u0103rilor de la Bucure\u0219ti.<\/p>\n<div class=\"crp_related     crp-masonry\">\n<h2>\u00ceN CONTEXT<\/h2>\n<ul>\n<li><a href=\"https:\/\/r3media.ro\/drona-gasita-mare-mamaia-zona-loft-video\/\" class=\"crp_link post-120892\"><span class=\"crp_title\">VIDEO | O dron\u0103 a fost g\u0103sit\u0103 \u00een mare, \u00een Mamaia, \u00een zona Loft<\/span><\/a><\/li>\n<li><a href=\"https:\/\/r3media.ro\/o-drona-a-intrat-in-bulgaria-dinspre-romania-si-a-explodat-la-100-de-metri-de-granita\/\" class=\"crp_link post-121018\"><span class=\"crp_title\">O dron\u0103 a intrat \u00een Bulgaria dinspre Rom\u00e2nia \u0219i a explodat la 100 de metri de grani\u021b\u0103<\/span><\/a><\/li>\n<li><a href=\"https:\/\/r3media.ro\/ce-nu-se-leaga-de-drona-de-la-galati\/\" class=\"crp_link post-117376\"><span class=\"crp_title\">Ce nu se leag\u0103 de drona de la Gala\u021bi<\/span><\/a><\/li>\n<li><a href=\"https:\/\/r3media.ro\/george-simion-drona-galati-reactii\/\" class=\"crp_link post-117247\"><span class=\"crp_title\">George Simion, dup\u0103 drona de la Gala\u021bi: A\u021bi fi fost \u00een stare chiar \u0219i pentru drona din\u2026<\/span><\/a><\/li>\n<li><a href=\"https:\/\/r3media.ro\/video-exploziv-traian-basescu-ucraina-drona-constanta\/\" class=\"crp_link post-118603\"><span class=\"crp_title\">VIDEO EXPLOZIV | Fostul pre\u0219edinte Traian B\u0103sescu spune c\u0103 Ucraina a dirijat INTEN\u021aIONAT\u2026<\/span><\/a><\/li>\n<li><a href=\"https:\/\/r3media.ro\/florin-cojocariu-drona-ucraina-constanta-dovezi-catastrofa\/\" class=\"crp_link post-117854\"><span class=\"crp_title\">Florin Cojocariu, despre drona ucrainean\u0103 de la Constan\u021ba: Dovezile circumstan\u021biale indic\u0103\u2026<\/span><\/a><\/li>\n<li><a href=\"https:\/\/r3media.ro\/drona-galati-mapn-siguranta\/\" class=\"crp_link post-117240\"><span class=\"crp_title\">De ce nu s-a dobor\u00e2t drona de la Gala\u021bi? Un general MAPN explic\u0103: Nu s-a putut \u00een condi\u021bii\u2026<\/span><\/a><\/li>\n<li><a href=\"https:\/\/r3media.ro\/consiliu-securitate-onu-romania-drona-galati-video\/\" class=\"crp_link post-117507\"><span class=\"crp_title\">Consiliul de Securitate al ONU s-a reunit la cererea Rom\u00e2niei \u00een cazul dronei de la Gala\u021bi (VIDEO)<\/span><\/a><\/li>\n<\/ul>\n<\/div>\n<\/div>\n<\/div>\n<p>[analyse_source url=&#8221;https:\/\/r3media.ro\/bulgaria-drona-ucraineana-kiev-ucraina\/&#8221;]<\/p>\n","protected":false},"excerpt":{"rendered":"<p>[analyse_image type=&#8221;featured&#8221; src=&#8221;https:\/\/r3media.ro\/wp-content\/uploads\/2022\/12\/bulgaria-2115804_960_720-e1723056934745.jpghttps:\/\/r3media.ro\/wp-content\/uploads\/2022\/12\/bulgaria-2115804_960_720-e1723056934745.jpg&#8221;] FEATUREDBulgaria anun\u0163\u0103 c\u0103 drona explodat\u0103 l\u00e2ng\u0103 gazoductul transbalcanic e ucrainean\u0103 \u015fi a&#8230; FEATURED\u0218TIRI Bulgaria anun\u0163\u0103 c\u0103 drona explodat\u0103 l\u00e2ng\u0103 gazoductul transbalcanic e ucrainean\u0103 \u015fi a convocat-o pe ambasadoarea Kievului. Ucraina transmite c\u0103 nu vizeaz\u0103 \u201e\u00een mod deliberat\u201d Bulgaria Redac\u021bia 08\/08\/2026 Sursa foto: Pixabay Ministerul Ap\u0103r\u0103rii din Bulgaria a anun\u0163at s\u00e2mb\u0103t\u0103 c\u0103, potrivit [&hellip;]<\/p>\n","protected":false},"author":1,"featured_media":0,"comment_status":"open","ping_status":"","sticky":false,"template":"","format":"standard","meta":{"footnotes":""},"categories":[89],"tags":[226,93],"class_list":["post-2084409","post","type-post","status-publish","format-standard","hentry","category-romania","tag-crawlmanager","tag-r3media-ro"],"_links":{"self":[{"href":"https:\/\/analyse.optim.biz\/index.php?rest_route=\/wp\/v2\/posts\/2084409","targetHints":{"allow":["GET"]}}],"collection":[{"href":"https:\/\/analyse.optim.biz\/index.php?rest_route=\/wp\/v2\/posts"}],"about":[{"href":"https:\/\/analyse.optim.biz\/index.php?rest_route=\/wp\/v2\/types\/post"}],"author":[{"embeddable":true,"href":"https:\/\/analyse.optim.biz\/index.php?rest_route=\/wp\/v2\/users\/1"}],"replies":[{"embeddable":true,"href":"https:\/\/analyse.optim.biz\/index.php?rest_route=%2Fwp%2Fv2%2Fcomments&post=2084409"}],"version-history":[{"count":0,"href":"https:\/\/analyse.optim.biz\/index.php?rest_route=\/wp\/v2\/posts\/2084409\/revisions"}],"wp:attachment":[{"href":"https:\/\/analyse.optim.biz\/index.php?rest_route=%2Fwp%2Fv2%2Fmedia&parent=2084409"}],"wp:term":[{"taxonomy":"category","embeddable":true,"href":"https:\/\/analyse.optim.biz\/index.php?rest_route=%2Fwp%2Fv2%2Fcategories&post=2084409"},{"taxonomy":"post_tag","embeddable":true,"href":"https:\/\/analyse.optim.biz\/index.php?rest_route=%2Fwp%2Fv2%2Ftags&post=2084409"}],"curies":[{"name":"wp","href":"https:\/\/api.w.org\/{rel}","templated":true}]}}