{"id":2084407,"date":"2026-08-08T19:20:24","date_gmt":"2026-08-08T16:20:24","guid":{"rendered":"https:\/\/analyse.optim.biz\/?p=2084407"},"modified":"2026-08-08T19:20:24","modified_gmt":"2026-08-08T16:20:24","slug":"calendarul-zilei-9-august-425-de-ani-de-la-moartea-lui-mihai-viteazul-primul-unificator-al-romanilor-a-fost-ucis-miseleste-chiar-de-aliatii-sai","status":"publish","type":"post","link":"https:\/\/analyse.optim.biz\/?p=2084407","title":{"rendered":"Calendarul zilei 9 august: 425 de ani de la moartea lui Mihai Viteazul. Primul unificator al rom\u00e2nilor a fost ucis mi\u0219ele\u0219te chiar de alia\u021bii s\u0103i"},"content":{"rendered":"<p>[analyse_image type=&#8221;featured&#8221; src=&#8221;https:\/\/r3media.ro\/wp-content\/uploads\/2021\/08\/Asasinarea-lui-Mihai-Viteazul-1024&#215;715-1.jpghttps:\/\/r3media.ro\/wp-content\/uploads\/2021\/08\/Asasinarea-lui-Mihai-Viteazul-1024&#215;715-1.jpg&#8221;]<\/p>\n<article id=\"template-id-109\" class=\"post-109 tdb_templates type-tdb_templates status-publish post\">\n<div id=\"tdi_2\" class=\"tdc-zone\">\n<div class=\"tdc_zone tdi_3  wpb_row td-pb-row\">\n<div id=\"tdi_4\" class=\"tdc-row\">\n<div class=\"vc_row tdi_5  wpb_row td-pb-row\">\n<div class=\"vc_column tdi_7  wpb_column vc_column_container tdc-column td-pb-span8\">\n<div class=\"wpb_wrapper\">\n<div class=\"td_block_wrap tdb_breadcrumbs tdi_8 td-pb-border-top td_block_template_1 tdb-breadcrumbs \" data-td-block-uid=\"tdi_8\">\n<div class=\"tdb-block-inner td-fix-index\"><span><a title=\"Vede\u021bi toate articolele \u00een PRIM PLAN\" class=\"tdb-entry-crumb\" href=\"https:\/\/r3media.ro\/category\/stiri-prim-plan\/\">PRIM PLAN<\/a><\/span><span class=\"tdb-bred-no-url-last\">Calendarul zilei 9 august: 425 de ani de la moartea lui Mihai&#8230;<\/span><\/div>\n<\/div>\n<div class=\"td_block_wrap tdb_single_categories tdi_9 td-pb-border-top td_block_template_1 \" data-td-block-uid=\"tdi_9\">\n<div class=\"tdb-category td-fix-index\"><a class=\"tdb-entry-category\" href=\"https:\/\/r3media.ro\/category\/stiri-prim-plan\/\">PRIM PLAN<\/a><a class=\"tdb-entry-category\" href=\"https:\/\/r3media.ro\/category\/stiri\/\">\u0218TIRI<\/a><a class=\"tdb-entry-category\" href=\"https:\/\/r3media.ro\/category\/video-news\/\">VIDEO<\/a><\/div>\n<\/div>\n<div class=\"td_block_wrap tdb_title tdi_10 tdb-single-title td-pb-border-top td_block_template_1\" data-td-block-uid=\"tdi_10\">\n<div class=\"tdb-block-inner td-fix-index\">\n<h1 class=\"tdb-title-text\">Calendarul zilei 9 august: 425 de ani de la moartea lui Mihai Viteazul. Primul unificator al rom\u00e2nilor a fost ucis mi\u0219ele\u0219te chiar de alia\u021bii s\u0103i<\/h1>\n<\/div>\n<\/div>\n<div class=\"vc_row_inner tdi_12  vc_row vc_inner wpb_row td-pb-row\">\n<div class=\"vc_column_inner tdi_14  wpb_column vc_column_container tdc-inner-column td-pb-span12\">\n<div class=\"vc_column-inner\">\n<div class=\"wpb_wrapper\">\n<div class=\"td_block_wrap tdb_single_author tdi_15 td-pb-border-top td_block_template_1 tdb-post-meta\" data-td-block-uid=\"tdi_15\">\n<div class=\"tdb-block-inner td-fix-index\">\n<div class=\"tdb-author-name-wrap\"><a class=\"tdb-author-name\" href=\"https:\/\/r3media.ro\/author\/radu_ursan\/\">Radu Ursan<\/a><\/div>\n<\/div>\n<\/div>\n<div class=\"td_block_wrap tdb_single_date tdi_16 td-pb-border-top td_block_template_1 tdb-post-meta\" data-td-block-uid=\"tdi_16\">\n<div class=\"tdb-block-inner td-fix-index\"><time class=\"entry-date updated td-module-date\" datetime=\"2026-08-08T22:20:24+03:00\">08\/08\/2026<\/time><\/div>\n<\/div>\n<\/div>\n<\/div>\n<\/div>\n<\/div>\n<div class=\"td_block_wrap tdb_single_featured_image tdi_17 tdb-content-horiz-left td-pb-border-top td_block_template_1\" data-td-block-uid=\"tdi_17\">\n<div class=\"tdb-block-inner td-fix-index\">\n<figure><figcaption class=\"tdb-caption-text\">Constantin Lecca- Uciderea lui Mihai Viteazul<\/figcaption><\/figure>\n<\/div>\n<\/div>\n<div class=\"td_block_wrap tdb_single_content tdi_18 td-pb-border-top td_block_template_1 td-post-content tagdiv-type\" data-td-block-uid=\"tdi_18\">\n<div class=\"tdb-block-inner td-fix-index\">\n<p><strong>Pe 9 august 1601, Mihai Viteazu, primul unificator al rom\u00e2nilor, trecea la cele ve\u0219nice dup\u0103 ce era ucis de oamenii generalului Giorgio Basta, fostul s\u0103u aliat.<\/strong><\/p>\n<p>Dar cum s-a ajuns aici? Explic\u0103 siteul <a href=\"http:\/\/www.istorie-pe-scurt.ro\/cum-a-fost-ucis-mihai-viteazul\/asasinarea-lui-mihai-viteazul\/\" target=\"_blank\" rel=\"noopener\">istorie pe scurt<\/a>:<\/p>\n<p>\u201eAc\u021biunile \u00eentreprinse de domnul muntean aveau opozan\u021bi numero\u0219i. Nobilimea maghiar\u0103 se sim\u021bea lezat\u0103 de m\u0103surile favorabile rom\u00e2nilor pe care le d\u0103duse voievodul. Boierii rom\u00e2ni din spa\u021biul extracarpatic doreau sl\u0103birea puterii domnului, fapt \u00eempotriva c\u0103ruia Mihai lupta. Cercurile \u00eenalte habsburgice doreau din nou s\u0103 st\u0103p\u00e2neasc\u0103 Transilvania pe deplin. Polonezii erau nemul\u021bumi\u021bi de faptul c\u0103 protejatul lor, Ieremia Movil\u0103, fusese \u00eenl\u0103turat din scaunul de la Ia\u0219i. Otomanii nu puteau uita gravele pierderi pe care ghiaurul le pricinuise o\u0219tilor ce fuseser\u0103 trimise \u00eempotriva lui. Din cauza fiscalit\u0103\u021bii excesive, provocat\u0103 de r\u0103zboiul prelungit \u0219i \u00eentre\u021binerea oastei de mercenari au izbucnit mi\u0219c\u0103ri sociale\u201d.<\/p>\n<p>Primii lovesc nobili maghiari.<\/p>\n<p>Polonezii sunt primii care profit\u0103 \u0219i \u00eel re\u00eensc\u0103uneaz\u0103 pe Ieremia Movil\u0103. Maghiarii \u00eel cheam\u0103 \u00een ajutor pe italianul Giorgio Basta, adversar declarat al lui Mihai. Pe 18 septembrie 1600 Mihai este \u00eenfr\u00e2nt la Mir\u0103sl\u0103u. Polonezii profit\u0103 de situa\u021bie \u0219i \u00eenainteaz\u0103 spre Bucure\u0219ti pentru a-l instala pe Simion Movil\u0103, fratele domnitorului moldovean. Viteazul este for\u021bat s\u0103 \u00ee\u0219i lase familia z\u0103log la F\u0103g\u0103ra\u0219 \u0219i s\u0103 p\u0103r\u0103seasc\u0103 Transilvania controlat\u0103 acum de Habsburgi prin Basta. \u00cen confruntarea cu polonezii de la Bucov, Mihai este \u00eenfr\u00e2nt \u0219i pierde domnia \u021a\u0103rii Rom\u00e2ne\u0219ti. Pentru a recl\u0103di unitatea rom\u00e2nilor ajunge p\u00e2n\u0103 la Praga, unde este audiat la curtea Sf\u00e2ntului Imperiu Roman de Na\u021biune German\u0103. Ini\u021bial, habsburgii sunt ezitan\u021bi. La auzul ve\u0219tii c\u0103 Basta fusese \u00eenl\u0103turat de la conducere chiar de nobilii maghiari pe care \u00eei ajutase, \u00eemp\u0103ratul Rudolf al II-lea \u00eei acord\u0103 sprijin lui Mihai, mediind chiar o \u00eemp\u0103care cu Basta. Dup\u0103 <a href=\"https:\/\/r3media.ro\/calendarul-zilei-3-august-1601-batalia-de-la-guruslau-ultima-victorie-a-lui-mihai-viteazul\/\" target=\"_blank\" rel=\"noopener\">victoria la de la Gurusl\u0103u din 3 august<\/a> tensiunile \u00eentre domnul muntean \u0219i generalul italian reizbucnesc.<\/p>\n<p>A\u0219a c\u0103 Basta, cu acordul tacit al \u00cemp\u0103ratului Austriei \u2013 aliatul lui Mihai \u2013 decide s\u0103-l ucid\u0103 pe domnitorul rom\u00e2n.<\/p>\n<div class=\"youtube-embed\" data-video_id=\"ko_CzeZqzQQ\"><\/div>\n<p>Iat\u0103 cum detaliaz\u0103 crima cronicarul maghiar Istv\u00e1n Szamosk\u00f6zy :<\/p>\n<p>\u201eDe aceea Basta, chibzuind asupra propunerii, chemat-a doi sau trei dintre c\u0103pitanii valoni \u015fi le-a m\u0103rturisit g\u00e2ndul: Dac\u0103 voim, zise, s\u0103 tr\u0103im, cei care suntem credincio\u015fi \u00eemp\u0103ratului, trebuie s\u0103 ucidem pe rom\u00e2n c\u0103ci el \u015fi-a pus \u00een g\u00e2nd s\u0103 ne piard\u0103 \u015fi s\u0103 ia \u0163ara pentru sine. C\u0103pitanii au zis c\u0103 sunt gata s\u0103 fac\u0103 ce li se porunce\u015fte; r\u0103spunderea s\u0103 fie a \u00een\u0103l\u0163imii tale \u015fi at\u00e2t pe noi, c\u00e2t \u015fi pe tine \u00eensu\u0163i s\u0103 ne aperi \u00eenaintea \u00eemp\u0103ratului. Sfatul cu c\u0103pitanii fu s\u00e2mb\u0103ta, pentru ziua urm\u0103toare, duminica, le-a poruncit ca atunci c\u00e2nd vor vedea cornetul, care e un steag mic pe care-l poart\u0103 totdeauna \u00eenaintea lui Basta, c\u00e2nd \u00eel vor vedea c\u0103-l ridic\u0103, f\u0103r\u0103 sunete de tob\u0103 \u015fi trompete, s\u0103 \u00eencalece \u00eendat\u0103 to\u0163i valonii \u015fi nem\u0163ii, ca \u015fi c\u00e2nd ar vrea s\u0103 n\u0103v\u0103leasc\u0103 asupra du\u015fmanului.<\/p>\n<h2><strong>Ultimele clipe ale Viteazului<\/strong><\/h2>\n<p>Momentul mor\u0163ii bravului voievod a fost receptat de contemporani dup\u0103 cum i-au \u00eendemnat cugetul \u015fi ob\u00e2r\u015fia. \u201c\u015ei a\u015fea s-au pl\u0103titu lui Mihai-vod\u0103 slujbele ce-au f\u0103cutu nem\u0163ilor\u201d se exprim\u0103 c\u00e2t se poate de lapidar Miron Costin, \u00een timp ce Letopise\u0163ul Cantacuzinesc \u00eel depl\u00e2nge pe cel pierdut din invidia omeneasc\u0103, iar nu din vreun alt motiv:<\/p>\n<p>\u201c\u015fi c\u0103zu trupul lui cel frumos ca un copaci, pentru c\u0103 nu \u015ftiuse, nici s\u0103 \u00eemprilejise sabiia lui cea iute \u00een m\u00e2na lui cea viteaz\u0103. \u015ei-i r\u0103mase trupul gol \u00een pulbere aruncat, c\u0103 a\u015fa au lucrat pizma \u00eenc\u0103 din \u2018ceputul lumii. C\u0103 pizma au pierdut pre mul\u0163i b\u0103rba\u0163i f\u0103r\u2019 de vin\u0103, ca \u015fi acesta. C\u0103ci era ajutor cre\u0219tinilor \u015fi sta tare ca un viteaz bun pentru ei, c\u00e2t f\u0103cuse pre turci de tremura de frica lui. Iar diavolul, cel ce nu va binele neamului cre\u015ftinesc nu l-au l\u0103sat, ci iat\u0103 c\u0103 cu me\u015fter\u015fugurile lui au intrat prin inima celor hicl\u00e9ni, p\u00e2n-\u00eel d\u00e9der\u0103 \u015fi mor\u0163ii. \u015ei r\u0103maser\u0103 cre\u015ftinii \u015fi mai v\u00e2rtos \u0162ara Rum\u00e2neasc\u0103, s\u0103raci de d\u00e2nsul. Pentru aceasta, dar, cade-s\u0103 s\u0103 blestem\u0103m\u2026 pre Ba\u015fta Giurgiu, c\u0103ci au ascultat pre domnii ungure\u015fti, de au ucis pre Mihai-vod\u0103 f\u0103r\u2019 de nici o vin\u0103\u201d.<\/p>\n<p>Conform unor surse, trupul eroului a fost \u00eengropat pe c\u00e2mpia Turzii trei zile mai t\u00e2rziu de c\u0103tre mercenarii s\u00e2rbi.<\/p>\n<p>O alt\u0103 variant\u0103 este ctitoria domnitorului din B\u0103lgrad (Alba-Iulia). Un hrisov din 1612 ne spune c\u0103 \u201eSluga domniei lui, Turturea paharnic, el a furat capul lui \u0219i l-a dus \u00een \u021bar\u0103, de l-a \u00eengropat cu mult\u0103 cinste, ca pe un domn\u201d. Radu Buzescu \u0219i so\u021bia sa, Preda, fiica banului Mihalcea, aveau s\u0103 a\u0219eze pe morm\u00e2nt o lespede pe care au \u021binut s\u0103 fie gravat \u00een limba rom\u00e2n\u0103 \u2013 de obicei inscrip\u021biile erau slavone\u0219ti- textul: \u201e<strong>Aici zace cinstitul \u0219i r\u0103posatul capul cre\u0219tinului Mihail Marele Voievod, ce au fost Domn \u021a\u0103r\u0103i Rum\u0103ne\u0219ti \u0219i Ardealului \u0219i Moldovei: cinstitul trup zace \u00een c\u00e2mpii(a) Tordei, \u0219i, c\u00e2nd l-au ucis Neam\u021bii, anii au fost 7109(1601), \u00een luna Aug. 8(!) zile; aceas(t\u0103); piatr\u0103 o-u pus jupan Radul Buz(escu) i jupan(i)\u021ba eg(o), Preda<\/strong>\u201d.<\/p>\n<p>Inscrip\u021bia, \u00eentr-o at\u00e2t de frumoas\u0103 limb\u0103 rom\u00e2neasc\u0103, este edificatoare pentru modul \u00een care oamenii epocii \u00eel vedeau pe domnitor. Apropia\u021bii s\u0103i \u0219i-au dat seama \u2013 iar posteritatea avea s\u0103 ridice la nivel de postulat g\u00e2ndirea lor- c\u0103 Mihai Viteazul a definit un program politic, pentru a c\u0103rui \u00eenf\u0103ptuire a luptat.<\/p>\n<p>Ac\u021biunile Viteazului transmise prin scris \u0219i tradi\u021bie oral\u0103 au c\u0103p\u0103tat \u00een timp valoarea mesajului de continuitate a spiritului pan-rom\u00e2nesc. Ele au fost d\u0103t\u0103toare de \u00eenv\u0103\u021b\u0103turi \u0219i au \u00eent\u0103rit voin\u021ba poporului rom\u00e2n de a se uni \u0219i de a tr\u0103i \u00eentr-o na\u021biune liber\u0103, puternic\u0103 \u0219i prosper\u0103. Eroul de la C\u0103lug\u0103reni \u0219i \u0218elimb\u0103r cu sf\u00e2r\u0219it tragic pe c\u00e2mpia de la Turda a intrat \u00een con\u0219iin\u021ba rom\u00e2neasc\u0103 \u00een contururi aureolate.<\/p>\n<div class=\"crp_related     crp-masonry\">\n<h2>\u00ceN CONTEXT<\/h2>\n<ul>\n<li><a href=\"https:\/\/r3media.ro\/3-august-1601-batalia-de-la-guruslau-mihai-viteazul\/\" class=\"crp_link post-25368\"><span class=\"crp_title\">3 august 1601, B\u0103t\u0103lia de la Gurusl\u0103u. Ultima victorie a lui Mihai Viteazul<\/span><\/a><\/li>\n<li><a href=\"https:\/\/r3media.ro\/27-mai-1600-mihai-viteazul-domn-tara-romaneasca-ardeal-moldova\/\" class=\"crp_link post-21265\"><span class=\"crp_title\">Calendarul zilei: Pe 27 mai 1600, Mihai Viteazul devine \u201edomn al \u021a\u0103rii Rom\u00e2ne\u0219ti, al\u2026<\/span><\/a><\/li>\n<li><a href=\"https:\/\/r3media.ro\/1-noiembrie-intrarea-triumfala-a-lui-mihai-viteazu-in-alba-iulia\/\" class=\"crp_link post-5163\"><span class=\"crp_title\">Calendarul zilei 1 noiembrie: 426 de ani de la intrarea triumfal\u0103 a lui Mihai Viteazu \u00een Alba-Iulia<\/span><\/a><\/li>\n<li><a href=\"https:\/\/r3media.ro\/calendarul-zilei-8-august-1917-incepe-marea-batalie-de-la-oituz-din-primul-razboi-mondial\/\" class=\"crp_link post-25646\"><span class=\"crp_title\">Calendarul zilei | 8 august 1917: \u00cencepe marea b\u0103t\u0103lie de la Oituz, din Primul R\u0103zboi Mondial<\/span><\/a><\/li>\n<li><a href=\"https:\/\/r3media.ro\/calendarul-zilei-4-aprilie-1944-cea-mai-neagra-zi-a-capitalei-2942-de-bucuresteni-ucisi-de-bombardamentele-americane-aviatorii-care-au-adus-moartea-au-monumente-romanii\/\" class=\"crp_link post-17571\"><span class=\"crp_title\">Calendarul zilei | 4 aprilie 1944, cea mai neagr\u0103 zi a Capitalei: 2942 de bucure\u0219teni uci\u0219i\u2026<\/span><\/a><\/li>\n<li><a href=\"https:\/\/r3media.ro\/27-mai-moartea-lui-tudor-vladimirescu-eroul-revolutiei-de-la-1821\/\" class=\"crp_link post-21275\"><span class=\"crp_title\">Calendarul zilei 27 mai: 205 de ani de la moartea lui Tudor Vladimirescu, EROUL Revolu\u021biei\u2026<\/span><\/a><\/li>\n<li><a href=\"https:\/\/r3media.ro\/ioan-aurel-pop-discriminarea-lupta-cu-istoria-lupta-cu-viata\/\" class=\"crp_link post-117485\"><span class=\"crp_title\">Discriminarea, lupta cu istoria, lupta cu via\u021ba?<\/span><\/a><\/li>\n<li><a href=\"https:\/\/r3media.ro\/calendarul-zilei-10-septembrie-151-de-ani-de-la-moartea-lui-avram-iancu-craisorul-muntilor-este-erou-al-natiunii-romane\/\" class=\"crp_link post-53892\"><span class=\"crp_title\">Calendarul zilei 10 septembrie: 153 de ani de la moartea lui Avram Iancu. \u201eCr\u0103i\u0219orul\u2026<\/span><\/a><\/li>\n<\/ul>\n<\/div>\n<\/div>\n<\/div>\n<div class=\"td_block_wrap tdb_single_tags tdi_19 td-pb-border-top td_block_template_1\" data-td-block-uid=\"tdi_19\">\n<div class=\"tdb-block-inner td-fix-index\">\n<ul class=\"tdb-tags\">\n<li><span>SUBIECTE FIERBIN\u021aI<\/span><\/li>\n<li><a href=\"https:\/\/r3media.ro\/tag\/istoria-romaniei\/\">istoria romaniei<\/a><\/li>\n<li><a href=\"https:\/\/r3media.ro\/tag\/istoria-romanilor\/\">istoria romanilor<\/a><\/li>\n<li><a href=\"https:\/\/r3media.ro\/tag\/istoria-transilvaniei\/\">istoria transilvaniei<\/a><\/li>\n<li><a href=\"https:\/\/r3media.ro\/tag\/mihai-viteazul\/\">mihai viteazul<\/a><\/li>\n<\/ul>\n<\/div>\n<\/div>\n<div class=\"td_block_wrap td_block_9 tdi_20 td_with_ajax_pagination td-pb-border-top td_block_template_1 td-column-2 td_block_padding td_block_bot_line\" data-td-block-uid=\"tdi_20\">\n<div class=\"td-block-title-wrap\">\n<h4 class=\"block-title td-block-title\"><span class=\"td-pulldown-size\">CITE\u0218TE MAI MULT<\/span><\/h4>\n<\/div>\n<div id=\"tdi_20\" class=\"td_block_inner\">\n<div class=\"td-block-row\">\n<div class=\"td-block-span6\">\n<div class=\"td_module_8 td_module_wrap\">\n<div class=\"item-details\">\n<h3 class=\"entry-title td-module-title\"><a href=\"https:\/\/r3media.ro\/fani-stapanul-inelelor-surpriza-sezonul-3-sauron\/\" rel=\"bookmark\" title=\"Fanii \u201eSt\u0103p\u00e2nul Inelelor\u201c ar putea avea o surpriz\u0103 \u00een sezonul 3 din serialul \u201eInelele Puterii\u201c. Sauron se va confrunta cu o creatur\u0103 de temut\">Fanii \u201eSt\u0103p\u00e2nul Inelelor\u201c ar putea avea o surpriz\u0103 \u00een sezonul 3 din serialul \u201eInelele&#8230;<\/a><\/h3>\n<div class=\"td-module-meta-info\"><a href=\"https:\/\/r3media.ro\/category\/stiri-prim-plan\/\" class=\"td-post-category\">PRIM PLAN<\/a><span class=\"td-post-author-name\"><a href=\"https:\/\/r3media.ro\/author\/oana\/\">Oana Ivan<\/a><span>&#8211;<\/span><\/span><span class=\"td-post-date\"><time class=\"entry-date updated td-module-date\" datetime=\"2026-08-08T00:19:31+03:00\">08\/08\/2026<\/time><\/span><\/div>\n<\/div>\n<\/div>\n<\/div>\n<div class=\"td-block-span6\">\n<div class=\"td_module_8 td_module_wrap\">\n<div class=\"item-details\">\n<h3 class=\"entry-title td-module-title\"><a href=\"https:\/\/r3media.ro\/show-iluzie-si-realitate-de-la-the-truman-show-la-son-of-a-rich\/\" rel=\"bookmark\" title=\"Show, iluzie \u0219i realitate: de la The Truman Show la Son of a Rich\">Show, iluzie \u0219i realitate: de la The Truman Show la Son of a Rich<\/a><\/h3>\n<div class=\"td-module-meta-info\"><a href=\"https:\/\/r3media.ro\/category\/opinii\/\" class=\"td-post-category\">OPINII<\/a><span class=\"td-post-author-name\"><a href=\"https:\/\/r3media.ro\/author\/costi_balasoiu\/\">Constantin B\u0103l\u0103\u0219oiu<\/a><span>&#8211;<\/span><\/span><span class=\"td-post-date\"><time class=\"entry-date updated td-module-date\" datetime=\"2026-08-08T15:30:25+03:00\">08\/08\/2026<\/time><\/span><\/div>\n<\/div>\n<\/div>\n<\/div>\n<\/div>\n<div class=\"td-block-row\">\n<div class=\"td-block-span6\">\n<div class=\"td_module_8 td_module_wrap\">\n<div class=\"item-details\">\n<h3 class=\"entry-title td-module-title\"><a href=\"https:\/\/r3media.ro\/kia-recheama-service-prima-generatie-masini-electrice-e-niro-risc-incendiu\/\" rel=\"bookmark\" title=\"Kia recheam\u0103 \u00een service prima genera\u021bie de ma\u0219ini electrice e-Niro din cauza riscului de incendiu\">Kia recheam\u0103 \u00een service prima genera\u021bie de ma\u0219ini electrice e-Niro din cauza riscului de&#8230;<\/a><\/h3>\n<div class=\"td-module-meta-info\"><a href=\"https:\/\/r3media.ro\/category\/actualitate\/\" class=\"td-post-category\">ACTUALITATE<\/a><span class=\"td-post-author-name\"><a href=\"https:\/\/r3media.ro\/author\/oana\/\">Oana Ivan<\/a><span>&#8211;<\/span><\/span><span class=\"td-post-date\"><time class=\"entry-date updated td-module-date\" datetime=\"2026-08-06T17:07:42+03:00\">06\/08\/2026<\/time><\/span><\/div>\n<\/div>\n<\/div>\n<\/div>\n<div class=\"td-block-span6\">\n<div class=\"td_module_8 td_module_wrap\">\n<div class=\"item-details\">\n<h3 class=\"entry-title td-module-title\"><a href=\"https:\/\/r3media.ro\/david-popovici-fair-play-sportivi-rusi-competitii\/\" rel=\"bookmark\" title=\"David Popovici, fair-play la revenirea sportivilor ru\u0219i \u00een competi\u021bii: Le urez succes, sper s\u0103 fiu mai bun dec\u00e2t ei\">David Popovici, fair-play la revenirea sportivilor ru\u0219i \u00een competi\u021bii: Le urez succes, sper s\u0103&#8230;<\/a><\/h3>\n<div class=\"td-module-meta-info\"><a href=\"https:\/\/r3media.ro\/category\/stiri-prim-plan\/\" class=\"td-post-category\">PRIM PLAN<\/a><span class=\"td-post-author-name\"><a href=\"https:\/\/r3media.ro\/author\/redactia\/\">Redac\u021bia<\/a><span>&#8211;<\/span><\/span><span class=\"td-post-date\"><time class=\"entry-date updated td-module-date\" datetime=\"2026-08-07T15:07:51+03:00\">07\/08\/2026<\/time><\/span><\/div>\n<\/div>\n<\/div>\n<\/div>\n<\/div>\n<div class=\"td-block-row\">\n<div class=\"td-block-span6\">\n<div class=\"td_module_8 td_module_wrap\">\n<div class=\"item-details\">\n<h3 class=\"entry-title td-module-title\"><a href=\"https:\/\/r3media.ro\/drona-gasita-mare-mamaia-zona-loft-video\/\" rel=\"bookmark\" title=\"VIDEO | O dron\u0103 a fost g\u0103sit\u0103 \u00een mare, \u00een Mamaia, \u00een zona Loft\">VIDEO | O dron\u0103 a fost g\u0103sit\u0103 \u00een mare, \u00een Mamaia, \u00een zona Loft<\/a><\/h3>\n<div class=\"td-module-meta-info\"><a href=\"https:\/\/r3media.ro\/category\/actualitate\/\" class=\"td-post-category\">ACTUALITATE<\/a><span class=\"td-post-author-name\"><a href=\"https:\/\/r3media.ro\/author\/oana\/\">Oana Ivan<\/a><span>&#8211;<\/span><\/span><span class=\"td-post-date\"><time class=\"entry-date updated td-module-date\" datetime=\"2026-08-05T21:48:11+03:00\">05\/08\/2026<\/time><\/span><\/div>\n<\/div>\n<\/div>\n<\/div>\n<div class=\"td-block-span6\">\n<div class=\"td_module_8 td_module_wrap\">\n<div class=\"item-details\">\n<h3 class=\"entry-title td-module-title\"><a href=\"https:\/\/r3media.ro\/cand-incepe-scoala-in-2026-structura-an-nou-scolar\/\" rel=\"bookmark\" title=\"C\u00e2nd \u00eencepe \u0219coala \u00een 2026: Structura noului an \u0219colar, vacan\u021bele \u0219i zilele libere\">C\u00e2nd \u00eencepe \u0219coala \u00een 2026: Structura noului an \u0219colar, vacan\u021bele \u0219i zilele libere<\/a><\/h3>\n<div class=\"td-module-meta-info\"><a href=\"https:\/\/r3media.ro\/category\/actualitate\/\" class=\"td-post-category\">ACTUALITATE<\/a><span class=\"td-post-author-name\"><a href=\"https:\/\/r3media.ro\/author\/oana\/\">Oana Ivan<\/a><span>&#8211;<\/span><\/span><span class=\"td-post-date\"><time class=\"entry-date updated td-module-date\" datetime=\"2026-08-03T22:23:20+03:00\">03\/08\/2026<\/time><\/span><\/div>\n<\/div>\n<\/div>\n<\/div>\n<\/div>\n<div class=\"td-block-row\">\n<div class=\"td-block-span6\">\n<div class=\"td_module_8 td_module_wrap\">\n<div class=\"item-details\">\n<h3 class=\"entry-title td-module-title\"><a href=\"https:\/\/r3media.ro\/tara-europa-norvegia-masini-electrice-inmatriculate-cota-ridicata\/\" rel=\"bookmark\" title=\"\u021aara din Europa unde aproape toate ma\u0219inile \u00eenmatriculate sune electrice. Cota a ajuns la 97,6% \u00een iulie\">\u021aara din Europa unde aproape toate ma\u0219inile \u00eenmatriculate sune electrice. Cota a ajuns la&#8230;<\/a><\/h3>\n<div class=\"td-module-meta-info\"><a href=\"https:\/\/r3media.ro\/category\/actualitate\/\" class=\"td-post-category\">ACTUALITATE<\/a><span class=\"td-post-author-name\"><a href=\"https:\/\/r3media.ro\/author\/oana\/\">Oana Ivan<\/a><span>&#8211;<\/span><\/span><span class=\"td-post-date\"><time class=\"entry-date updated td-module-date\" datetime=\"2026-08-03T17:01:21+03:00\">03\/08\/2026<\/time><\/span><\/div>\n<\/div>\n<\/div>\n<\/div>\n<div class=\"td-block-span6\">\n<div class=\"td_module_8 td_module_wrap\">\n<div class=\"item-details\">\n<h3 class=\"entry-title td-module-title\"><a href=\"https:\/\/r3media.ro\/puterea-mitologica-instalata-a-romaniei\/\" rel=\"bookmark\" title=\"Puterea mitologic\u0103 instalat\u0103 a Rom\u00e2niei\">Puterea mitologic\u0103 instalat\u0103 a Rom\u00e2niei<\/a><\/h3>\n<div class=\"td-module-meta-info\"><a href=\"https:\/\/r3media.ro\/category\/opinii\/\" class=\"td-post-category\">OPINII<\/a><span class=\"td-post-author-name\"><a href=\"https:\/\/r3media.ro\/author\/tru\/\">TRU (Traian Ungureanu)<\/a><span>&#8211;<\/span><\/span><span class=\"td-post-date\"><time class=\"entry-date updated td-module-date\" datetime=\"2026-08-02T22:08:04+03:00\">02\/08\/2026<\/time><\/span><\/div>\n<\/div>\n<\/div>\n<\/div>\n<\/div>\n<div class=\"td-block-row\">\n<div class=\"td-block-span6\">\n<div class=\"td_module_8 td_module_wrap\">\n<div class=\"item-details\">\n<h3 class=\"entry-title td-module-title\"><a href=\"https:\/\/r3media.ro\/hyundai-recheama-service-masini-electrice-inster-risc-incendiu\/\" rel=\"bookmark\" title=\"Hyundai recheam\u0103 \u00een service zeci de mii de ma\u0219ini electrice din cauza riscului de incendiu\">Hyundai recheam\u0103 \u00een service zeci de mii de ma\u0219ini electrice din cauza riscului de&#8230;<\/a><\/h3>\n<div class=\"td-module-meta-info\"><a href=\"https:\/\/r3media.ro\/category\/actualitate\/\" class=\"td-post-category\">ACTUALITATE<\/a><span class=\"td-post-author-name\"><a href=\"https:\/\/r3media.ro\/author\/oana\/\">Oana Ivan<\/a><span>&#8211;<\/span><\/span><span class=\"td-post-date\"><time class=\"entry-date updated td-module-date\" datetime=\"2026-08-02T08:34:05+03:00\">02\/08\/2026<\/time><\/span><\/div>\n<\/div>\n<\/div>\n<\/div>\n<div class=\"td-block-span6\">\n<div class=\"td_module_8 td_module_wrap\">\n<div class=\"item-details\">\n<h3 class=\"entry-title td-module-title\"><a href=\"https:\/\/r3media.ro\/dragostea-care-transcende-epoci-descult-in-parc-1967\/\" rel=\"bookmark\" title=\"Dragostea care transcende epoci \u2014 Descul\u021b \u00een parc (1967)\">Dragostea care transcende epoci \u2014 Descul\u021b \u00een parc (1967)<\/a><\/h3>\n<div class=\"td-module-meta-info\"><a href=\"https:\/\/r3media.ro\/category\/opinii\/\" class=\"td-post-category\">OPINII<\/a><span class=\"td-post-author-name\"><a href=\"https:\/\/r3media.ro\/author\/costi_balasoiu\/\">Constantin B\u0103l\u0103\u0219oiu<\/a><span>&#8211;<\/span><\/span><span class=\"td-post-date\"><time class=\"entry-date updated td-module-date\" datetime=\"2026-08-01T13:45:14+03:00\">01\/08\/2026<\/time><\/span><\/div>\n<\/div>\n<\/div>\n<\/div>\n<\/div>\n<div class=\"td-block-row\">\n<div class=\"td-block-span6\">\n<div class=\"td_module_8 td_module_wrap\">\n<div class=\"item-details\">\n<h3 class=\"entry-title td-module-title\"><a href=\"https:\/\/r3media.ro\/masina-electrica-foc-turcia-incarcat-vehicul-explozie-pompieri-stingere-incendiu-video\/\" rel=\"bookmark\" title=\"VIDEO | O ma\u0219in\u0103 electric\u0103 a luat foc \u00een timp ce se afla la \u00eenc\u0103rcat. Vehiculul a explodat chiar c\u00e2nd pompierii \u00eencercau s\u0103 sting\u0103 incendiul folosind o p\u0103tur\u0103 ignifug\u0103\">VIDEO | O ma\u0219in\u0103 electric\u0103 a luat foc \u00een timp ce se afla la&#8230;<\/a><\/h3>\n<div class=\"td-module-meta-info\"><a href=\"https:\/\/r3media.ro\/category\/actualitate\/\" class=\"td-post-category\">ACTUALITATE<\/a><span class=\"td-post-author-name\"><a href=\"https:\/\/r3media.ro\/author\/oana\/\">Oana Ivan<\/a><span>&#8211;<\/span><\/span><span class=\"td-post-date\"><time class=\"entry-date updated td-module-date\" datetime=\"2026-07-31T13:33:48+03:00\">31\/07\/2026<\/time><\/span><\/div>\n<\/div>\n<\/div>\n<\/div>\n<div class=\"td-block-span6\">\n<div class=\"td_module_8 td_module_wrap\">\n<div class=\"item-details\">\n<h3 class=\"entry-title td-module-title\"><a href=\"https:\/\/r3media.ro\/spania-asediu-migranti-exclava-ceuta-africa-madrid-trupe-securitate-video\/\" rel=\"bookmark\" title=\"VIDEO | Spania se afl\u0103 sub asediu: Mii de migran\u021bi au luat cu asalt exclava Ceuta din Africa. Madridul a trimis trupe pentru a consolida securitatea\">VIDEO | Spania se afl\u0103 sub asediu: Mii de migran\u021bi au luat cu asalt&#8230;<\/a><\/h3>\n<div class=\"td-module-meta-info\"><a href=\"https:\/\/r3media.ro\/category\/actualitate\/\" class=\"td-post-category\">ACTUALITATE<\/a><span class=\"td-post-author-name\"><a href=\"https:\/\/r3media.ro\/author\/oana\/\">Oana Ivan<\/a><span>&#8211;<\/span><\/span><span class=\"td-post-date\"><time class=\"entry-date updated td-module-date\" datetime=\"2026-07-31T12:39:57+03:00\">31\/07\/2026<\/time><\/span><\/div>\n<\/div>\n<\/div>\n<\/div>\n<\/div>\n<\/div>\n<div class=\"td-load-more-wrap td-load-more-infinite-wrap\" id=\"infinite-lm-tdi_20\"><a href=\"https:\/\/r3media.ro\/9-august-moartea-lui-mihai-viteazu-primul-unificator-al-romanilor\/\" class=\"td_ajax_load_more td_ajax_load_more_js\" aria-label=\"\u00cenc\u0103rca\u021bi mai multe\" id=\"next-page-tdi_20\" data-td_block_id=\"tdi_20\">\u00cenc\u0103rca\u021bi mai multe<\/a><\/div>\n<\/div>\n<div class=\"td_block_wrap tdb_single_comments tdi_21 tdb-comm-layout2 td-pb-border-top td_block_template_1\" data-td-block-uid=\"tdi_21\">\n<div class=\"tdb-block-inner td-fix-index\">\n<div class=\"comments\" id=\"comments\">\n<div class=\"td-comments-title-wrap td_block_template_1\">\n<h4 class=\"td-comments-title block-title\"><span>3 COMENTARII<\/span><\/h4>\n<\/div>\n<ol class=\"comment-list\">\n<li class=\"comment \" id=\"comment-25053\">\n<article>\n<footer><cite>mitica<\/cite><a class=\"comment-link\" href=\"https:\/\/r3media.ro\/9-august-moartea-lui-mihai-viteazu-primul-unificator-al-romanilor\/#comment-25053\"><time><br \/>\n09\/08\/2023\t\t\t\t\t\t    La\t\t\t\t\t\t    11:50<\/time><\/a><\/footer>\n<div class=\"comment-content\">\n<p>Dumnezeu i-a pedepsit mai tarziu pe polonezi, fiind desfintat ca stat de catre germani, austrieci si Rusia tarista.<\/p>\n<\/div>\n<div class=\"comment-meta\" id=\"comment-25053\"><a rel=\"nofollow\" class=\"comment-reply-link\" href=\"https:\/\/r3media.ro\/9-august-moartea-lui-mihai-viteazu-primul-unificator-al-romanilor\/#comment-25053\" data-commentid=\"25053\" data-postid=\"25714\" data-belowelement=\"comment-25053\" data-respondelement=\"respond\" data-replyto=\"R\u0103spunde-i lui mitica\" aria-label=\"R\u0103spunde-i lui mitica\">R\u0103spund<\/a><\/div>\n<\/article>\n<\/li>\n<li class=\"comment \" id=\"comment-15723\">\n<article>\n<footer><cite>maxtor<\/cite><a class=\"comment-link\" href=\"https:\/\/r3media.ro\/9-august-moartea-lui-mihai-viteazu-primul-unificator-al-romanilor\/#comment-15723\"><time><br \/>\n10\/08\/2022\t\t\t\t\t\t    La\t\t\t\t\t\t    14:13<\/time><\/a><\/footer>\n<div class=\"comment-content\">\n<p>421 de ani<br \/>\nprapaditilor!<br \/>\n(e cu intentzie: mistificare,diversiune,<br \/>\nstergerea adevarului)<\/p>\n<p>-mai este unu,<br \/>\nmare doftor:<br \/>\ncica Eminescu a fost omorat in 1883\u2026.<\/p>\n<\/div>\n<div class=\"comment-meta\" id=\"comment-15723\"><a rel=\"nofollow\" class=\"comment-reply-link\" href=\"https:\/\/r3media.ro\/9-august-moartea-lui-mihai-viteazu-primul-unificator-al-romanilor\/#comment-15723\" data-commentid=\"15723\" data-postid=\"25714\" data-belowelement=\"comment-15723\" data-respondelement=\"respond\" data-replyto=\"R\u0103spunde-i lui maxtor\" aria-label=\"R\u0103spunde-i lui maxtor\">R\u0103spund<\/a><\/div>\n<\/article>\n<\/li>\n<li class=\"comment \" id=\"comment-8200\">\n<article>\n<footer><cite>Traian<\/cite><a class=\"comment-link\" href=\"https:\/\/r3media.ro\/9-august-moartea-lui-mihai-viteazu-primul-unificator-al-romanilor\/#comment-8200\"><time><br \/>\n09\/08\/2021\t\t\t\t\t\t    La\t\t\t\t\t\t    14:27<\/time><\/a><\/footer>\n<div class=\"comment-content\">\n<p><a href=\"https:\/\/romanialibera.ro\/cultura\/pierdut-acum-400-de-ani-trupul-lui-mihai-viteazu-gasit-la-o-manastire-de-pe-malul-oltului-730628\" rel=\"nofollow ugc\">https:\/\/romanialibera.ro\/cultura\/pierdut-acum-400-de-ani-trupul-lui-mihai-viteazu-gasit-la-o-manastire-de-pe-malul-oltului-730628<\/a><\/p>\n<\/div>\n<div class=\"comment-meta\" id=\"comment-8200\"><a rel=\"nofollow\" class=\"comment-reply-link\" href=\"https:\/\/r3media.ro\/9-august-moartea-lui-mihai-viteazu-primul-unificator-al-romanilor\/#comment-8200\" data-commentid=\"8200\" data-postid=\"25714\" data-belowelement=\"comment-8200\" data-respondelement=\"respond\" data-replyto=\"R\u0103spunde-i lui Traian\" aria-label=\"R\u0103spunde-i lui Traian\">R\u0103spund<\/a><\/div>\n<\/article>\n<\/li>\n<\/ol>\n<div id=\"respond\" class=\"comment-respond\">\n<h3 id=\"reply-title\" class=\"comment-reply-title\">AI CEVA DE SPUS? <small><a rel=\"nofollow\" id=\"cancel-comment-reply-link\" href=\"https:\/\/r3media.ro\/9-august-moartea-lui-mihai-viteazu-primul-unificator-al-romanilor\/#respond\">Renun\u021ba\u021bi la r\u0103spuns<\/a><\/small><\/h3>\n<div class=\"comment-form-input-wrap td-form-comment\">\n<div class=\"td-warning-comment\">V\u0103 rug\u0103m s\u0103 introduce\u021bi comentariul dvs.!<\/div>\n<\/div>\n<div class=\"comment-form-input-wrap td-form-author\">\n<div class=\"td-warning-author\">Introduce\u021bi aici numele dvs.<\/div>\n<\/div>\n<div class=\"comment-form-input-wrap td-form-email\">\n<div class=\"td-warning-email-error\">A\u021bi introdus o adres\u0103 de e-mail incorect\u0103!<\/div>\n<div class=\"td-warning-email\">V\u0103 rug\u0103m s\u0103 introduce\u021bi adresa dvs. de e-mail aici<\/div>\n<\/div>\n<\/div>\n<\/div>\n<\/div>\n<\/div>\n<\/div>\n<\/div>\n<div class=\"vc_column tdi_23  wpb_column vc_column_container tdc-column td-pb-span4 td-is-sticky\">\n<div class=\"wpb_wrapper\" data-sticky-enabled-on=\"W3RydWUsdHJ1ZSx0cnVlLHRydWVd\" data-sticky-offset=\"20\" data-sticky-is-width-auto=\"W2ZhbHNlLGZhbHNlLGZhbHNlLGZhbHNlXQ==\">\n<div class=\"wpb_wrapper td_block_wrap vc_widget_sidebar tdi_25 \">\n<div class=\"td_block_wrap td_block_7 td_block_widget tdi_26 td-pb-border-top td_block_template_1 td-column-1 td_block_padding\" data-td-block-uid=\"tdi_26\">\n<div class=\"td-block-title-wrap\">\n<h4 class=\"block-title td-block-title\"><span class=\"td-pulldown-size\">Articole RELA\u021aIONATE<\/span><\/h4>\n<\/div>\n<div id=\"tdi_26\" class=\"td_block_inner\">\n<div class=\"td-block-span12\">\n<div class=\"td_module_6 td_module_wrap td-animation-stack\">\n<div class=\"td-module-thumb\"><a href=\"https:\/\/r3media.ro\/fara-apa-fara-curent-fara-viitor-cum-au-sacrificat-pro-europenii-romania-pe-altarul-ecologiei-ieftine\/\" rel=\"bookmark\" class=\"td-image-wrap \" title=\"F\u0103r\u0103 ap\u0103, f\u0103r\u0103 curent, f\u0103r\u0103 viitor: cum au sacrificat pro-europenii Rom\u00e2nia pe altarul ecologiei ieftine\"><img loading=\"lazy\" decoding=\"async\" class=\"entry-thumb\" src=\"https:\/\/r3media.ro\/wp-content\/uploads\/2026\/02\/energie-articol-100x70.jpg\" alt title=\"F\u0103r\u0103 ap\u0103, f\u0103r\u0103 curent, f\u0103r\u0103 viitor: cum au sacrificat pro-europenii Rom\u00e2nia pe altarul ecologiei ieftine\" width=\"100\" height=\"70\"><\/a><\/div>\n<div class=\"item-details\">\n<h3 class=\"entry-title td-module-title\"><a href=\"https:\/\/r3media.ro\/fara-apa-fara-curent-fara-viitor-cum-au-sacrificat-pro-europenii-romania-pe-altarul-ecologiei-ieftine\/\" rel=\"bookmark\" title=\"F\u0103r\u0103 ap\u0103, f\u0103r\u0103 curent, f\u0103r\u0103 viitor: cum au sacrificat pro-europenii Rom\u00e2nia pe altarul ecologiei ieftine\">F\u0103r\u0103 ap\u0103, f\u0103r\u0103 curent, f\u0103r\u0103 viitor: cum au sacrificat pro-europenii Rom\u00e2nia&#8230;<\/a><\/h3>\n<div class=\"td-module-meta-info\"><span class=\"td-post-date\"><time class=\"entry-date updated td-module-date\" datetime=\"2026-08-08T22:30:54+03:00\">08\/08\/2026<\/time><\/span><\/div>\n<\/div>\n<\/div>\n<\/div>\n<div class=\"td-block-span12\">\n<div class=\"td_module_6 td_module_wrap td-animation-stack\">\n<div class=\"td-module-thumb\"><a href=\"https:\/\/r3media.ro\/calendarul-zilei-9-august-sfantul-apostol-matia\/\" rel=\"bookmark\" class=\"td-image-wrap \" title=\"Calendarul zilei 9 august: Sf\u00e2ntul Apostol Matia\"><img loading=\"lazy\" decoding=\"async\" class=\"entry-thumb\" src=\"https:\/\/r3media.ro\/wp-content\/uploads\/2023\/08\/sddefault-2-100x70.jpg\" alt title=\"Calendarul zilei 9 august: Sf\u00e2ntul Apostol Matia\" width=\"100\" height=\"70\"><\/a><\/div>\n<div class=\"item-details\">\n<h3 class=\"entry-title td-module-title\"><a href=\"https:\/\/r3media.ro\/calendarul-zilei-9-august-sfantul-apostol-matia\/\" rel=\"bookmark\" title=\"Calendarul zilei 9 august: Sf\u00e2ntul Apostol Matia\">Calendarul zilei 9 august: Sf\u00e2ntul Apostol Matia<\/a><\/h3>\n<div class=\"td-module-meta-info\"><span class=\"td-post-date\"><time class=\"entry-date updated td-module-date\" datetime=\"2026-08-08T22:19:56+03:00\">08\/08\/2026<\/time><\/span><\/div>\n<\/div>\n<\/div>\n<\/div>\n<div class=\"td-block-span12\">\n<div class=\"td_module_6 td_module_wrap td-animation-stack\">\n<div class=\"td-module-thumb\"><a href=\"https:\/\/r3media.ro\/papi-si-conclavuri-traditie-si-anticlericalism-in-cinema-cei-doi-papi-si-conclavul\/\" rel=\"bookmark\" class=\"td-image-wrap \" title=\"Papi \u0219i conclavuri, tradi\u021bie \u0219i anticlericalism \u00een cinema: Cei doi papi \u0219i Conclavul\"><img loading=\"lazy\" decoding=\"async\" class=\"entry-thumb\" src=\"https:\/\/r3media.ro\/wp-content\/uploads\/2026\/08\/cei-doi-papi-100x70.jpg\" alt title=\"Papi \u0219i conclavuri, tradi\u021bie \u0219i anticlericalism \u00een cinema: Cei doi papi \u0219i Conclavul\" width=\"100\" height=\"70\"><\/a><\/div>\n<div class=\"item-details\">\n<h3 class=\"entry-title td-module-title\"><a href=\"https:\/\/r3media.ro\/papi-si-conclavuri-traditie-si-anticlericalism-in-cinema-cei-doi-papi-si-conclavul\/\" rel=\"bookmark\" title=\"Papi \u0219i conclavuri, tradi\u021bie \u0219i anticlericalism \u00een cinema: Cei doi papi \u0219i Conclavul\">Papi \u0219i conclavuri, tradi\u021bie \u0219i anticlericalism \u00een cinema: Cei doi papi&#8230;<\/a><\/h3>\n<div class=\"td-module-meta-info\"><span class=\"td-post-date\"><time class=\"entry-date updated td-module-date\" datetime=\"2026-08-08T22:07:22+03:00\">08\/08\/2026<\/time><\/span><\/div>\n<\/div>\n<\/div>\n<\/div>\n<div class=\"td-block-span12\">\n<div class=\"td_module_6 td_module_wrap td-animation-stack\">\n<div class=\"td-module-thumb\"><a href=\"https:\/\/r3media.ro\/bulgaria-drona-ucraineana-kiev-ucraina\/\" rel=\"bookmark\" class=\"td-image-wrap \" title=\"Bulgaria anun\u0163\u0103 c\u0103 drona explodat\u0103 l\u00e2ng\u0103 gazoductul transbalcanic e ucrainean\u0103 \u015fi a convocat-o pe ambasadoarea Kievului. Ucraina transmite c\u0103 nu vizeaz\u0103 \u201e\u00een mod deliberat\u201d Bulgaria\"><img loading=\"lazy\" decoding=\"async\" class=\"entry-thumb\" src=\"https:\/\/r3media.ro\/wp-content\/uploads\/2022\/12\/bulgaria-2115804_960_720-100x70.jpg\" alt title=\"Bulgaria anun\u0163\u0103 c\u0103 drona explodat\u0103 l\u00e2ng\u0103 gazoductul transbalcanic e ucrainean\u0103 \u015fi a convocat-o pe ambasadoarea Kievului. Ucraina transmite c\u0103 nu vizeaz\u0103 \u201e\u00een mod deliberat\u201d Bulgaria\" width=\"100\" height=\"70\"><\/a><\/div>\n<div class=\"item-details\">\n<h3 class=\"entry-title td-module-title\"><a href=\"https:\/\/r3media.ro\/bulgaria-drona-ucraineana-kiev-ucraina\/\" rel=\"bookmark\" title=\"Bulgaria anun\u0163\u0103 c\u0103 drona explodat\u0103 l\u00e2ng\u0103 gazoductul transbalcanic e ucrainean\u0103 \u015fi a convocat-o pe ambasadoarea Kievului. Ucraina transmite c\u0103 nu vizeaz\u0103 \u201e\u00een mod deliberat\u201d Bulgaria\">Bulgaria anun\u0163\u0103 c\u0103 drona explodat\u0103 l\u00e2ng\u0103 gazoductul transbalcanic e ucrainean\u0103 \u015fi&#8230;<\/a><\/h3>\n<div class=\"td-module-meta-info\"><span class=\"td-post-date\"><time class=\"entry-date updated td-module-date\" datetime=\"2026-08-08T22:06:53+03:00\">08\/08\/2026<\/time><\/span><\/div>\n<\/div>\n<\/div>\n<\/div>\n<div class=\"td-block-span12\">\n<div class=\"td_module_6 td_module_wrap td-animation-stack\">\n<div class=\"td-module-thumb\"><a href=\"https:\/\/r3media.ro\/adrian-agachi-bor-sadhguru-untold-cluj\/\" rel=\"bookmark\" class=\"td-image-wrap \" title=\"Pr. Adrian Agachi (BOR), dup\u0103 ce Sadhguru a urcat pe scena UNTOLD: Nu, dragilor, f\u0103r\u0103 oameni planeta nu ar fi mai bun\u0103, planeta \u0219i-ar rata definitiv scopul!\"><img loading=\"lazy\" decoding=\"async\" class=\"entry-thumb\" src=\"https:\/\/r3media.ro\/wp-content\/uploads\/2026\/04\/adrian-agachi-100x70.png\" alt title=\"Pr. Adrian Agachi (BOR), dup\u0103 ce Sadhguru a urcat pe scena UNTOLD: Nu, dragilor, f\u0103r\u0103 oameni planeta nu ar fi mai bun\u0103, planeta \u0219i-ar rata definitiv scopul!\" width=\"100\" height=\"70\"><\/a><\/div>\n<div class=\"item-details\">\n<h3 class=\"entry-title td-module-title\"><a href=\"https:\/\/r3media.ro\/adrian-agachi-bor-sadhguru-untold-cluj\/\" rel=\"bookmark\" title=\"Pr. Adrian Agachi (BOR), dup\u0103 ce Sadhguru a urcat pe scena UNTOLD: Nu, dragilor, f\u0103r\u0103 oameni planeta nu ar fi mai bun\u0103, planeta \u0219i-ar rata definitiv scopul!\">Pr. Adrian Agachi (BOR), dup\u0103 ce Sadhguru a urcat pe scena&#8230;<\/a><\/h3>\n<div class=\"td-module-meta-info\"><span class=\"td-post-date\"><time class=\"entry-date updated td-module-date\" datetime=\"2026-08-08T17:29:00+03:00\">08\/08\/2026<\/time><\/span><\/div>\n<\/div>\n<\/div>\n<\/div>\n<div class=\"td-block-span12\">\n<div class=\"td_module_6 td_module_wrap td-animation-stack\">\n<div class=\"td-module-thumb\"><a href=\"https:\/\/r3media.ro\/o-drona-a-intrat-in-bulgaria-dinspre-romania-si-a-explodat-la-100-de-metri-de-granita\/\" rel=\"bookmark\" class=\"td-image-wrap \" title=\"O dron\u0103 a intrat \u00een Bulgaria dinspre Rom\u00e2nia \u0219i a explodat la 100 de metri de grani\u021b\u0103\"><img loading=\"lazy\" decoding=\"async\" class=\"entry-thumb\" src=\"https:\/\/r3media.ro\/wp-content\/uploads\/2022\/11\/romania-bulgaria-cash-100x70.jpg\" alt title=\"O dron\u0103 a intrat \u00een Bulgaria dinspre Rom\u00e2nia \u0219i a explodat la 100 de metri de grani\u021b\u0103\" width=\"100\" height=\"70\"><\/a><\/div>\n<div class=\"item-details\">\n<h3 class=\"entry-title td-module-title\"><a href=\"https:\/\/r3media.ro\/o-drona-a-intrat-in-bulgaria-dinspre-romania-si-a-explodat-la-100-de-metri-de-granita\/\" rel=\"bookmark\" title=\"O dron\u0103 a intrat \u00een Bulgaria dinspre Rom\u00e2nia \u0219i a explodat la 100 de metri de grani\u021b\u0103\">O dron\u0103 a intrat \u00een Bulgaria dinspre Rom\u00e2nia \u0219i a explodat&#8230;<\/a><\/h3>\n<div class=\"td-module-meta-info\"><span class=\"td-post-date\"><time class=\"entry-date updated td-module-date\" datetime=\"2026-08-08T16:12:44+03:00\">08\/08\/2026<\/time><\/span><\/div>\n<\/div>\n<\/div>\n<\/div>\n<div class=\"td-block-span12\">\n<div class=\"td_module_6 td_module_wrap td-animation-stack\">\n<div class=\"td-module-thumb\"><a href=\"https:\/\/r3media.ro\/show-iluzie-si-realitate-de-la-the-truman-show-la-son-of-a-rich\/\" rel=\"bookmark\" class=\"td-image-wrap \" title=\"Show, iluzie \u0219i realitate: de la The Truman Show la Son of a Rich\"><img loading=\"lazy\" decoding=\"async\" class=\"entry-thumb\" src=\"https:\/\/r3media.ro\/wp-content\/uploads\/2026\/08\/the-truman-show-jim-carrey-100x70.webp\" alt title=\"Show, iluzie \u0219i realitate: de la The Truman Show la Son of a Rich\" width=\"100\" height=\"70\"><\/a><\/div>\n<div class=\"item-details\">\n<h3 class=\"entry-title td-module-title\"><a href=\"https:\/\/r3media.ro\/show-iluzie-si-realitate-de-la-the-truman-show-la-son-of-a-rich\/\" rel=\"bookmark\" title=\"Show, iluzie \u0219i realitate: de la The Truman Show la Son of a Rich\">Show, iluzie \u0219i realitate: de la The Truman Show la Son&#8230;<\/a><\/h3>\n<div class=\"td-module-meta-info\"><span class=\"td-post-date\"><time class=\"entry-date updated td-module-date\" datetime=\"2026-08-08T15:30:25+03:00\">08\/08\/2026<\/time><\/span><\/div>\n<\/div>\n<\/div>\n<\/div>\n<\/div>\n<\/div>\n<aside class=\"td_block_template_1 widget widget_recent_comments\">\n<h4 class=\"block-title\"><span>INTR\u0102 \u00ceN DISCU\u021aIE!<\/span><\/h4>\n<ul id=\"recentcomments\">\n<li class=\"recentcomments\"><span class=\"comment-author-link\">Isabel<\/span> la <a href=\"https:\/\/r3media.ro\/fara-apa-fara-curent-fara-viitor-cum-au-sacrificat-pro-europenii-romania-pe-altarul-ecologiei-ieftine\/#comment-40358\">F\u0103r\u0103 ap\u0103, f\u0103r\u0103 curent, f\u0103r\u0103 viitor: cum au sacrificat pro-europenii Rom\u00e2nia pe altarul ecologiei ieftine<\/a><\/li>\n<li class=\"recentcomments\"><span class=\"comment-author-link\">Nicu<\/span> la <a href=\"https:\/\/r3media.ro\/o-drona-a-intrat-in-bulgaria-dinspre-romania-si-a-explodat-la-100-de-metri-de-granita\/#comment-40357\">O dron\u0103 a intrat \u00een Bulgaria dinspre Rom\u00e2nia \u0219i a explodat la 100 de metri de grani\u021b\u0103<\/a><\/li>\n<li class=\"recentcomments\"><span class=\"comment-author-link\">Nicu<\/span> la <a href=\"https:\/\/r3media.ro\/adrian-agachi-bor-sadhguru-untold-cluj\/#comment-40356\">Pr. Adrian Agachi (BOR), dup\u0103 ce Sadhguru a urcat pe scena UNTOLD: Nu, dragilor, f\u0103r\u0103 oameni planeta nu ar fi mai bun\u0103, planeta \u0219i-ar rata definitiv scopul!<\/a><\/li>\n<li class=\"recentcomments\"><span class=\"comment-author-link\">Kostel<\/span> la <a href=\"https:\/\/r3media.ro\/david-popovici-fair-play-sportivi-rusi-competitii\/#comment-40355\">David Popovici, fair-play la revenirea sportivilor ru\u0219i \u00een competi\u021bii: Le urez succes, sper s\u0103 fiu mai bun dec\u00e2t ei<\/a><\/li>\n<li class=\"recentcomments\"><span class=\"comment-author-link\">IvanHose<\/span> la <a href=\"https:\/\/r3media.ro\/kia-recheama-service-prima-generatie-masini-electrice-e-niro-risc-incendiu\/#comment-40354\">Kia recheam\u0103 \u00een service prima genera\u021bie de ma\u0219ini electrice e-Niro din cauza riscului de incendiu<\/a><\/li>\n<li class=\"recentcomments\"><span class=\"comment-author-link\">Gelu<\/span> la <a href=\"https:\/\/r3media.ro\/un-tongalez-un-sud-african-si-un-australian-vor-evolua-pentru-nationala-de-rugby-a-romaniei\/#comment-40353\">Rugby: Un tongalez, un sud-african \u0219i un australian au depus jur\u0103m\u00e2ntul de credin\u021b\u0103 fa\u021b\u0103 de Rom\u00e2nia<\/a><\/li>\n<li class=\"recentcomments\"><span class=\"comment-author-link\">George<\/span> la <a href=\"https:\/\/r3media.ro\/mariuca-zaharia-fetita-12-ani-marasesti\/#comment-40352\">Calendarul zilei 6 august: M\u0103riuca Zaharia, feti\u021ba de 12 ani c\u0103zut\u0103 la M\u0103r\u0103\u0219e\u0219ti, care nu mai are loc \u00een manualele de istorie<\/a><\/li>\n<\/ul>\n<\/aside>\n<aside class=\"td_block_template_1 widget widget_search\">\n<h4 class=\"block-title\"><span>CAUT\u0102 \u0218I VEI G\u0102SI<\/span><\/h4>\n<\/aside>\n<\/div>\n<\/div>\n<\/div>\n<\/div>\n<\/div>\n<\/div>\n<\/div>\n<p><span class=\"td-page-meta\"><\/span><span class=\"td-page-meta\"><span class=\"td-page-meta\"><\/span><\/span><span class=\"td-page-meta\"><\/span><\/article>\n<\/p>\n<div class=\"td_block_wrap tdb_single_content tdi_18 td-pb-border-top td_block_template_1 td-post-content tagdiv-type\" data-td-block-uid=\"tdi_18\">\n<div class=\"tdb-block-inner td-fix-index\">\n<p><strong>Pe 9 august 1601, Mihai Viteazu, primul unificator al rom\u00e2nilor, trecea la cele ve\u0219nice dup\u0103 ce era ucis de oamenii generalului Giorgio Basta, fostul s\u0103u aliat.<\/strong><\/p>\n<p>Dar cum s-a ajuns aici? Explic\u0103 siteul <a href=\"http:\/\/www.istorie-pe-scurt.ro\/cum-a-fost-ucis-mihai-viteazul\/asasinarea-lui-mihai-viteazul\/\" target=\"_blank\" rel=\"noopener\">istorie pe scurt<\/a>:<\/p>\n<p>\u201eAc\u021biunile \u00eentreprinse de domnul muntean aveau opozan\u021bi numero\u0219i. Nobilimea maghiar\u0103 se sim\u021bea lezat\u0103 de m\u0103surile favorabile rom\u00e2nilor pe care le d\u0103duse voievodul. Boierii rom\u00e2ni din spa\u021biul extracarpatic doreau sl\u0103birea puterii domnului, fapt \u00eempotriva c\u0103ruia Mihai lupta. Cercurile \u00eenalte habsburgice doreau din nou s\u0103 st\u0103p\u00e2neasc\u0103 Transilvania pe deplin. Polonezii erau nemul\u021bumi\u021bi de faptul c\u0103 protejatul lor, Ieremia Movil\u0103, fusese \u00eenl\u0103turat din scaunul de la Ia\u0219i. Otomanii nu puteau uita gravele pierderi pe care ghiaurul le pricinuise o\u0219tilor ce fuseser\u0103 trimise \u00eempotriva lui. Din cauza fiscalit\u0103\u021bii excesive, provocat\u0103 de r\u0103zboiul prelungit \u0219i \u00eentre\u021binerea oastei de mercenari au izbucnit mi\u0219c\u0103ri sociale\u201d.<\/p>\n<p>Primii lovesc nobili maghiari.<\/p>\n<p>Polonezii sunt primii care profit\u0103 \u0219i \u00eel re\u00eensc\u0103uneaz\u0103 pe Ieremia Movil\u0103. Maghiarii \u00eel cheam\u0103 \u00een ajutor pe italianul Giorgio Basta, adversar declarat al lui Mihai. Pe 18 septembrie 1600 Mihai este \u00eenfr\u00e2nt la Mir\u0103sl\u0103u. Polonezii profit\u0103 de situa\u021bie \u0219i \u00eenainteaz\u0103 spre Bucure\u0219ti pentru a-l instala pe Simion Movil\u0103, fratele domnitorului moldovean. Viteazul este for\u021bat s\u0103 \u00ee\u0219i lase familia z\u0103log la F\u0103g\u0103ra\u0219 \u0219i s\u0103 p\u0103r\u0103seasc\u0103 Transilvania controlat\u0103 acum de Habsburgi prin Basta. \u00cen confruntarea cu polonezii de la Bucov, Mihai este \u00eenfr\u00e2nt \u0219i pierde domnia \u021a\u0103rii Rom\u00e2ne\u0219ti. Pentru a recl\u0103di unitatea rom\u00e2nilor ajunge p\u00e2n\u0103 la Praga, unde este audiat la curtea Sf\u00e2ntului Imperiu Roman de Na\u021biune German\u0103. Ini\u021bial, habsburgii sunt ezitan\u021bi. La auzul ve\u0219tii c\u0103 Basta fusese \u00eenl\u0103turat de la conducere chiar de nobilii maghiari pe care \u00eei ajutase, \u00eemp\u0103ratul Rudolf al II-lea \u00eei acord\u0103 sprijin lui Mihai, mediind chiar o \u00eemp\u0103care cu Basta. Dup\u0103 <a href=\"https:\/\/r3media.ro\/calendarul-zilei-3-august-1601-batalia-de-la-guruslau-ultima-victorie-a-lui-mihai-viteazul\/\" target=\"_blank\" rel=\"noopener\">victoria la de la Gurusl\u0103u din 3 august<\/a> tensiunile \u00eentre domnul muntean \u0219i generalul italian reizbucnesc.<\/p>\n<p>A\u0219a c\u0103 Basta, cu acordul tacit al \u00cemp\u0103ratului Austriei \u2013 aliatul lui Mihai \u2013 decide s\u0103-l ucid\u0103 pe domnitorul rom\u00e2n.<\/p>\n<div class=\"youtube-embed\" data-video_id=\"ko_CzeZqzQQ\"><\/div>\n<p>Iat\u0103 cum detaliaz\u0103 crima cronicarul maghiar Istv\u00e1n Szamosk\u00f6zy :<\/p>\n<p>\u201eDe aceea Basta, chibzuind asupra propunerii, chemat-a doi sau trei dintre c\u0103pitanii valoni \u015fi le-a m\u0103rturisit g\u00e2ndul: Dac\u0103 voim, zise, s\u0103 tr\u0103im, cei care suntem credincio\u015fi \u00eemp\u0103ratului, trebuie s\u0103 ucidem pe rom\u00e2n c\u0103ci el \u015fi-a pus \u00een g\u00e2nd s\u0103 ne piard\u0103 \u015fi s\u0103 ia \u0163ara pentru sine. C\u0103pitanii au zis c\u0103 sunt gata s\u0103 fac\u0103 ce li se porunce\u015fte; r\u0103spunderea s\u0103 fie a \u00een\u0103l\u0163imii tale \u015fi at\u00e2t pe noi, c\u00e2t \u015fi pe tine \u00eensu\u0163i s\u0103 ne aperi \u00eenaintea \u00eemp\u0103ratului. Sfatul cu c\u0103pitanii fu s\u00e2mb\u0103ta, pentru ziua urm\u0103toare, duminica, le-a poruncit ca atunci c\u00e2nd vor vedea cornetul, care e un steag mic pe care-l poart\u0103 totdeauna \u00eenaintea lui Basta, c\u00e2nd \u00eel vor vedea c\u0103-l ridic\u0103, f\u0103r\u0103 sunete de tob\u0103 \u015fi trompete, s\u0103 \u00eencalece \u00eendat\u0103 to\u0163i valonii \u015fi nem\u0163ii, ca \u015fi c\u00e2nd ar vrea s\u0103 n\u0103v\u0103leasc\u0103 asupra du\u015fmanului.<\/p>\n<h2><strong>Ultimele clipe ale Viteazului<\/strong><\/h2>\n<p>Momentul mor\u0163ii bravului voievod a fost receptat de contemporani dup\u0103 cum i-au \u00eendemnat cugetul \u015fi ob\u00e2r\u015fia. \u201c\u015ei a\u015fea s-au pl\u0103titu lui Mihai-vod\u0103 slujbele ce-au f\u0103cutu nem\u0163ilor\u201d se exprim\u0103 c\u00e2t se poate de lapidar Miron Costin, \u00een timp ce Letopise\u0163ul Cantacuzinesc \u00eel depl\u00e2nge pe cel pierdut din invidia omeneasc\u0103, iar nu din vreun alt motiv:<\/p>\n<p>\u201c\u015fi c\u0103zu trupul lui cel frumos ca un copaci, pentru c\u0103 nu \u015ftiuse, nici s\u0103 \u00eemprilejise sabiia lui cea iute \u00een m\u00e2na lui cea viteaz\u0103. \u015ei-i r\u0103mase trupul gol \u00een pulbere aruncat, c\u0103 a\u015fa au lucrat pizma \u00eenc\u0103 din \u2018ceputul lumii. C\u0103 pizma au pierdut pre mul\u0163i b\u0103rba\u0163i f\u0103r\u2019 de vin\u0103, ca \u015fi acesta. C\u0103ci era ajutor cre\u0219tinilor \u015fi sta tare ca un viteaz bun pentru ei, c\u00e2t f\u0103cuse pre turci de tremura de frica lui. Iar diavolul, cel ce nu va binele neamului cre\u015ftinesc nu l-au l\u0103sat, ci iat\u0103 c\u0103 cu me\u015fter\u015fugurile lui au intrat prin inima celor hicl\u00e9ni, p\u00e2n-\u00eel d\u00e9der\u0103 \u015fi mor\u0163ii. \u015ei r\u0103maser\u0103 cre\u015ftinii \u015fi mai v\u00e2rtos \u0162ara Rum\u00e2neasc\u0103, s\u0103raci de d\u00e2nsul. Pentru aceasta, dar, cade-s\u0103 s\u0103 blestem\u0103m\u2026 pre Ba\u015fta Giurgiu, c\u0103ci au ascultat pre domnii ungure\u015fti, de au ucis pre Mihai-vod\u0103 f\u0103r\u2019 de nici o vin\u0103\u201d.<\/p>\n<p>Conform unor surse, trupul eroului a fost \u00eengropat pe c\u00e2mpia Turzii trei zile mai t\u00e2rziu de c\u0103tre mercenarii s\u00e2rbi.<\/p>\n<p>O alt\u0103 variant\u0103 este ctitoria domnitorului din B\u0103lgrad (Alba-Iulia). Un hrisov din 1612 ne spune c\u0103 \u201eSluga domniei lui, Turturea paharnic, el a furat capul lui \u0219i l-a dus \u00een \u021bar\u0103, de l-a \u00eengropat cu mult\u0103 cinste, ca pe un domn\u201d. Radu Buzescu \u0219i so\u021bia sa, Preda, fiica banului Mihalcea, aveau s\u0103 a\u0219eze pe morm\u00e2nt o lespede pe care au \u021binut s\u0103 fie gravat \u00een limba rom\u00e2n\u0103 \u2013 de obicei inscrip\u021biile erau slavone\u0219ti- textul: \u201e<strong>Aici zace cinstitul \u0219i r\u0103posatul capul cre\u0219tinului Mihail Marele Voievod, ce au fost Domn \u021a\u0103r\u0103i Rum\u0103ne\u0219ti \u0219i Ardealului \u0219i Moldovei: cinstitul trup zace \u00een c\u00e2mpii(a) Tordei, \u0219i, c\u00e2nd l-au ucis Neam\u021bii, anii au fost 7109(1601), \u00een luna Aug. 8(!) zile; aceas(t\u0103); piatr\u0103 o-u pus jupan Radul Buz(escu) i jupan(i)\u021ba eg(o), Preda<\/strong>\u201d.<\/p>\n<p>Inscrip\u021bia, \u00eentr-o at\u00e2t de frumoas\u0103 limb\u0103 rom\u00e2neasc\u0103, este edificatoare pentru modul \u00een care oamenii epocii \u00eel vedeau pe domnitor. Apropia\u021bii s\u0103i \u0219i-au dat seama \u2013 iar posteritatea avea s\u0103 ridice la nivel de postulat g\u00e2ndirea lor- c\u0103 Mihai Viteazul a definit un program politic, pentru a c\u0103rui \u00eenf\u0103ptuire a luptat.<\/p>\n<p>Ac\u021biunile Viteazului transmise prin scris \u0219i tradi\u021bie oral\u0103 au c\u0103p\u0103tat \u00een timp valoarea mesajului de continuitate a spiritului pan-rom\u00e2nesc. Ele au fost d\u0103t\u0103toare de \u00eenv\u0103\u021b\u0103turi \u0219i au \u00eent\u0103rit voin\u021ba poporului rom\u00e2n de a se uni \u0219i de a tr\u0103i \u00eentr-o na\u021biune liber\u0103, puternic\u0103 \u0219i prosper\u0103. Eroul de la C\u0103lug\u0103reni \u0219i \u0218elimb\u0103r cu sf\u00e2r\u0219it tragic pe c\u00e2mpia de la Turda a intrat \u00een con\u0219iin\u021ba rom\u00e2neasc\u0103 \u00een contururi aureolate.<\/p>\n<div class=\"crp_related     crp-masonry\">\n<h2>\u00ceN CONTEXT<\/h2>\n<ul>\n<li><a href=\"https:\/\/r3media.ro\/3-august-1601-batalia-de-la-guruslau-mihai-viteazul\/\" class=\"crp_link post-25368\"><span class=\"crp_title\">3 august 1601, B\u0103t\u0103lia de la Gurusl\u0103u. Ultima victorie a lui Mihai Viteazul<\/span><\/a><\/li>\n<li><a href=\"https:\/\/r3media.ro\/27-mai-1600-mihai-viteazul-domn-tara-romaneasca-ardeal-moldova\/\" class=\"crp_link post-21265\"><span class=\"crp_title\">Calendarul zilei: Pe 27 mai 1600, Mihai Viteazul devine \u201edomn al \u021a\u0103rii Rom\u00e2ne\u0219ti, al\u2026<\/span><\/a><\/li>\n<li><a href=\"https:\/\/r3media.ro\/1-noiembrie-intrarea-triumfala-a-lui-mihai-viteazu-in-alba-iulia\/\" class=\"crp_link post-5163\"><span class=\"crp_title\">Calendarul zilei 1 noiembrie: 426 de ani de la intrarea triumfal\u0103 a lui Mihai Viteazu \u00een Alba-Iulia<\/span><\/a><\/li>\n<li><a href=\"https:\/\/r3media.ro\/calendarul-zilei-8-august-1917-incepe-marea-batalie-de-la-oituz-din-primul-razboi-mondial\/\" class=\"crp_link post-25646\"><span class=\"crp_title\">Calendarul zilei | 8 august 1917: \u00cencepe marea b\u0103t\u0103lie de la Oituz, din Primul R\u0103zboi Mondial<\/span><\/a><\/li>\n<li><a href=\"https:\/\/r3media.ro\/calendarul-zilei-4-aprilie-1944-cea-mai-neagra-zi-a-capitalei-2942-de-bucuresteni-ucisi-de-bombardamentele-americane-aviatorii-care-au-adus-moartea-au-monumente-romanii\/\" class=\"crp_link post-17571\"><span class=\"crp_title\">Calendarul zilei | 4 aprilie 1944, cea mai neagr\u0103 zi a Capitalei: 2942 de bucure\u0219teni uci\u0219i\u2026<\/span><\/a><\/li>\n<li><a href=\"https:\/\/r3media.ro\/27-mai-moartea-lui-tudor-vladimirescu-eroul-revolutiei-de-la-1821\/\" class=\"crp_link post-21275\"><span class=\"crp_title\">Calendarul zilei 27 mai: 205 de ani de la moartea lui Tudor Vladimirescu, EROUL Revolu\u021biei\u2026<\/span><\/a><\/li>\n<li><a href=\"https:\/\/r3media.ro\/ioan-aurel-pop-discriminarea-lupta-cu-istoria-lupta-cu-viata\/\" class=\"crp_link post-117485\"><span class=\"crp_title\">Discriminarea, lupta cu istoria, lupta cu via\u021ba?<\/span><\/a><\/li>\n<li><a href=\"https:\/\/r3media.ro\/calendarul-zilei-10-septembrie-151-de-ani-de-la-moartea-lui-avram-iancu-craisorul-muntilor-este-erou-al-natiunii-romane\/\" class=\"crp_link post-53892\"><span class=\"crp_title\">Calendarul zilei 10 septembrie: 153 de ani de la moartea lui Avram Iancu. \u201eCr\u0103i\u0219orul\u2026<\/span><\/a><\/li>\n<\/ul>\n<\/div>\n<\/div>\n<\/div>\n<p>[analyse_source url=&#8221;https:\/\/r3media.ro\/9-august-moartea-lui-mihai-viteazu-primul-unificator-al-romanilor\/&#8221;]<\/p>\n","protected":false},"excerpt":{"rendered":"<p>[analyse_image type=&#8221;featured&#8221; src=&#8221;https:\/\/r3media.ro\/wp-content\/uploads\/2021\/08\/Asasinarea-lui-Mihai-Viteazul-1024&#215;715-1.jpghttps:\/\/r3media.ro\/wp-content\/uploads\/2021\/08\/Asasinarea-lui-Mihai-Viteazul-1024&#215;715-1.jpg&#8221;] PRIM PLANCalendarul zilei 9 august: 425 de ani de la moartea lui Mihai&#8230; PRIM PLAN\u0218TIRIVIDEO Calendarul zilei 9 august: 425 de ani de la moartea lui Mihai Viteazul. Primul unificator al rom\u00e2nilor a fost ucis mi\u0219ele\u0219te chiar de alia\u021bii s\u0103i Radu Ursan 08\/08\/2026 Constantin Lecca- Uciderea lui Mihai Viteazul Pe 9 august [&hellip;]<\/p>\n","protected":false},"author":1,"featured_media":0,"comment_status":"open","ping_status":"","sticky":false,"template":"","format":"standard","meta":{"footnotes":""},"categories":[89],"tags":[226,93],"class_list":["post-2084407","post","type-post","status-publish","format-standard","hentry","category-romania","tag-crawlmanager","tag-r3media-ro"],"_links":{"self":[{"href":"https:\/\/analyse.optim.biz\/index.php?rest_route=\/wp\/v2\/posts\/2084407","targetHints":{"allow":["GET"]}}],"collection":[{"href":"https:\/\/analyse.optim.biz\/index.php?rest_route=\/wp\/v2\/posts"}],"about":[{"href":"https:\/\/analyse.optim.biz\/index.php?rest_route=\/wp\/v2\/types\/post"}],"author":[{"embeddable":true,"href":"https:\/\/analyse.optim.biz\/index.php?rest_route=\/wp\/v2\/users\/1"}],"replies":[{"embeddable":true,"href":"https:\/\/analyse.optim.biz\/index.php?rest_route=%2Fwp%2Fv2%2Fcomments&post=2084407"}],"version-history":[{"count":0,"href":"https:\/\/analyse.optim.biz\/index.php?rest_route=\/wp\/v2\/posts\/2084407\/revisions"}],"wp:attachment":[{"href":"https:\/\/analyse.optim.biz\/index.php?rest_route=%2Fwp%2Fv2%2Fmedia&parent=2084407"}],"wp:term":[{"taxonomy":"category","embeddable":true,"href":"https:\/\/analyse.optim.biz\/index.php?rest_route=%2Fwp%2Fv2%2Fcategories&post=2084407"},{"taxonomy":"post_tag","embeddable":true,"href":"https:\/\/analyse.optim.biz\/index.php?rest_route=%2Fwp%2Fv2%2Ftags&post=2084407"}],"curies":[{"name":"wp","href":"https:\/\/api.w.org\/{rel}","templated":true}]}}