{"id":2084403,"date":"2026-08-06T14:55:00","date_gmt":"2026-08-06T11:55:00","guid":{"rendered":"https:\/\/analyse.optim.biz\/?p=2084403"},"modified":"2026-08-06T14:55:00","modified_gmt":"2026-08-06T11:55:00","slug":"economia-continua-prabusirea-11-luni-consecutive-de-scadere-a-consumului-iar-iunie-2026-aduce-cea-mai-severa-contractie","status":"publish","type":"post","link":"https:\/\/analyse.optim.biz\/?p=2084403","title":{"rendered":"Economia continu\u0103 pr\u0103bu\u0219irea: 11 luni consecutive de sc\u0103dere a consumului, iar iunie 2026 aduce cea mai sever\u0103 contrac\u021bie"},"content":{"rendered":"<p>[analyse_image type=&#8221;featured&#8221; src=&#8221;https:\/\/radiogoldfm.ro\/wp-content\/uploads\/2026\/08\/media-173338163841633700.webphttps:\/\/radiogoldfm.ro\/wp-content\/uploads\/2026\/08\/media-173338163841633700.webp&#8221;]<\/p>\n<div class=\"qt-the-content\">\n<p><a href=\"https:\/\/www.stiripesurse.ro\/tag\/Consum\" target=\"_blank\" rel=\"noreferrer noopener\">Consum<\/a>ul popula\u021biei, m\u0103surat prin volumul cifrei de afaceri din comer\u021bul cu am\u0103nuntul, a \u00eenregistrat \u00een iunie 2026 cea mai puternic\u0103 sc\u0103dere din actuala serie negativ\u0103, dup\u0103 11 luni consecutive \u00een care v\u00e2nz\u0103rile au fost mai mici dec\u00e2t \u00een lunile corespunz\u0103toare ale anului anterior, arat\u0103 datele publicate joi de Institutul Na\u021bional de Statistic\u0103.<\/p>\n<p>\u00cen iunie, comer\u021bul cu am\u0103nuntul, cu excep\u021bia v\u00e2nz\u0103rilor de autovehicule \u0219i motociclete, s-a contractat cu 7,3% fa\u021b\u0103 de iunie 2025, potrivit seriei ajustate \u00een func\u021bie de num\u0103rul de zile lucr\u0103toare \u0219i de sezonalitate. Este cea mai mare sc\u0103dere anual\u0103 \u00eenregistrat\u0103 din august 2025, momentul \u00een care a \u00eenceput seria ne\u00eentrerupt\u0103 de rezultate negative. Ca serie brut\u0103, declinul anual a fost de 5,7%.<\/p>\n<p>Datele indic\u0103 o deteriorare accelerat\u0103 a consumului, dup\u0103 ce \u00een mai sc\u0103derea anual\u0103 fusese de 5,1%, \u00een aprilie de 6,2%, iar \u00een martie de 3,8%.<\/p>\n<h2 class=\"wp-block-heading\" id=\"de-la-crestere-la-11-luni-consecutive-de-declin\">De la cre\u0219tere la 11 luni consecutive de declin<\/h2>\n<p>Graficul\u00a0<a target=\"_blank\" href=\"https:\/\/www.stiripesurse.ro\/tag\/INS\" rel=\"noreferrer noopener\">INS<\/a>\u00a0privind evolu\u021bia anual\u0103 a comer\u021bului cu am\u0103nuntul arat\u0103 c\u0103 ultima cre\u0219tere a fost consemnat\u0103 \u00een iulie 2025, c\u00e2nd volumul v\u00e2nz\u0103rilor era cu 3,5% mai mare dec\u00e2t cu un an \u00eenainte.<\/p>\n<p>Din august 2025, indicatorul a r\u0103mas permanent \u00een teritoriu negativ:<\/p>\n<ul class=\"wp-block-list\">\n<li>august \u0219i septembrie 2025: minus 2,1%;<\/li>\n<li>octombrie: minus 4,1%;<\/li>\n<li>noiembrie: minus 3,9%;<\/li>\n<li>decembrie: minus 2%;<\/li>\n<li>ianuarie 2026: minus 6%;<\/li>\n<li>februarie: minus 5,9%;<\/li>\n<li>martie: minus 3,8%;<\/li>\n<li>aprilie: minus 6,2%;<\/li>\n<li>mai: minus 5,1%;<\/li>\n<li>iunie: minus 7,3%.<\/li>\n<\/ul>\n<p>Astfel, iunie 2026 marcheaz\u0103 at\u00e2t a unsprezecea lun\u0103 consecutiv\u0103 de sc\u0103dere anual\u0103, c\u00e2t \u0219i cel mai grav rezultat din aceast\u0103 perioad\u0103. Evolu\u021bia este cu at\u00e2t mai abrupt\u0103 cu c\u00e2t, \u00een iunie 2025, comer\u021bul cu am\u0103nuntul crescuse cu 2,6% fa\u021b\u0103 de iunie 2024.<\/p>\n<h2 class=\"wp-block-heading\" id=\"scaderi-pe-toate-categoriile-de-produse\">Sc\u0103deri pe toate categoriile de produse<\/h2>\n<p>Contrac\u021bia din iunie nu a fost limitat\u0103 la o anumit\u0103 categorie de bunuri, ci s-a manifestat \u00een toate cele trei mari componente ale comer\u021bului cu am\u0103nuntul.<\/p>\n<p>Comparativ cu iunie 2025, datele ajustate arat\u0103 diminu\u0103ri de:<\/p>\n<ul class=\"wp-block-list\">\n<li>7,3% la v\u00e2nz\u0103rile de produse alimentare, b\u0103uturi \u0219i tutun;<\/li>\n<li>6,4% la produsele nealimentare;<\/li>\n<li>5,8% la carburan\u021bii pentru autovehicule.<\/li>\n<\/ul>\n<p>\u00cen seria brut\u0103, cea mai mare sc\u0103dere a fost consemnat\u0103 la carburan\u021bi, de 8,6%, urmat\u0103 de produsele alimentare, cu 6,3%, \u0219i de produsele nealimentare, cu 4,1%.<\/p>\n<p>Datele sugereaz\u0103 c\u0103 gospod\u0103riile \u0219i firmele \u0219i-au redus inclusiv achizi\u021biile de produse de baz\u0103 \u0219i consumul de carburan\u021bi, nu doar cheltuielile care pot fi am\u00e2nate.<\/p>\n<h2 class=\"wp-block-heading\" id=\"consumul-a-scazut-si-fata-de-luna-mai\">Consumul a sc\u0103zut \u0219i fa\u021b\u0103 de luna mai<\/h2>\n<p>Situa\u021bia s-a deteriorat \u0219i \u00een compara\u021bie cu luna precedent\u0103. Ca serie ajustat\u0103, volumul comer\u021bului cu am\u0103nuntul a sc\u0103zut \u00een iunie cu 1,2% fa\u021b\u0103 de mai 2026.<\/p>\n<p>V\u00e2nz\u0103rile de alimente, b\u0103uturi \u0219i tutun s-au redus cu 2,3%, cele de carburan\u021bi cu 0,9%, iar cele de produse nealimentare cu 0,4%.<\/p>\n<p>Seria brut\u0103 indic\u0103 o cre\u0219tere lunar\u0103 de 0,5%, \u00eens\u0103 aceasta a fost determinat\u0103 de majorarea sezonier\u0103 a v\u00e2nz\u0103rilor de carburan\u021bi, cu 6,6%, \u0219i a celor de produse nealimentare, cu 0,8%. V\u00e2nz\u0103rile de alimente au sc\u0103zut chiar \u0219i \u00een seria brut\u0103, cu 3,1%.<\/p>\n<h2 class=\"wp-block-heading\" id=\"prima-jumatate-a-anului-integral-pe-minus\">Prima jum\u0103tate a anului, integral pe minus<\/h2>\n<p>Datele cumulate confirm\u0103 c\u0103 declinul nu reprezint\u0103 doar o evolu\u021bie punctual\u0103. \u00cen primele \u0219ase luni din 2026, volumul comer\u021bului cu am\u0103nuntul a fost cu 5,7% mai mic dec\u00e2t \u00een perioada similar\u0103 din 2025, potrivit seriei ajustate. Ca serie brut\u0103, sc\u0103derea a fost de 5,6%.<\/p>\n<p>Cea mai sever\u0103 contrac\u021bie din primul semestru a fost \u00eenregistrat\u0103 la produsele nealimentare, unde v\u00e2nz\u0103rile au sc\u0103zut cu 7,5%. V\u00e2nz\u0103rile de alimente, b\u0103uturi \u0219i tutun s-au redus cu 4,3%, iar comer\u021bul cu carburan\u021bi a sc\u0103zut cu 2,6%.<\/p>\n<p>Indicatorii INS sunt calcula\u021bi \u00een condi\u021bii de pre\u021buri comparabile, prin eliminarea efectului cre\u0219terilor de pre\u021buri. Prin urmare, datele reflect\u0103 reducerea volumului efectiv de produse cump\u0103rate, nu doar modificarea valorii \u00eencas\u0103rilor comercian\u021bilor. Comer\u021bul cu autovehicule \u0219i motociclete nu este inclus \u00een aceast\u0103 statistic\u0103.<\/p>\n<p><a href=\"https:\/\/www.scribd.com\/embeds\/1070389774\/content?start_page=1&amp;view_mode=scroll&amp;access_key=key-Utj7WR5REJ96moRG80JV\">https:\/\/www.scribd.com\/embeds\/1070389774\/content?start_page=1&amp;view_mode=scroll&amp;access_key=key-Utj7WR5REJ96moRG80JV<\/a><\/p>\n<p><a href=\"https:\/\/ro.scribd.com\/document\/1070389774\/Consumul-popula%C8%9Biei-in-iunie-2026-INS#from_embed\">Consumul popula\u021biei \u00een iunie 2026 \u2013 INS\u00a0<\/a>by\u00a0<a href=\"https:\/\/ro.scribd.com\/user\/733399220\/Florin-Puscas#from_embed\">Florin Puscas<\/a><\/p>\n<p><strong><em>surs\u0103: <a href=\"https:\/\/www.stiripesurse.ro\/economia-continua-spirala-descendenta-11-luni-consecutive-de-scadere-a-consumului_3909902\">stiripesurse.ro<\/a><\/em><\/strong><\/p>\n<div class=\"tagcloud qt-spacer-m\"><span class=\"qt-title\">Tagged as <\/span><a href=\"https:\/\/radiogoldfm.ro\/tag\/consum\/\" rel=\"tag\">consum<\/a><a href=\"https:\/\/radiogoldfm.ro\/tag\/econoie\/\" rel=\"tag\">econoie<\/a><a href=\"https:\/\/radiogoldfm.ro\/tag\/finante\/\" rel=\"tag\">finante<\/a><a href=\"https:\/\/radiogoldfm.ro\/tag\/gold-fm\/\" rel=\"tag\">GOLD FM<\/a><a href=\"https:\/\/radiogoldfm.ro\/tag\/romania\/\" rel=\"tag\">romania<\/a><\/div>\n<div class=\"qt-post-author qt-card\">\n<div class=\"row\">\n<div class=\"qt-post-author-data col s10 m7 l7\">\n<h6>Profil<\/h6>\n<h4><a href=\"https:\/\/radiogoldfm.ro\/economia-continua-prabusirea-11-luni-consecutive-de-scadere-a-consumului-iar-iunie-2026-aduce-cea-mai-severa-contractie\/#author_page\">Gold FM Radio<\/a><\/h4>\n<\/div>\n<div class=\"qt-post-author-link col s12 m3 l4 \"><a href=\"https:\/\/radiogoldfm.ro\/author\/gold-fm\/\" class=\"qt-btn qt-btn-large qt-btn-primary aligncenter\">Arhiva postari<\/a><\/div>\n<\/div>\n<\/div>\n<\/div>\n<p>[analyse_source url=&#8221;https:\/\/radiogoldfm.ro\/economia-continua-prabusirea-11-luni-consecutive-de-scadere-a-consumului-iar-iunie-2026-aduce-cea-mai-severa-contractie\/&#8221;]<\/p>\n","protected":false},"excerpt":{"rendered":"<p>[analyse_image type=&#8221;featured&#8221; src=&#8221;https:\/\/radiogoldfm.ro\/wp-content\/uploads\/2026\/08\/media-173338163841633700.webphttps:\/\/radiogoldfm.ro\/wp-content\/uploads\/2026\/08\/media-173338163841633700.webp&#8221;] Consumul popula\u021biei, m\u0103surat prin volumul cifrei de afaceri din comer\u021bul cu am\u0103nuntul, a \u00eenregistrat \u00een iunie 2026 cea mai puternic\u0103 sc\u0103dere din actuala serie negativ\u0103, dup\u0103 11 luni consecutive \u00een care v\u00e2nz\u0103rile au fost mai mici dec\u00e2t \u00een lunile corespunz\u0103toare ale anului anterior, arat\u0103 datele publicate joi de Institutul Na\u021bional de Statistic\u0103. [&hellip;]<\/p>\n","protected":false},"author":1,"featured_media":0,"comment_status":"open","ping_status":"","sticky":false,"template":"","format":"standard","meta":{"footnotes":""},"categories":[89],"tags":[226,96],"class_list":["post-2084403","post","type-post","status-publish","format-standard","hentry","category-romania","tag-crawlmanager","tag-radiogoldfm-ro"],"_links":{"self":[{"href":"https:\/\/analyse.optim.biz\/index.php?rest_route=\/wp\/v2\/posts\/2084403","targetHints":{"allow":["GET"]}}],"collection":[{"href":"https:\/\/analyse.optim.biz\/index.php?rest_route=\/wp\/v2\/posts"}],"about":[{"href":"https:\/\/analyse.optim.biz\/index.php?rest_route=\/wp\/v2\/types\/post"}],"author":[{"embeddable":true,"href":"https:\/\/analyse.optim.biz\/index.php?rest_route=\/wp\/v2\/users\/1"}],"replies":[{"embeddable":true,"href":"https:\/\/analyse.optim.biz\/index.php?rest_route=%2Fwp%2Fv2%2Fcomments&post=2084403"}],"version-history":[{"count":0,"href":"https:\/\/analyse.optim.biz\/index.php?rest_route=\/wp\/v2\/posts\/2084403\/revisions"}],"wp:attachment":[{"href":"https:\/\/analyse.optim.biz\/index.php?rest_route=%2Fwp%2Fv2%2Fmedia&parent=2084403"}],"wp:term":[{"taxonomy":"category","embeddable":true,"href":"https:\/\/analyse.optim.biz\/index.php?rest_route=%2Fwp%2Fv2%2Fcategories&post=2084403"},{"taxonomy":"post_tag","embeddable":true,"href":"https:\/\/analyse.optim.biz\/index.php?rest_route=%2Fwp%2Fv2%2Ftags&post=2084403"}],"curies":[{"name":"wp","href":"https:\/\/api.w.org\/{rel}","templated":true}]}}