{"id":2084341,"date":"2026-08-07T14:47:56","date_gmt":"2026-08-07T11:47:56","guid":{"rendered":"https:\/\/analyse.optim.biz\/?p=2084341"},"modified":"2026-08-07T14:47:56","modified_gmt":"2026-08-07T11:47:56","slug":"ultima-ora-marea-balaceala-se-amana-cu-o-saptamana-un-prim-pas-spre-indreptarea-lucrurilor","status":"publish","type":"post","link":"https:\/\/analyse.optim.biz\/?p=2084341","title":{"rendered":"ULTIMA OR\u0102 | \u201eMarea B\u0103l\u0103ceal\u0103\u201d se am\u00e2n\u0103 cu o s\u0103pt\u0103m\u00e2n\u0103. Un prim pas spre \u00eendreptarea lucrurilor?"},"content":{"rendered":"<p>[analyse_image type=&#8221;featured&#8221; src=&#8221;https:\/\/gazetabuzoiana.ro\/wp-content\/uploads\/2026\/08\/E-e1786115264555.jpg&#8221;]<\/p>\n<div class=\"entry-content entry clearfix\">\n<p class=\"wp-block-paragraph\">\u00cen ultimele zile, <em>Gazeta Buzoian\u0103<\/em> a deschis o dezbatere la nivel local despre \u201eMarea B\u0103l\u0103ceal\u0103\u201d, prin dou\u0103 materiale \u00een care am criticat trei lucruri: locul ales, data \u0219i con\u021binutul evenimentului.<\/p>\n<p class=\"wp-block-paragraph\">Nu am contestat faptul c\u0103  e nevoie de distrac\u021bie pentru copii, am contestat ideea de a organiza o \u201eb\u0103l\u0103ceal\u0103\u201d pe Stadionul Gloria, un loc cu o istorie important\u0103 pentru sportul buzoian.<\/p>\n<p class=\"wp-block-paragraph\">Am contestat pe Facebook \u0219i data de 15 august, ziua Adormirii Maicii Domnului, una dintre marile s\u0103rb\u0103tori ale cre\u0219tin\u0103t\u0103\u021bii. Nu trebuie s\u0103 se \u00een\u021beleag\u0103 c\u0103 \u00een aceast\u0103 zi oamenii trebuie s\u0103 stea \u00eenchi\u0219i \u00een cas\u0103 sau c\u0103 orice activitate pentru copii este nepotrivit\u0103. Doar c\u0103, dac\u0103 tot organizezi un eveniment cu resurse publice, poate merit\u0103 s\u0103 te g\u00e2nde\u0219ti \u0219i dac\u0103 ceea ce faci se potrive\u0219te cu ziua aleas\u0103.<\/p>\n<p class=\"wp-block-paragraph\">\u0218i, \u00een sf\u00e2r\u0219it, am pus sub semnul \u00eentreb\u0103rii chiar con\u021binutul acestei ac\u021biuni, fiindc\u0103 o b\u0103taie cu ap\u0103 poate fi foarte distractiv\u0103, dar nu este sport doar pentru c\u0103 se desf\u0103\u0219oar\u0103 pe un stadion. \u0218i \u00eenc\u0103 nu am \u00een\u021beles ce le ofer\u0103, \u00een plus, copiilor, cu ce \u00eei stimuleaz\u0103, ce \u00eei \u00eenva\u021b\u0103, cum le treze\u0219te interesul pentru sport sau cu ce \u00eei \u00eembog\u0103\u021be\u0219te.<\/p>\n<p class=\"wp-block-paragraph\">Acum vine anun\u021bul de ultim\u0103 or\u0103!!! <\/p>\n<p class=\"wp-block-paragraph\">Oana Gheorghiu \u0219i SCM Gloria Buz\u0103u au mutat \u201eMarea B\u0103l\u0103ceal\u0103\u201d de pe 15 pe 22 august, de la ora 10:00.<\/p>\n<p class=\"wp-block-paragraph\">Nu ne permitem s\u0103 pretindem c\u0103 schimbarea datei s-a f\u0103cut din cauza criticilor noastre, fiindc\u0103 nu avem o confirmare \u00een acest sens, iar f\u0103r\u0103 ea nu avem de ce s\u0103 invent\u0103m o leg\u0103tur\u0103.<\/p>\n<p class=\"wp-block-paragraph\">Observ\u0103m doar c\u0103 evenimentul a fost reprogramat.<\/p>\n<p class=\"wp-block-paragraph\">\u0218i, dac\u0103 tot s-a f\u0103cut primul pas, este loc \u0219i pentru al doilea, adic\u0103 s\u0103 schimbe loca\u021bia. <\/p>\n<p class=\"wp-block-paragraph\">Pentru c\u0103 exact asta am criticat de la \u00eenceput, b\u0103l\u0103ceala pe Stadionul Gloria. Dac\u0103 cei care au g\u00e2ndit evenimentul au ajuns \u00eentre timp la concluzia c\u0103 se poate face \u0219i altfel, atunci este un lucru bun.<\/p>\n<p class=\"wp-block-paragraph\">Nu e nicio ru\u0219ine s\u0103 recuno\u0219ti c\u0103 ai ales prost \u0219i s\u0103 schimbi decizia. Dac\u0103, din toat\u0103 aceast\u0103 poveste ar r\u0103m\u00e2ne \u0219i ideea c\u0103 uneori critica poate fi util\u0103, ar fi \u0219i mai bine.<\/p>\n<p class=\"wp-block-paragraph\">Dac\u0103 \u201eMarea B\u0103l\u0103ceal\u0103\u201d va ajunge pe 22 august \u0219i \u00eentr-un alt loc, vom putea spune c\u0103, m\u0103car \u00een privin\u021ba locului \u0219i a datei,  S-A \u00ceN\u021aELES CEVA.<\/p>\n<p class=\"wp-block-paragraph\"><strong>P.S.<\/strong> Ast\u0103zi i-am transmis viceprimarului Oanei Gheorghiu o solicitare \u00een baza Legii 544\/2001, prin care am cerut informa\u021bii despre \u201eMarea B\u0103l\u0103ceal\u0103\u201d. Vrem s\u0103 \u0219tim care este costul total al evenimentului, din ce buget sunt suportate cheltuielile \u0219i ce contracte au fost \u00eencheiate pentru organizarea lui.<\/p>\n<p class=\"wp-block-paragraph\">Am cerut aceste informa\u021bii \u0219i \u00een contextul \u00een care, pentru meciul cu Universitatea Cluj din 29 octombrie 2025, Metalul Buz\u0103u a pl\u0103tit municipalit\u0103\u021bii aproximativ 4.000 de euro pentru \u00eenchirierea Stadionului Gloria. Fiindc\u0103 Metalul a r\u0103mas singura echip\u0103 de fotbal a Buz\u0103ului care evolueaz\u0103 la nivel na\u021bional, merit\u0103 s\u0103 \u0219tim c\u00e2t ne cost\u0103 pe noi, contribuabilii, s\u0103 transform\u0103m acela\u0219i stadion \u00een loc de \u201eMarea B\u0103l\u0103ceal\u0103\u201d.<\/p>\n<p class=\"wp-block-paragraph\">A\u0219tept\u0103m r\u0103spunsul oficial. De data aceasta, cu cifre.<\/p>\n<figure class=\"wp-block-image size-large\"><img loading=\"lazy\" decoding=\"async\" width=\"665\" height=\"1024\" src=\"https:\/\/gazetabuzoiana.ro\/wp-content\/uploads\/2026\/08\/SCM-BUNA-665x1024.jpeg\" alt class=\"wp-image-21979\"><\/figure>\n<div class=\"post-bottom-meta post-bottom-tags post-tags-modern\">\n<div class=\"post-bottom-meta-title\"> Etichete<\/div>\n<p><span class=\"tagcloud\"><a href=\"https:\/\/gazetabuzoiana.ro\/tag\/15-august\/\" rel=\"tag\">15 august<\/a><a href=\"https:\/\/gazetabuzoiana.ro\/tag\/22-august\/\" rel=\"tag\">22 august<\/a><a href=\"https:\/\/gazetabuzoiana.ro\/tag\/administratia-locala-buzau\/\" rel=\"tag\">administra\u021bia local\u0103 Buz\u0103u<\/a><a href=\"https:\/\/gazetabuzoiana.ro\/tag\/adormirea-maicii-domnului\/\" rel=\"tag\">Adormirea Maicii Domnului<\/a><a href=\"https:\/\/gazetabuzoiana.ro\/tag\/copii-buzau\/\" rel=\"tag\">copii Buz\u0103u<\/a><a href=\"https:\/\/gazetabuzoiana.ro\/tag\/evenimente-buzau\/\" rel=\"tag\">evenimente Buz\u0103u<\/a><a href=\"https:\/\/gazetabuzoiana.ro\/tag\/gazeta-buzoiana-2\/\" rel=\"tag\">Gazeta Buzoian\u0103<\/a><a href=\"https:\/\/gazetabuzoiana.ro\/tag\/marea-balaceala\/\" rel=\"tag\">Marea B\u0103l\u0103ceal\u0103<\/a><a href=\"https:\/\/gazetabuzoiana.ro\/tag\/oana-gheorghiu\/\" rel=\"tag\">oana gheorghiu<\/a><a href=\"https:\/\/gazetabuzoiana.ro\/tag\/primaria-buzau\/\" rel=\"tag\">Prim\u0103ria Buz\u0103u<\/a><a href=\"https:\/\/gazetabuzoiana.ro\/tag\/scm-gloria-buzau\/\" rel=\"tag\">SCM Gloria Buz\u0103u<\/a><a href=\"https:\/\/gazetabuzoiana.ro\/tag\/sport-buzau\/\" rel=\"tag\">sport Buz\u0103u<\/a><a href=\"https:\/\/gazetabuzoiana.ro\/tag\/sportul-buzoian\/\" rel=\"tag\">sportul buzoian<\/a><a href=\"https:\/\/gazetabuzoiana.ro\/tag\/stadionul-gloria-buzau\/\" rel=\"tag\">Stadionul Gloria Buz\u0103u<\/a><\/span><\/div>\n<\/div>\n<p>[analyse_source url=&#8221;https:\/\/gazetabuzoiana.ro\/2026\/08\/07\/ultima-ora-marea-balaceala-se-amana-cu-o-saptamana-un-prim-pas-spre-indreptarea-lucrurilor\/&#8221;]<\/p>\n","protected":false},"excerpt":{"rendered":"<p>[analyse_image type=&#8221;featured&#8221; src=&#8221;https:\/\/gazetabuzoiana.ro\/wp-content\/uploads\/2026\/08\/E-e1786115264555.jpg&#8221;] \u00cen ultimele zile, Gazeta Buzoian\u0103 a deschis o dezbatere la nivel local despre \u201eMarea B\u0103l\u0103ceal\u0103\u201d, prin dou\u0103 materiale \u00een care am criticat trei lucruri: locul ales, data \u0219i con\u021binutul evenimentului. Nu am contestat faptul c\u0103 e nevoie de distrac\u021bie pentru copii, am contestat ideea de a organiza o \u201eb\u0103l\u0103ceal\u0103\u201d pe Stadionul Gloria, [&hellip;]<\/p>\n","protected":false},"author":1,"featured_media":0,"comment_status":"open","ping_status":"","sticky":false,"template":"","format":"standard","meta":{"footnotes":""},"categories":[2],"tags":[226,38],"class_list":["post-2084341","post","type-post","status-publish","format-standard","hentry","category-politics","tag-crawlmanager","tag-gazetabuzoiana-ro"],"_links":{"self":[{"href":"https:\/\/analyse.optim.biz\/index.php?rest_route=\/wp\/v2\/posts\/2084341","targetHints":{"allow":["GET"]}}],"collection":[{"href":"https:\/\/analyse.optim.biz\/index.php?rest_route=\/wp\/v2\/posts"}],"about":[{"href":"https:\/\/analyse.optim.biz\/index.php?rest_route=\/wp\/v2\/types\/post"}],"author":[{"embeddable":true,"href":"https:\/\/analyse.optim.biz\/index.php?rest_route=\/wp\/v2\/users\/1"}],"replies":[{"embeddable":true,"href":"https:\/\/analyse.optim.biz\/index.php?rest_route=%2Fwp%2Fv2%2Fcomments&post=2084341"}],"version-history":[{"count":0,"href":"https:\/\/analyse.optim.biz\/index.php?rest_route=\/wp\/v2\/posts\/2084341\/revisions"}],"wp:attachment":[{"href":"https:\/\/analyse.optim.biz\/index.php?rest_route=%2Fwp%2Fv2%2Fmedia&parent=2084341"}],"wp:term":[{"taxonomy":"category","embeddable":true,"href":"https:\/\/analyse.optim.biz\/index.php?rest_route=%2Fwp%2Fv2%2Fcategories&post=2084341"},{"taxonomy":"post_tag","embeddable":true,"href":"https:\/\/analyse.optim.biz\/index.php?rest_route=%2Fwp%2Fv2%2Ftags&post=2084341"}],"curies":[{"name":"wp","href":"https:\/\/api.w.org\/{rel}","templated":true}]}}