{"id":2084213,"date":"2026-08-06T16:58:59","date_gmt":"2026-08-06T13:58:59","guid":{"rendered":"https:\/\/analyse.optim.biz\/?p=2084213"},"modified":"2026-08-06T16:58:59","modified_gmt":"2026-08-06T13:58:59","slug":"la-bujoreni-iluminatul-public-este-redus-temporar-pentru-scaderea-consumului-de-energie-electrica","status":"publish","type":"post","link":"https:\/\/analyse.optim.biz\/?p=2084213","title":{"rendered":"La Bujoreni, iluminatul public este redus temporar pentru sc\u0103derea consumului de energie electric\u0103"},"content":{"rendered":"<p>[analyse_image type=&#8221;featured&#8221; src=&#8221;https:\/\/www.impactreal.ro\/wp-content\/uploads\/2025\/01\/bujoreni-10-ian-2025.jpg&#8221;]<\/p>\n<div class=\"single-news-content\">\n<div class=\"news-image\"><img loading=\"lazy\" decoding=\"async\" width=\"1836\" height=\"1300\" src=\"https:\/\/www.impactreal.ro\/wp-content\/uploads\/2025\/01\/bujoreni-10-ian-2025.jpg\" class=\"img-responsive wp-post-image\" alt=\"La Bujoreni, iluminatul public este redus temporar pentru sc\u0103derea consumului de energie electric\u0103\"><\/div>\n<div class=\"news-detail clearfix\">\n<div class=\"entry-meta\"><span class=\"posted-date\"><a href=\"https:\/\/www.impactreal.ro\/2026\/08\/06\/la-bujoreni-iluminatul-public-este-redus-temporar-pentru-scaderea-consumului-de-energie-electrica\/\" rel=\"bookmark\"><time class=\"entry-date published\" datetime=\"2026-08-06T19:58:59+03:00\">6 august 2026<\/time><time class=\"updated\" datetime=\"2026-08-06T20:05:23+03:00\">6 august 2026<\/time><\/a><\/span><span class=\"author vcard\"><a href=\"https:\/\/www.impactreal.ro\/author\/claudia-schiopu\/\">Claudia Schiopu<\/a><\/span><span class=\"cat-links\"><a href=\"https:\/\/www.impactreal.ro\/category\/administratie\/\" rel=\"category tag\">Administra\u0163ie<\/a><a href=\"https:\/\/www.impactreal.ro\/category\/cele-mai-noi-stiri-despre-bujoreni-o-comuna-olteniana-cu-traditii-autentice-si-agricultura-prospera\/\" rel=\"category tag\">Bujoreni<\/a><\/span><\/div>\n<div class=\"news-content editor-content-entry\">\n<p><em>Prim\u0103ria Bujoreni a luat m\u0103suri temporare pentru reducerea consumului de energie electric\u0103. Luminile decorative folosite pentru iluminarea cl\u0103dirilor \u0219i a altor obiective publice pe timpul nop\u021bii au fost oprite. Pe str\u0103zile unde sistemul permite, intensitatea iluminatului public a fost redus\u0103 cu 50%. Primarul Gheorghe G\u00eengu explic\u0103 faptul c\u0103 re\u021beaua poate fi controlat\u0103 direct de la sediul Prim\u0103riei, iar m\u0103surile vor fi adaptate \u00een func\u021bie de evolu\u021bia situa\u021biei energetice<\/em>:<\/p>\n<p><em>\u201d\u00cen contextul dificult\u0103\u021bilor din sistemul energetic \u0219i al necesit\u0103\u021bii utiliz\u0103rii responsabile a resurselor, Prim\u0103ria Comunei Bujoreni a dispus o serie de m\u0103suri temporare pentru reducerea consumului de energie electric\u0103. \u00cen aceast\u0103 perioad\u0103, a fost oprit iluminatul arhitectural al obiectivelor publice, iar pe arterele unde infrastructura tehnic\u0103 permite acest lucru, intensitatea iluminatului public a fost redus\u0103 cu 50%. Aceste m\u0103suri au fost adoptate pentru a diminua consumul de energie, f\u0103r\u0103 a afecta \u00een mod semnificativ siguran\u021ba cet\u0103\u021benilor. Comuna Bujoreni se afl\u0103 \u00eentr-o pozi\u021bie favorabil\u0103 datorit\u0103 investi\u021biilor realizate \u00een ultimii ani pentru modernizarea sistemului de iluminat public. Prin implementarea tehnologiei LED, modernizarea punctelor de aprindere \u0219i achizi\u021bionarea unui sistem modern de telegestiune, putem controla \u0219i monitoriza \u00eentreaga re\u021bea direct de la sediul Prim\u0103riei. Acest sistem ne ofer\u0103 posibilitatea de a regla \u00een timp real intensitatea iluminatului public, \u00een func\u021bie de necesit\u0103\u021bi, ceea ce contribuie la reducerea consumului de energie \u0219i la diminuarea cheltuielilor din bugetul local, f\u0103r\u0103 a compromite func\u021bionalitatea serviciului. V\u0103 asigur c\u0103 aceste m\u0103suri sunt temporare \u0219i vor fi adaptate \u00een func\u021bie de evolu\u021bia situa\u021biei energetice. Prioritatea administra\u021biei locale r\u0103m\u00e2ne asigurarea unui echilibru \u00eentre utilizarea eficient\u0103 a resurselor publice \u0219i men\u021binerea unui nivel ridicat de siguran\u021b\u0103 \u0219i confort pentru to\u021bi locuitorii comunei. V\u0103 mul\u021bumesc pentru \u00een\u021belegere, spirit civic \u0219i solidaritate<\/em>\u201d a precizat primarul Comunei Bujoreni, Gheorghe G\u00eengu<\/p>\n<p>\u00a0<\/p>\n<p>\u00a0<\/p>\n<p>\u00a0<\/p>\n<p>\u00a0<\/p>\n<\/div>\n<\/div>\n<\/div>\n<div class=\"news-content editor-content-entry\">\n<p><em>Prim\u0103ria Bujoreni a luat m\u0103suri temporare pentru reducerea consumului de energie electric\u0103. Luminile decorative folosite pentru iluminarea cl\u0103dirilor \u0219i a altor obiective publice pe timpul nop\u021bii au fost oprite. Pe str\u0103zile unde sistemul permite, intensitatea iluminatului public a fost redus\u0103 cu 50%. Primarul Gheorghe G\u00eengu explic\u0103 faptul c\u0103 re\u021beaua poate fi controlat\u0103 direct de la sediul Prim\u0103riei, iar m\u0103surile vor fi adaptate \u00een func\u021bie de evolu\u021bia situa\u021biei energetice<\/em>:<\/p>\n<p><em>\u201d\u00cen contextul dificult\u0103\u021bilor din sistemul energetic \u0219i al necesit\u0103\u021bii utiliz\u0103rii responsabile a resurselor, Prim\u0103ria Comunei Bujoreni a dispus o serie de m\u0103suri temporare pentru reducerea consumului de energie electric\u0103. \u00cen aceast\u0103 perioad\u0103, a fost oprit iluminatul arhitectural al obiectivelor publice, iar pe arterele unde infrastructura tehnic\u0103 permite acest lucru, intensitatea iluminatului public a fost redus\u0103 cu 50%. Aceste m\u0103suri au fost adoptate pentru a diminua consumul de energie, f\u0103r\u0103 a afecta \u00een mod semnificativ siguran\u021ba cet\u0103\u021benilor. Comuna Bujoreni se afl\u0103 \u00eentr-o pozi\u021bie favorabil\u0103 datorit\u0103 investi\u021biilor realizate \u00een ultimii ani pentru modernizarea sistemului de iluminat public. Prin implementarea tehnologiei LED, modernizarea punctelor de aprindere \u0219i achizi\u021bionarea unui sistem modern de telegestiune, putem controla \u0219i monitoriza \u00eentreaga re\u021bea direct de la sediul Prim\u0103riei. Acest sistem ne ofer\u0103 posibilitatea de a regla \u00een timp real intensitatea iluminatului public, \u00een func\u021bie de necesit\u0103\u021bi, ceea ce contribuie la reducerea consumului de energie \u0219i la diminuarea cheltuielilor din bugetul local, f\u0103r\u0103 a compromite func\u021bionalitatea serviciului. V\u0103 asigur c\u0103 aceste m\u0103suri sunt temporare \u0219i vor fi adaptate \u00een func\u021bie de evolu\u021bia situa\u021biei energetice. Prioritatea administra\u021biei locale r\u0103m\u00e2ne asigurarea unui echilibru \u00eentre utilizarea eficient\u0103 a resurselor publice \u0219i men\u021binerea unui nivel ridicat de siguran\u021b\u0103 \u0219i confort pentru to\u021bi locuitorii comunei. V\u0103 mul\u021bumesc pentru \u00een\u021belegere, spirit civic \u0219i solidaritate<\/em>\u201d a precizat primarul Comunei Bujoreni, Gheorghe G\u00eengu<\/p>\n<p>\u00a0<\/p>\n<p>\u00a0<\/p>\n<p>\u00a0<\/p>\n<p>\u00a0<\/p>\n<\/div>\n<div class=\"news-content editor-content-entry\">\n<p><em>Prim\u0103ria Bujoreni a luat m\u0103suri temporare pentru reducerea consumului de energie electric\u0103. Luminile decorative folosite pentru iluminarea cl\u0103dirilor \u0219i a altor obiective publice pe timpul nop\u021bii au fost oprite. Pe str\u0103zile unde sistemul permite, intensitatea iluminatului public a fost redus\u0103 cu 50%. Primarul Gheorghe G\u00eengu explic\u0103 faptul c\u0103 re\u021beaua poate fi controlat\u0103 direct de la sediul Prim\u0103riei, iar m\u0103surile vor fi adaptate \u00een func\u021bie de evolu\u021bia situa\u021biei energetice<\/em>:<\/p>\n<p><em>\u201d\u00cen contextul dificult\u0103\u021bilor din sistemul energetic \u0219i al necesit\u0103\u021bii utiliz\u0103rii responsabile a resurselor, Prim\u0103ria Comunei Bujoreni a dispus o serie de m\u0103suri temporare pentru reducerea consumului de energie electric\u0103. \u00cen aceast\u0103 perioad\u0103, a fost oprit iluminatul arhitectural al obiectivelor publice, iar pe arterele unde infrastructura tehnic\u0103 permite acest lucru, intensitatea iluminatului public a fost redus\u0103 cu 50%. Aceste m\u0103suri au fost adoptate pentru a diminua consumul de energie, f\u0103r\u0103 a afecta \u00een mod semnificativ siguran\u021ba cet\u0103\u021benilor. Comuna Bujoreni se afl\u0103 \u00eentr-o pozi\u021bie favorabil\u0103 datorit\u0103 investi\u021biilor realizate \u00een ultimii ani pentru modernizarea sistemului de iluminat public. Prin implementarea tehnologiei LED, modernizarea punctelor de aprindere \u0219i achizi\u021bionarea unui sistem modern de telegestiune, putem controla \u0219i monitoriza \u00eentreaga re\u021bea direct de la sediul Prim\u0103riei. Acest sistem ne ofer\u0103 posibilitatea de a regla \u00een timp real intensitatea iluminatului public, \u00een func\u021bie de necesit\u0103\u021bi, ceea ce contribuie la reducerea consumului de energie \u0219i la diminuarea cheltuielilor din bugetul local, f\u0103r\u0103 a compromite func\u021bionalitatea serviciului. V\u0103 asigur c\u0103 aceste m\u0103suri sunt temporare \u0219i vor fi adaptate \u00een func\u021bie de evolu\u021bia situa\u021biei energetice. Prioritatea administra\u021biei locale r\u0103m\u00e2ne asigurarea unui echilibru \u00eentre utilizarea eficient\u0103 a resurselor publice \u0219i men\u021binerea unui nivel ridicat de siguran\u021b\u0103 \u0219i confort pentru to\u021bi locuitorii comunei. V\u0103 mul\u021bumesc pentru \u00een\u021belegere, spirit civic \u0219i solidaritate<\/em>\u201d a precizat primarul Comunei Bujoreni, Gheorghe G\u00eengu<\/p>\n<p>\u00a0<\/p>\n<p>\u00a0<\/p>\n<p>\u00a0<\/p>\n<p>\u00a0<\/p>\n<\/div>\n<p>[analyse_source url=&#8221;https:\/\/www.impactreal.ro\/2026\/08\/06\/la-bujoreni-iluminatul-public-este-redus-temporar-pentru-scaderea-consumului-de-energie-electrica\/&#8221;]<\/p>\n","protected":false},"excerpt":{"rendered":"<p>[analyse_image type=&#8221;featured&#8221; src=&#8221;https:\/\/www.impactreal.ro\/wp-content\/uploads\/2025\/01\/bujoreni-10-ian-2025.jpg&#8221;] 6 august 20266 august 2026Claudia SchiopuAdministra\u0163ieBujoreni Prim\u0103ria Bujoreni a luat m\u0103suri temporare pentru reducerea consumului de energie electric\u0103. Luminile decorative folosite pentru iluminarea cl\u0103dirilor \u0219i a altor obiective publice pe timpul nop\u021bii au fost oprite. Pe str\u0103zile unde sistemul permite, intensitatea iluminatului public a fost redus\u0103 cu 50%. Primarul Gheorghe G\u00eengu explic\u0103 [&hellip;]<\/p>\n","protected":false},"author":1,"featured_media":0,"comment_status":"open","ping_status":"","sticky":false,"template":"","format":"standard","meta":{"footnotes":""},"categories":[89],"tags":[226,212],"class_list":["post-2084213","post","type-post","status-publish","format-standard","hentry","category-romania","tag-crawlmanager","tag-impactreal-ro"],"_links":{"self":[{"href":"https:\/\/analyse.optim.biz\/index.php?rest_route=\/wp\/v2\/posts\/2084213","targetHints":{"allow":["GET"]}}],"collection":[{"href":"https:\/\/analyse.optim.biz\/index.php?rest_route=\/wp\/v2\/posts"}],"about":[{"href":"https:\/\/analyse.optim.biz\/index.php?rest_route=\/wp\/v2\/types\/post"}],"author":[{"embeddable":true,"href":"https:\/\/analyse.optim.biz\/index.php?rest_route=\/wp\/v2\/users\/1"}],"replies":[{"embeddable":true,"href":"https:\/\/analyse.optim.biz\/index.php?rest_route=%2Fwp%2Fv2%2Fcomments&post=2084213"}],"version-history":[{"count":0,"href":"https:\/\/analyse.optim.biz\/index.php?rest_route=\/wp\/v2\/posts\/2084213\/revisions"}],"wp:attachment":[{"href":"https:\/\/analyse.optim.biz\/index.php?rest_route=%2Fwp%2Fv2%2Fmedia&parent=2084213"}],"wp:term":[{"taxonomy":"category","embeddable":true,"href":"https:\/\/analyse.optim.biz\/index.php?rest_route=%2Fwp%2Fv2%2Fcategories&post=2084213"},{"taxonomy":"post_tag","embeddable":true,"href":"https:\/\/analyse.optim.biz\/index.php?rest_route=%2Fwp%2Fv2%2Ftags&post=2084213"}],"curies":[{"name":"wp","href":"https:\/\/api.w.org\/{rel}","templated":true}]}}