{"id":2084182,"date":"2026-08-08T08:31:27","date_gmt":"2026-08-08T05:31:27","guid":{"rendered":"https:\/\/analyse.optim.biz\/?p=2084182"},"modified":"2026-08-08T08:31:27","modified_gmt":"2026-08-08T05:31:27","slug":"zalujnii-isi-explica-declaratiile-despre-nato-sustin-alianta-dar-ea-trebuie-sa-se-reformeze-rusia-a-invatat-sa-contracareze-aproape-toate-armele","status":"publish","type":"post","link":"https:\/\/analyse.optim.biz\/?p=2084182","title":{"rendered":"Zalujn\u00eei \u00ee\u0219i explic\u0103 declara\u021biile despre NATO: \u201eSus\u021bin Alian\u021ba, dar ea trebuie s\u0103 se reformeze. Rusia a \u00eenv\u0103\u021bat s\u0103 contracareze aproape toate armele"},"content":{"rendered":"<p>[analyse_image type=&#8221;featured&#8221; src=&#8221;https:\/\/radiogoldfm.ro\/wp-content\/uploads\/2026\/08\/valeri_zalujnii_070826-768&#215;513-1.jpghttps:\/\/radiogoldfm.ro\/wp-content\/uploads\/2026\/08\/valeri_zalujnii_070826-768&#215;513-1.jpg&#8221;]<\/p>\n<div class=\"qt-the-content\">\n<p>Ambasadorul Ucrainei \u00een Regatul Unit \u0219i fostul comandant-\u0219ef al For\u021belor Armate ale Ucrainei, Valeri Zalujn\u00eei, a declarat c\u0103 r\u0103m\u00e2ne un sus\u021bin\u0103tor al ader\u0103rii la NATO, \u00eens\u0103 consider\u0103 c\u0103 Alian\u021ba trebuie s\u0103 \u00ee\u0219i reformeze doctrina \u0219i standardele militare pentru a r\u0103spunde noilor realit\u0103\u021bi ale r\u0103zboiului modern.<\/p>\n<p>Declara\u021biile au fost f\u0103cute \u00een cadrul unui club diplomatic organizat la Kiev, unde Zalujn\u00eei a fost \u00eentrebat despre\u00a0<a href=\"https:\/\/ziua.md\/zalujnii-ucraina-nu-va-adera-niciodata-la-nato-fostul-comandant-al-armatei-cere-un-nou-bloc-militar-european\/\">afirma\u021biile sale recente<\/a>\u00a0privind perspectivele ader\u0103rii Ucrainei la NATO.<\/p>\n<p>Generalul a amintit c\u0103, \u00een 2019, a fost unul dintre principalii promotori ai reformelor prin care armata ucrainean\u0103 a \u00eenceput trecerea la standardele NATO.<\/p>\n<p>\u201e\u00cen fa\u021ba dumneavoastr\u0103 se afl\u0103 omul care, \u00een 2019, a elaborat reforma \u0219i modific\u0103rile a aproape 37 de acte legislative pentru trecerea sistemului de comand\u0103 strategic\u0103 al Ucrainei la principiile \u0219i standardele NATO. Mi-am f\u0103cut foarte mul\u021bi du\u0219mani din aceast\u0103 cauz\u0103. Eu sunt pentru NATO\u201d, a declarat Zalujn\u00eei, citat de\u00a0<a href=\"https:\/\/ru.interfax.com.ua\/news\/political\/1191058.html\">Interfax Ucraina<\/a>.<\/p>\n<p>Totu\u0219i, el a sus\u021binut c\u0103 r\u0103zboiul din Ucraina a demonstrat limitele actualei doctrine a Alian\u021bei.<\/p>\n<blockquote class=\"wp-block-quote is-layout-flow wp-block-quote-is-layout-flow\">\n<p>\u201eDin punct de vedere politic, NATO ridic\u0103 multe semne de \u00eentrebare, fiind un bloc care a protejat vechea ordine mondial\u0103. \u00cen 2026, Ucraina a folosit aproape toate tipurile de armament aflate \u00een dotarea NATO, cu excep\u021bia rachetelor Tomahawk, armelor nucleare, portavioanelor \u0219i avioanelor F-35. Resursele au fost epuizate, iar Rusia a g\u0103sit contram\u0103suri pentru toate acestea\u201d, a afirmat fostul comandant al armatei ucrainene.<\/p>\n<\/blockquote>\n<p>Potrivit acestuia, Alian\u021ba continu\u0103 s\u0103 se bazeze pe doctrine militare mo\u0219tenite din perioada celui de-Al Doilea R\u0103zboi Mondial, \u00een timp ce r\u0103zboiul din Ucraina a accelerat dezvoltarea tehnologiilor \u0219i tacticilor de lupt\u0103.<\/p>\n<blockquote class=\"wp-block-quote is-layout-flow wp-block-quote-is-layout-flow\">\n<p>\u201eNATO se afl\u0103 \u00eenc\u0103 \u00een doctrina de la sf\u00e2r\u0219itul celui de-Al Doilea R\u0103zboi Mondial, iar noi suntem \u00eenainte din punct de vedere tehnologic. Progresul tehnico-\u0219tiin\u021bific \u0219i r\u0103zboiul au dus For\u021bele Armate ale Ucrainei la un nivel complet diferit. NATO nu are alt\u0103 op\u021biune dec\u00e2t s\u0103 adopte standarde \u0219i o doctrin\u0103 militar\u0103 complet noi\u201d, a spus Zalujn\u00eei.<\/p>\n<\/blockquote>\n<p>El a reiterat \u0219i ideea cre\u0103rii unui nou bloc european de securitate, men\u021bion\u00e2nd For\u021ba Expedi\u021bionar\u0103 Comun\u0103 (JEF), condus\u0103 de Marea Britanie, drept un exemplu de structur\u0103 militar\u0103 promi\u021b\u0103toare.<\/p>\n<blockquote class=\"wp-block-quote is-layout-flow wp-block-quote-is-layout-flow\">\n<p>\u201eAvem nevoie de un bloc de ap\u0103rare complet nou, cel mai probabil cu o baz\u0103 teritorial\u0103 european\u0103\u201d, a declarat acesta.<\/p>\n<\/blockquote>\n<p>Zalujn\u00eei a precizat c\u0103 particip\u0103 \u00een mod regulat la exerci\u021biile de comandament \u0219i stat major ale NATO desf\u0103\u0219urate \u00een Marea Britanie \u0219i apreciaz\u0103 cultura militar\u0103 a Alian\u021bei, \u00eens\u0103 insist\u0103 c\u0103 aceasta trebuie s\u0103 se adapteze amenin\u021b\u0103rilor actuale.<\/p>\n<blockquote class=\"wp-block-quote is-layout-flow wp-block-quote-is-layout-flow\">\n<p>\u201eUcraina lupt\u0103 \u00eempotriva Rusiei f\u0103r\u0103 a fi membr\u0103 NATO. S\u0103 spun\u0103 sincer cei din NATO dac\u0103 sunt preg\u0103ti\u021bi s\u0103 lupte \u00eempotriva Rusiei f\u0103r\u0103 experien\u021ba acumulat\u0103 de Ucraina\u201d, a afirmat ambasadorul.<\/p>\n<\/blockquote>\n<p>Declara\u021biile sale au provocat reac\u021bii la Kiev, dup\u0103 ce presa a relatat c\u0103 Zalujn\u00eei ar fi spus c\u0103 Ucraina \u201enu va adera niciodat\u0103 la NATO\u201d. Ministerul ucrainean de Externe a sus\u021binut c\u0103 afirma\u021biile au fost scoase din context \u0219i a subliniat c\u0103 pozi\u021bia oficial\u0103 a Ucrainei privind aderarea la Alian\u021ba Nord-Atlantic\u0103 r\u0103m\u00e2ne neschimbat\u0103.<\/p>\n<p>Purt\u0103torul de cuv\u00e2nt al MAE ucrainean, Gheorghi Tihii, a declarat c\u0103 \u00een prezent nu exist\u0103 o alternativ\u0103 viabil\u0103 la NATO ca sistem de securitate colectiv\u0103 \u0219i c\u0103 obiectivul ader\u0103rii Ucrainei la Alian\u021b\u0103 r\u0103m\u00e2ne unul strategic.<\/p>\n<p><em><strong>surs\u0103: <a href=\"https:\/\/ziua.md\/zalujnii-isi-explica-declaratiile-despre-nato-sustin-alianta-dar-ea-trebuie-sa-se-reformeze-rusia-a-invatat-sa-contracareze-aproape-toate-armele\/\">ziua.md<\/a><\/strong><\/em><\/p>\n<div class=\"tagcloud qt-spacer-m\"><span class=\"qt-title\">Tagged as <\/span><a href=\"https:\/\/radiogoldfm.ro\/tag\/gold-fm\/\" rel=\"tag\">GOLD FM<\/a><a href=\"https:\/\/radiogoldfm.ro\/tag\/nato\/\" rel=\"tag\">nato<\/a><a href=\"https:\/\/radiogoldfm.ro\/tag\/romania\/\" rel=\"tag\">romania<\/a><a href=\"https:\/\/radiogoldfm.ro\/tag\/ucraina\/\" rel=\"tag\">ucraina<\/a><a href=\"https:\/\/radiogoldfm.ro\/tag\/zalujni\/\" rel=\"tag\">zalujni<\/a><\/div>\n<div class=\"qt-post-author qt-card\">\n<div class=\"row\">\n<div class=\"qt-post-author-data col s10 m7 l7\">\n<h6>Profil<\/h6>\n<h4><a href=\"https:\/\/radiogoldfm.ro\/zalujnii-isi-explica-declaratiile-despre-nato-sustin-alianta-dar-ea-trebuie-sa-se-reformeze-rusia-a-invatat-sa-contracareze-aproape-toate-armele\/#author_page\">Gold FM Radio<\/a><\/h4>\n<\/div>\n<div class=\"qt-post-author-link col s12 m3 l4 \"><a href=\"https:\/\/radiogoldfm.ro\/author\/gold-fm\/\" class=\"qt-btn qt-btn-large qt-btn-primary aligncenter\">Arhiva postari<\/a><\/div>\n<\/div>\n<\/div>\n<\/div>\n<p>[analyse_source url=&#8221;https:\/\/radiogoldfm.ro\/zalujnii-isi-explica-declaratiile-despre-nato-sustin-alianta-dar-ea-trebuie-sa-se-reformeze-rusia-a-invatat-sa-contracareze-aproape-toate-armele\/&#8221;]<\/p>\n","protected":false},"excerpt":{"rendered":"<p>[analyse_image type=&#8221;featured&#8221; src=&#8221;https:\/\/radiogoldfm.ro\/wp-content\/uploads\/2026\/08\/valeri_zalujnii_070826-768&#215;513-1.jpghttps:\/\/radiogoldfm.ro\/wp-content\/uploads\/2026\/08\/valeri_zalujnii_070826-768&#215;513-1.jpg&#8221;] Ambasadorul Ucrainei \u00een Regatul Unit \u0219i fostul comandant-\u0219ef al For\u021belor Armate ale Ucrainei, Valeri Zalujn\u00eei, a declarat c\u0103 r\u0103m\u00e2ne un sus\u021bin\u0103tor al ader\u0103rii la NATO, \u00eens\u0103 consider\u0103 c\u0103 Alian\u021ba trebuie s\u0103 \u00ee\u0219i reformeze doctrina \u0219i standardele militare pentru a r\u0103spunde noilor realit\u0103\u021bi ale r\u0103zboiului modern. Declara\u021biile au fost f\u0103cute \u00een cadrul unui [&hellip;]<\/p>\n","protected":false},"author":1,"featured_media":0,"comment_status":"open","ping_status":"","sticky":false,"template":"","format":"standard","meta":{"footnotes":""},"categories":[89],"tags":[226,96],"class_list":["post-2084182","post","type-post","status-publish","format-standard","hentry","category-romania","tag-crawlmanager","tag-radiogoldfm-ro"],"_links":{"self":[{"href":"https:\/\/analyse.optim.biz\/index.php?rest_route=\/wp\/v2\/posts\/2084182","targetHints":{"allow":["GET"]}}],"collection":[{"href":"https:\/\/analyse.optim.biz\/index.php?rest_route=\/wp\/v2\/posts"}],"about":[{"href":"https:\/\/analyse.optim.biz\/index.php?rest_route=\/wp\/v2\/types\/post"}],"author":[{"embeddable":true,"href":"https:\/\/analyse.optim.biz\/index.php?rest_route=\/wp\/v2\/users\/1"}],"replies":[{"embeddable":true,"href":"https:\/\/analyse.optim.biz\/index.php?rest_route=%2Fwp%2Fv2%2Fcomments&post=2084182"}],"version-history":[{"count":0,"href":"https:\/\/analyse.optim.biz\/index.php?rest_route=\/wp\/v2\/posts\/2084182\/revisions"}],"wp:attachment":[{"href":"https:\/\/analyse.optim.biz\/index.php?rest_route=%2Fwp%2Fv2%2Fmedia&parent=2084182"}],"wp:term":[{"taxonomy":"category","embeddable":true,"href":"https:\/\/analyse.optim.biz\/index.php?rest_route=%2Fwp%2Fv2%2Fcategories&post=2084182"},{"taxonomy":"post_tag","embeddable":true,"href":"https:\/\/analyse.optim.biz\/index.php?rest_route=%2Fwp%2Fv2%2Ftags&post=2084182"}],"curies":[{"name":"wp","href":"https:\/\/api.w.org\/{rel}","templated":true}]}}