{"id":2084181,"date":"2026-08-08T14:29:00","date_gmt":"2026-08-08T11:29:00","guid":{"rendered":"https:\/\/analyse.optim.biz\/?p=2084181"},"modified":"2026-08-08T14:29:00","modified_gmt":"2026-08-08T11:29:00","slug":"pr-adrian-agachi-bor-dupa-ce-sadhguru-a-urcat-pe-scena-untold-nu-dragilor-fara-oameni-planeta-nu-ar-fi-mai-buna-planeta-si-ar-rata-definitiv-scopul","status":"publish","type":"post","link":"https:\/\/analyse.optim.biz\/?p=2084181","title":{"rendered":"Pr. Adrian Agachi (BOR), dup\u0103 ce Sadhguru a urcat pe scena UNTOLD: Nu, dragilor, f\u0103r\u0103 oameni planeta nu ar fi mai bun\u0103, planeta \u0219i-ar rata definitiv scopul!"},"content":{"rendered":"<p>[analyse_image type=&#8221;featured&#8221; src=&#8221;https:\/\/r3media.ro\/wp-content\/uploads\/2026\/04\/adrian-agachi-e1779293888583.pnghttps:\/\/r3media.ro\/wp-content\/uploads\/2026\/04\/adrian-agachi-e1779293888583.png&#8221;]<\/p>\n<article id=\"template-id-109\" class=\"post-109 tdb_templates type-tdb_templates status-publish post\">\n<div id=\"tdi_2\" class=\"tdc-zone\">\n<div class=\"tdc_zone tdi_3  wpb_row td-pb-row\">\n<div id=\"tdi_4\" class=\"tdc-row\">\n<div class=\"vc_row tdi_5  wpb_row td-pb-row\">\n<div class=\"vc_column tdi_7  wpb_column vc_column_container tdc-column td-pb-span8\">\n<div class=\"wpb_wrapper\">\n<div class=\"td_block_wrap tdb_breadcrumbs tdi_8 td-pb-border-top td_block_template_1 tdb-breadcrumbs \" data-td-block-uid=\"tdi_8\">\n<div class=\"tdb-block-inner td-fix-index\"><span><a title=\"Vede\u021bi toate articolele \u00een FEATURED\" class=\"tdb-entry-crumb\" href=\"https:\/\/r3media.ro\/category\/featured\/\">FEATURED<\/a><\/span><span class=\"tdb-bred-no-url-last\">Pr. Adrian Agachi (BOR), dup\u0103 ce Sadhguru a urcat pe scena UNTOLD:&#8230;<\/span><\/div>\n<\/div>\n<div class=\"td_block_wrap tdb_single_categories tdi_9 td-pb-border-top td_block_template_1 \" data-td-block-uid=\"tdi_9\">\n<div class=\"tdb-category td-fix-index\"><a class=\"tdb-entry-category\" href=\"https:\/\/r3media.ro\/category\/featured\/\">FEATURED<\/a><a class=\"tdb-entry-category\" href=\"https:\/\/r3media.ro\/category\/stiri\/\">\u0218TIRI<\/a><\/div>\n<\/div>\n<div class=\"td_block_wrap tdb_title tdi_10 tdb-single-title td-pb-border-top td_block_template_1\" data-td-block-uid=\"tdi_10\">\n<div class=\"tdb-block-inner td-fix-index\">\n<h1 class=\"tdb-title-text\">Pr. Adrian Agachi (BOR), dup\u0103 ce Sadhguru a urcat pe scena UNTOLD: Nu, dragilor, f\u0103r\u0103 oameni planeta nu ar fi mai bun\u0103, planeta \u0219i-ar rata definitiv scopul!<\/h1>\n<\/div>\n<\/div>\n<div class=\"vc_row_inner tdi_12  vc_row vc_inner wpb_row td-pb-row\">\n<div class=\"vc_column_inner tdi_14  wpb_column vc_column_container tdc-inner-column td-pb-span12\">\n<div class=\"vc_column-inner\">\n<div class=\"wpb_wrapper\">\n<div class=\"td_block_wrap tdb_single_author tdi_15 td-pb-border-top td_block_template_1 tdb-post-meta\" data-td-block-uid=\"tdi_15\">\n<div class=\"tdb-block-inner td-fix-index\">\n<div class=\"tdb-author-name-wrap\"><a class=\"tdb-author-name\" href=\"https:\/\/r3media.ro\/author\/oana\/\">Oana Ivan<\/a><\/div>\n<\/div>\n<\/div>\n<div class=\"td_block_wrap tdb_single_date tdi_16 td-pb-border-top td_block_template_1 tdb-post-meta\" data-td-block-uid=\"tdi_16\">\n<div class=\"tdb-block-inner td-fix-index\"><time class=\"entry-date updated td-module-date\" datetime=\"2026-08-08T17:29:00+03:00\">08\/08\/2026<\/time><\/div>\n<\/div>\n<\/div>\n<\/div>\n<\/div>\n<\/div>\n<div class=\"td_block_wrap tdb_single_content tdi_18 td-pb-border-top td_block_template_1 td-post-content tagdiv-type\" data-td-block-uid=\"tdi_18\">\n<div class=\"tdb-block-inner td-fix-index\">\n<p><strong>Purt\u0103torul de cuv\u00e2nt al BOR, Adrian Agachi, reac\u021bioneaz\u0103 \u00een urma comentariilor de la Cluj-Napoca. Guru new age a spus <a href=\"https:\/\/r3media.ro\/untold-sadghuru-new-age-schimbarea-la-fata\/\" target=\"_blank\" rel=\"noopener\">pe scena UNTOLD<\/a> c\u0103\u00a0\u201eF\u0103r\u0103 oameni, aceast\u0103 planet\u0103 ar fi fantastic\u0103\u201d.<\/strong><\/p>\n<p>Comentariul a fost comb\u0103tut \u00een cel mai cre\u0219tin mod cu putin\u021b\u0103 de pr. Adrian Agachi.<\/p>\n<p>\u201eNu citez din vreun proces-verbal al unui regim totalitar, ci din discursul \u201espiritual\u201d rostit de Sadhguru, un \u201emaestru yoghin\u201d, pe scena festivalului <a href=\"https:\/\/r3media.ro\/tag\/untold\/\" target=\"_blank\" rel=\"noopener\"><strong>UNTOLD<\/strong><\/a> de la Cluj, chiar de praznicul Schimb\u0103rii la Fa\u021b\u0103.<\/p>\n<p>Nu, dragilor, f\u0103r\u0103 oameni planeta nu ar fi mai bun\u0103, planeta \u0219i-ar rata definitiv scopul!<\/p>\n<p>Pentru c\u0103 lumea a fost creat\u0103 de Dumnezeu din dragoste fa\u021b\u0103 de om. Este un dar de inestimabil\u0103 valoare pentru cea mai de pre\u021b crea\u021bie a Sa!<\/p>\n<h2><strong>Adrian Agachi (BOR): La ce ne puteam a\u0219tepta anul acesta?<\/strong><\/h2>\n<p>\u00a0<\/p>\n<p>Chiar dac\u0103 omenirea ar fi alc\u0103tuit\u0103 exclusiv din fiin\u021be umane care \u0219i-au ratat voca\u021bia de a fi bune, \u00een\u021belepte, \u00een\u021beleg\u0103toare sau iubitoare, \u00eentregul univers ar fi de mai pu\u021bin pre\u021b \u00een ochii lui Dumnezeu dec\u00e2t sufletul celui mai tic\u0103lo\u0219it om!<\/p>\n<p>M\u00e2ntuitorul ne spune: \u201eCe-i va folosi omului, dac\u0103 va c\u00e2\u015ftiga lumea \u00eentreag\u0103, iar sufletul s\u0103u \u00eel va pierde? Sau ce va da omul \u00een schimb pentru sufletul s\u0103u?\u201d (Matei 16, 26).<\/p>\n<p>\u00centregul univers nu pre\u021buie\u0219te c\u00e2t un singur suflet, oric\u00e2t de p\u0103c\u0103tos ar fi acesta.<\/p>\n<p>\u0218i, \u00een loc s\u0103 ne \u00eemp\u0103rt\u0103\u0219im de dragostea \u0219i delicate\u021bea lui Dumnezeu, ascult\u0103m mesaje pseudo-spirituale, care nu doar c\u0103 nu ne ajut\u0103, ci pot conduce la o grav\u0103 estompare a discern\u0103m\u00e2ntului \u00eentre bine \u0219i r\u0103u, \u00eentre lumin\u0103 \u0219i \u00eentuneric, \u00eentre via\u021b\u0103 \u0219i moarte.<\/p>\n<p>Dar, dup\u0103 batjocorirea simbolurilor religioase cre\u0219tine de la Untold de anul trecut, la ce ne puteam a\u0219tepta \u00een acest an?\u201c, a scris <a href=\"https:\/\/r3media.ro\/tag\/adrian-agachi\/\" target=\"_blank\" rel=\"noopener\"><strong>Adrian Agachi<\/strong><\/a>.<\/p>\n<div class=\"crp_related     crp-masonry\">\n<h2>\u00ceN CONTEXT<\/h2>\n<ul>\n<li><a href=\"https:\/\/r3media.ro\/fara-tine-in-google-r3media-dispare-iata-ce-poti-face-in-10-secunde\/\" class=\"crp_link post-119031\"><span class=\"crp_title\">F\u0103r\u0103 tine \u00een Google, R3media dispare. Iat\u0103 ce po\u021bi face \u00een 10 secunde<\/span><\/a><\/li>\n<li><a href=\"https:\/\/r3media.ro\/untold-sadghuru-new-age-schimbarea-la-fata\/\" class=\"crp_link post-120984\"><span class=\"crp_title\">VIDEO | UNTOLD a adus un guru new age pe scen\u0103, \u00een ziua Schimb\u0103rii la Fa\u021b\u0103. UNTOLD ofer\u0103\u2026<\/span><\/a><\/li>\n<li><a href=\"https:\/\/r3media.ro\/adrian-agachi-raspuns-adrian-papahagi-crezul-ortodox\/\" class=\"crp_link post-116598\"><span class=\"crp_title\">Pr. Adrian Agachi i-a r\u0103spuns lui Adrian Papahagi: Crezul Bisericii Ortodoxe nu este un text\u2026<\/span><\/a><\/li>\n<li><a href=\"https:\/\/r3media.ro\/adrian-agachi-bor-vasile-basnescu\/\" class=\"crp_link post-116028\"><span class=\"crp_title\">Adrian Agachi (BOR): Adev\u0103ratele inten\u021bii ale domnului Vasile B\u0103nescu devin tot mai str\u0103ine\u2026<\/span><\/a><\/li>\n<li><a href=\"https:\/\/r3media.ro\/blasfemie-la-untold-2025-festival-cruci-intoarse-mantuitor-patriarhia-romana-reactie-adrian-agachi-iarta-doamna\/\" class=\"crp_link post-112279\"><span class=\"crp_title\">VIDEO | \u201eBlasfemie de ne\u00eendurat\u201c la UNTOLD 2025: \u00cen timpul festivalului au fost afi\u0219ate\u2026<\/span><\/a><\/li>\n<li><a href=\"https:\/\/r3media.ro\/parinte-adrian-agachi-reactie-declaratii-ora-de-religie-corina-atanasiu-usr-totalitarism\/\" class=\"crp_link post-120119\"><span class=\"crp_title\">P\u0103rintele Adrian Agachi a reac\u021bionat la afirma\u021biile despre ora de Religie f\u0103cute de Corina\u2026<\/span><\/a><\/li>\n<li><a href=\"https:\/\/r3media.ro\/adrian-agachi-sfinti-rechizitorii-acuzare-problema\/\" class=\"crp_link post-119124\"><span class=\"crp_title\">Pr. Adrian Agachi: Dac\u0103 Sfin\u021bii au ajuns s\u0103 fie men\u021biona\u021bi \u00een rechizitorii ca probe ale\u2026<\/span><\/a><\/li>\n<li><a href=\"https:\/\/r3media.ro\/episcopul-iustin-al-maramuresului-critic-cu-festivalurile-untold-si-neversea-au-elemente-demonice-droguri-alcool-desfrau-ce-fel-de-conducatori-avem\/\" class=\"crp_link post-112303\"><span class=\"crp_title\">VIDEO | Episcopul Iustin al Maramure\u0219ului, critic cu festivalurile Untold \u0219i Neversea: Au\u2026<\/span><\/a><\/li>\n<\/ul>\n<\/div>\n<\/div>\n<\/div>\n<div class=\"td_block_wrap tdb_single_tags tdi_19 td-pb-border-top td_block_template_1\" data-td-block-uid=\"tdi_19\">\n<div class=\"tdb-block-inner td-fix-index\">\n<ul class=\"tdb-tags\">\n<li><span>SUBIECTE FIERBIN\u021aI<\/span><\/li>\n<li><a href=\"https:\/\/r3media.ro\/tag\/adrian-agachi\/\">adrian agachi<\/a><\/li>\n<li><a href=\"https:\/\/r3media.ro\/tag\/sadhguru\/\">Sadhguru<\/a><\/li>\n<li><a href=\"https:\/\/r3media.ro\/tag\/untold\/\">untold<\/a><\/li>\n<\/ul>\n<\/div>\n<\/div>\n<div class=\"td_block_wrap td_block_9 tdi_20 td_with_ajax_pagination td-pb-border-top td_block_template_1 td-column-2 td_block_padding td_block_bot_line\" data-td-block-uid=\"tdi_20\">\n<div class=\"td-block-title-wrap\">\n<h4 class=\"block-title td-block-title\"><span class=\"td-pulldown-size\">CITE\u0218TE MAI MULT<\/span><\/h4>\n<\/div>\n<div id=\"tdi_20\" class=\"td_block_inner\">\n<div class=\"td-block-row\">\n<div class=\"td-block-span6\">\n<div class=\"td_module_8 td_module_wrap\">\n<div class=\"item-details\">\n<h3 class=\"entry-title td-module-title\"><a href=\"https:\/\/r3media.ro\/show-iluzie-si-realitate-de-la-the-truman-show-la-son-of-a-rich\/\" rel=\"bookmark\" title=\"Show, iluzie \u0219i realitate: de la The Truman Show la Son of a Rich\">Show, iluzie \u0219i realitate: de la The Truman Show la Son of a Rich<\/a><\/h3>\n<div class=\"td-module-meta-info\"><a href=\"https:\/\/r3media.ro\/category\/opinii\/\" class=\"td-post-category\">OPINII<\/a><span class=\"td-post-author-name\"><a href=\"https:\/\/r3media.ro\/author\/costi_balasoiu\/\">Constantin B\u0103l\u0103\u0219oiu<\/a><span>&#8211;<\/span><\/span><span class=\"td-post-date\"><time class=\"entry-date updated td-module-date\" datetime=\"2026-08-08T15:30:25+03:00\">08\/08\/2026<\/time><\/span><\/div>\n<\/div>\n<\/div>\n<\/div>\n<div class=\"td-block-span6\">\n<div class=\"td_module_8 td_module_wrap\">\n<div class=\"item-details\">\n<h3 class=\"entry-title td-module-title\"><a href=\"https:\/\/r3media.ro\/kia-recheama-service-prima-generatie-masini-electrice-e-niro-risc-incendiu\/\" rel=\"bookmark\" title=\"Kia recheam\u0103 \u00een service prima genera\u021bie de ma\u0219ini electrice e-Niro din cauza riscului de incendiu\">Kia recheam\u0103 \u00een service prima genera\u021bie de ma\u0219ini electrice e-Niro din cauza riscului de&#8230;<\/a><\/h3>\n<div class=\"td-module-meta-info\"><a href=\"https:\/\/r3media.ro\/category\/actualitate\/\" class=\"td-post-category\">ACTUALITATE<\/a><span class=\"td-post-author-name\"><a href=\"https:\/\/r3media.ro\/author\/oana\/\">Oana Ivan<\/a><span>&#8211;<\/span><\/span><span class=\"td-post-date\"><time class=\"entry-date updated td-module-date\" datetime=\"2026-08-06T17:07:42+03:00\">06\/08\/2026<\/time><\/span><\/div>\n<\/div>\n<\/div>\n<\/div>\n<\/div>\n<div class=\"td-block-row\">\n<div class=\"td-block-span6\">\n<div class=\"td_module_8 td_module_wrap\">\n<div class=\"item-details\">\n<h3 class=\"entry-title td-module-title\"><a href=\"https:\/\/r3media.ro\/david-popovici-fair-play-sportivi-rusi-competitii\/\" rel=\"bookmark\" title=\"David Popovici, fair-play la revenirea sportivilor ru\u0219i \u00een competi\u021bii: Le urez succes, sper s\u0103 fiu mai bun dec\u00e2t ei\">David Popovici, fair-play la revenirea sportivilor ru\u0219i \u00een competi\u021bii: Le urez succes, sper s\u0103&#8230;<\/a><\/h3>\n<div class=\"td-module-meta-info\"><a href=\"https:\/\/r3media.ro\/category\/stiri-prim-plan\/\" class=\"td-post-category\">PRIM PLAN<\/a><span class=\"td-post-author-name\"><a href=\"https:\/\/r3media.ro\/author\/redactia\/\">Redac\u021bia<\/a><span>&#8211;<\/span><\/span><span class=\"td-post-date\"><time class=\"entry-date updated td-module-date\" datetime=\"2026-08-07T15:07:51+03:00\">07\/08\/2026<\/time><\/span><\/div>\n<\/div>\n<\/div>\n<\/div>\n<div class=\"td-block-span6\">\n<div class=\"td_module_8 td_module_wrap\">\n<div class=\"item-details\">\n<h3 class=\"entry-title td-module-title\"><a href=\"https:\/\/r3media.ro\/fani-stapanul-inelelor-surpriza-sezonul-3-sauron\/\" rel=\"bookmark\" title=\"Fanii \u201eSt\u0103p\u00e2nul Inelelor\u201c ar putea avea o surpriz\u0103 \u00een sezonul 3 din serialul \u201eInelele Puterii\u201c. Sauron se va confrunta cu o creatur\u0103 de temut\">Fanii \u201eSt\u0103p\u00e2nul Inelelor\u201c ar putea avea o surpriz\u0103 \u00een sezonul 3 din serialul \u201eInelele&#8230;<\/a><\/h3>\n<div class=\"td-module-meta-info\"><a href=\"https:\/\/r3media.ro\/category\/featured\/\" class=\"td-post-category\">FEATURED<\/a><span class=\"td-post-author-name\"><a href=\"https:\/\/r3media.ro\/author\/oana\/\">Oana Ivan<\/a><span>&#8211;<\/span><\/span><span class=\"td-post-date\"><time class=\"entry-date updated td-module-date\" datetime=\"2026-08-08T00:19:31+03:00\">08\/08\/2026<\/time><\/span><\/div>\n<\/div>\n<\/div>\n<\/div>\n<\/div>\n<div class=\"td-block-row\">\n<div class=\"td-block-span6\">\n<div class=\"td_module_8 td_module_wrap\">\n<div class=\"item-details\">\n<h3 class=\"entry-title td-module-title\"><a href=\"https:\/\/r3media.ro\/drona-gasita-mare-mamaia-zona-loft-video\/\" rel=\"bookmark\" title=\"VIDEO | O dron\u0103 a fost g\u0103sit\u0103 \u00een mare, \u00een Mamaia, \u00een zona Loft\">VIDEO | O dron\u0103 a fost g\u0103sit\u0103 \u00een mare, \u00een Mamaia, \u00een zona Loft<\/a><\/h3>\n<div class=\"td-module-meta-info\"><a href=\"https:\/\/r3media.ro\/category\/actualitate\/\" class=\"td-post-category\">ACTUALITATE<\/a><span class=\"td-post-author-name\"><a href=\"https:\/\/r3media.ro\/author\/oana\/\">Oana Ivan<\/a><span>&#8211;<\/span><\/span><span class=\"td-post-date\"><time class=\"entry-date updated td-module-date\" datetime=\"2026-08-05T21:48:11+03:00\">05\/08\/2026<\/time><\/span><\/div>\n<\/div>\n<\/div>\n<\/div>\n<div class=\"td-block-span6\">\n<div class=\"td_module_8 td_module_wrap\">\n<div class=\"item-details\">\n<h3 class=\"entry-title td-module-title\"><a href=\"https:\/\/r3media.ro\/cand-incepe-scoala-in-2026-structura-an-nou-scolar\/\" rel=\"bookmark\" title=\"C\u00e2nd \u00eencepe \u0219coala \u00een 2026: Structura noului an \u0219colar, vacan\u021bele \u0219i zilele libere\">C\u00e2nd \u00eencepe \u0219coala \u00een 2026: Structura noului an \u0219colar, vacan\u021bele \u0219i zilele libere<\/a><\/h3>\n<div class=\"td-module-meta-info\"><a href=\"https:\/\/r3media.ro\/category\/actualitate\/\" class=\"td-post-category\">ACTUALITATE<\/a><span class=\"td-post-author-name\"><a href=\"https:\/\/r3media.ro\/author\/oana\/\">Oana Ivan<\/a><span>&#8211;<\/span><\/span><span class=\"td-post-date\"><time class=\"entry-date updated td-module-date\" datetime=\"2026-08-03T22:23:20+03:00\">03\/08\/2026<\/time><\/span><\/div>\n<\/div>\n<\/div>\n<\/div>\n<\/div>\n<div class=\"td-block-row\">\n<div class=\"td-block-span6\">\n<div class=\"td_module_8 td_module_wrap\">\n<div class=\"item-details\">\n<h3 class=\"entry-title td-module-title\"><a href=\"https:\/\/r3media.ro\/tara-europa-norvegia-masini-electrice-inmatriculate-cota-ridicata\/\" rel=\"bookmark\" title=\"\u021aara din Europa unde aproape toate ma\u0219inile \u00eenmatriculate sune electrice. Cota a ajuns la 97,6% \u00een iulie\">\u021aara din Europa unde aproape toate ma\u0219inile \u00eenmatriculate sune electrice. Cota a ajuns la&#8230;<\/a><\/h3>\n<div class=\"td-module-meta-info\"><a href=\"https:\/\/r3media.ro\/category\/actualitate\/\" class=\"td-post-category\">ACTUALITATE<\/a><span class=\"td-post-author-name\"><a href=\"https:\/\/r3media.ro\/author\/oana\/\">Oana Ivan<\/a><span>&#8211;<\/span><\/span><span class=\"td-post-date\"><time class=\"entry-date updated td-module-date\" datetime=\"2026-08-03T17:01:21+03:00\">03\/08\/2026<\/time><\/span><\/div>\n<\/div>\n<\/div>\n<\/div>\n<div class=\"td-block-span6\">\n<div class=\"td_module_8 td_module_wrap\">\n<div class=\"item-details\">\n<h3 class=\"entry-title td-module-title\"><a href=\"https:\/\/r3media.ro\/puterea-mitologica-instalata-a-romaniei\/\" rel=\"bookmark\" title=\"Puterea mitologic\u0103 instalat\u0103 a Rom\u00e2niei\">Puterea mitologic\u0103 instalat\u0103 a Rom\u00e2niei<\/a><\/h3>\n<div class=\"td-module-meta-info\"><a href=\"https:\/\/r3media.ro\/category\/opinii\/\" class=\"td-post-category\">OPINII<\/a><span class=\"td-post-author-name\"><a href=\"https:\/\/r3media.ro\/author\/tru\/\">TRU (Traian Ungureanu)<\/a><span>&#8211;<\/span><\/span><span class=\"td-post-date\"><time class=\"entry-date updated td-module-date\" datetime=\"2026-08-02T22:08:04+03:00\">02\/08\/2026<\/time><\/span><\/div>\n<\/div>\n<\/div>\n<\/div>\n<\/div>\n<div class=\"td-block-row\">\n<div class=\"td-block-span6\">\n<div class=\"td_module_8 td_module_wrap\">\n<div class=\"item-details\">\n<h3 class=\"entry-title td-module-title\"><a href=\"https:\/\/r3media.ro\/hyundai-recheama-service-masini-electrice-inster-risc-incendiu\/\" rel=\"bookmark\" title=\"Hyundai recheam\u0103 \u00een service zeci de mii de ma\u0219ini electrice din cauza riscului de incendiu\">Hyundai recheam\u0103 \u00een service zeci de mii de ma\u0219ini electrice din cauza riscului de&#8230;<\/a><\/h3>\n<div class=\"td-module-meta-info\"><a href=\"https:\/\/r3media.ro\/category\/actualitate\/\" class=\"td-post-category\">ACTUALITATE<\/a><span class=\"td-post-author-name\"><a href=\"https:\/\/r3media.ro\/author\/oana\/\">Oana Ivan<\/a><span>&#8211;<\/span><\/span><span class=\"td-post-date\"><time class=\"entry-date updated td-module-date\" datetime=\"2026-08-02T08:34:05+03:00\">02\/08\/2026<\/time><\/span><\/div>\n<\/div>\n<\/div>\n<\/div>\n<div class=\"td-block-span6\">\n<div class=\"td_module_8 td_module_wrap\">\n<div class=\"item-details\">\n<h3 class=\"entry-title td-module-title\"><a href=\"https:\/\/r3media.ro\/dragostea-care-transcende-epoci-descult-in-parc-1967\/\" rel=\"bookmark\" title=\"Dragostea care transcende epoci \u2014 Descul\u021b \u00een parc (1967)\">Dragostea care transcende epoci \u2014 Descul\u021b \u00een parc (1967)<\/a><\/h3>\n<div class=\"td-module-meta-info\"><a href=\"https:\/\/r3media.ro\/category\/opinii\/\" class=\"td-post-category\">OPINII<\/a><span class=\"td-post-author-name\"><a href=\"https:\/\/r3media.ro\/author\/costi_balasoiu\/\">Constantin B\u0103l\u0103\u0219oiu<\/a><span>&#8211;<\/span><\/span><span class=\"td-post-date\"><time class=\"entry-date updated td-module-date\" datetime=\"2026-08-01T13:45:14+03:00\">01\/08\/2026<\/time><\/span><\/div>\n<\/div>\n<\/div>\n<\/div>\n<\/div>\n<div class=\"td-block-row\">\n<div class=\"td-block-span6\">\n<div class=\"td_module_8 td_module_wrap\">\n<div class=\"item-details\">\n<h3 class=\"entry-title td-module-title\"><a href=\"https:\/\/r3media.ro\/masina-electrica-foc-turcia-incarcat-vehicul-explozie-pompieri-stingere-incendiu-video\/\" rel=\"bookmark\" title=\"VIDEO | O ma\u0219in\u0103 electric\u0103 a luat foc \u00een timp ce se afla la \u00eenc\u0103rcat. Vehiculul a explodat chiar c\u00e2nd pompierii \u00eencercau s\u0103 sting\u0103 incendiul folosind o p\u0103tur\u0103 ignifug\u0103\">VIDEO | O ma\u0219in\u0103 electric\u0103 a luat foc \u00een timp ce se afla la&#8230;<\/a><\/h3>\n<div class=\"td-module-meta-info\"><a href=\"https:\/\/r3media.ro\/category\/actualitate\/\" class=\"td-post-category\">ACTUALITATE<\/a><span class=\"td-post-author-name\"><a href=\"https:\/\/r3media.ro\/author\/oana\/\">Oana Ivan<\/a><span>&#8211;<\/span><\/span><span class=\"td-post-date\"><time class=\"entry-date updated td-module-date\" datetime=\"2026-07-31T13:33:48+03:00\">31\/07\/2026<\/time><\/span><\/div>\n<\/div>\n<\/div>\n<\/div>\n<div class=\"td-block-span6\">\n<div class=\"td_module_8 td_module_wrap\">\n<div class=\"item-details\">\n<h3 class=\"entry-title td-module-title\"><a href=\"https:\/\/r3media.ro\/spania-asediu-migranti-exclava-ceuta-africa-madrid-trupe-securitate-video\/\" rel=\"bookmark\" title=\"VIDEO | Spania se afl\u0103 sub asediu: Mii de migran\u021bi au luat cu asalt exclava Ceuta din Africa. Madridul a trimis trupe pentru a consolida securitatea\">VIDEO | Spania se afl\u0103 sub asediu: Mii de migran\u021bi au luat cu asalt&#8230;<\/a><\/h3>\n<div class=\"td-module-meta-info\"><a href=\"https:\/\/r3media.ro\/category\/actualitate\/\" class=\"td-post-category\">ACTUALITATE<\/a><span class=\"td-post-author-name\"><a href=\"https:\/\/r3media.ro\/author\/oana\/\">Oana Ivan<\/a><span>&#8211;<\/span><\/span><span class=\"td-post-date\"><time class=\"entry-date updated td-module-date\" datetime=\"2026-07-31T12:39:57+03:00\">31\/07\/2026<\/time><\/span><\/div>\n<\/div>\n<\/div>\n<\/div>\n<\/div>\n<\/div>\n<div class=\"td-load-more-wrap td-load-more-infinite-wrap\" id=\"infinite-lm-tdi_20\"><a href=\"https:\/\/r3media.ro\/adrian-agachi-bor-sadhguru-untold-cluj\/\" class=\"td_ajax_load_more td_ajax_load_more_js\" aria-label=\"\u00cenc\u0103rca\u021bi mai multe\" id=\"next-page-tdi_20\" data-td_block_id=\"tdi_20\">\u00cenc\u0103rca\u021bi mai multe<\/a><\/div>\n<\/div>\n<div class=\"td_block_wrap tdb_single_comments tdi_21 tdb-comm-layout2 td-pb-border-top td_block_template_1\" data-td-block-uid=\"tdi_21\">\n<div class=\"tdb-block-inner td-fix-index\">\n<div class=\"comments\" id=\"comments\">\n<div class=\"td-comments-title-wrap td_block_template_1\">\n<h4 class=\"td-comments-title block-title\"><span>1 COMENTARIU<\/span><\/h4>\n<\/div>\n<ol class=\"comment-list\">\n<li class=\"comment \" id=\"comment-40356\">\n<article>\n<footer><cite>Nicu<\/cite><a class=\"comment-link\" href=\"https:\/\/r3media.ro\/adrian-agachi-bor-sadhguru-untold-cluj\/#comment-40356\"><time><br \/>\n08\/08\/2026\t\t\t\t\t\t    La\t\t\t\t\t\t    19:49<\/time><\/a><\/footer>\n<div class=\"comment-content\">\n<p>Mda, asta e mesajul satanelor, ca mai bine omenirea ar disparea. De aceea si fac tot posibilul pentru acest lucru: alimentatie nesanatoasa, vaccinuri toxice, glifosat, reducerea CO2 prin Green Deal etc.<\/p>\n<\/div>\n<div class=\"comment-meta\" id=\"comment-40356\"><a rel=\"nofollow\" class=\"comment-reply-link\" href=\"https:\/\/r3media.ro\/adrian-agachi-bor-sadhguru-untold-cluj\/#comment-40356\" data-commentid=\"40356\" data-postid=\"121022\" data-belowelement=\"comment-40356\" data-respondelement=\"respond\" data-replyto=\"R\u0103spunde-i lui Nicu\" aria-label=\"R\u0103spunde-i lui Nicu\">R\u0103spund<\/a><\/div>\n<\/article>\n<\/li>\n<\/ol>\n<div id=\"respond\" class=\"comment-respond\">\n<h3 id=\"reply-title\" class=\"comment-reply-title\">AI CEVA DE SPUS? <small><a rel=\"nofollow\" id=\"cancel-comment-reply-link\" href=\"https:\/\/r3media.ro\/adrian-agachi-bor-sadhguru-untold-cluj\/#respond\">Renun\u021ba\u021bi la r\u0103spuns<\/a><\/small><\/h3>\n<div class=\"comment-form-input-wrap td-form-comment\">\n<div class=\"td-warning-comment\">V\u0103 rug\u0103m s\u0103 introduce\u021bi comentariul dvs.!<\/div>\n<\/div>\n<div class=\"comment-form-input-wrap td-form-author\">\n<div class=\"td-warning-author\">Introduce\u021bi aici numele dvs.<\/div>\n<\/div>\n<div class=\"comment-form-input-wrap td-form-email\">\n<div class=\"td-warning-email-error\">A\u021bi introdus o adres\u0103 de e-mail incorect\u0103!<\/div>\n<div class=\"td-warning-email\">V\u0103 rug\u0103m s\u0103 introduce\u021bi adresa dvs. de e-mail aici<\/div>\n<\/div>\n<\/div>\n<\/div>\n<\/div>\n<\/div>\n<\/div>\n<\/div>\n<div class=\"vc_column tdi_23  wpb_column vc_column_container tdc-column td-pb-span4 td-is-sticky\">\n<div class=\"wpb_wrapper\" data-sticky-enabled-on=\"W3RydWUsdHJ1ZSx0cnVlLHRydWVd\" data-sticky-offset=\"20\" data-sticky-is-width-auto=\"W2ZhbHNlLGZhbHNlLGZhbHNlLGZhbHNlXQ==\">\n<div class=\"wpb_wrapper td_block_wrap vc_widget_sidebar tdi_25 \">\n<div class=\"td_block_wrap td_block_7 td_block_widget tdi_26 td-pb-border-top td_block_template_1 td-column-1 td_block_padding\" data-td-block-uid=\"tdi_26\">\n<div class=\"td-block-title-wrap\">\n<h4 class=\"block-title td-block-title\"><span class=\"td-pulldown-size\">Articole RELA\u021aIONATE<\/span><\/h4>\n<\/div>\n<div id=\"tdi_26\" class=\"td_block_inner\">\n<div class=\"td-block-span12\">\n<div class=\"td_module_6 td_module_wrap td-animation-stack\">\n<div class=\"td-module-thumb\"><a href=\"https:\/\/r3media.ro\/papi-si-conclavuri-traditie-si-anticlericalism-in-cinema-cei-doi-papi-si-conclavul\/\" rel=\"bookmark\" class=\"td-image-wrap \" title=\"Papi \u0219i conclavuri, tradi\u021bie \u0219i anticlericalism \u00een cinema: Cei doi papi \u0219i Conclavul\"><img loading=\"lazy\" decoding=\"async\" class=\"entry-thumb\" src=\"https:\/\/r3media.ro\/wp-content\/uploads\/2026\/08\/cei-doi-papi-100x70.jpg\" alt title=\"Papi \u0219i conclavuri, tradi\u021bie \u0219i anticlericalism \u00een cinema: Cei doi papi \u0219i Conclavul\" width=\"100\" height=\"70\"><\/a><\/div>\n<div class=\"item-details\">\n<h3 class=\"entry-title td-module-title\"><a href=\"https:\/\/r3media.ro\/papi-si-conclavuri-traditie-si-anticlericalism-in-cinema-cei-doi-papi-si-conclavul\/\" rel=\"bookmark\" title=\"Papi \u0219i conclavuri, tradi\u021bie \u0219i anticlericalism \u00een cinema: Cei doi papi \u0219i Conclavul\">Papi \u0219i conclavuri, tradi\u021bie \u0219i anticlericalism \u00een cinema: Cei doi papi&#8230;<\/a><\/h3>\n<div class=\"td-module-meta-info\"><span class=\"td-post-date\"><time class=\"entry-date updated td-module-date\" datetime=\"2026-08-08T22:07:22+03:00\">08\/08\/2026<\/time><\/span><\/div>\n<\/div>\n<\/div>\n<\/div>\n<div class=\"td-block-span12\">\n<div class=\"td_module_6 td_module_wrap td-animation-stack\">\n<div class=\"td-module-thumb\"><a href=\"https:\/\/r3media.ro\/o-drona-a-intrat-in-bulgaria-dinspre-romania-si-a-explodat-la-100-de-metri-de-granita\/\" rel=\"bookmark\" class=\"td-image-wrap \" title=\"O dron\u0103 a intrat \u00een Bulgaria dinspre Rom\u00e2nia \u0219i a explodat la 100 de metri de grani\u021b\u0103\"><img loading=\"lazy\" decoding=\"async\" class=\"entry-thumb\" src=\"https:\/\/r3media.ro\/wp-content\/uploads\/2022\/11\/romania-bulgaria-cash-100x70.jpg\" alt title=\"O dron\u0103 a intrat \u00een Bulgaria dinspre Rom\u00e2nia \u0219i a explodat la 100 de metri de grani\u021b\u0103\" width=\"100\" height=\"70\"><\/a><\/div>\n<div class=\"item-details\">\n<h3 class=\"entry-title td-module-title\"><a href=\"https:\/\/r3media.ro\/o-drona-a-intrat-in-bulgaria-dinspre-romania-si-a-explodat-la-100-de-metri-de-granita\/\" rel=\"bookmark\" title=\"O dron\u0103 a intrat \u00een Bulgaria dinspre Rom\u00e2nia \u0219i a explodat la 100 de metri de grani\u021b\u0103\">O dron\u0103 a intrat \u00een Bulgaria dinspre Rom\u00e2nia \u0219i a explodat&#8230;<\/a><\/h3>\n<div class=\"td-module-meta-info\"><span class=\"td-post-date\"><time class=\"entry-date updated td-module-date\" datetime=\"2026-08-08T16:12:44+03:00\">08\/08\/2026<\/time><\/span><\/div>\n<\/div>\n<\/div>\n<\/div>\n<div class=\"td-block-span12\">\n<div class=\"td_module_6 td_module_wrap td-animation-stack\">\n<div class=\"td-module-thumb\"><a href=\"https:\/\/r3media.ro\/show-iluzie-si-realitate-de-la-the-truman-show-la-son-of-a-rich\/\" rel=\"bookmark\" class=\"td-image-wrap \" title=\"Show, iluzie \u0219i realitate: de la The Truman Show la Son of a Rich\"><img loading=\"lazy\" decoding=\"async\" class=\"entry-thumb\" src=\"https:\/\/r3media.ro\/wp-content\/uploads\/2026\/08\/the-truman-show-jim-carrey-100x70.webp\" alt title=\"Show, iluzie \u0219i realitate: de la The Truman Show la Son of a Rich\" width=\"100\" height=\"70\"><\/a><\/div>\n<div class=\"item-details\">\n<h3 class=\"entry-title td-module-title\"><a href=\"https:\/\/r3media.ro\/show-iluzie-si-realitate-de-la-the-truman-show-la-son-of-a-rich\/\" rel=\"bookmark\" title=\"Show, iluzie \u0219i realitate: de la The Truman Show la Son of a Rich\">Show, iluzie \u0219i realitate: de la The Truman Show la Son&#8230;<\/a><\/h3>\n<div class=\"td-module-meta-info\"><span class=\"td-post-date\"><time class=\"entry-date updated td-module-date\" datetime=\"2026-08-08T15:30:25+03:00\">08\/08\/2026<\/time><\/span><\/div>\n<\/div>\n<\/div>\n<\/div>\n<div class=\"td-block-span12\">\n<div class=\"td_module_6 td_module_wrap td-animation-stack\">\n<div class=\"td-module-thumb\"><a href=\"https:\/\/r3media.ro\/alex-suler-rugby-mort-pancreatita-severa\/\" rel=\"bookmark\" class=\"td-image-wrap \" title=\"Fostul rugbist Alex \u0218uler a murit la 25 de ani dup\u0103 o pancreatit\u0103 sever\u0103\"><img loading=\"lazy\" decoding=\"async\" class=\"entry-thumb\" src=\"https:\/\/r3media.ro\/wp-content\/uploads\/2026\/08\/alex-suler-100x70.png\" alt title=\"Fostul rugbist Alex \u0218uler a murit la 25 de ani dup\u0103 o pancreatit\u0103 sever\u0103\" width=\"100\" height=\"70\"><\/a><\/div>\n<div class=\"item-details\">\n<h3 class=\"entry-title td-module-title\"><a href=\"https:\/\/r3media.ro\/alex-suler-rugby-mort-pancreatita-severa\/\" rel=\"bookmark\" title=\"Fostul rugbist Alex \u0218uler a murit la 25 de ani dup\u0103 o pancreatit\u0103 sever\u0103\">Fostul rugbist Alex \u0218uler a murit la 25 de ani dup\u0103&#8230;<\/a><\/h3>\n<div class=\"td-module-meta-info\"><span class=\"td-post-date\"><time class=\"entry-date updated td-module-date\" datetime=\"2026-08-08T10:33:29+03:00\">08\/08\/2026<\/time><\/span><\/div>\n<\/div>\n<\/div>\n<\/div>\n<div class=\"td-block-span12\">\n<div class=\"td_module_6 td_module_wrap td-animation-stack\">\n<div class=\"td-module-thumb\"><a href=\"https:\/\/r3media.ro\/sofer-crestin-marea-britanie-iisus-te-iubeste-masina-asigurare\/\" rel=\"bookmark\" class=\"td-image-wrap \" title=\"FOTO | Un \u0219ofer cre\u0219tin din Marea Britanie a fost pus s\u0103 renun\u021be la mesajul \u201eIisus te iube\u0219te\u201c de pe ma\u0219in\u0103 pentru a-\u0219i putea p\u0103stra asigurarea\"><img loading=\"lazy\" decoding=\"async\" class=\"entry-thumb\" src=\"https:\/\/r3media.ro\/wp-content\/uploads\/2026\/08\/sofer-la-volan-100x70.jpg\" alt title=\"FOTO | Un \u0219ofer cre\u0219tin din Marea Britanie a fost pus s\u0103 renun\u021be la mesajul \u201eIisus te iube\u0219te\u201c de pe ma\u0219in\u0103 pentru a-\u0219i putea p\u0103stra asigurarea\" width=\"100\" height=\"70\"><\/a><\/div>\n<div class=\"item-details\">\n<h3 class=\"entry-title td-module-title\"><a href=\"https:\/\/r3media.ro\/sofer-crestin-marea-britanie-iisus-te-iubeste-masina-asigurare\/\" rel=\"bookmark\" title=\"FOTO | Un \u0219ofer cre\u0219tin din Marea Britanie a fost pus s\u0103 renun\u021be la mesajul \u201eIisus te iube\u0219te\u201c de pe ma\u0219in\u0103 pentru a-\u0219i putea p\u0103stra asigurarea\">FOTO | Un \u0219ofer cre\u0219tin din Marea Britanie a fost pus&#8230;<\/a><\/h3>\n<div class=\"td-module-meta-info\"><span class=\"td-post-date\"><time class=\"entry-date updated td-module-date\" datetime=\"2026-08-08T09:50:10+03:00\">08\/08\/2026<\/time><\/span><\/div>\n<\/div>\n<\/div>\n<\/div>\n<div class=\"td-block-span12\">\n<div class=\"td_module_6 td_module_wrap td-animation-stack\">\n<div class=\"td-module-thumb\"><a href=\"https:\/\/r3media.ro\/fani-stapanul-inelelor-surpriza-sezonul-3-sauron\/\" rel=\"bookmark\" class=\"td-image-wrap \" title=\"Fanii \u201eSt\u0103p\u00e2nul Inelelor\u201c ar putea avea o surpriz\u0103 \u00een sezonul 3 din serialul \u201eInelele Puterii\u201c. Sauron se va confrunta cu o creatur\u0103 de temut\"><img loading=\"lazy\" decoding=\"async\" class=\"entry-thumb\" src=\"https:\/\/r3media.ro\/wp-content\/uploads\/2026\/08\/stapanul-inelelor-sauron-100x70.png\" alt title=\"Fanii \u201eSt\u0103p\u00e2nul Inelelor\u201c ar putea avea o surpriz\u0103 \u00een sezonul 3 din serialul \u201eInelele Puterii\u201c. Sauron se va confrunta cu o creatur\u0103 de temut\" width=\"100\" height=\"70\"><\/a><\/div>\n<div class=\"item-details\">\n<h3 class=\"entry-title td-module-title\"><a href=\"https:\/\/r3media.ro\/fani-stapanul-inelelor-surpriza-sezonul-3-sauron\/\" rel=\"bookmark\" title=\"Fanii \u201eSt\u0103p\u00e2nul Inelelor\u201c ar putea avea o surpriz\u0103 \u00een sezonul 3 din serialul \u201eInelele Puterii\u201c. Sauron se va confrunta cu o creatur\u0103 de temut\">Fanii \u201eSt\u0103p\u00e2nul Inelelor\u201c ar putea avea o surpriz\u0103 \u00een sezonul 3&#8230;<\/a><\/h3>\n<div class=\"td-module-meta-info\"><span class=\"td-post-date\"><time class=\"entry-date updated td-module-date\" datetime=\"2026-08-08T00:19:31+03:00\">08\/08\/2026<\/time><\/span><\/div>\n<\/div>\n<\/div>\n<\/div>\n<div class=\"td-block-span12\">\n<div class=\"td_module_6 td_module_wrap td-animation-stack\">\n<div class=\"td-module-thumb\"><a href=\"https:\/\/r3media.ro\/calendarul-zilei-8-august-sf-ierarh-emilian-marturisitorul\/\" rel=\"bookmark\" class=\"td-image-wrap \" title=\"Calendarul zilei 8 august: Sf\u00e2ntul Preot Mucenic Alexandru din Basarabia. Sf. ierarh Emilian M\u0103rturisitorul\"><img loading=\"lazy\" decoding=\"async\" class=\"entry-thumb\" src=\"https:\/\/r3media.ro\/wp-content\/uploads\/2022\/08\/maxresdefault-2-100x70.jpg\" alt title=\"Calendarul zilei 8 august: Sf\u00e2ntul Preot Mucenic Alexandru din Basarabia. Sf. ierarh Emilian M\u0103rturisitorul\" width=\"100\" height=\"70\"><\/a><\/div>\n<div class=\"item-details\">\n<h3 class=\"entry-title td-module-title\"><a href=\"https:\/\/r3media.ro\/calendarul-zilei-8-august-sf-ierarh-emilian-marturisitorul\/\" rel=\"bookmark\" title=\"Calendarul zilei 8 august: Sf\u00e2ntul Preot Mucenic Alexandru din Basarabia. Sf. ierarh Emilian M\u0103rturisitorul\">Calendarul zilei 8 august: Sf\u00e2ntul Preot Mucenic Alexandru din Basarabia. Sf&#8230;.<\/a><\/h3>\n<div class=\"td-module-meta-info\"><span class=\"td-post-date\"><time class=\"entry-date updated td-module-date\" datetime=\"2026-08-07T22:03:35+03:00\">07\/08\/2026<\/time><\/span><\/div>\n<\/div>\n<\/div>\n<\/div>\n<\/div>\n<\/div>\n<aside class=\"td_block_template_1 widget widget_recent_comments\">\n<h4 class=\"block-title\"><span>INTR\u0102 \u00ceN DISCU\u021aIE!<\/span><\/h4>\n<ul id=\"recentcomments\">\n<li class=\"recentcomments\"><span class=\"comment-author-link\">Nicu<\/span> la <a href=\"https:\/\/r3media.ro\/o-drona-a-intrat-in-bulgaria-dinspre-romania-si-a-explodat-la-100-de-metri-de-granita\/#comment-40357\">O dron\u0103 a intrat \u00een Bulgaria dinspre Rom\u00e2nia \u0219i a explodat la 100 de metri de grani\u021b\u0103<\/a><\/li>\n<li class=\"recentcomments\"><span class=\"comment-author-link\">Nicu<\/span> la <a href=\"https:\/\/r3media.ro\/adrian-agachi-bor-sadhguru-untold-cluj\/#comment-40356\">Pr. Adrian Agachi (BOR), dup\u0103 ce Sadhguru a urcat pe scena UNTOLD: Nu, dragilor, f\u0103r\u0103 oameni planeta nu ar fi mai bun\u0103, planeta \u0219i-ar rata definitiv scopul!<\/a><\/li>\n<li class=\"recentcomments\"><span class=\"comment-author-link\">Kostel<\/span> la <a href=\"https:\/\/r3media.ro\/david-popovici-fair-play-sportivi-rusi-competitii\/#comment-40355\">David Popovici, fair-play la revenirea sportivilor ru\u0219i \u00een competi\u021bii: Le urez succes, sper s\u0103 fiu mai bun dec\u00e2t ei<\/a><\/li>\n<li class=\"recentcomments\"><span class=\"comment-author-link\">IvanHose<\/span> la <a href=\"https:\/\/r3media.ro\/kia-recheama-service-prima-generatie-masini-electrice-e-niro-risc-incendiu\/#comment-40354\">Kia recheam\u0103 \u00een service prima genera\u021bie de ma\u0219ini electrice e-Niro din cauza riscului de incendiu<\/a><\/li>\n<li class=\"recentcomments\"><span class=\"comment-author-link\">Gelu<\/span> la <a href=\"https:\/\/r3media.ro\/un-tongalez-un-sud-african-si-un-australian-vor-evolua-pentru-nationala-de-rugby-a-romaniei\/#comment-40353\">Rugby: Un tongalez, un sud-african \u0219i un australian au depus jur\u0103m\u00e2ntul de credin\u021b\u0103 fa\u021b\u0103 de Rom\u00e2nia<\/a><\/li>\n<li class=\"recentcomments\"><span class=\"comment-author-link\">George<\/span> la <a href=\"https:\/\/r3media.ro\/mariuca-zaharia-fetita-12-ani-marasesti\/#comment-40352\">Calendarul zilei 6 august: M\u0103riuca Zaharia, feti\u021ba de 12 ani c\u0103zut\u0103 la M\u0103r\u0103\u0219e\u0219ti, care nu mai are loc \u00een manualele de istorie<\/a><\/li>\n<li class=\"recentcomments\"><span class=\"comment-author-link\">Nicu<\/span> la <a href=\"https:\/\/r3media.ro\/ucraina-scuze-grecia-drona-marina-insula-lefkada-expolozie-portul-constanta\/#comment-40351\">Ucraina i-a cerut scuze Greciei pentru c\u0103 o dron\u0103 marin\u0103 a ajuns l\u00e2ng\u0103 Insula Lefkada. Nicio vorb\u0103 despre drona care putea s\u0103 arunce \u00een aer Portul Constan\u021ba<\/a><\/li>\n<\/ul>\n<\/aside>\n<aside class=\"td_block_template_1 widget widget_search\">\n<h4 class=\"block-title\"><span>CAUT\u0102 \u0218I VEI G\u0102SI<\/span><\/h4>\n<\/aside>\n<\/div>\n<\/div>\n<\/div>\n<\/div>\n<\/div>\n<\/div>\n<\/div>\n<p><span class=\"td-page-meta\"><\/span><span class=\"td-page-meta\"><span class=\"td-page-meta\"><\/span><\/span><span class=\"td-page-meta\"><\/span><\/article>\n<\/p>\n<div class=\"td_block_wrap tdb_single_content tdi_18 td-pb-border-top td_block_template_1 td-post-content tagdiv-type\" data-td-block-uid=\"tdi_18\">\n<div class=\"tdb-block-inner td-fix-index\">\n<p><strong>Purt\u0103torul de cuv\u00e2nt al BOR, Adrian Agachi, reac\u021bioneaz\u0103 \u00een urma comentariilor de la Cluj-Napoca. Guru new age a spus <a href=\"https:\/\/r3media.ro\/untold-sadghuru-new-age-schimbarea-la-fata\/\" target=\"_blank\" rel=\"noopener\">pe scena UNTOLD<\/a> c\u0103\u00a0\u201eF\u0103r\u0103 oameni, aceast\u0103 planet\u0103 ar fi fantastic\u0103\u201d.<\/strong><\/p>\n<p>Comentariul a fost comb\u0103tut \u00een cel mai cre\u0219tin mod cu putin\u021b\u0103 de pr. Adrian Agachi.<\/p>\n<p>\u201eNu citez din vreun proces-verbal al unui regim totalitar, ci din discursul \u201espiritual\u201d rostit de Sadhguru, un \u201emaestru yoghin\u201d, pe scena festivalului <a href=\"https:\/\/r3media.ro\/tag\/untold\/\" target=\"_blank\" rel=\"noopener\"><strong>UNTOLD<\/strong><\/a> de la Cluj, chiar de praznicul Schimb\u0103rii la Fa\u021b\u0103.<\/p>\n<p>Nu, dragilor, f\u0103r\u0103 oameni planeta nu ar fi mai bun\u0103, planeta \u0219i-ar rata definitiv scopul!<\/p>\n<p>Pentru c\u0103 lumea a fost creat\u0103 de Dumnezeu din dragoste fa\u021b\u0103 de om. Este un dar de inestimabil\u0103 valoare pentru cea mai de pre\u021b crea\u021bie a Sa!<\/p>\n<h2><strong>Adrian Agachi (BOR): La ce ne puteam a\u0219tepta anul acesta?<\/strong><\/h2>\n<p>\u00a0<\/p>\n<p>Chiar dac\u0103 omenirea ar fi alc\u0103tuit\u0103 exclusiv din fiin\u021be umane care \u0219i-au ratat voca\u021bia de a fi bune, \u00een\u021belepte, \u00een\u021beleg\u0103toare sau iubitoare, \u00eentregul univers ar fi de mai pu\u021bin pre\u021b \u00een ochii lui Dumnezeu dec\u00e2t sufletul celui mai tic\u0103lo\u0219it om!<\/p>\n<p>M\u00e2ntuitorul ne spune: \u201eCe-i va folosi omului, dac\u0103 va c\u00e2\u015ftiga lumea \u00eentreag\u0103, iar sufletul s\u0103u \u00eel va pierde? Sau ce va da omul \u00een schimb pentru sufletul s\u0103u?\u201d (Matei 16, 26).<\/p>\n<p>\u00centregul univers nu pre\u021buie\u0219te c\u00e2t un singur suflet, oric\u00e2t de p\u0103c\u0103tos ar fi acesta.<\/p>\n<p>\u0218i, \u00een loc s\u0103 ne \u00eemp\u0103rt\u0103\u0219im de dragostea \u0219i delicate\u021bea lui Dumnezeu, ascult\u0103m mesaje pseudo-spirituale, care nu doar c\u0103 nu ne ajut\u0103, ci pot conduce la o grav\u0103 estompare a discern\u0103m\u00e2ntului \u00eentre bine \u0219i r\u0103u, \u00eentre lumin\u0103 \u0219i \u00eentuneric, \u00eentre via\u021b\u0103 \u0219i moarte.<\/p>\n<p>Dar, dup\u0103 batjocorirea simbolurilor religioase cre\u0219tine de la Untold de anul trecut, la ce ne puteam a\u0219tepta \u00een acest an?\u201c, a scris <a href=\"https:\/\/r3media.ro\/tag\/adrian-agachi\/\" target=\"_blank\" rel=\"noopener\"><strong>Adrian Agachi<\/strong><\/a>.<\/p>\n<div class=\"crp_related     crp-masonry\">\n<h2>\u00ceN CONTEXT<\/h2>\n<ul>\n<li><a href=\"https:\/\/r3media.ro\/fara-tine-in-google-r3media-dispare-iata-ce-poti-face-in-10-secunde\/\" class=\"crp_link post-119031\"><span class=\"crp_title\">F\u0103r\u0103 tine \u00een Google, R3media dispare. Iat\u0103 ce po\u021bi face \u00een 10 secunde<\/span><\/a><\/li>\n<li><a href=\"https:\/\/r3media.ro\/untold-sadghuru-new-age-schimbarea-la-fata\/\" class=\"crp_link post-120984\"><span class=\"crp_title\">VIDEO | UNTOLD a adus un guru new age pe scen\u0103, \u00een ziua Schimb\u0103rii la Fa\u021b\u0103. UNTOLD ofer\u0103\u2026<\/span><\/a><\/li>\n<li><a href=\"https:\/\/r3media.ro\/adrian-agachi-raspuns-adrian-papahagi-crezul-ortodox\/\" class=\"crp_link post-116598\"><span class=\"crp_title\">Pr. Adrian Agachi i-a r\u0103spuns lui Adrian Papahagi: Crezul Bisericii Ortodoxe nu este un text\u2026<\/span><\/a><\/li>\n<li><a href=\"https:\/\/r3media.ro\/adrian-agachi-bor-vasile-basnescu\/\" class=\"crp_link post-116028\"><span class=\"crp_title\">Adrian Agachi (BOR): Adev\u0103ratele inten\u021bii ale domnului Vasile B\u0103nescu devin tot mai str\u0103ine\u2026<\/span><\/a><\/li>\n<li><a href=\"https:\/\/r3media.ro\/blasfemie-la-untold-2025-festival-cruci-intoarse-mantuitor-patriarhia-romana-reactie-adrian-agachi-iarta-doamna\/\" class=\"crp_link post-112279\"><span class=\"crp_title\">VIDEO | \u201eBlasfemie de ne\u00eendurat\u201c la UNTOLD 2025: \u00cen timpul festivalului au fost afi\u0219ate\u2026<\/span><\/a><\/li>\n<li><a href=\"https:\/\/r3media.ro\/parinte-adrian-agachi-reactie-declaratii-ora-de-religie-corina-atanasiu-usr-totalitarism\/\" class=\"crp_link post-120119\"><span class=\"crp_title\">P\u0103rintele Adrian Agachi a reac\u021bionat la afirma\u021biile despre ora de Religie f\u0103cute de Corina\u2026<\/span><\/a><\/li>\n<li><a href=\"https:\/\/r3media.ro\/adrian-agachi-sfinti-rechizitorii-acuzare-problema\/\" class=\"crp_link post-119124\"><span class=\"crp_title\">Pr. Adrian Agachi: Dac\u0103 Sfin\u021bii au ajuns s\u0103 fie men\u021biona\u021bi \u00een rechizitorii ca probe ale\u2026<\/span><\/a><\/li>\n<li><a href=\"https:\/\/r3media.ro\/episcopul-iustin-al-maramuresului-critic-cu-festivalurile-untold-si-neversea-au-elemente-demonice-droguri-alcool-desfrau-ce-fel-de-conducatori-avem\/\" class=\"crp_link post-112303\"><span class=\"crp_title\">VIDEO | Episcopul Iustin al Maramure\u0219ului, critic cu festivalurile Untold \u0219i Neversea: Au\u2026<\/span><\/a><\/li>\n<\/ul>\n<\/div>\n<\/div>\n<\/div>\n<p>[analyse_source url=&#8221;https:\/\/r3media.ro\/adrian-agachi-bor-sadhguru-untold-cluj\/&#8221;]<\/p>\n","protected":false},"excerpt":{"rendered":"<p>[analyse_image type=&#8221;featured&#8221; src=&#8221;https:\/\/r3media.ro\/wp-content\/uploads\/2026\/04\/adrian-agachi-e1779293888583.pnghttps:\/\/r3media.ro\/wp-content\/uploads\/2026\/04\/adrian-agachi-e1779293888583.png&#8221;] FEATUREDPr. Adrian Agachi (BOR), dup\u0103 ce Sadhguru a urcat pe scena UNTOLD:&#8230; FEATURED\u0218TIRI Pr. Adrian Agachi (BOR), dup\u0103 ce Sadhguru a urcat pe scena UNTOLD: Nu, dragilor, f\u0103r\u0103 oameni planeta nu ar fi mai bun\u0103, planeta \u0219i-ar rata definitiv scopul! Oana Ivan 08\/08\/2026 Purt\u0103torul de cuv\u00e2nt al BOR, Adrian Agachi, reac\u021bioneaz\u0103 \u00een [&hellip;]<\/p>\n","protected":false},"author":1,"featured_media":0,"comment_status":"open","ping_status":"","sticky":false,"template":"","format":"standard","meta":{"footnotes":""},"categories":[89],"tags":[226,93],"class_list":["post-2084181","post","type-post","status-publish","format-standard","hentry","category-romania","tag-crawlmanager","tag-r3media-ro"],"_links":{"self":[{"href":"https:\/\/analyse.optim.biz\/index.php?rest_route=\/wp\/v2\/posts\/2084181","targetHints":{"allow":["GET"]}}],"collection":[{"href":"https:\/\/analyse.optim.biz\/index.php?rest_route=\/wp\/v2\/posts"}],"about":[{"href":"https:\/\/analyse.optim.biz\/index.php?rest_route=\/wp\/v2\/types\/post"}],"author":[{"embeddable":true,"href":"https:\/\/analyse.optim.biz\/index.php?rest_route=\/wp\/v2\/users\/1"}],"replies":[{"embeddable":true,"href":"https:\/\/analyse.optim.biz\/index.php?rest_route=%2Fwp%2Fv2%2Fcomments&post=2084181"}],"version-history":[{"count":0,"href":"https:\/\/analyse.optim.biz\/index.php?rest_route=\/wp\/v2\/posts\/2084181\/revisions"}],"wp:attachment":[{"href":"https:\/\/analyse.optim.biz\/index.php?rest_route=%2Fwp%2Fv2%2Fmedia&parent=2084181"}],"wp:term":[{"taxonomy":"category","embeddable":true,"href":"https:\/\/analyse.optim.biz\/index.php?rest_route=%2Fwp%2Fv2%2Fcategories&post=2084181"},{"taxonomy":"post_tag","embeddable":true,"href":"https:\/\/analyse.optim.biz\/index.php?rest_route=%2Fwp%2Fv2%2Ftags&post=2084181"}],"curies":[{"name":"wp","href":"https:\/\/api.w.org\/{rel}","templated":true}]}}