{"id":2084174,"date":"2026-08-08T06:50:10","date_gmt":"2026-08-08T03:50:10","guid":{"rendered":"https:\/\/analyse.optim.biz\/?p=2084174"},"modified":"2026-08-08T06:50:10","modified_gmt":"2026-08-08T03:50:10","slug":"foto-un-sofer-crestin-din-marea-britanie-a-fost-pus-sa-renunte-la-mesajul-iisus-te-iubeste-de-pe-masina-pentru-a-si-putea-pastra-asigurarea","status":"publish","type":"post","link":"https:\/\/analyse.optim.biz\/?p=2084174","title":{"rendered":"FOTO | Un \u0219ofer cre\u0219tin din Marea Britanie a fost pus s\u0103 renun\u021be la mesajul \u201eIisus te iube\u0219te\u201c de pe ma\u0219in\u0103 pentru a-\u0219i putea p\u0103stra asigurarea"},"content":{"rendered":"<p>[analyse_image type=&#8221;featured&#8221; src=&#8221;https:\/\/r3media.ro\/wp-content\/uploads\/2026\/08\/sofer-la-volan-scaled-e1786170627196.jpghttps:\/\/r3media.ro\/wp-content\/uploads\/2026\/08\/sofer-la-volan-scaled-e1786170627196.jpg&#8221;]<\/p>\n<article id=\"template-id-109\" class=\"post-109 tdb_templates type-tdb_templates status-publish post\">\n<div id=\"tdi_2\" class=\"tdc-zone\">\n<div class=\"tdc_zone tdi_3  wpb_row td-pb-row\">\n<div id=\"tdi_4\" class=\"tdc-row\">\n<div class=\"vc_row tdi_5  wpb_row td-pb-row\">\n<div class=\"vc_column tdi_7  wpb_column vc_column_container tdc-column td-pb-span8\">\n<div class=\"wpb_wrapper\">\n<div class=\"td_block_wrap tdb_breadcrumbs tdi_8 td-pb-border-top td_block_template_1 tdb-breadcrumbs \" data-td-block-uid=\"tdi_8\">\n<div class=\"tdb-block-inner td-fix-index\"><span><a title=\"Vede\u021bi toate articolele \u00een FEATURED\" class=\"tdb-entry-crumb\" href=\"https:\/\/r3media.ro\/category\/featured\/\">FEATURED<\/a><\/span><span class=\"tdb-bred-no-url-last\">FOTO | Un \u0219ofer cre\u0219tin din Marea Britanie a fost pus s\u0103&#8230;<\/span><\/div>\n<\/div>\n<div class=\"td_block_wrap tdb_single_categories tdi_9 td-pb-border-top td_block_template_1 \" data-td-block-uid=\"tdi_9\">\n<div class=\"tdb-category td-fix-index\"><a class=\"tdb-entry-category\" href=\"https:\/\/r3media.ro\/category\/featured\/\">FEATURED<\/a><a class=\"tdb-entry-category\" href=\"https:\/\/r3media.ro\/category\/stiri\/\">\u0218TIRI<\/a><\/div>\n<\/div>\n<div class=\"td_block_wrap tdb_title tdi_10 tdb-single-title td-pb-border-top td_block_template_1\" data-td-block-uid=\"tdi_10\">\n<div class=\"tdb-block-inner td-fix-index\">\n<h1 class=\"tdb-title-text\">FOTO | Un \u0219ofer cre\u0219tin din Marea Britanie a fost pus s\u0103 renun\u021be la mesajul \u201eIisus te iube\u0219te\u201c de pe ma\u0219in\u0103 pentru a-\u0219i putea p\u0103stra asigurarea<\/h1>\n<\/div>\n<\/div>\n<div class=\"vc_row_inner tdi_12  vc_row vc_inner wpb_row td-pb-row\">\n<div class=\"vc_column_inner tdi_14  wpb_column vc_column_container tdc-inner-column td-pb-span12\">\n<div class=\"vc_column-inner\">\n<div class=\"wpb_wrapper\">\n<div class=\"td_block_wrap tdb_single_author tdi_15 td-pb-border-top td_block_template_1 tdb-post-meta\" data-td-block-uid=\"tdi_15\">\n<div class=\"tdb-block-inner td-fix-index\">\n<div class=\"tdb-author-name-wrap\"><a class=\"tdb-author-name\" href=\"https:\/\/r3media.ro\/author\/oana\/\">Oana Ivan<\/a><\/div>\n<\/div>\n<\/div>\n<div class=\"td_block_wrap tdb_single_date tdi_16 td-pb-border-top td_block_template_1 tdb-post-meta\" data-td-block-uid=\"tdi_16\">\n<div class=\"tdb-block-inner td-fix-index\"><time class=\"entry-date updated td-module-date\" datetime=\"2026-08-08T09:50:10+03:00\">08\/08\/2026<\/time><\/div>\n<\/div>\n<\/div>\n<\/div>\n<\/div>\n<\/div>\n<div class=\"td_block_wrap tdb_single_featured_image tdi_17 tdb-content-horiz-left td-pb-border-top td_block_template_1\" data-td-block-uid=\"tdi_17\">\n<div class=\"tdb-block-inner td-fix-index\">\n<figure><figcaption class=\"tdb-caption-text\">Surs\u0103 &#8211; Unsplash<\/figcaption><\/figure>\n<\/div>\n<\/div>\n<div class=\"td_block_wrap tdb_single_content tdi_18 td-pb-border-top td_block_template_1 td-post-content tagdiv-type\" data-td-block-uid=\"tdi_18\">\n<div class=\"tdb-block-inner td-fix-index\">\n<p><strong>Un \u0219ofer cre\u0219tin a r\u0103mas \u0219ocat dup\u0103 ce i s-a spus c\u0103 trebuie s\u0103 renun\u021be la un mesaj inscrip\u021bionat pe ma\u0219ina sa pentru a-\u0219i putea p\u0103stra asigurarea. B\u0103rbatul de 35 de ani din Birmingham, <a href=\"https:\/\/r3media.ro\/tag\/marea-britanie\/\" target=\"_blank\" rel=\"noopener\">Marea Britanie<\/a>, \u00ee\u0219i lipise ab\u021bibilduri cu \u201eIsus te iube\u0219te\u201d pe vehicul, conform <a href=\"https:\/\/www.dailymail.com\/news\/article-16031257\/Christian-driver-car-insurance-Jesus-Loves-You.html\" target=\"_blank\" rel=\"noopener\">Daily Mail<\/a>.<\/strong><\/p>\n<p>GoSkippy Insurance l-a informat pe Simeon Chandra c\u0103 departamentul s\u0103u de subscriere \u201ea refuzat modificarea efectuat\u0103 asupra vehiculului, conform ab\u021bibildurilor ad\u0103ugate pe vehicul\u201d. \u0218oferul cre\u0219tin a fost avertizat c\u0103 poli\u021ba sa va fi anulat\u0103 dac\u0103 nu \u00eendep\u0103rteaz\u0103 ab\u021bibildurile. Acestuia i s-a cerut s\u0103 trimit\u0103 fotografii noi cu ma\u0219ina dup\u0103 \u00eendep\u0103rtarea ab\u021bibildurilor.<\/p>\n<p>\u00cen cele din urm\u0103, Chandra a fost de acord cu acest lucru, pentru a-\u0219i p\u0103stra asigurarea. Cazul s\u0103u a ridicat semne de \u00eentrebare cu privire la interzicerea ab\u021bibildurilor cre\u0219tine de c\u0103tre companiile de asigur\u0103ri. B\u0103rbatul acuz\u0103 acum c\u0103 drepturile sale la libertatea religioas\u0103 \u0219i de exprimare au fost \u00eenc\u0103lcate. De assemnea, analizeaz\u0103 mai multe op\u021biuni legale cu avoca\u021bii de la Centrul Juridic Cre\u0219tin<\/p>\n<p>GoSkippy nu i-a oferit un motiv pentru aceast\u0103 decizie.<\/p>\n<h2><strong>Un \u0219ofer cre\u0219tin a lipit ab\u021bibilduri cu mesajul \u201eIisus te iube\u0219te\u201c pe ma\u0219ina proprie<\/strong><\/h2>\n<p>\u00a0<\/p>\n<p>Asiguratorii consider\u0103, \u00een general, c\u0103 orice form\u0103 de modificare a vehiculului, fie ea cosmetic\u0103 sau de \u00eembun\u0103t\u0103\u021bire a performan\u021bei, poate cre\u0219te riscul, deoarece ma\u0219ina poate fi considerat\u0103 mai atractiv\u0103 sau mai predispus\u0103 la daune inten\u021bionate.<\/p>\n<p>Chandra a lipit ab\u021bibildurile pe u\u0219ile de pe fiecare parte a vehiculului s\u0103u din 2009. Pe o parte scria: \u201eIsus te iube\u0219te\u201d, iar pe cealalt\u0103: \u201eIsus te iube\u0219te foarte mult\u201d.<\/p>\n<p>\u0218oferul a spus c\u0103 a contactat GoSkippy \u00een prealabil pentru a fi transparent. El le-a trimis fotografii \u0219i a insistat c\u0103 ab\u021bibildurile erau \u201epentru a r\u0103sp\u00e2ndi un mesaj pozitiv c\u0103 Isus te iube\u0219te\u201d. Conform propriei relat\u0103ri, lui Chandra i s-a spus c\u0103 poli\u021ba sa r\u0103m\u00e2ne valabil\u0103 doar dac\u0103 trimite fotografii cu mesajul. Dup\u0103 ce le-a trimis \u00eens\u0103, acestuia i s-a transmis c\u0103 poli\u021ba nu poate continua dec\u00e2t dac\u0103 ab\u021bibildurile sunt \u00eendep\u0103rtate.<\/p>\n<p>\u201eFeedback-ul de la departamentul de subscriere a refuzat modificarea efectuat\u0103 asupra vehiculului, conform autocolantelor ad\u0103ugate pe vehicul. Pentru ca poli\u021ba s\u0103 continue \u0219i s\u0103 fie asigurat\u0103, solicit\u0103m ca autocolantele s\u0103 fie \u00eendep\u0103rtate de pe vehicul \u0219i s\u0103 primim o fotografie datat\u0103 odat\u0103 ce autocolantele au fost \u00eendep\u0103rtate\u201d, i s-a transmis lui Chandra.<\/p>\n<h2><strong>\u0218ofer cre\u0219tin: Mi-a venit s\u0103 pl\u00e2ng!<\/strong><\/h2>\n<p>\u00a0<\/p>\n<p>B\u0103rbatul nu s-a l\u0103sat \u0219i a cerut clarific\u0103ri, dara r\u0103mas f\u0103r\u0103 r\u0103spuns \u0219i acum ia \u00een considerare ac\u021biuni \u00een justi\u021bie.<\/p>\n<p>\u201eAm fost \u0219ocat, surprins \u0219i sup\u0103rat c\u00e2nd mi-au spus c\u0103 trebuie s\u0103 \u00eendep\u0103rtez autocolantele (\u2026). Mesajul de pe ma\u0219ina mea este foarte simplu: \u00abIsus te iube\u0219te\u00bb. Nu este abuziv, politic, plin de ur\u0103 sau comercial. Este un mesaj de speran\u021b\u0103.<\/p>\n<p>Nu puteam \u00een\u021belege de ce asta ar \u00eensemna c\u0103 nu pot avea asigurare auto. Vedem tot felul de mesaje, steaguri \u0219i sloganuri \u00een via\u021ba public\u0103. Dar c\u00e2nd un cre\u0219tin \u00ee\u0219i pune un mesaj pa\u0219nic pe propria ma\u0219in\u0103, dintr-o dat\u0103 pare s\u0103 devin\u0103 o problem\u0103.<\/p>\n<p>M-am sim\u021bit trist \u0219i am sim\u021bit c\u0103 lucrurile sunt cu adev\u0103rat \u00eempotriva Domnului Isus. Mi-a venit s\u0103 pl\u00e2ng. Cred c\u0103 oamenii cu alte mesaje nu s-ar fi confruntat cu aceea\u0219i situa\u021bie\u201d, a spus \u0219oferul cre\u0219tin.<\/p>\n<h2><strong>Cre\u0219tinismul, persecutat \u00een Marea Britanie<\/strong><\/h2>\n<p>\u00a0<\/p>\n<p>Simeon Chandra a devenit cre\u0219tin c\u00e2nd era la universitate. El se trage dintr-o familie de origine indian\u0103, iar p\u0103rin\u021bii s\u0103i erau misionari cre\u0219tini. Tat\u0103l s\u0103u a fost crescut ca hindus \u00eenainte de a se converti la cre\u0219tinism, \u00een timp ce mama sa a devenit cre\u0219tin\u0103 dup\u0103 ce a experimentat vindecarea unui picior r\u0103nit la o slujb\u0103 religioas\u0103.<\/p>\n<p>\u201eAcest caz nu este despre o modificare tehnic\u0103 a vehiculului. Este vorba despre dac\u0103 cre\u0219tinii obi\u0219nui\u021bi sunt liberi s\u0103-\u0219i exprime credin\u021ba \u00een public f\u0103r\u0103 a fi exclu\u0219i de la serviciile esen\u021biale. Un autocolant pe care scrie \u00abIsus te iube\u0219te\u00bb nu este comparabil cu o reclam\u0103 comercial\u0103, o campanie politic\u0103 sau un slogan ofensator. Este o declara\u021bie pa\u0219nic\u0103 a credin\u021bei cre\u0219tine.<\/p>\n<p>Dac\u0103 asiguratorii pot refuza acoperirea pentru c\u0103 un client afi\u0219eaz\u0103 un mesaj cre\u0219tin, acest lucru ar trebui s\u0103 alarmeze pe to\u021bi cei c\u0103rora le pas\u0103 de libertatea religioas\u0103 \u0219i de libertatea de exprimare\u201d, a declarat Andrea Williams, director executiv al Centrului Juridic Cre\u0219tin<\/p>\n<p>Cazul are paralele cu un alt incident din 2015. La acea vreme un alt asigurator a amenin\u021bat c\u0103 va anula poli\u021ba unui pastor cre\u0219tin. La fel ca \u00een acest caz, marea gre\u0219eal\u0103 a fost c\u0103 lipise autocolante religioase pe ma\u0219in\u0103.<\/p>\n<blockquote class=\"twitter-tweet\" data-width=\"550\" data-dnt=\"true\">\n<p lang=\"en\" dir=\"ltr\">Christian driver is told car insurance will be voided unless he removes &#8216;Jesus Loves You&#8217; stickers from his Nissan Pixo <a href=\"https:\/\/t.co\/QTZdUQF2OX\">https:\/\/t.co\/QTZdUQF2OX<\/a><\/p>\n<p>\u2014 Daily Mail (@DailyMail) <a href=\"https:\/\/x.com\/DailyMail\/status\/2085511739500597405?ref_src=twsrc%5Etfw\">August 6, 2026<\/a><\/p>\n<\/blockquote>\n<div class=\"crp_related     crp-masonry\">\n<h2>\u00ceN CONTEXT<\/h2>\n<ul>\n<li><a href=\"https:\/\/r3media.ro\/fara-tine-in-google-r3media-dispare-iata-ce-poti-face-in-10-secunde\/\" class=\"crp_link post-119031\"><span class=\"crp_title\">F\u0103r\u0103 tine \u00een Google, R3media dispare. Iat\u0103 ce po\u021bi face \u00een 10 secunde<\/span><\/a><\/li>\n<li><a href=\"https:\/\/r3media.ro\/detalii-atacator-belfast-decapitare-om-marea-birtanie-solicitare-azil-accelerata\/\" class=\"crp_link post-118130\"><span class=\"crp_title\">Ies la iveal\u0103 detalii despre atacatorul din Belfast care a vrut s\u0103 decapiteze \u00een om \u00een plin\u0103\u2026<\/span><\/a><\/li>\n<li><a href=\"https:\/\/r3media.ro\/miscare-de-protest-marea-britanie-keir-starmer-anunt-obligatoriu-card-de-identitate-digital-supraveghere-in-masa\/\" class=\"crp_link post-113449\"><span class=\"crp_title\">Mi\u0219care de protest \u00een Marea Britanie dup\u0103 ce Keir Starmer a anun\u021bat c\u0103 va introduce\u2026<\/span><\/a><\/li>\n<li><a href=\"https:\/\/r3media.ro\/ministr-securitate-energetica-marea-britanie-subventii-net-zero-umfla-facturi-cetateni-energie\/\" class=\"crp_link post-120799\"><span class=\"crp_title\">Ministrul Securit\u0103\u021bii Energetice din Marea Britanie neag\u0103 faptul c\u0103 subven\u021biile Net Zero\u2026<\/span><\/a><\/li>\n<li><a href=\"https:\/\/r3media.ro\/tineri-generatia-intoarcere-crestinism-participare-viata-religioasa-marea-britanie-crescut-vertiginos-citire-biblie-obisnuinta\/\" class=\"crp_link post-114762\"><span class=\"crp_title\">Tinerii din Genera\u021bia Z se \u00eentorc masiv la Cre\u0219tinism: Participarea la via\u021ba religioas\u0103 \u00een\u2026<\/span><\/a><\/li>\n<li><a href=\"https:\/\/r3media.ro\/suedia-familie-crestina-cofetarie-vinovata-discriminare-refuz-tort-lesbiene-lgbt\/\" class=\"crp_link post-112378\"><span class=\"crp_title\">Suedia | O familie cre\u0219tin\u0103 care are o cofet\u0103rie a fost g\u0103sit\u0103 vinovat\u0103 de discriminare\u2026<\/span><\/a><\/li>\n<li><a href=\"https:\/\/r3media.ro\/video-copii-grup-psaltic-tronos-junior-batjocoriti-scoala-credinta-crestin-ortodoxa-purtare-cruciulite-mers-biserica\/\" class=\"crp_link post-114236\"><span class=\"crp_title\">VIDEO | Copiii din Tronos Junior sunt batjocori\u021bi la \u0219coal\u0103 pentru credin\u021ba lor\u2026<\/span><\/a><\/li>\n<li><a href=\"https:\/\/r3media.ro\/schimbare-istorica-marea-britanie-nigel-farage-castiga-alegerile-locale-reform-uk-spulbera-laburisti-keir-starmer\/\" class=\"crp_link post-116077\"><span class=\"crp_title\">VIDEO | Schimbare istoric\u0103 \u00een Marea Britanie: Nigel Farage a c\u00e2\u0219tigat alegerile locale cu\u2026<\/span><\/a><\/li>\n<\/ul>\n<\/div>\n<\/div>\n<\/div>\n<div class=\"td_block_wrap tdb_single_tags tdi_19 td-pb-border-top td_block_template_1\" data-td-block-uid=\"tdi_19\">\n<div class=\"tdb-block-inner td-fix-index\">\n<ul class=\"tdb-tags\">\n<li><span>SUBIECTE FIERBIN\u021aI<\/span><\/li>\n<li><a href=\"https:\/\/r3media.ro\/tag\/crestini-persecutati\/\">cre\u0219tini persecuta\u021bi<\/a><\/li>\n<li><a href=\"https:\/\/r3media.ro\/tag\/marea-britanie\/\">marea britanie<\/a><\/li>\n<\/ul>\n<\/div>\n<\/div>\n<div class=\"td_block_wrap td_block_9 tdi_20 td_with_ajax_pagination td-pb-border-top td_block_template_1 td-column-2 td_block_padding td_block_bot_line\" data-td-block-uid=\"tdi_20\">\n<div class=\"td-block-title-wrap\">\n<h4 class=\"block-title td-block-title\"><span class=\"td-pulldown-size\">CITE\u0218TE MAI MULT<\/span><\/h4>\n<\/div>\n<div id=\"tdi_20\" class=\"td_block_inner\">\n<div class=\"td-block-row\">\n<div class=\"td-block-span6\">\n<div class=\"td_module_8 td_module_wrap\">\n<div class=\"item-details\">\n<h3 class=\"entry-title td-module-title\"><a href=\"https:\/\/r3media.ro\/show-iluzie-si-realitate-de-la-the-truman-show-la-son-of-a-rich\/\" rel=\"bookmark\" title=\"Show, iluzie \u0219i realitate: de la The Truman Show la Son of a Rich\">Show, iluzie \u0219i realitate: de la The Truman Show la Son of a Rich<\/a><\/h3>\n<div class=\"td-module-meta-info\"><a href=\"https:\/\/r3media.ro\/category\/opinii\/\" class=\"td-post-category\">OPINII<\/a><span class=\"td-post-author-name\"><a href=\"https:\/\/r3media.ro\/author\/costi_balasoiu\/\">Constantin B\u0103l\u0103\u0219oiu<\/a><span>&#8211;<\/span><\/span><span class=\"td-post-date\"><time class=\"entry-date updated td-module-date\" datetime=\"2026-08-08T15:30:25+03:00\">08\/08\/2026<\/time><\/span><\/div>\n<\/div>\n<\/div>\n<\/div>\n<div class=\"td-block-span6\">\n<div class=\"td_module_8 td_module_wrap\">\n<div class=\"item-details\">\n<h3 class=\"entry-title td-module-title\"><a href=\"https:\/\/r3media.ro\/kia-recheama-service-prima-generatie-masini-electrice-e-niro-risc-incendiu\/\" rel=\"bookmark\" title=\"Kia recheam\u0103 \u00een service prima genera\u021bie de ma\u0219ini electrice e-Niro din cauza riscului de incendiu\">Kia recheam\u0103 \u00een service prima genera\u021bie de ma\u0219ini electrice e-Niro din cauza riscului de&#8230;<\/a><\/h3>\n<div class=\"td-module-meta-info\"><a href=\"https:\/\/r3media.ro\/category\/actualitate\/\" class=\"td-post-category\">ACTUALITATE<\/a><span class=\"td-post-author-name\"><a href=\"https:\/\/r3media.ro\/author\/oana\/\">Oana Ivan<\/a><span>&#8211;<\/span><\/span><span class=\"td-post-date\"><time class=\"entry-date updated td-module-date\" datetime=\"2026-08-06T17:07:42+03:00\">06\/08\/2026<\/time><\/span><\/div>\n<\/div>\n<\/div>\n<\/div>\n<\/div>\n<div class=\"td-block-row\">\n<div class=\"td-block-span6\">\n<div class=\"td_module_8 td_module_wrap\">\n<div class=\"item-details\">\n<h3 class=\"entry-title td-module-title\"><a href=\"https:\/\/r3media.ro\/david-popovici-fair-play-sportivi-rusi-competitii\/\" rel=\"bookmark\" title=\"David Popovici, fair-play la revenirea sportivilor ru\u0219i \u00een competi\u021bii: Le urez succes, sper s\u0103 fiu mai bun dec\u00e2t ei\">David Popovici, fair-play la revenirea sportivilor ru\u0219i \u00een competi\u021bii: Le urez succes, sper s\u0103&#8230;<\/a><\/h3>\n<div class=\"td-module-meta-info\"><a href=\"https:\/\/r3media.ro\/category\/stiri-prim-plan\/\" class=\"td-post-category\">PRIM PLAN<\/a><span class=\"td-post-author-name\"><a href=\"https:\/\/r3media.ro\/author\/redactia\/\">Redac\u021bia<\/a><span>&#8211;<\/span><\/span><span class=\"td-post-date\"><time class=\"entry-date updated td-module-date\" datetime=\"2026-08-07T15:07:51+03:00\">07\/08\/2026<\/time><\/span><\/div>\n<\/div>\n<\/div>\n<\/div>\n<div class=\"td-block-span6\">\n<div class=\"td_module_8 td_module_wrap\">\n<div class=\"item-details\">\n<h3 class=\"entry-title td-module-title\"><a href=\"https:\/\/r3media.ro\/fani-stapanul-inelelor-surpriza-sezonul-3-sauron\/\" rel=\"bookmark\" title=\"Fanii \u201eSt\u0103p\u00e2nul Inelelor\u201c ar putea avea o surpriz\u0103 \u00een sezonul 3 din serialul \u201eInelele Puterii\u201c. Sauron se va confrunta cu o creatur\u0103 de temut\">Fanii \u201eSt\u0103p\u00e2nul Inelelor\u201c ar putea avea o surpriz\u0103 \u00een sezonul 3 din serialul \u201eInelele&#8230;<\/a><\/h3>\n<div class=\"td-module-meta-info\"><a href=\"https:\/\/r3media.ro\/category\/featured\/\" class=\"td-post-category\">FEATURED<\/a><span class=\"td-post-author-name\"><a href=\"https:\/\/r3media.ro\/author\/oana\/\">Oana Ivan<\/a><span>&#8211;<\/span><\/span><span class=\"td-post-date\"><time class=\"entry-date updated td-module-date\" datetime=\"2026-08-08T00:19:31+03:00\">08\/08\/2026<\/time><\/span><\/div>\n<\/div>\n<\/div>\n<\/div>\n<\/div>\n<div class=\"td-block-row\">\n<div class=\"td-block-span6\">\n<div class=\"td_module_8 td_module_wrap\">\n<div class=\"item-details\">\n<h3 class=\"entry-title td-module-title\"><a href=\"https:\/\/r3media.ro\/drona-gasita-mare-mamaia-zona-loft-video\/\" rel=\"bookmark\" title=\"VIDEO | O dron\u0103 a fost g\u0103sit\u0103 \u00een mare, \u00een Mamaia, \u00een zona Loft\">VIDEO | O dron\u0103 a fost g\u0103sit\u0103 \u00een mare, \u00een Mamaia, \u00een zona Loft<\/a><\/h3>\n<div class=\"td-module-meta-info\"><a href=\"https:\/\/r3media.ro\/category\/actualitate\/\" class=\"td-post-category\">ACTUALITATE<\/a><span class=\"td-post-author-name\"><a href=\"https:\/\/r3media.ro\/author\/oana\/\">Oana Ivan<\/a><span>&#8211;<\/span><\/span><span class=\"td-post-date\"><time class=\"entry-date updated td-module-date\" datetime=\"2026-08-05T21:48:11+03:00\">05\/08\/2026<\/time><\/span><\/div>\n<\/div>\n<\/div>\n<\/div>\n<div class=\"td-block-span6\">\n<div class=\"td_module_8 td_module_wrap\">\n<div class=\"item-details\">\n<h3 class=\"entry-title td-module-title\"><a href=\"https:\/\/r3media.ro\/cand-incepe-scoala-in-2026-structura-an-nou-scolar\/\" rel=\"bookmark\" title=\"C\u00e2nd \u00eencepe \u0219coala \u00een 2026: Structura noului an \u0219colar, vacan\u021bele \u0219i zilele libere\">C\u00e2nd \u00eencepe \u0219coala \u00een 2026: Structura noului an \u0219colar, vacan\u021bele \u0219i zilele libere<\/a><\/h3>\n<div class=\"td-module-meta-info\"><a href=\"https:\/\/r3media.ro\/category\/actualitate\/\" class=\"td-post-category\">ACTUALITATE<\/a><span class=\"td-post-author-name\"><a href=\"https:\/\/r3media.ro\/author\/oana\/\">Oana Ivan<\/a><span>&#8211;<\/span><\/span><span class=\"td-post-date\"><time class=\"entry-date updated td-module-date\" datetime=\"2026-08-03T22:23:20+03:00\">03\/08\/2026<\/time><\/span><\/div>\n<\/div>\n<\/div>\n<\/div>\n<\/div>\n<div class=\"td-block-row\">\n<div class=\"td-block-span6\">\n<div class=\"td_module_8 td_module_wrap\">\n<div class=\"item-details\">\n<h3 class=\"entry-title td-module-title\"><a href=\"https:\/\/r3media.ro\/tara-europa-norvegia-masini-electrice-inmatriculate-cota-ridicata\/\" rel=\"bookmark\" title=\"\u021aara din Europa unde aproape toate ma\u0219inile \u00eenmatriculate sune electrice. Cota a ajuns la 97,6% \u00een iulie\">\u021aara din Europa unde aproape toate ma\u0219inile \u00eenmatriculate sune electrice. Cota a ajuns la&#8230;<\/a><\/h3>\n<div class=\"td-module-meta-info\"><a href=\"https:\/\/r3media.ro\/category\/actualitate\/\" class=\"td-post-category\">ACTUALITATE<\/a><span class=\"td-post-author-name\"><a href=\"https:\/\/r3media.ro\/author\/oana\/\">Oana Ivan<\/a><span>&#8211;<\/span><\/span><span class=\"td-post-date\"><time class=\"entry-date updated td-module-date\" datetime=\"2026-08-03T17:01:21+03:00\">03\/08\/2026<\/time><\/span><\/div>\n<\/div>\n<\/div>\n<\/div>\n<div class=\"td-block-span6\">\n<div class=\"td_module_8 td_module_wrap\">\n<div class=\"item-details\">\n<h3 class=\"entry-title td-module-title\"><a href=\"https:\/\/r3media.ro\/puterea-mitologica-instalata-a-romaniei\/\" rel=\"bookmark\" title=\"Puterea mitologic\u0103 instalat\u0103 a Rom\u00e2niei\">Puterea mitologic\u0103 instalat\u0103 a Rom\u00e2niei<\/a><\/h3>\n<div class=\"td-module-meta-info\"><a href=\"https:\/\/r3media.ro\/category\/opinii\/\" class=\"td-post-category\">OPINII<\/a><span class=\"td-post-author-name\"><a href=\"https:\/\/r3media.ro\/author\/tru\/\">TRU (Traian Ungureanu)<\/a><span>&#8211;<\/span><\/span><span class=\"td-post-date\"><time class=\"entry-date updated td-module-date\" datetime=\"2026-08-02T22:08:04+03:00\">02\/08\/2026<\/time><\/span><\/div>\n<\/div>\n<\/div>\n<\/div>\n<\/div>\n<div class=\"td-block-row\">\n<div class=\"td-block-span6\">\n<div class=\"td_module_8 td_module_wrap\">\n<div class=\"item-details\">\n<h3 class=\"entry-title td-module-title\"><a href=\"https:\/\/r3media.ro\/hyundai-recheama-service-masini-electrice-inster-risc-incendiu\/\" rel=\"bookmark\" title=\"Hyundai recheam\u0103 \u00een service zeci de mii de ma\u0219ini electrice din cauza riscului de incendiu\">Hyundai recheam\u0103 \u00een service zeci de mii de ma\u0219ini electrice din cauza riscului de&#8230;<\/a><\/h3>\n<div class=\"td-module-meta-info\"><a href=\"https:\/\/r3media.ro\/category\/actualitate\/\" class=\"td-post-category\">ACTUALITATE<\/a><span class=\"td-post-author-name\"><a href=\"https:\/\/r3media.ro\/author\/oana\/\">Oana Ivan<\/a><span>&#8211;<\/span><\/span><span class=\"td-post-date\"><time class=\"entry-date updated td-module-date\" datetime=\"2026-08-02T08:34:05+03:00\">02\/08\/2026<\/time><\/span><\/div>\n<\/div>\n<\/div>\n<\/div>\n<div class=\"td-block-span6\">\n<div class=\"td_module_8 td_module_wrap\">\n<div class=\"item-details\">\n<h3 class=\"entry-title td-module-title\"><a href=\"https:\/\/r3media.ro\/dragostea-care-transcende-epoci-descult-in-parc-1967\/\" rel=\"bookmark\" title=\"Dragostea care transcende epoci \u2014 Descul\u021b \u00een parc (1967)\">Dragostea care transcende epoci \u2014 Descul\u021b \u00een parc (1967)<\/a><\/h3>\n<div class=\"td-module-meta-info\"><a href=\"https:\/\/r3media.ro\/category\/opinii\/\" class=\"td-post-category\">OPINII<\/a><span class=\"td-post-author-name\"><a href=\"https:\/\/r3media.ro\/author\/costi_balasoiu\/\">Constantin B\u0103l\u0103\u0219oiu<\/a><span>&#8211;<\/span><\/span><span class=\"td-post-date\"><time class=\"entry-date updated td-module-date\" datetime=\"2026-08-01T13:45:14+03:00\">01\/08\/2026<\/time><\/span><\/div>\n<\/div>\n<\/div>\n<\/div>\n<\/div>\n<div class=\"td-block-row\">\n<div class=\"td-block-span6\">\n<div class=\"td_module_8 td_module_wrap\">\n<div class=\"item-details\">\n<h3 class=\"entry-title td-module-title\"><a href=\"https:\/\/r3media.ro\/masina-electrica-foc-turcia-incarcat-vehicul-explozie-pompieri-stingere-incendiu-video\/\" rel=\"bookmark\" title=\"VIDEO | O ma\u0219in\u0103 electric\u0103 a luat foc \u00een timp ce se afla la \u00eenc\u0103rcat. Vehiculul a explodat chiar c\u00e2nd pompierii \u00eencercau s\u0103 sting\u0103 incendiul folosind o p\u0103tur\u0103 ignifug\u0103\">VIDEO | O ma\u0219in\u0103 electric\u0103 a luat foc \u00een timp ce se afla la&#8230;<\/a><\/h3>\n<div class=\"td-module-meta-info\"><a href=\"https:\/\/r3media.ro\/category\/actualitate\/\" class=\"td-post-category\">ACTUALITATE<\/a><span class=\"td-post-author-name\"><a href=\"https:\/\/r3media.ro\/author\/oana\/\">Oana Ivan<\/a><span>&#8211;<\/span><\/span><span class=\"td-post-date\"><time class=\"entry-date updated td-module-date\" datetime=\"2026-07-31T13:33:48+03:00\">31\/07\/2026<\/time><\/span><\/div>\n<\/div>\n<\/div>\n<\/div>\n<div class=\"td-block-span6\">\n<div class=\"td_module_8 td_module_wrap\">\n<div class=\"item-details\">\n<h3 class=\"entry-title td-module-title\"><a href=\"https:\/\/r3media.ro\/spania-asediu-migranti-exclava-ceuta-africa-madrid-trupe-securitate-video\/\" rel=\"bookmark\" title=\"VIDEO | Spania se afl\u0103 sub asediu: Mii de migran\u021bi au luat cu asalt exclava Ceuta din Africa. Madridul a trimis trupe pentru a consolida securitatea\">VIDEO | Spania se afl\u0103 sub asediu: Mii de migran\u021bi au luat cu asalt&#8230;<\/a><\/h3>\n<div class=\"td-module-meta-info\"><a href=\"https:\/\/r3media.ro\/category\/actualitate\/\" class=\"td-post-category\">ACTUALITATE<\/a><span class=\"td-post-author-name\"><a href=\"https:\/\/r3media.ro\/author\/oana\/\">Oana Ivan<\/a><span>&#8211;<\/span><\/span><span class=\"td-post-date\"><time class=\"entry-date updated td-module-date\" datetime=\"2026-07-31T12:39:57+03:00\">31\/07\/2026<\/time><\/span><\/div>\n<\/div>\n<\/div>\n<\/div>\n<\/div>\n<\/div>\n<div class=\"td-load-more-wrap td-load-more-infinite-wrap\" id=\"infinite-lm-tdi_20\"><a href=\"https:\/\/r3media.ro\/sofer-crestin-marea-britanie-iisus-te-iubeste-masina-asigurare\/\" class=\"td_ajax_load_more td_ajax_load_more_js\" aria-label=\"\u00cenc\u0103rca\u021bi mai multe\" id=\"next-page-tdi_20\" data-td_block_id=\"tdi_20\">\u00cenc\u0103rca\u021bi mai multe<\/a><\/div>\n<\/div>\n<div class=\"td_block_wrap tdb_single_comments tdi_21 tdb-comm-layout2 td-pb-border-top td_block_template_1\" data-td-block-uid=\"tdi_21\">\n<div class=\"tdb-block-inner td-fix-index\">\n<div class=\"comments\" id=\"comments\">\n<div id=\"respond\" class=\"comment-respond\">\n<h3 id=\"reply-title\" class=\"comment-reply-title\">AI CEVA DE SPUS? <small><a rel=\"nofollow\" id=\"cancel-comment-reply-link\" href=\"https:\/\/r3media.ro\/sofer-crestin-marea-britanie-iisus-te-iubeste-masina-asigurare\/#respond\">Renun\u021ba\u021bi la r\u0103spuns<\/a><\/small><\/h3>\n<div class=\"comment-form-input-wrap td-form-comment\">\n<div class=\"td-warning-comment\">V\u0103 rug\u0103m s\u0103 introduce\u021bi comentariul dvs.!<\/div>\n<\/div>\n<div class=\"comment-form-input-wrap td-form-author\">\n<div class=\"td-warning-author\">Introduce\u021bi aici numele dvs.<\/div>\n<\/div>\n<div class=\"comment-form-input-wrap td-form-email\">\n<div class=\"td-warning-email-error\">A\u021bi introdus o adres\u0103 de e-mail incorect\u0103!<\/div>\n<div class=\"td-warning-email\">V\u0103 rug\u0103m s\u0103 introduce\u021bi adresa dvs. de e-mail aici<\/div>\n<\/div>\n<\/div>\n<\/div>\n<\/div>\n<\/div>\n<\/div>\n<\/div>\n<div class=\"vc_column tdi_23  wpb_column vc_column_container tdc-column td-pb-span4 td-is-sticky\">\n<div class=\"wpb_wrapper\" data-sticky-enabled-on=\"W3RydWUsdHJ1ZSx0cnVlLHRydWVd\" data-sticky-offset=\"20\" data-sticky-is-width-auto=\"W2ZhbHNlLGZhbHNlLGZhbHNlLGZhbHNlXQ==\">\n<div class=\"wpb_wrapper td_block_wrap vc_widget_sidebar tdi_25 \">\n<div class=\"td_block_wrap td_block_7 td_block_widget tdi_26 td-pb-border-top td_block_template_1 td-column-1 td_block_padding\" data-td-block-uid=\"tdi_26\">\n<div class=\"td-block-title-wrap\">\n<h4 class=\"block-title td-block-title\"><span class=\"td-pulldown-size\">Articole RELA\u021aIONATE<\/span><\/h4>\n<\/div>\n<div id=\"tdi_26\" class=\"td_block_inner\">\n<div class=\"td-block-span12\">\n<div class=\"td_module_6 td_module_wrap td-animation-stack\">\n<div class=\"td-module-thumb\"><a href=\"https:\/\/r3media.ro\/papi-si-conclavuri-traditie-si-anticlericalism-in-cinema-cei-doi-papi-si-conclavul\/\" rel=\"bookmark\" class=\"td-image-wrap \" title=\"Papi \u0219i conclavuri, tradi\u021bie \u0219i anticlericalism \u00een cinema: Cei doi papi \u0219i Conclavul\"><img loading=\"lazy\" decoding=\"async\" class=\"entry-thumb\" src=\"https:\/\/r3media.ro\/wp-content\/uploads\/2026\/08\/cei-doi-papi-100x70.jpg\" alt title=\"Papi \u0219i conclavuri, tradi\u021bie \u0219i anticlericalism \u00een cinema: Cei doi papi \u0219i Conclavul\" width=\"100\" height=\"70\"><\/a><\/div>\n<div class=\"item-details\">\n<h3 class=\"entry-title td-module-title\"><a href=\"https:\/\/r3media.ro\/papi-si-conclavuri-traditie-si-anticlericalism-in-cinema-cei-doi-papi-si-conclavul\/\" rel=\"bookmark\" title=\"Papi \u0219i conclavuri, tradi\u021bie \u0219i anticlericalism \u00een cinema: Cei doi papi \u0219i Conclavul\">Papi \u0219i conclavuri, tradi\u021bie \u0219i anticlericalism \u00een cinema: Cei doi papi&#8230;<\/a><\/h3>\n<div class=\"td-module-meta-info\"><span class=\"td-post-date\"><time class=\"entry-date updated td-module-date\" datetime=\"2026-08-08T22:07:22+03:00\">08\/08\/2026<\/time><\/span><\/div>\n<\/div>\n<\/div>\n<\/div>\n<div class=\"td-block-span12\">\n<div class=\"td_module_6 td_module_wrap td-animation-stack\">\n<div class=\"td-module-thumb\"><a href=\"https:\/\/r3media.ro\/adrian-agachi-bor-sadhguru-untold-cluj\/\" rel=\"bookmark\" class=\"td-image-wrap \" title=\"Pr. Adrian Agachi (BOR), dup\u0103 ce Sadhguru a urcat pe scena UNTOLD: Nu, dragilor, f\u0103r\u0103 oameni planeta nu ar fi mai bun\u0103, planeta \u0219i-ar rata definitiv scopul!\"><img loading=\"lazy\" decoding=\"async\" class=\"entry-thumb\" src=\"https:\/\/r3media.ro\/wp-content\/uploads\/2026\/04\/adrian-agachi-100x70.png\" alt title=\"Pr. Adrian Agachi (BOR), dup\u0103 ce Sadhguru a urcat pe scena UNTOLD: Nu, dragilor, f\u0103r\u0103 oameni planeta nu ar fi mai bun\u0103, planeta \u0219i-ar rata definitiv scopul!\" width=\"100\" height=\"70\"><\/a><\/div>\n<div class=\"item-details\">\n<h3 class=\"entry-title td-module-title\"><a href=\"https:\/\/r3media.ro\/adrian-agachi-bor-sadhguru-untold-cluj\/\" rel=\"bookmark\" title=\"Pr. Adrian Agachi (BOR), dup\u0103 ce Sadhguru a urcat pe scena UNTOLD: Nu, dragilor, f\u0103r\u0103 oameni planeta nu ar fi mai bun\u0103, planeta \u0219i-ar rata definitiv scopul!\">Pr. Adrian Agachi (BOR), dup\u0103 ce Sadhguru a urcat pe scena&#8230;<\/a><\/h3>\n<div class=\"td-module-meta-info\"><span class=\"td-post-date\"><time class=\"entry-date updated td-module-date\" datetime=\"2026-08-08T17:29:00+03:00\">08\/08\/2026<\/time><\/span><\/div>\n<\/div>\n<\/div>\n<\/div>\n<div class=\"td-block-span12\">\n<div class=\"td_module_6 td_module_wrap td-animation-stack\">\n<div class=\"td-module-thumb\"><a href=\"https:\/\/r3media.ro\/o-drona-a-intrat-in-bulgaria-dinspre-romania-si-a-explodat-la-100-de-metri-de-granita\/\" rel=\"bookmark\" class=\"td-image-wrap \" title=\"O dron\u0103 a intrat \u00een Bulgaria dinspre Rom\u00e2nia \u0219i a explodat la 100 de metri de grani\u021b\u0103\"><img loading=\"lazy\" decoding=\"async\" class=\"entry-thumb\" src=\"https:\/\/r3media.ro\/wp-content\/uploads\/2022\/11\/romania-bulgaria-cash-100x70.jpg\" alt title=\"O dron\u0103 a intrat \u00een Bulgaria dinspre Rom\u00e2nia \u0219i a explodat la 100 de metri de grani\u021b\u0103\" width=\"100\" height=\"70\"><\/a><\/div>\n<div class=\"item-details\">\n<h3 class=\"entry-title td-module-title\"><a href=\"https:\/\/r3media.ro\/o-drona-a-intrat-in-bulgaria-dinspre-romania-si-a-explodat-la-100-de-metri-de-granita\/\" rel=\"bookmark\" title=\"O dron\u0103 a intrat \u00een Bulgaria dinspre Rom\u00e2nia \u0219i a explodat la 100 de metri de grani\u021b\u0103\">O dron\u0103 a intrat \u00een Bulgaria dinspre Rom\u00e2nia \u0219i a explodat&#8230;<\/a><\/h3>\n<div class=\"td-module-meta-info\"><span class=\"td-post-date\"><time class=\"entry-date updated td-module-date\" datetime=\"2026-08-08T16:12:44+03:00\">08\/08\/2026<\/time><\/span><\/div>\n<\/div>\n<\/div>\n<\/div>\n<div class=\"td-block-span12\">\n<div class=\"td_module_6 td_module_wrap td-animation-stack\">\n<div class=\"td-module-thumb\"><a href=\"https:\/\/r3media.ro\/show-iluzie-si-realitate-de-la-the-truman-show-la-son-of-a-rich\/\" rel=\"bookmark\" class=\"td-image-wrap \" title=\"Show, iluzie \u0219i realitate: de la The Truman Show la Son of a Rich\"><img loading=\"lazy\" decoding=\"async\" class=\"entry-thumb\" src=\"https:\/\/r3media.ro\/wp-content\/uploads\/2026\/08\/the-truman-show-jim-carrey-100x70.webp\" alt title=\"Show, iluzie \u0219i realitate: de la The Truman Show la Son of a Rich\" width=\"100\" height=\"70\"><\/a><\/div>\n<div class=\"item-details\">\n<h3 class=\"entry-title td-module-title\"><a href=\"https:\/\/r3media.ro\/show-iluzie-si-realitate-de-la-the-truman-show-la-son-of-a-rich\/\" rel=\"bookmark\" title=\"Show, iluzie \u0219i realitate: de la The Truman Show la Son of a Rich\">Show, iluzie \u0219i realitate: de la The Truman Show la Son&#8230;<\/a><\/h3>\n<div class=\"td-module-meta-info\"><span class=\"td-post-date\"><time class=\"entry-date updated td-module-date\" datetime=\"2026-08-08T15:30:25+03:00\">08\/08\/2026<\/time><\/span><\/div>\n<\/div>\n<\/div>\n<\/div>\n<div class=\"td-block-span12\">\n<div class=\"td_module_6 td_module_wrap td-animation-stack\">\n<div class=\"td-module-thumb\"><a href=\"https:\/\/r3media.ro\/alex-suler-rugby-mort-pancreatita-severa\/\" rel=\"bookmark\" class=\"td-image-wrap \" title=\"Fostul rugbist Alex \u0218uler a murit la 25 de ani dup\u0103 o pancreatit\u0103 sever\u0103\"><img loading=\"lazy\" decoding=\"async\" class=\"entry-thumb\" src=\"https:\/\/r3media.ro\/wp-content\/uploads\/2026\/08\/alex-suler-100x70.png\" alt title=\"Fostul rugbist Alex \u0218uler a murit la 25 de ani dup\u0103 o pancreatit\u0103 sever\u0103\" width=\"100\" height=\"70\"><\/a><\/div>\n<div class=\"item-details\">\n<h3 class=\"entry-title td-module-title\"><a href=\"https:\/\/r3media.ro\/alex-suler-rugby-mort-pancreatita-severa\/\" rel=\"bookmark\" title=\"Fostul rugbist Alex \u0218uler a murit la 25 de ani dup\u0103 o pancreatit\u0103 sever\u0103\">Fostul rugbist Alex \u0218uler a murit la 25 de ani dup\u0103&#8230;<\/a><\/h3>\n<div class=\"td-module-meta-info\"><span class=\"td-post-date\"><time class=\"entry-date updated td-module-date\" datetime=\"2026-08-08T10:33:29+03:00\">08\/08\/2026<\/time><\/span><\/div>\n<\/div>\n<\/div>\n<\/div>\n<div class=\"td-block-span12\">\n<div class=\"td_module_6 td_module_wrap td-animation-stack\">\n<div class=\"td-module-thumb\"><a href=\"https:\/\/r3media.ro\/fani-stapanul-inelelor-surpriza-sezonul-3-sauron\/\" rel=\"bookmark\" class=\"td-image-wrap \" title=\"Fanii \u201eSt\u0103p\u00e2nul Inelelor\u201c ar putea avea o surpriz\u0103 \u00een sezonul 3 din serialul \u201eInelele Puterii\u201c. Sauron se va confrunta cu o creatur\u0103 de temut\"><img loading=\"lazy\" decoding=\"async\" class=\"entry-thumb\" src=\"https:\/\/r3media.ro\/wp-content\/uploads\/2026\/08\/stapanul-inelelor-sauron-100x70.png\" alt title=\"Fanii \u201eSt\u0103p\u00e2nul Inelelor\u201c ar putea avea o surpriz\u0103 \u00een sezonul 3 din serialul \u201eInelele Puterii\u201c. Sauron se va confrunta cu o creatur\u0103 de temut\" width=\"100\" height=\"70\"><\/a><\/div>\n<div class=\"item-details\">\n<h3 class=\"entry-title td-module-title\"><a href=\"https:\/\/r3media.ro\/fani-stapanul-inelelor-surpriza-sezonul-3-sauron\/\" rel=\"bookmark\" title=\"Fanii \u201eSt\u0103p\u00e2nul Inelelor\u201c ar putea avea o surpriz\u0103 \u00een sezonul 3 din serialul \u201eInelele Puterii\u201c. Sauron se va confrunta cu o creatur\u0103 de temut\">Fanii \u201eSt\u0103p\u00e2nul Inelelor\u201c ar putea avea o surpriz\u0103 \u00een sezonul 3&#8230;<\/a><\/h3>\n<div class=\"td-module-meta-info\"><span class=\"td-post-date\"><time class=\"entry-date updated td-module-date\" datetime=\"2026-08-08T00:19:31+03:00\">08\/08\/2026<\/time><\/span><\/div>\n<\/div>\n<\/div>\n<\/div>\n<div class=\"td-block-span12\">\n<div class=\"td_module_6 td_module_wrap td-animation-stack\">\n<div class=\"td-module-thumb\"><a href=\"https:\/\/r3media.ro\/calendarul-zilei-8-august-sf-ierarh-emilian-marturisitorul\/\" rel=\"bookmark\" class=\"td-image-wrap \" title=\"Calendarul zilei 8 august: Sf\u00e2ntul Preot Mucenic Alexandru din Basarabia. Sf. ierarh Emilian M\u0103rturisitorul\"><img loading=\"lazy\" decoding=\"async\" class=\"entry-thumb\" src=\"https:\/\/r3media.ro\/wp-content\/uploads\/2022\/08\/maxresdefault-2-100x70.jpg\" alt title=\"Calendarul zilei 8 august: Sf\u00e2ntul Preot Mucenic Alexandru din Basarabia. Sf. ierarh Emilian M\u0103rturisitorul\" width=\"100\" height=\"70\"><\/a><\/div>\n<div class=\"item-details\">\n<h3 class=\"entry-title td-module-title\"><a href=\"https:\/\/r3media.ro\/calendarul-zilei-8-august-sf-ierarh-emilian-marturisitorul\/\" rel=\"bookmark\" title=\"Calendarul zilei 8 august: Sf\u00e2ntul Preot Mucenic Alexandru din Basarabia. Sf. ierarh Emilian M\u0103rturisitorul\">Calendarul zilei 8 august: Sf\u00e2ntul Preot Mucenic Alexandru din Basarabia. Sf&#8230;.<\/a><\/h3>\n<div class=\"td-module-meta-info\"><span class=\"td-post-date\"><time class=\"entry-date updated td-module-date\" datetime=\"2026-08-07T22:03:35+03:00\">07\/08\/2026<\/time><\/span><\/div>\n<\/div>\n<\/div>\n<\/div>\n<\/div>\n<\/div>\n<aside class=\"td_block_template_1 widget widget_recent_comments\">\n<h4 class=\"block-title\"><span>INTR\u0102 \u00ceN DISCU\u021aIE!<\/span><\/h4>\n<ul id=\"recentcomments\">\n<li class=\"recentcomments\"><span class=\"comment-author-link\">Nicu<\/span> la <a href=\"https:\/\/r3media.ro\/o-drona-a-intrat-in-bulgaria-dinspre-romania-si-a-explodat-la-100-de-metri-de-granita\/#comment-40357\">O dron\u0103 a intrat \u00een Bulgaria dinspre Rom\u00e2nia \u0219i a explodat la 100 de metri de grani\u021b\u0103<\/a><\/li>\n<li class=\"recentcomments\"><span class=\"comment-author-link\">Nicu<\/span> la <a href=\"https:\/\/r3media.ro\/adrian-agachi-bor-sadhguru-untold-cluj\/#comment-40356\">Pr. Adrian Agachi (BOR), dup\u0103 ce Sadhguru a urcat pe scena UNTOLD: Nu, dragilor, f\u0103r\u0103 oameni planeta nu ar fi mai bun\u0103, planeta \u0219i-ar rata definitiv scopul!<\/a><\/li>\n<li class=\"recentcomments\"><span class=\"comment-author-link\">Kostel<\/span> la <a href=\"https:\/\/r3media.ro\/david-popovici-fair-play-sportivi-rusi-competitii\/#comment-40355\">David Popovici, fair-play la revenirea sportivilor ru\u0219i \u00een competi\u021bii: Le urez succes, sper s\u0103 fiu mai bun dec\u00e2t ei<\/a><\/li>\n<li class=\"recentcomments\"><span class=\"comment-author-link\">IvanHose<\/span> la <a href=\"https:\/\/r3media.ro\/kia-recheama-service-prima-generatie-masini-electrice-e-niro-risc-incendiu\/#comment-40354\">Kia recheam\u0103 \u00een service prima genera\u021bie de ma\u0219ini electrice e-Niro din cauza riscului de incendiu<\/a><\/li>\n<li class=\"recentcomments\"><span class=\"comment-author-link\">Gelu<\/span> la <a href=\"https:\/\/r3media.ro\/un-tongalez-un-sud-african-si-un-australian-vor-evolua-pentru-nationala-de-rugby-a-romaniei\/#comment-40353\">Rugby: Un tongalez, un sud-african \u0219i un australian au depus jur\u0103m\u00e2ntul de credin\u021b\u0103 fa\u021b\u0103 de Rom\u00e2nia<\/a><\/li>\n<li class=\"recentcomments\"><span class=\"comment-author-link\">George<\/span> la <a href=\"https:\/\/r3media.ro\/mariuca-zaharia-fetita-12-ani-marasesti\/#comment-40352\">Calendarul zilei 6 august: M\u0103riuca Zaharia, feti\u021ba de 12 ani c\u0103zut\u0103 la M\u0103r\u0103\u0219e\u0219ti, care nu mai are loc \u00een manualele de istorie<\/a><\/li>\n<li class=\"recentcomments\"><span class=\"comment-author-link\">Nicu<\/span> la <a href=\"https:\/\/r3media.ro\/ucraina-scuze-grecia-drona-marina-insula-lefkada-expolozie-portul-constanta\/#comment-40351\">Ucraina i-a cerut scuze Greciei pentru c\u0103 o dron\u0103 marin\u0103 a ajuns l\u00e2ng\u0103 Insula Lefkada. Nicio vorb\u0103 despre drona care putea s\u0103 arunce \u00een aer Portul Constan\u021ba<\/a><\/li>\n<\/ul>\n<\/aside>\n<aside class=\"td_block_template_1 widget widget_search\">\n<h4 class=\"block-title\"><span>CAUT\u0102 \u0218I VEI G\u0102SI<\/span><\/h4>\n<\/aside>\n<\/div>\n<\/div>\n<\/div>\n<\/div>\n<\/div>\n<\/div>\n<\/div>\n<p><span class=\"td-page-meta\"><\/span><span class=\"td-page-meta\"><span class=\"td-page-meta\"><\/span><\/span><span class=\"td-page-meta\"><\/span><\/article>\n<\/p>\n<div class=\"td_block_wrap tdb_single_content tdi_18 td-pb-border-top td_block_template_1 td-post-content tagdiv-type\" data-td-block-uid=\"tdi_18\">\n<div class=\"tdb-block-inner td-fix-index\">\n<p><strong>Un \u0219ofer cre\u0219tin a r\u0103mas \u0219ocat dup\u0103 ce i s-a spus c\u0103 trebuie s\u0103 renun\u021be la un mesaj inscrip\u021bionat pe ma\u0219ina sa pentru a-\u0219i putea p\u0103stra asigurarea. B\u0103rbatul de 35 de ani din Birmingham, <a href=\"https:\/\/r3media.ro\/tag\/marea-britanie\/\" target=\"_blank\" rel=\"noopener\">Marea Britanie<\/a>, \u00ee\u0219i lipise ab\u021bibilduri cu \u201eIsus te iube\u0219te\u201d pe vehicul, conform <a href=\"https:\/\/www.dailymail.com\/news\/article-16031257\/Christian-driver-car-insurance-Jesus-Loves-You.html\" target=\"_blank\" rel=\"noopener\">Daily Mail<\/a>.<\/strong><\/p>\n<p>GoSkippy Insurance l-a informat pe Simeon Chandra c\u0103 departamentul s\u0103u de subscriere \u201ea refuzat modificarea efectuat\u0103 asupra vehiculului, conform ab\u021bibildurilor ad\u0103ugate pe vehicul\u201d. \u0218oferul cre\u0219tin a fost avertizat c\u0103 poli\u021ba sa va fi anulat\u0103 dac\u0103 nu \u00eendep\u0103rteaz\u0103 ab\u021bibildurile. Acestuia i s-a cerut s\u0103 trimit\u0103 fotografii noi cu ma\u0219ina dup\u0103 \u00eendep\u0103rtarea ab\u021bibildurilor.<\/p>\n<p>\u00cen cele din urm\u0103, Chandra a fost de acord cu acest lucru, pentru a-\u0219i p\u0103stra asigurarea. Cazul s\u0103u a ridicat semne de \u00eentrebare cu privire la interzicerea ab\u021bibildurilor cre\u0219tine de c\u0103tre companiile de asigur\u0103ri. B\u0103rbatul acuz\u0103 acum c\u0103 drepturile sale la libertatea religioas\u0103 \u0219i de exprimare au fost \u00eenc\u0103lcate. De assemnea, analizeaz\u0103 mai multe op\u021biuni legale cu avoca\u021bii de la Centrul Juridic Cre\u0219tin<\/p>\n<p>GoSkippy nu i-a oferit un motiv pentru aceast\u0103 decizie.<\/p>\n<h2><strong>Un \u0219ofer cre\u0219tin a lipit ab\u021bibilduri cu mesajul \u201eIisus te iube\u0219te\u201c pe ma\u0219ina proprie<\/strong><\/h2>\n<p>\u00a0<\/p>\n<p>Asiguratorii consider\u0103, \u00een general, c\u0103 orice form\u0103 de modificare a vehiculului, fie ea cosmetic\u0103 sau de \u00eembun\u0103t\u0103\u021bire a performan\u021bei, poate cre\u0219te riscul, deoarece ma\u0219ina poate fi considerat\u0103 mai atractiv\u0103 sau mai predispus\u0103 la daune inten\u021bionate.<\/p>\n<p>Chandra a lipit ab\u021bibildurile pe u\u0219ile de pe fiecare parte a vehiculului s\u0103u din 2009. Pe o parte scria: \u201eIsus te iube\u0219te\u201d, iar pe cealalt\u0103: \u201eIsus te iube\u0219te foarte mult\u201d.<\/p>\n<p>\u0218oferul a spus c\u0103 a contactat GoSkippy \u00een prealabil pentru a fi transparent. El le-a trimis fotografii \u0219i a insistat c\u0103 ab\u021bibildurile erau \u201epentru a r\u0103sp\u00e2ndi un mesaj pozitiv c\u0103 Isus te iube\u0219te\u201d. Conform propriei relat\u0103ri, lui Chandra i s-a spus c\u0103 poli\u021ba sa r\u0103m\u00e2ne valabil\u0103 doar dac\u0103 trimite fotografii cu mesajul. Dup\u0103 ce le-a trimis \u00eens\u0103, acestuia i s-a transmis c\u0103 poli\u021ba nu poate continua dec\u00e2t dac\u0103 ab\u021bibildurile sunt \u00eendep\u0103rtate.<\/p>\n<p>\u201eFeedback-ul de la departamentul de subscriere a refuzat modificarea efectuat\u0103 asupra vehiculului, conform autocolantelor ad\u0103ugate pe vehicul. Pentru ca poli\u021ba s\u0103 continue \u0219i s\u0103 fie asigurat\u0103, solicit\u0103m ca autocolantele s\u0103 fie \u00eendep\u0103rtate de pe vehicul \u0219i s\u0103 primim o fotografie datat\u0103 odat\u0103 ce autocolantele au fost \u00eendep\u0103rtate\u201d, i s-a transmis lui Chandra.<\/p>\n<h2><strong>\u0218ofer cre\u0219tin: Mi-a venit s\u0103 pl\u00e2ng!<\/strong><\/h2>\n<p>\u00a0<\/p>\n<p>B\u0103rbatul nu s-a l\u0103sat \u0219i a cerut clarific\u0103ri, dara r\u0103mas f\u0103r\u0103 r\u0103spuns \u0219i acum ia \u00een considerare ac\u021biuni \u00een justi\u021bie.<\/p>\n<p>\u201eAm fost \u0219ocat, surprins \u0219i sup\u0103rat c\u00e2nd mi-au spus c\u0103 trebuie s\u0103 \u00eendep\u0103rtez autocolantele (\u2026). Mesajul de pe ma\u0219ina mea este foarte simplu: \u00abIsus te iube\u0219te\u00bb. Nu este abuziv, politic, plin de ur\u0103 sau comercial. Este un mesaj de speran\u021b\u0103.<\/p>\n<p>Nu puteam \u00een\u021belege de ce asta ar \u00eensemna c\u0103 nu pot avea asigurare auto. Vedem tot felul de mesaje, steaguri \u0219i sloganuri \u00een via\u021ba public\u0103. Dar c\u00e2nd un cre\u0219tin \u00ee\u0219i pune un mesaj pa\u0219nic pe propria ma\u0219in\u0103, dintr-o dat\u0103 pare s\u0103 devin\u0103 o problem\u0103.<\/p>\n<p>M-am sim\u021bit trist \u0219i am sim\u021bit c\u0103 lucrurile sunt cu adev\u0103rat \u00eempotriva Domnului Isus. Mi-a venit s\u0103 pl\u00e2ng. Cred c\u0103 oamenii cu alte mesaje nu s-ar fi confruntat cu aceea\u0219i situa\u021bie\u201d, a spus \u0219oferul cre\u0219tin.<\/p>\n<h2><strong>Cre\u0219tinismul, persecutat \u00een Marea Britanie<\/strong><\/h2>\n<p>\u00a0<\/p>\n<p>Simeon Chandra a devenit cre\u0219tin c\u00e2nd era la universitate. El se trage dintr-o familie de origine indian\u0103, iar p\u0103rin\u021bii s\u0103i erau misionari cre\u0219tini. Tat\u0103l s\u0103u a fost crescut ca hindus \u00eenainte de a se converti la cre\u0219tinism, \u00een timp ce mama sa a devenit cre\u0219tin\u0103 dup\u0103 ce a experimentat vindecarea unui picior r\u0103nit la o slujb\u0103 religioas\u0103.<\/p>\n<p>\u201eAcest caz nu este despre o modificare tehnic\u0103 a vehiculului. Este vorba despre dac\u0103 cre\u0219tinii obi\u0219nui\u021bi sunt liberi s\u0103-\u0219i exprime credin\u021ba \u00een public f\u0103r\u0103 a fi exclu\u0219i de la serviciile esen\u021biale. Un autocolant pe care scrie \u00abIsus te iube\u0219te\u00bb nu este comparabil cu o reclam\u0103 comercial\u0103, o campanie politic\u0103 sau un slogan ofensator. Este o declara\u021bie pa\u0219nic\u0103 a credin\u021bei cre\u0219tine.<\/p>\n<p>Dac\u0103 asiguratorii pot refuza acoperirea pentru c\u0103 un client afi\u0219eaz\u0103 un mesaj cre\u0219tin, acest lucru ar trebui s\u0103 alarmeze pe to\u021bi cei c\u0103rora le pas\u0103 de libertatea religioas\u0103 \u0219i de libertatea de exprimare\u201d, a declarat Andrea Williams, director executiv al Centrului Juridic Cre\u0219tin<\/p>\n<p>Cazul are paralele cu un alt incident din 2015. La acea vreme un alt asigurator a amenin\u021bat c\u0103 va anula poli\u021ba unui pastor cre\u0219tin. La fel ca \u00een acest caz, marea gre\u0219eal\u0103 a fost c\u0103 lipise autocolante religioase pe ma\u0219in\u0103.<\/p>\n<blockquote class=\"twitter-tweet\" data-width=\"550\" data-dnt=\"true\">\n<p lang=\"en\" dir=\"ltr\">Christian driver is told car insurance will be voided unless he removes &#8216;Jesus Loves You&#8217; stickers from his Nissan Pixo <a href=\"https:\/\/t.co\/QTZdUQF2OX\">https:\/\/t.co\/QTZdUQF2OX<\/a><\/p>\n<p>\u2014 Daily Mail (@DailyMail) <a href=\"https:\/\/x.com\/DailyMail\/status\/2085511739500597405?ref_src=twsrc%5Etfw\">August 6, 2026<\/a><\/p>\n<\/blockquote>\n<div class=\"crp_related     crp-masonry\">\n<h2>\u00ceN CONTEXT<\/h2>\n<ul>\n<li><a href=\"https:\/\/r3media.ro\/fara-tine-in-google-r3media-dispare-iata-ce-poti-face-in-10-secunde\/\" class=\"crp_link post-119031\"><span class=\"crp_title\">F\u0103r\u0103 tine \u00een Google, R3media dispare. Iat\u0103 ce po\u021bi face \u00een 10 secunde<\/span><\/a><\/li>\n<li><a href=\"https:\/\/r3media.ro\/detalii-atacator-belfast-decapitare-om-marea-birtanie-solicitare-azil-accelerata\/\" class=\"crp_link post-118130\"><span class=\"crp_title\">Ies la iveal\u0103 detalii despre atacatorul din Belfast care a vrut s\u0103 decapiteze \u00een om \u00een plin\u0103\u2026<\/span><\/a><\/li>\n<li><a href=\"https:\/\/r3media.ro\/miscare-de-protest-marea-britanie-keir-starmer-anunt-obligatoriu-card-de-identitate-digital-supraveghere-in-masa\/\" class=\"crp_link post-113449\"><span class=\"crp_title\">Mi\u0219care de protest \u00een Marea Britanie dup\u0103 ce Keir Starmer a anun\u021bat c\u0103 va introduce\u2026<\/span><\/a><\/li>\n<li><a href=\"https:\/\/r3media.ro\/ministr-securitate-energetica-marea-britanie-subventii-net-zero-umfla-facturi-cetateni-energie\/\" class=\"crp_link post-120799\"><span class=\"crp_title\">Ministrul Securit\u0103\u021bii Energetice din Marea Britanie neag\u0103 faptul c\u0103 subven\u021biile Net Zero\u2026<\/span><\/a><\/li>\n<li><a href=\"https:\/\/r3media.ro\/tineri-generatia-intoarcere-crestinism-participare-viata-religioasa-marea-britanie-crescut-vertiginos-citire-biblie-obisnuinta\/\" class=\"crp_link post-114762\"><span class=\"crp_title\">Tinerii din Genera\u021bia Z se \u00eentorc masiv la Cre\u0219tinism: Participarea la via\u021ba religioas\u0103 \u00een\u2026<\/span><\/a><\/li>\n<li><a href=\"https:\/\/r3media.ro\/suedia-familie-crestina-cofetarie-vinovata-discriminare-refuz-tort-lesbiene-lgbt\/\" class=\"crp_link post-112378\"><span class=\"crp_title\">Suedia | O familie cre\u0219tin\u0103 care are o cofet\u0103rie a fost g\u0103sit\u0103 vinovat\u0103 de discriminare\u2026<\/span><\/a><\/li>\n<li><a href=\"https:\/\/r3media.ro\/video-copii-grup-psaltic-tronos-junior-batjocoriti-scoala-credinta-crestin-ortodoxa-purtare-cruciulite-mers-biserica\/\" class=\"crp_link post-114236\"><span class=\"crp_title\">VIDEO | Copiii din Tronos Junior sunt batjocori\u021bi la \u0219coal\u0103 pentru credin\u021ba lor\u2026<\/span><\/a><\/li>\n<li><a href=\"https:\/\/r3media.ro\/schimbare-istorica-marea-britanie-nigel-farage-castiga-alegerile-locale-reform-uk-spulbera-laburisti-keir-starmer\/\" class=\"crp_link post-116077\"><span class=\"crp_title\">VIDEO | Schimbare istoric\u0103 \u00een Marea Britanie: Nigel Farage a c\u00e2\u0219tigat alegerile locale cu\u2026<\/span><\/a><\/li>\n<\/ul>\n<\/div>\n<\/div>\n<\/div>\n<p>[analyse_source url=&#8221;https:\/\/r3media.ro\/sofer-crestin-marea-britanie-iisus-te-iubeste-masina-asigurare\/&#8221;]<\/p>\n","protected":false},"excerpt":{"rendered":"<p>[analyse_image type=&#8221;featured&#8221; src=&#8221;https:\/\/r3media.ro\/wp-content\/uploads\/2026\/08\/sofer-la-volan-scaled-e1786170627196.jpghttps:\/\/r3media.ro\/wp-content\/uploads\/2026\/08\/sofer-la-volan-scaled-e1786170627196.jpg&#8221;] FEATUREDFOTO | Un \u0219ofer cre\u0219tin din Marea Britanie a fost pus s\u0103&#8230; FEATURED\u0218TIRI FOTO | Un \u0219ofer cre\u0219tin din Marea Britanie a fost pus s\u0103 renun\u021be la mesajul \u201eIisus te iube\u0219te\u201c de pe ma\u0219in\u0103 pentru a-\u0219i putea p\u0103stra asigurarea Oana Ivan 08\/08\/2026 Surs\u0103 &#8211; Unsplash Un \u0219ofer cre\u0219tin a r\u0103mas \u0219ocat dup\u0103 [&hellip;]<\/p>\n","protected":false},"author":1,"featured_media":0,"comment_status":"open","ping_status":"","sticky":false,"template":"","format":"standard","meta":{"footnotes":""},"categories":[89],"tags":[226,93],"class_list":["post-2084174","post","type-post","status-publish","format-standard","hentry","category-romania","tag-crawlmanager","tag-r3media-ro"],"_links":{"self":[{"href":"https:\/\/analyse.optim.biz\/index.php?rest_route=\/wp\/v2\/posts\/2084174","targetHints":{"allow":["GET"]}}],"collection":[{"href":"https:\/\/analyse.optim.biz\/index.php?rest_route=\/wp\/v2\/posts"}],"about":[{"href":"https:\/\/analyse.optim.biz\/index.php?rest_route=\/wp\/v2\/types\/post"}],"author":[{"embeddable":true,"href":"https:\/\/analyse.optim.biz\/index.php?rest_route=\/wp\/v2\/users\/1"}],"replies":[{"embeddable":true,"href":"https:\/\/analyse.optim.biz\/index.php?rest_route=%2Fwp%2Fv2%2Fcomments&post=2084174"}],"version-history":[{"count":0,"href":"https:\/\/analyse.optim.biz\/index.php?rest_route=\/wp\/v2\/posts\/2084174\/revisions"}],"wp:attachment":[{"href":"https:\/\/analyse.optim.biz\/index.php?rest_route=%2Fwp%2Fv2%2Fmedia&parent=2084174"}],"wp:term":[{"taxonomy":"category","embeddable":true,"href":"https:\/\/analyse.optim.biz\/index.php?rest_route=%2Fwp%2Fv2%2Fcategories&post=2084174"},{"taxonomy":"post_tag","embeddable":true,"href":"https:\/\/analyse.optim.biz\/index.php?rest_route=%2Fwp%2Fv2%2Ftags&post=2084174"}],"curies":[{"name":"wp","href":"https:\/\/api.w.org\/{rel}","templated":true}]}}