{"id":2084172,"date":"2026-08-08T19:07:22","date_gmt":"2026-08-08T16:07:22","guid":{"rendered":"https:\/\/analyse.optim.biz\/?p=2084172"},"modified":"2026-08-08T19:07:22","modified_gmt":"2026-08-08T16:07:22","slug":"papi-si-conclavuri-traditie-si-anticlericalism-in-cinema-cei-doi-papi-si-conclavul","status":"publish","type":"post","link":"https:\/\/analyse.optim.biz\/?p=2084172","title":{"rendered":"Papi \u0219i conclavuri, tradi\u021bie \u0219i anticlericalism \u00een cinema: Cei doi papi \u0219i Conclavul"},"content":{"rendered":"<p>[analyse_image type=&#8221;featured&#8221; src=&#8221;https:\/\/r3media.ro\/wp-content\/uploads\/2026\/08\/cei-doi-papi-e1786215836839.jpghttps:\/\/r3media.ro\/wp-content\/uploads\/2026\/08\/cei-doi-papi-e1786215836839.jpg&#8221;]<\/p>\n<article id=\"template-id-109\" class=\"post-109 tdb_templates type-tdb_templates status-publish post\">\n<div id=\"tdi_2\" class=\"tdc-zone\">\n<div class=\"tdc_zone tdi_3  wpb_row td-pb-row\">\n<div id=\"tdi_4\" class=\"tdc-row\">\n<div class=\"vc_row tdi_5  wpb_row td-pb-row\">\n<div class=\"vc_column tdi_7  wpb_column vc_column_container tdc-column td-pb-span8\">\n<div class=\"wpb_wrapper\">\n<div class=\"td_block_wrap tdb_breadcrumbs tdi_8 td-pb-border-top td_block_template_1 tdb-breadcrumbs \" data-td-block-uid=\"tdi_8\">\n<div class=\"tdb-block-inner td-fix-index\"><span><a title=\"Vede\u021bi toate articolele \u00een OPINII\" class=\"tdb-entry-crumb\" href=\"https:\/\/r3media.ro\/category\/opinii\/\">OPINII<\/a><\/span><span class=\"tdb-bred-no-url-last\">Papi \u0219i conclavuri, tradi\u021bie \u0219i anticlericalism \u00een cinema: Cei doi papi \u0219i&#8230;<\/span><\/div>\n<\/div>\n<div class=\"td_block_wrap tdb_single_categories tdi_9 td-pb-border-top td_block_template_1 \" data-td-block-uid=\"tdi_9\">\n<div class=\"tdb-category td-fix-index\"><a class=\"tdb-entry-category\" href=\"https:\/\/r3media.ro\/category\/opinii\/\">OPINII<\/a><a class=\"tdb-entry-category\" href=\"https:\/\/r3media.ro\/category\/stiri-prim-plan\/\">PRIM PLAN<\/a><a class=\"tdb-entry-category\" href=\"https:\/\/r3media.ro\/category\/stiri\/\">\u0218TIRI<\/a><\/div>\n<\/div>\n<div class=\"td_block_wrap tdb_title tdi_10 tdb-single-title td-pb-border-top td_block_template_1\" data-td-block-uid=\"tdi_10\">\n<div class=\"tdb-block-inner td-fix-index\">\n<h1 class=\"tdb-title-text\">Papi \u0219i conclavuri, tradi\u021bie \u0219i anticlericalism \u00een cinema: Cei doi papi \u0219i Conclavul<\/h1>\n<\/div>\n<\/div>\n<div class=\"vc_row_inner tdi_12  vc_row vc_inner wpb_row td-pb-row\">\n<div class=\"vc_column_inner tdi_14  wpb_column vc_column_container tdc-inner-column td-pb-span12\">\n<div class=\"vc_column-inner\">\n<div class=\"wpb_wrapper\">\n<div class=\"td_block_wrap tdb_single_author tdi_15 td-pb-border-top td_block_template_1 tdb-post-meta\" data-td-block-uid=\"tdi_15\">\n<div class=\"tdb-block-inner td-fix-index\">\n<div class=\"tdb-author-name-wrap\"><a class=\"tdb-author-name\" href=\"https:\/\/r3media.ro\/author\/costi_balasoiu\/\">Constantin B\u0103l\u0103\u0219oiu<\/a><\/div>\n<\/div>\n<\/div>\n<div class=\"td_block_wrap tdb_single_date tdi_16 td-pb-border-top td_block_template_1 tdb-post-meta\" data-td-block-uid=\"tdi_16\">\n<div class=\"tdb-block-inner td-fix-index\"><time class=\"entry-date updated td-module-date\" datetime=\"2026-08-08T22:07:22+03:00\">08\/08\/2026<\/time><\/div>\n<\/div>\n<\/div>\n<\/div>\n<\/div>\n<\/div>\n<div class=\"td_block_wrap tdb_single_featured_image tdi_17 tdb-content-horiz-left td-pb-border-top td_block_template_1\" data-td-block-uid=\"tdi_17\">\n<div class=\"tdb-block-inner td-fix-index\">\n<figure><figcaption class=\"tdb-caption-text\">Sursa foto: Netflix<\/figcaption><\/figure>\n<\/div>\n<\/div>\n<div class=\"td_block_wrap tdb_single_content tdi_18 td-pb-border-top td_block_template_1 td-post-content tagdiv-type\" data-td-block-uid=\"tdi_18\">\n<div class=\"tdb-block-inner td-fix-index\">\n<p><strong>Filmul <em>Conclavul<\/em> (2024) ar fi fost o mult mai atractiv\u0103 produc\u021bie de mister medieval, intrig\u0103 etc, dac\u0103 nu s-ar fi \u00eencheiat cu ideea unui personaj ca pap\u0103 mexican venit din Kabul, cu organe de femeie (ovare) la purt\u0103tor. Probabil c\u0103 Dan Brown a dat deja cu p\u0103l\u0103ria de p\u0103m\u00e2nt: \u201cb\u0103ie\u021bi, cum a\u021bi reu\u0219it, de unde? Nu tu chestii interzise (evangheliile gnostice), crim\u0103, corup\u021bie, ordine secrete, gotic, subterane labirintice medievale, fanatici s\u00e2ngero\u0219i sau nebuni apocaliptici, profesori erudi\u021bi, \u00een realitate ni\u0219te Indiana Jones \u0219amd.\u201d<\/strong><\/p>\n<p>At\u00e2t c\u0103 dac\u0103 spargi un singur ou stricat \u00eentr-o omlet\u0103 \u00een care ai spart deja 20 de ou\u0103 bune, exist\u0103 riscul s\u0103 \u021bi-o strice pe toat\u0103. Filmul s-a vrut \u00een mod clar un film realist pentru un public din afara bisericii, care s\u0103 ating\u0103 \u0219i ni\u0219te roti\u021be LGBTQ. Dac\u0103 \u0219i c\u00e2t a reu\u0219it, cred c\u0103 e o discu\u021bie deschis\u0103.<\/p>\n<p>Filmul \u00eens\u0103 nu trebuie ocolit. Cred c\u0103 s-a n\u0103scut ca un repro\u0219 la cel\u0103lalt, <em>Cei doi papi\/ The Two Popes<\/em> (2019) care e, de la ultimele ecraniz\u0103ri ale trilogiei lui Dan Brown, cu om Hanks (2006-2016), poate prima \u00eencercare de a da credibilitate \u00eentregii atitudini anticlericale din Vest, vorbind din afara bisericii despre biseric\u0103 \u0219i sl\u0103biciunile, \u00eendoielile, ambi\u021biile \u0219i secretele oamenilor ei \u00eentr-un fel mai rezonabil.<\/p>\n<p><em>Conclavul<\/em> a preluat ideea, iar Ralph Fiennes (cardinalul Lawrence) face \u00een direc\u021bia asta un rol mare. Filmul \u00eens\u0103 \u0219i-a asumat un risc major atunci c\u00e2nd a f\u0103cut ca un mexican cu sindrom ovotesticular s\u0103 ajung\u0103 pap\u0103. De la familia Borgia \u00eencoace totul este permis, \u00eens\u0103 cu condi\u021bia s\u0103 nu fie statistic irelevant. \u0218i ca \u0219i cum nu e destul, nimeni de la Vatican nu b\u0103nuia nimic. Poate c\u0103 publicul LGBTQ e mai \u00een\u021beleg\u0103tor cu asta.<\/p>\n<p><strong><em>Cei doi papi\/ The Two Popes<\/em><\/strong> (2019) de fapt e un elogiu adus papei Francisc f\u0103r\u0103 a-l insulta prea mult pe cel\u0103lalt. Aproape nimic nu e real, \u00een afar\u0103 de personaje, cardinalul Bergoglio, viitorul pap\u0103 Francisc, \u0219i papa Benedict al XVI-lea, pe numele real Ratzinger. De pild\u0103, nu s-au \u00eent\u00e2lnit. Prima \u00eent\u00e2lnire real\u0103 \u00eentre cei doi a avut loc abia dup\u0103 ce cardinalul Bergoglio a fost ales pap\u0103 \u00een 2013 \u0219i a devenit Francisc.<\/p>\n<p>Ratzinger, ca teolog, a criticat insistent tradi\u021bia \u0219i teologia eliber\u0103rii a Americii de Sud (liberation theology) din care venea un Bergoglio, ca fiind o teologie deviant\u0103 pentru tendin\u021bele ei de st\u00e2nga.<\/p>\n<p>Regizorul a riscat folosind o asemenea licen\u021b\u0103. Construind o \u00eent\u00e2lnire \u00eentre dou\u0103 personalit\u0103\u021bi opuse care nu s-au \u00eent\u00e2lnit real, el a urm\u0103rit probabil o scurt\u0103tur\u0103 care s\u0103 pun\u0103 \u00een relief dou\u0103 tendin\u021be ale bisericii: cea conservatoare \u0219i cea liberal\u0103. Ceea ce avem de fapt \u00een <em>Conclavul<\/em>, un r\u0103zboi \u00eentre conservatori \u0219i liberali. F\u0103r\u0103 s\u0103 mai discut\u0103m c\u00e2t de improbabil e ca ei s\u0103 fi comandat pizza \u0219i fanta sau s\u0103 fi b\u0103ut bere \u00een fa\u021ba unui TV la un meci, ca doi buni vecini de palier.<\/p>\n<p>Evident, Ratzinger e conservator, adic\u0103 un teolog care ap\u0103r\u0103 dogma, tradi\u021bia \u0219i institu\u021bia bisericii, se exprim\u0103 \u00een latin\u0103 \u0219i \u00ee\u0219i prime\u0219te cardinalii doar \u00een \u021binuta de cardinal, \u00een timp ce Bergoglio\/ Francisc e un preot mai degrab\u0103 al oamenilor simpli, practic, voluntar, comunicativ, plin de energie, deschis, optimist etc.<\/p>\n<p>\u00ce\u0219i face singur rezerv\u0103ri sau \u00ee\u0219i car\u0103 valiza, detest\u0103 cl\u0103dirile mari \u0219i afluen\u021ba, circul\u0103 cu autobuzul \u0219i m\u0103n\u00e2nc\u0103 pizza, vorbe\u0219te cu oricine, serve\u0219te la mas\u0103 copiii unui orfelinat \u0219i viseaz\u0103 s\u0103 devin\u0103 preotul unei parohii oarecare din Argentina. Pe scurt, este un iezuit argentinian care se poart\u0103 ca un franciscan s\u0103rac.<\/p>\n<p>Evident, lucrurile continu\u0103. \u0218i descoperim u\u0219or, u\u0219or \u00een spatele acestor anterii solemne din alt\u0103 epoc\u0103, oamenii, cu sl\u0103biciuni, cu temeri, cu la\u0219it\u0103\u021bi \u0219i secrete. Pe scurt, oameni ca oricare al\u021bii. Ratzinger, ca exponent al tradi\u021biei, nu a \u00een\u021beles via\u021ba (de care altminteri a fugit din copil\u0103rie refugiindu-se \u00een c\u0103r\u021bi, o spune singur) \u0219i oamenii, de pild\u0103 nu i-a ap\u0103rat atunci c\u00e2nd a trebuit \u0219i a e\u0219uat s\u0103 mai aud\u0103 vocea lui Dumnezeu, m\u0103rturise\u0219te el.<\/p>\n<p>\u00cen acest timp, Bergoglio, de\u0219i m\u0103cinat \u0219i el de \u00eendoiala de a-\u0219i fi ap\u0103rat prietenii iezui\u021bi \u00een anii \u201970 care luptau \u00eempotriva dictaturii de dreapta (era considerat tr\u0103d\u0103tor \u0219i demis \u00eendat\u0103 ce \u00een Argentina se va instala un regim democratic), e acolo unde e Hristos, adic\u0103 printre oamenii obi\u0219nui\u021bi, s\u0103raci, suferinzi, a\u0219a cum sunt ei, duc\u00e2nd iubirea bisericii \u00eentre ei \u0219i l\u0103s\u00e2ndu-se \u00eenv\u0103\u021bat de ei mai degrab\u0103 dec\u00e2t \u00eenv\u0103\u021b\u00e2ndu-i el pe ei.<\/p>\n<p>Ratzinger mai e amestecat \u0219i \u00eentr-un scandal de corup\u021bie prin unul din secretarii lui. \u00cen sf\u00e2r\u0219it, papa Benedict al XVI-lea (Ratzinger) i se spovede\u0219te lui Bergoglio, iar \u00een final cedeaz\u0103 \u0219i pontificatul \u00eei revine, cum altfel, lui Bergoglio. \u0218i ca victoria s\u0103 fie deplin\u0103, \u00eei reg\u0103sim pe cei doi papi \u00een fa\u021ba unui TV la un meci de fotbal \u0219i o bere, \u00eentre\u021bin\u00e2ndu-se ca ni\u0219te oameni obi\u0219nui\u021bi.<\/p>\n<p>Ceea ce evident e foarte american \u0219i patetic.<\/p>\n<p>Bun, nu e nimic de re\u021binut aici sub raport documentar sau istoric. Ratzinger trebuie s\u0103 fi considerat mai degrab\u0103 legalizarea c\u0103s\u0103toriei \u00eentre homosexuali din Fran\u021ba (2013) ca un e\u0219ec personal dec\u00e2t ceea ce pare s\u0103 \u00eei atribuie filmul.<\/p>\n<p>I orice caz, nici acesta \u0219i nici altele nu puteau fi un motiv suficient de a demisiona.<\/p>\n<p>Presiunea continu\u0103, la care era supus ca pap\u0103, altminteri el un filosof \u0219i un teolog rafinat, un om de cabinet, care a \u0219i l\u0103sat o mo\u0219tenire teologic\u0103 comparabil\u0103 cu a unor Karl Rahner \u0219i al\u021bii, cerea un tip de constitu\u021bie \u0219i vitalitate pe care v\u00e2rsta \u0219i s\u0103n\u0103tatea lui nu i-o permiteau. A \u0219i murit cu c\u00e2\u021biva ani \u00eenaintea lui Francisc.<\/p>\n<p>At\u00e2t c\u0103 plec\u00e2nd din scaunul papal \u00eenainte de vreme (2013), direc\u021bia liberal\u0103 a Occidentului a devenit mai conving\u0103toare, viitorul conclav orient\u00e2ndu-se spre un pap\u0103 mai dinamic \u0219i deschis sau inclusiv ca Francisc, care s\u0103 uneasc\u0103 mai degrab\u0103 dec\u00e2t s\u0103 despart\u0103.<\/p>\n<p>Vremurile \u00eens\u0103 au dovedit c\u0103 aceast\u0103 solu\u021bie a fost un e\u0219ec. Occidentul nu a mai fost divizat \u00eentr-un asemenea hal de pe vremea r\u0103zboaielor napoloniene (e aceea\u0219i situa\u021bie azi, dar cu adversarii schimba\u021bi).<\/p>\n<p>\u00cen plus, tendin\u021ba acestor produc\u021bii e de a normaliza o atitudine \u201edemocratic\u0103\u201d asupra Bisericii, reflect\u00e2nd o tendin\u021b\u0103 anticlerical\u0103 \u0219i congrega\u021bionist\u0103 mai veche, specific\u0103 lumii protestante. Vechea sintagm\u0103 patristic\u0103, <em>extra ecclesiam nulla salus<\/em>, a c\u0103p\u0103tat un aer sectar azi, oricum nu mai func\u021bioneaz\u0103.<\/p>\n<p><strong><em>Conclavul<\/em><\/strong> (2024) s-a n\u0103scut din <em>Cei doi papi <\/em>dezvolt\u00e2nd o nemul\u021bumire \u0219i \u00eentr-un fel continu\u00e2nd direc\u021biile lui cu personaje fictive, privind biserica drept o scen\u0103 politic\u0103, pe care se \u00eenfrunt\u0103 conservatori \u0219i liberali, care dau mit\u0103, sunt manipulabili \u0219i trag sfori, l\u0103s\u00e2nd \u00een urm\u0103 un parfum de gotic medieval, misterios \u0219i codificat, care pare s\u0103 \u00eei ia prin surprindere uneori chiar \u0219i pe cei mai apropia\u021bi oameni ai papei.<\/p>\n<p>Totul, evident, \u00een spatele u\u0219ilor \u00eenchise, biserica fiind prezentat\u0103, una peste alta, ca ni\u0219te culise tranzac\u021bionale \u0219i secrete, spa\u021biu \u00eenchis al unor ambi\u021bii \u0219i intrigi f\u0103r\u0103 sf\u00e2r\u0219it. Or ce altceva \u021bi s-ar putea potrivi \u00een aceste condi\u021bii dec\u00e2t un pap\u0103 mexican hermafrodit, care a c\u0103zut prin plasa intrigilor neatins, care ur\u0103\u0219te r\u0103zboiul dintre musulmani \u0219i cre\u0219tini \u0219i are \u00eendoieli mai degrab\u0103 dec\u00e2t certitudini? Un elogiu adus, una peste alta, aceluia\u0219i Francisc.<\/p>\n<p>Filmul \u00eens\u0103 se \u00eenscrie mai bine dec\u00e2t cel\u0103lalt \u00een tradi\u021bia anticlerical\u0103 a Occidentului care coboar\u0103 \u00een acest caz p\u00e2n\u0103 \u00een zorii revolu\u021bionari ai Europei, de pild\u0103 la Victor Hugo, cu <em>Notre Dame de Paris<\/em> (1831), \u0219i \u00eenceputurile tradi\u021biei misterului medieval, \u021besut \u00een jurul marilor edificii gotice cavernoase \u0219i labirintice, care se va dovedi o balt\u0103 plin\u0103 de pe\u0219te pentru literatur\u0103 \u0219i cinema mai t\u00e2rziu. \u00cens\u0103 f\u0103r\u0103 a abuza de cli\u0219eu, s\u0103 zicem, \u00een maniera unui Dan Brown.<\/p>\n<p>Toat\u0103 aceast\u0103 atitudine intelectual\u0103 anticlerical\u0103, trebuie spus, \u00ee\u0219i are originea mai mult sau mai pu\u021bin \u00een clericalismul catolic medieval, derivat din separarea corpului mistic al lui Hristos de adunarea bisericii (<em>sacramentum<\/em>\/ <em>fellowship<\/em>), conduc\u00e2nd astfel biserica catolic\u0103 la reform\u0103 \u0219i congrega\u021bionism \u00een genere, d\u00e2nd impresia, prin aceste edificii gotice, de inaccesibil \u0219i mister, iar Crea\u021bia lui Dumnezeu devenind natur\u0103 \u0219i un loc al demonilor \u0219i vr\u0103jitoarelor (purificat doar prin focul rugurilor medievale)<\/p>\n<p>. E greu de explicat altminteri cum de a\u0219a ceva s-a \u00eent\u00e2mplat doar \u00een Occident, R\u0103s\u0103ritul ortodox fiind ferit de autodafeurile medievale, de o reform\u0103 protestant\u0103 \u0219i evident de secularizarea Iluminismului \u0219i a Revolu\u021biei franceze, noi culeg\u00e2nd aceste roade mai t\u00e2rziu \u0219i doar printr-o situare a noastr\u0103 \u00een spa\u021biul de influen\u021b\u0103 \u0219i modernizare occidental\u0103. Ast\u0103zi suntem \u00een acela\u0219i proces, \u00eens\u0103 mult mai avansa\u021bi, mai occidentali, mai \u00eendep\u0103rta\u021bi de noi \u00een\u0219ine.<\/p>\n<p>\u0218i, \u00eentr-un fel, o parte a acestui Occident \u0219i a problemelor lui.<\/p>\n<div class=\"crp_related     crp-masonry\">\n<h2>\u00ceN CONTEXT<\/h2>\n<ul>\n<li><a href=\"https:\/\/r3media.ro\/dragostea-care-transcende-epoci-descult-in-parc-1967\/\" class=\"crp_link post-120686\"><span class=\"crp_title\">Dragostea care transcende epoci \u2014 Descul\u021b \u00een parc (1967)<\/span><\/a><\/li>\n<li><a href=\"https:\/\/r3media.ro\/habemus-papam-la-ce-bun\/\" class=\"crp_link post-115860\"><span class=\"crp_title\">Habemus Papam! La ce bun?<\/span><\/a><\/li>\n<li><a href=\"https:\/\/r3media.ro\/labirint-mister-medieval-si-anti-clericalism-in-numele-trandafirului\/\" class=\"crp_link post-114160\"><span class=\"crp_title\">Labirint, mister medieval \u0219i anti-clericalism \u00een Numele trandafirului<\/span><\/a><\/li>\n<li><a href=\"https:\/\/r3media.ro\/nihilism-si-teologie-intre-occident-si-rasarit\/\" class=\"crp_link post-115028\"><span class=\"crp_title\">Nihilism \u0219i teologie: \u00eentre Occident \u0219i R\u0103s\u0103rit<\/span><\/a><\/li>\n<li><a href=\"https:\/\/r3media.ro\/odissea-lui-nolan\/\" class=\"crp_link post-120578\"><span class=\"crp_title\">Odissea lui Nolan<\/span><\/a><\/li>\n<li><a href=\"https:\/\/r3media.ro\/show-iluzie-si-realitate-de-la-the-truman-show-la-son-of-a-rich\/\" class=\"crp_link post-120846\"><span class=\"crp_title\">Show, iluzie \u0219i realitate: de la The Truman Show la Son of a Rich<\/span><\/a><\/li>\n<li><a href=\"https:\/\/r3media.ro\/de-la-invrajbire-la-contestare-si-nihilism\/\" class=\"crp_link post-119987\"><span class=\"crp_title\">De la \u00eenvr\u0103jbire la contestare \u0219i nihilism<\/span><\/a><\/li>\n<li><a href=\"https:\/\/r3media.ro\/adrian-papahagi-crezul-ortodox\/\" class=\"crp_link post-116391\"><span class=\"crp_title\">Adrian Papahagi vrea s\u0103 se schimbe Crezul ortodox: Pe ce cuv\u00e2nt s-a sup\u0103rat profesorul clujean<\/span><\/a><\/li>\n<\/ul>\n<\/div>\n<\/div>\n<\/div>\n<div class=\"td_block_wrap tdb_single_tags tdi_19 td-pb-border-top td_block_template_1\" data-td-block-uid=\"tdi_19\">\n<div class=\"tdb-block-inner td-fix-index\">\n<ul class=\"tdb-tags\">\n<li><span>SUBIECTE FIERBIN\u021aI<\/span><\/li>\n<li><a href=\"https:\/\/r3media.ro\/tag\/biserica-romano-catolica\/\">biserica romano-catolica<\/a><\/li>\n<li><a href=\"https:\/\/r3media.ro\/tag\/catolicism\/\">catolicism<\/a><\/li>\n<li><a href=\"https:\/\/r3media.ro\/tag\/hollywood\/\">Hollywood<\/a><\/li>\n<li><a href=\"https:\/\/r3media.ro\/tag\/papa-benedict\/\">papa benedict<\/a><\/li>\n<li><a href=\"https:\/\/r3media.ro\/tag\/papa-francisc\/\">papa francisc<\/a><\/li>\n<\/ul>\n<\/div>\n<\/div>\n<div class=\"td_block_wrap td_block_9 tdi_20 td_with_ajax_pagination td-pb-border-top td_block_template_1 td-column-2 td_block_padding td_block_bot_line\" data-td-block-uid=\"tdi_20\">\n<div class=\"td-block-title-wrap\">\n<h4 class=\"block-title td-block-title\"><span class=\"td-pulldown-size\">CITE\u0218TE MAI MULT<\/span><\/h4>\n<\/div>\n<div id=\"tdi_20\" class=\"td_block_inner\">\n<div class=\"td-block-row\">\n<div class=\"td-block-span6\">\n<div class=\"td_module_8 td_module_wrap\">\n<div class=\"item-details\">\n<h3 class=\"entry-title td-module-title\"><a href=\"https:\/\/r3media.ro\/show-iluzie-si-realitate-de-la-the-truman-show-la-son-of-a-rich\/\" rel=\"bookmark\" title=\"Show, iluzie \u0219i realitate: de la The Truman Show la Son of a Rich\">Show, iluzie \u0219i realitate: de la The Truman Show la Son of a Rich<\/a><\/h3>\n<div class=\"td-module-meta-info\"><a href=\"https:\/\/r3media.ro\/category\/opinii\/\" class=\"td-post-category\">OPINII<\/a><span class=\"td-post-author-name\"><a href=\"https:\/\/r3media.ro\/author\/costi_balasoiu\/\">Constantin B\u0103l\u0103\u0219oiu<\/a><span>&#8211;<\/span><\/span><span class=\"td-post-date\"><time class=\"entry-date updated td-module-date\" datetime=\"2026-08-08T15:30:25+03:00\">08\/08\/2026<\/time><\/span><\/div>\n<\/div>\n<\/div>\n<\/div>\n<div class=\"td-block-span6\">\n<div class=\"td_module_8 td_module_wrap\">\n<div class=\"item-details\">\n<h3 class=\"entry-title td-module-title\"><a href=\"https:\/\/r3media.ro\/kia-recheama-service-prima-generatie-masini-electrice-e-niro-risc-incendiu\/\" rel=\"bookmark\" title=\"Kia recheam\u0103 \u00een service prima genera\u021bie de ma\u0219ini electrice e-Niro din cauza riscului de incendiu\">Kia recheam\u0103 \u00een service prima genera\u021bie de ma\u0219ini electrice e-Niro din cauza riscului de&#8230;<\/a><\/h3>\n<div class=\"td-module-meta-info\"><a href=\"https:\/\/r3media.ro\/category\/actualitate\/\" class=\"td-post-category\">ACTUALITATE<\/a><span class=\"td-post-author-name\"><a href=\"https:\/\/r3media.ro\/author\/oana\/\">Oana Ivan<\/a><span>&#8211;<\/span><\/span><span class=\"td-post-date\"><time class=\"entry-date updated td-module-date\" datetime=\"2026-08-06T17:07:42+03:00\">06\/08\/2026<\/time><\/span><\/div>\n<\/div>\n<\/div>\n<\/div>\n<\/div>\n<div class=\"td-block-row\">\n<div class=\"td-block-span6\">\n<div class=\"td_module_8 td_module_wrap\">\n<div class=\"item-details\">\n<h3 class=\"entry-title td-module-title\"><a href=\"https:\/\/r3media.ro\/david-popovici-fair-play-sportivi-rusi-competitii\/\" rel=\"bookmark\" title=\"David Popovici, fair-play la revenirea sportivilor ru\u0219i \u00een competi\u021bii: Le urez succes, sper s\u0103 fiu mai bun dec\u00e2t ei\">David Popovici, fair-play la revenirea sportivilor ru\u0219i \u00een competi\u021bii: Le urez succes, sper s\u0103&#8230;<\/a><\/h3>\n<div class=\"td-module-meta-info\"><a href=\"https:\/\/r3media.ro\/category\/stiri-prim-plan\/\" class=\"td-post-category\">PRIM PLAN<\/a><span class=\"td-post-author-name\"><a href=\"https:\/\/r3media.ro\/author\/redactia\/\">Redac\u021bia<\/a><span>&#8211;<\/span><\/span><span class=\"td-post-date\"><time class=\"entry-date updated td-module-date\" datetime=\"2026-08-07T15:07:51+03:00\">07\/08\/2026<\/time><\/span><\/div>\n<\/div>\n<\/div>\n<\/div>\n<div class=\"td-block-span6\">\n<div class=\"td_module_8 td_module_wrap\">\n<div class=\"item-details\">\n<h3 class=\"entry-title td-module-title\"><a href=\"https:\/\/r3media.ro\/fani-stapanul-inelelor-surpriza-sezonul-3-sauron\/\" rel=\"bookmark\" title=\"Fanii \u201eSt\u0103p\u00e2nul Inelelor\u201c ar putea avea o surpriz\u0103 \u00een sezonul 3 din serialul \u201eInelele Puterii\u201c. Sauron se va confrunta cu o creatur\u0103 de temut\">Fanii \u201eSt\u0103p\u00e2nul Inelelor\u201c ar putea avea o surpriz\u0103 \u00een sezonul 3 din serialul \u201eInelele&#8230;<\/a><\/h3>\n<div class=\"td-module-meta-info\"><a href=\"https:\/\/r3media.ro\/category\/featured\/\" class=\"td-post-category\">FEATURED<\/a><span class=\"td-post-author-name\"><a href=\"https:\/\/r3media.ro\/author\/oana\/\">Oana Ivan<\/a><span>&#8211;<\/span><\/span><span class=\"td-post-date\"><time class=\"entry-date updated td-module-date\" datetime=\"2026-08-08T00:19:31+03:00\">08\/08\/2026<\/time><\/span><\/div>\n<\/div>\n<\/div>\n<\/div>\n<\/div>\n<div class=\"td-block-row\">\n<div class=\"td-block-span6\">\n<div class=\"td_module_8 td_module_wrap\">\n<div class=\"item-details\">\n<h3 class=\"entry-title td-module-title\"><a href=\"https:\/\/r3media.ro\/drona-gasita-mare-mamaia-zona-loft-video\/\" rel=\"bookmark\" title=\"VIDEO | O dron\u0103 a fost g\u0103sit\u0103 \u00een mare, \u00een Mamaia, \u00een zona Loft\">VIDEO | O dron\u0103 a fost g\u0103sit\u0103 \u00een mare, \u00een Mamaia, \u00een zona Loft<\/a><\/h3>\n<div class=\"td-module-meta-info\"><a href=\"https:\/\/r3media.ro\/category\/actualitate\/\" class=\"td-post-category\">ACTUALITATE<\/a><span class=\"td-post-author-name\"><a href=\"https:\/\/r3media.ro\/author\/oana\/\">Oana Ivan<\/a><span>&#8211;<\/span><\/span><span class=\"td-post-date\"><time class=\"entry-date updated td-module-date\" datetime=\"2026-08-05T21:48:11+03:00\">05\/08\/2026<\/time><\/span><\/div>\n<\/div>\n<\/div>\n<\/div>\n<div class=\"td-block-span6\">\n<div class=\"td_module_8 td_module_wrap\">\n<div class=\"item-details\">\n<h3 class=\"entry-title td-module-title\"><a href=\"https:\/\/r3media.ro\/cand-incepe-scoala-in-2026-structura-an-nou-scolar\/\" rel=\"bookmark\" title=\"C\u00e2nd \u00eencepe \u0219coala \u00een 2026: Structura noului an \u0219colar, vacan\u021bele \u0219i zilele libere\">C\u00e2nd \u00eencepe \u0219coala \u00een 2026: Structura noului an \u0219colar, vacan\u021bele \u0219i zilele libere<\/a><\/h3>\n<div class=\"td-module-meta-info\"><a href=\"https:\/\/r3media.ro\/category\/actualitate\/\" class=\"td-post-category\">ACTUALITATE<\/a><span class=\"td-post-author-name\"><a href=\"https:\/\/r3media.ro\/author\/oana\/\">Oana Ivan<\/a><span>&#8211;<\/span><\/span><span class=\"td-post-date\"><time class=\"entry-date updated td-module-date\" datetime=\"2026-08-03T22:23:20+03:00\">03\/08\/2026<\/time><\/span><\/div>\n<\/div>\n<\/div>\n<\/div>\n<\/div>\n<div class=\"td-block-row\">\n<div class=\"td-block-span6\">\n<div class=\"td_module_8 td_module_wrap\">\n<div class=\"item-details\">\n<h3 class=\"entry-title td-module-title\"><a href=\"https:\/\/r3media.ro\/tara-europa-norvegia-masini-electrice-inmatriculate-cota-ridicata\/\" rel=\"bookmark\" title=\"\u021aara din Europa unde aproape toate ma\u0219inile \u00eenmatriculate sune electrice. Cota a ajuns la 97,6% \u00een iulie\">\u021aara din Europa unde aproape toate ma\u0219inile \u00eenmatriculate sune electrice. Cota a ajuns la&#8230;<\/a><\/h3>\n<div class=\"td-module-meta-info\"><a href=\"https:\/\/r3media.ro\/category\/actualitate\/\" class=\"td-post-category\">ACTUALITATE<\/a><span class=\"td-post-author-name\"><a href=\"https:\/\/r3media.ro\/author\/oana\/\">Oana Ivan<\/a><span>&#8211;<\/span><\/span><span class=\"td-post-date\"><time class=\"entry-date updated td-module-date\" datetime=\"2026-08-03T17:01:21+03:00\">03\/08\/2026<\/time><\/span><\/div>\n<\/div>\n<\/div>\n<\/div>\n<div class=\"td-block-span6\">\n<div class=\"td_module_8 td_module_wrap\">\n<div class=\"item-details\">\n<h3 class=\"entry-title td-module-title\"><a href=\"https:\/\/r3media.ro\/puterea-mitologica-instalata-a-romaniei\/\" rel=\"bookmark\" title=\"Puterea mitologic\u0103 instalat\u0103 a Rom\u00e2niei\">Puterea mitologic\u0103 instalat\u0103 a Rom\u00e2niei<\/a><\/h3>\n<div class=\"td-module-meta-info\"><a href=\"https:\/\/r3media.ro\/category\/opinii\/\" class=\"td-post-category\">OPINII<\/a><span class=\"td-post-author-name\"><a href=\"https:\/\/r3media.ro\/author\/tru\/\">TRU (Traian Ungureanu)<\/a><span>&#8211;<\/span><\/span><span class=\"td-post-date\"><time class=\"entry-date updated td-module-date\" datetime=\"2026-08-02T22:08:04+03:00\">02\/08\/2026<\/time><\/span><\/div>\n<\/div>\n<\/div>\n<\/div>\n<\/div>\n<div class=\"td-block-row\">\n<div class=\"td-block-span6\">\n<div class=\"td_module_8 td_module_wrap\">\n<div class=\"item-details\">\n<h3 class=\"entry-title td-module-title\"><a href=\"https:\/\/r3media.ro\/hyundai-recheama-service-masini-electrice-inster-risc-incendiu\/\" rel=\"bookmark\" title=\"Hyundai recheam\u0103 \u00een service zeci de mii de ma\u0219ini electrice din cauza riscului de incendiu\">Hyundai recheam\u0103 \u00een service zeci de mii de ma\u0219ini electrice din cauza riscului de&#8230;<\/a><\/h3>\n<div class=\"td-module-meta-info\"><a href=\"https:\/\/r3media.ro\/category\/actualitate\/\" class=\"td-post-category\">ACTUALITATE<\/a><span class=\"td-post-author-name\"><a href=\"https:\/\/r3media.ro\/author\/oana\/\">Oana Ivan<\/a><span>&#8211;<\/span><\/span><span class=\"td-post-date\"><time class=\"entry-date updated td-module-date\" datetime=\"2026-08-02T08:34:05+03:00\">02\/08\/2026<\/time><\/span><\/div>\n<\/div>\n<\/div>\n<\/div>\n<div class=\"td-block-span6\">\n<div class=\"td_module_8 td_module_wrap\">\n<div class=\"item-details\">\n<h3 class=\"entry-title td-module-title\"><a href=\"https:\/\/r3media.ro\/dragostea-care-transcende-epoci-descult-in-parc-1967\/\" rel=\"bookmark\" title=\"Dragostea care transcende epoci \u2014 Descul\u021b \u00een parc (1967)\">Dragostea care transcende epoci \u2014 Descul\u021b \u00een parc (1967)<\/a><\/h3>\n<div class=\"td-module-meta-info\"><a href=\"https:\/\/r3media.ro\/category\/opinii\/\" class=\"td-post-category\">OPINII<\/a><span class=\"td-post-author-name\"><a href=\"https:\/\/r3media.ro\/author\/costi_balasoiu\/\">Constantin B\u0103l\u0103\u0219oiu<\/a><span>&#8211;<\/span><\/span><span class=\"td-post-date\"><time class=\"entry-date updated td-module-date\" datetime=\"2026-08-01T13:45:14+03:00\">01\/08\/2026<\/time><\/span><\/div>\n<\/div>\n<\/div>\n<\/div>\n<\/div>\n<div class=\"td-block-row\">\n<div class=\"td-block-span6\">\n<div class=\"td_module_8 td_module_wrap\">\n<div class=\"item-details\">\n<h3 class=\"entry-title td-module-title\"><a href=\"https:\/\/r3media.ro\/masina-electrica-foc-turcia-incarcat-vehicul-explozie-pompieri-stingere-incendiu-video\/\" rel=\"bookmark\" title=\"VIDEO | O ma\u0219in\u0103 electric\u0103 a luat foc \u00een timp ce se afla la \u00eenc\u0103rcat. Vehiculul a explodat chiar c\u00e2nd pompierii \u00eencercau s\u0103 sting\u0103 incendiul folosind o p\u0103tur\u0103 ignifug\u0103\">VIDEO | O ma\u0219in\u0103 electric\u0103 a luat foc \u00een timp ce se afla la&#8230;<\/a><\/h3>\n<div class=\"td-module-meta-info\"><a href=\"https:\/\/r3media.ro\/category\/actualitate\/\" class=\"td-post-category\">ACTUALITATE<\/a><span class=\"td-post-author-name\"><a href=\"https:\/\/r3media.ro\/author\/oana\/\">Oana Ivan<\/a><span>&#8211;<\/span><\/span><span class=\"td-post-date\"><time class=\"entry-date updated td-module-date\" datetime=\"2026-07-31T13:33:48+03:00\">31\/07\/2026<\/time><\/span><\/div>\n<\/div>\n<\/div>\n<\/div>\n<div class=\"td-block-span6\">\n<div class=\"td_module_8 td_module_wrap\">\n<div class=\"item-details\">\n<h3 class=\"entry-title td-module-title\"><a href=\"https:\/\/r3media.ro\/spania-asediu-migranti-exclava-ceuta-africa-madrid-trupe-securitate-video\/\" rel=\"bookmark\" title=\"VIDEO | Spania se afl\u0103 sub asediu: Mii de migran\u021bi au luat cu asalt exclava Ceuta din Africa. Madridul a trimis trupe pentru a consolida securitatea\">VIDEO | Spania se afl\u0103 sub asediu: Mii de migran\u021bi au luat cu asalt&#8230;<\/a><\/h3>\n<div class=\"td-module-meta-info\"><a href=\"https:\/\/r3media.ro\/category\/actualitate\/\" class=\"td-post-category\">ACTUALITATE<\/a><span class=\"td-post-author-name\"><a href=\"https:\/\/r3media.ro\/author\/oana\/\">Oana Ivan<\/a><span>&#8211;<\/span><\/span><span class=\"td-post-date\"><time class=\"entry-date updated td-module-date\" datetime=\"2026-07-31T12:39:57+03:00\">31\/07\/2026<\/time><\/span><\/div>\n<\/div>\n<\/div>\n<\/div>\n<\/div>\n<\/div>\n<div class=\"td-load-more-wrap td-load-more-infinite-wrap\" id=\"infinite-lm-tdi_20\"><a href=\"https:\/\/r3media.ro\/papi-si-conclavuri-traditie-si-anticlericalism-in-cinema-cei-doi-papi-si-conclavul\/\" class=\"td_ajax_load_more td_ajax_load_more_js\" aria-label=\"\u00cenc\u0103rca\u021bi mai multe\" id=\"next-page-tdi_20\" data-td_block_id=\"tdi_20\">\u00cenc\u0103rca\u021bi mai multe<\/a><\/div>\n<\/div>\n<div class=\"td_block_wrap tdb_single_comments tdi_21 tdb-comm-layout2 td-pb-border-top td_block_template_1\" data-td-block-uid=\"tdi_21\">\n<div class=\"tdb-block-inner td-fix-index\">\n<div class=\"comments\" id=\"comments\">\n<div id=\"respond\" class=\"comment-respond\">\n<h3 id=\"reply-title\" class=\"comment-reply-title\">AI CEVA DE SPUS? <small><a rel=\"nofollow\" id=\"cancel-comment-reply-link\" href=\"https:\/\/r3media.ro\/papi-si-conclavuri-traditie-si-anticlericalism-in-cinema-cei-doi-papi-si-conclavul\/#respond\">Renun\u021ba\u021bi la r\u0103spuns<\/a><\/small><\/h3>\n<div class=\"comment-form-input-wrap td-form-comment\">\n<div class=\"td-warning-comment\">V\u0103 rug\u0103m s\u0103 introduce\u021bi comentariul dvs.!<\/div>\n<\/div>\n<div class=\"comment-form-input-wrap td-form-author\">\n<div class=\"td-warning-author\">Introduce\u021bi aici numele dvs.<\/div>\n<\/div>\n<div class=\"comment-form-input-wrap td-form-email\">\n<div class=\"td-warning-email-error\">A\u021bi introdus o adres\u0103 de e-mail incorect\u0103!<\/div>\n<div class=\"td-warning-email\">V\u0103 rug\u0103m s\u0103 introduce\u021bi adresa dvs. de e-mail aici<\/div>\n<\/div>\n<\/div>\n<\/div>\n<\/div>\n<\/div>\n<\/div>\n<\/div>\n<div class=\"vc_column tdi_23  wpb_column vc_column_container tdc-column td-pb-span4 td-is-sticky\">\n<div class=\"wpb_wrapper\" data-sticky-enabled-on=\"W3RydWUsdHJ1ZSx0cnVlLHRydWVd\" data-sticky-offset=\"20\" data-sticky-is-width-auto=\"W2ZhbHNlLGZhbHNlLGZhbHNlLGZhbHNlXQ==\">\n<div class=\"wpb_wrapper td_block_wrap vc_widget_sidebar tdi_25 \">\n<div class=\"td_block_wrap td_block_7 td_block_widget tdi_26 td-pb-border-top td_block_template_1 td-column-1 td_block_padding\" data-td-block-uid=\"tdi_26\">\n<div class=\"td-block-title-wrap\">\n<h4 class=\"block-title td-block-title\"><span class=\"td-pulldown-size\">Articole RELA\u021aIONATE<\/span><\/h4>\n<\/div>\n<div id=\"tdi_26\" class=\"td_block_inner\">\n<div class=\"td-block-span12\">\n<div class=\"td_module_6 td_module_wrap td-animation-stack\">\n<div class=\"td-module-thumb\"><a href=\"https:\/\/r3media.ro\/adrian-agachi-bor-sadhguru-untold-cluj\/\" rel=\"bookmark\" class=\"td-image-wrap \" title=\"Pr. Adrian Agachi (BOR), dup\u0103 ce Sadhguru a urcat pe scena UNTOLD: Nu, dragilor, f\u0103r\u0103 oameni planeta nu ar fi mai bun\u0103, planeta \u0219i-ar rata definitiv scopul!\"><img loading=\"lazy\" decoding=\"async\" class=\"entry-thumb\" src=\"https:\/\/r3media.ro\/wp-content\/uploads\/2026\/04\/adrian-agachi-100x70.png\" alt title=\"Pr. Adrian Agachi (BOR), dup\u0103 ce Sadhguru a urcat pe scena UNTOLD: Nu, dragilor, f\u0103r\u0103 oameni planeta nu ar fi mai bun\u0103, planeta \u0219i-ar rata definitiv scopul!\" width=\"100\" height=\"70\"><\/a><\/div>\n<div class=\"item-details\">\n<h3 class=\"entry-title td-module-title\"><a href=\"https:\/\/r3media.ro\/adrian-agachi-bor-sadhguru-untold-cluj\/\" rel=\"bookmark\" title=\"Pr. Adrian Agachi (BOR), dup\u0103 ce Sadhguru a urcat pe scena UNTOLD: Nu, dragilor, f\u0103r\u0103 oameni planeta nu ar fi mai bun\u0103, planeta \u0219i-ar rata definitiv scopul!\">Pr. Adrian Agachi (BOR), dup\u0103 ce Sadhguru a urcat pe scena&#8230;<\/a><\/h3>\n<div class=\"td-module-meta-info\"><span class=\"td-post-date\"><time class=\"entry-date updated td-module-date\" datetime=\"2026-08-08T17:29:00+03:00\">08\/08\/2026<\/time><\/span><\/div>\n<\/div>\n<\/div>\n<\/div>\n<div class=\"td-block-span12\">\n<div class=\"td_module_6 td_module_wrap td-animation-stack\">\n<div class=\"td-module-thumb\"><a href=\"https:\/\/r3media.ro\/o-drona-a-intrat-in-bulgaria-dinspre-romania-si-a-explodat-la-100-de-metri-de-granita\/\" rel=\"bookmark\" class=\"td-image-wrap \" title=\"O dron\u0103 a intrat \u00een Bulgaria dinspre Rom\u00e2nia \u0219i a explodat la 100 de metri de grani\u021b\u0103\"><img loading=\"lazy\" decoding=\"async\" class=\"entry-thumb\" src=\"https:\/\/r3media.ro\/wp-content\/uploads\/2022\/11\/romania-bulgaria-cash-100x70.jpg\" alt title=\"O dron\u0103 a intrat \u00een Bulgaria dinspre Rom\u00e2nia \u0219i a explodat la 100 de metri de grani\u021b\u0103\" width=\"100\" height=\"70\"><\/a><\/div>\n<div class=\"item-details\">\n<h3 class=\"entry-title td-module-title\"><a href=\"https:\/\/r3media.ro\/o-drona-a-intrat-in-bulgaria-dinspre-romania-si-a-explodat-la-100-de-metri-de-granita\/\" rel=\"bookmark\" title=\"O dron\u0103 a intrat \u00een Bulgaria dinspre Rom\u00e2nia \u0219i a explodat la 100 de metri de grani\u021b\u0103\">O dron\u0103 a intrat \u00een Bulgaria dinspre Rom\u00e2nia \u0219i a explodat&#8230;<\/a><\/h3>\n<div class=\"td-module-meta-info\"><span class=\"td-post-date\"><time class=\"entry-date updated td-module-date\" datetime=\"2026-08-08T16:12:44+03:00\">08\/08\/2026<\/time><\/span><\/div>\n<\/div>\n<\/div>\n<\/div>\n<div class=\"td-block-span12\">\n<div class=\"td_module_6 td_module_wrap td-animation-stack\">\n<div class=\"td-module-thumb\"><a href=\"https:\/\/r3media.ro\/show-iluzie-si-realitate-de-la-the-truman-show-la-son-of-a-rich\/\" rel=\"bookmark\" class=\"td-image-wrap \" title=\"Show, iluzie \u0219i realitate: de la The Truman Show la Son of a Rich\"><img loading=\"lazy\" decoding=\"async\" class=\"entry-thumb\" src=\"https:\/\/r3media.ro\/wp-content\/uploads\/2026\/08\/the-truman-show-jim-carrey-100x70.webp\" alt title=\"Show, iluzie \u0219i realitate: de la The Truman Show la Son of a Rich\" width=\"100\" height=\"70\"><\/a><\/div>\n<div class=\"item-details\">\n<h3 class=\"entry-title td-module-title\"><a href=\"https:\/\/r3media.ro\/show-iluzie-si-realitate-de-la-the-truman-show-la-son-of-a-rich\/\" rel=\"bookmark\" title=\"Show, iluzie \u0219i realitate: de la The Truman Show la Son of a Rich\">Show, iluzie \u0219i realitate: de la The Truman Show la Son&#8230;<\/a><\/h3>\n<div class=\"td-module-meta-info\"><span class=\"td-post-date\"><time class=\"entry-date updated td-module-date\" datetime=\"2026-08-08T15:30:25+03:00\">08\/08\/2026<\/time><\/span><\/div>\n<\/div>\n<\/div>\n<\/div>\n<div class=\"td-block-span12\">\n<div class=\"td_module_6 td_module_wrap td-animation-stack\">\n<div class=\"td-module-thumb\"><a href=\"https:\/\/r3media.ro\/alex-suler-rugby-mort-pancreatita-severa\/\" rel=\"bookmark\" class=\"td-image-wrap \" title=\"Fostul rugbist Alex \u0218uler a murit la 25 de ani dup\u0103 o pancreatit\u0103 sever\u0103\"><img loading=\"lazy\" decoding=\"async\" class=\"entry-thumb\" src=\"https:\/\/r3media.ro\/wp-content\/uploads\/2026\/08\/alex-suler-100x70.png\" alt title=\"Fostul rugbist Alex \u0218uler a murit la 25 de ani dup\u0103 o pancreatit\u0103 sever\u0103\" width=\"100\" height=\"70\"><\/a><\/div>\n<div class=\"item-details\">\n<h3 class=\"entry-title td-module-title\"><a href=\"https:\/\/r3media.ro\/alex-suler-rugby-mort-pancreatita-severa\/\" rel=\"bookmark\" title=\"Fostul rugbist Alex \u0218uler a murit la 25 de ani dup\u0103 o pancreatit\u0103 sever\u0103\">Fostul rugbist Alex \u0218uler a murit la 25 de ani dup\u0103&#8230;<\/a><\/h3>\n<div class=\"td-module-meta-info\"><span class=\"td-post-date\"><time class=\"entry-date updated td-module-date\" datetime=\"2026-08-08T10:33:29+03:00\">08\/08\/2026<\/time><\/span><\/div>\n<\/div>\n<\/div>\n<\/div>\n<div class=\"td-block-span12\">\n<div class=\"td_module_6 td_module_wrap td-animation-stack\">\n<div class=\"td-module-thumb\"><a href=\"https:\/\/r3media.ro\/sofer-crestin-marea-britanie-iisus-te-iubeste-masina-asigurare\/\" rel=\"bookmark\" class=\"td-image-wrap \" title=\"FOTO | Un \u0219ofer cre\u0219tin din Marea Britanie a fost pus s\u0103 renun\u021be la mesajul \u201eIisus te iube\u0219te\u201c de pe ma\u0219in\u0103 pentru a-\u0219i putea p\u0103stra asigurarea\"><img loading=\"lazy\" decoding=\"async\" class=\"entry-thumb\" src=\"https:\/\/r3media.ro\/wp-content\/uploads\/2026\/08\/sofer-la-volan-100x70.jpg\" alt title=\"FOTO | Un \u0219ofer cre\u0219tin din Marea Britanie a fost pus s\u0103 renun\u021be la mesajul \u201eIisus te iube\u0219te\u201c de pe ma\u0219in\u0103 pentru a-\u0219i putea p\u0103stra asigurarea\" width=\"100\" height=\"70\"><\/a><\/div>\n<div class=\"item-details\">\n<h3 class=\"entry-title td-module-title\"><a href=\"https:\/\/r3media.ro\/sofer-crestin-marea-britanie-iisus-te-iubeste-masina-asigurare\/\" rel=\"bookmark\" title=\"FOTO | Un \u0219ofer cre\u0219tin din Marea Britanie a fost pus s\u0103 renun\u021be la mesajul \u201eIisus te iube\u0219te\u201c de pe ma\u0219in\u0103 pentru a-\u0219i putea p\u0103stra asigurarea\">FOTO | Un \u0219ofer cre\u0219tin din Marea Britanie a fost pus&#8230;<\/a><\/h3>\n<div class=\"td-module-meta-info\"><span class=\"td-post-date\"><time class=\"entry-date updated td-module-date\" datetime=\"2026-08-08T09:50:10+03:00\">08\/08\/2026<\/time><\/span><\/div>\n<\/div>\n<\/div>\n<\/div>\n<div class=\"td-block-span12\">\n<div class=\"td_module_6 td_module_wrap td-animation-stack\">\n<div class=\"td-module-thumb\"><a href=\"https:\/\/r3media.ro\/fani-stapanul-inelelor-surpriza-sezonul-3-sauron\/\" rel=\"bookmark\" class=\"td-image-wrap \" title=\"Fanii \u201eSt\u0103p\u00e2nul Inelelor\u201c ar putea avea o surpriz\u0103 \u00een sezonul 3 din serialul \u201eInelele Puterii\u201c. Sauron se va confrunta cu o creatur\u0103 de temut\"><img loading=\"lazy\" decoding=\"async\" class=\"entry-thumb\" src=\"https:\/\/r3media.ro\/wp-content\/uploads\/2026\/08\/stapanul-inelelor-sauron-100x70.png\" alt title=\"Fanii \u201eSt\u0103p\u00e2nul Inelelor\u201c ar putea avea o surpriz\u0103 \u00een sezonul 3 din serialul \u201eInelele Puterii\u201c. Sauron se va confrunta cu o creatur\u0103 de temut\" width=\"100\" height=\"70\"><\/a><\/div>\n<div class=\"item-details\">\n<h3 class=\"entry-title td-module-title\"><a href=\"https:\/\/r3media.ro\/fani-stapanul-inelelor-surpriza-sezonul-3-sauron\/\" rel=\"bookmark\" title=\"Fanii \u201eSt\u0103p\u00e2nul Inelelor\u201c ar putea avea o surpriz\u0103 \u00een sezonul 3 din serialul \u201eInelele Puterii\u201c. Sauron se va confrunta cu o creatur\u0103 de temut\">Fanii \u201eSt\u0103p\u00e2nul Inelelor\u201c ar putea avea o surpriz\u0103 \u00een sezonul 3&#8230;<\/a><\/h3>\n<div class=\"td-module-meta-info\"><span class=\"td-post-date\"><time class=\"entry-date updated td-module-date\" datetime=\"2026-08-08T00:19:31+03:00\">08\/08\/2026<\/time><\/span><\/div>\n<\/div>\n<\/div>\n<\/div>\n<div class=\"td-block-span12\">\n<div class=\"td_module_6 td_module_wrap td-animation-stack\">\n<div class=\"td-module-thumb\"><a href=\"https:\/\/r3media.ro\/calendarul-zilei-8-august-sf-ierarh-emilian-marturisitorul\/\" rel=\"bookmark\" class=\"td-image-wrap \" title=\"Calendarul zilei 8 august: Sf\u00e2ntul Preot Mucenic Alexandru din Basarabia. Sf. ierarh Emilian M\u0103rturisitorul\"><img loading=\"lazy\" decoding=\"async\" class=\"entry-thumb\" src=\"https:\/\/r3media.ro\/wp-content\/uploads\/2022\/08\/maxresdefault-2-100x70.jpg\" alt title=\"Calendarul zilei 8 august: Sf\u00e2ntul Preot Mucenic Alexandru din Basarabia. Sf. ierarh Emilian M\u0103rturisitorul\" width=\"100\" height=\"70\"><\/a><\/div>\n<div class=\"item-details\">\n<h3 class=\"entry-title td-module-title\"><a href=\"https:\/\/r3media.ro\/calendarul-zilei-8-august-sf-ierarh-emilian-marturisitorul\/\" rel=\"bookmark\" title=\"Calendarul zilei 8 august: Sf\u00e2ntul Preot Mucenic Alexandru din Basarabia. Sf. ierarh Emilian M\u0103rturisitorul\">Calendarul zilei 8 august: Sf\u00e2ntul Preot Mucenic Alexandru din Basarabia. Sf&#8230;.<\/a><\/h3>\n<div class=\"td-module-meta-info\"><span class=\"td-post-date\"><time class=\"entry-date updated td-module-date\" datetime=\"2026-08-07T22:03:35+03:00\">07\/08\/2026<\/time><\/span><\/div>\n<\/div>\n<\/div>\n<\/div>\n<\/div>\n<\/div>\n<aside class=\"td_block_template_1 widget widget_recent_comments\">\n<h4 class=\"block-title\"><span>INTR\u0102 \u00ceN DISCU\u021aIE!<\/span><\/h4>\n<ul id=\"recentcomments\">\n<li class=\"recentcomments\"><span class=\"comment-author-link\">Nicu<\/span> la <a href=\"https:\/\/r3media.ro\/o-drona-a-intrat-in-bulgaria-dinspre-romania-si-a-explodat-la-100-de-metri-de-granita\/#comment-40357\">O dron\u0103 a intrat \u00een Bulgaria dinspre Rom\u00e2nia \u0219i a explodat la 100 de metri de grani\u021b\u0103<\/a><\/li>\n<li class=\"recentcomments\"><span class=\"comment-author-link\">Nicu<\/span> la <a href=\"https:\/\/r3media.ro\/adrian-agachi-bor-sadhguru-untold-cluj\/#comment-40356\">Pr. Adrian Agachi (BOR), dup\u0103 ce Sadhguru a urcat pe scena UNTOLD: Nu, dragilor, f\u0103r\u0103 oameni planeta nu ar fi mai bun\u0103, planeta \u0219i-ar rata definitiv scopul!<\/a><\/li>\n<li class=\"recentcomments\"><span class=\"comment-author-link\">Kostel<\/span> la <a href=\"https:\/\/r3media.ro\/david-popovici-fair-play-sportivi-rusi-competitii\/#comment-40355\">David Popovici, fair-play la revenirea sportivilor ru\u0219i \u00een competi\u021bii: Le urez succes, sper s\u0103 fiu mai bun dec\u00e2t ei<\/a><\/li>\n<li class=\"recentcomments\"><span class=\"comment-author-link\">IvanHose<\/span> la <a href=\"https:\/\/r3media.ro\/kia-recheama-service-prima-generatie-masini-electrice-e-niro-risc-incendiu\/#comment-40354\">Kia recheam\u0103 \u00een service prima genera\u021bie de ma\u0219ini electrice e-Niro din cauza riscului de incendiu<\/a><\/li>\n<li class=\"recentcomments\"><span class=\"comment-author-link\">Gelu<\/span> la <a href=\"https:\/\/r3media.ro\/un-tongalez-un-sud-african-si-un-australian-vor-evolua-pentru-nationala-de-rugby-a-romaniei\/#comment-40353\">Rugby: Un tongalez, un sud-african \u0219i un australian au depus jur\u0103m\u00e2ntul de credin\u021b\u0103 fa\u021b\u0103 de Rom\u00e2nia<\/a><\/li>\n<li class=\"recentcomments\"><span class=\"comment-author-link\">George<\/span> la <a href=\"https:\/\/r3media.ro\/mariuca-zaharia-fetita-12-ani-marasesti\/#comment-40352\">Calendarul zilei 6 august: M\u0103riuca Zaharia, feti\u021ba de 12 ani c\u0103zut\u0103 la M\u0103r\u0103\u0219e\u0219ti, care nu mai are loc \u00een manualele de istorie<\/a><\/li>\n<li class=\"recentcomments\"><span class=\"comment-author-link\">Nicu<\/span> la <a href=\"https:\/\/r3media.ro\/ucraina-scuze-grecia-drona-marina-insula-lefkada-expolozie-portul-constanta\/#comment-40351\">Ucraina i-a cerut scuze Greciei pentru c\u0103 o dron\u0103 marin\u0103 a ajuns l\u00e2ng\u0103 Insula Lefkada. Nicio vorb\u0103 despre drona care putea s\u0103 arunce \u00een aer Portul Constan\u021ba<\/a><\/li>\n<\/ul>\n<\/aside>\n<aside class=\"td_block_template_1 widget widget_search\">\n<h4 class=\"block-title\"><span>CAUT\u0102 \u0218I VEI G\u0102SI<\/span><\/h4>\n<\/aside>\n<\/div>\n<\/div>\n<\/div>\n<\/div>\n<\/div>\n<\/div>\n<\/div>\n<p><span class=\"td-page-meta\"><\/span><span class=\"td-page-meta\"><span class=\"td-page-meta\"><\/span><\/span><span class=\"td-page-meta\"><\/span><\/article>\n<\/p>\n<div class=\"td_block_wrap tdb_single_content tdi_18 td-pb-border-top td_block_template_1 td-post-content tagdiv-type\" data-td-block-uid=\"tdi_18\">\n<div class=\"tdb-block-inner td-fix-index\">\n<p><strong>Filmul <em>Conclavul<\/em> (2024) ar fi fost o mult mai atractiv\u0103 produc\u021bie de mister medieval, intrig\u0103 etc, dac\u0103 nu s-ar fi \u00eencheiat cu ideea unui personaj ca pap\u0103 mexican venit din Kabul, cu organe de femeie (ovare) la purt\u0103tor. Probabil c\u0103 Dan Brown a dat deja cu p\u0103l\u0103ria de p\u0103m\u00e2nt: \u201cb\u0103ie\u021bi, cum a\u021bi reu\u0219it, de unde? Nu tu chestii interzise (evangheliile gnostice), crim\u0103, corup\u021bie, ordine secrete, gotic, subterane labirintice medievale, fanatici s\u00e2ngero\u0219i sau nebuni apocaliptici, profesori erudi\u021bi, \u00een realitate ni\u0219te Indiana Jones \u0219amd.\u201d<\/strong><\/p>\n<p>At\u00e2t c\u0103 dac\u0103 spargi un singur ou stricat \u00eentr-o omlet\u0103 \u00een care ai spart deja 20 de ou\u0103 bune, exist\u0103 riscul s\u0103 \u021bi-o strice pe toat\u0103. Filmul s-a vrut \u00een mod clar un film realist pentru un public din afara bisericii, care s\u0103 ating\u0103 \u0219i ni\u0219te roti\u021be LGBTQ. Dac\u0103 \u0219i c\u00e2t a reu\u0219it, cred c\u0103 e o discu\u021bie deschis\u0103.<\/p>\n<p>Filmul \u00eens\u0103 nu trebuie ocolit. Cred c\u0103 s-a n\u0103scut ca un repro\u0219 la cel\u0103lalt, <em>Cei doi papi\/ The Two Popes<\/em> (2019) care e, de la ultimele ecraniz\u0103ri ale trilogiei lui Dan Brown, cu om Hanks (2006-2016), poate prima \u00eencercare de a da credibilitate \u00eentregii atitudini anticlericale din Vest, vorbind din afara bisericii despre biseric\u0103 \u0219i sl\u0103biciunile, \u00eendoielile, ambi\u021biile \u0219i secretele oamenilor ei \u00eentr-un fel mai rezonabil.<\/p>\n<p><em>Conclavul<\/em> a preluat ideea, iar Ralph Fiennes (cardinalul Lawrence) face \u00een direc\u021bia asta un rol mare. Filmul \u00eens\u0103 \u0219i-a asumat un risc major atunci c\u00e2nd a f\u0103cut ca un mexican cu sindrom ovotesticular s\u0103 ajung\u0103 pap\u0103. De la familia Borgia \u00eencoace totul este permis, \u00eens\u0103 cu condi\u021bia s\u0103 nu fie statistic irelevant. \u0218i ca \u0219i cum nu e destul, nimeni de la Vatican nu b\u0103nuia nimic. Poate c\u0103 publicul LGBTQ e mai \u00een\u021beleg\u0103tor cu asta.<\/p>\n<p><strong><em>Cei doi papi\/ The Two Popes<\/em><\/strong> (2019) de fapt e un elogiu adus papei Francisc f\u0103r\u0103 a-l insulta prea mult pe cel\u0103lalt. Aproape nimic nu e real, \u00een afar\u0103 de personaje, cardinalul Bergoglio, viitorul pap\u0103 Francisc, \u0219i papa Benedict al XVI-lea, pe numele real Ratzinger. De pild\u0103, nu s-au \u00eent\u00e2lnit. Prima \u00eent\u00e2lnire real\u0103 \u00eentre cei doi a avut loc abia dup\u0103 ce cardinalul Bergoglio a fost ales pap\u0103 \u00een 2013 \u0219i a devenit Francisc.<\/p>\n<p>Ratzinger, ca teolog, a criticat insistent tradi\u021bia \u0219i teologia eliber\u0103rii a Americii de Sud (liberation theology) din care venea un Bergoglio, ca fiind o teologie deviant\u0103 pentru tendin\u021bele ei de st\u00e2nga.<\/p>\n<p>Regizorul a riscat folosind o asemenea licen\u021b\u0103. Construind o \u00eent\u00e2lnire \u00eentre dou\u0103 personalit\u0103\u021bi opuse care nu s-au \u00eent\u00e2lnit real, el a urm\u0103rit probabil o scurt\u0103tur\u0103 care s\u0103 pun\u0103 \u00een relief dou\u0103 tendin\u021be ale bisericii: cea conservatoare \u0219i cea liberal\u0103. Ceea ce avem de fapt \u00een <em>Conclavul<\/em>, un r\u0103zboi \u00eentre conservatori \u0219i liberali. F\u0103r\u0103 s\u0103 mai discut\u0103m c\u00e2t de improbabil e ca ei s\u0103 fi comandat pizza \u0219i fanta sau s\u0103 fi b\u0103ut bere \u00een fa\u021ba unui TV la un meci, ca doi buni vecini de palier.<\/p>\n<p>Evident, Ratzinger e conservator, adic\u0103 un teolog care ap\u0103r\u0103 dogma, tradi\u021bia \u0219i institu\u021bia bisericii, se exprim\u0103 \u00een latin\u0103 \u0219i \u00ee\u0219i prime\u0219te cardinalii doar \u00een \u021binuta de cardinal, \u00een timp ce Bergoglio\/ Francisc e un preot mai degrab\u0103 al oamenilor simpli, practic, voluntar, comunicativ, plin de energie, deschis, optimist etc.<\/p>\n<p>\u00ce\u0219i face singur rezerv\u0103ri sau \u00ee\u0219i car\u0103 valiza, detest\u0103 cl\u0103dirile mari \u0219i afluen\u021ba, circul\u0103 cu autobuzul \u0219i m\u0103n\u00e2nc\u0103 pizza, vorbe\u0219te cu oricine, serve\u0219te la mas\u0103 copiii unui orfelinat \u0219i viseaz\u0103 s\u0103 devin\u0103 preotul unei parohii oarecare din Argentina. Pe scurt, este un iezuit argentinian care se poart\u0103 ca un franciscan s\u0103rac.<\/p>\n<p>Evident, lucrurile continu\u0103. \u0218i descoperim u\u0219or, u\u0219or \u00een spatele acestor anterii solemne din alt\u0103 epoc\u0103, oamenii, cu sl\u0103biciuni, cu temeri, cu la\u0219it\u0103\u021bi \u0219i secrete. Pe scurt, oameni ca oricare al\u021bii. Ratzinger, ca exponent al tradi\u021biei, nu a \u00een\u021beles via\u021ba (de care altminteri a fugit din copil\u0103rie refugiindu-se \u00een c\u0103r\u021bi, o spune singur) \u0219i oamenii, de pild\u0103 nu i-a ap\u0103rat atunci c\u00e2nd a trebuit \u0219i a e\u0219uat s\u0103 mai aud\u0103 vocea lui Dumnezeu, m\u0103rturise\u0219te el.<\/p>\n<p>\u00cen acest timp, Bergoglio, de\u0219i m\u0103cinat \u0219i el de \u00eendoiala de a-\u0219i fi ap\u0103rat prietenii iezui\u021bi \u00een anii \u201970 care luptau \u00eempotriva dictaturii de dreapta (era considerat tr\u0103d\u0103tor \u0219i demis \u00eendat\u0103 ce \u00een Argentina se va instala un regim democratic), e acolo unde e Hristos, adic\u0103 printre oamenii obi\u0219nui\u021bi, s\u0103raci, suferinzi, a\u0219a cum sunt ei, duc\u00e2nd iubirea bisericii \u00eentre ei \u0219i l\u0103s\u00e2ndu-se \u00eenv\u0103\u021bat de ei mai degrab\u0103 dec\u00e2t \u00eenv\u0103\u021b\u00e2ndu-i el pe ei.<\/p>\n<p>Ratzinger mai e amestecat \u0219i \u00eentr-un scandal de corup\u021bie prin unul din secretarii lui. \u00cen sf\u00e2r\u0219it, papa Benedict al XVI-lea (Ratzinger) i se spovede\u0219te lui Bergoglio, iar \u00een final cedeaz\u0103 \u0219i pontificatul \u00eei revine, cum altfel, lui Bergoglio. \u0218i ca victoria s\u0103 fie deplin\u0103, \u00eei reg\u0103sim pe cei doi papi \u00een fa\u021ba unui TV la un meci de fotbal \u0219i o bere, \u00eentre\u021bin\u00e2ndu-se ca ni\u0219te oameni obi\u0219nui\u021bi.<\/p>\n<p>Ceea ce evident e foarte american \u0219i patetic.<\/p>\n<p>Bun, nu e nimic de re\u021binut aici sub raport documentar sau istoric. Ratzinger trebuie s\u0103 fi considerat mai degrab\u0103 legalizarea c\u0103s\u0103toriei \u00eentre homosexuali din Fran\u021ba (2013) ca un e\u0219ec personal dec\u00e2t ceea ce pare s\u0103 \u00eei atribuie filmul.<\/p>\n<p>I orice caz, nici acesta \u0219i nici altele nu puteau fi un motiv suficient de a demisiona.<\/p>\n<p>Presiunea continu\u0103, la care era supus ca pap\u0103, altminteri el un filosof \u0219i un teolog rafinat, un om de cabinet, care a \u0219i l\u0103sat o mo\u0219tenire teologic\u0103 comparabil\u0103 cu a unor Karl Rahner \u0219i al\u021bii, cerea un tip de constitu\u021bie \u0219i vitalitate pe care v\u00e2rsta \u0219i s\u0103n\u0103tatea lui nu i-o permiteau. A \u0219i murit cu c\u00e2\u021biva ani \u00eenaintea lui Francisc.<\/p>\n<p>At\u00e2t c\u0103 plec\u00e2nd din scaunul papal \u00eenainte de vreme (2013), direc\u021bia liberal\u0103 a Occidentului a devenit mai conving\u0103toare, viitorul conclav orient\u00e2ndu-se spre un pap\u0103 mai dinamic \u0219i deschis sau inclusiv ca Francisc, care s\u0103 uneasc\u0103 mai degrab\u0103 dec\u00e2t s\u0103 despart\u0103.<\/p>\n<p>Vremurile \u00eens\u0103 au dovedit c\u0103 aceast\u0103 solu\u021bie a fost un e\u0219ec. Occidentul nu a mai fost divizat \u00eentr-un asemenea hal de pe vremea r\u0103zboaielor napoloniene (e aceea\u0219i situa\u021bie azi, dar cu adversarii schimba\u021bi).<\/p>\n<p>\u00cen plus, tendin\u021ba acestor produc\u021bii e de a normaliza o atitudine \u201edemocratic\u0103\u201d asupra Bisericii, reflect\u00e2nd o tendin\u021b\u0103 anticlerical\u0103 \u0219i congrega\u021bionist\u0103 mai veche, specific\u0103 lumii protestante. Vechea sintagm\u0103 patristic\u0103, <em>extra ecclesiam nulla salus<\/em>, a c\u0103p\u0103tat un aer sectar azi, oricum nu mai func\u021bioneaz\u0103.<\/p>\n<p><strong><em>Conclavul<\/em><\/strong> (2024) s-a n\u0103scut din <em>Cei doi papi <\/em>dezvolt\u00e2nd o nemul\u021bumire \u0219i \u00eentr-un fel continu\u00e2nd direc\u021biile lui cu personaje fictive, privind biserica drept o scen\u0103 politic\u0103, pe care se \u00eenfrunt\u0103 conservatori \u0219i liberali, care dau mit\u0103, sunt manipulabili \u0219i trag sfori, l\u0103s\u00e2nd \u00een urm\u0103 un parfum de gotic medieval, misterios \u0219i codificat, care pare s\u0103 \u00eei ia prin surprindere uneori chiar \u0219i pe cei mai apropia\u021bi oameni ai papei.<\/p>\n<p>Totul, evident, \u00een spatele u\u0219ilor \u00eenchise, biserica fiind prezentat\u0103, una peste alta, ca ni\u0219te culise tranzac\u021bionale \u0219i secrete, spa\u021biu \u00eenchis al unor ambi\u021bii \u0219i intrigi f\u0103r\u0103 sf\u00e2r\u0219it. Or ce altceva \u021bi s-ar putea potrivi \u00een aceste condi\u021bii dec\u00e2t un pap\u0103 mexican hermafrodit, care a c\u0103zut prin plasa intrigilor neatins, care ur\u0103\u0219te r\u0103zboiul dintre musulmani \u0219i cre\u0219tini \u0219i are \u00eendoieli mai degrab\u0103 dec\u00e2t certitudini? Un elogiu adus, una peste alta, aceluia\u0219i Francisc.<\/p>\n<p>Filmul \u00eens\u0103 se \u00eenscrie mai bine dec\u00e2t cel\u0103lalt \u00een tradi\u021bia anticlerical\u0103 a Occidentului care coboar\u0103 \u00een acest caz p\u00e2n\u0103 \u00een zorii revolu\u021bionari ai Europei, de pild\u0103 la Victor Hugo, cu <em>Notre Dame de Paris<\/em> (1831), \u0219i \u00eenceputurile tradi\u021biei misterului medieval, \u021besut \u00een jurul marilor edificii gotice cavernoase \u0219i labirintice, care se va dovedi o balt\u0103 plin\u0103 de pe\u0219te pentru literatur\u0103 \u0219i cinema mai t\u00e2rziu. \u00cens\u0103 f\u0103r\u0103 a abuza de cli\u0219eu, s\u0103 zicem, \u00een maniera unui Dan Brown.<\/p>\n<p>Toat\u0103 aceast\u0103 atitudine intelectual\u0103 anticlerical\u0103, trebuie spus, \u00ee\u0219i are originea mai mult sau mai pu\u021bin \u00een clericalismul catolic medieval, derivat din separarea corpului mistic al lui Hristos de adunarea bisericii (<em>sacramentum<\/em>\/ <em>fellowship<\/em>), conduc\u00e2nd astfel biserica catolic\u0103 la reform\u0103 \u0219i congrega\u021bionism \u00een genere, d\u00e2nd impresia, prin aceste edificii gotice, de inaccesibil \u0219i mister, iar Crea\u021bia lui Dumnezeu devenind natur\u0103 \u0219i un loc al demonilor \u0219i vr\u0103jitoarelor (purificat doar prin focul rugurilor medievale)<\/p>\n<p>. E greu de explicat altminteri cum de a\u0219a ceva s-a \u00eent\u00e2mplat doar \u00een Occident, R\u0103s\u0103ritul ortodox fiind ferit de autodafeurile medievale, de o reform\u0103 protestant\u0103 \u0219i evident de secularizarea Iluminismului \u0219i a Revolu\u021biei franceze, noi culeg\u00e2nd aceste roade mai t\u00e2rziu \u0219i doar printr-o situare a noastr\u0103 \u00een spa\u021biul de influen\u021b\u0103 \u0219i modernizare occidental\u0103. Ast\u0103zi suntem \u00een acela\u0219i proces, \u00eens\u0103 mult mai avansa\u021bi, mai occidentali, mai \u00eendep\u0103rta\u021bi de noi \u00een\u0219ine.<\/p>\n<p>\u0218i, \u00eentr-un fel, o parte a acestui Occident \u0219i a problemelor lui.<\/p>\n<div class=\"crp_related     crp-masonry\">\n<h2>\u00ceN CONTEXT<\/h2>\n<ul>\n<li><a href=\"https:\/\/r3media.ro\/dragostea-care-transcende-epoci-descult-in-parc-1967\/\" class=\"crp_link post-120686\"><span class=\"crp_title\">Dragostea care transcende epoci \u2014 Descul\u021b \u00een parc (1967)<\/span><\/a><\/li>\n<li><a href=\"https:\/\/r3media.ro\/habemus-papam-la-ce-bun\/\" class=\"crp_link post-115860\"><span class=\"crp_title\">Habemus Papam! La ce bun?<\/span><\/a><\/li>\n<li><a href=\"https:\/\/r3media.ro\/labirint-mister-medieval-si-anti-clericalism-in-numele-trandafirului\/\" class=\"crp_link post-114160\"><span class=\"crp_title\">Labirint, mister medieval \u0219i anti-clericalism \u00een Numele trandafirului<\/span><\/a><\/li>\n<li><a href=\"https:\/\/r3media.ro\/nihilism-si-teologie-intre-occident-si-rasarit\/\" class=\"crp_link post-115028\"><span class=\"crp_title\">Nihilism \u0219i teologie: \u00eentre Occident \u0219i R\u0103s\u0103rit<\/span><\/a><\/li>\n<li><a href=\"https:\/\/r3media.ro\/odissea-lui-nolan\/\" class=\"crp_link post-120578\"><span class=\"crp_title\">Odissea lui Nolan<\/span><\/a><\/li>\n<li><a href=\"https:\/\/r3media.ro\/show-iluzie-si-realitate-de-la-the-truman-show-la-son-of-a-rich\/\" class=\"crp_link post-120846\"><span class=\"crp_title\">Show, iluzie \u0219i realitate: de la The Truman Show la Son of a Rich<\/span><\/a><\/li>\n<li><a href=\"https:\/\/r3media.ro\/de-la-invrajbire-la-contestare-si-nihilism\/\" class=\"crp_link post-119987\"><span class=\"crp_title\">De la \u00eenvr\u0103jbire la contestare \u0219i nihilism<\/span><\/a><\/li>\n<li><a href=\"https:\/\/r3media.ro\/adrian-papahagi-crezul-ortodox\/\" class=\"crp_link post-116391\"><span class=\"crp_title\">Adrian Papahagi vrea s\u0103 se schimbe Crezul ortodox: Pe ce cuv\u00e2nt s-a sup\u0103rat profesorul clujean<\/span><\/a><\/li>\n<\/ul>\n<\/div>\n<\/div>\n<\/div>\n<p>[analyse_source url=&#8221;https:\/\/r3media.ro\/papi-si-conclavuri-traditie-si-anticlericalism-in-cinema-cei-doi-papi-si-conclavul\/&#8221;]<\/p>\n","protected":false},"excerpt":{"rendered":"<p>[analyse_image type=&#8221;featured&#8221; src=&#8221;https:\/\/r3media.ro\/wp-content\/uploads\/2026\/08\/cei-doi-papi-e1786215836839.jpghttps:\/\/r3media.ro\/wp-content\/uploads\/2026\/08\/cei-doi-papi-e1786215836839.jpg&#8221;] OPINIIPapi \u0219i conclavuri, tradi\u021bie \u0219i anticlericalism \u00een cinema: Cei doi papi \u0219i&#8230; OPINIIPRIM PLAN\u0218TIRI Papi \u0219i conclavuri, tradi\u021bie \u0219i anticlericalism \u00een cinema: Cei doi papi \u0219i Conclavul Constantin B\u0103l\u0103\u0219oiu 08\/08\/2026 Sursa foto: Netflix Filmul Conclavul (2024) ar fi fost o mult mai atractiv\u0103 produc\u021bie de mister medieval, intrig\u0103 etc, dac\u0103 nu s-ar [&hellip;]<\/p>\n","protected":false},"author":1,"featured_media":0,"comment_status":"open","ping_status":"","sticky":false,"template":"","format":"standard","meta":{"footnotes":""},"categories":[89],"tags":[226,93],"class_list":["post-2084172","post","type-post","status-publish","format-standard","hentry","category-romania","tag-crawlmanager","tag-r3media-ro"],"_links":{"self":[{"href":"https:\/\/analyse.optim.biz\/index.php?rest_route=\/wp\/v2\/posts\/2084172","targetHints":{"allow":["GET"]}}],"collection":[{"href":"https:\/\/analyse.optim.biz\/index.php?rest_route=\/wp\/v2\/posts"}],"about":[{"href":"https:\/\/analyse.optim.biz\/index.php?rest_route=\/wp\/v2\/types\/post"}],"author":[{"embeddable":true,"href":"https:\/\/analyse.optim.biz\/index.php?rest_route=\/wp\/v2\/users\/1"}],"replies":[{"embeddable":true,"href":"https:\/\/analyse.optim.biz\/index.php?rest_route=%2Fwp%2Fv2%2Fcomments&post=2084172"}],"version-history":[{"count":0,"href":"https:\/\/analyse.optim.biz\/index.php?rest_route=\/wp\/v2\/posts\/2084172\/revisions"}],"wp:attachment":[{"href":"https:\/\/analyse.optim.biz\/index.php?rest_route=%2Fwp%2Fv2%2Fmedia&parent=2084172"}],"wp:term":[{"taxonomy":"category","embeddable":true,"href":"https:\/\/analyse.optim.biz\/index.php?rest_route=%2Fwp%2Fv2%2Fcategories&post=2084172"},{"taxonomy":"post_tag","embeddable":true,"href":"https:\/\/analyse.optim.biz\/index.php?rest_route=%2Fwp%2Fv2%2Ftags&post=2084172"}],"curies":[{"name":"wp","href":"https:\/\/api.w.org\/{rel}","templated":true}]}}