{"id":2084170,"date":"2026-08-06T15:55:00","date_gmt":"2026-08-06T12:55:00","guid":{"rendered":"https:\/\/analyse.optim.biz\/?p=2084170"},"modified":"2026-08-06T15:55:00","modified_gmt":"2026-08-06T12:55:00","slug":"germania-peste-1-000-de-juristi-cer-interzicerea-afd-pentru-a-proteja-democratia-in-momentul-in-care-partidul-conduce-in-sondaje-cu-28","status":"publish","type":"post","link":"https:\/\/analyse.optim.biz\/?p=2084170","title":{"rendered":"Germania: Peste 1.000 de juri\u0219ti cer interzicerea AfD \u201epentru a proteja democra\u021bia\u201d \u2013 \u00een momentul \u00een care partidul conduce \u00een sondaje cu 28%"},"content":{"rendered":"<p>[analyse_image type=&#8221;featured&#8221; src=&#8221;https:\/\/radiogoldfm.ro\/wp-content\/uploads\/2026\/08\/germania-peste-o-mie-de-juristi-cer-deschiderea-unei-proceduri-de-interzicere-a-afd-pentru-a-proteja-democratia-84024.jpghttps:\/\/radiogoldfm.ro\/wp-content\/uploads\/2026\/08\/germania-peste-o-mie-de-juristi-cer-deschiderea-unei-proceduri-de-interzicere-a-afd-pentru-a-proteja-democratia-84024.jpg&#8221;]<\/p>\n<div class=\"qt-the-content\">\n<p><strong>Peste 1.000 de juri\u0219ti, printre care avoca\u021bi, judec\u0103tori \u0219i speciali\u0219ti din domeniul juridic, au semnat o scrisoare deschis\u0103 prin care solicit\u0103 Guvernului \u0219i Bundestagului ini\u021bierea procedurii de interzicere a partidului Alternativa pentru Germania (AfD) la Curtea Constitu\u021bional\u0103 Federal\u0103. Ini\u021biatorii sus\u021bin c\u0103 o astfel de m\u0103sur\u0103 este necesar\u0103 pentru protejarea ordinii democratice, invoc\u00e2nd analize juridice ce indic\u0103 \u00eenc\u0103lc\u0103ri ale principiilor fundamentale ale statului de drept, conform\u00a0<a href=\"https:\/\/www.spiegel.de\/politik\/deutschland\/afd-mehr-als-tausend-juristen-verlangen-verbotsverfahren-a-2f52719c-8777-4d92-8b15-b8f1f4c9f775\" target=\"_blank\" rel=\"noreferrer noopener\">Der Spiegel<\/a>.\u00a0Totu\u0219i, demersul intervine \u00eentr-un moment politic extrem de delicat: \u00eencercarea de a elimina din via\u021ba politic\u0103 o forma\u021biune care conduce \u00een sondajele de opinie din Germania este privit\u0103 de critici drept o manevr\u0103 ce submineaz\u0103 \u00eens\u0103\u0219i esen\u021ba votului liber. \u00cen loc s\u0103 lase cet\u0103\u021benii s\u0103 \u00ee\u0219i exercite dreptul de a alege la urne, un astfel de apel la sanc\u021biuni judiciare risc\u0103 s\u0103 transforme democra\u021bia \u00eentr-un club rezervat exclusiv celor care g\u00e2ndesc \u201ecorect\u201d, ignor\u00e2nd faptul c\u0103, \u00een final, popoarele \u00ee\u0219i aduc \u00eentotdeauna aminte de cei care au preferat cenzura \u00een locul confrunt\u0103rii deschise de idei.<\/strong><\/p>\n<p>Peste o mie de juriste \u0219i juri\u0219ti din Germania militeaz\u0103 pentru ini\u021bierea unei proceduri de interzicere a AfD la Curtea Constitu\u021bional\u0103 Federal\u0103 (<em>Bundesverfassungsgericht<\/em>). Cel pu\u021bin 1.051 de avoca\u021bi, judec\u0103tori, procurori, juri\u0219ti din administra\u021bie \u0219i economie, precum \u0219i stagiari \u00een drept au semnat o scrisoare deschis\u0103 adresat\u0103 Guvernului Federal \u0219i deputa\u021bilor din Bundestag, a anun\u021bat Asocia\u021bia Republican\u0103 a Avocatelor \u0219i Avoca\u021bilor (RAV).<\/p>\n<p>Printre semnatari se num\u0103r\u0103 avoca\u021bi, judec\u0103tori \u0219i speciali\u0219ti din administra\u021bie \u0219i economie: numero\u0219i juri\u0219ti solicit\u0103 declan\u0219area unei proceduri de interzicere a partidului AfD. Ace\u0219tia se tem de daune grave aduse democra\u021biei.<\/p>\n<p>Scrisoarea de la mijlocul lunii iulie a fost ini\u021bial semnat\u0103 \u0219i publicat\u0103 de peste 500 de juri\u0219ti. \u00cen text, RAV face trimitere la o expertiz\u0103 juridic\u0103 realizat\u0103 de Societatea pentru Drepturile Libert\u0103\u021bii (GFF). Studiul a ajuns la concluzia c\u0103 politica AfD \u00eencalc\u0103 principiul demnit\u0103\u021bii umane stipulat \u00een Legea Fundamental\u0103 \u0219i principiul democratic, fiind astfel neconstitu\u021bional\u0103.<\/p>\n<p>Bundestagul \u0219i Guvernul Federal sunt din nou invitate, \u00een calitate de responsabili politici, \u201es\u0103 fac\u0103 ne\u00eent\u00e2rziat demersurile necesare pentru depunerea unei cereri la Curtea Constitu\u021bional\u0103 Federal\u0103, cu scopul de a se constata neconstitu\u021bionalitatea AfD \u0219i de a ob\u021bine astfel interzicerea partidului\u201d, a declarat RAV. \u00cen caz contrar, juri\u0219tii se tem de \u201edaune grave aduse democra\u021biei \u0219i de amenin\u021barea multor persoane, dac\u0103 AfD ar reu\u0219i s\u0103 \u00ee\u0219i pun\u0103 \u00een practic\u0103 politica anticonsitu\u021bional\u0103\u201d.<\/p>\n<p>Pre\u0219edinta RAV \u0219i coini\u021biatoarea scrisorii deschise, Angela Furmaniak, a declarat c\u0103 Legea Fundamental\u0103 ofer\u0103 \u201eun instrument care trebuie pus \u00een sf\u00e2r\u0219it \u00een aplicare\u201d. Politicienii nu mai au voie \u201es\u0103 se ascund\u0103 \u00een spatele unor argumente false\u201d, ci trebuie \u201es\u0103 ac\u021bioneze \u00eenainte de a fi prea t\u00e2rziu\u201d.<\/p>\n<p>Conform Articolului 21, alineatul 2 din Legea Fundamental\u0103, sunt clasificate ca neconstitu\u021bionale partidele care \u201eprin obiectivele lor sau prin comportamentul adep\u021bilor lor urm\u0103resc s\u0103 d\u0103uneze sau s\u0103 elimine ordinea liber\u0103 \u0219i democratic\u0103 ori s\u0103 pericliteze existen\u021ba Republicii Federale Germania\u201d. Acestea pot fi interzise de Curtea Constitu\u021bional\u0103 Federal\u0103.<\/p>\n<p>Doar Guvernul Federal, Bundestagul sau Bundesratul pot depune la Curtea Constitu\u021bional\u0103 Federal\u0103 o cerere de interzicere a unui partid organizat la nivel na\u021bional. Oficiul Federal pentru Protec\u021bia Constitu\u021biei monitorizeaz\u0103 AfD ca caz suspect de extremism de dreapta. Unele organiza\u021bii regionale ale partidului sunt clasificate drept cert de extrem\u0103 dreapt\u0103.<\/p>\n<p><strong><em>surs\u0103: <a href=\"https:\/\/www.spiegel.de\/politik\/deutschland\/afd-mehr-als-tausend-juristen-verlangen-verbotsverfahren-a-2f52719c-8777-4d92-8b15-b8f1f4c9f775\" target=\"_blank\" rel=\"noreferrer noopener\">Der Spiegel<\/a><\/em><\/strong><\/p>\n<div class=\"tagcloud qt-spacer-m\"><span class=\"qt-title\">Tagged as <\/span><a href=\"https:\/\/radiogoldfm.ro\/tag\/afd\/\" rel=\"tag\">afd<\/a><a href=\"https:\/\/radiogoldfm.ro\/tag\/germania\/\" rel=\"tag\">Germania<\/a><a href=\"https:\/\/radiogoldfm.ro\/tag\/gold-fm\/\" rel=\"tag\">GOLD FM<\/a><a href=\"https:\/\/radiogoldfm.ro\/tag\/partide\/\" rel=\"tag\">partide<\/a><a href=\"https:\/\/radiogoldfm.ro\/tag\/romania\/\" rel=\"tag\">romania<\/a><a href=\"https:\/\/radiogoldfm.ro\/tag\/sondaj\/\" rel=\"tag\">sondaj<\/a><\/div>\n<div class=\"qt-post-author qt-card\">\n<div class=\"row\">\n<div class=\"qt-post-author-data col s10 m7 l7\">\n<h6>Profil<\/h6>\n<h4><a href=\"https:\/\/radiogoldfm.ro\/germania-peste-1-000-de-juristi-cer-interzicerea-afd-pentru-a-proteja-democratia-in-momentul-in-care-partidul-conduce-in-sondaje-cu-28\/#author_page\">Gold FM Radio<\/a><\/h4>\n<\/div>\n<div class=\"qt-post-author-link col s12 m3 l4 \"><a href=\"https:\/\/radiogoldfm.ro\/author\/gold-fm\/\" class=\"qt-btn qt-btn-large qt-btn-primary aligncenter\">Arhiva postari<\/a><\/div>\n<\/div>\n<\/div>\n<\/div>\n<p>[analyse_source url=&#8221;https:\/\/radiogoldfm.ro\/germania-peste-1-000-de-juristi-cer-interzicerea-afd-pentru-a-proteja-democratia-in-momentul-in-care-partidul-conduce-in-sondaje-cu-28\/&#8221;]<\/p>\n","protected":false},"excerpt":{"rendered":"<p>[analyse_image type=&#8221;featured&#8221; src=&#8221;https:\/\/radiogoldfm.ro\/wp-content\/uploads\/2026\/08\/germania-peste-o-mie-de-juristi-cer-deschiderea-unei-proceduri-de-interzicere-a-afd-pentru-a-proteja-democratia-84024.jpghttps:\/\/radiogoldfm.ro\/wp-content\/uploads\/2026\/08\/germania-peste-o-mie-de-juristi-cer-deschiderea-unei-proceduri-de-interzicere-a-afd-pentru-a-proteja-democratia-84024.jpg&#8221;] Peste 1.000 de juri\u0219ti, printre care avoca\u021bi, judec\u0103tori \u0219i speciali\u0219ti din domeniul juridic, au semnat o scrisoare deschis\u0103 prin care solicit\u0103 Guvernului \u0219i Bundestagului ini\u021bierea procedurii de interzicere a partidului Alternativa pentru Germania (AfD) la Curtea Constitu\u021bional\u0103 Federal\u0103. Ini\u021biatorii sus\u021bin c\u0103 o astfel de m\u0103sur\u0103 este necesar\u0103 pentru protejarea ordinii democratice, invoc\u00e2nd [&hellip;]<\/p>\n","protected":false},"author":1,"featured_media":0,"comment_status":"open","ping_status":"","sticky":false,"template":"","format":"standard","meta":{"footnotes":""},"categories":[89],"tags":[226,96],"class_list":["post-2084170","post","type-post","status-publish","format-standard","hentry","category-romania","tag-crawlmanager","tag-radiogoldfm-ro"],"_links":{"self":[{"href":"https:\/\/analyse.optim.biz\/index.php?rest_route=\/wp\/v2\/posts\/2084170","targetHints":{"allow":["GET"]}}],"collection":[{"href":"https:\/\/analyse.optim.biz\/index.php?rest_route=\/wp\/v2\/posts"}],"about":[{"href":"https:\/\/analyse.optim.biz\/index.php?rest_route=\/wp\/v2\/types\/post"}],"author":[{"embeddable":true,"href":"https:\/\/analyse.optim.biz\/index.php?rest_route=\/wp\/v2\/users\/1"}],"replies":[{"embeddable":true,"href":"https:\/\/analyse.optim.biz\/index.php?rest_route=%2Fwp%2Fv2%2Fcomments&post=2084170"}],"version-history":[{"count":0,"href":"https:\/\/analyse.optim.biz\/index.php?rest_route=\/wp\/v2\/posts\/2084170\/revisions"}],"wp:attachment":[{"href":"https:\/\/analyse.optim.biz\/index.php?rest_route=%2Fwp%2Fv2%2Fmedia&parent=2084170"}],"wp:term":[{"taxonomy":"category","embeddable":true,"href":"https:\/\/analyse.optim.biz\/index.php?rest_route=%2Fwp%2Fv2%2Fcategories&post=2084170"},{"taxonomy":"post_tag","embeddable":true,"href":"https:\/\/analyse.optim.biz\/index.php?rest_route=%2Fwp%2Fv2%2Ftags&post=2084170"}],"curies":[{"name":"wp","href":"https:\/\/api.w.org\/{rel}","templated":true}]}}