{"id":2084085,"date":"2026-08-03T00:00:00","date_gmt":"2026-08-02T21:00:00","guid":{"rendered":"https:\/\/analyse.optim.biz\/?p=2084085"},"modified":"2026-08-03T00:00:00","modified_gmt":"2026-08-02T21:00:00","slug":"the-motans-concerteaza-la-focsani-piata-unirii-va-gazdui-unul-dintre-cele-mai-asteptate-evenimente-ale-lunii-august","status":"publish","type":"post","link":"https:\/\/analyse.optim.biz\/?p=2084085","title":{"rendered":"The Mot\u00e1ns concerteaz\u0103 la Foc\u0219ani: Pia\u021ba Unirii va g\u0103zdui unul dintre cele mai a\u0219teptate evenimente ale lunii august"},"content":{"rendered":"<p>[analyse_image type=&#8221;featured&#8221; src=&#8221;https:\/\/zdvi.cname.ro\/_\/the-motans-concerteaza-la-focsani-piata-unirii-va-gazdui-unul-dintre-cele-mai-asteptate-evenimente-ale-lunii-august\/mediaPool\/uArjUvk.jpg&#8221;]<\/p>\n<div class=\"main-content detaliu-articol\"><a class=\"titlu-cat-list\" href=\"https:\/\/ziaruldevrancea.ro\/timp-liber\">Timp Liber<\/a><\/p>\n<h1>The Mot\u00e1ns concerteaz\u0103 la Foc\u0219ani: Pia\u021ba Unirii va g\u0103zdui unul dintre cele mai a\u0219teptate evenimente ale lunii august<\/h1>\n<div class=\"date-articol clearfix\">\n<div class=\"distribuie-articol dropdown\">\n    Distribuie: \u00a0<br \/>\n    <em>|<\/em><\/div>\n<div class=\"autor-articol\"><a href=\"https:\/\/ziaruldevrancea.ro\/autor\/camelia-marin\/\"><img decoding=\"async\" class=\"img-circle\" src=\"https:\/\/zdvi.cname.ro\/50_50\/articleAuthor\/camelia-marin\/articleAuthor\/u9DOVkc.jpg\" alt><\/a><\/p>\n<h5><a href=\"https:\/\/ziaruldevrancea.ro\/autor\/camelia-marin\/\">Camelia Marin<\/a><\/h5>\n<div class=\"grup-spatiere\"><span class=\"cu-spatiere\"> 3 aug 2026<\/span><span class=\"cu-spatiere\">1008 vizualiz\u0103ri<\/span><\/div>\n<\/div>\n<\/div>\n<div class=\"poza-mare\"><a href class=\"openGallery\"><img decoding=\"async\" class=\"img-responsive\" src=\"https:\/\/zdvi.cname.ro\/850_530\/the-motans-concerteaza-la-focsani-piata-unirii-va-gazdui-unul-dintre-cele-mai-asteptate-evenimente-ale-lunii-august\/article\/mediaPool\/uArjUvk.jpg\" alt><\/a><\/div>\n<p><strong>Programul \u201eAugust artistic\u201d, organizat la Foc\u0219ani pentru publicul local \u0219i vr\u00e2ncenii reveni\u021bi acas\u0103 din diaspora, continu\u0103 pe 16 august cu un maraton de muzic\u0103 rom\u00e2neasc\u0103 ce \u00eei aduce pe aceea\u0219i scen\u0103 pe In.decisiv, Florian Rus \u0219i The Mot\u00e1ns.<\/strong><\/p>\n<p>\u00a0<\/p>\n<p>\u00a0<\/p>\n<p>\u00a0<\/p>\n<p>\u00a0<\/p>\n<p>The Mot\u00e1ns, cap de afi\u0219 al unei seri dedicate muzicii rom\u00e2ne\u0219ti \u00een cadrul proiectului \u201eAugust artistic\u201d<\/p>\n<p>Municipiul Foc\u0219ani se preg\u0103te\u0219te pentru unul dintre cele mai importante evenimente culturale ale lunii august. Duminic\u0103, <strong>16 august 2026<\/strong>, \u00een <strong>Pia\u021ba Unirii<\/strong>, publicul va avea ocazia s\u0103 participe la un concert sus\u021binut de <strong>The Mot\u00e1ns<\/strong>, \u00een cadrul proiectului <strong>\u201eAugust artistic\u201d<\/strong>, program cultural organizat de <strong>Prim\u0103ria Municipiului Foc\u0219ani<\/strong>, prin <strong>Teatrul \u201eMaior Gh. Pastia\u201d<\/strong>.<\/p>\n<p>Seria de manifest\u0103ri este dedicat\u0103 at\u00e2t foc\u0219\u0103nenilor, c\u00e2t \u0219i vr\u00e2ncenilor din diaspora care aleg s\u0103 \u00ee\u0219i petreac\u0103 vacan\u021bele acas\u0103, al\u0103turi de familie \u0219i prieteni. Organizatorii propun \u0219i \u00een aceast\u0103 edi\u021bie un program variat, care include spectacole de teatru, seri de karaoke, proiec\u021bii de film \u0219i concerte \u00een aer liber.<\/p>\n<p><strong>The Mot\u00e1ns urc\u0103 pe scen\u0103 la ora 21:00<\/strong><\/p>\n<p>Punctul culminant al serii va \u00eencepe la <strong>ora 21:00<\/strong>, c\u00e2nd pe scena din Pia\u021ba Unirii va urca <strong>The Mot\u00e1ns<\/strong>, proiectul muzical al artistului <strong>Denis Roabe\u0219<\/strong>, unul dintre cei mai aprecia\u021bi compozitori \u0219i interpre\u021bi ai muzicii rom\u00e2ne\u0219ti contemporane.<\/p>\n<p>Trupa este cunoscut\u0103 pentru versurile cu \u00eenc\u0103rc\u0103tur\u0103 emo\u021bional\u0103 \u0219i pentru stilul muzical care \u00eembin\u0103 influen\u021be pop \u0219i alternative. Din repertoriul s\u0103u fac parte piese devenite foarte populare, precum <strong>\u201e\u00cenainte S\u0103 Ne Fi N\u0103scut\u201d<\/strong>, <strong>\u201eNota de plat\u0103\u201d<\/strong>, <strong>\u201eVersus\u201d<\/strong> \u0219i <strong>\u201ePoemul\u201d<\/strong>.<\/p>\n<p>Organizatorii anun\u021b\u0103 un spectacol \u00een aer liber dedicat iubitorilor muzicii rom\u00e2ne\u0219ti, \u00eentr-unul dintre cele mai circulate spa\u021bii publice din municipiu.<\/p>\n<p><strong>Trupa In.decisiv \u0219i Florian Rus completeaz\u0103 programul serii<\/strong><\/p>\n<p>Evenimentul va debuta la <strong>ora 19:00<\/strong> cu recitalul forma\u021biei <strong>In.decisiv<\/strong>, alc\u0103tuit\u0103 din elevi ai <strong>Colegiului Na\u021bional \u201eUnirea\u201d din Foc\u0219ani<\/strong>, trup\u0103 care a fost prezent\u0103 \u0219i \u00een programul artistic al <strong>Zilelor Municipiului Foc\u0219ani<\/strong> din acest an.<\/p>\n<p>De la <strong>ora 20:00<\/strong>, pe scen\u0103 va urca <strong>Florian Rus<\/strong>, artist \u0219i compozitor al noii genera\u021bii, cunoscut pentru hituri precum <strong>\u201eStr\u0103zile din Bucure\u0219ti\u201d<\/strong>, <strong>\u201e7 Zile\u201d<\/strong> \u0219i <strong>\u201eAt\u00e2tea inimi\u201d<\/strong>, melodii care au acumulat milioane de ascult\u0103ri \u0219i difuz\u0103ri.<\/p>\n<p>\u201eAugust artistic\u201d continu\u0103 tradi\u021bia evenimentelor estivale din Foc\u0219ani<\/p>\n<p>Programul <strong>\u201eAugust artistic\u201d<\/strong> a devenit \u00een ultimii ani o tradi\u021bie a verii \u00een municipiul Foc\u0219ani, reunind evenimente culturale \u0219i de divertisment dedicate comunit\u0103\u021bii locale \u0219i celor care revin temporar \u00een jude\u021bul Vrancea \u00een perioada concediilor.<\/p>\n<p>Concertul din <strong>16 august<\/strong> promite o sear\u0103 cu muzic\u0103 rom\u00e2neasc\u0103 live, accesibil\u0103 publicului larg, \u00eentr-un eveniment desf\u0103\u0219urat \u00een aer liber, \u00een centrul municipiului.<\/p>\n<p>\u00a0<\/p>\n<p><strong>Citi\u021bi \u0219i con\u021binutul integral al comunicatului publicat pe pagina de Facebok\u00a0 P<\/strong><span dir=\"ltr\"><a class=\"x1i10hfl xjbqb8w x1ejq31n x18oe1m7 x1sy0etr xstzfhl x972fbf x10w94by x1qhh985 x14e42zd x9f619 x1ypdohk xt0psk2 x3ct3a4 xdj266r x14z9mp xat24cr x1lziwak xexx8yu xyri2b x18d9i69 x1c1uobl x16tdsg8 x1hl2dhg xggy1nq x1a2a7pz xkrqix3 x1sur9pj xzsf02u x1s688f\" href=\"https:\/\/www.facebook.com\/primaria.focsani\"><strong>rim\u0103ria Municipiului Foc\u0219ani<\/strong><\/a><strong>\u00a0<\/strong><\/span><strong>\u00a0\u00een leg\u0103tur\u0103 cu aceast\u0103 \u0219tire:\u00a0<\/strong><\/p>\n<p>\u00a0<\/p>\n<div class=\"xdj266r x14z9mp xat24cr x1lziwak x1vvkbs x126k92a\">\n<div dir=\"auto\"><span dir=\"auto\">August artistic sun\u0103 mai bine cu The Mot\u00e1ns la Foc\u015fani<\/span><\/div>\n<\/div>\n<div class=\"x14z9mp xat24cr x1lziwak x1vvkbs xtlvy1s x126k92a\">\n<div dir=\"auto\"><span dir=\"auto\">V\u0103 invit\u0103m la un concert de excep\u0163ie cu una dintre cele mai \u00eendr\u0103gite trupe din \u0163ar\u0103, The Mot\u00e1ns, \u00een seara de duminic\u0103, 16 august 2026, \u00een cadrul proiectului cultural \u201eAugust artistic\u201c.<\/span><\/div>\n<div dir=\"auto\"><span dir=\"auto\">Prim\u0103ria Municipiului Foc\u015fani, prin Teatrul \u201eMaior Gh. Pastia\u201c continu\u0103 \u00een aceast\u0103 var\u0103 programul de evenimente \u201eAugust artistic\u201c dedicat foc\u015f\u0103nenilor din diaspora care vin acas\u0103, s\u0103 petreac\u0103 vacan\u0163ele al\u0103turi de familii. Devenit tradi\u0163ie \u00een Foc\u015fani, programul din acest an va aduce publicului spectacole de teatru, seri de karaoke, proiec\u0163ii de film dar \u015fi concerte.<\/span><\/div>\n<div dir=\"auto\"><span dir=\"auto\">Duminic\u0103, 16 august 2026, organiz\u0103m o sear\u0103 special\u0103 de muzic\u0103 rom\u00e2neasc\u0103 unde, de la ora 21.00, vom avea ca invitat special trupa The Mot\u00e1ns. Cunoscut pentru sensibilitatea versurilor cu adev\u0103rat speciale pe care le scrie \u0219i pentru stilul s\u0103u muzical unic, Denis Roabe\u0219 promite un show electrizant care va transforma o sear\u0103 obi\u0219nuit\u0103 de var\u0103 \u00eentr-o amintire de ne\u0219ters. Printre cele mai cunoscute piese se num\u0103r\u0103 \u201e\u00cenainte S\u0103 Ne Fi N\u0103scut\u201d, \u201eNota de plat\u0103\u201d, \u201eVersus\u201d sau \u201ePoemul\u201c.<\/span><\/div>\n<div dir=\"auto\"><span dir=\"auto\">\u00cen deschiderea serii de 16 august, de la ora 19.00, vor c\u00e2nta tinerii din trupa In.decisiv a Colegiului Na\u0163ional \u201eUnirea\u201c din Foc\u015fani, pe care i-a\u0163i putut asculta \u015fi la Zilele Municipiului Foc\u015fani din acest an. <\/span><\/div>\n<div dir=\"auto\"><span dir=\"auto\">Vom continua, de la ora 20.00, cu un recital sus\u0163inut de Florian Rus, unul dintre cei mai iubi\u0163i \u015fi talenta\u0163i arti\u015fti ai noii genera\u0163ii din muzica rom\u00e2neasc\u0103. Este compozitorul \u0219i vocea din spatele unor hituri care au cucerit topurile radio \u0219i au str\u00e2ns zeci de milioane de vizualiz\u0103ri precum \u201eStr\u0103zile din Bucure\u015fti\u201c, \u201e7 Zile\u201c sau \u201eAt\u00e2tea inimi\u201c. <\/span><\/div>\n<div dir=\"auto\"><span dir=\"auto\">V\u0103 a\u015ftept\u0103m \u00een Pia\u0163a Unirii, la o sear\u0103 plin\u0103 de energie \u015fi muzic\u0103 rom\u00e2neasc\u0103! <\/span><\/p>\n<div class=\"x1i10hfl xjbqb8w x1ejq31n x18oe1m7 x1sy0etr xstzfhl x972fbf x10w94by x1qhh985 x14e42zd x9f619 x1ypdohk xt0psk2 x3ct3a4 xdj266r x14z9mp xat24cr x1lziwak xexx8yu xyri2b x18d9i69 x1c1uobl x16tdsg8 x1hl2dhg xggy1nq x1a2a7pz xkrqix3 x1sur9pj xzsf02u x1s688f\"><span dir=\"auto\">Vezi mai pu\u0163in<\/span><\/div>\n<\/div>\n<\/div>\n<p>\u00a0<\/p>\n<p>\u00a0<\/p>\n<p>\u00a0<\/p>\n<p>\u00a0<\/p>\n<hr>\n<div class=\"bloc-widget widget-rosu\">\n<p>\u00cen lipsa unui acord scris din partea Ziarului de Vrancea, pute\u0163i prelua maxim 500 de caractere din acest articol dac\u0103 preciza\u0163i sursa \u015fi insera\u0163i vizibil link-ul articolului:\u00a0<span>#insertcurrentlinkhere<\/span><\/p>\n<\/div>\n<div class=\"extra-articol listing-anunturi\">\n<h6>Anun\u021buri <span class=\"text-primary\">ZdV<\/span> Premium<\/h6>\n<div class=\"row\">\n<div class=\"col-lg-4 col-md-6 bloc-egal\"><a class=\"card-anunt\" href=\"https:\/\/ziaruldevrancea.ro\/anunturi\/inchirieri\/locuinte-oferte\/primesc-in-gazda-elevi-anunt-72832\"><strong class=\"titlu\">Locuin\u021be oferte<\/strong><span class=\"text-anunt\">Primesc \u00een gazd\u0103 elevi la cas\u0103-vil\u0103,&#8230;<\/span><span class=\"data-anunt\">07.08.2026  <\/span><\/a><\/div>\n<div class=\"col-lg-4 col-md-6 bloc-egal\"><a class=\"card-anunt\" href=\"https:\/\/ziaruldevrancea.ro\/anunturi\/altele\/matrimoniale\/Imi-caut-sufletul-pereche-anunt-72833\"><strong class=\"titlu\">Matrimoniale<\/strong><span class=\"text-anunt\">Domn serios caut doamn\u0103 serioas\u0103, v\u00e2rsta&#8230;<\/span><span class=\"data-anunt\">07.08.2026  <\/span><\/a><\/div>\n<div class=\"col-lg-4 col-md-6 bloc-egal\"><a class=\"card-anunt\" href=\"https:\/\/ziaruldevrancea.ro\/anunturi\/angajari\/oferte-angajari\/angajare-anunt-72830\"><strong class=\"titlu\">Oferte<\/strong><span class=\"text-anunt\">ECOSISTEM SRL cu sediul in localitatea Jorasti,&#8230;<\/span><span class=\"data-anunt\">05.08.2026  <\/span><\/a><\/div>\n<\/div>\n<\/div>\n<div class=\"extra-articol alte-articole\">\n<div class=\"row\">\n<div class=\"col-lg-6 bloc-egal\">\n<div class=\"card articol-listing\">\n<h6>\u00cen categoria <a href=\"https:\/\/ziaruldevrancea.ro\/timp-liber\">Timp Liber<\/a><\/h6>\n<div class=\"grup-articol-listing\">\n<div class=\"cont-pils\"><a href=\"https:\/\/ziaruldevrancea.ro\/timp-liber\/eveniment-cultural-in-aer-liber-sambata-seara-la-focsani\"><img decoding=\"async\" src=\"https:\/\/zdvi.cname.ro\/180_135\/timp-liber\/eveniment-cultural-in-aer-liber-sambata-seara-la-focsani\/mediaPool\/uvyuJqJ.jpg\" class=\"img-responsive img-180\" alt><\/a><\/div>\n<h2><a class=\"link-titlu\" href=\"https:\/\/ziaruldevrancea.ro\/timp-liber\/eveniment-cultural-in-aer-liber-sambata-seara-la-focsani\">Eveniment cultural \u00een aer liber, s\u00e2mb\u0103t\u0103 sear\u0103, la Foc\u0219ani<\/a><\/h2>\n<div class=\"date-post\"><a href=\"https:\/\/ziaruldevrancea.ro\/autor\/camelia-marin\">Camelia Marin<\/a>,  8 aug 2026  <\/div>\n<\/div>\n<div class=\"grup-articol-listing\">\n<div class=\"cont-pils\"><a href=\"https:\/\/ziaruldevrancea.ro\/timp-liber\/horoscop-8-august-2026\"><img decoding=\"async\" src=\"https:\/\/zdvi.cname.ro\/180_135\/timp-liber\/horoscop-8-august-2026\/mediaPool\/uA8enxT.jpg\" class=\"img-responsive img-180\" alt><\/a><\/div>\n<h2><a class=\"link-titlu\" href=\"https:\/\/ziaruldevrancea.ro\/timp-liber\/horoscop-8-august-2026\">Horoscop 8 august 2026 <\/a><\/h2>\n<div class=\"date-post\"><a href=\"https:\/\/ziaruldevrancea.ro\/#comentarii\" class=\"pull-right\"> 4<\/a><a href=\"https:\/\/ziaruldevrancea.ro\/autor\/rodica-condurache\">Rodica Condurache<\/a>,  8 aug 2026  <\/div>\n<\/div>\n<div class=\"grup-articol-listing\">\n<div class=\"cont-pils\"><a href=\"https:\/\/ziaruldevrancea.ro\/timp-liber\/calendarul-zilei-de-8-august-edcizia-construirii-catedralei-mitropolitane-din-iasi-scoala-superioara-de-razboi-republica-de-la-ploiesti-si-personalitatile-nascute-in-aceasta-zi\"><img decoding=\"async\" src=\"https:\/\/zdvi.cname.ro\/180_135\/timp-liber\/calendarul-zilei-de-8-august-edcizia-construirii-catedralei-mitropolitane-din-iasi-scoala-superioara-de-razboi-republica-de-la-ploiesti-si-personalitatile-nascute-in-aceasta-zi\/mediaPool\/uDnSomR.png\" class=\"img-responsive img-180\" alt><\/a><\/div>\n<h2><a class=\"link-titlu\" href=\"https:\/\/ziaruldevrancea.ro\/timp-liber\/calendarul-zilei-de-8-august-edcizia-construirii-catedralei-mitropolitane-din-iasi-scoala-superioara-de-razboi-republica-de-la-ploiesti-si-personalitatile-nascute-in-aceasta-zi\">Calendarul zilei de 8 august: 200 de ani de decizia construirii Catedralei Mitropolitane din Ia\u0219i, \u0218coala Superioar\u0103 de R\u0103zboi, Rom\u00e2nia invitat\u0103 la Conferin\u021ba de Pace de la Paris, \u201eRepublica de la Ploie\u0219ti\u201d \u0219i personalit\u0103\u021bile n\u0103scute \u00een aceast\u0103 zi<\/a><\/h2>\n<div class=\"date-post\"><a href=\"https:\/\/ziaruldevrancea.ro\/autor\/rodica-condurache\">Rodica Condurache<\/a>,  8 aug 2026  <\/div>\n<\/div>\n<\/div>\n<\/div>\n<div class=\"col-lg-6 bloc-egal\">\n<div class=\"card articol-listing\">\n<h6>De acela\u0219i <a href=\"https:\/\/ziaruldevrancea.ro\/autor\/camelia-marin\/\">autor<\/a><\/h6>\n<div class=\"grup-articol-listing\">\n<div class=\"cont-pils\"><a href=\"https:\/\/ziaruldevrancea.ro\/promo\/evenimente-speciale\/andreea-racoviteanu-revine-in-fata-publicului-din-focsani.-recital-de-pian-si-voce-intr-o-cladire-istorica-din-centrul-orasului\"><img decoding=\"async\" src=\"https:\/\/zdvi.cname.ro\/180_135\/promo\/evenimente-speciale\/andreea-racoviteanu-revine-in-fata-publicului-din-focsani.-recital-de-pian-si-voce-intr-o-cladire-istorica-din-centrul-orasului\/mediaPool\/uFYS4IQ.jpg\" class=\"img-responsive img-180\" alt><\/a><\/div>\n<h2><a class=\"link-titlu\" href=\"https:\/\/ziaruldevrancea.ro\/promo\/evenimente-speciale\/andreea-racoviteanu-revine-in-fata-publicului-din-focsani.-recital-de-pian-si-voce-intr-o-cladire-istorica-din-centrul-orasului\">Andreea Racovi\u021beanu revine \u00een fa\u021ba publicului din Foc\u0219ani. Recital de pian \u0219i voce \u00eentr-o cl\u0103dire istoric\u0103 din centrul ora\u0219ului<\/a><\/h2>\n<div class=\"date-post\"><a href=\"https:\/\/ziaruldevrancea.ro\/autor\/camelia-marin\">Camelia Marin<\/a>,  7 aug 2026  <\/div>\n<\/div>\n<div class=\"grup-articol-listing\">\n<div class=\"cont-pils\"><a href=\"https:\/\/ziaruldevrancea.ro\/actualitatea\/stiri-locale\/doliu-in-comunitatea-din-racoasa-scoala-gimnaziala-academician-aurel-iancu-isi-ia-ramas-bun-de-la-colega-mirela-vladoiu\"><img decoding=\"async\" src=\"https:\/\/zdvi.cname.ro\/180_135\/actualitatea\/stiri-locale\/doliu-in-comunitatea-din-racoasa-scoala-gimnaziala-academician-aurel-iancu-isi-ia-ramas-bun-de-la-colega-mirela-vladoiu\/mediaPool\/uXYpsln.jpg\" class=\"img-responsive img-180\" alt><\/a><\/div>\n<h2><a class=\"link-titlu\" href=\"https:\/\/ziaruldevrancea.ro\/actualitatea\/stiri-locale\/doliu-in-comunitatea-din-racoasa-scoala-gimnaziala-academician-aurel-iancu-isi-ia-ramas-bun-de-la-colega-mirela-vladoiu\">Doliu \u00een comunitatea din R\u0103coasa: \u0218coala Gimnazial\u0103 \u201eAcademician Aurel Iancu\u201d \u00ee\u0219i ia r\u0103mas-bun de la colega Mirela Vl\u0103doiu<\/a><\/h2>\n<div class=\"date-post\"><a href=\"https:\/\/ziaruldevrancea.ro\/autor\/camelia-marin\">Camelia Marin<\/a>,  6 aug 2026  <\/div>\n<\/div>\n<div class=\"grup-articol-listing\">\n<div class=\"cont-pils\"><a href=\"https:\/\/ziaruldevrancea.ro\/timp-liber\/concert-extraordinar-la-crangul-petresti-orchestra-metropolitana-bucuresti-si-soprana-oana-serban-concerteaza-in-vrancea-pe-15-august\"><img decoding=\"async\" src=\"https:\/\/zdvi.cname.ro\/180_135\/timp-liber\/concert-extraordinar-la-crangul-petresti-orchestra-metropolitana-bucuresti-si-soprana-oana-serban-concerteaza-in-vrancea-pe-15-august\/mediaPool\/u6AKDJH.jpg\" class=\"img-responsive img-180\" alt><\/a><\/div>\n<h2><a class=\"link-titlu\" href=\"https:\/\/ziaruldevrancea.ro\/timp-liber\/concert-extraordinar-la-crangul-petresti-orchestra-metropolitana-bucuresti-si-soprana-oana-serban-concerteaza-in-vrancea-pe-15-august\">Concert extraordinar la Cr\u00e2ngul Petre\u0219ti: Orchestra Metropolitan\u0103 Bucure\u0219ti \u0219i soprana Oana \u0218erban concerteaz\u0103 \u00een Vrancea pe 15 august<\/a><\/h2>\n<div class=\"date-post\"><a href=\"https:\/\/ziaruldevrancea.ro\/autor\/camelia-marin\">Camelia Marin<\/a>,  6 aug 2026  <\/div>\n<\/div>\n<\/div>\n<\/div>\n<\/div>\n<\/div>\n<div class=\"extra-articol listing-anunturi\">\n<h6>Anun\u021buri <span class=\"text-primary\">ZdV<\/span> Premium<\/h6>\n<div class=\"row\">\n<div class=\"col-lg-4 col-md-6 bloc-egal\"><a class=\"card-anunt\" href=\"https:\/\/ziaruldevrancea.ro\/anunturi\/altele\/servicii\/caut-o-persoana-sau-o-familie-pentru-ingrijirea-unei-batrane\"><strong class=\"titlu\">Servicii<\/strong><span class=\"text-anunt\">Caut o persoan\u0103\u00a0sau o familie serioas\u0103&#8230;<\/span><span class=\"data-anunt\">04.08.2026  <\/span><\/a><\/div>\n<div class=\"col-lg-4 col-md-6 bloc-egal\"><a class=\"card-anunt\" href=\"https:\/\/ziaruldevrancea.ro\/anunturi\/imobiliare\/vanzari-ap-2-camere\/vand-apartament-2-camere-in-focsani-anunt-72825\"><strong class=\"titlu\">V\u00e2nz\u0103ri ap 2 camere<\/strong><span class=\"text-anunt\">V\u00e2nd apartament 2 camere, hol p\u0103trat,&#8230;<\/span><span class=\"data-anunt\">04.08.2026  <\/span><\/a><\/div>\n<div class=\"col-lg-4 col-md-6 bloc-egal\"><a class=\"card-anunt\" href=\"https:\/\/ziaruldevrancea.ro\/anunturi\/angajari\/oferte-angajari\/caut-femeie-pt-supraveghere-batrana-paralizata-focsani-fara-menaj-program-de-la-9la-17-de-luni-pana-vineri-salariu-2600\"><strong class=\"titlu\">Oferte<\/strong><span class=\"text-anunt\">Caut femeie pentru\u00a0supraveghere&#8230;<\/span><span class=\"data-anunt\">05.08.2026 , Vrancea , Foc\u0219ani<\/span><\/a><\/div>\n<\/div>\n<\/div>\n<div class=\"bloc-widget widget-albastru\">\n    Ziarul de Vrancea \u00a0nu este responsabil juridic pentru con\u0163inutul textelor din comentariile de mai jos. Responsabilitatea pentru mesajele dumneavoastra v\u0103 revine \u00een exclusivitate.\n<\/div>\n<div class=\"comentarii-articol\" id=\"comentarii\">\n<h3>Comentarii: <span class=\"text-primary\">0<\/span><\/h3>\n<p><a href=\"https:\/\/ziaruldevrancea.ro\/timp-liber\/the-motans-concerteaza-la-focsani-piata-unirii-va-gazdui-unul-dintre-cele-mai-asteptate-evenimente-ale-lunii-august\" class=\"btn btn-success btn-adauga-com\" data-toggle=\"modal\" data-parent=\"0\" data-target=\"#commentModal\">Adaug\u0103 comentariu<\/a><\/p>\n<div class=\"loadMask comments-mask\"><img decoding=\"async\" src=\"https:\/\/zdvs.cname.ro\/images\/loader_40.gif\"><\/div>\n<div class=\"comenteaza-jos\">Trebuie s\u0103 fii <a href=\"https:\/\/ziaruldevrancea.ro\/account\">autentificat<\/a> pentru a putea <a href=\"https:\/\/ziaruldevrancea.ro\/timp-liber\/the-motans-concerteaza-la-focsani-piata-unirii-va-gazdui-unul-dintre-cele-mai-asteptate-evenimente-ale-lunii-august\" class data-toggle=\"modal\" data-parent=\"0\" data-target=\"#commentModal\">posta un comentariu<\/a>.<\/div>\n<\/div>\n<div class=\"modal fade\" id=\"commentModal\" role=\"dialog\" aria-labelledby=\"commentModalLabel\">\n<div class=\"modal-dialog modal-lg\" role=\"document\">\n<div class=\"modal-content\">\n<div class=\"modal-header\">\n<h3 class=\"modal-title\" id=\"commentModalLabel\">Comenteaz\u0103<\/h3>\n<\/div>\n<div class=\"modal-body\">\n<div class=\"tabel tabel-full\">\n<div class=\"celula\">\n              Trebuie s\u0103 fii <a href=\"https:\/\/ziaruldevrancea.ro\/account\">autentificat<\/a> pentru a putea posta un comentariu.\n            <\/div>\n<\/div>\n<\/div>\n<div class=\"modal-footer\">\n<div id=\"commentPending\" class=\"formPending pull-left\"><img decoding=\"async\" src=\"https:\/\/zdvs.cname.ro\/images\/loader_40.gif\"> In curs de procesare&#8230;<\/div>\n<p><a href=\"https:\/\/ziaruldevrancea.ro\/timp-liber\/the-motans-concerteaza-la-focsani-piata-unirii-va-gazdui-unul-dintre-cele-mai-asteptate-evenimente-ale-lunii-august\" class=\"btn btn-default\" data-dismiss=\"modal\">Anuleaz\u0103<\/a><\/div>\n<\/div>\n<\/div>\n<\/div>\n<div class=\"modal fade\" id=\"commentReportModal\" role=\"dialog\" aria-labelledby=\"commentReportModalLabel\">\n<div class=\"modal-dialog modal-lg\" role=\"document\">\n<div class=\"modal-content\">\n<div class=\"modal-header\">\n<h3 class=\"modal-title\" id=\"commentReportModalLabel\">Raporteaza comentariu<\/h3>\n<\/div>\n<div class=\"modal-body\">\n<div class=\"tabel tabel-full\">\n<div class=\"celula\">\n              Trebuie s\u0103 fii <a href=\"https:\/\/ziaruldevrancea.ro\/account\">autentificat<\/a> pentru a putea raporta un comentariu.\n            <\/div>\n<\/div>\n<\/div>\n<div class=\"modal-footer\">\n<div id=\"commentReportPending\" class=\"formPending pull-left\"><img decoding=\"async\" src=\"https:\/\/zdvs.cname.ro\/images\/loader_40.gif\"> In curs de procesare&#8230;<\/div>\n<p><a href=\"https:\/\/ziaruldevrancea.ro\/timp-liber\/the-motans-concerteaza-la-focsani-piata-unirii-va-gazdui-unul-dintre-cele-mai-asteptate-evenimente-ale-lunii-august\" class=\"btn btn-default\" data-dismiss=\"modal\">Anuleaz\u0103<\/a><\/div>\n<\/div>\n<\/div>\n<\/div>\n<div class=\"modal fade\" id=\"commentLikeModal\" role=\"dialog\" aria-labelledby=\"commentLikeModalLabel\">\n<div class=\"modal-dialog modal-lg\" role=\"document\">\n<div class=\"modal-content\">\n<div class=\"modal-header\">\n<h3 class=\"modal-title\" id=\"commentReportModalLabel\">Apreciaza comentariu<\/h3>\n<\/div>\n<div class=\"modal-body\">\n<div class=\"tabel tabel-full\">\n<div class=\"celula\">\n            Trebuie s\u0103 fii <a href=\"https:\/\/ziaruldevrancea.ro\/account\">autentificat<\/a> pentru a putea aprecia un comentariu.\n          <\/div>\n<\/div>\n<\/div>\n<div class=\"modal-footer\"><a href=\"https:\/\/ziaruldevrancea.ro\/timp-liber\/the-motans-concerteaza-la-focsani-piata-unirii-va-gazdui-unul-dintre-cele-mai-asteptate-evenimente-ale-lunii-august\" class=\"btn btn-default\" data-dismiss=\"modal\">Anuleaz\u0103<\/a><\/div>\n<\/div>\n<\/div>\n<\/div>\n<div class=\"bloc-widget widget-rosu\"><span><small>Ziarul de Vrancea doreste ca acest site sa fie un spatiu al discutiilor civilizate, al comentariilor de bun simt. Din acest motiv, cei care posteaza comentarii la articole trebuie sa respecte urmatoarele reguli:<br \/>\n1. Sa se refere doar la articolul la care posteaza comentarii.<br \/>\n2. Sa foloseasca un limbaj civilizat, fara injurii, calomnii, comentarii antisemite, xenofobe sau rasiste.<br \/>\n3. Sunt interzise atacurile la adresa autorilor, daca acestea nu au legatura cu textul.<br \/>\n4. Username-ul sa nu fie nume de personalitati ale vietii publice sau parodieri ale acestora.<br \/>\nAutorul unui articol poate fi criticat pentru eventuale greseli, incoerenta, lipsa de documentare etc.<br \/>\nNerespectarea regulilor mentionate mai sus va duce la stergerea comentariilor, fara avertisment si fara explicatii.<br \/>\nAbaterile repetate vor avea drept consecinta interdictia accesului la aceasta facilitate a site-ului.<\/small><\/span><\/div>\n<\/div>\n<p>[analyse_source url=&#8221;https:\/\/ziaruldevrancea.ro\/timp-liber\/the-motans-concerteaza-la-focsani-piata-unirii-va-gazdui-unul-dintre-cele-mai-asteptate-evenimente-ale-lunii-august&#8221;]<\/p>\n","protected":false},"excerpt":{"rendered":"<p>[analyse_image type=&#8221;featured&#8221; src=&#8221;https:\/\/zdvi.cname.ro\/_\/the-motans-concerteaza-la-focsani-piata-unirii-va-gazdui-unul-dintre-cele-mai-asteptate-evenimente-ale-lunii-august\/mediaPool\/uArjUvk.jpg&#8221;] Timp Liber The Mot\u00e1ns concerteaz\u0103 la Foc\u0219ani: Pia\u021ba Unirii va g\u0103zdui unul dintre cele mai a\u0219teptate evenimente ale lunii august Distribuie: \u00a0 | Camelia Marin 3 aug 20261008 vizualiz\u0103ri Programul \u201eAugust artistic\u201d, organizat la Foc\u0219ani pentru publicul local \u0219i vr\u00e2ncenii reveni\u021bi acas\u0103 din diaspora, continu\u0103 pe 16 august cu un maraton de [&hellip;]<\/p>\n","protected":false},"author":1,"featured_media":0,"comment_status":"open","ping_status":"","sticky":false,"template":"","format":"standard","meta":{"footnotes":""},"categories":[89],"tags":[226,208],"class_list":["post-2084085","post","type-post","status-publish","format-standard","hentry","category-romania","tag-crawlmanager","tag-ziaruldevrancea-ro"],"_links":{"self":[{"href":"https:\/\/analyse.optim.biz\/index.php?rest_route=\/wp\/v2\/posts\/2084085","targetHints":{"allow":["GET"]}}],"collection":[{"href":"https:\/\/analyse.optim.biz\/index.php?rest_route=\/wp\/v2\/posts"}],"about":[{"href":"https:\/\/analyse.optim.biz\/index.php?rest_route=\/wp\/v2\/types\/post"}],"author":[{"embeddable":true,"href":"https:\/\/analyse.optim.biz\/index.php?rest_route=\/wp\/v2\/users\/1"}],"replies":[{"embeddable":true,"href":"https:\/\/analyse.optim.biz\/index.php?rest_route=%2Fwp%2Fv2%2Fcomments&post=2084085"}],"version-history":[{"count":0,"href":"https:\/\/analyse.optim.biz\/index.php?rest_route=\/wp\/v2\/posts\/2084085\/revisions"}],"wp:attachment":[{"href":"https:\/\/analyse.optim.biz\/index.php?rest_route=%2Fwp%2Fv2%2Fmedia&parent=2084085"}],"wp:term":[{"taxonomy":"category","embeddable":true,"href":"https:\/\/analyse.optim.biz\/index.php?rest_route=%2Fwp%2Fv2%2Fcategories&post=2084085"},{"taxonomy":"post_tag","embeddable":true,"href":"https:\/\/analyse.optim.biz\/index.php?rest_route=%2Fwp%2Fv2%2Ftags&post=2084085"}],"curies":[{"name":"wp","href":"https:\/\/api.w.org\/{rel}","templated":true}]}}