{"id":2084084,"date":"2026-08-02T00:00:00","date_gmt":"2026-08-01T21:00:00","guid":{"rendered":"https:\/\/analyse.optim.biz\/?p=2084084"},"modified":"2026-08-02T00:00:00","modified_gmt":"2026-08-01T21:00:00","slug":"seara-de-film-si-cantec-in-parcul-nicolae-balcescu-din-focsani","status":"publish","type":"post","link":"https:\/\/analyse.optim.biz\/?p=2084084","title":{"rendered":"\u201eSear\u0103 de film \u0219i c\u00e2ntec\u201d \u00een Parcul \u201eNicolae B\u0103lcescu\u201d din Foc\u0219ani"},"content":{"rendered":"<p>[analyse_image type=&#8221;featured&#8221; src=&#8221;https:\/\/zdvi.cname.ro\/_\/seara-de-film-si-cantec-in-parcul-nicolae-balcescu-din-focsani\/mediaPool\/uLIUWFA.jpg&#8221;]<\/p>\n<div class=\"main-content detaliu-articol\"><a class=\"titlu-cat-list\" href=\"https:\/\/ziaruldevrancea.ro\/timp-liber\">Timp Liber<\/a><\/p>\n<h1>\u201eSear\u0103 de film \u0219i c\u00e2ntec\u201d \u00een Parcul \u201eNicolae B\u0103lcescu\u201d din Foc\u0219ani<\/h1>\n<div class=\"date-articol clearfix\">\n<div class=\"distribuie-articol dropdown\">\n    Distribuie: \u00a0<br \/>\n    <em>|<\/em><\/div>\n<div class=\"autor-articol\"><a href=\"https:\/\/ziaruldevrancea.ro\/autor\/anca-vasiliu\/\"><img decoding=\"async\" class=\"img-circle\" src=\"https:\/\/zdvi.cname.ro\/50_50\/articleAuthor\/anca-vasiliu\/articleAuthor\/u3OxgX4.PNG\" alt><\/a><\/p>\n<h5><a href=\"https:\/\/ziaruldevrancea.ro\/autor\/anca-vasiliu\/\">Anca Vasiliu<\/a><\/h5>\n<div class=\"grup-spatiere\"><span class=\"cu-spatiere\"> 2 aug 2026<\/span><span class=\"cu-spatiere\">942 vizualiz\u0103ri<\/span><\/div>\n<\/div>\n<\/div>\n<div class=\"poza-mare\"><a href class=\"openGallery\"><img decoding=\"async\" class=\"img-responsive\" src=\"https:\/\/zdvi.cname.ro\/850_530\/seara-de-film-si-cantec-in-parcul-nicolae-balcescu-din-focsani\/article\/mediaPool\/uLIUWFA.jpg\" alt><\/a><\/div>\n<p><strong>\u201eMadagascar\u201d va fi proiectat \u00een aer liber, \u00een cadrul programului \u201eAugust Artistic\u201d<\/strong><\/p>\n<p><strong>Foc\u0219\u0103nenii sunt invita\u021bi duminic\u0103 sear\u0103 la un nou eveniment organizat \u00een Parcul \u201eNicolae B\u0103lcescu\u201d, unde muzica \u0219i filmul de anima\u021bie \u201eMadagascar\u201d vor face parte din programul cultural \u201eAugust Artistic\u201d.<\/strong><\/p>\n<hr>\n<p>Locuitorii municipiului Foc\u0219ani sunt invita\u021bi, duminic\u0103, 2 august 2026, la o nou\u0103 edi\u021bie a evenimentului <strong>\u201eSeri de film \u0219i c\u00e2ntec\u201d<\/strong>, organizat \u00een amfiteatrul din <strong>Parcul \u201eNicolae B\u0103lcescu\u201d<\/strong>, \u00een cadrul proiectului cultural <strong>\u201eAugust Artistic\u201d<\/strong>.<\/p>\n<p>Potrivit unei post\u0103ri publicate pe pagina oficial\u0103 de Facebook a <strong>Prim\u0103riei Municipiului Foc\u0219ani<\/strong>, programul serii \u00eencepe la <strong>ora 19:00<\/strong>, cu un moment muzical sus\u021binut de <strong>DJ Mihai<\/strong>, urm\u00e2nd ca, de la <strong>ora 21:00<\/strong>, participan\u021bii s\u0103 poat\u0103 urm\u0103ri \u00een aer liber filmul de anima\u021bie <strong>\u201eMadagascar\u201d<\/strong>, una dintre cele mai cunoscute produc\u021bii dedicate \u00eentregii familii.<\/p>\n<p>Organizatorii \u00eei invit\u0103 pe foc\u0219\u0103neni s\u0103 petreac\u0103 o sear\u0103 \u00eentr-un cadru relaxant, \u00een aer liber, \u00eentr-un spa\u021biu destinat evenimentelor culturale \u0219i recreative din municipiu.<\/p>\n<p>Filmul <strong>\u201eMadagascar\u201d<\/strong>, apreciat at\u00e2t de copii, c\u00e2t \u0219i de adul\u021bi, spune povestea unui grup de animale de la gr\u0103dina zoologic\u0103 din New York care ajung, din \u00eent\u00e2mplare, pe insula Madagascar, unde trec prin numeroase aventuri.<\/p>\n<p>Evenimentul face parte din seria manifest\u0103rilor culturale organizate pe parcursul lunii august \u00een Foc\u0219ani, reunite sub titulatura <strong>\u201eAugust Artistic\u201d<\/strong>, proiect care include activit\u0103\u021bi dedicate publicului de toate v\u00e2rstele.<\/p>\n<p>Persoanele interesate sunt a\u0219teptate \u00een amfiteatrul din <strong>Parcul \u201eNicolae B\u0103lcescu\u201d<\/strong>, \u00eencep\u00e2nd cu ora <strong>19:00<\/strong>, pentru programul muzical, iar de la <strong>ora 21:00<\/strong> pentru proiec\u021bia filmului de anima\u021bie.<\/p>\n<p><strong>Anca Vasiliu\u00a0<\/strong><\/p>\n<hr>\n<div class=\"bloc-widget widget-rosu\">\n<p>\u00cen lipsa unui acord scris din partea Ziarului de Vrancea, pute\u0163i prelua maxim 500 de caractere din acest articol dac\u0103 preciza\u0163i sursa \u015fi insera\u0163i vizibil link-ul articolului:\u00a0<span>#insertcurrentlinkhere<\/span><\/p>\n<\/div>\n<div class=\"extra-articol listing-anunturi\">\n<h6>Anun\u021buri <span class=\"text-primary\">ZdV<\/span> Premium<\/h6>\n<div class=\"row\">\n<div class=\"col-lg-4 col-md-6 bloc-egal\"><a class=\"card-anunt\" href=\"https:\/\/ziaruldevrancea.ro\/anunturi\/inchirieri\/locuinte-oferte\/primesc-in-gazda-elevi-anunt-72832\"><strong class=\"titlu\">Locuin\u021be oferte<\/strong><span class=\"text-anunt\">Primesc \u00een gazd\u0103 elevi la cas\u0103-vil\u0103,&#8230;<\/span><span class=\"data-anunt\">07.08.2026  <\/span><\/a><\/div>\n<div class=\"col-lg-4 col-md-6 bloc-egal\"><a class=\"card-anunt\" href=\"https:\/\/ziaruldevrancea.ro\/anunturi\/altele\/matrimoniale\/Imi-caut-sufletul-pereche-anunt-72833\"><strong class=\"titlu\">Matrimoniale<\/strong><span class=\"text-anunt\">Domn serios caut doamn\u0103 serioas\u0103, v\u00e2rsta&#8230;<\/span><span class=\"data-anunt\">07.08.2026  <\/span><\/a><\/div>\n<div class=\"col-lg-4 col-md-6 bloc-egal\"><a class=\"card-anunt\" href=\"https:\/\/ziaruldevrancea.ro\/anunturi\/angajari\/oferte-angajari\/angajare-anunt-72830\"><strong class=\"titlu\">Oferte<\/strong><span class=\"text-anunt\">ECOSISTEM SRL cu sediul in localitatea Jorasti,&#8230;<\/span><span class=\"data-anunt\">05.08.2026  <\/span><\/a><\/div>\n<\/div>\n<\/div>\n<div class=\"extra-articol alte-articole\">\n<div class=\"row\">\n<div class=\"col-lg-6 bloc-egal\">\n<div class=\"card articol-listing\">\n<h6>\u00cen categoria <a href=\"https:\/\/ziaruldevrancea.ro\/timp-liber\">Timp Liber<\/a><\/h6>\n<div class=\"grup-articol-listing\">\n<div class=\"cont-pils\"><a href=\"https:\/\/ziaruldevrancea.ro\/timp-liber\/eveniment-cultural-in-aer-liber-sambata-seara-la-focsani\"><img decoding=\"async\" src=\"https:\/\/zdvi.cname.ro\/180_135\/timp-liber\/eveniment-cultural-in-aer-liber-sambata-seara-la-focsani\/mediaPool\/uvyuJqJ.jpg\" class=\"img-responsive img-180\" alt><\/a><\/div>\n<h2><a class=\"link-titlu\" href=\"https:\/\/ziaruldevrancea.ro\/timp-liber\/eveniment-cultural-in-aer-liber-sambata-seara-la-focsani\">Eveniment cultural \u00een aer liber, s\u00e2mb\u0103t\u0103 sear\u0103, la Foc\u0219ani<\/a><\/h2>\n<div class=\"date-post\"><a href=\"https:\/\/ziaruldevrancea.ro\/autor\/camelia-marin\">Camelia Marin<\/a>,  8 aug 2026  <\/div>\n<\/div>\n<div class=\"grup-articol-listing\">\n<div class=\"cont-pils\"><a href=\"https:\/\/ziaruldevrancea.ro\/timp-liber\/horoscop-8-august-2026\"><img decoding=\"async\" src=\"https:\/\/zdvi.cname.ro\/180_135\/timp-liber\/horoscop-8-august-2026\/mediaPool\/uA8enxT.jpg\" class=\"img-responsive img-180\" alt><\/a><\/div>\n<h2><a class=\"link-titlu\" href=\"https:\/\/ziaruldevrancea.ro\/timp-liber\/horoscop-8-august-2026\">Horoscop 8 august 2026 <\/a><\/h2>\n<div class=\"date-post\"><a href=\"https:\/\/ziaruldevrancea.ro\/#comentarii\" class=\"pull-right\"> 4<\/a><a href=\"https:\/\/ziaruldevrancea.ro\/autor\/rodica-condurache\">Rodica Condurache<\/a>,  8 aug 2026  <\/div>\n<\/div>\n<div class=\"grup-articol-listing\">\n<div class=\"cont-pils\"><a href=\"https:\/\/ziaruldevrancea.ro\/timp-liber\/calendarul-zilei-de-8-august-edcizia-construirii-catedralei-mitropolitane-din-iasi-scoala-superioara-de-razboi-republica-de-la-ploiesti-si-personalitatile-nascute-in-aceasta-zi\"><img decoding=\"async\" src=\"https:\/\/zdvi.cname.ro\/180_135\/timp-liber\/calendarul-zilei-de-8-august-edcizia-construirii-catedralei-mitropolitane-din-iasi-scoala-superioara-de-razboi-republica-de-la-ploiesti-si-personalitatile-nascute-in-aceasta-zi\/mediaPool\/uDnSomR.png\" class=\"img-responsive img-180\" alt><\/a><\/div>\n<h2><a class=\"link-titlu\" href=\"https:\/\/ziaruldevrancea.ro\/timp-liber\/calendarul-zilei-de-8-august-edcizia-construirii-catedralei-mitropolitane-din-iasi-scoala-superioara-de-razboi-republica-de-la-ploiesti-si-personalitatile-nascute-in-aceasta-zi\">Calendarul zilei de 8 august: 200 de ani de decizia construirii Catedralei Mitropolitane din Ia\u0219i, \u0218coala Superioar\u0103 de R\u0103zboi, Rom\u00e2nia invitat\u0103 la Conferin\u021ba de Pace de la Paris, \u201eRepublica de la Ploie\u0219ti\u201d \u0219i personalit\u0103\u021bile n\u0103scute \u00een aceast\u0103 zi<\/a><\/h2>\n<div class=\"date-post\"><a href=\"https:\/\/ziaruldevrancea.ro\/autor\/rodica-condurache\">Rodica Condurache<\/a>,  8 aug 2026  <\/div>\n<\/div>\n<\/div>\n<\/div>\n<div class=\"col-lg-6 bloc-egal\">\n<div class=\"card articol-listing\">\n<h6>De acela\u0219i <a href=\"https:\/\/ziaruldevrancea.ro\/autor\/anca-vasiliu\/\">autor<\/a><\/h6>\n<div class=\"grup-articol-listing\">\n<div class=\"cont-pils\"><a href=\"https:\/\/ziaruldevrancea.ro\/special\/social\/apel-umanitar-in-vrancea-pentru-anais-o-fetita-de-9-ani-din-nereju.-familia-cere-sprijin-pentru-investigatii-tratament-si-operatie\"><img decoding=\"async\" src=\"https:\/\/zdvi.cname.ro\/180_135\/special\/social\/apel-umanitar-in-vrancea-pentru-anais-o-fetita-de-9-ani-din-nereju.-familia-cere-sprijin-pentru-investigatii-tratament-si-operatie\/mediaPool\/uUZRs51.jpg\" class=\"img-responsive img-180\" alt><\/a><\/div>\n<h2><a class=\"link-titlu\" href=\"https:\/\/ziaruldevrancea.ro\/special\/social\/apel-umanitar-in-vrancea-pentru-anais-o-fetita-de-9-ani-din-nereju.-familia-cere-sprijin-pentru-investigatii-tratament-si-operatie\">Apel umanitar \u00een Vrancea pentru Anais, o feti\u021b\u0103 de 9 ani din Nereju. Familia cere sprijin pentru investiga\u021bii, tratament \u0219i opera\u021bie<\/a><\/h2>\n<div class=\"date-post\"><a href=\"https:\/\/ziaruldevrancea.ro\/autor\/anca-vasiliu\">Anca Vasiliu<\/a>,  8 aug 2026  <\/div>\n<\/div>\n<div class=\"grup-articol-listing\">\n<div class=\"cont-pils\"><a href=\"https:\/\/ziaruldevrancea.ro\/special\/social\/vrancenii-pot-beneficia-de-servicii-medicale-fara-cardul-de-sanatate-in-august-2026.-anunt-important-al-cas-vrancea\"><img decoding=\"async\" src=\"https:\/\/zdvi.cname.ro\/180_135\/special\/social\/vrancenii-pot-beneficia-de-servicii-medicale-fara-cardul-de-sanatate-in-august-2026.-anunt-important-al-cas-vrancea\/mediaPool\/ugXMKKy.jpg\" class=\"img-responsive img-180\" alt><\/a><\/div>\n<h2><a class=\"link-titlu\" href=\"https:\/\/ziaruldevrancea.ro\/special\/social\/vrancenii-pot-beneficia-de-servicii-medicale-fara-cardul-de-sanatate-in-august-2026.-anunt-important-al-cas-vrancea\">Vr\u00e2ncenii pot beneficia de servicii medicale f\u0103r\u0103 cardul de s\u0103n\u0103tate \u00een august 2026. Anun\u021b important al CAS Vrancea<\/a><\/h2>\n<div class=\"date-post\"><a href=\"https:\/\/ziaruldevrancea.ro\/autor\/anca-vasiliu\">Anca Vasiliu<\/a>,  8 aug 2026  <\/div>\n<\/div>\n<div class=\"grup-articol-listing\">\n<div class=\"cont-pils\"><a href=\"https:\/\/ziaruldevrancea.ro\/special\/social\/din-1-septembrie-schimbare-importanta-si-pentru-pacientii-din-vrancea\"><img decoding=\"async\" src=\"https:\/\/zdvi.cname.ro\/180_135\/special\/social\/din-1-septembrie-schimbare-importanta-si-pentru-pacientii-din-vrancea\/mediaPool\/uhtVEc4.jpg\" class=\"img-responsive img-180\" alt><\/a><\/div>\n<h2><a class=\"link-titlu\" href=\"https:\/\/ziaruldevrancea.ro\/special\/social\/din-1-septembrie-schimbare-importanta-si-pentru-pacientii-din-vrancea\">Din 1 septembrie, schimbare important\u0103 \u0219i pentru pacien\u021bii din Vrancea<\/a><\/h2>\n<div class=\"date-post\"><a href=\"https:\/\/ziaruldevrancea.ro\/autor\/anca-vasiliu\">Anca Vasiliu<\/a>,  8 aug 2026  <\/div>\n<\/div>\n<\/div>\n<\/div>\n<\/div>\n<\/div>\n<div class=\"extra-articol listing-anunturi\">\n<h6>Anun\u021buri <span class=\"text-primary\">ZdV<\/span> Premium<\/h6>\n<div class=\"row\">\n<div class=\"col-lg-4 col-md-6 bloc-egal\"><a class=\"card-anunt\" href=\"https:\/\/ziaruldevrancea.ro\/anunturi\/altele\/servicii\/caut-o-persoana-sau-o-familie-pentru-ingrijirea-unei-batrane\"><strong class=\"titlu\">Servicii<\/strong><span class=\"text-anunt\">Caut o persoan\u0103\u00a0sau o familie serioas\u0103&#8230;<\/span><span class=\"data-anunt\">04.08.2026  <\/span><\/a><\/div>\n<div class=\"col-lg-4 col-md-6 bloc-egal\"><a class=\"card-anunt\" href=\"https:\/\/ziaruldevrancea.ro\/anunturi\/imobiliare\/vanzari-ap-2-camere\/vand-apartament-2-camere-in-focsani-anunt-72825\"><strong class=\"titlu\">V\u00e2nz\u0103ri ap 2 camere<\/strong><span class=\"text-anunt\">V\u00e2nd apartament 2 camere, hol p\u0103trat,&#8230;<\/span><span class=\"data-anunt\">04.08.2026  <\/span><\/a><\/div>\n<div class=\"col-lg-4 col-md-6 bloc-egal\"><a class=\"card-anunt\" href=\"https:\/\/ziaruldevrancea.ro\/anunturi\/angajari\/oferte-angajari\/caut-femeie-pt-supraveghere-batrana-paralizata-focsani-fara-menaj-program-de-la-9la-17-de-luni-pana-vineri-salariu-2600\"><strong class=\"titlu\">Oferte<\/strong><span class=\"text-anunt\">Caut femeie pentru\u00a0supraveghere&#8230;<\/span><span class=\"data-anunt\">05.08.2026 , Vrancea , Foc\u0219ani<\/span><\/a><\/div>\n<\/div>\n<\/div>\n<div class=\"bloc-widget widget-albastru\">\n    Ziarul de Vrancea \u00a0nu este responsabil juridic pentru con\u0163inutul textelor din comentariile de mai jos. Responsabilitatea pentru mesajele dumneavoastra v\u0103 revine \u00een exclusivitate.\n<\/div>\n<div class=\"comentarii-articol\" id=\"comentarii\">\n<h3>Comentarii: <span class=\"text-primary\">0<\/span><\/h3>\n<p><a href=\"https:\/\/ziaruldevrancea.ro\/timp-liber\/seara-de-film-si-cantec-in-parcul-nicolae-balcescu-din-focsani\" class=\"btn btn-success btn-adauga-com\" data-toggle=\"modal\" data-parent=\"0\" data-target=\"#commentModal\">Adaug\u0103 comentariu<\/a><\/p>\n<div class=\"loadMask comments-mask\"><img decoding=\"async\" src=\"https:\/\/zdvs.cname.ro\/images\/loader_40.gif\"><\/div>\n<div class=\"comenteaza-jos\">Trebuie s\u0103 fii <a href=\"https:\/\/ziaruldevrancea.ro\/account\">autentificat<\/a> pentru a putea <a href=\"https:\/\/ziaruldevrancea.ro\/timp-liber\/seara-de-film-si-cantec-in-parcul-nicolae-balcescu-din-focsani\" class data-toggle=\"modal\" data-parent=\"0\" data-target=\"#commentModal\">posta un comentariu<\/a>.<\/div>\n<\/div>\n<div class=\"modal fade\" id=\"commentModal\" role=\"dialog\" aria-labelledby=\"commentModalLabel\">\n<div class=\"modal-dialog modal-lg\" role=\"document\">\n<div class=\"modal-content\">\n<div class=\"modal-header\">\n<h3 class=\"modal-title\" id=\"commentModalLabel\">Comenteaz\u0103<\/h3>\n<\/div>\n<div class=\"modal-body\">\n<div class=\"tabel tabel-full\">\n<div class=\"celula\">\n              Trebuie s\u0103 fii <a href=\"https:\/\/ziaruldevrancea.ro\/account\">autentificat<\/a> pentru a putea posta un comentariu.\n            <\/div>\n<\/div>\n<\/div>\n<div class=\"modal-footer\">\n<div id=\"commentPending\" class=\"formPending pull-left\"><img decoding=\"async\" src=\"https:\/\/zdvs.cname.ro\/images\/loader_40.gif\"> In curs de procesare&#8230;<\/div>\n<p><a href=\"https:\/\/ziaruldevrancea.ro\/timp-liber\/seara-de-film-si-cantec-in-parcul-nicolae-balcescu-din-focsani\" class=\"btn btn-default\" data-dismiss=\"modal\">Anuleaz\u0103<\/a><\/div>\n<\/div>\n<\/div>\n<\/div>\n<div class=\"modal fade\" id=\"commentReportModal\" role=\"dialog\" aria-labelledby=\"commentReportModalLabel\">\n<div class=\"modal-dialog modal-lg\" role=\"document\">\n<div class=\"modal-content\">\n<div class=\"modal-header\">\n<h3 class=\"modal-title\" id=\"commentReportModalLabel\">Raporteaza comentariu<\/h3>\n<\/div>\n<div class=\"modal-body\">\n<div class=\"tabel tabel-full\">\n<div class=\"celula\">\n              Trebuie s\u0103 fii <a href=\"https:\/\/ziaruldevrancea.ro\/account\">autentificat<\/a> pentru a putea raporta un comentariu.\n            <\/div>\n<\/div>\n<\/div>\n<div class=\"modal-footer\">\n<div id=\"commentReportPending\" class=\"formPending pull-left\"><img decoding=\"async\" src=\"https:\/\/zdvs.cname.ro\/images\/loader_40.gif\"> In curs de procesare&#8230;<\/div>\n<p><a href=\"https:\/\/ziaruldevrancea.ro\/timp-liber\/seara-de-film-si-cantec-in-parcul-nicolae-balcescu-din-focsani\" class=\"btn btn-default\" data-dismiss=\"modal\">Anuleaz\u0103<\/a><\/div>\n<\/div>\n<\/div>\n<\/div>\n<div class=\"modal fade\" id=\"commentLikeModal\" role=\"dialog\" aria-labelledby=\"commentLikeModalLabel\">\n<div class=\"modal-dialog modal-lg\" role=\"document\">\n<div class=\"modal-content\">\n<div class=\"modal-header\">\n<h3 class=\"modal-title\" id=\"commentReportModalLabel\">Apreciaza comentariu<\/h3>\n<\/div>\n<div class=\"modal-body\">\n<div class=\"tabel tabel-full\">\n<div class=\"celula\">\n            Trebuie s\u0103 fii <a href=\"https:\/\/ziaruldevrancea.ro\/account\">autentificat<\/a> pentru a putea aprecia un comentariu.\n          <\/div>\n<\/div>\n<\/div>\n<div class=\"modal-footer\"><a href=\"https:\/\/ziaruldevrancea.ro\/timp-liber\/seara-de-film-si-cantec-in-parcul-nicolae-balcescu-din-focsani\" class=\"btn btn-default\" data-dismiss=\"modal\">Anuleaz\u0103<\/a><\/div>\n<\/div>\n<\/div>\n<\/div>\n<div class=\"bloc-widget widget-rosu\"><span><small>Ziarul de Vrancea doreste ca acest site sa fie un spatiu al discutiilor civilizate, al comentariilor de bun simt. Din acest motiv, cei care posteaza comentarii la articole trebuie sa respecte urmatoarele reguli:<br \/>\n1. Sa se refere doar la articolul la care posteaza comentarii.<br \/>\n2. Sa foloseasca un limbaj civilizat, fara injurii, calomnii, comentarii antisemite, xenofobe sau rasiste.<br \/>\n3. Sunt interzise atacurile la adresa autorilor, daca acestea nu au legatura cu textul.<br \/>\n4. Username-ul sa nu fie nume de personalitati ale vietii publice sau parodieri ale acestora.<br \/>\nAutorul unui articol poate fi criticat pentru eventuale greseli, incoerenta, lipsa de documentare etc.<br \/>\nNerespectarea regulilor mentionate mai sus va duce la stergerea comentariilor, fara avertisment si fara explicatii.<br \/>\nAbaterile repetate vor avea drept consecinta interdictia accesului la aceasta facilitate a site-ului.<\/small><\/span><\/div>\n<\/div>\n<p>[analyse_source url=&#8221;https:\/\/ziaruldevrancea.ro\/timp-liber\/seara-de-film-si-cantec-in-parcul-nicolae-balcescu-din-focsani&#8221;]<\/p>\n","protected":false},"excerpt":{"rendered":"<p>[analyse_image type=&#8221;featured&#8221; src=&#8221;https:\/\/zdvi.cname.ro\/_\/seara-de-film-si-cantec-in-parcul-nicolae-balcescu-din-focsani\/mediaPool\/uLIUWFA.jpg&#8221;] Timp Liber \u201eSear\u0103 de film \u0219i c\u00e2ntec\u201d \u00een Parcul \u201eNicolae B\u0103lcescu\u201d din Foc\u0219ani Distribuie: \u00a0 | Anca Vasiliu 2 aug 2026942 vizualiz\u0103ri \u201eMadagascar\u201d va fi proiectat \u00een aer liber, \u00een cadrul programului \u201eAugust Artistic\u201d Foc\u0219\u0103nenii sunt invita\u021bi duminic\u0103 sear\u0103 la un nou eveniment organizat \u00een Parcul \u201eNicolae B\u0103lcescu\u201d, unde muzica \u0219i filmul [&hellip;]<\/p>\n","protected":false},"author":1,"featured_media":0,"comment_status":"open","ping_status":"","sticky":false,"template":"","format":"standard","meta":{"footnotes":""},"categories":[89],"tags":[226,208],"class_list":["post-2084084","post","type-post","status-publish","format-standard","hentry","category-romania","tag-crawlmanager","tag-ziaruldevrancea-ro"],"_links":{"self":[{"href":"https:\/\/analyse.optim.biz\/index.php?rest_route=\/wp\/v2\/posts\/2084084","targetHints":{"allow":["GET"]}}],"collection":[{"href":"https:\/\/analyse.optim.biz\/index.php?rest_route=\/wp\/v2\/posts"}],"about":[{"href":"https:\/\/analyse.optim.biz\/index.php?rest_route=\/wp\/v2\/types\/post"}],"author":[{"embeddable":true,"href":"https:\/\/analyse.optim.biz\/index.php?rest_route=\/wp\/v2\/users\/1"}],"replies":[{"embeddable":true,"href":"https:\/\/analyse.optim.biz\/index.php?rest_route=%2Fwp%2Fv2%2Fcomments&post=2084084"}],"version-history":[{"count":0,"href":"https:\/\/analyse.optim.biz\/index.php?rest_route=\/wp\/v2\/posts\/2084084\/revisions"}],"wp:attachment":[{"href":"https:\/\/analyse.optim.biz\/index.php?rest_route=%2Fwp%2Fv2%2Fmedia&parent=2084084"}],"wp:term":[{"taxonomy":"category","embeddable":true,"href":"https:\/\/analyse.optim.biz\/index.php?rest_route=%2Fwp%2Fv2%2Fcategories&post=2084084"},{"taxonomy":"post_tag","embeddable":true,"href":"https:\/\/analyse.optim.biz\/index.php?rest_route=%2Fwp%2Fv2%2Ftags&post=2084084"}],"curies":[{"name":"wp","href":"https:\/\/api.w.org\/{rel}","templated":true}]}}