{"id":2084081,"date":"2026-08-02T00:00:00","date_gmt":"2026-08-01T21:00:00","guid":{"rendered":"https:\/\/analyse.optim.biz\/?p=2084081"},"modified":"2026-08-02T00:00:00","modified_gmt":"2026-08-01T21:00:00","slug":"astazi-despre-focsaneanul-stefan-gh-longinescu-profesor-de-drept-roman-la-universitatile-din-iasi-si-bucuresti-a-scris-si-lucrari-de-istoria-dreptului-a-fost-fratele-savantului-gheorghe-gh-longi","status":"publish","type":"post","link":"https:\/\/analyse.optim.biz\/?p=2084081","title":{"rendered":"Ast\u0103zi despre: Foc\u0219\u0103neanul \u0218tefan Gh. Longinescu, profesor de drept roman la universit\u0103\u021bile din Ia\u0219i \u0219i Bucure\u0219ti. A scris \u0219i lucr\u0103ri de istoria dreptului. A fost fratele savantului Gheorghe Gh. Longinescu"},"content":{"rendered":"<p>[analyse_image type=&#8221;featured&#8221; src=&#8221;https:\/\/zdvi.cname.ro\/_\/astazi-despre-focsaneanul-stefan-gh.-longinescu-profesor-de-drept-roman-la-universitatile-din-iasi-si-bucuresti.-a-scris-si-lucrari-de-istoria-dreptului.-a-fost-fratele-savantului-gheorghe-gh.-longinescu\/mediaPool\/up6atjl.jpg&#8221;]<\/p>\n<div class=\"main-content detaliu-articol\"><a class=\"titlu-cat-list\" href=\"https:\/\/ziaruldevrancea.ro\/timp-liber\">Timp Liber<\/a><\/p>\n<h1>Ast\u0103zi despre: Foc\u0219\u0103neanul \u0218tefan Gh. Longinescu, profesor de drept roman la universit\u0103\u021bile din Ia\u0219i \u0219i Bucure\u0219ti. A scris \u0219i lucr\u0103ri de istoria dreptului. A fost fratele savantului Gheorghe Gh. Longinescu<\/h1>\n<div class=\"date-articol clearfix\">\n<div class=\"distribuie-articol dropdown\">\n    Distribuie: \u00a0<br \/>\n    <em>|<\/em><\/div>\n<div class=\"autor-articol\"><a href=\"https:\/\/ziaruldevrancea.ro\/autor\/ziarul-de-vrancea\/\"><img decoding=\"async\" class=\"img-circle\" src=\"https:\/\/zdvi.cname.ro\/50_50\/articleAuthor\/ziarul-de-vrancea\/articleAuthor\/uMPfPxc.jpg\" alt><\/a><\/p>\n<h5><a href=\"https:\/\/ziaruldevrancea.ro\/autor\/ziarul-de-vrancea\/\">Ziarul de Vrancea<\/a><\/h5>\n<div class=\"grup-spatiere\"><span class=\"cu-spatiere\"> 2 aug 2026<\/span><span class=\"cu-spatiere\">4030 vizualiz\u0103ri<\/span><\/div>\n<\/div>\n<\/div>\n<div class=\"poza-mare\"><a href class=\"openGallery\"><img decoding=\"async\" class=\"img-responsive\" src=\"https:\/\/zdvi.cname.ro\/850_530\/astazi-despre-focsaneanul-stefan-gh.-longinescu-profesor-de-drept-roman-la-universitatile-din-iasi-si-bucuresti.-a-scris-si-lucrari-de-istoria-dreptului.-a-fost-fratele-savantului-gheorghe-gh.-longinescu\/article\/mediaPool\/up6atjl.jpg\" alt><\/a><\/div>\n<p><strong>\u0218tefan Gh. Longinescu (n. 5\/12 octombrie 1865, Foc\u0219ani \u2013 d. 2 august 1931, Bucure\u0219ti) a fost un jurist rom\u00e2n, membru corespondent al Academiei Rom\u00e2ne (din 1910). A fost profesor de drept roman la universit\u0103\u021bile din Ia\u0219i \u0219i Bucure\u0219ti. A scris \u0219i lucr\u0103ri de istoria dreptului.<\/strong><\/p>\n<p>\u00a0<\/p>\n<p>\u0218tefan Gh. Longinescu s-a n\u0103scut \u00een anul 1865, \u00eentr-o familie de negustori. A fost fiul Rusandrei (1843-1925) \u0219i al lui Gheorghe Loginescu, care a avut prima fabric\u0103 de cear\u0103 din Foc\u0219ani.\u0219i frate cu Gheorghe Gh. Longinescu (1869-1939). A f\u0103cut studii gimnaziale la Foc\u0219ani, liceale \u0219i universitare la Ia\u0219i, unde absolv\u0103 Facultatea de Drept \u0219i \u00ee\u0219i ia licen\u021ba \u00een \u0219tiinte juridice cu o tez\u0103 despre &#8220;Garan\u021bia de evic\u021biune \u00een dreptul roman \u0219i rom\u00e2n&#8221;.<\/p>\n<p>A practicat avocatura, e apoi judec\u0103tor de ocol, supleant la tribunal, judec\u0103tor de instruc\u021bie la Gala\u021bi \u0219i chimist \u00een Laboratorul lui Petru Poni. Studiaz\u0103 matematicile superioare cu profesorul Climescu, apoi cu Melik \u0219i \u021aoni, studiu care \u00eei deschid mai t\u00e2rziu interesul pentru logica judiciar\u0103 \u0219i arhitectura dreptului. \u00cen 1895 pleac\u0103, prin concurs, la specializare \u00een Germania, un an mai t\u00e2rziu ob\u021bin\u00e2nd la Berlin doctoratul. Dup\u0103 ce func\u021bioneaz\u0103 ca profesor de drept la Ia\u0219i, ocup\u0103 Catedra de Drept roman a Facult\u0103\u021bii de Drept din Bucure\u0219ti, asigur\u00e2nd, din 1908, \u0219i cursul de Istoria dreptului rom\u00e2nesc.<\/p>\n<p><strong>Opere<\/strong><\/p>\n<p>\u00a0\u00a0 Gaius der Rechtsgelehrte (Gaius erudit al dreptului, 1896)<\/p>\n<p>\u00a0\u00a0\u00a0 Istoria dreptului rom\u00e2nesc din vremile cele mai vechi p\u00e2n\u0103 azi (1908) (prima lucrare de acest gen din literatura noastr\u0103 de specialitate)<\/p>\n<p>\u00a0\u00a0\u00a0 Elemente de drept roman (9 volume, 1921-1929)<\/p>\n<p>\u00a0\u00a0\u00a0 Dreptul roman in literatura juridica rom\u00e2neasc\u0103 (1908)<\/p>\n<p>\u00a0\u00a0\u00a0 Pravila lui Vasile Lupu (1909)<\/p>\n<p>\u00a0\u00a0\u00a0 Pravila Moldovei din vremea lui Vasile Lupu (1912)<\/p>\n<p>\u00a0\u00a0\u00a0 A\u0219ez\u0103m\u00e2ntul de leg\u0103tur\u0103 al lui Mihai Viteazul (1919)<\/p>\n<p>\u00a0\u00a0\u00a0 Medicina legal\u0103 \u00een legile vechi rom\u00e2ne\u0219ti (1920)<\/p>\n<p>\u00a0\u00a0\u00a0 Pravila lui Alexandru cel Bun (1923)<\/p>\n<p>\u00a0<\/p>\n<p><\/p>\n<p>De la Wikipedia, enciclopedia liber\u0103<\/p>\n<p>\u00a0<\/p>\n<p>\u00a0<\/p>\n<p>\u00a0<\/p>\n<p>\u00a0<\/p>\n<p>\u00a0<\/p>\n<p>\u00a0<\/p>\n<p>\u00a0<\/p>\n<p>\u00a0<\/p>\n<p>\u00a0<\/p>\n<hr>\n<div class=\"bloc-widget widget-rosu\">\n<p>\u00cen lipsa unui acord scris din partea Ziarului de Vrancea, pute\u0163i prelua maxim 500 de caractere din acest articol dac\u0103 preciza\u0163i sursa \u015fi insera\u0163i vizibil link-ul articolului:\u00a0<span>#insertcurrentlinkhere<\/span><\/p>\n<\/div>\n<div class=\"extra-articol listing-anunturi\">\n<h6>Anun\u021buri <span class=\"text-primary\">ZdV<\/span> Premium<\/h6>\n<div class=\"row\">\n<div class=\"col-lg-4 col-md-6 bloc-egal\"><a class=\"card-anunt\" href=\"https:\/\/ziaruldevrancea.ro\/anunturi\/inchirieri\/locuinte-oferte\/primesc-in-gazda-elevi-anunt-72832\"><strong class=\"titlu\">Locuin\u021be oferte<\/strong><span class=\"text-anunt\">Primesc \u00een gazd\u0103 elevi la cas\u0103-vil\u0103,&#8230;<\/span><span class=\"data-anunt\">07.08.2026  <\/span><\/a><\/div>\n<div class=\"col-lg-4 col-md-6 bloc-egal\"><a class=\"card-anunt\" href=\"https:\/\/ziaruldevrancea.ro\/anunturi\/altele\/matrimoniale\/Imi-caut-sufletul-pereche-anunt-72833\"><strong class=\"titlu\">Matrimoniale<\/strong><span class=\"text-anunt\">Domn serios caut doamn\u0103 serioas\u0103, v\u00e2rsta&#8230;<\/span><span class=\"data-anunt\">07.08.2026  <\/span><\/a><\/div>\n<div class=\"col-lg-4 col-md-6 bloc-egal\"><a class=\"card-anunt\" href=\"https:\/\/ziaruldevrancea.ro\/anunturi\/angajari\/oferte-angajari\/angajare-anunt-72830\"><strong class=\"titlu\">Oferte<\/strong><span class=\"text-anunt\">ECOSISTEM SRL cu sediul in localitatea Jorasti,&#8230;<\/span><span class=\"data-anunt\">05.08.2026  <\/span><\/a><\/div>\n<\/div>\n<\/div>\n<div class=\"extra-articol alte-articole\">\n<div class=\"row\">\n<div class=\"col-lg-6 bloc-egal\">\n<div class=\"card articol-listing\">\n<h6>\u00cen categoria <a href=\"https:\/\/ziaruldevrancea.ro\/timp-liber\">Timp Liber<\/a><\/h6>\n<div class=\"grup-articol-listing\">\n<div class=\"cont-pils\"><a href=\"https:\/\/ziaruldevrancea.ro\/timp-liber\/eveniment-cultural-in-aer-liber-sambata-seara-la-focsani\"><img decoding=\"async\" src=\"https:\/\/zdvi.cname.ro\/180_135\/timp-liber\/eveniment-cultural-in-aer-liber-sambata-seara-la-focsani\/mediaPool\/uvyuJqJ.jpg\" class=\"img-responsive img-180\" alt><\/a><\/div>\n<h2><a class=\"link-titlu\" href=\"https:\/\/ziaruldevrancea.ro\/timp-liber\/eveniment-cultural-in-aer-liber-sambata-seara-la-focsani\">Eveniment cultural \u00een aer liber, s\u00e2mb\u0103t\u0103 sear\u0103, la Foc\u0219ani<\/a><\/h2>\n<div class=\"date-post\"><a href=\"https:\/\/ziaruldevrancea.ro\/autor\/camelia-marin\">Camelia Marin<\/a>,  8 aug 2026  <\/div>\n<\/div>\n<div class=\"grup-articol-listing\">\n<div class=\"cont-pils\"><a href=\"https:\/\/ziaruldevrancea.ro\/timp-liber\/horoscop-8-august-2026\"><img decoding=\"async\" src=\"https:\/\/zdvi.cname.ro\/180_135\/timp-liber\/horoscop-8-august-2026\/mediaPool\/uA8enxT.jpg\" class=\"img-responsive img-180\" alt><\/a><\/div>\n<h2><a class=\"link-titlu\" href=\"https:\/\/ziaruldevrancea.ro\/timp-liber\/horoscop-8-august-2026\">Horoscop 8 august 2026 <\/a><\/h2>\n<div class=\"date-post\"><a href=\"https:\/\/ziaruldevrancea.ro\/#comentarii\" class=\"pull-right\"> 4<\/a><a href=\"https:\/\/ziaruldevrancea.ro\/autor\/rodica-condurache\">Rodica Condurache<\/a>,  8 aug 2026  <\/div>\n<\/div>\n<div class=\"grup-articol-listing\">\n<div class=\"cont-pils\"><a href=\"https:\/\/ziaruldevrancea.ro\/timp-liber\/calendarul-zilei-de-8-august-edcizia-construirii-catedralei-mitropolitane-din-iasi-scoala-superioara-de-razboi-republica-de-la-ploiesti-si-personalitatile-nascute-in-aceasta-zi\"><img decoding=\"async\" src=\"https:\/\/zdvi.cname.ro\/180_135\/timp-liber\/calendarul-zilei-de-8-august-edcizia-construirii-catedralei-mitropolitane-din-iasi-scoala-superioara-de-razboi-republica-de-la-ploiesti-si-personalitatile-nascute-in-aceasta-zi\/mediaPool\/uDnSomR.png\" class=\"img-responsive img-180\" alt><\/a><\/div>\n<h2><a class=\"link-titlu\" href=\"https:\/\/ziaruldevrancea.ro\/timp-liber\/calendarul-zilei-de-8-august-edcizia-construirii-catedralei-mitropolitane-din-iasi-scoala-superioara-de-razboi-republica-de-la-ploiesti-si-personalitatile-nascute-in-aceasta-zi\">Calendarul zilei de 8 august: 200 de ani de decizia construirii Catedralei Mitropolitane din Ia\u0219i, \u0218coala Superioar\u0103 de R\u0103zboi, Rom\u00e2nia invitat\u0103 la Conferin\u021ba de Pace de la Paris, \u201eRepublica de la Ploie\u0219ti\u201d \u0219i personalit\u0103\u021bile n\u0103scute \u00een aceast\u0103 zi<\/a><\/h2>\n<div class=\"date-post\"><a href=\"https:\/\/ziaruldevrancea.ro\/autor\/rodica-condurache\">Rodica Condurache<\/a>,  8 aug 2026  <\/div>\n<\/div>\n<\/div>\n<\/div>\n<div class=\"col-lg-6 bloc-egal\">\n<div class=\"card articol-listing\">\n<h6>De acela\u0219i <a href=\"https:\/\/ziaruldevrancea.ro\/autor\/ziarul-de-vrancea\/\">autor<\/a><\/h6>\n<div class=\"grup-articol-listing\">\n<div class=\"cont-pils\"><a href=\"https:\/\/ziaruldevrancea.ro\/special\/sport\/astazi-despre-prima-campioana-olimpica-din-istoria-romaniei-la-saritura-in-lungime-unde-a-stabilit-un-record-mondial-laureata-cu-medalia-de-aur-la-j.o.-mexic-1968-viorica-viscopoleanu\"><img decoding=\"async\" src=\"https:\/\/zdvi.cname.ro\/180_135\/special\/sport\/astazi-despre-prima-campioana-olimpica-din-istoria-romaniei-la-saritura-in-lungime-unde-a-stabilit-un-record-mondial-laureata-cu-medalia-de-aur-la-j.o.-mexic-1968-viorica-viscopoleanu\/mediaPool\/uHbR1sY.jpg\" class=\"img-responsive img-180\" alt><\/a><\/div>\n<h2><a class=\"link-titlu\" href=\"https:\/\/ziaruldevrancea.ro\/special\/sport\/astazi-despre-prima-campioana-olimpica-din-istoria-romaniei-la-saritura-in-lungime-unde-a-stabilit-un-record-mondial-laureata-cu-medalia-de-aur-la-j.o.-mexic-1968-viorica-viscopoleanu\">Ast\u0103zi despre: Prima campioan\u0103 olimpic\u0103 din istoria Rom\u00e2niei la s\u0103ritura \u00een lungime, unde a stabilit un record mondial, laureat\u0103 cu medalia de aur la J.O. Mexic 1968: Viorica Viscopoleanu<\/a><\/h2>\n<div class=\"date-post\"><a href=\"https:\/\/ziaruldevrancea.ro\/autor\/ziarul-de-vrancea\">Ziarul de Vrancea<\/a>,  8 aug 2026  <\/div>\n<\/div>\n<div class=\"grup-articol-listing\">\n<div class=\"cont-pils\"><a href=\"https:\/\/ziaruldevrancea.ro\/timp-liber\/astazi-despre-tatiana-stepa\"><img decoding=\"async\" src=\"https:\/\/zdvi.cname.ro\/180_135\/timp-liber\/astazi-despre-tatiana-stepa\/mediaPool\/u28q3ec.jpg\" class=\"img-responsive img-180\" alt><\/a><\/div>\n<h2><a class=\"link-titlu\" href=\"https:\/\/ziaruldevrancea.ro\/timp-liber\/astazi-despre-tatiana-stepa\">VIDEO Ast\u0103zi despre: Artista care a luat \u00een glum\u0103 toate loviturile vie\u0163ii: Tatiana Stepa. A lucrat 11 ani \u00een mina Lupeni. A r\u00e2s mereu de moarte \u015fi, \u00een final, moartea a \u00eenvins-o. Avea 46 de ani<\/a><\/h2>\n<div class=\"date-post\"><a href=\"https:\/\/ziaruldevrancea.ro\/autor\/ziarul-de-vrancea\">Ziarul de Vrancea<\/a>,  7 aug 2026  <\/div>\n<\/div>\n<div class=\"grup-articol-listing\">\n<div class=\"cont-pils\"><a href=\"https:\/\/ziaruldevrancea.ro\/timp-liber\/astazi-despre-sica-alexandrescu-regizorul-care-a-a-cladit-un-secol-de-teatru-romanesc-lansand-dramaturgi-si-formand-generatii-aurite-de-slujitori-ai-scenei.-lui-i-se-datoreaza-succesul-in-teatru-al-marelui-grigore-vasiliu-si-povestea-numelui-birlic\"><img decoding=\"async\" src=\"https:\/\/zdvi.cname.ro\/180_135\/timp-liber\/astazi-despre-sica-alexandrescu-regizorul-care-a-a-cladit-un-secol-de-teatru-romanesc-lansand-dramaturgi-si-formand-generatii-aurite-de-slujitori-ai-scenei.-lui-i-se-datoreaza-succesul-in-teatru-al-marelui-grigore-vasiliu-si-povestea-numelui-birlic\/mediaPool\/uN4nwW7.jpg\" class=\"img-responsive img-180\" alt><\/a><\/div>\n<h2><a class=\"link-titlu\" href=\"https:\/\/ziaruldevrancea.ro\/timp-liber\/astazi-despre-sica-alexandrescu-regizorul-care-a-a-cladit-un-secol-de-teatru-romanesc-lansand-dramaturgi-si-formand-generatii-aurite-de-slujitori-ai-scenei.-lui-i-se-datoreaza-succesul-in-teatru-al-marelui-grigore-vasiliu-si-povestea-numelui-birlic\">Ast\u0103zi despre: Sic\u0103 Alexandrescu, regizorul care a cl\u0103dit un secol de teatru rom\u00e2nesc, lans\u00e2nd \u0219i form\u00e2nd genera\u0163ii aurite de slujitori ai scenei. Lui i se datoreaz\u0103 succesul \u00een teatru al Elvirei Popescu, a lui Grigore Vasiliu \u015fi povestea numelui \u201eBirlic\u201d<\/a><\/h2>\n<div class=\"date-post\"><a href=\"https:\/\/ziaruldevrancea.ro\/autor\/ziarul-de-vrancea\">Ziarul de Vrancea<\/a>,  6 aug 2026  <\/div>\n<\/div>\n<\/div>\n<\/div>\n<\/div>\n<\/div>\n<div class=\"extra-articol listing-anunturi\">\n<h6>Anun\u021buri <span class=\"text-primary\">ZdV<\/span> Premium<\/h6>\n<div class=\"row\">\n<div class=\"col-lg-4 col-md-6 bloc-egal\"><a class=\"card-anunt\" href=\"https:\/\/ziaruldevrancea.ro\/anunturi\/altele\/servicii\/caut-o-persoana-sau-o-familie-pentru-ingrijirea-unei-batrane\"><strong class=\"titlu\">Servicii<\/strong><span class=\"text-anunt\">Caut o persoan\u0103\u00a0sau o familie serioas\u0103&#8230;<\/span><span class=\"data-anunt\">04.08.2026  <\/span><\/a><\/div>\n<div class=\"col-lg-4 col-md-6 bloc-egal\"><a class=\"card-anunt\" href=\"https:\/\/ziaruldevrancea.ro\/anunturi\/imobiliare\/vanzari-ap-2-camere\/vand-apartament-2-camere-in-focsani-anunt-72825\"><strong class=\"titlu\">V\u00e2nz\u0103ri ap 2 camere<\/strong><span class=\"text-anunt\">V\u00e2nd apartament 2 camere, hol p\u0103trat,&#8230;<\/span><span class=\"data-anunt\">04.08.2026  <\/span><\/a><\/div>\n<div class=\"col-lg-4 col-md-6 bloc-egal\"><a class=\"card-anunt\" href=\"https:\/\/ziaruldevrancea.ro\/anunturi\/angajari\/oferte-angajari\/caut-femeie-pt-supraveghere-batrana-paralizata-focsani-fara-menaj-program-de-la-9la-17-de-luni-pana-vineri-salariu-2600\"><strong class=\"titlu\">Oferte<\/strong><span class=\"text-anunt\">Caut femeie pentru\u00a0supraveghere&#8230;<\/span><span class=\"data-anunt\">05.08.2026 , Vrancea , Foc\u0219ani<\/span><\/a><\/div>\n<\/div>\n<\/div>\n<div class=\"bloc-widget widget-albastru\">\n    Ziarul de Vrancea \u00a0nu este responsabil juridic pentru con\u0163inutul textelor din comentariile de mai jos. Responsabilitatea pentru mesajele dumneavoastra v\u0103 revine \u00een exclusivitate.\n<\/div>\n<div class=\"comentarii-articol\" id=\"comentarii\">\n<h3>Comentarii: <span class=\"text-primary\">0<\/span><\/h3>\n<p><a href=\"https:\/\/ziaruldevrancea.ro\/timp-liber\/astazi-despre-focsaneanul-stefan-gh.-longinescu-profesor-de-drept-roman-la-universitatile-din-iasi-si-bucuresti.-a-scris-si-lucrari-de-istoria-dreptului.-a-fost-fratele-savantului-gheorghe-gh.-longinescu\" class=\"btn btn-success btn-adauga-com\" data-toggle=\"modal\" data-parent=\"0\" data-target=\"#commentModal\">Adaug\u0103 comentariu<\/a><\/p>\n<div class=\"loadMask comments-mask\"><img decoding=\"async\" src=\"https:\/\/zdvs.cname.ro\/images\/loader_40.gif\"><\/div>\n<div class=\"comenteaza-jos\">Trebuie s\u0103 fii <a href=\"https:\/\/ziaruldevrancea.ro\/account\">autentificat<\/a> pentru a putea <a href=\"https:\/\/ziaruldevrancea.ro\/timp-liber\/astazi-despre-focsaneanul-stefan-gh.-longinescu-profesor-de-drept-roman-la-universitatile-din-iasi-si-bucuresti.-a-scris-si-lucrari-de-istoria-dreptului.-a-fost-fratele-savantului-gheorghe-gh.-longinescu\" class data-toggle=\"modal\" data-parent=\"0\" data-target=\"#commentModal\">posta un comentariu<\/a>.<\/div>\n<\/div>\n<div class=\"modal fade\" id=\"commentModal\" role=\"dialog\" aria-labelledby=\"commentModalLabel\">\n<div class=\"modal-dialog modal-lg\" role=\"document\">\n<div class=\"modal-content\">\n<div class=\"modal-header\">\n<h3 class=\"modal-title\" id=\"commentModalLabel\">Comenteaz\u0103<\/h3>\n<\/div>\n<div class=\"modal-body\">\n<div class=\"tabel tabel-full\">\n<div class=\"celula\">\n              Trebuie s\u0103 fii <a href=\"https:\/\/ziaruldevrancea.ro\/account\">autentificat<\/a> pentru a putea posta un comentariu.\n            <\/div>\n<\/div>\n<\/div>\n<div class=\"modal-footer\">\n<div id=\"commentPending\" class=\"formPending pull-left\"><img decoding=\"async\" src=\"https:\/\/zdvs.cname.ro\/images\/loader_40.gif\"> In curs de procesare&#8230;<\/div>\n<p><a href=\"https:\/\/ziaruldevrancea.ro\/timp-liber\/astazi-despre-focsaneanul-stefan-gh.-longinescu-profesor-de-drept-roman-la-universitatile-din-iasi-si-bucuresti.-a-scris-si-lucrari-de-istoria-dreptului.-a-fost-fratele-savantului-gheorghe-gh.-longinescu\" class=\"btn btn-default\" data-dismiss=\"modal\">Anuleaz\u0103<\/a><\/div>\n<\/div>\n<\/div>\n<\/div>\n<div class=\"modal fade\" id=\"commentReportModal\" role=\"dialog\" aria-labelledby=\"commentReportModalLabel\">\n<div class=\"modal-dialog modal-lg\" role=\"document\">\n<div class=\"modal-content\">\n<div class=\"modal-header\">\n<h3 class=\"modal-title\" id=\"commentReportModalLabel\">Raporteaza comentariu<\/h3>\n<\/div>\n<div class=\"modal-body\">\n<div class=\"tabel tabel-full\">\n<div class=\"celula\">\n              Trebuie s\u0103 fii <a href=\"https:\/\/ziaruldevrancea.ro\/account\">autentificat<\/a> pentru a putea raporta un comentariu.\n            <\/div>\n<\/div>\n<\/div>\n<div class=\"modal-footer\">\n<div id=\"commentReportPending\" class=\"formPending pull-left\"><img decoding=\"async\" src=\"https:\/\/zdvs.cname.ro\/images\/loader_40.gif\"> In curs de procesare&#8230;<\/div>\n<p><a href=\"https:\/\/ziaruldevrancea.ro\/timp-liber\/astazi-despre-focsaneanul-stefan-gh.-longinescu-profesor-de-drept-roman-la-universitatile-din-iasi-si-bucuresti.-a-scris-si-lucrari-de-istoria-dreptului.-a-fost-fratele-savantului-gheorghe-gh.-longinescu\" class=\"btn btn-default\" data-dismiss=\"modal\">Anuleaz\u0103<\/a><\/div>\n<\/div>\n<\/div>\n<\/div>\n<div class=\"modal fade\" id=\"commentLikeModal\" role=\"dialog\" aria-labelledby=\"commentLikeModalLabel\">\n<div class=\"modal-dialog modal-lg\" role=\"document\">\n<div class=\"modal-content\">\n<div class=\"modal-header\">\n<h3 class=\"modal-title\" id=\"commentReportModalLabel\">Apreciaza comentariu<\/h3>\n<\/div>\n<div class=\"modal-body\">\n<div class=\"tabel tabel-full\">\n<div class=\"celula\">\n            Trebuie s\u0103 fii <a href=\"https:\/\/ziaruldevrancea.ro\/account\">autentificat<\/a> pentru a putea aprecia un comentariu.\n          <\/div>\n<\/div>\n<\/div>\n<div class=\"modal-footer\"><a href=\"https:\/\/ziaruldevrancea.ro\/timp-liber\/astazi-despre-focsaneanul-stefan-gh.-longinescu-profesor-de-drept-roman-la-universitatile-din-iasi-si-bucuresti.-a-scris-si-lucrari-de-istoria-dreptului.-a-fost-fratele-savantului-gheorghe-gh.-longinescu\" class=\"btn btn-default\" data-dismiss=\"modal\">Anuleaz\u0103<\/a><\/div>\n<\/div>\n<\/div>\n<\/div>\n<div class=\"bloc-widget widget-rosu\"><span><small>Ziarul de Vrancea doreste ca acest site sa fie un spatiu al discutiilor civilizate, al comentariilor de bun simt. Din acest motiv, cei care posteaza comentarii la articole trebuie sa respecte urmatoarele reguli:<br \/>\n1. Sa se refere doar la articolul la care posteaza comentarii.<br \/>\n2. Sa foloseasca un limbaj civilizat, fara injurii, calomnii, comentarii antisemite, xenofobe sau rasiste.<br \/>\n3. Sunt interzise atacurile la adresa autorilor, daca acestea nu au legatura cu textul.<br \/>\n4. Username-ul sa nu fie nume de personalitati ale vietii publice sau parodieri ale acestora.<br \/>\nAutorul unui articol poate fi criticat pentru eventuale greseli, incoerenta, lipsa de documentare etc.<br \/>\nNerespectarea regulilor mentionate mai sus va duce la stergerea comentariilor, fara avertisment si fara explicatii.<br \/>\nAbaterile repetate vor avea drept consecinta interdictia accesului la aceasta facilitate a site-ului.<\/small><\/span><\/div>\n<\/div>\n<p>[analyse_source url=&#8221;https:\/\/ziaruldevrancea.ro\/timp-liber\/astazi-despre-focsaneanul-stefan-gh.-longinescu-profesor-de-drept-roman-la-universitatile-din-iasi-si-bucuresti.-a-scris-si-lucrari-de-istoria-dreptului.-a-fost-fratele-savantului-gheorghe-gh.-longinescu&#8221;]<\/p>\n","protected":false},"excerpt":{"rendered":"<p>[analyse_image type=&#8221;featured&#8221; src=&#8221;https:\/\/zdvi.cname.ro\/_\/astazi-despre-focsaneanul-stefan-gh.-longinescu-profesor-de-drept-roman-la-universitatile-din-iasi-si-bucuresti.-a-scris-si-lucrari-de-istoria-dreptului.-a-fost-fratele-savantului-gheorghe-gh.-longinescu\/mediaPool\/up6atjl.jpg&#8221;] Timp Liber Ast\u0103zi despre: Foc\u0219\u0103neanul \u0218tefan Gh. Longinescu, profesor de drept roman la universit\u0103\u021bile din Ia\u0219i \u0219i Bucure\u0219ti. A scris \u0219i lucr\u0103ri de istoria dreptului. A fost fratele savantului Gheorghe Gh. Longinescu Distribuie: \u00a0 | Ziarul de Vrancea 2 aug 20264030 vizualiz\u0103ri \u0218tefan Gh. Longinescu (n. 5\/12 octombrie 1865, Foc\u0219ani \u2013 d. [&hellip;]<\/p>\n","protected":false},"author":1,"featured_media":0,"comment_status":"open","ping_status":"","sticky":false,"template":"","format":"standard","meta":{"footnotes":""},"categories":[89],"tags":[226,208],"class_list":["post-2084081","post","type-post","status-publish","format-standard","hentry","category-romania","tag-crawlmanager","tag-ziaruldevrancea-ro"],"_links":{"self":[{"href":"https:\/\/analyse.optim.biz\/index.php?rest_route=\/wp\/v2\/posts\/2084081","targetHints":{"allow":["GET"]}}],"collection":[{"href":"https:\/\/analyse.optim.biz\/index.php?rest_route=\/wp\/v2\/posts"}],"about":[{"href":"https:\/\/analyse.optim.biz\/index.php?rest_route=\/wp\/v2\/types\/post"}],"author":[{"embeddable":true,"href":"https:\/\/analyse.optim.biz\/index.php?rest_route=\/wp\/v2\/users\/1"}],"replies":[{"embeddable":true,"href":"https:\/\/analyse.optim.biz\/index.php?rest_route=%2Fwp%2Fv2%2Fcomments&post=2084081"}],"version-history":[{"count":0,"href":"https:\/\/analyse.optim.biz\/index.php?rest_route=\/wp\/v2\/posts\/2084081\/revisions"}],"wp:attachment":[{"href":"https:\/\/analyse.optim.biz\/index.php?rest_route=%2Fwp%2Fv2%2Fmedia&parent=2084081"}],"wp:term":[{"taxonomy":"category","embeddable":true,"href":"https:\/\/analyse.optim.biz\/index.php?rest_route=%2Fwp%2Fv2%2Fcategories&post=2084081"},{"taxonomy":"post_tag","embeddable":true,"href":"https:\/\/analyse.optim.biz\/index.php?rest_route=%2Fwp%2Fv2%2Ftags&post=2084081"}],"curies":[{"name":"wp","href":"https:\/\/api.w.org\/{rel}","templated":true}]}}